{"id":6058,"date":"2023-07-13T21:40:32","date_gmt":"2023-07-13T19:40:32","guid":{"rendered":"http:\/\/www.frederic-poitou.com\/blog\/?p=6058"},"modified":"2026-04-13T14:20:48","modified_gmt":"2026-04-13T12:20:48","slug":"il-faut-sortir-de-la-zone-euro-quelle-dit","status":"publish","type":"post","link":"https:\/\/www.frederic-poitou.com\/blog\/il-faut-sortir-de-la-zone-euro-quelle-dit\/","title":{"rendered":"IL FAUT SORTIR DE LA ZONE EURO, QU&rsquo;ELLE DIT &#8230;"},"content":{"rendered":"<p>Etant donn\u00e9 que le trait\u00e9 de Lisbonne pr\u00e9voit qu&rsquo;il n&rsquo;est pas possible de sortir de la zone Euro, sans sortir pr\u00e9alablement de l&rsquo;UE, il faut donc pr\u00e9alablement invoquer ce crit\u00e8re.<br \/>\nQuant \u00e0 la zone Euro, elle regroupe 17 Etats sur les 27 de l&rsquo;UE.<br \/>\nLa sortie de la zone Euro, longtemps consid\u00e9r\u00e9e comme tabou, est d\u00e9sormais souvent \u00e9voqu\u00e9e, principalement par les courants souverainistes, aliment\u00e9e par les agences de notations bancaire, principalement Moody&rsquo;s.<br \/>\nLa banque Helv\u00e9tique a tent\u00e9 de chiffrer le co\u00fbt de la sortie de la zone Euro, et le r\u00e9sultat est inqui\u00e9tant. Il se situerait autour de 9500 \u00e0 11500 Euros par habitant la premi\u00e8re ann\u00e9e pour un pays fortement endett\u00e9 (Gr\u00e8ce, Espagne, Italie &#8230;) et un peu moins pour un pays plus solide (de l&rsquo;ordre de 6000 \u00e0 8000 Euros par habitant de la France ou l&rsquo;Allemagne).<br \/>\nAutant dire qu&rsquo;en l&rsquo;\u00e9tat des \u00e9valuations, les cons\u00e9quences seraient bien plus lourdes que la crise de 2008.<br \/>\nA vous de vous faire une opinion &#8230;<br \/>\nMoi j&rsquo;ai la mienne, et elle rejoint celle du Pr\u00e9sident de la R\u00e9publique, et de la Chanceli\u00e8re Allemande. Je vous laisse appr\u00e9cier par ailleurs la position de Mme Le Pen.<br \/>\n&#8212;&#8212;&#8212;&#8212;&#8211;<\/p>\n<p><iframe loading=\"lazy\" frameborder=\"0\" width=\"560\" height=\"315\" src=\"http:\/\/www.dailymotion.com\/embed\/video\/xohx5a\"><\/iframe><br \/><a href=\"http:\/\/www.dailymotion.com\/video\/xohx5a_sortir-de-l-euro-consequences_news\" target=\"_blank\" rel=\"noopener\">Sortir de l&#039;Euro :  cons&eacute;quences &#8230;<\/a> <i>par <a href=\"http:\/\/www.dailymotion.com\/ATTACHEE-PRESSE13\" target=\"_blank\" rel=\"noopener\">ATTACHEE-PRESSE13<\/a><\/i><\/p>\n","protected":false},"excerpt":{"rendered":"<p>Etant donn\u00e9 que le trait\u00e9 de Lisbonne pr\u00e9voit qu&rsquo;il n&rsquo;est pas possible de sortir de la zone Euro, sans sortir pr\u00e9alablement de l&rsquo;UE, il faut donc pr\u00e9alablement invoquer ce crit\u00e8re. Quant \u00e0 la zone Euro, elle regroupe 17 Etats sur &hellip; <a href=\"https:\/\/www.frederic-poitou.com\/blog\/il-faut-sortir-de-la-zone-euro-quelle-dit\/\">Lire la suite\u00ad\u00ad<\/a><\/p>\n","protected":false},"author":4,"featured_media":0,"comment_status":"open","ping_status":"open","sticky":false,"template":"","format":"standard","meta":{"kt_blocks_editor_width":"","_exactmetrics_skip_tracking":false,"_exactmetrics_sitenote_active":false,"_exactmetrics_sitenote_note":"","_exactmetrics_sitenote_category":0,"footnotes":""},"categories":[1],"tags":[27,50,25,24],"class_list":["post-6058","post","type-post","status-publish","format-standard","hentry","category-politique-economie","tag-actualite","tag-politique-economie","tag-parti-radical","tag-politique"],"yoast_head":"<!-- This site is optimized with the Yoast SEO plugin v27.1.1 - https:\/\/yoast.com\/product\/yoast-seo-wordpress\/ -->\n<title>IL FAUT SORTIR DE LA ZONE EURO, QU&#039;ELLE DIT ... -<\/title>\n<meta name=\"robots\" content=\"index, follow, max-snippet:-1, max-image-preview:large, max-video-preview:-1\" \/>\n<link rel=\"canonical\" href=\"https:\/\/www.frederic-poitou.com\/blog\/il-faut-sortir-de-la-zone-euro-quelle-dit\/\" \/>\n<meta property=\"og:locale\" content=\"fr_FR\" \/>\n<meta property=\"og:type\" content=\"article\" \/>\n<meta property=\"og:title\" content=\"IL FAUT SORTIR DE LA ZONE EURO, QU&#039;ELLE DIT ... -\" \/>\n<meta property=\"og:description\" content=\"Etant donn\u00e9 que le trait\u00e9 de Lisbonne pr\u00e9voit qu&rsquo;il n&rsquo;est pas possible de sortir de la zone Euro, sans sortir pr\u00e9alablement de l&rsquo;UE, il faut donc pr\u00e9alablement invoquer ce crit\u00e8re. Quant \u00e0 la zone Euro, elle regroupe 17 Etats sur &hellip; Lire la suite\u00ad\u00ad\" \/>\n<meta property=\"og:url\" content=\"https:\/\/www.frederic-poitou.com\/blog\/il-faut-sortir-de-la-zone-euro-quelle-dit\/\" \/>\n<meta property=\"article:publisher\" content=\"https:\/\/www.facebook.com\/frederic.poitou\/\" \/>\n<meta property=\"article:published_time\" content=\"2023-07-13T19:40:32+00:00\" \/>\n<meta property=\"article:modified_time\" content=\"2026-04-13T12:20:48+00:00\" \/>\n<meta name=\"author\" content=\"Fr\u00e9d\u00e9ric Poitou\" \/>\n<meta name=\"twitter:card\" content=\"summary_large_image\" \/>\n<meta name=\"twitter:creator\" content=\"@fredericpoitou\" \/>\n<meta name=\"twitter:site\" content=\"@fredericpoitou\" \/>\n<meta name=\"twitter:label1\" content=\"\u00c9crit par\" \/>\n\t<meta name=\"twitter:data1\" content=\"Fr\u00e9d\u00e9ric Poitou\" \/>\n\t<meta name=\"twitter:label2\" content=\"Dur\u00e9e de lecture estim\u00e9e\" \/>\n\t<meta name=\"twitter:data2\" content=\"1 minute\" \/>\n<script type=\"application\/ld+json\" class=\"yoast-schema-graph\">{\"@context\":\"https:\/\/schema.org\",\"@graph\":[{\"@type\":\"Article\",\"@id\":\"https:\/\/www.frederic-poitou.com\/blog\/il-faut-sortir-de-la-zone-euro-quelle-dit\/#article\",\"isPartOf\":{\"@id\":\"https:\/\/www.frederic-poitou.com\/blog\/il-faut-sortir-de-la-zone-euro-quelle-dit\/\"},\"author\":{\"name\":\"Fr\u00e9d\u00e9ric Poitou\",\"@id\":\"http:\/\/www.frederic-poitou.com\/blog\/#\/schema\/person\/e2c2d05e978747818533fdce859a7799\"},\"headline\":\"IL FAUT SORTIR DE LA ZONE EURO, QU&rsquo;ELLE DIT &#8230;\",\"datePublished\":\"2023-07-13T19:40:32+00:00\",\"dateModified\":\"2026-04-13T12:20:48+00:00\",\"mainEntityOfPage\":{\"@id\":\"https:\/\/www.frederic-poitou.com\/blog\/il-faut-sortir-de-la-zone-euro-quelle-dit\/\"},\"wordCount\":233,\"commentCount\":0,\"keywords\":[\"Actualit\u00e9\",\"Divers\",\"PARTI RADICAL\",\"Politique\"],\"articleSection\":[\"Divers\"],\"inLanguage\":\"fr-FR\",\"potentialAction\":[{\"@type\":\"CommentAction\",\"name\":\"Comment\",\"target\":[\"https:\/\/www.frederic-poitou.com\/blog\/il-faut-sortir-de-la-zone-euro-quelle-dit\/#respond\"]}]},{\"@type\":\"WebPage\",\"@id\":\"https:\/\/www.frederic-poitou.com\/blog\/il-faut-sortir-de-la-zone-euro-quelle-dit\/\",\"url\":\"https:\/\/www.frederic-poitou.com\/blog\/il-faut-sortir-de-la-zone-euro-quelle-dit\/\",\"name\":\"IL FAUT SORTIR DE LA ZONE EURO, QU'ELLE DIT ... -\",\"isPartOf\":{\"@id\":\"http:\/\/www.frederic-poitou.com\/blog\/#website\"},\"datePublished\":\"2023-07-13T19:40:32+00:00\",\"dateModified\":\"2026-04-13T12:20:48+00:00\",\"author\":{\"@id\":\"http:\/\/www.frederic-poitou.com\/blog\/#\/schema\/person\/e2c2d05e978747818533fdce859a7799\"},\"breadcrumb\":{\"@id\":\"https:\/\/www.frederic-poitou.com\/blog\/il-faut-sortir-de-la-zone-euro-quelle-dit\/#breadcrumb\"},\"inLanguage\":\"fr-FR\",\"potentialAction\":[{\"@type\":\"ReadAction\",\"target\":[\"https:\/\/www.frederic-poitou.com\/blog\/il-faut-sortir-de-la-zone-euro-quelle-dit\/\"]}]},{\"@type\":\"BreadcrumbList\",\"@id\":\"https:\/\/www.frederic-poitou.com\/blog\/il-faut-sortir-de-la-zone-euro-quelle-dit\/#breadcrumb\",\"itemListElement\":[{\"@type\":\"ListItem\",\"position\":1,\"name\":\"Accueil\",\"item\":\"http:\/\/www.frederic-poitou.com\/blog\/\"},{\"@type\":\"ListItem\",\"position\":2,\"name\":\"IL FAUT SORTIR DE LA ZONE EURO, QU&rsquo;ELLE DIT &#8230;\"}]},{\"@type\":\"WebSite\",\"@id\":\"http:\/\/www.frederic-poitou.com\/blog\/#website\",\"url\":\"http:\/\/www.frederic-poitou.com\/blog\/\",\"name\":\"\",\"description\":\"\",\"potentialAction\":[{\"@type\":\"SearchAction\",\"target\":{\"@type\":\"EntryPoint\",\"urlTemplate\":\"http:\/\/www.frederic-poitou.com\/blog\/?s={search_term_string}\"},\"query-input\":{\"@type\":\"PropertyValueSpecification\",\"valueRequired\":true,\"valueName\":\"search_term_string\"}}],\"inLanguage\":\"fr-FR\"},{\"@type\":\"Person\",\"@id\":\"http:\/\/www.frederic-poitou.com\/blog\/#\/schema\/person\/e2c2d05e978747818533fdce859a7799\",\"name\":\"Fr\u00e9d\u00e9ric Poitou\",\"image\":{\"@type\":\"ImageObject\",\"inLanguage\":\"fr-FR\",\"@id\":\"http:\/\/www.frederic-poitou.com\/blog\/#\/schema\/person\/image\/\",\"url\":\"https:\/\/secure.gravatar.com\/avatar\/1933bcca279a2feafd35d9e0a080c521e11beb51115fe4cfe02e2586ac13424a?s=96&d=mm&r=g\",\"contentUrl\":\"https:\/\/secure.gravatar.com\/avatar\/1933bcca279a2feafd35d9e0a080c521e11beb51115fe4cfe02e2586ac13424a?s=96&d=mm&r=g\",\"caption\":\"Fr\u00e9d\u00e9ric Poitou\"},\"description\":\"Fr\u00e9d\u00e9ric Poitou est n\u00e9 \u00e0 Rouen, et y a fait des \u00e9tudes au Conservatoire en musique-\u00e9tudes en section piano. Il s'est ensuite orient\u00e9 vers des \u00e9tudes scientifiques o\u00f9 il a obtenu un dipl\u00f4me d'ing\u00e9nieur, puis un doctorat en Chimie. Il est Expert Judiciaire en France, en Belgique et \u00e0 Luxembourg, et agr\u00e9e par les Institutions Europ\u00e9ennes.\",\"sameAs\":[\"http:\/\/www.frederic-poitou.com\",\"https:\/\/www.linkedin.com\/in\/frederic-poitou-b045a025\/\"]}]}<\/script>\n<!-- \/ Yoast SEO plugin. -->","yoast_head_json":{"title":"IL FAUT SORTIR DE LA ZONE EURO, QU'ELLE DIT ... -","robots":{"index":"index","follow":"follow","max-snippet":"max-snippet:-1","max-image-preview":"max-image-preview:large","max-video-preview":"max-video-preview:-1"},"canonical":"https:\/\/www.frederic-poitou.com\/blog\/il-faut-sortir-de-la-zone-euro-quelle-dit\/","og_locale":"fr_FR","og_type":"article","og_title":"IL FAUT SORTIR DE LA ZONE EURO, QU'ELLE DIT ... -","og_description":"Etant donn\u00e9 que le trait\u00e9 de Lisbonne pr\u00e9voit qu&rsquo;il n&rsquo;est pas possible de sortir de la zone Euro, sans sortir pr\u00e9alablement de l&rsquo;UE, il faut donc pr\u00e9alablement invoquer ce crit\u00e8re. Quant \u00e0 la zone Euro, elle regroupe 17 Etats sur &hellip; Lire la suite\u00ad\u00ad","og_url":"https:\/\/www.frederic-poitou.com\/blog\/il-faut-sortir-de-la-zone-euro-quelle-dit\/","article_publisher":"https:\/\/www.facebook.com\/frederic.poitou\/","article_published_time":"2023-07-13T19:40:32+00:00","article_modified_time":"2026-04-13T12:20:48+00:00","author":"Fr\u00e9d\u00e9ric Poitou","twitter_card":"summary_large_image","twitter_creator":"@fredericpoitou","twitter_site":"@fredericpoitou","twitter_misc":{"\u00c9crit par":"Fr\u00e9d\u00e9ric Poitou","Dur\u00e9e de lecture estim\u00e9e":"1 minute"},"schema":{"@context":"https:\/\/schema.org","@graph":[{"@type":"Article","@id":"https:\/\/www.frederic-poitou.com\/blog\/il-faut-sortir-de-la-zone-euro-quelle-dit\/#article","isPartOf":{"@id":"https:\/\/www.frederic-poitou.com\/blog\/il-faut-sortir-de-la-zone-euro-quelle-dit\/"},"author":{"name":"Fr\u00e9d\u00e9ric Poitou","@id":"http:\/\/www.frederic-poitou.com\/blog\/#\/schema\/person\/e2c2d05e978747818533fdce859a7799"},"headline":"IL FAUT SORTIR DE LA ZONE EURO, QU&rsquo;ELLE DIT &#8230;","datePublished":"2023-07-13T19:40:32+00:00","dateModified":"2026-04-13T12:20:48+00:00","mainEntityOfPage":{"@id":"https:\/\/www.frederic-poitou.com\/blog\/il-faut-sortir-de-la-zone-euro-quelle-dit\/"},"wordCount":233,"commentCount":0,"keywords":["Actualit\u00e9","Divers","PARTI RADICAL","Politique"],"articleSection":["Divers"],"inLanguage":"fr-FR","potentialAction":[{"@type":"CommentAction","name":"Comment","target":["https:\/\/www.frederic-poitou.com\/blog\/il-faut-sortir-de-la-zone-euro-quelle-dit\/#respond"]}]},{"@type":"WebPage","@id":"https:\/\/www.frederic-poitou.com\/blog\/il-faut-sortir-de-la-zone-euro-quelle-dit\/","url":"https:\/\/www.frederic-poitou.com\/blog\/il-faut-sortir-de-la-zone-euro-quelle-dit\/","name":"IL FAUT SORTIR DE LA ZONE EURO, QU'ELLE DIT ... -","isPartOf":{"@id":"http:\/\/www.frederic-poitou.com\/blog\/#website"},"datePublished":"2023-07-13T19:40:32+00:00","dateModified":"2026-04-13T12:20:48+00:00","author":{"@id":"http:\/\/www.frederic-poitou.com\/blog\/#\/schema\/person\/e2c2d05e978747818533fdce859a7799"},"breadcrumb":{"@id":"https:\/\/www.frederic-poitou.com\/blog\/il-faut-sortir-de-la-zone-euro-quelle-dit\/#breadcrumb"},"inLanguage":"fr-FR","potentialAction":[{"@type":"ReadAction","target":["https:\/\/www.frederic-poitou.com\/blog\/il-faut-sortir-de-la-zone-euro-quelle-dit\/"]}]},{"@type":"BreadcrumbList","@id":"https:\/\/www.frederic-poitou.com\/blog\/il-faut-sortir-de-la-zone-euro-quelle-dit\/#breadcrumb","itemListElement":[{"@type":"ListItem","position":1,"name":"Accueil","item":"http:\/\/www.frederic-poitou.com\/blog\/"},{"@type":"ListItem","position":2,"name":"IL FAUT SORTIR DE LA ZONE EURO, QU&rsquo;ELLE DIT &#8230;"}]},{"@type":"WebSite","@id":"http:\/\/www.frederic-poitou.com\/blog\/#website","url":"http:\/\/www.frederic-poitou.com\/blog\/","name":"","description":"","potentialAction":[{"@type":"SearchAction","target":{"@type":"EntryPoint","urlTemplate":"http:\/\/www.frederic-poitou.com\/blog\/?s={search_term_string}"},"query-input":{"@type":"PropertyValueSpecification","valueRequired":true,"valueName":"search_term_string"}}],"inLanguage":"fr-FR"},{"@type":"Person","@id":"http:\/\/www.frederic-poitou.com\/blog\/#\/schema\/person\/e2c2d05e978747818533fdce859a7799","name":"Fr\u00e9d\u00e9ric Poitou","image":{"@type":"ImageObject","inLanguage":"fr-FR","@id":"http:\/\/www.frederic-poitou.com\/blog\/#\/schema\/person\/image\/","url":"https:\/\/secure.gravatar.com\/avatar\/1933bcca279a2feafd35d9e0a080c521e11beb51115fe4cfe02e2586ac13424a?s=96&d=mm&r=g","contentUrl":"https:\/\/secure.gravatar.com\/avatar\/1933bcca279a2feafd35d9e0a080c521e11beb51115fe4cfe02e2586ac13424a?s=96&d=mm&r=g","caption":"Fr\u00e9d\u00e9ric Poitou"},"description":"Fr\u00e9d\u00e9ric Poitou est n\u00e9 \u00e0 Rouen, et y a fait des \u00e9tudes au Conservatoire en musique-\u00e9tudes en section piano. Il s'est ensuite orient\u00e9 vers des \u00e9tudes scientifiques o\u00f9 il a obtenu un dipl\u00f4me d'ing\u00e9nieur, puis un doctorat en Chimie. Il est Expert Judiciaire en France, en Belgique et \u00e0 Luxembourg, et agr\u00e9e par les Institutions Europ\u00e9ennes.","sameAs":["http:\/\/www.frederic-poitou.com","https:\/\/www.linkedin.com\/in\/frederic-poitou-b045a025\/"]}]}},"_links":{"self":[{"href":"https:\/\/www.frederic-poitou.com\/blog\/wp-json\/wp\/v2\/posts\/6058","targetHints":{"allow":["GET"]}}],"collection":[{"href":"https:\/\/www.frederic-poitou.com\/blog\/wp-json\/wp\/v2\/posts"}],"about":[{"href":"https:\/\/www.frederic-poitou.com\/blog\/wp-json\/wp\/v2\/types\/post"}],"author":[{"embeddable":true,"href":"https:\/\/www.frederic-poitou.com\/blog\/wp-json\/wp\/v2\/users\/4"}],"replies":[{"embeddable":true,"href":"https:\/\/www.frederic-poitou.com\/blog\/wp-json\/wp\/v2\/comments?post=6058"}],"version-history":[{"count":1,"href":"https:\/\/www.frederic-poitou.com\/blog\/wp-json\/wp\/v2\/posts\/6058\/revisions"}],"predecessor-version":[{"id":10267,"href":"https:\/\/www.frederic-poitou.com\/blog\/wp-json\/wp\/v2\/posts\/6058\/revisions\/10267"}],"wp:attachment":[{"href":"https:\/\/www.frederic-poitou.com\/blog\/wp-json\/wp\/v2\/media?parent=6058"}],"wp:term":[{"taxonomy":"category","embeddable":true,"href":"https:\/\/www.frederic-poitou.com\/blog\/wp-json\/wp\/v2\/categories?post=6058"},{"taxonomy":"post_tag","embeddable":true,"href":"https:\/\/www.frederic-poitou.com\/blog\/wp-json\/wp\/v2\/tags?post=6058"}],"curies":[{"name":"wp","href":"https:\/\/api.w.org\/{rel}","templated":true}]}}