{"id":6037,"date":"2023-07-14T03:18:32","date_gmt":"2023-07-14T01:18:32","guid":{"rendered":"http:\/\/www.frederic-poitou.com\/blog\/?p=6037"},"modified":"2026-04-15T16:31:57","modified_gmt":"2026-04-15T14:31:57","slug":"une-premiere-un-belge-en-equipe-de-france-de-rugby","status":"publish","type":"post","link":"https:\/\/www.frederic-poitou.com\/blog\/une-premiere-un-belge-en-equipe-de-france-de-rugby\/","title":{"rendered":"UNE PREMIERE : UN BELGE EN EQUIPE DE FRANCE DE RUGBY !"},"content":{"rendered":"<p><em>\u00ab\u00a0T&rsquo;en veux tu Belge ? tu vas en prendre un, et un gros dans le buffet &#8230; !\u00a0\u00bb (Michel Audiard)<\/em><\/p>\n<p><img loading=\"lazy\" decoding=\"async\" class=\"alignleft size-full wp-image-6038\" style=\"margin: 10px; border: 10px solid black;\" title=\"396px-Vincent_Debaty_03\" src=\"http:\/\/www.frederic-poitou.com\/blog\/wp-content\/396px-Vincent_Debaty_03.jpg\" alt=\"396px-Vincent_Debaty_03\" width=\"277\" height=\"419\" srcset=\"https:\/\/www.frederic-poitou.com\/blog\/wp-content\/396px-Vincent_Debaty_03.jpg 396w, https:\/\/www.frederic-poitou.com\/blog\/wp-content\/396px-Vincent_Debaty_03-198x300.jpg 198w\" sizes=\"auto, (max-width: 277px) 100vw, 277px\" \/><\/p>\n<p>Face \u00e0 l&rsquo;Italie, l&rsquo;\u00e9quipe de France de Philippe Saint Andr\u00e9 le s\u00e9lectionneur, est compos\u00e9e pour sa majorit\u00e9 de joueurs ayant particip\u00e9 \u00e0 la coupe du monde de rugby, avec l&rsquo;excellent r\u00e9sultat que l&rsquo;on sait.<\/p>\n<p>Deux nouvelles toutefois. L&rsquo;int\u00e9gration de deux clermontois, l&rsquo;excellent centre Wesley Fofana qui devrait faire beaucoup de d\u00e9g\u00e2ts aux deux centres italiens, et un Belge : Vincent Debaty.<br \/>\nVincent Debaty est n\u00e9 \u00a0en 1981 \u00e0 Woluwe-Saint Lambert, l&rsquo;une des communes de Bruxelles. Il est Belge, naturalis\u00e9 Fran\u00e7ais, et occupe le poste de pilier \u00e0 l&rsquo;ASM. Son surnom est \u00e9videmment \u00ab\u00a0le Belge\u00a0\u00bb, et l&rsquo;on dit de lui qu&rsquo;il a des capacit\u00e9s physiques \u00ab\u00a0surnaturelles\u00a0\u00bb. Il faut dire qu&rsquo;avec 1 m\u00e8tre nonante et un, pour 127kg, il a de quoi imposer le respect ! Malgr\u00e9 son gabarit et son poste, il a tout de m\u00eame marqu\u00e9 7 essais au long de sa carri\u00e8re en France.<\/p>\n<p>Meffi amis Italiens &#8230; c&rsquo;est du Belge qui fait mal en premi\u00e8re ligne !<\/p>\n<p><span style=\"color: #ffffff;\">&#8212;&#8212;&#8212;-<\/span><\/p>\n<p><span style=\"color: #ffffff;\">&#8212;&#8212;&#8212;-<\/span><\/p>\n<p><span style=\"color: #ffffff;\">&#8212;&#8212;&#8212;-<\/span><\/p>\n<p><span style=\"color: #ffffff;\">&#8212;&#8212;&#8212;-<\/span><\/p>\n<p style=\"text-align: center;\"><span style=\"color: #ffffff;\"><img loading=\"lazy\" decoding=\"async\" class=\"size-full wp-image-6039 aligncenter\" title=\"505px-Vincent_Debaty\" src=\"http:\/\/www.frederic-poitou.com\/blog\/wp-content\/505px-Vincent_Debaty.JPG\" alt=\"505px-Vincent_Debaty\" width=\"505\" height=\"599\" srcset=\"https:\/\/www.frederic-poitou.com\/blog\/wp-content\/505px-Vincent_Debaty.JPG 505w, https:\/\/www.frederic-poitou.com\/blog\/wp-content\/505px-Vincent_Debaty-252x300.jpg 252w\" sizes=\"auto, (max-width: 505px) 100vw, 505px\" \/><\/span><\/p>\n","protected":false},"excerpt":{"rendered":"<p>\u00ab\u00a0T&rsquo;en veux tu Belge ? tu vas en prendre un, et un gros dans le buffet &#8230; !\u00a0\u00bb (Michel Audiard) Face \u00e0 l&rsquo;Italie, l&rsquo;\u00e9quipe de France de Philippe Saint Andr\u00e9 le s\u00e9lectionneur, est compos\u00e9e pour sa majorit\u00e9 de joueurs ayant &hellip; <a href=\"https:\/\/www.frederic-poitou.com\/blog\/une-premiere-un-belge-en-equipe-de-france-de-rugby\/\">Lire la suite\u00ad\u00ad<\/a><\/p>\n","protected":false},"author":4,"featured_media":0,"comment_status":"open","ping_status":"open","sticky":false,"template":"","format":"standard","meta":{"kt_blocks_editor_width":"","_exactmetrics_skip_tracking":false,"_exactmetrics_sitenote_active":false,"_exactmetrics_sitenote_note":"","_exactmetrics_sitenote_category":0,"footnotes":""},"categories":[1],"tags":[27,50,36,28],"class_list":["post-6037","post","type-post","status-publish","format-standard","hentry","category-politique-economie","tag-actualite","tag-politique-economie","tag-pays-daix-rugby-club","tag-wallonie"],"yoast_head":"<!-- This site is optimized with the Yoast SEO plugin v27.1.1 - https:\/\/yoast.com\/product\/yoast-seo-wordpress\/ -->\n<title>UNE PREMIERE : UN BELGE EN EQUIPE DE FRANCE DE RUGBY ! -<\/title>\n<meta name=\"robots\" content=\"index, follow, max-snippet:-1, max-image-preview:large, max-video-preview:-1\" \/>\n<link rel=\"canonical\" href=\"https:\/\/www.frederic-poitou.com\/blog\/une-premiere-un-belge-en-equipe-de-france-de-rugby\/\" \/>\n<meta property=\"og:locale\" content=\"fr_FR\" \/>\n<meta property=\"og:type\" content=\"article\" \/>\n<meta property=\"og:title\" content=\"UNE PREMIERE : UN BELGE EN EQUIPE DE FRANCE DE RUGBY ! -\" \/>\n<meta property=\"og:description\" content=\"\u00ab\u00a0T&rsquo;en veux tu Belge ? tu vas en prendre un, et un gros dans le buffet &#8230; !\u00a0\u00bb (Michel Audiard) Face \u00e0 l&rsquo;Italie, l&rsquo;\u00e9quipe de France de Philippe Saint Andr\u00e9 le s\u00e9lectionneur, est compos\u00e9e pour sa majorit\u00e9 de joueurs ayant &hellip; Lire la suite\u00ad\u00ad\" \/>\n<meta property=\"og:url\" content=\"https:\/\/www.frederic-poitou.com\/blog\/une-premiere-un-belge-en-equipe-de-france-de-rugby\/\" \/>\n<meta property=\"article:publisher\" content=\"https:\/\/www.facebook.com\/frederic.poitou\/\" \/>\n<meta property=\"article:published_time\" content=\"2023-07-14T01:18:32+00:00\" \/>\n<meta property=\"article:modified_time\" content=\"2026-04-15T14:31:57+00:00\" \/>\n<meta property=\"og:image\" content=\"http:\/\/www.frederic-poitou.com\/blog\/wp-content\/396px-Vincent_Debaty_03.jpg\" \/>\n<meta name=\"author\" content=\"Fr\u00e9d\u00e9ric Poitou\" \/>\n<meta name=\"twitter:card\" content=\"summary_large_image\" \/>\n<meta name=\"twitter:creator\" content=\"@fredericpoitou\" \/>\n<meta name=\"twitter:site\" content=\"@fredericpoitou\" \/>\n<meta name=\"twitter:label1\" content=\"\u00c9crit par\" \/>\n\t<meta name=\"twitter:data1\" content=\"Fr\u00e9d\u00e9ric Poitou\" \/>\n\t<meta name=\"twitter:label2\" content=\"Dur\u00e9e de lecture estim\u00e9e\" \/>\n\t<meta name=\"twitter:data2\" content=\"1 minute\" \/>\n<script type=\"application\/ld+json\" class=\"yoast-schema-graph\">{\"@context\":\"https:\/\/schema.org\",\"@graph\":[{\"@type\":\"Article\",\"@id\":\"https:\/\/www.frederic-poitou.com\/blog\/une-premiere-un-belge-en-equipe-de-france-de-rugby\/#article\",\"isPartOf\":{\"@id\":\"https:\/\/www.frederic-poitou.com\/blog\/une-premiere-un-belge-en-equipe-de-france-de-rugby\/\"},\"author\":{\"name\":\"Fr\u00e9d\u00e9ric Poitou\",\"@id\":\"http:\/\/www.frederic-poitou.com\/blog\/#\/schema\/person\/e2c2d05e978747818533fdce859a7799\"},\"headline\":\"UNE PREMIERE : UN BELGE EN EQUIPE DE FRANCE DE RUGBY !\",\"datePublished\":\"2023-07-14T01:18:32+00:00\",\"dateModified\":\"2026-04-15T14:31:57+00:00\",\"mainEntityOfPage\":{\"@id\":\"https:\/\/www.frederic-poitou.com\/blog\/une-premiere-un-belge-en-equipe-de-france-de-rugby\/\"},\"wordCount\":204,\"commentCount\":0,\"image\":{\"@id\":\"https:\/\/www.frederic-poitou.com\/blog\/une-premiere-un-belge-en-equipe-de-france-de-rugby\/#primaryimage\"},\"thumbnailUrl\":\"http:\/\/www.frederic-poitou.com\/blog\/wp-content\/396px-Vincent_Debaty_03.jpg\",\"keywords\":[\"Actualit\u00e9\",\"Divers\",\"RUGBY A AIX EN PCE\",\"WALLONIE\"],\"articleSection\":[\"Divers\"],\"inLanguage\":\"fr-FR\",\"potentialAction\":[{\"@type\":\"CommentAction\",\"name\":\"Comment\",\"target\":[\"https:\/\/www.frederic-poitou.com\/blog\/une-premiere-un-belge-en-equipe-de-france-de-rugby\/#respond\"]}]},{\"@type\":\"WebPage\",\"@id\":\"https:\/\/www.frederic-poitou.com\/blog\/une-premiere-un-belge-en-equipe-de-france-de-rugby\/\",\"url\":\"https:\/\/www.frederic-poitou.com\/blog\/une-premiere-un-belge-en-equipe-de-france-de-rugby\/\",\"name\":\"UNE PREMIERE : UN BELGE EN EQUIPE DE FRANCE DE RUGBY ! -\",\"isPartOf\":{\"@id\":\"http:\/\/www.frederic-poitou.com\/blog\/#website\"},\"primaryImageOfPage\":{\"@id\":\"https:\/\/www.frederic-poitou.com\/blog\/une-premiere-un-belge-en-equipe-de-france-de-rugby\/#primaryimage\"},\"image\":{\"@id\":\"https:\/\/www.frederic-poitou.com\/blog\/une-premiere-un-belge-en-equipe-de-france-de-rugby\/#primaryimage\"},\"thumbnailUrl\":\"http:\/\/www.frederic-poitou.com\/blog\/wp-content\/396px-Vincent_Debaty_03.jpg\",\"datePublished\":\"2023-07-14T01:18:32+00:00\",\"dateModified\":\"2026-04-15T14:31:57+00:00\",\"author\":{\"@id\":\"http:\/\/www.frederic-poitou.com\/blog\/#\/schema\/person\/e2c2d05e978747818533fdce859a7799\"},\"breadcrumb\":{\"@id\":\"https:\/\/www.frederic-poitou.com\/blog\/une-premiere-un-belge-en-equipe-de-france-de-rugby\/#breadcrumb\"},\"inLanguage\":\"fr-FR\",\"potentialAction\":[{\"@type\":\"ReadAction\",\"target\":[\"https:\/\/www.frederic-poitou.com\/blog\/une-premiere-un-belge-en-equipe-de-france-de-rugby\/\"]}]},{\"@type\":\"ImageObject\",\"inLanguage\":\"fr-FR\",\"@id\":\"https:\/\/www.frederic-poitou.com\/blog\/une-premiere-un-belge-en-equipe-de-france-de-rugby\/#primaryimage\",\"url\":\"https:\/\/www.frederic-poitou.com\/blog\/wp-content\/396px-Vincent_Debaty_03.jpg\",\"contentUrl\":\"https:\/\/www.frederic-poitou.com\/blog\/wp-content\/396px-Vincent_Debaty_03.jpg\",\"width\":\"396\",\"height\":\"599\"},{\"@type\":\"BreadcrumbList\",\"@id\":\"https:\/\/www.frederic-poitou.com\/blog\/une-premiere-un-belge-en-equipe-de-france-de-rugby\/#breadcrumb\",\"itemListElement\":[{\"@type\":\"ListItem\",\"position\":1,\"name\":\"Accueil\",\"item\":\"http:\/\/www.frederic-poitou.com\/blog\/\"},{\"@type\":\"ListItem\",\"position\":2,\"name\":\"UNE PREMIERE : UN BELGE EN EQUIPE DE FRANCE DE RUGBY !\"}]},{\"@type\":\"WebSite\",\"@id\":\"http:\/\/www.frederic-poitou.com\/blog\/#website\",\"url\":\"http:\/\/www.frederic-poitou.com\/blog\/\",\"name\":\"\",\"description\":\"\",\"potentialAction\":[{\"@type\":\"SearchAction\",\"target\":{\"@type\":\"EntryPoint\",\"urlTemplate\":\"http:\/\/www.frederic-poitou.com\/blog\/?s={search_term_string}\"},\"query-input\":{\"@type\":\"PropertyValueSpecification\",\"valueRequired\":true,\"valueName\":\"search_term_string\"}}],\"inLanguage\":\"fr-FR\"},{\"@type\":\"Person\",\"@id\":\"http:\/\/www.frederic-poitou.com\/blog\/#\/schema\/person\/e2c2d05e978747818533fdce859a7799\",\"name\":\"Fr\u00e9d\u00e9ric Poitou\",\"image\":{\"@type\":\"ImageObject\",\"inLanguage\":\"fr-FR\",\"@id\":\"http:\/\/www.frederic-poitou.com\/blog\/#\/schema\/person\/image\/\",\"url\":\"https:\/\/secure.gravatar.com\/avatar\/1933bcca279a2feafd35d9e0a080c521e11beb51115fe4cfe02e2586ac13424a?s=96&d=mm&r=g\",\"contentUrl\":\"https:\/\/secure.gravatar.com\/avatar\/1933bcca279a2feafd35d9e0a080c521e11beb51115fe4cfe02e2586ac13424a?s=96&d=mm&r=g\",\"caption\":\"Fr\u00e9d\u00e9ric Poitou\"},\"description\":\"Fr\u00e9d\u00e9ric Poitou est n\u00e9 \u00e0 Rouen, et y a fait des \u00e9tudes au Conservatoire en musique-\u00e9tudes en section piano. Il s'est ensuite orient\u00e9 vers des \u00e9tudes scientifiques o\u00f9 il a obtenu un dipl\u00f4me d'ing\u00e9nieur, puis un doctorat en Chimie. Il est Expert Judiciaire en France, en Belgique et \u00e0 Luxembourg, et agr\u00e9e par les Institutions Europ\u00e9ennes.\",\"sameAs\":[\"http:\/\/www.frederic-poitou.com\",\"https:\/\/www.linkedin.com\/in\/frederic-poitou-b045a025\/\"]}]}<\/script>\n<!-- \/ Yoast SEO plugin. -->","yoast_head_json":{"title":"UNE PREMIERE : UN BELGE EN EQUIPE DE FRANCE DE RUGBY ! -","robots":{"index":"index","follow":"follow","max-snippet":"max-snippet:-1","max-image-preview":"max-image-preview:large","max-video-preview":"max-video-preview:-1"},"canonical":"https:\/\/www.frederic-poitou.com\/blog\/une-premiere-un-belge-en-equipe-de-france-de-rugby\/","og_locale":"fr_FR","og_type":"article","og_title":"UNE PREMIERE : UN BELGE EN EQUIPE DE FRANCE DE RUGBY ! -","og_description":"\u00ab\u00a0T&rsquo;en veux tu Belge ? tu vas en prendre un, et un gros dans le buffet &#8230; !\u00a0\u00bb (Michel Audiard) Face \u00e0 l&rsquo;Italie, l&rsquo;\u00e9quipe de France de Philippe Saint Andr\u00e9 le s\u00e9lectionneur, est compos\u00e9e pour sa majorit\u00e9 de joueurs ayant &hellip; Lire la suite\u00ad\u00ad","og_url":"https:\/\/www.frederic-poitou.com\/blog\/une-premiere-un-belge-en-equipe-de-france-de-rugby\/","article_publisher":"https:\/\/www.facebook.com\/frederic.poitou\/","article_published_time":"2023-07-14T01:18:32+00:00","article_modified_time":"2026-04-15T14:31:57+00:00","og_image":[{"url":"http:\/\/www.frederic-poitou.com\/blog\/wp-content\/396px-Vincent_Debaty_03.jpg","type":"","width":"","height":""}],"author":"Fr\u00e9d\u00e9ric Poitou","twitter_card":"summary_large_image","twitter_creator":"@fredericpoitou","twitter_site":"@fredericpoitou","twitter_misc":{"\u00c9crit par":"Fr\u00e9d\u00e9ric Poitou","Dur\u00e9e de lecture estim\u00e9e":"1 minute"},"schema":{"@context":"https:\/\/schema.org","@graph":[{"@type":"Article","@id":"https:\/\/www.frederic-poitou.com\/blog\/une-premiere-un-belge-en-equipe-de-france-de-rugby\/#article","isPartOf":{"@id":"https:\/\/www.frederic-poitou.com\/blog\/une-premiere-un-belge-en-equipe-de-france-de-rugby\/"},"author":{"name":"Fr\u00e9d\u00e9ric Poitou","@id":"http:\/\/www.frederic-poitou.com\/blog\/#\/schema\/person\/e2c2d05e978747818533fdce859a7799"},"headline":"UNE PREMIERE : UN BELGE EN EQUIPE DE FRANCE DE RUGBY !","datePublished":"2023-07-14T01:18:32+00:00","dateModified":"2026-04-15T14:31:57+00:00","mainEntityOfPage":{"@id":"https:\/\/www.frederic-poitou.com\/blog\/une-premiere-un-belge-en-equipe-de-france-de-rugby\/"},"wordCount":204,"commentCount":0,"image":{"@id":"https:\/\/www.frederic-poitou.com\/blog\/une-premiere-un-belge-en-equipe-de-france-de-rugby\/#primaryimage"},"thumbnailUrl":"http:\/\/www.frederic-poitou.com\/blog\/wp-content\/396px-Vincent_Debaty_03.jpg","keywords":["Actualit\u00e9","Divers","RUGBY A AIX EN PCE","WALLONIE"],"articleSection":["Divers"],"inLanguage":"fr-FR","potentialAction":[{"@type":"CommentAction","name":"Comment","target":["https:\/\/www.frederic-poitou.com\/blog\/une-premiere-un-belge-en-equipe-de-france-de-rugby\/#respond"]}]},{"@type":"WebPage","@id":"https:\/\/www.frederic-poitou.com\/blog\/une-premiere-un-belge-en-equipe-de-france-de-rugby\/","url":"https:\/\/www.frederic-poitou.com\/blog\/une-premiere-un-belge-en-equipe-de-france-de-rugby\/","name":"UNE PREMIERE : UN BELGE EN EQUIPE DE FRANCE DE RUGBY ! -","isPartOf":{"@id":"http:\/\/www.frederic-poitou.com\/blog\/#website"},"primaryImageOfPage":{"@id":"https:\/\/www.frederic-poitou.com\/blog\/une-premiere-un-belge-en-equipe-de-france-de-rugby\/#primaryimage"},"image":{"@id":"https:\/\/www.frederic-poitou.com\/blog\/une-premiere-un-belge-en-equipe-de-france-de-rugby\/#primaryimage"},"thumbnailUrl":"http:\/\/www.frederic-poitou.com\/blog\/wp-content\/396px-Vincent_Debaty_03.jpg","datePublished":"2023-07-14T01:18:32+00:00","dateModified":"2026-04-15T14:31:57+00:00","author":{"@id":"http:\/\/www.frederic-poitou.com\/blog\/#\/schema\/person\/e2c2d05e978747818533fdce859a7799"},"breadcrumb":{"@id":"https:\/\/www.frederic-poitou.com\/blog\/une-premiere-un-belge-en-equipe-de-france-de-rugby\/#breadcrumb"},"inLanguage":"fr-FR","potentialAction":[{"@type":"ReadAction","target":["https:\/\/www.frederic-poitou.com\/blog\/une-premiere-un-belge-en-equipe-de-france-de-rugby\/"]}]},{"@type":"ImageObject","inLanguage":"fr-FR","@id":"https:\/\/www.frederic-poitou.com\/blog\/une-premiere-un-belge-en-equipe-de-france-de-rugby\/#primaryimage","url":"https:\/\/www.frederic-poitou.com\/blog\/wp-content\/396px-Vincent_Debaty_03.jpg","contentUrl":"https:\/\/www.frederic-poitou.com\/blog\/wp-content\/396px-Vincent_Debaty_03.jpg","width":"396","height":"599"},{"@type":"BreadcrumbList","@id":"https:\/\/www.frederic-poitou.com\/blog\/une-premiere-un-belge-en-equipe-de-france-de-rugby\/#breadcrumb","itemListElement":[{"@type":"ListItem","position":1,"name":"Accueil","item":"http:\/\/www.frederic-poitou.com\/blog\/"},{"@type":"ListItem","position":2,"name":"UNE PREMIERE : UN BELGE EN EQUIPE DE FRANCE DE RUGBY !"}]},{"@type":"WebSite","@id":"http:\/\/www.frederic-poitou.com\/blog\/#website","url":"http:\/\/www.frederic-poitou.com\/blog\/","name":"","description":"","potentialAction":[{"@type":"SearchAction","target":{"@type":"EntryPoint","urlTemplate":"http:\/\/www.frederic-poitou.com\/blog\/?s={search_term_string}"},"query-input":{"@type":"PropertyValueSpecification","valueRequired":true,"valueName":"search_term_string"}}],"inLanguage":"fr-FR"},{"@type":"Person","@id":"http:\/\/www.frederic-poitou.com\/blog\/#\/schema\/person\/e2c2d05e978747818533fdce859a7799","name":"Fr\u00e9d\u00e9ric Poitou","image":{"@type":"ImageObject","inLanguage":"fr-FR","@id":"http:\/\/www.frederic-poitou.com\/blog\/#\/schema\/person\/image\/","url":"https:\/\/secure.gravatar.com\/avatar\/1933bcca279a2feafd35d9e0a080c521e11beb51115fe4cfe02e2586ac13424a?s=96&d=mm&r=g","contentUrl":"https:\/\/secure.gravatar.com\/avatar\/1933bcca279a2feafd35d9e0a080c521e11beb51115fe4cfe02e2586ac13424a?s=96&d=mm&r=g","caption":"Fr\u00e9d\u00e9ric Poitou"},"description":"Fr\u00e9d\u00e9ric Poitou est n\u00e9 \u00e0 Rouen, et y a fait des \u00e9tudes au Conservatoire en musique-\u00e9tudes en section piano. Il s'est ensuite orient\u00e9 vers des \u00e9tudes scientifiques o\u00f9 il a obtenu un dipl\u00f4me d'ing\u00e9nieur, puis un doctorat en Chimie. Il est Expert Judiciaire en France, en Belgique et \u00e0 Luxembourg, et agr\u00e9e par les Institutions Europ\u00e9ennes.","sameAs":["http:\/\/www.frederic-poitou.com","https:\/\/www.linkedin.com\/in\/frederic-poitou-b045a025\/"]}]}},"_links":{"self":[{"href":"https:\/\/www.frederic-poitou.com\/blog\/wp-json\/wp\/v2\/posts\/6037","targetHints":{"allow":["GET"]}}],"collection":[{"href":"https:\/\/www.frederic-poitou.com\/blog\/wp-json\/wp\/v2\/posts"}],"about":[{"href":"https:\/\/www.frederic-poitou.com\/blog\/wp-json\/wp\/v2\/types\/post"}],"author":[{"embeddable":true,"href":"https:\/\/www.frederic-poitou.com\/blog\/wp-json\/wp\/v2\/users\/4"}],"replies":[{"embeddable":true,"href":"https:\/\/www.frederic-poitou.com\/blog\/wp-json\/wp\/v2\/comments?post=6037"}],"version-history":[{"count":1,"href":"https:\/\/www.frederic-poitou.com\/blog\/wp-json\/wp\/v2\/posts\/6037\/revisions"}],"predecessor-version":[{"id":10264,"href":"https:\/\/www.frederic-poitou.com\/blog\/wp-json\/wp\/v2\/posts\/6037\/revisions\/10264"}],"wp:attachment":[{"href":"https:\/\/www.frederic-poitou.com\/blog\/wp-json\/wp\/v2\/media?parent=6037"}],"wp:term":[{"taxonomy":"category","embeddable":true,"href":"https:\/\/www.frederic-poitou.com\/blog\/wp-json\/wp\/v2\/categories?post=6037"},{"taxonomy":"post_tag","embeddable":true,"href":"https:\/\/www.frederic-poitou.com\/blog\/wp-json\/wp\/v2\/tags?post=6037"}],"curies":[{"name":"wp","href":"https:\/\/api.w.org\/{rel}","templated":true}]}}