{"id":6019,"date":"2023-07-14T01:45:32","date_gmt":"2023-07-13T23:45:32","guid":{"rendered":"http:\/\/www.frederic-poitou.com\/blog\/?p=6019"},"modified":"2026-04-14T23:16:06","modified_gmt":"2026-04-14T21:16:06","slug":"dormesson-la-grande-classe","status":"publish","type":"post","link":"https:\/\/www.frederic-poitou.com\/blog\/dormesson-la-grande-classe\/","title":{"rendered":"D&rsquo;ORMESSON, LA GRANDE CLASSE &#8230;"},"content":{"rendered":"<p><img loading=\"lazy\" decoding=\"async\" class=\"alignleft size-full wp-image-6020\" style=\"margin-top: 20px; margin-bottom: 20px; margin-left: 10px; margin-right: 10px; border: 5px solid black;\" title=\"Jean_d'Ormesson_(1)\" src=\"http:\/\/www.frederic-poitou.com\/blog\/wp-content\/Jean_dOrmesson_1.jpg\" alt=\"Jean_d'Ormesson_(1)\" width=\"281\" height=\"420\" srcset=\"https:\/\/www.frederic-poitou.com\/blog\/wp-content\/Jean_dOrmesson_1.jpg 401w, https:\/\/www.frederic-poitou.com\/blog\/wp-content\/Jean_dOrmesson_1-200x300.jpg 200w\" sizes=\"auto, (max-width: 281px) 100vw, 281px\" \/><span style=\"font-family: Geneva; line-height: normal;\">M\u00eame si je ne partage pas tout ce qu\u2019a \u00e9crit Jean d\u2019Ormesson, ce texte est tellement bien construit dans ce qu\u2019il cherche \u00e0 prouver, que je le reprends volontiers \u00e0 mon compte :<\/span><\/p>\n<p style=\"margin: 0.0px 0.0px 0.0px 0.0px; font: 14.0px Geneva; min-height: 19.0px;\">\n<p style=\"margin: 0.0px 0.0px 0.0px 0.0px; font: 14.0px Geneva; min-height: 19.0px;\">\n<p style=\"margin: 0.0px 0.0px 0.0px 0.0px; font: 14.0px Geneva; min-height: 19.0px;\">\n<p style=\"font: normal normal normal 14px\/normal Geneva; text-align: center; margin: 0px;\"><strong><em>TRIOMPHE ET TOMBEAU DE FRAN\u00e7OIS HOLLANDE<\/em><\/strong><\/p>\n<p style=\"margin: 0.0px 0.0px 0.0px 0.0px; font: 14.0px Geneva; min-height: 19.0px;\"><em><br \/>\n<\/em><\/p>\n<p style=\"font: normal normal normal 14px\/normal Geneva; text-align: justify; margin: 0px;\"><em>Il n&rsquo;est pas s\u00fbr, il est peut-\u00eatre m\u00eame improbable, au vu des sondages d&rsquo;aujourd&rsquo;hui, que Nicolas Sarkozy soit r\u00e9\u00e9lu dans six mois pour un second et dernier mandat. Les mesures de rigueur annonc\u00e9es par Fran\u00e7ois Fillon ne sont pas accueillies &#8211; c&rsquo;est le moins que l&rsquo;on puisse dire &#8211; par un enthousiasme excessif.<\/em><\/p>\n<p style=\"font: normal normal normal 14px\/normal Geneva; text-align: justify; margin: 0px;\"><em>Mme Le Pen \u00e0 l&rsquo;extr\u00eame droite, M. Bayrou au Centre, Mme Aubry \u00e0 gauche, M. M\u00e9lenchon \u00e0 la gauche de la gauche se d\u00e9cha\u00eenent contre elles. Les syndicats les condamnent. Une bonne partie de la droite mod\u00e9r\u00e9e elle-m\u00eame ne peut pas se r\u00e9soudre \u00e0 se prononcer en faveur d&rsquo;un pr\u00e9sident qui, \u00e0 ses yeux, a avili et compromis ses fonctions par son comportement.<\/em><\/p>\n<p style=\"font: normal normal normal 14px\/normal Geneva; text-align: justify; margin: 0px;\"><em>La victoire de Fran\u00e7ois Hollande est \u00e0 peu pr\u00e8s acquise, et elle risque d&rsquo;\u00eatre \u00e9clatante. Le moment est id\u00e9al pour se d\u00e9clarer sarkozyste.<\/em><\/p>\n<p style=\"font: normal normal normal 14px\/normal Geneva; text-align: justify; margin: 0px;\"><em>La question n&rsquo;est pas de savoir qui l&#8217;emportera en mai 2012. On a longtemps \u00e9t\u00e9 convaincu dur comme fer que ce serait M. Strauss-Kahn. On a pu croire que ce serait Mme Aubry. On a m\u00eame pu imaginer que, par un coup du sort, ce serait Mme Le Pen. Il n&rsquo;est pas tout \u00e0 fait exclu que M. Bayrou, M. M\u00e9lenchon, M. Montebourg se soient mont\u00e9 le bourrichon jusqu&rsquo;\u00e0 se persuader de leur chance de l&#8217;emporter.<\/em><\/p>\n<p style=\"font: normal normal normal 14px\/normal Geneva; text-align: justify; margin: 0px;\"><em>Tout sauf Sarkozy. N&rsquo;importe qui sauf Sarkozy. Ce sera M. Hollande. Fran\u00e7ois Hollande est un parfait honn\u00eate homme. Il est intelligent, charmant, cultiv\u00e9, et m\u00eame spirituel. Il y a chez cet homme-l\u00e0 un m\u00e9lange de doux r\u00eaveur et de professeur Nimbus \u00e9gar\u00e9 dans la politique qui le rend sympathique. Il est mondialement connu en Corr\u00e8ze. Ce n&rsquo;est pas lui qui irait courir les \u00e9tablissements de luxe sur les Champs-\u00c9lys\u00e9es, ni les suites des grands h\u00f4tels \u00e0 New York ou \u00e0 Lille, ni les yachts des milliardaires.<\/em><\/p>\n<p style=\"font: normal normal normal 14px\/normal Geneva; text-align: justify; margin: 0px;\"><em>Il ferait, je le dis sans affectation et sans crainte, un excellent pr\u00e9sident de la IVe R\u00e9publique. Ou plut\u00f4t de la IIIe. Par temps calme et sans nuages. Il n&rsquo;est jamais trop bas. Mais pas non plus trop haut. C&rsquo;est une esp\u00e8ce d&rsquo;entre-deux : un pis-aller historique. Ce n&rsquo;est pas Mitterrand : ce serait plut\u00f4t Guy Mollet. Ce n&rsquo;est pas Jaur\u00e8s ni L\u00e9on Blum : c&rsquo;est Albert Lebrun. Ce n&rsquo;est pas Clemenceau : c&rsquo;est Deschanel. Il parle un joli fran\u00e7ais. Et sa syntaxe est impeccable. On pourrait peut-\u00eatre l&rsquo;\u00e9lire \u00e0 l&rsquo;Acad\u00e9mie fran\u00e7aise. Ce serait tr\u00e8s bien. Mais en aucun cas \u00e0 la t\u00eate de la Ve R\u00e9publique, par gros temps et avis de temp\u00eate.<\/em><\/p>\n<p style=\"font: normal normal normal 14px\/normal Geneva; text-align: justify; margin: 0px;\"><em>C&rsquo;est vrai : Sarkozy en a trop fait. Hollande, c&rsquo;est l&rsquo;inverse. Car n&rsquo;avoir rien fait est un immense avantage, mais il ne faut pas en abuser. Il n&rsquo;est pas exclu, il est m\u00eame possible ou plus que possible, que M. Hollande soit \u00e9lu en mai prochain pr\u00e9sident de la R\u00e9publique. C&rsquo;est qu&rsquo;\u00e0 eux deux, M. Hollande et le PS, qui sont assez loin d&rsquo;\u00eatre d&rsquo;accord entre eux &#8211; je ne parle m\u00eame pas de M. M\u00e9lenchon ni de Mme Joly dont ils ont absolument besoin pour gagner et dont les id\u00e9es sont radicalement oppos\u00e9es \u00e0 celles de M. Hollande &#8211; ont des arguments de\u00a0 poids : la retraite \u00e0 60 ans (quand la dur\u00e9e de vie ne cesse de s&rsquo;allonger), 60.000 nouveaux fonctionnaires (quand il s&rsquo;agit surtout de r\u00e9duire les d\u00e9penses publiques), 30% de baisse sur les traitements du pr\u00e9sident et des ministres (m\u00eame M. Jean-Marie Le Pen, de glorieuse m\u00e9moire, n&rsquo;a jamais os\u00e9 aller aussi loin dans le populisme et la d\u00e9magogie). Avec des atouts comme ceux-l\u00e0, on a de bonnes chances de gagner.<\/em><\/p>\n<p style=\"font: normal normal normal 14px\/normal Geneva; text-align: justify; margin: 0px;\"><em>Aussi n&rsquo;est-ce pas dans la perspective de l&rsquo;\u00e9lection de 2012 que je me situe.<\/em><\/p>\n<p style=\"font: normal normal normal 14px\/normal Geneva; text-align: justify; margin: 0px;\"><em>&gt; C&rsquo;est avec le souci du jugement de l&rsquo;histoire. M. Sarkozy, autant le reconna\u00eetre, a fait pas mal d&rsquo;erreurs. \u00c0 voir comment se pr\u00e9sente la campagne d&rsquo;un Parti socialiste qui semble n&rsquo;avoir pas appris grand-chose des le\u00e7ons de son temps, ce sera bien pire avec lui qu&rsquo;avec M. Sarkozy. Les d\u00e9clarations d&rsquo;intention ne valent rien. Il faut des exemples vivants. M. Zapatero, en Espagne, est un homme plus qu&rsquo;estimable. Il est socialiste. Le ch\u00f4mage en Espagne est plus du double du n\u00f4tre. M. Papandr\u00e9ou en Gr\u00e8ce est socialiste. Est-ce le sort de la Gr\u00e8ce que nous souhaitons pour la France? M. Sarkozy a \u00e9t\u00e9 plus attaqu\u00e9, plus vilipend\u00e9, plus tra\u00een\u00e9 dans la boue qu&rsquo;aucun dirigeant depuis de longues ann\u00e9es. Il a pourtant maintenu le pays hors de l&rsquo;eau au cours d&rsquo;une des pires crises que nous ayons jamais connues. Il n&rsquo;est m\u00eame pas impossible que Mme Merkel et lui aient sauv\u00e9 l&rsquo;Europe et l&rsquo;euro.<\/em><\/p>\n<p style=\"font: normal normal normal 14px\/normal Geneva; text-align: justify; margin: 0px;\"><em>Pour affronter le jugement de l&rsquo;histoire, je choisis le camp, \u00e0 peu pr\u00e8s coh\u00e9rent, Sarkozy-Fillon-Jupp\u00e9 contre le camp, incoh\u00e9rent jusqu&rsquo;\u00e0 l&rsquo;absurde, Hollande (Hollande pr\u00e9sident ? On croit r\u00eaver, disait Fabius) -Aubry-Joly-M\u00e9lenchon. Bonaparte Premier consul pr\u00e9tendait que le seul crime en politique consistait \u00e0 avoir des ambitions plus hautes que ses capacit\u00e9s. Je suis s\u00fbr que Fran\u00e7ois Hollande lui-m\u00eame a des cauchemars la nuit \u00e0 l&rsquo;id\u00e9e d&rsquo;\u00eatre appel\u00e9 demain \u00e0 diriger le pays avec le concours des amis de toutes sortes et \u00e9trangement bariol\u00e9s que lui a r\u00e9serv\u00e9s le destin.<\/em><\/p>\n<p style=\"font: normal normal normal 14px\/normal Geneva; text-align: justify; margin: 0px;\"><em>Je veux bien croire &#8211; je n&rsquo;en suis pas si s\u00fbr &#8211; que pour 2012 les d\u00e9s sont d\u00e9j\u00e0 jet\u00e9s, que les handicaps du pr\u00e9sident sortant sont bien lourds pour \u00eatre surmont\u00e9s, que le retard est trop rude pour \u00eatre rattrap\u00e9. J&rsquo;imagine tr\u00e8s bien l&rsquo;explosion d&rsquo;enthousiasme sur la place de la Bastille ce soir de mai 2012 o\u00f9 l&rsquo;\u00e9lection de M. Fran\u00e7ois Hollande \u00e0 la magistrature supr\u00eame sera enfin annonc\u00e9e.<\/em><\/p>\n<p style=\"font: normal normal normal 14px\/normal Geneva; text-align: justify; margin: 0px;\"><em>Je me demande seulement dans quel \u00e9tat sera la France en 2014 ou en 2015.<\/em><\/p>\n<p style=\"font: normal normal normal 14px\/normal Geneva; text-align: justify; margin: 0px;\">______________________<\/p>\n<p style=\"font: normal normal normal 14px\/normal Geneva; text-align: justify; margin: 0px;\">\n<p style=\"font: normal normal normal 14px\/normal Geneva; text-align: justify; margin: 0px;\">Dieu que cet homme est beau, et d&rsquo;esprit brillant avec une \u00e9l\u00e9gante impertinence. Ah comme j&rsquo;aurais aim\u00e9 \u00eatre cultiv\u00e9, lettr\u00e9 et brillant comme il l&rsquo;est, et avoir une plume \u00e0 la fois l\u00e9g\u00e8re et acerbe comme il sait l&rsquo;avoir. Outre des id\u00e9es politiques centristes que je crois proches, nous n&rsquo;avons comme seul point commun lui et moi, des yeux bleus (bien que les siens soient de toute \u00e9vidence bien plus per\u00e7ants que les miens, au sens propre comme au sens figur\u00e9 !).<\/p>\n<p style=\"font: normal normal normal 14px\/normal Geneva; text-align: justify; margin: 0px;\">\n<p style=\"font: normal normal normal 14px\/normal Geneva; text-align: justify; margin: 0px;\">La R\u00e9publique peut \u00eatre fi\u00e8re d&rsquo;en avoir fait un immortel.<\/p>\n<p style=\"font: normal normal normal 14px\/normal Geneva; text-align: justify; margin: 0px;\"><span style=\"color: #ffffff;\">_____<\/span><\/p>\n<p style=\"font: normal normal normal 14px\/normal Geneva; text-align: justify; margin: 0px;\"><span style=\"color: #ffffff;\">_____<\/span><\/p>\n<p style=\"font: normal normal normal 14px\/normal Geneva; text-align: center; margin: 0px;\"><em>Fr\u00e9d\u00e9ric POITOU<\/em><\/p>\n<p style=\"font: normal normal normal 14px\/normal Geneva; text-align: justify; margin: 0px;\"><span style=\"color: #ffffff;\">_____<\/span><\/p>\n<p style=\"font: normal normal normal 14px\/normal Geneva; text-align: justify; margin: 0px;\"><span style=\"color: #ffffff;\">_____<\/span><\/p>\n<p style=\"font: normal normal normal 14px\/normal Geneva; text-align: justify; margin: 0px;\"><span style=\"color: #ffffff;\">_____<\/span><\/p>\n<p style=\"font: normal normal normal 14px\/normal Geneva; text-align: justify; margin: 0px;\"><span style=\"color: #ffffff;\">_____<\/span><\/p>\n<p style=\"font: normal normal normal 14px\/normal Geneva; text-align: justify; margin: 0px;\"><span style=\"color: #ffffff;\">_____<\/span><\/p>\n<p style=\"font: normal normal normal 14px\/normal Geneva; text-align: justify; margin: 0px;\"><span style=\"color: #ffffff;\">_____<\/span><\/p>\n<p style=\"font: normal normal normal 14px\/normal Geneva; text-align: justify; margin: 0px;\"><span style=\"color: #ffffff;\">_____<\/span><\/p>\n<p style=\"font: normal normal normal 14px\/normal Geneva; text-align: justify; margin: 0px;\"><span style=\"color: #ffffff;\">_____<\/span><\/p>\n<p style=\"font: normal normal normal 14px\/normal Geneva; text-align: justify; margin: 0px;\">\n<p style=\"font: normal normal normal 14px\/normal Geneva; text-align: justify; margin: 0px;\">\n<p style=\"font: normal normal normal 14px\/normal Geneva; text-align: justify; margin: 0px;\">\n<p style=\"font: normal normal normal 14px\/normal Geneva; text-align: justify; margin: 0px;\"><img loading=\"lazy\" decoding=\"async\" class=\"aligncenter size-full wp-image-6021\" title=\"74bb1f6318b10da18b1738ee338c26c035c22e08fe3c772d6a897094269b5c46dc81f95b8bf7a90d3_1-1\" src=\"http:\/\/www.frederic-poitou.com\/blog\/wp-content\/74bb1f6318b10da18b1738ee338c26c035c22e08fe3c772d6a897094269b5c46dc81f95b8bf7a90d3_1-1.jpg\" alt=\"74bb1f6318b10da18b1738ee338c26c035c22e08fe3c772d6a897094269b5c46dc81f95b8bf7a90d3_1-1\" width=\"372\" height=\"372\" srcset=\"https:\/\/www.frederic-poitou.com\/blog\/wp-content\/74bb1f6318b10da18b1738ee338c26c035c22e08fe3c772d6a897094269b5c46dc81f95b8bf7a90d3_1-1.jpg 372w, https:\/\/www.frederic-poitou.com\/blog\/wp-content\/74bb1f6318b10da18b1738ee338c26c035c22e08fe3c772d6a897094269b5c46dc81f95b8bf7a90d3_1-1-150x150.jpg 150w, https:\/\/www.frederic-poitou.com\/blog\/wp-content\/74bb1f6318b10da18b1738ee338c26c035c22e08fe3c772d6a897094269b5c46dc81f95b8bf7a90d3_1-1-300x300.jpg 300w\" sizes=\"auto, (max-width: 372px) 100vw, 372px\" \/><\/p>\n<p style=\"font: normal normal normal 14px\/normal Geneva; text-align: justify; margin: 0px;\">\n<p style=\"font: normal normal normal 14px\/normal Geneva; text-align: justify; margin: 0px;\"><span style=\"color: #ffffff;\">_____<\/span><\/p>\n<p style=\"font: normal normal normal 14px\/normal Geneva; text-align: justify; margin: 0px;\"><span style=\"color: #ffffff;\">_____<\/span><\/p>\n<p style=\"font: normal normal normal 14px\/normal Geneva; text-align: justify; margin: 0px;\"><span style=\"color: #ffffff;\">_____<\/span><\/p>\n<p style=\"font: normal normal normal 14px\/normal Geneva; text-align: justify; margin: 0px;\"><span style=\"color: #ffffff;\">_____<\/span><\/p>\n<p style=\"font: normal normal normal 14px\/normal Geneva; text-align: justify; margin: 0px;\"><span style=\"color: #ffffff;\">_____<\/span><\/p>\n<p style=\"font: normal normal normal 14px\/normal Geneva; text-align: justify; margin: 0px;\"><span style=\"color: #ffffff;\">_____<\/span><\/p>\n<p style=\"font: normal normal normal 14px\/normal Geneva; text-align: justify; margin: 0px;\"><span style=\"color: #ffffff;\">_____<\/span><\/p>\n<p style=\"font: normal normal normal 14px\/normal Geneva; text-align: justify; margin: 0px;\"><span style=\"color: #ffffff;\">_____<\/span><\/p>\n","protected":false},"excerpt":{"rendered":"<p>M\u00eame si je ne partage pas tout ce qu\u2019a \u00e9crit Jean d\u2019Ormesson, ce texte est tellement bien construit dans ce qu\u2019il cherche \u00e0 prouver, que je le reprends volontiers \u00e0 mon compte : TRIOMPHE ET TOMBEAU DE FRAN\u00e7OIS HOLLANDE Il &hellip; <a href=\"https:\/\/www.frederic-poitou.com\/blog\/dormesson-la-grande-classe\/\">Lire la suite\u00ad\u00ad<\/a><\/p>\n","protected":false},"author":4,"featured_media":0,"comment_status":"open","ping_status":"open","sticky":false,"template":"","format":"standard","meta":{"kt_blocks_editor_width":"","_exactmetrics_skip_tracking":false,"_exactmetrics_sitenote_active":false,"_exactmetrics_sitenote_note":"","_exactmetrics_sitenote_category":0,"footnotes":""},"categories":[48],"tags":[27,25,24],"class_list":["post-6019","post","type-post","status-publish","format-standard","hentry","category-accueil","tag-actualite","tag-parti-radical","tag-politique"],"yoast_head":"<!-- This site is optimized with the Yoast SEO plugin v27.1.1 - https:\/\/yoast.com\/product\/yoast-seo-wordpress\/ -->\n<title>D&#039;ORMESSON, LA GRANDE CLASSE ... -<\/title>\n<meta name=\"robots\" content=\"index, follow, max-snippet:-1, max-image-preview:large, max-video-preview:-1\" \/>\n<link rel=\"canonical\" href=\"https:\/\/www.frederic-poitou.com\/blog\/dormesson-la-grande-classe\/\" \/>\n<meta property=\"og:locale\" content=\"fr_FR\" \/>\n<meta property=\"og:type\" content=\"article\" \/>\n<meta property=\"og:title\" content=\"D&#039;ORMESSON, LA GRANDE CLASSE ... -\" \/>\n<meta property=\"og:description\" content=\"M\u00eame si je ne partage pas tout ce qu\u2019a \u00e9crit Jean d\u2019Ormesson, ce texte est tellement bien construit dans ce qu\u2019il cherche \u00e0 prouver, que je le reprends volontiers \u00e0 mon compte : TRIOMPHE ET TOMBEAU DE FRAN\u00e7OIS HOLLANDE Il &hellip; Lire la suite\u00ad\u00ad\" \/>\n<meta property=\"og:url\" content=\"https:\/\/www.frederic-poitou.com\/blog\/dormesson-la-grande-classe\/\" \/>\n<meta property=\"article:publisher\" content=\"https:\/\/www.facebook.com\/frederic.poitou\/\" \/>\n<meta property=\"article:published_time\" content=\"2023-07-13T23:45:32+00:00\" \/>\n<meta property=\"article:modified_time\" content=\"2026-04-14T21:16:06+00:00\" \/>\n<meta property=\"og:image\" content=\"http:\/\/www.frederic-poitou.com\/blog\/wp-content\/Jean_dOrmesson_1.jpg\" \/>\n<meta name=\"author\" content=\"Fr\u00e9d\u00e9ric Poitou\" \/>\n<meta name=\"twitter:card\" content=\"summary_large_image\" \/>\n<meta name=\"twitter:creator\" content=\"@fredericpoitou\" \/>\n<meta name=\"twitter:site\" content=\"@fredericpoitou\" \/>\n<meta name=\"twitter:label1\" content=\"\u00c9crit par\" \/>\n\t<meta name=\"twitter:data1\" content=\"Fr\u00e9d\u00e9ric Poitou\" \/>\n\t<meta name=\"twitter:label2\" content=\"Dur\u00e9e de lecture estim\u00e9e\" \/>\n\t<meta name=\"twitter:data2\" content=\"6 minutes\" \/>\n<script type=\"application\/ld+json\" class=\"yoast-schema-graph\">{\"@context\":\"https:\/\/schema.org\",\"@graph\":[{\"@type\":\"Article\",\"@id\":\"https:\/\/www.frederic-poitou.com\/blog\/dormesson-la-grande-classe\/#article\",\"isPartOf\":{\"@id\":\"https:\/\/www.frederic-poitou.com\/blog\/dormesson-la-grande-classe\/\"},\"author\":{\"name\":\"Fr\u00e9d\u00e9ric Poitou\",\"@id\":\"http:\/\/www.frederic-poitou.com\/blog\/#\/schema\/person\/e2c2d05e978747818533fdce859a7799\"},\"headline\":\"D&rsquo;ORMESSON, LA GRANDE CLASSE &#8230;\",\"datePublished\":\"2023-07-13T23:45:32+00:00\",\"dateModified\":\"2026-04-14T21:16:06+00:00\",\"mainEntityOfPage\":{\"@id\":\"https:\/\/www.frederic-poitou.com\/blog\/dormesson-la-grande-classe\/\"},\"wordCount\":1206,\"commentCount\":0,\"image\":{\"@id\":\"https:\/\/www.frederic-poitou.com\/blog\/dormesson-la-grande-classe\/#primaryimage\"},\"thumbnailUrl\":\"http:\/\/www.frederic-poitou.com\/blog\/wp-content\/Jean_dOrmesson_1.jpg\",\"keywords\":[\"Actualit\u00e9\",\"PARTI RADICAL\",\"Politique\"],\"articleSection\":[\"Accueil\"],\"inLanguage\":\"fr-FR\",\"potentialAction\":[{\"@type\":\"CommentAction\",\"name\":\"Comment\",\"target\":[\"https:\/\/www.frederic-poitou.com\/blog\/dormesson-la-grande-classe\/#respond\"]}]},{\"@type\":\"WebPage\",\"@id\":\"https:\/\/www.frederic-poitou.com\/blog\/dormesson-la-grande-classe\/\",\"url\":\"https:\/\/www.frederic-poitou.com\/blog\/dormesson-la-grande-classe\/\",\"name\":\"D'ORMESSON, LA GRANDE CLASSE ... -\",\"isPartOf\":{\"@id\":\"http:\/\/www.frederic-poitou.com\/blog\/#website\"},\"primaryImageOfPage\":{\"@id\":\"https:\/\/www.frederic-poitou.com\/blog\/dormesson-la-grande-classe\/#primaryimage\"},\"image\":{\"@id\":\"https:\/\/www.frederic-poitou.com\/blog\/dormesson-la-grande-classe\/#primaryimage\"},\"thumbnailUrl\":\"http:\/\/www.frederic-poitou.com\/blog\/wp-content\/Jean_dOrmesson_1.jpg\",\"datePublished\":\"2023-07-13T23:45:32+00:00\",\"dateModified\":\"2026-04-14T21:16:06+00:00\",\"author\":{\"@id\":\"http:\/\/www.frederic-poitou.com\/blog\/#\/schema\/person\/e2c2d05e978747818533fdce859a7799\"},\"breadcrumb\":{\"@id\":\"https:\/\/www.frederic-poitou.com\/blog\/dormesson-la-grande-classe\/#breadcrumb\"},\"inLanguage\":\"fr-FR\",\"potentialAction\":[{\"@type\":\"ReadAction\",\"target\":[\"https:\/\/www.frederic-poitou.com\/blog\/dormesson-la-grande-classe\/\"]}]},{\"@type\":\"ImageObject\",\"inLanguage\":\"fr-FR\",\"@id\":\"https:\/\/www.frederic-poitou.com\/blog\/dormesson-la-grande-classe\/#primaryimage\",\"url\":\"https:\/\/www.frederic-poitou.com\/blog\/wp-content\/Jean_dOrmesson_1.jpg\",\"contentUrl\":\"https:\/\/www.frederic-poitou.com\/blog\/wp-content\/Jean_dOrmesson_1.jpg\",\"width\":\"401\",\"height\":\"600\"},{\"@type\":\"BreadcrumbList\",\"@id\":\"https:\/\/www.frederic-poitou.com\/blog\/dormesson-la-grande-classe\/#breadcrumb\",\"itemListElement\":[{\"@type\":\"ListItem\",\"position\":1,\"name\":\"Accueil\",\"item\":\"http:\/\/www.frederic-poitou.com\/blog\/\"},{\"@type\":\"ListItem\",\"position\":2,\"name\":\"D&rsquo;ORMESSON, LA GRANDE CLASSE &#8230;\"}]},{\"@type\":\"WebSite\",\"@id\":\"http:\/\/www.frederic-poitou.com\/blog\/#website\",\"url\":\"http:\/\/www.frederic-poitou.com\/blog\/\",\"name\":\"\",\"description\":\"\",\"potentialAction\":[{\"@type\":\"SearchAction\",\"target\":{\"@type\":\"EntryPoint\",\"urlTemplate\":\"http:\/\/www.frederic-poitou.com\/blog\/?s={search_term_string}\"},\"query-input\":{\"@type\":\"PropertyValueSpecification\",\"valueRequired\":true,\"valueName\":\"search_term_string\"}}],\"inLanguage\":\"fr-FR\"},{\"@type\":\"Person\",\"@id\":\"http:\/\/www.frederic-poitou.com\/blog\/#\/schema\/person\/e2c2d05e978747818533fdce859a7799\",\"name\":\"Fr\u00e9d\u00e9ric Poitou\",\"image\":{\"@type\":\"ImageObject\",\"inLanguage\":\"fr-FR\",\"@id\":\"http:\/\/www.frederic-poitou.com\/blog\/#\/schema\/person\/image\/\",\"url\":\"https:\/\/secure.gravatar.com\/avatar\/1933bcca279a2feafd35d9e0a080c521e11beb51115fe4cfe02e2586ac13424a?s=96&d=mm&r=g\",\"contentUrl\":\"https:\/\/secure.gravatar.com\/avatar\/1933bcca279a2feafd35d9e0a080c521e11beb51115fe4cfe02e2586ac13424a?s=96&d=mm&r=g\",\"caption\":\"Fr\u00e9d\u00e9ric Poitou\"},\"description\":\"Fr\u00e9d\u00e9ric Poitou est n\u00e9 \u00e0 Rouen, et y a fait des \u00e9tudes au Conservatoire en musique-\u00e9tudes en section piano. Il s'est ensuite orient\u00e9 vers des \u00e9tudes scientifiques o\u00f9 il a obtenu un dipl\u00f4me d'ing\u00e9nieur, puis un doctorat en Chimie. Il est Expert Judiciaire en France, en Belgique et \u00e0 Luxembourg, et agr\u00e9e par les Institutions Europ\u00e9ennes.\",\"sameAs\":[\"http:\/\/www.frederic-poitou.com\",\"https:\/\/www.linkedin.com\/in\/frederic-poitou-b045a025\/\"]}]}<\/script>\n<!-- \/ Yoast SEO plugin. -->","yoast_head_json":{"title":"D'ORMESSON, LA GRANDE CLASSE ... -","robots":{"index":"index","follow":"follow","max-snippet":"max-snippet:-1","max-image-preview":"max-image-preview:large","max-video-preview":"max-video-preview:-1"},"canonical":"https:\/\/www.frederic-poitou.com\/blog\/dormesson-la-grande-classe\/","og_locale":"fr_FR","og_type":"article","og_title":"D'ORMESSON, LA GRANDE CLASSE ... -","og_description":"M\u00eame si je ne partage pas tout ce qu\u2019a \u00e9crit Jean d\u2019Ormesson, ce texte est tellement bien construit dans ce qu\u2019il cherche \u00e0 prouver, que je le reprends volontiers \u00e0 mon compte : TRIOMPHE ET TOMBEAU DE FRAN\u00e7OIS HOLLANDE Il &hellip; Lire la suite\u00ad\u00ad","og_url":"https:\/\/www.frederic-poitou.com\/blog\/dormesson-la-grande-classe\/","article_publisher":"https:\/\/www.facebook.com\/frederic.poitou\/","article_published_time":"2023-07-13T23:45:32+00:00","article_modified_time":"2026-04-14T21:16:06+00:00","og_image":[{"url":"http:\/\/www.frederic-poitou.com\/blog\/wp-content\/Jean_dOrmesson_1.jpg","type":"","width":"","height":""}],"author":"Fr\u00e9d\u00e9ric Poitou","twitter_card":"summary_large_image","twitter_creator":"@fredericpoitou","twitter_site":"@fredericpoitou","twitter_misc":{"\u00c9crit par":"Fr\u00e9d\u00e9ric Poitou","Dur\u00e9e de lecture estim\u00e9e":"6 minutes"},"schema":{"@context":"https:\/\/schema.org","@graph":[{"@type":"Article","@id":"https:\/\/www.frederic-poitou.com\/blog\/dormesson-la-grande-classe\/#article","isPartOf":{"@id":"https:\/\/www.frederic-poitou.com\/blog\/dormesson-la-grande-classe\/"},"author":{"name":"Fr\u00e9d\u00e9ric Poitou","@id":"http:\/\/www.frederic-poitou.com\/blog\/#\/schema\/person\/e2c2d05e978747818533fdce859a7799"},"headline":"D&rsquo;ORMESSON, LA GRANDE CLASSE &#8230;","datePublished":"2023-07-13T23:45:32+00:00","dateModified":"2026-04-14T21:16:06+00:00","mainEntityOfPage":{"@id":"https:\/\/www.frederic-poitou.com\/blog\/dormesson-la-grande-classe\/"},"wordCount":1206,"commentCount":0,"image":{"@id":"https:\/\/www.frederic-poitou.com\/blog\/dormesson-la-grande-classe\/#primaryimage"},"thumbnailUrl":"http:\/\/www.frederic-poitou.com\/blog\/wp-content\/Jean_dOrmesson_1.jpg","keywords":["Actualit\u00e9","PARTI RADICAL","Politique"],"articleSection":["Accueil"],"inLanguage":"fr-FR","potentialAction":[{"@type":"CommentAction","name":"Comment","target":["https:\/\/www.frederic-poitou.com\/blog\/dormesson-la-grande-classe\/#respond"]}]},{"@type":"WebPage","@id":"https:\/\/www.frederic-poitou.com\/blog\/dormesson-la-grande-classe\/","url":"https:\/\/www.frederic-poitou.com\/blog\/dormesson-la-grande-classe\/","name":"D'ORMESSON, LA GRANDE CLASSE ... -","isPartOf":{"@id":"http:\/\/www.frederic-poitou.com\/blog\/#website"},"primaryImageOfPage":{"@id":"https:\/\/www.frederic-poitou.com\/blog\/dormesson-la-grande-classe\/#primaryimage"},"image":{"@id":"https:\/\/www.frederic-poitou.com\/blog\/dormesson-la-grande-classe\/#primaryimage"},"thumbnailUrl":"http:\/\/www.frederic-poitou.com\/blog\/wp-content\/Jean_dOrmesson_1.jpg","datePublished":"2023-07-13T23:45:32+00:00","dateModified":"2026-04-14T21:16:06+00:00","author":{"@id":"http:\/\/www.frederic-poitou.com\/blog\/#\/schema\/person\/e2c2d05e978747818533fdce859a7799"},"breadcrumb":{"@id":"https:\/\/www.frederic-poitou.com\/blog\/dormesson-la-grande-classe\/#breadcrumb"},"inLanguage":"fr-FR","potentialAction":[{"@type":"ReadAction","target":["https:\/\/www.frederic-poitou.com\/blog\/dormesson-la-grande-classe\/"]}]},{"@type":"ImageObject","inLanguage":"fr-FR","@id":"https:\/\/www.frederic-poitou.com\/blog\/dormesson-la-grande-classe\/#primaryimage","url":"https:\/\/www.frederic-poitou.com\/blog\/wp-content\/Jean_dOrmesson_1.jpg","contentUrl":"https:\/\/www.frederic-poitou.com\/blog\/wp-content\/Jean_dOrmesson_1.jpg","width":"401","height":"600"},{"@type":"BreadcrumbList","@id":"https:\/\/www.frederic-poitou.com\/blog\/dormesson-la-grande-classe\/#breadcrumb","itemListElement":[{"@type":"ListItem","position":1,"name":"Accueil","item":"http:\/\/www.frederic-poitou.com\/blog\/"},{"@type":"ListItem","position":2,"name":"D&rsquo;ORMESSON, LA GRANDE CLASSE &#8230;"}]},{"@type":"WebSite","@id":"http:\/\/www.frederic-poitou.com\/blog\/#website","url":"http:\/\/www.frederic-poitou.com\/blog\/","name":"","description":"","potentialAction":[{"@type":"SearchAction","target":{"@type":"EntryPoint","urlTemplate":"http:\/\/www.frederic-poitou.com\/blog\/?s={search_term_string}"},"query-input":{"@type":"PropertyValueSpecification","valueRequired":true,"valueName":"search_term_string"}}],"inLanguage":"fr-FR"},{"@type":"Person","@id":"http:\/\/www.frederic-poitou.com\/blog\/#\/schema\/person\/e2c2d05e978747818533fdce859a7799","name":"Fr\u00e9d\u00e9ric Poitou","image":{"@type":"ImageObject","inLanguage":"fr-FR","@id":"http:\/\/www.frederic-poitou.com\/blog\/#\/schema\/person\/image\/","url":"https:\/\/secure.gravatar.com\/avatar\/1933bcca279a2feafd35d9e0a080c521e11beb51115fe4cfe02e2586ac13424a?s=96&d=mm&r=g","contentUrl":"https:\/\/secure.gravatar.com\/avatar\/1933bcca279a2feafd35d9e0a080c521e11beb51115fe4cfe02e2586ac13424a?s=96&d=mm&r=g","caption":"Fr\u00e9d\u00e9ric Poitou"},"description":"Fr\u00e9d\u00e9ric Poitou est n\u00e9 \u00e0 Rouen, et y a fait des \u00e9tudes au Conservatoire en musique-\u00e9tudes en section piano. Il s'est ensuite orient\u00e9 vers des \u00e9tudes scientifiques o\u00f9 il a obtenu un dipl\u00f4me d'ing\u00e9nieur, puis un doctorat en Chimie. Il est Expert Judiciaire en France, en Belgique et \u00e0 Luxembourg, et agr\u00e9e par les Institutions Europ\u00e9ennes.","sameAs":["http:\/\/www.frederic-poitou.com","https:\/\/www.linkedin.com\/in\/frederic-poitou-b045a025\/"]}]}},"_links":{"self":[{"href":"https:\/\/www.frederic-poitou.com\/blog\/wp-json\/wp\/v2\/posts\/6019","targetHints":{"allow":["GET"]}}],"collection":[{"href":"https:\/\/www.frederic-poitou.com\/blog\/wp-json\/wp\/v2\/posts"}],"about":[{"href":"https:\/\/www.frederic-poitou.com\/blog\/wp-json\/wp\/v2\/types\/post"}],"author":[{"embeddable":true,"href":"https:\/\/www.frederic-poitou.com\/blog\/wp-json\/wp\/v2\/users\/4"}],"replies":[{"embeddable":true,"href":"https:\/\/www.frederic-poitou.com\/blog\/wp-json\/wp\/v2\/comments?post=6019"}],"version-history":[{"count":1,"href":"https:\/\/www.frederic-poitou.com\/blog\/wp-json\/wp\/v2\/posts\/6019\/revisions"}],"predecessor-version":[{"id":10269,"href":"https:\/\/www.frederic-poitou.com\/blog\/wp-json\/wp\/v2\/posts\/6019\/revisions\/10269"}],"wp:attachment":[{"href":"https:\/\/www.frederic-poitou.com\/blog\/wp-json\/wp\/v2\/media?parent=6019"}],"wp:term":[{"taxonomy":"category","embeddable":true,"href":"https:\/\/www.frederic-poitou.com\/blog\/wp-json\/wp\/v2\/categories?post=6019"},{"taxonomy":"post_tag","embeddable":true,"href":"https:\/\/www.frederic-poitou.com\/blog\/wp-json\/wp\/v2\/tags?post=6019"}],"curies":[{"name":"wp","href":"https:\/\/api.w.org\/{rel}","templated":true}]}}