{"id":5966,"date":"2023-07-15T10:39:32","date_gmt":"2023-07-15T08:39:32","guid":{"rendered":"http:\/\/www.frederic-poitou.com\/blog\/?p=5966"},"modified":"2026-04-29T14:29:44","modified_gmt":"2026-04-29T12:29:44","slug":"faites-vos-voeux-les-voeux-sont-faits-rien-ne-va-plus","status":"publish","type":"post","link":"https:\/\/www.frederic-poitou.com\/blog\/faites-vos-voeux-les-voeux-sont-faits-rien-ne-va-plus\/","title":{"rendered":"FAITES VOS VOEUX. LES VOEUX SONT FAITS, RIEN NE VA PLUS ?"},"content":{"rendered":"<p>Mais si, tout va bien !<\/p>\n<p>Bien sur, nous abordons en France une ann\u00e9e importante puisque nous voterons deux fois, pour renouveler le pr\u00e9sident de la r\u00e9publique et l&rsquo;assembl\u00e9e nationale. Ce sera le cas dans d&rsquo;autres pays d\u00e9velopp\u00e9s (Etats Unis entre autre)\u00a0Bien \u00e9videmment que cette ann\u00e9e sera tr\u00e8s difficile, \u00e0 tous points de vue, surtout \u00e9conomiquement.<\/p>\n<p>Face \u00e0 une crise d&rsquo;une violence inou\u00efe, qu&rsquo;aucune des agences de notation qui s&rsquo;auto-attribuent le pouvoir de noter nos \u00e9conomies n&rsquo;a \u00e9t\u00e9 capable de pr\u00e9voir.<br \/>\nFace \u00e0 une d\u00e9rive des dettes publiques qui va nous obliger \u00e0 revoir \u00e0 la baisse tous nos budgets (nationaux, mais aussi territoriaux),<br \/>\nFace \u00e0 des mesures d&rsquo;aust\u00e9rit\u00e9 fiscale qui vont ralentir la croissance mondiale, et induire donc une nouvelle r\u00e9cession,<br \/>\nFace au ralentissement de la croissance des pays en voie de d\u00e9veloppement (Chine, Indes, Br\u00e9sil) qui alimentaient jusqu&rsquo;\u00e0 pr\u00e9sent notre propre croissance,<\/p>\n<p>Nous allons devoir nous adapter. C&rsquo;est pour cela que vous va bien. Lorsque l&rsquo;on est en face de changement, d&rsquo;adaptation, de modification de nos comportements, tout va bien, puisque nous sommes en mouvement.<\/p>\n<p>Alors, oui il va falloir travailler plus, sans gagner plus. Dans le priv\u00e9, on conna\u00eet<\/p>\n<p>Alors, oui, il va falloir revoir l&rsquo;\u00e2ge de d\u00e9part \u00e0 la retraite.<\/p>\n<p>Alors, oui, il va falloir revoir nos d\u00e9penses publiques, et arr\u00eater d&rsquo;attendre ce que le pays peut faire pour nous, pour modifier ce raisonnement par celui que pr\u00f4nait Kennedy en nous mettant enfin \u00e0 penser \u00e0 ce que nous pouvons faire pour notre pays.<\/p>\n<p>En conclusion, bien que difficile, l&rsquo;ann\u00e9e 2012 sera belle, j&rsquo;en suis convaincu.<\/p>\n<p>D&rsquo;un point de vue politique, l&rsquo;ARES morte n\u00e9e et la candidature d&rsquo;Herv\u00e9 Morin n&rsquo;\u00e9tant ni cr\u00e9dible, ni s\u00e9rieuse, je soutiendrai le Pr\u00e9sident de la R\u00e9publique en esp\u00e9rant que durant sa campagne, il s&rsquo;inspire des propositions du parti Radical, et plus particuli\u00e8rement de celles que fait Jean-Louis Borloo dans son excellent dernier livre : \u00ab\u00a0<a href=\"http:\/\/www.plon.fr\/ficheLivre.php?livre=9782259216173\" target=\"_blank\" rel=\"noopener\">Libre et engag\u00e9<\/a>\u00ab\u00a0. Un bon point d\u00e9j\u00e0, avec l&rsquo;engagement de mise en place d&rsquo;une TVA sociale tr\u00e8s rapidement.\u00a0Enfin une mesure qui fera peser sur l&rsquo;ensemble des consommateurs, une pression fiscale d\u00e9di\u00e9e \u00e0 notre mod\u00e8le social, actuellement limit\u00e9e aux seuls salari\u00e9s.<\/p>\n<p>Enfin, \u00e0 tous les niveaux de notre vie politique fran\u00e7aise &#8211; national ou territorial &#8211; la situation est assez s\u00e9rieuse pour qu&rsquo;il soit devenu imp\u00e9rieux de penser \u00e0 un mode d&rsquo;union national, qui transcende sans les d\u00e9nier, les divergences partisanes.<\/p>\n<p>Quelque soit le r\u00e9sultat des \u00e9lections \u00e0 venir, je forme le voeux que les futures oppositions se comportent \u00a0avec responsabilit\u00e9, en proposant et en travaillant avec la majorit\u00e9, pour nous sortir de l&rsquo;orni\u00e8re dans laquelle l&rsquo;ultra-lib\u00e9ralisme nous a plong\u00e9.<\/p>\n<p>J&rsquo;y crois !<\/p>\n<p><!--more--><\/p>\n<p><em> <\/em><br \/>\n<iframe loading=\"lazy\" frameborder=\"0\" width=\"560\" height=\"420\" src=\"http:\/\/www.dailymotion.com\/embed\/video\/xnf21r\"><\/iframe><br \/><a href=\"http:\/\/www.dailymotion.com\/video\/xnf21r_retrospective-2011_news\" target=\"_blank\" rel=\"noopener\">R&eacute;trospective 2011<\/a> <i>par <a href=\"http:\/\/www.dailymotion.com\/ATTACHEE-PRESSE13\" target=\"_blank\" rel=\"noopener\">ATTACHEE-PRESSE13<\/a><\/i><\/p>\n","protected":false},"excerpt":{"rendered":"<p>Mais si, tout va bien ! Bien sur, nous abordons en France une ann\u00e9e importante puisque nous voterons deux fois, pour renouveler le pr\u00e9sident de la r\u00e9publique et l&rsquo;assembl\u00e9e nationale. Ce sera le cas dans d&rsquo;autres pays d\u00e9velopp\u00e9s (Etats Unis &hellip; <a href=\"https:\/\/www.frederic-poitou.com\/blog\/faites-vos-voeux-les-voeux-sont-faits-rien-ne-va-plus\/\">Lire la suite\u00ad\u00ad<\/a><\/p>\n","protected":false},"author":4,"featured_media":0,"comment_status":"open","ping_status":"open","sticky":false,"template":"","format":"standard","meta":{"kt_blocks_editor_width":"","_exactmetrics_skip_tracking":false,"_exactmetrics_sitenote_active":false,"_exactmetrics_sitenote_note":"","_exactmetrics_sitenote_category":0,"footnotes":""},"categories":[48],"tags":[27,24],"class_list":["post-5966","post","type-post","status-publish","format-standard","hentry","category-accueil","tag-actualite","tag-politique"],"yoast_head":"<!-- This site is optimized with the Yoast SEO plugin v27.1.1 - https:\/\/yoast.com\/product\/yoast-seo-wordpress\/ -->\n<title>FAITES VOS VOEUX. LES VOEUX SONT FAITS, RIEN NE VA PLUS ? -<\/title>\n<meta name=\"robots\" content=\"index, follow, max-snippet:-1, max-image-preview:large, max-video-preview:-1\" \/>\n<link rel=\"canonical\" href=\"http:\/\/www.frederic-poitou.com\/blog\/faites-vos-voeux-les-voeux-sont-faits-rien-ne-va-plus\/\" \/>\n<meta property=\"og:locale\" content=\"fr_FR\" \/>\n<meta property=\"og:type\" content=\"article\" \/>\n<meta property=\"og:title\" content=\"FAITES VOS VOEUX. LES VOEUX SONT FAITS, RIEN NE VA PLUS ? -\" \/>\n<meta property=\"og:description\" content=\"Mais si, tout va bien ! Bien sur, nous abordons en France une ann\u00e9e importante puisque nous voterons deux fois, pour renouveler le pr\u00e9sident de la r\u00e9publique et l&rsquo;assembl\u00e9e nationale. Ce sera le cas dans d&rsquo;autres pays d\u00e9velopp\u00e9s (Etats Unis &hellip; Lire la suite\u00ad\u00ad\" \/>\n<meta property=\"og:url\" content=\"http:\/\/www.frederic-poitou.com\/blog\/faites-vos-voeux-les-voeux-sont-faits-rien-ne-va-plus\/\" \/>\n<meta property=\"article:publisher\" content=\"https:\/\/www.facebook.com\/frederic.poitou\/\" \/>\n<meta property=\"article:published_time\" content=\"2023-07-15T08:39:32+00:00\" \/>\n<meta property=\"article:modified_time\" content=\"2026-04-29T12:29:44+00:00\" \/>\n<meta name=\"author\" content=\"Fr\u00e9d\u00e9ric Poitou\" \/>\n<meta name=\"twitter:card\" content=\"summary_large_image\" \/>\n<meta name=\"twitter:creator\" content=\"@fredericpoitou\" \/>\n<meta name=\"twitter:site\" content=\"@fredericpoitou\" \/>\n<meta name=\"twitter:label1\" content=\"\u00c9crit par\" \/>\n\t<meta name=\"twitter:data1\" content=\"Fr\u00e9d\u00e9ric Poitou\" \/>\n\t<meta name=\"twitter:label2\" content=\"Dur\u00e9e de lecture estim\u00e9e\" \/>\n\t<meta name=\"twitter:data2\" content=\"2 minutes\" \/>\n<script type=\"application\/ld+json\" class=\"yoast-schema-graph\">{\"@context\":\"https:\/\/schema.org\",\"@graph\":[{\"@type\":\"Article\",\"@id\":\"http:\/\/www.frederic-poitou.com\/blog\/faites-vos-voeux-les-voeux-sont-faits-rien-ne-va-plus\/#article\",\"isPartOf\":{\"@id\":\"http:\/\/www.frederic-poitou.com\/blog\/faites-vos-voeux-les-voeux-sont-faits-rien-ne-va-plus\/\"},\"author\":{\"name\":\"Fr\u00e9d\u00e9ric Poitou\",\"@id\":\"https:\/\/www.frederic-poitou.com\/blog\/#\/schema\/person\/e2c2d05e978747818533fdce859a7799\"},\"headline\":\"FAITES VOS VOEUX. LES VOEUX SONT FAITS, RIEN NE VA PLUS ?\",\"datePublished\":\"2023-07-15T08:39:32+00:00\",\"dateModified\":\"2026-04-29T12:29:44+00:00\",\"mainEntityOfPage\":{\"@id\":\"http:\/\/www.frederic-poitou.com\/blog\/faites-vos-voeux-les-voeux-sont-faits-rien-ne-va-plus\/\"},\"wordCount\":506,\"commentCount\":0,\"keywords\":[\"Actualit\u00e9\",\"Politique\"],\"articleSection\":[\"Accueil\"],\"inLanguage\":\"fr-FR\",\"potentialAction\":[{\"@type\":\"CommentAction\",\"name\":\"Comment\",\"target\":[\"http:\/\/www.frederic-poitou.com\/blog\/faites-vos-voeux-les-voeux-sont-faits-rien-ne-va-plus\/#respond\"]}]},{\"@type\":\"WebPage\",\"@id\":\"http:\/\/www.frederic-poitou.com\/blog\/faites-vos-voeux-les-voeux-sont-faits-rien-ne-va-plus\/\",\"url\":\"http:\/\/www.frederic-poitou.com\/blog\/faites-vos-voeux-les-voeux-sont-faits-rien-ne-va-plus\/\",\"name\":\"FAITES VOS VOEUX. LES VOEUX SONT FAITS, RIEN NE VA PLUS ? -\",\"isPartOf\":{\"@id\":\"https:\/\/www.frederic-poitou.com\/blog\/#website\"},\"datePublished\":\"2023-07-15T08:39:32+00:00\",\"dateModified\":\"2026-04-29T12:29:44+00:00\",\"author\":{\"@id\":\"https:\/\/www.frederic-poitou.com\/blog\/#\/schema\/person\/e2c2d05e978747818533fdce859a7799\"},\"breadcrumb\":{\"@id\":\"http:\/\/www.frederic-poitou.com\/blog\/faites-vos-voeux-les-voeux-sont-faits-rien-ne-va-plus\/#breadcrumb\"},\"inLanguage\":\"fr-FR\",\"potentialAction\":[{\"@type\":\"ReadAction\",\"target\":[\"http:\/\/www.frederic-poitou.com\/blog\/faites-vos-voeux-les-voeux-sont-faits-rien-ne-va-plus\/\"]}]},{\"@type\":\"BreadcrumbList\",\"@id\":\"http:\/\/www.frederic-poitou.com\/blog\/faites-vos-voeux-les-voeux-sont-faits-rien-ne-va-plus\/#breadcrumb\",\"itemListElement\":[{\"@type\":\"ListItem\",\"position\":1,\"name\":\"Accueil\",\"item\":\"https:\/\/www.frederic-poitou.com\/blog\/\"},{\"@type\":\"ListItem\",\"position\":2,\"name\":\"FAITES VOS VOEUX. LES VOEUX SONT FAITS, RIEN NE VA PLUS ?\"}]},{\"@type\":\"WebSite\",\"@id\":\"https:\/\/www.frederic-poitou.com\/blog\/#website\",\"url\":\"https:\/\/www.frederic-poitou.com\/blog\/\",\"name\":\"\",\"description\":\"\",\"potentialAction\":[{\"@type\":\"SearchAction\",\"target\":{\"@type\":\"EntryPoint\",\"urlTemplate\":\"https:\/\/www.frederic-poitou.com\/blog\/?s={search_term_string}\"},\"query-input\":{\"@type\":\"PropertyValueSpecification\",\"valueRequired\":true,\"valueName\":\"search_term_string\"}}],\"inLanguage\":\"fr-FR\"},{\"@type\":\"Person\",\"@id\":\"https:\/\/www.frederic-poitou.com\/blog\/#\/schema\/person\/e2c2d05e978747818533fdce859a7799\",\"name\":\"Fr\u00e9d\u00e9ric Poitou\",\"image\":{\"@type\":\"ImageObject\",\"inLanguage\":\"fr-FR\",\"@id\":\"https:\/\/www.frederic-poitou.com\/blog\/#\/schema\/person\/image\/\",\"url\":\"https:\/\/secure.gravatar.com\/avatar\/1933bcca279a2feafd35d9e0a080c521e11beb51115fe4cfe02e2586ac13424a?s=96&d=mm&r=g\",\"contentUrl\":\"https:\/\/secure.gravatar.com\/avatar\/1933bcca279a2feafd35d9e0a080c521e11beb51115fe4cfe02e2586ac13424a?s=96&d=mm&r=g\",\"caption\":\"Fr\u00e9d\u00e9ric Poitou\"},\"description\":\"Fr\u00e9d\u00e9ric Poitou est n\u00e9 \u00e0 Rouen, et y a fait des \u00e9tudes au Conservatoire en musique-\u00e9tudes en section piano. Il s'est ensuite orient\u00e9 vers des \u00e9tudes scientifiques o\u00f9 il a obtenu un dipl\u00f4me d'ing\u00e9nieur, puis un doctorat en Chimie. Il est Expert Judiciaire en France, en Belgique et \u00e0 Luxembourg, et agr\u00e9e par les Institutions Europ\u00e9ennes.\",\"sameAs\":[\"http:\/\/www.frederic-poitou.com\",\"https:\/\/www.linkedin.com\/in\/frederic-poitou-b045a025\/\"]}]}<\/script>\n<!-- \/ Yoast SEO plugin. -->","yoast_head_json":{"title":"FAITES VOS VOEUX. LES VOEUX SONT FAITS, RIEN NE VA PLUS ? -","robots":{"index":"index","follow":"follow","max-snippet":"max-snippet:-1","max-image-preview":"max-image-preview:large","max-video-preview":"max-video-preview:-1"},"canonical":"http:\/\/www.frederic-poitou.com\/blog\/faites-vos-voeux-les-voeux-sont-faits-rien-ne-va-plus\/","og_locale":"fr_FR","og_type":"article","og_title":"FAITES VOS VOEUX. LES VOEUX SONT FAITS, RIEN NE VA PLUS ? -","og_description":"Mais si, tout va bien ! Bien sur, nous abordons en France une ann\u00e9e importante puisque nous voterons deux fois, pour renouveler le pr\u00e9sident de la r\u00e9publique et l&rsquo;assembl\u00e9e nationale. Ce sera le cas dans d&rsquo;autres pays d\u00e9velopp\u00e9s (Etats Unis &hellip; Lire la suite\u00ad\u00ad","og_url":"http:\/\/www.frederic-poitou.com\/blog\/faites-vos-voeux-les-voeux-sont-faits-rien-ne-va-plus\/","article_publisher":"https:\/\/www.facebook.com\/frederic.poitou\/","article_published_time":"2023-07-15T08:39:32+00:00","article_modified_time":"2026-04-29T12:29:44+00:00","author":"Fr\u00e9d\u00e9ric Poitou","twitter_card":"summary_large_image","twitter_creator":"@fredericpoitou","twitter_site":"@fredericpoitou","twitter_misc":{"\u00c9crit par":"Fr\u00e9d\u00e9ric Poitou","Dur\u00e9e de lecture estim\u00e9e":"2 minutes"},"schema":{"@context":"https:\/\/schema.org","@graph":[{"@type":"Article","@id":"http:\/\/www.frederic-poitou.com\/blog\/faites-vos-voeux-les-voeux-sont-faits-rien-ne-va-plus\/#article","isPartOf":{"@id":"http:\/\/www.frederic-poitou.com\/blog\/faites-vos-voeux-les-voeux-sont-faits-rien-ne-va-plus\/"},"author":{"name":"Fr\u00e9d\u00e9ric Poitou","@id":"https:\/\/www.frederic-poitou.com\/blog\/#\/schema\/person\/e2c2d05e978747818533fdce859a7799"},"headline":"FAITES VOS VOEUX. LES VOEUX SONT FAITS, RIEN NE VA PLUS ?","datePublished":"2023-07-15T08:39:32+00:00","dateModified":"2026-04-29T12:29:44+00:00","mainEntityOfPage":{"@id":"http:\/\/www.frederic-poitou.com\/blog\/faites-vos-voeux-les-voeux-sont-faits-rien-ne-va-plus\/"},"wordCount":506,"commentCount":0,"keywords":["Actualit\u00e9","Politique"],"articleSection":["Accueil"],"inLanguage":"fr-FR","potentialAction":[{"@type":"CommentAction","name":"Comment","target":["http:\/\/www.frederic-poitou.com\/blog\/faites-vos-voeux-les-voeux-sont-faits-rien-ne-va-plus\/#respond"]}]},{"@type":"WebPage","@id":"http:\/\/www.frederic-poitou.com\/blog\/faites-vos-voeux-les-voeux-sont-faits-rien-ne-va-plus\/","url":"http:\/\/www.frederic-poitou.com\/blog\/faites-vos-voeux-les-voeux-sont-faits-rien-ne-va-plus\/","name":"FAITES VOS VOEUX. LES VOEUX SONT FAITS, RIEN NE VA PLUS ? -","isPartOf":{"@id":"https:\/\/www.frederic-poitou.com\/blog\/#website"},"datePublished":"2023-07-15T08:39:32+00:00","dateModified":"2026-04-29T12:29:44+00:00","author":{"@id":"https:\/\/www.frederic-poitou.com\/blog\/#\/schema\/person\/e2c2d05e978747818533fdce859a7799"},"breadcrumb":{"@id":"http:\/\/www.frederic-poitou.com\/blog\/faites-vos-voeux-les-voeux-sont-faits-rien-ne-va-plus\/#breadcrumb"},"inLanguage":"fr-FR","potentialAction":[{"@type":"ReadAction","target":["http:\/\/www.frederic-poitou.com\/blog\/faites-vos-voeux-les-voeux-sont-faits-rien-ne-va-plus\/"]}]},{"@type":"BreadcrumbList","@id":"http:\/\/www.frederic-poitou.com\/blog\/faites-vos-voeux-les-voeux-sont-faits-rien-ne-va-plus\/#breadcrumb","itemListElement":[{"@type":"ListItem","position":1,"name":"Accueil","item":"https:\/\/www.frederic-poitou.com\/blog\/"},{"@type":"ListItem","position":2,"name":"FAITES VOS VOEUX. LES VOEUX SONT FAITS, RIEN NE VA PLUS ?"}]},{"@type":"WebSite","@id":"https:\/\/www.frederic-poitou.com\/blog\/#website","url":"https:\/\/www.frederic-poitou.com\/blog\/","name":"","description":"","potentialAction":[{"@type":"SearchAction","target":{"@type":"EntryPoint","urlTemplate":"https:\/\/www.frederic-poitou.com\/blog\/?s={search_term_string}"},"query-input":{"@type":"PropertyValueSpecification","valueRequired":true,"valueName":"search_term_string"}}],"inLanguage":"fr-FR"},{"@type":"Person","@id":"https:\/\/www.frederic-poitou.com\/blog\/#\/schema\/person\/e2c2d05e978747818533fdce859a7799","name":"Fr\u00e9d\u00e9ric Poitou","image":{"@type":"ImageObject","inLanguage":"fr-FR","@id":"https:\/\/www.frederic-poitou.com\/blog\/#\/schema\/person\/image\/","url":"https:\/\/secure.gravatar.com\/avatar\/1933bcca279a2feafd35d9e0a080c521e11beb51115fe4cfe02e2586ac13424a?s=96&d=mm&r=g","contentUrl":"https:\/\/secure.gravatar.com\/avatar\/1933bcca279a2feafd35d9e0a080c521e11beb51115fe4cfe02e2586ac13424a?s=96&d=mm&r=g","caption":"Fr\u00e9d\u00e9ric Poitou"},"description":"Fr\u00e9d\u00e9ric Poitou est n\u00e9 \u00e0 Rouen, et y a fait des \u00e9tudes au Conservatoire en musique-\u00e9tudes en section piano. Il s'est ensuite orient\u00e9 vers des \u00e9tudes scientifiques o\u00f9 il a obtenu un dipl\u00f4me d'ing\u00e9nieur, puis un doctorat en Chimie. Il est Expert Judiciaire en France, en Belgique et \u00e0 Luxembourg, et agr\u00e9e par les Institutions Europ\u00e9ennes.","sameAs":["http:\/\/www.frederic-poitou.com","https:\/\/www.linkedin.com\/in\/frederic-poitou-b045a025\/"]}]}},"_links":{"self":[{"href":"https:\/\/www.frederic-poitou.com\/blog\/wp-json\/wp\/v2\/posts\/5966","targetHints":{"allow":["GET"]}}],"collection":[{"href":"https:\/\/www.frederic-poitou.com\/blog\/wp-json\/wp\/v2\/posts"}],"about":[{"href":"https:\/\/www.frederic-poitou.com\/blog\/wp-json\/wp\/v2\/types\/post"}],"author":[{"embeddable":true,"href":"https:\/\/www.frederic-poitou.com\/blog\/wp-json\/wp\/v2\/users\/4"}],"replies":[{"embeddable":true,"href":"https:\/\/www.frederic-poitou.com\/blog\/wp-json\/wp\/v2\/comments?post=5966"}],"version-history":[{"count":1,"href":"https:\/\/www.frederic-poitou.com\/blog\/wp-json\/wp\/v2\/posts\/5966\/revisions"}],"predecessor-version":[{"id":10254,"href":"https:\/\/www.frederic-poitou.com\/blog\/wp-json\/wp\/v2\/posts\/5966\/revisions\/10254"}],"wp:attachment":[{"href":"https:\/\/www.frederic-poitou.com\/blog\/wp-json\/wp\/v2\/media?parent=5966"}],"wp:term":[{"taxonomy":"category","embeddable":true,"href":"https:\/\/www.frederic-poitou.com\/blog\/wp-json\/wp\/v2\/categories?post=5966"},{"taxonomy":"post_tag","embeddable":true,"href":"https:\/\/www.frederic-poitou.com\/blog\/wp-json\/wp\/v2\/tags?post=5966"}],"curies":[{"name":"wp","href":"https:\/\/api.w.org\/{rel}","templated":true}]}}