{"id":5959,"date":"2023-07-15T12:44:32","date_gmt":"2023-07-15T10:44:32","guid":{"rendered":"http:\/\/www.frederic-poitou.com\/blog\/?p=5959"},"modified":"2026-04-30T00:52:02","modified_gmt":"2026-04-29T22:52:02","slug":"les-pretres-dans-la-selection-classique-de-la-fnac","status":"publish","type":"post","link":"https:\/\/www.frederic-poitou.com\/blog\/les-pretres-dans-la-selection-classique-de-la-fnac\/","title":{"rendered":"LES PR\u00caTRES DANS LA SELECTION \u00ab\u00a0CLASSIQUE\u00a0\u00bb DE LA FNAC !"},"content":{"rendered":"<p><img loading=\"lazy\" decoding=\"async\" class=\"size-full wp-image-5960 alignleft\" style=\"margin: 5px; border: 5px solid black;\" title=\"Les-Pretres-Gloria\" src=\"http:\/\/www.frederic-poitou.com\/blog\/wp-content\/Les-Pretres-Gloria.jpg\" alt=\"Les-Pretres-Gloria\" width=\"180\" height=\"180\" srcset=\"https:\/\/www.frederic-poitou.com\/blog\/wp-content\/Les-Pretres-Gloria.jpg 500w, https:\/\/www.frederic-poitou.com\/blog\/wp-content\/Les-Pretres-Gloria-150x150.jpg 150w, https:\/\/www.frederic-poitou.com\/blog\/wp-content\/Les-Pretres-Gloria-300x300.jpg 300w\" sizes=\"auto, (max-width: 180px) 100vw, 180px\" \/><\/p>\n<p>Ca n&rsquo;est pas un gag !<\/p>\n<p>La FNAC a d\u00e9cid\u00e9 de mettre en avant le CD des \u00ab\u00a0pr\u00eatres\u00a0\u00bb dans sa s\u00e9lection de musique classique pour les f\u00eates de fin d&rsquo;ann\u00e9e.<br \/>\nPassons sur le caract\u00e8re \u00ab\u00a0<em>surprenant<\/em>\u00a0\u00bb de retrouver des hommes dont la vie est th\u00e9oriquement consacr\u00e9e \u00e0 la spiritualit\u00e9, marquet\u00e9s comme les bimbos de la Star Acad\u00e9my.<\/p>\n<p>En revanche, les annoncer comme \u00e9tant de la musique classique, ca n&rsquo;est pas s\u00e9rieux. Pourquoi pas Clayderman, ou Andr\u00e9 Rieu alors &#8230;<\/p>\n<p>Dans le registre Chr\u00e9tien et Classique, je vous proposerais plut\u00f4t \u00ab\u00a0Passion Bach\u00a0\u00bb par Gilles Cantagrel. Bach, c&rsquo;est \u00ab\u00a0l&rsquo;homme qui tutoyait Dieu\u00a0\u00bb, et Cantagrel lui consacre r\u00e9guli\u00e8rement des ouvrages. Le dernier est un coffret de 6 CD accompagn\u00e9 d&rsquo;un livret nomm\u00e9 \u00ab\u00a0Bach, la Chair et l&rsquo;esprit\u00a0\u00bb. (cliquez <strong><a href=\"http:\/\/www.franceinter.fr\/player\/reecouter?play=241891\" target=\"_blank\" rel=\"noopener\">ICI <\/a><\/strong>pour r\u00e9-entendre Fr\u00e9d\u00e9ric LODEON \u00e0 ce sujet)<\/p>\n<p style=\"margin-top: 0px; margin-right: 0px; margin-bottom: 20px; margin-left: 0px; outline-width: 0px; outline-style: initial; outline-color: initial; font-weight: inherit; font-style: inherit; font-size: 13px; font-family: inherit; vertical-align: baseline; line-height: 18px; padding: 0px; border: 0px initial initial;\">\n<p style=\"margin-top: 0px; margin-right: 0px; margin-bottom: 20px; margin-left: 0px; outline-width: 0px; outline-style: initial; outline-color: initial; font-weight: inherit; font-style: inherit; font-size: 13px; font-family: inherit; vertical-align: baseline; line-height: 18px; padding: 0px; border: 0px initial initial;\"><em>Musicologue, ancien directeur de France Musique et repr\u00e9sentant de la France \u00e0 l\u2019Union Europ\u00e9enne de Radiodiffusion, ancien ma\u00eetre de conf\u00e9rences \u00e0 Paris IV-Sorbonne, Gilles Cantagrel a particip\u00e9 \u00e0 la cr\u00e9ation du salon de la musique Musicora.<\/em><\/p>\n<p style=\"margin-top: 0px; margin-right: 0px; margin-bottom: 20px; margin-left: 0px; outline-width: 0px; outline-style: initial; outline-color: initial; font-weight: inherit; font-style: inherit; font-size: 13px; font-family: inherit; vertical-align: baseline; line-height: 18px; padding: 0px; border: 0px initial initial;\"><em>Responsable du premier \u00ab\u00a0Europa Bach Festival\u00a0\u00bb de la Neue Bachgesellschaft, administrateur au Centre de musique baroque de Versailles, il est membre du Conseil de surveillance de la Fondation Bach de Leipzig et correspondant de l\u2019Acad\u00e9mie des Beaux-Arts.<\/em><\/p>\n<p style=\"margin-top: 0px; margin-right: 0px; margin-bottom: 20px; margin-left: 0px; outline-width: 0px; outline-style: initial; outline-color: initial; font-weight: inherit; font-style: inherit; font-size: 13px; font-family: inherit; vertical-align: baseline; line-height: 18px; padding: 0px; border: 0px initial initial;\"><em>Auteur de nombreux livres et articles, sp\u00e9cialiste de Bach, il a publi\u00e9 une vingtaine d\u2019ouvrages, dont\u00a0<span style=\"outline-width: 0px; outline-style: initial; outline-color: initial; font-weight: inherit; font-style: italic; font-size: 13px; font-family: inherit; vertical-align: baseline; padding: 0px; margin: 0px; border: 0px initial initial;\">Bach en son temps<\/span>, puis\u00a0\u00a0<span style=\"outline-width: 0px; outline-style: initial; outline-color: initial; font-weight: inherit; font-style: italic; font-size: 13px; font-family: inherit; vertical-align: baseline; padding: 0px; margin: 0px; border: 0px initial initial;\">Le moulin et la rivi\u00e8re, air et variations sur Bach<\/span> et\u00a0<span style=\"outline-width: 0px; outline-style: initial; outline-color: initial; font-weight: inherit; font-style: italic; font-size: 13px; font-family: inherit; vertical-align: baseline; padding: 0px; margin: 0px; border: 0px initial initial;\">Passion Bach<\/span>, ainsi que\u00a0<span style=\"outline-width: 0px; outline-style: initial; outline-color: initial; font-weight: inherit; font-style: italic; font-size: 13px; font-family: inherit; vertical-align: baseline; padding: 0px; margin: 0px; border: 0px initial initial;\">Telemann ou l\u2019illustre inconnu<\/span> et\u00a0<span style=\"outline-width: 0px; outline-style: initial; outline-color: initial; font-weight: inherit; font-style: italic; font-size: 13px; font-family: inherit; vertical-align: baseline; padding: 0px; margin: 0px; border: 0px initial initial;\">Les plus beaux manuscrits de Mozart<\/span>.<\/em><\/p>\n<p style=\"margin-top: 0px; margin-right: 0px; margin-bottom: 20px; margin-left: 0px; outline-width: 0px; outline-style: initial; outline-color: initial; font-weight: inherit; font-style: inherit; font-size: 13px; font-family: inherit; vertical-align: baseline; line-height: 18px; padding: 0px; border: 0px initial initial;\"><em>Son roman\u00a0<span style=\"outline-width: 0px; outline-style: initial; outline-color: initial; font-weight: inherit; font-style: italic; font-size: 13px; font-family: inherit; vertical-align: baseline; padding: 0px; margin: 0px; border: 0px initial initial;\">La rencontre de L\u00fcbeck <\/span>met en sc\u00e8ne le mythique voyage du jeune Bach aupr\u00e8s du ma\u00eetre Buxtehude. Apr\u00e8s\u00a0<span style=\"outline-width: 0px; outline-style: initial; outline-color: initial; font-weight: inherit; font-style: italic; font-size: 13px; font-family: inherit; vertical-align: baseline; padding: 0px; margin: 0px; border: 0px initial initial;\">Dieterich Buxtehude et la musique en Allemagne du Nord dans la seconde moiti\u00e9 du xviie si\u00e8cle<\/span>, et\u00a0<span style=\"outline-width: 0px; outline-style: initial; outline-color: initial; font-weight: inherit; font-style: italic; font-size: 13px; font-family: inherit; vertical-align: baseline; padding: 0px; margin: 0px; border: 0px initial initial;\">De Sch\u00fctz \u00e0 Bach<\/span>, consacr\u00e9 \u00e0 la musique dans l\u2019Allemagne du Baroque, ont paru une grande \u00e9tude sur\u00a0<span style=\"outline-width: 0px; outline-style: initial; outline-color: initial; font-weight: inherit; font-style: italic; font-size: 13px; font-family: inherit; vertical-align: baseline; padding: 0px; margin: 0px; border: 0px initial initial;\">Les cantates de J.\u00a0S. Bach<\/span>, suivie de son compl\u00e9ment\u00a0<span style=\"outline-width: 0px; outline-style: initial; outline-color: initial; font-weight: inherit; font-style: italic; font-size: 13px; font-family: inherit; vertical-align: baseline; padding: 0px; margin: 0px; border: 0px initial initial;\">J.\u00a0S.\u00a0Bach\u00a0: Passions, Messes et Motets<\/span>.<\/em><\/p>\n<p style=\"margin-top: 0px; margin-right: 0px; margin-bottom: 20px; margin-left: 0px; outline-width: 0px; outline-style: initial; outline-color: initial; font-weight: inherit; font-style: inherit; font-size: 13px; font-family: inherit; vertical-align: baseline; line-height: 18px; padding: 0px; border: 0px initial initial;\"><em><br \/>\n<\/em><\/p>\n<p><img loading=\"lazy\" decoding=\"async\" class=\"aligncenter size-full wp-image-5963\" title=\"ALPHA_bach_montage_2\" src=\"http:\/\/www.frederic-poitou.com\/blog\/wp-content\/ALPHA_bach_montage_2.jpg\" alt=\"ALPHA_bach_montage_2\" width=\"317\" height=\"373\" srcset=\"https:\/\/www.frederic-poitou.com\/blog\/wp-content\/ALPHA_bach_montage_2.jpg 317w, https:\/\/www.frederic-poitou.com\/blog\/wp-content\/ALPHA_bach_montage_2-254x300.jpg 254w\" sizes=\"auto, (max-width: 317px) 100vw, 317px\" \/><\/p>\n<p style=\"text-align: center;\">\n<p style=\"text-align: center;\">\n<p style=\"text-align: center;\">\n<p style=\"text-align: center;\">\n<p style=\"text-align: center;\">\n<p style=\"text-align: center;\">\n<p style=\"text-align: center;\">\n","protected":false},"excerpt":{"rendered":"<p>Ca n&rsquo;est pas un gag ! La FNAC a d\u00e9cid\u00e9 de mettre en avant le CD des \u00ab\u00a0pr\u00eatres\u00a0\u00bb dans sa s\u00e9lection de musique classique pour les f\u00eates de fin d&rsquo;ann\u00e9e. Passons sur le caract\u00e8re \u00ab\u00a0surprenant\u00a0\u00bb de retrouver des hommes dont &hellip; <a href=\"https:\/\/www.frederic-poitou.com\/blog\/les-pretres-dans-la-selection-classique-de-la-fnac\/\">Lire la suite\u00ad\u00ad<\/a><\/p>\n","protected":false},"author":4,"featured_media":0,"comment_status":"open","ping_status":"open","sticky":false,"template":"","format":"standard","meta":{"kt_blocks_editor_width":"","_exactmetrics_skip_tracking":false,"_exactmetrics_sitenote_active":false,"_exactmetrics_sitenote_note":"","_exactmetrics_sitenote_category":0,"footnotes":""},"categories":[48],"tags":[27],"class_list":["post-5959","post","type-post","status-publish","format-standard","hentry","category-accueil","tag-actualite"],"yoast_head":"<!-- This site is optimized with the Yoast SEO plugin v27.1.1 - https:\/\/yoast.com\/product\/yoast-seo-wordpress\/ -->\n<title>LES PR\u00caTRES DANS LA SELECTION &quot;CLASSIQUE&quot; DE LA FNAC ! -<\/title>\n<meta name=\"robots\" content=\"index, follow, max-snippet:-1, max-image-preview:large, max-video-preview:-1\" \/>\n<link rel=\"canonical\" href=\"http:\/\/www.frederic-poitou.com\/blog\/les-pretres-dans-la-selection-classique-de-la-fnac\/\" \/>\n<meta property=\"og:locale\" content=\"fr_FR\" \/>\n<meta property=\"og:type\" content=\"article\" \/>\n<meta property=\"og:title\" content=\"LES PR\u00caTRES DANS LA SELECTION &quot;CLASSIQUE&quot; DE LA FNAC ! -\" \/>\n<meta property=\"og:description\" content=\"Ca n&rsquo;est pas un gag ! La FNAC a d\u00e9cid\u00e9 de mettre en avant le CD des \u00ab\u00a0pr\u00eatres\u00a0\u00bb dans sa s\u00e9lection de musique classique pour les f\u00eates de fin d&rsquo;ann\u00e9e. Passons sur le caract\u00e8re \u00ab\u00a0surprenant\u00a0\u00bb de retrouver des hommes dont &hellip; Lire la suite\u00ad\u00ad\" \/>\n<meta property=\"og:url\" content=\"http:\/\/www.frederic-poitou.com\/blog\/les-pretres-dans-la-selection-classique-de-la-fnac\/\" \/>\n<meta property=\"article:publisher\" content=\"https:\/\/www.facebook.com\/frederic.poitou\/\" \/>\n<meta property=\"article:published_time\" content=\"2023-07-15T10:44:32+00:00\" \/>\n<meta property=\"article:modified_time\" content=\"2026-04-29T22:52:02+00:00\" \/>\n<meta property=\"og:image\" content=\"https:\/\/www.frederic-poitou.com\/blog\/wp-content\/Les-Pretres-Gloria.jpg\" \/>\n\t<meta property=\"og:image:width\" content=\"500\" \/>\n\t<meta property=\"og:image:height\" content=\"500\" \/>\n\t<meta property=\"og:image:type\" content=\"image\/jpeg\" \/>\n<meta name=\"author\" content=\"Fr\u00e9d\u00e9ric Poitou\" \/>\n<meta name=\"twitter:card\" content=\"summary_large_image\" \/>\n<meta name=\"twitter:creator\" content=\"@fredericpoitou\" \/>\n<meta name=\"twitter:site\" content=\"@fredericpoitou\" \/>\n<meta name=\"twitter:label1\" content=\"\u00c9crit par\" \/>\n\t<meta name=\"twitter:data1\" content=\"Fr\u00e9d\u00e9ric Poitou\" \/>\n\t<meta name=\"twitter:label2\" content=\"Dur\u00e9e de lecture estim\u00e9e\" \/>\n\t<meta name=\"twitter:data2\" content=\"2 minutes\" \/>\n<script type=\"application\/ld+json\" class=\"yoast-schema-graph\">{\"@context\":\"https:\/\/schema.org\",\"@graph\":[{\"@type\":\"Article\",\"@id\":\"http:\/\/www.frederic-poitou.com\/blog\/les-pretres-dans-la-selection-classique-de-la-fnac\/#article\",\"isPartOf\":{\"@id\":\"http:\/\/www.frederic-poitou.com\/blog\/les-pretres-dans-la-selection-classique-de-la-fnac\/\"},\"author\":{\"name\":\"Fr\u00e9d\u00e9ric Poitou\",\"@id\":\"https:\/\/www.frederic-poitou.com\/blog\/#\/schema\/person\/e2c2d05e978747818533fdce859a7799\"},\"headline\":\"LES PR\u00caTRES DANS LA SELECTION \u00ab\u00a0CLASSIQUE\u00a0\u00bb DE LA FNAC !\",\"datePublished\":\"2023-07-15T10:44:32+00:00\",\"dateModified\":\"2026-04-29T22:52:02+00:00\",\"mainEntityOfPage\":{\"@id\":\"http:\/\/www.frederic-poitou.com\/blog\/les-pretres-dans-la-selection-classique-de-la-fnac\/\"},\"wordCount\":370,\"commentCount\":0,\"image\":{\"@id\":\"http:\/\/www.frederic-poitou.com\/blog\/les-pretres-dans-la-selection-classique-de-la-fnac\/#primaryimage\"},\"thumbnailUrl\":\"http:\/\/www.frederic-poitou.com\/blog\/wp-content\/Les-Pretres-Gloria.jpg\",\"keywords\":[\"Actualit\u00e9\"],\"articleSection\":[\"Accueil\"],\"inLanguage\":\"fr-FR\",\"potentialAction\":[{\"@type\":\"CommentAction\",\"name\":\"Comment\",\"target\":[\"http:\/\/www.frederic-poitou.com\/blog\/les-pretres-dans-la-selection-classique-de-la-fnac\/#respond\"]}]},{\"@type\":\"WebPage\",\"@id\":\"http:\/\/www.frederic-poitou.com\/blog\/les-pretres-dans-la-selection-classique-de-la-fnac\/\",\"url\":\"http:\/\/www.frederic-poitou.com\/blog\/les-pretres-dans-la-selection-classique-de-la-fnac\/\",\"name\":\"LES PR\u00caTRES DANS LA SELECTION \\\"CLASSIQUE\\\" DE LA FNAC ! -\",\"isPartOf\":{\"@id\":\"https:\/\/www.frederic-poitou.com\/blog\/#website\"},\"primaryImageOfPage\":{\"@id\":\"http:\/\/www.frederic-poitou.com\/blog\/les-pretres-dans-la-selection-classique-de-la-fnac\/#primaryimage\"},\"image\":{\"@id\":\"http:\/\/www.frederic-poitou.com\/blog\/les-pretres-dans-la-selection-classique-de-la-fnac\/#primaryimage\"},\"thumbnailUrl\":\"http:\/\/www.frederic-poitou.com\/blog\/wp-content\/Les-Pretres-Gloria.jpg\",\"datePublished\":\"2023-07-15T10:44:32+00:00\",\"dateModified\":\"2026-04-29T22:52:02+00:00\",\"author\":{\"@id\":\"https:\/\/www.frederic-poitou.com\/blog\/#\/schema\/person\/e2c2d05e978747818533fdce859a7799\"},\"breadcrumb\":{\"@id\":\"http:\/\/www.frederic-poitou.com\/blog\/les-pretres-dans-la-selection-classique-de-la-fnac\/#breadcrumb\"},\"inLanguage\":\"fr-FR\",\"potentialAction\":[{\"@type\":\"ReadAction\",\"target\":[\"http:\/\/www.frederic-poitou.com\/blog\/les-pretres-dans-la-selection-classique-de-la-fnac\/\"]}]},{\"@type\":\"ImageObject\",\"inLanguage\":\"fr-FR\",\"@id\":\"http:\/\/www.frederic-poitou.com\/blog\/les-pretres-dans-la-selection-classique-de-la-fnac\/#primaryimage\",\"url\":\"https:\/\/www.frederic-poitou.com\/blog\/wp-content\/Les-Pretres-Gloria.jpg\",\"contentUrl\":\"https:\/\/www.frederic-poitou.com\/blog\/wp-content\/Les-Pretres-Gloria.jpg\",\"width\":\"500\",\"height\":\"500\"},{\"@type\":\"BreadcrumbList\",\"@id\":\"http:\/\/www.frederic-poitou.com\/blog\/les-pretres-dans-la-selection-classique-de-la-fnac\/#breadcrumb\",\"itemListElement\":[{\"@type\":\"ListItem\",\"position\":1,\"name\":\"Accueil\",\"item\":\"https:\/\/www.frederic-poitou.com\/blog\/\"},{\"@type\":\"ListItem\",\"position\":2,\"name\":\"LES PR\u00caTRES DANS LA SELECTION \u00ab\u00a0CLASSIQUE\u00a0\u00bb DE LA FNAC !\"}]},{\"@type\":\"WebSite\",\"@id\":\"https:\/\/www.frederic-poitou.com\/blog\/#website\",\"url\":\"https:\/\/www.frederic-poitou.com\/blog\/\",\"name\":\"\",\"description\":\"\",\"potentialAction\":[{\"@type\":\"SearchAction\",\"target\":{\"@type\":\"EntryPoint\",\"urlTemplate\":\"https:\/\/www.frederic-poitou.com\/blog\/?s={search_term_string}\"},\"query-input\":{\"@type\":\"PropertyValueSpecification\",\"valueRequired\":true,\"valueName\":\"search_term_string\"}}],\"inLanguage\":\"fr-FR\"},{\"@type\":\"Person\",\"@id\":\"https:\/\/www.frederic-poitou.com\/blog\/#\/schema\/person\/e2c2d05e978747818533fdce859a7799\",\"name\":\"Fr\u00e9d\u00e9ric Poitou\",\"image\":{\"@type\":\"ImageObject\",\"inLanguage\":\"fr-FR\",\"@id\":\"https:\/\/www.frederic-poitou.com\/blog\/#\/schema\/person\/image\/\",\"url\":\"https:\/\/secure.gravatar.com\/avatar\/1933bcca279a2feafd35d9e0a080c521e11beb51115fe4cfe02e2586ac13424a?s=96&d=mm&r=g\",\"contentUrl\":\"https:\/\/secure.gravatar.com\/avatar\/1933bcca279a2feafd35d9e0a080c521e11beb51115fe4cfe02e2586ac13424a?s=96&d=mm&r=g\",\"caption\":\"Fr\u00e9d\u00e9ric Poitou\"},\"description\":\"Fr\u00e9d\u00e9ric Poitou est n\u00e9 \u00e0 Rouen, et y a fait des \u00e9tudes au Conservatoire en musique-\u00e9tudes en section piano. Il s'est ensuite orient\u00e9 vers des \u00e9tudes scientifiques o\u00f9 il a obtenu un dipl\u00f4me d'ing\u00e9nieur, puis un doctorat en Chimie. Il est Expert Judiciaire en France, en Belgique et \u00e0 Luxembourg, et agr\u00e9e par les Institutions Europ\u00e9ennes.\",\"sameAs\":[\"http:\/\/www.frederic-poitou.com\",\"https:\/\/www.linkedin.com\/in\/frederic-poitou-b045a025\/\"]}]}<\/script>\n<!-- \/ Yoast SEO plugin. -->","yoast_head_json":{"title":"LES PR\u00caTRES DANS LA SELECTION \"CLASSIQUE\" DE LA FNAC ! -","robots":{"index":"index","follow":"follow","max-snippet":"max-snippet:-1","max-image-preview":"max-image-preview:large","max-video-preview":"max-video-preview:-1"},"canonical":"http:\/\/www.frederic-poitou.com\/blog\/les-pretres-dans-la-selection-classique-de-la-fnac\/","og_locale":"fr_FR","og_type":"article","og_title":"LES PR\u00caTRES DANS LA SELECTION \"CLASSIQUE\" DE LA FNAC ! -","og_description":"Ca n&rsquo;est pas un gag ! La FNAC a d\u00e9cid\u00e9 de mettre en avant le CD des \u00ab\u00a0pr\u00eatres\u00a0\u00bb dans sa s\u00e9lection de musique classique pour les f\u00eates de fin d&rsquo;ann\u00e9e. Passons sur le caract\u00e8re \u00ab\u00a0surprenant\u00a0\u00bb de retrouver des hommes dont &hellip; Lire la suite\u00ad\u00ad","og_url":"http:\/\/www.frederic-poitou.com\/blog\/les-pretres-dans-la-selection-classique-de-la-fnac\/","article_publisher":"https:\/\/www.facebook.com\/frederic.poitou\/","article_published_time":"2023-07-15T10:44:32+00:00","article_modified_time":"2026-04-29T22:52:02+00:00","og_image":[{"width":500,"height":500,"url":"https:\/\/www.frederic-poitou.com\/blog\/wp-content\/Les-Pretres-Gloria.jpg","type":"image\/jpeg"}],"author":"Fr\u00e9d\u00e9ric Poitou","twitter_card":"summary_large_image","twitter_creator":"@fredericpoitou","twitter_site":"@fredericpoitou","twitter_misc":{"\u00c9crit par":"Fr\u00e9d\u00e9ric Poitou","Dur\u00e9e de lecture estim\u00e9e":"2 minutes"},"schema":{"@context":"https:\/\/schema.org","@graph":[{"@type":"Article","@id":"http:\/\/www.frederic-poitou.com\/blog\/les-pretres-dans-la-selection-classique-de-la-fnac\/#article","isPartOf":{"@id":"http:\/\/www.frederic-poitou.com\/blog\/les-pretres-dans-la-selection-classique-de-la-fnac\/"},"author":{"name":"Fr\u00e9d\u00e9ric Poitou","@id":"https:\/\/www.frederic-poitou.com\/blog\/#\/schema\/person\/e2c2d05e978747818533fdce859a7799"},"headline":"LES PR\u00caTRES DANS LA SELECTION \u00ab\u00a0CLASSIQUE\u00a0\u00bb DE LA FNAC !","datePublished":"2023-07-15T10:44:32+00:00","dateModified":"2026-04-29T22:52:02+00:00","mainEntityOfPage":{"@id":"http:\/\/www.frederic-poitou.com\/blog\/les-pretres-dans-la-selection-classique-de-la-fnac\/"},"wordCount":370,"commentCount":0,"image":{"@id":"http:\/\/www.frederic-poitou.com\/blog\/les-pretres-dans-la-selection-classique-de-la-fnac\/#primaryimage"},"thumbnailUrl":"http:\/\/www.frederic-poitou.com\/blog\/wp-content\/Les-Pretres-Gloria.jpg","keywords":["Actualit\u00e9"],"articleSection":["Accueil"],"inLanguage":"fr-FR","potentialAction":[{"@type":"CommentAction","name":"Comment","target":["http:\/\/www.frederic-poitou.com\/blog\/les-pretres-dans-la-selection-classique-de-la-fnac\/#respond"]}]},{"@type":"WebPage","@id":"http:\/\/www.frederic-poitou.com\/blog\/les-pretres-dans-la-selection-classique-de-la-fnac\/","url":"http:\/\/www.frederic-poitou.com\/blog\/les-pretres-dans-la-selection-classique-de-la-fnac\/","name":"LES PR\u00caTRES DANS LA SELECTION \"CLASSIQUE\" DE LA FNAC ! -","isPartOf":{"@id":"https:\/\/www.frederic-poitou.com\/blog\/#website"},"primaryImageOfPage":{"@id":"http:\/\/www.frederic-poitou.com\/blog\/les-pretres-dans-la-selection-classique-de-la-fnac\/#primaryimage"},"image":{"@id":"http:\/\/www.frederic-poitou.com\/blog\/les-pretres-dans-la-selection-classique-de-la-fnac\/#primaryimage"},"thumbnailUrl":"http:\/\/www.frederic-poitou.com\/blog\/wp-content\/Les-Pretres-Gloria.jpg","datePublished":"2023-07-15T10:44:32+00:00","dateModified":"2026-04-29T22:52:02+00:00","author":{"@id":"https:\/\/www.frederic-poitou.com\/blog\/#\/schema\/person\/e2c2d05e978747818533fdce859a7799"},"breadcrumb":{"@id":"http:\/\/www.frederic-poitou.com\/blog\/les-pretres-dans-la-selection-classique-de-la-fnac\/#breadcrumb"},"inLanguage":"fr-FR","potentialAction":[{"@type":"ReadAction","target":["http:\/\/www.frederic-poitou.com\/blog\/les-pretres-dans-la-selection-classique-de-la-fnac\/"]}]},{"@type":"ImageObject","inLanguage":"fr-FR","@id":"http:\/\/www.frederic-poitou.com\/blog\/les-pretres-dans-la-selection-classique-de-la-fnac\/#primaryimage","url":"https:\/\/www.frederic-poitou.com\/blog\/wp-content\/Les-Pretres-Gloria.jpg","contentUrl":"https:\/\/www.frederic-poitou.com\/blog\/wp-content\/Les-Pretres-Gloria.jpg","width":"500","height":"500"},{"@type":"BreadcrumbList","@id":"http:\/\/www.frederic-poitou.com\/blog\/les-pretres-dans-la-selection-classique-de-la-fnac\/#breadcrumb","itemListElement":[{"@type":"ListItem","position":1,"name":"Accueil","item":"https:\/\/www.frederic-poitou.com\/blog\/"},{"@type":"ListItem","position":2,"name":"LES PR\u00caTRES DANS LA SELECTION \u00ab\u00a0CLASSIQUE\u00a0\u00bb DE LA FNAC !"}]},{"@type":"WebSite","@id":"https:\/\/www.frederic-poitou.com\/blog\/#website","url":"https:\/\/www.frederic-poitou.com\/blog\/","name":"","description":"","potentialAction":[{"@type":"SearchAction","target":{"@type":"EntryPoint","urlTemplate":"https:\/\/www.frederic-poitou.com\/blog\/?s={search_term_string}"},"query-input":{"@type":"PropertyValueSpecification","valueRequired":true,"valueName":"search_term_string"}}],"inLanguage":"fr-FR"},{"@type":"Person","@id":"https:\/\/www.frederic-poitou.com\/blog\/#\/schema\/person\/e2c2d05e978747818533fdce859a7799","name":"Fr\u00e9d\u00e9ric Poitou","image":{"@type":"ImageObject","inLanguage":"fr-FR","@id":"https:\/\/www.frederic-poitou.com\/blog\/#\/schema\/person\/image\/","url":"https:\/\/secure.gravatar.com\/avatar\/1933bcca279a2feafd35d9e0a080c521e11beb51115fe4cfe02e2586ac13424a?s=96&d=mm&r=g","contentUrl":"https:\/\/secure.gravatar.com\/avatar\/1933bcca279a2feafd35d9e0a080c521e11beb51115fe4cfe02e2586ac13424a?s=96&d=mm&r=g","caption":"Fr\u00e9d\u00e9ric Poitou"},"description":"Fr\u00e9d\u00e9ric Poitou est n\u00e9 \u00e0 Rouen, et y a fait des \u00e9tudes au Conservatoire en musique-\u00e9tudes en section piano. Il s'est ensuite orient\u00e9 vers des \u00e9tudes scientifiques o\u00f9 il a obtenu un dipl\u00f4me d'ing\u00e9nieur, puis un doctorat en Chimie. Il est Expert Judiciaire en France, en Belgique et \u00e0 Luxembourg, et agr\u00e9e par les Institutions Europ\u00e9ennes.","sameAs":["http:\/\/www.frederic-poitou.com","https:\/\/www.linkedin.com\/in\/frederic-poitou-b045a025\/"]}]}},"_links":{"self":[{"href":"https:\/\/www.frederic-poitou.com\/blog\/wp-json\/wp\/v2\/posts\/5959","targetHints":{"allow":["GET"]}}],"collection":[{"href":"https:\/\/www.frederic-poitou.com\/blog\/wp-json\/wp\/v2\/posts"}],"about":[{"href":"https:\/\/www.frederic-poitou.com\/blog\/wp-json\/wp\/v2\/types\/post"}],"author":[{"embeddable":true,"href":"https:\/\/www.frederic-poitou.com\/blog\/wp-json\/wp\/v2\/users\/4"}],"replies":[{"embeddable":true,"href":"https:\/\/www.frederic-poitou.com\/blog\/wp-json\/wp\/v2\/comments?post=5959"}],"version-history":[{"count":1,"href":"https:\/\/www.frederic-poitou.com\/blog\/wp-json\/wp\/v2\/posts\/5959\/revisions"}],"predecessor-version":[{"id":10260,"href":"https:\/\/www.frederic-poitou.com\/blog\/wp-json\/wp\/v2\/posts\/5959\/revisions\/10260"}],"wp:attachment":[{"href":"https:\/\/www.frederic-poitou.com\/blog\/wp-json\/wp\/v2\/media?parent=5959"}],"wp:term":[{"taxonomy":"category","embeddable":true,"href":"https:\/\/www.frederic-poitou.com\/blog\/wp-json\/wp\/v2\/categories?post=5959"},{"taxonomy":"post_tag","embeddable":true,"href":"https:\/\/www.frederic-poitou.com\/blog\/wp-json\/wp\/v2\/tags?post=5959"}],"curies":[{"name":"wp","href":"https:\/\/api.w.org\/{rel}","templated":true}]}}