{"id":5916,"date":"2023-07-15T05:05:32","date_gmt":"2023-07-15T03:05:32","guid":{"rendered":"http:\/\/www.frederic-poitou.com\/blog\/?p=5916"},"modified":"2026-04-27T09:57:29","modified_gmt":"2026-04-27T07:57:29","slug":"cest-la-fin-de-la-recree","status":"publish","type":"post","link":"https:\/\/www.frederic-poitou.com\/blog\/cest-la-fin-de-la-recree\/","title":{"rendered":"C&rsquo;EST LA FIN DE LA R\u00c9CR\u00c9E !"},"content":{"rendered":"<figure id=\"attachment_5922\" class=\"thumbnail wp-caption alignleft\" style=\"width: 383px\"><img loading=\"lazy\" decoding=\"async\" class=\"size-full wp-image-5922 \" title=\"Elio di Rupo, 1er Ministre de Belgique\" src=\"http:\/\/www.frederic-poitou.com\/blog\/wp-content\/Elio-Di-Rupo_640x480.jpg\" alt=\"Elio di Rupo, 1er Ministre de Belgique\" width=\"383\" height=\"288\" srcset=\"https:\/\/www.frederic-poitou.com\/blog\/wp-content\/Elio-Di-Rupo_640x480.jpg 639w, https:\/\/www.frederic-poitou.com\/blog\/wp-content\/Elio-Di-Rupo_640x480-300x225.jpg 300w\" sizes=\"auto, (max-width: 383px) 100vw, 383px\" \/><figcaption class=\"caption wp-caption-text\">Elio di Rupo, 1er Ministre de Belgique<\/figcaption><\/figure>\n<p>Au del\u00e0 des clich\u00e9s habituels Belges (Flamands, anglo-saxons, r\u00e9publicains, protestants et dont l&rsquo;\u00e9conomie reste encore pour quelques ann\u00e9es en plein d\u00e9veloppement, et les Wallons, francophones et latins, catholiques et dont l&rsquo;\u00e9conomie est en pleine r\u00e9cession de l&rsquo;autre part), c&rsquo;est au bout de 541 jours que la Belgique s&rsquo;est enfin dot\u00e9e d&rsquo;un gouvernement (record de l&rsquo;Iran battu !).<\/p>\n<p>J&rsquo;ai donc retir\u00e9 le petit compteur qui se trouvait \u00e0 cet effet sur mon blog, et je r\u00e9digerai un commentaire plus argument\u00e9 dans les jours qui viennent. Mais ma premi\u00e8re remarque vient pour la nomination de Didier Reynders, le lib\u00e9ral Wallon, au poste de Ministre des Affaires Etrang\u00e8res.\u00a0Une bonne nouvelle pour ceux qui postulent \u00e0 des fonctions consulaires dans les Ambassades Belges \u00e0 l&rsquo;Etranger &#8230; !<\/p>\n<p>Elio 1er (le premier Premier Ministre Wallon et socialiste depuis septante trois) aura dur \u00e0 faire pour tenir ses 12 ap\u00f4tres \u00e0 table. \u00a0Elio Di Rupo est un personnage fantasque, et plut\u00f4t sympathique pourrait on dire. Il va \u00eatre confront\u00e9 \u00e0 une \u00e9quation d\u00e9licate. Permettre \u00e0 un Flamand, chr\u00e9tien d\u00e9mocrate (Steven Vanackere), un budget \u00ab\u00a0\u00e0 l&rsquo;italienne\u00a0\u00bb, tout en pr\u00e9servant ses int\u00e9r\u00eats partisans (les \u00e9lections communales Belges se rapprochent &#8230;). Par ailleurs, les tensions communautaires pourraient r\u00e9-apparaitre rapidement lors de la mise en oeuvre des grandes r\u00e9formes institutionnelles pr\u00e9vues par l&rsquo;accord sur lequel les 6 partis de la coalition se sont entendus.<\/p>\n<p>Autre sujet d&rsquo;attention, la mani\u00e8re dont Bart de Wever risque de mener la vie dure aux partis Flamands membres de cette coalition.<\/p>\n<p>Bref, et m\u00eame si je souhaite tr\u00e8s sinc\u00e8rement bonne chance \u00e0 Mr Di Rupo, je ne me fais gu\u00e8re d&rsquo;illusion.<\/p>\n<p>C\u00f4t\u00e9 Wallon : Les communales vont \u00eatre tr\u00e8s difficiles pour les Socialistes. Au MR \u00e0 savoir prendre tr\u00e8s vite le leadeship en communaut\u00e9 Wallonie Bruxelles, et ne pas se laisser griller la politesse par le FDF.<\/p>\n<p>C\u00f4t\u00e9 Flamand, il en sera de m\u00eame pour les formations autres que la NVA. Au CD&amp;V de se constituer dans cette perspective.<\/p>\n<p><img loading=\"lazy\" decoding=\"async\" class=\"alignleft size-full wp-image-5925\" style=\"margin: 10px; border: 10px solid black;\" title=\"LIBERAUX\" src=\"http:\/\/www.frederic-poitou.com\/blog\/wp-content\/LIBERAUX.jpeg\" alt=\"LIBERAUX\" width=\"483\" height=\"101\" srcset=\"https:\/\/www.frederic-poitou.com\/blog\/wp-content\/LIBERAUX.jpeg 805w, https:\/\/www.frederic-poitou.com\/blog\/wp-content\/LIBERAUX-300x62.jpg 300w\" sizes=\"auto, (max-width: 483px) 100vw, 483px\" \/><\/p>\n<p>Et si la v\u00e9rit\u00e9 se trouvait du c\u00f4t\u00e9 d&rsquo;un rapprochement entre le MR et le CD&amp;V ?<\/p>\n<p>C\u00f4t\u00e9 \u00ab\u00a0people\u00a0\u00bb, \u00ab\u00a0Papa\u00a0\u00bb n&rsquo;est plus de la partie. Daerden quitte, probablement d\u00e9finitivement de la sc\u00e8ne politique Belge. <a href=\"http:\/\/dai.ly\/eKrEs9\" target=\"_blank\" rel=\"noopener\">Toute une \u00e9poque &#8230;<\/a><\/p>\n<p style=\"padding-left: 750px;\">\n<p style=\"padding-left: 750px;\">\n<p style=\"padding-left: 750px;\"><strong><em>Fr\u00e9d\u00e9ric<\/em><\/strong><\/p>\n","protected":false},"excerpt":{"rendered":"<p>Au del\u00e0 des clich\u00e9s habituels Belges (Flamands, anglo-saxons, r\u00e9publicains, protestants et dont l&rsquo;\u00e9conomie reste encore pour quelques ann\u00e9es en plein d\u00e9veloppement, et les Wallons, francophones et latins, catholiques et dont l&rsquo;\u00e9conomie est en pleine r\u00e9cession de l&rsquo;autre part), c&rsquo;est au &hellip; <a href=\"https:\/\/www.frederic-poitou.com\/blog\/cest-la-fin-de-la-recree\/\">Lire la suite\u00ad\u00ad<\/a><\/p>\n","protected":false},"author":4,"featured_media":0,"comment_status":"open","ping_status":"open","sticky":false,"template":"","format":"standard","meta":{"kt_blocks_editor_width":"","_exactmetrics_skip_tracking":false,"_exactmetrics_sitenote_active":false,"_exactmetrics_sitenote_note":"","_exactmetrics_sitenote_category":0,"footnotes":""},"categories":[48],"tags":[27,33,24],"class_list":["post-5916","post","type-post","status-publish","format-standard","hentry","category-accueil","tag-actualite","tag-mouvement-reformateur","tag-politique"],"yoast_head":"<!-- This site is optimized with the Yoast SEO plugin v27.1.1 - https:\/\/yoast.com\/product\/yoast-seo-wordpress\/ -->\n<title>C&#039;EST LA FIN DE LA R\u00c9CR\u00c9E ! -<\/title>\n<meta name=\"robots\" content=\"index, follow, max-snippet:-1, max-image-preview:large, max-video-preview:-1\" \/>\n<link rel=\"canonical\" href=\"https:\/\/www.frederic-poitou.com\/blog\/cest-la-fin-de-la-recree\/\" \/>\n<meta property=\"og:locale\" content=\"fr_FR\" \/>\n<meta property=\"og:type\" content=\"article\" \/>\n<meta property=\"og:title\" content=\"C&#039;EST LA FIN DE LA R\u00c9CR\u00c9E ! -\" \/>\n<meta property=\"og:description\" content=\"Au del\u00e0 des clich\u00e9s habituels Belges (Flamands, anglo-saxons, r\u00e9publicains, protestants et dont l&rsquo;\u00e9conomie reste encore pour quelques ann\u00e9es en plein d\u00e9veloppement, et les Wallons, francophones et latins, catholiques et dont l&rsquo;\u00e9conomie est en pleine r\u00e9cession de l&rsquo;autre part), c&rsquo;est au &hellip; Lire la suite\u00ad\u00ad\" \/>\n<meta property=\"og:url\" content=\"https:\/\/www.frederic-poitou.com\/blog\/cest-la-fin-de-la-recree\/\" \/>\n<meta property=\"article:publisher\" content=\"https:\/\/www.facebook.com\/frederic.poitou\/\" \/>\n<meta property=\"article:published_time\" content=\"2023-07-15T03:05:32+00:00\" \/>\n<meta property=\"article:modified_time\" content=\"2026-04-27T07:57:29+00:00\" \/>\n<meta property=\"og:image\" content=\"http:\/\/www.frederic-poitou.com\/blog\/wp-content\/Elio-Di-Rupo_640x480.jpg\" \/>\n<meta name=\"author\" content=\"Fr\u00e9d\u00e9ric Poitou\" \/>\n<meta name=\"twitter:card\" content=\"summary_large_image\" \/>\n<meta name=\"twitter:creator\" content=\"@fredericpoitou\" \/>\n<meta name=\"twitter:site\" content=\"@fredericpoitou\" \/>\n<meta name=\"twitter:label1\" content=\"\u00c9crit par\" \/>\n\t<meta name=\"twitter:data1\" content=\"Fr\u00e9d\u00e9ric Poitou\" \/>\n\t<meta name=\"twitter:label2\" content=\"Dur\u00e9e de lecture estim\u00e9e\" \/>\n\t<meta name=\"twitter:data2\" content=\"2 minutes\" \/>\n<script type=\"application\/ld+json\" class=\"yoast-schema-graph\">{\"@context\":\"https:\/\/schema.org\",\"@graph\":[{\"@type\":\"Article\",\"@id\":\"https:\/\/www.frederic-poitou.com\/blog\/cest-la-fin-de-la-recree\/#article\",\"isPartOf\":{\"@id\":\"https:\/\/www.frederic-poitou.com\/blog\/cest-la-fin-de-la-recree\/\"},\"author\":{\"name\":\"Fr\u00e9d\u00e9ric Poitou\",\"@id\":\"http:\/\/www.frederic-poitou.com\/blog\/#\/schema\/person\/e2c2d05e978747818533fdce859a7799\"},\"headline\":\"C&rsquo;EST LA FIN DE LA R\u00c9CR\u00c9E !\",\"datePublished\":\"2023-07-15T03:05:32+00:00\",\"dateModified\":\"2026-04-27T07:57:29+00:00\",\"mainEntityOfPage\":{\"@id\":\"https:\/\/www.frederic-poitou.com\/blog\/cest-la-fin-de-la-recree\/\"},\"wordCount\":425,\"commentCount\":0,\"image\":{\"@id\":\"https:\/\/www.frederic-poitou.com\/blog\/cest-la-fin-de-la-recree\/#primaryimage\"},\"thumbnailUrl\":\"http:\/\/www.frederic-poitou.com\/blog\/wp-content\/Elio-Di-Rupo_640x480.jpg\",\"keywords\":[\"Actualit\u00e9\",\"MOUVEMENT REFORMATEUR\",\"Politique\"],\"articleSection\":[\"Accueil\"],\"inLanguage\":\"fr-FR\",\"potentialAction\":[{\"@type\":\"CommentAction\",\"name\":\"Comment\",\"target\":[\"https:\/\/www.frederic-poitou.com\/blog\/cest-la-fin-de-la-recree\/#respond\"]}]},{\"@type\":\"WebPage\",\"@id\":\"https:\/\/www.frederic-poitou.com\/blog\/cest-la-fin-de-la-recree\/\",\"url\":\"https:\/\/www.frederic-poitou.com\/blog\/cest-la-fin-de-la-recree\/\",\"name\":\"C'EST LA FIN DE LA R\u00c9CR\u00c9E ! -\",\"isPartOf\":{\"@id\":\"http:\/\/www.frederic-poitou.com\/blog\/#website\"},\"primaryImageOfPage\":{\"@id\":\"https:\/\/www.frederic-poitou.com\/blog\/cest-la-fin-de-la-recree\/#primaryimage\"},\"image\":{\"@id\":\"https:\/\/www.frederic-poitou.com\/blog\/cest-la-fin-de-la-recree\/#primaryimage\"},\"thumbnailUrl\":\"http:\/\/www.frederic-poitou.com\/blog\/wp-content\/Elio-Di-Rupo_640x480.jpg\",\"datePublished\":\"2023-07-15T03:05:32+00:00\",\"dateModified\":\"2026-04-27T07:57:29+00:00\",\"author\":{\"@id\":\"http:\/\/www.frederic-poitou.com\/blog\/#\/schema\/person\/e2c2d05e978747818533fdce859a7799\"},\"breadcrumb\":{\"@id\":\"https:\/\/www.frederic-poitou.com\/blog\/cest-la-fin-de-la-recree\/#breadcrumb\"},\"inLanguage\":\"fr-FR\",\"potentialAction\":[{\"@type\":\"ReadAction\",\"target\":[\"https:\/\/www.frederic-poitou.com\/blog\/cest-la-fin-de-la-recree\/\"]}]},{\"@type\":\"ImageObject\",\"inLanguage\":\"fr-FR\",\"@id\":\"https:\/\/www.frederic-poitou.com\/blog\/cest-la-fin-de-la-recree\/#primaryimage\",\"url\":\"https:\/\/www.frederic-poitou.com\/blog\/wp-content\/Elio-Di-Rupo_640x480.jpg\",\"contentUrl\":\"https:\/\/www.frederic-poitou.com\/blog\/wp-content\/Elio-Di-Rupo_640x480.jpg\",\"width\":\"639\",\"height\":\"480\",\"caption\":\"Elio di Rupo, 1er Ministre de Belgique\"},{\"@type\":\"BreadcrumbList\",\"@id\":\"https:\/\/www.frederic-poitou.com\/blog\/cest-la-fin-de-la-recree\/#breadcrumb\",\"itemListElement\":[{\"@type\":\"ListItem\",\"position\":1,\"name\":\"Accueil\",\"item\":\"http:\/\/www.frederic-poitou.com\/blog\/\"},{\"@type\":\"ListItem\",\"position\":2,\"name\":\"C&rsquo;EST LA FIN DE LA R\u00c9CR\u00c9E !\"}]},{\"@type\":\"WebSite\",\"@id\":\"http:\/\/www.frederic-poitou.com\/blog\/#website\",\"url\":\"http:\/\/www.frederic-poitou.com\/blog\/\",\"name\":\"\",\"description\":\"\",\"potentialAction\":[{\"@type\":\"SearchAction\",\"target\":{\"@type\":\"EntryPoint\",\"urlTemplate\":\"http:\/\/www.frederic-poitou.com\/blog\/?s={search_term_string}\"},\"query-input\":{\"@type\":\"PropertyValueSpecification\",\"valueRequired\":true,\"valueName\":\"search_term_string\"}}],\"inLanguage\":\"fr-FR\"},{\"@type\":\"Person\",\"@id\":\"http:\/\/www.frederic-poitou.com\/blog\/#\/schema\/person\/e2c2d05e978747818533fdce859a7799\",\"name\":\"Fr\u00e9d\u00e9ric Poitou\",\"image\":{\"@type\":\"ImageObject\",\"inLanguage\":\"fr-FR\",\"@id\":\"http:\/\/www.frederic-poitou.com\/blog\/#\/schema\/person\/image\/\",\"url\":\"https:\/\/secure.gravatar.com\/avatar\/1933bcca279a2feafd35d9e0a080c521e11beb51115fe4cfe02e2586ac13424a?s=96&d=mm&r=g\",\"contentUrl\":\"https:\/\/secure.gravatar.com\/avatar\/1933bcca279a2feafd35d9e0a080c521e11beb51115fe4cfe02e2586ac13424a?s=96&d=mm&r=g\",\"caption\":\"Fr\u00e9d\u00e9ric Poitou\"},\"description\":\"Fr\u00e9d\u00e9ric Poitou est n\u00e9 \u00e0 Rouen, et y a fait des \u00e9tudes au Conservatoire en musique-\u00e9tudes en section piano. Il s'est ensuite orient\u00e9 vers des \u00e9tudes scientifiques o\u00f9 il a obtenu un dipl\u00f4me d'ing\u00e9nieur, puis un doctorat en Chimie. Il est Expert Judiciaire en France, en Belgique et \u00e0 Luxembourg, et agr\u00e9e par les Institutions Europ\u00e9ennes.\",\"sameAs\":[\"http:\/\/www.frederic-poitou.com\",\"https:\/\/www.linkedin.com\/in\/frederic-poitou-b045a025\/\"]}]}<\/script>\n<!-- \/ Yoast SEO plugin. -->","yoast_head_json":{"title":"C'EST LA FIN DE LA R\u00c9CR\u00c9E ! -","robots":{"index":"index","follow":"follow","max-snippet":"max-snippet:-1","max-image-preview":"max-image-preview:large","max-video-preview":"max-video-preview:-1"},"canonical":"https:\/\/www.frederic-poitou.com\/blog\/cest-la-fin-de-la-recree\/","og_locale":"fr_FR","og_type":"article","og_title":"C'EST LA FIN DE LA R\u00c9CR\u00c9E ! -","og_description":"Au del\u00e0 des clich\u00e9s habituels Belges (Flamands, anglo-saxons, r\u00e9publicains, protestants et dont l&rsquo;\u00e9conomie reste encore pour quelques ann\u00e9es en plein d\u00e9veloppement, et les Wallons, francophones et latins, catholiques et dont l&rsquo;\u00e9conomie est en pleine r\u00e9cession de l&rsquo;autre part), c&rsquo;est au &hellip; Lire la suite\u00ad\u00ad","og_url":"https:\/\/www.frederic-poitou.com\/blog\/cest-la-fin-de-la-recree\/","article_publisher":"https:\/\/www.facebook.com\/frederic.poitou\/","article_published_time":"2023-07-15T03:05:32+00:00","article_modified_time":"2026-04-27T07:57:29+00:00","og_image":[{"url":"http:\/\/www.frederic-poitou.com\/blog\/wp-content\/Elio-Di-Rupo_640x480.jpg","type":"","width":"","height":""}],"author":"Fr\u00e9d\u00e9ric Poitou","twitter_card":"summary_large_image","twitter_creator":"@fredericpoitou","twitter_site":"@fredericpoitou","twitter_misc":{"\u00c9crit par":"Fr\u00e9d\u00e9ric Poitou","Dur\u00e9e de lecture estim\u00e9e":"2 minutes"},"schema":{"@context":"https:\/\/schema.org","@graph":[{"@type":"Article","@id":"https:\/\/www.frederic-poitou.com\/blog\/cest-la-fin-de-la-recree\/#article","isPartOf":{"@id":"https:\/\/www.frederic-poitou.com\/blog\/cest-la-fin-de-la-recree\/"},"author":{"name":"Fr\u00e9d\u00e9ric Poitou","@id":"http:\/\/www.frederic-poitou.com\/blog\/#\/schema\/person\/e2c2d05e978747818533fdce859a7799"},"headline":"C&rsquo;EST LA FIN DE LA R\u00c9CR\u00c9E !","datePublished":"2023-07-15T03:05:32+00:00","dateModified":"2026-04-27T07:57:29+00:00","mainEntityOfPage":{"@id":"https:\/\/www.frederic-poitou.com\/blog\/cest-la-fin-de-la-recree\/"},"wordCount":425,"commentCount":0,"image":{"@id":"https:\/\/www.frederic-poitou.com\/blog\/cest-la-fin-de-la-recree\/#primaryimage"},"thumbnailUrl":"http:\/\/www.frederic-poitou.com\/blog\/wp-content\/Elio-Di-Rupo_640x480.jpg","keywords":["Actualit\u00e9","MOUVEMENT REFORMATEUR","Politique"],"articleSection":["Accueil"],"inLanguage":"fr-FR","potentialAction":[{"@type":"CommentAction","name":"Comment","target":["https:\/\/www.frederic-poitou.com\/blog\/cest-la-fin-de-la-recree\/#respond"]}]},{"@type":"WebPage","@id":"https:\/\/www.frederic-poitou.com\/blog\/cest-la-fin-de-la-recree\/","url":"https:\/\/www.frederic-poitou.com\/blog\/cest-la-fin-de-la-recree\/","name":"C'EST LA FIN DE LA R\u00c9CR\u00c9E ! -","isPartOf":{"@id":"http:\/\/www.frederic-poitou.com\/blog\/#website"},"primaryImageOfPage":{"@id":"https:\/\/www.frederic-poitou.com\/blog\/cest-la-fin-de-la-recree\/#primaryimage"},"image":{"@id":"https:\/\/www.frederic-poitou.com\/blog\/cest-la-fin-de-la-recree\/#primaryimage"},"thumbnailUrl":"http:\/\/www.frederic-poitou.com\/blog\/wp-content\/Elio-Di-Rupo_640x480.jpg","datePublished":"2023-07-15T03:05:32+00:00","dateModified":"2026-04-27T07:57:29+00:00","author":{"@id":"http:\/\/www.frederic-poitou.com\/blog\/#\/schema\/person\/e2c2d05e978747818533fdce859a7799"},"breadcrumb":{"@id":"https:\/\/www.frederic-poitou.com\/blog\/cest-la-fin-de-la-recree\/#breadcrumb"},"inLanguage":"fr-FR","potentialAction":[{"@type":"ReadAction","target":["https:\/\/www.frederic-poitou.com\/blog\/cest-la-fin-de-la-recree\/"]}]},{"@type":"ImageObject","inLanguage":"fr-FR","@id":"https:\/\/www.frederic-poitou.com\/blog\/cest-la-fin-de-la-recree\/#primaryimage","url":"https:\/\/www.frederic-poitou.com\/blog\/wp-content\/Elio-Di-Rupo_640x480.jpg","contentUrl":"https:\/\/www.frederic-poitou.com\/blog\/wp-content\/Elio-Di-Rupo_640x480.jpg","width":"639","height":"480","caption":"Elio di Rupo, 1er Ministre de Belgique"},{"@type":"BreadcrumbList","@id":"https:\/\/www.frederic-poitou.com\/blog\/cest-la-fin-de-la-recree\/#breadcrumb","itemListElement":[{"@type":"ListItem","position":1,"name":"Accueil","item":"http:\/\/www.frederic-poitou.com\/blog\/"},{"@type":"ListItem","position":2,"name":"C&rsquo;EST LA FIN DE LA R\u00c9CR\u00c9E !"}]},{"@type":"WebSite","@id":"http:\/\/www.frederic-poitou.com\/blog\/#website","url":"http:\/\/www.frederic-poitou.com\/blog\/","name":"","description":"","potentialAction":[{"@type":"SearchAction","target":{"@type":"EntryPoint","urlTemplate":"http:\/\/www.frederic-poitou.com\/blog\/?s={search_term_string}"},"query-input":{"@type":"PropertyValueSpecification","valueRequired":true,"valueName":"search_term_string"}}],"inLanguage":"fr-FR"},{"@type":"Person","@id":"http:\/\/www.frederic-poitou.com\/blog\/#\/schema\/person\/e2c2d05e978747818533fdce859a7799","name":"Fr\u00e9d\u00e9ric Poitou","image":{"@type":"ImageObject","inLanguage":"fr-FR","@id":"http:\/\/www.frederic-poitou.com\/blog\/#\/schema\/person\/image\/","url":"https:\/\/secure.gravatar.com\/avatar\/1933bcca279a2feafd35d9e0a080c521e11beb51115fe4cfe02e2586ac13424a?s=96&d=mm&r=g","contentUrl":"https:\/\/secure.gravatar.com\/avatar\/1933bcca279a2feafd35d9e0a080c521e11beb51115fe4cfe02e2586ac13424a?s=96&d=mm&r=g","caption":"Fr\u00e9d\u00e9ric Poitou"},"description":"Fr\u00e9d\u00e9ric Poitou est n\u00e9 \u00e0 Rouen, et y a fait des \u00e9tudes au Conservatoire en musique-\u00e9tudes en section piano. Il s'est ensuite orient\u00e9 vers des \u00e9tudes scientifiques o\u00f9 il a obtenu un dipl\u00f4me d'ing\u00e9nieur, puis un doctorat en Chimie. Il est Expert Judiciaire en France, en Belgique et \u00e0 Luxembourg, et agr\u00e9e par les Institutions Europ\u00e9ennes.","sameAs":["http:\/\/www.frederic-poitou.com","https:\/\/www.linkedin.com\/in\/frederic-poitou-b045a025\/"]}]}},"_links":{"self":[{"href":"https:\/\/www.frederic-poitou.com\/blog\/wp-json\/wp\/v2\/posts\/5916","targetHints":{"allow":["GET"]}}],"collection":[{"href":"https:\/\/www.frederic-poitou.com\/blog\/wp-json\/wp\/v2\/posts"}],"about":[{"href":"https:\/\/www.frederic-poitou.com\/blog\/wp-json\/wp\/v2\/types\/post"}],"author":[{"embeddable":true,"href":"https:\/\/www.frederic-poitou.com\/blog\/wp-json\/wp\/v2\/users\/4"}],"replies":[{"embeddable":true,"href":"https:\/\/www.frederic-poitou.com\/blog\/wp-json\/wp\/v2\/comments?post=5916"}],"version-history":[{"count":1,"href":"https:\/\/www.frederic-poitou.com\/blog\/wp-json\/wp\/v2\/posts\/5916\/revisions"}],"predecessor-version":[{"id":10259,"href":"https:\/\/www.frederic-poitou.com\/blog\/wp-json\/wp\/v2\/posts\/5916\/revisions\/10259"}],"wp:attachment":[{"href":"https:\/\/www.frederic-poitou.com\/blog\/wp-json\/wp\/v2\/media?parent=5916"}],"wp:term":[{"taxonomy":"category","embeddable":true,"href":"https:\/\/www.frederic-poitou.com\/blog\/wp-json\/wp\/v2\/categories?post=5916"},{"taxonomy":"post_tag","embeddable":true,"href":"https:\/\/www.frederic-poitou.com\/blog\/wp-json\/wp\/v2\/tags?post=5916"}],"curies":[{"name":"wp","href":"https:\/\/api.w.org\/{rel}","templated":true}]}}