{"id":5873,"date":"2023-07-13T19:26:32","date_gmt":"2023-07-13T17:26:32","guid":{"rendered":"http:\/\/www.frederic-poitou.com\/blog\/?p=5873"},"modified":"2026-04-10T20:05:57","modified_gmt":"2026-04-10T18:05:57","slug":"pas-devaluations-svp","status":"publish","type":"post","link":"https:\/\/www.frederic-poitou.com\/blog\/pas-devaluations-svp\/","title":{"rendered":"PAS D&rsquo;EVALUATIONS SVP !"},"content":{"rendered":"<p style=\"text-align: justify;\"><img loading=\"lazy\" decoding=\"async\" class=\"alignleft size-full wp-image-5882\" style=\"margin: 10px; border: 10px solid black;\" title=\"evaluation-smiley\" src=\"http:\/\/www.frederic-poitou.com\/blog\/wp-content\/evaluation-smiley.jpg\" alt=\"evaluation-smiley\" width=\"445\" height=\"240\" srcset=\"https:\/\/www.frederic-poitou.com\/blog\/wp-content\/evaluation-smiley.jpg 556w, https:\/\/www.frederic-poitou.com\/blog\/wp-content\/evaluation-smiley-300x161.jpg 300w\" sizes=\"auto, (max-width: 445px) 100vw, 445px\" \/><\/p>\n<p style=\"text-align: justify;\">\n<p style=\"text-align: justify;\">Depuis 2002, tous les fonctionnaires font l&rsquo;objet d&rsquo;une \u00e9valuation. Les personnels enseignants sont soumis \u00e0 une notation p\u00e9dagogique \u00ab\u00a0r\u00e9alis\u00e9e par les corps d&rsquo;inspection et \u00e0 une note administrative annuelle propos\u00e9e par le chef d&rsquo;\u00e9tablissement\u00a0\u00bb.<\/p>\n<p style=\"text-align: justify;\">En r\u00e9sum\u00e9, ce sont les \u00ab\u00a0<em>coll\u00e8gues<\/em>\u00a0\u00bb qui \u00e9valuent leurs \u00ab\u00a0<em>coll\u00e8gues<\/em>\u00ab\u00a0. Ce syst\u00e9me d&rsquo;\u00e9valuation fait l&rsquo;unanimit\u00e9 contre lui, car il n&rsquo;est satisfaisant pour personne. En particulier sur les crit\u00e8res d&rsquo;\u00e9valuation \u00e0 l&rsquo;anciennet\u00e9, tr\u00e8s justement critiqu\u00e9s par tout le monde, comme \u00e9tant pratiquement une forme de \u00ab\u00a0promotion \u00e0 l&rsquo;usure\u00a0\u00bb !<\/p>\n<p style=\"text-align: justify;\">Il existe de mauvais enseignants. Osons le dire. A tout le moins peut-on affirmer que certains se sont tromp\u00e9s d&rsquo;orientation. Statistiquement, dans les couloirs de l&rsquo;\u00e9ducation nationale, on sait que dans un cycle \u00e9ducatif, un enfant rencontrera statistiquement 2 enseignants qui posent probl\u00e8me. C&rsquo;est ce que l&rsquo;on appelle pudiquement \u00ab\u00a0l&rsquo;al\u00e9a \u00e9ducatif\u00a0\u00bb. Dont acte.<\/p>\n<p style=\"text-align: justify;\">Mais que peut on faire face \u00e0 un enseignant qui pose probl\u00e8me ?<\/p>\n<p style=\"text-align: justify;\">Rien en r\u00e9alit\u00e9. Le syst\u00e8me de notation est intrins\u00e8quement ainsi fait qu&rsquo;il ne permet pas de d\u00e9placer un enseignant d&rsquo;un poste op\u00e9rationnel vers un poste adminstratif, lorsque l&rsquo;on se rend compte qu&rsquo;il ne donne pas satisfaction, ni aux \u00e9l\u00e8ves, ni aux parents, ni parfois m\u00eame \u00e0 ses coll\u00e8gues de l&rsquo;\u00e9quipe \u00e9ducative.<\/p>\n<p style=\"text-align: justify;\">Deux projets de d\u00e9cret et d&rsquo;arr\u00eat\u00e9 sont \u00e0 l&rsquo;\u00e9tude, qui ont \u00e9t\u00e9 port\u00e9s \u00e0 leur connaissance par un courrier de la Tutelle. Il s&rsquo;agit de leur pr\u00e9senter une mini r\u00e9forme, dont la mise en oeuvre est pr\u00e9vue pour la rentr\u00e9e 2012.<\/p>\n<p style=\"text-align: justify;\">Ces textes s&rsquo;inscrivent dans le cadre du \u00ab pacte de\u00a0carri\u00e8re \u00bb lanc\u00e9 en 2009 par Luc Chatel, ministre de l\u2019Education nationale. L\u2019objectif, mettre en \u0153uvre un plan global pour des enseignants \u00ab mieux valoris\u00e9s, mieux r\u00e9mun\u00e9r\u00e9s, mieux accompagn\u00e9s dans leur fili\u00e8re \u00bb, et qui puissent esp\u00e9rer des perspectives d&rsquo;\u00e9volution plus int\u00e9ressantes. La r\u00e9vision en profondeur de l\u2019\u00e9valuation et du d\u00e9roulement de la carri\u00e8re des enseignants s&rsquo;inspire du dispositif de r\u00e9novation du syst\u00e8me d&rsquo;\u00e9valuation de l\u2019ensemble des fonctionnaires d\u2019\u00c9tat, pr\u00e9vu par la loi n\u00b0 2009-972 du 3 ao\u00fbt 2009 relative \u00e0 la mobilit\u00e9 et aux parcours professionnels dans la fonction publique, et par le d\u00e9cret n\u00b0 2010-888 du 28 juillet 2010 portant sur les conditions g\u00e9n\u00e9rales d&rsquo;appr\u00e9ciation de la valeur professionnelle des fonctionnaires de l&rsquo;\u00c9tat.<\/p>\n<p style=\"text-align: justify;\">Comme la majorit\u00e9 des enseignants, et des parents, Luc Chatel consid\u00e8re le syst\u00e8me d\u2019\u00e9valuation actuel comme insatisfaisant. Il a donc fait mener une \u00e9tude par la Direction g\u00e9n\u00e9rale des ressources humaines aupr\u00e8s des enseignants, des personnels de direction et des corps d\u2019inspection fin mars 2011, qui le confirme.<\/p>\n<p style=\"text-align: justify;\"><em>\u00ab\u00a0Les crit\u00e8res d\u2019appr\u00e9ciation de la valeur professionnelle des enseignants doivent \u00e9voluer en m\u00eame temps que leurs nouvelles missions et l&rsquo;enrichissement de leurs comp\u00e9tences. Aujourd&rsquo;hui, ceux-ci reposent essentiellement sur l\u2019\u00e9valuation p\u00e9dagogique. L\u2019id\u00e9e serait d\u2019introduire \u00ab des crit\u00e8res objectifs, transparents et connus de tous \u00bb pour appr\u00e9cier la valeur professionnelle des enseignants\u00a0\u00bb<\/em><\/p>\n<p style=\"text-align: justify;\">R\u00e9action imm\u00e9diate du corps enseignant : Pr\u00e9avis de gr\u00e8ve nationale, et p\u00e9tition g\u00e9n\u00e9rale.<\/p>\n<p style=\"text-align: justify;\">La gr\u00e8ve est un droit R\u00e9publicain qu&rsquo;il n&rsquo;est pas question de remettre en cause. La m\u00e9thode et les actions propos\u00e9es dans certains Lyc\u00e9e sont en revanche purement scandaleux. Pour exemple ce Lyc\u00e9e \u00a0vocation internationale, dans lequel, \u00e0 l&rsquo;approche des conseils de classe de fin d&rsquo;ann\u00e9e, les enseignants ont annonc\u00e9 par un communiqu\u00e9, la nature des actions d\u00e9cid\u00e9es. En voici les grandes lignes :<\/p>\n<p style=\"text-align: justify;\"><em>\u00ab\u00a0Les enseignants du lyc\u00e9e de XXXX (13) ont choisi dans leur grande majorit\u00e9 d&rsquo;op\u00e9rer une gr\u00e8ve du z\u00e8le ces prochaines semaines. En effet, un projet de d\u00e9cret visant \u00e0 modifier en profondeur l&rsquo;\u00e9valuation des enseignants est propos\u00e9 par le minist\u00e8re de l\u2019\u00c9ducation Nationale. Les contours de ce d\u00e9cret sont totalement inacceptables. Un \u00e9l\u00e9ment central du dispositif doit \u00eatre port\u00e9 \u00e0 votre connaissance car il impacte sur la qualit\u00e9 de l\u2019enseignement dispens\u00e9 aux \u00e9l\u00e8ves :<\/em><\/p>\n<p style=\"text-align: justify;\"><em>L&rsquo;\u00e9valuation des enseignants ne rel\u00e8vera plus que du seul chef d&rsquo;\u00e9tablissement. Cela signifie que notre travail en salle de classe ne sera plus \u00e9valu\u00e9 \u00e0 compter de 2012. Le chef d&rsquo;\u00e9tablissement n&rsquo;ayant pas les comp\u00e9tences n\u00e9cessaires pour \u00ab\u00a0\u00e9valuer\u00a0\u00bb la p\u00e9dagogie et nos comp\u00e9tences disciplinaires, le c\u0153ur du m\u00e9tier de professeur ne sera plus \u00e9valu\u00e9.<strong> En d&rsquo;autres termes l&rsquo;enseignant n&rsquo;aura d&rsquo;autre choix que de porter toute son attention et ses efforts sur les t\u00e2ches aujourd&rsquo;hui secondaires, c&rsquo;est-\u00e0-dire celles qui ne rel\u00e8vent pas directement de l&rsquo;acte d&rsquo;enseignement (orientation, projet, tutorat, actes administratifs&#8230;).<\/strong><\/em><\/p>\n<p style=\"text-align: justify;\"><em>Face \u00e0 cette nouvelle attaque en r\u00e8gle contre notre profession, nous sommes contraints d&rsquo;organiser une riposte \u00e0 la hauteur de la violence du coup port\u00e9. La gr\u00e8ve du z\u00e8le que nous engageons d\u00e8s \u00e0 pr\u00e9sent se traduira par :<br \/>\n&#8211; La tenue de conseils de classe silencieux, durant lesquels les \u00e9quipes p\u00e9dagogiques ne formuleront pas d&rsquo;avis. Les professeurs principaux ne rempliront pas l&rsquo;avis global sur le bulletin (puisque cette t\u00e2che incombe normalement au chef d&rsquo;\u00e9tablissement)<br \/>\n&#8211; L&rsquo;annulation des \u00e9preuves communes et des bacs blancs jusqu&rsquo;au retrait du d\u00e9cret.<br \/>\n&#8211; Le refus des professeurs de participer aux divers projets qui ne rel\u00e8vent pas de nos obligations de service (entretiens, conf\u00e9rences d&rsquo;orientation etc)<br \/>\n&#8211; Une gr\u00e8ve est par ailleurs pr\u00e9vue le 15 d\u00e9cembre.<\/em><\/p>\n<p style=\"text-align: justify;\"><em>Si toutefois le gouvernement persiste dans cette voie \u00e0 la rentr\u00e9e de janvier, les professeurs du lyc\u00e9e envisageront une extension de la gr\u00e8ve du z\u00e8le.\u00a0\u00bb<\/em><\/p>\n<p style=\"text-align: justify;\">Ca a le m\u00e9rite d&rsquo;\u00eatre clair !<\/p>\n<p style=\"text-align: justify;\">En r\u00e9sum\u00e9 :<\/p>\n<p style=\"text-align: justify;\">1- On est pas d&rsquo;accord avec cette r\u00e9forme : OK. Vous en avez le droit.<br \/>\n2- On va faire une gr\u00e8ve du z\u00e8le qui va p\u00e9naliser les enfants, et donc nous mettre les parents \u00e0 dos : OK. Comme d&rsquo;hab.<br \/>\n3- Si le gouvernement n&rsquo;a pas retir\u00e9 son projet en Janvier, on fera pire !<\/p>\n<p style=\"text-align: justify;\">Quel que soient nos opinions politiques \u00e0 nous, parents, nous n&rsquo;avons pas plus de pouvoir que nos enfants pour faire plier un gouvernement sur un projet de loi concernant les fonctionnaires de l&rsquo;\u00e9ducation nationale.<\/p>\n<p style=\"text-align: justify;\">Le refus de \u00ab\u00a0<em>participer activement aux conseils de classe<\/em>\u00ab\u00a0, le refus de<em> \u00ab\u00a0participer aux projets qui ne rel\u00e8vent pas des obligations de service\u00a0\u00bb<\/em>, et surtout pour ceux qui comme moi sont parent d&rsquo;un \u00e9l\u00e8ve qui pr\u00e9pare son bacho, \u00ab\u00a0<em>l&rsquo;annulation des \u00e9preuves communes et des bacs blancs\u00a0\u00bb<\/em> jusqu&rsquo;au retrait du d\u00e9cret, sont une forme inacceptable de chantage.<\/p>\n<p style=\"text-align: justify;\">Mesdames et Messieurs les enseignants du Lyc\u00e9e International de XXXX (13), voici une position qui n&rsquo;engage que moi.<\/p>\n<p style=\"text-align: justify;\">Par la forme que vous avez d\u00e9cid\u00e9 de donner au mouvement de gr\u00e8ve du z\u00e8le (refus de participer activement aux conseils de classe, aux projets \u00e9ducatifs, et annulation des \u00e9preuves des bacs blancs, vous faites porter le poids de vos revendications sur des parents qui n&rsquo;ont pas le pouvoir de soutenir votre combat, et sur des \u00e9l\u00e8ves, bien innocents et impuissants face aux volont\u00e9s minist\u00e9rielles. C&rsquo;est proprement scandaleux.<\/p>\n<p style=\"text-align: justify;\">Vous avez de nombreux modes d&rsquo;expression, y compris les manifestations, mais celui que vous avez choisi n&rsquo;est pas digne de la mission de service public que vous dites vouloir d\u00e9fendre.\u00a0Le Lyc\u00e9e de XXXX (13) n&rsquo;est pas le lieu o\u00f9 se prennent les d\u00e9cisions nationales que vous contestez. Tout au plus pourriez vous \u00eatre entendus au Rectorat, ou au Conseil R\u00e9gional PACA.<\/p>\n<p style=\"text-align: justify;\">Nous ne pouvons rien pour vous. Nos enfants non plus. Ne tentez donc pas d&rsquo;en faire les outils de pression sur nous, pour essayer de nous entra\u00eener dans votre combat. La politique ne se d\u00e9cide par \u00e0 XXXX (13), mais dans des urnes que vous aurez loisir d&rsquo;utiliser en Mai prochain, dans un sens qu&rsquo;on imagine ais\u00e9ment. A ce sujet, je parle de la Hollande un peu plus loin dans ce billet.<\/p>\n<p style=\"text-align: justify;\">Ca n&rsquo;est pas l&rsquo;\u00e9lu qui vous parle, mais le parent d&rsquo;\u00e9l\u00e8ve. Ma fonction de d\u00e9l\u00e9gu\u00e9 et d&rsquo;adminstrateur du Lyc\u00e9e ne me positionne pas en tant que d\u00e9cideur politique, mais uniquement en tant que parent.\u00a0Le Lyc\u00e9e n&rsquo;est pas le lieu de cristallisation de vos revendications. Pas plus que ne le sont les Conseils d&rsquo;Administration \u00e0 l&rsquo;occasion desquels une partie importante de vos interventions se concentre sur vos revendications cat\u00e9gorielles.<\/p>\n<p style=\"text-align: justify;\">Le Lyc\u00e9e est un lieu neutre, sanctuaire de l&rsquo;enseignement des valeurs de la R\u00e9publique : Libert\u00e9, Egalit\u00e9, Fraternit\u00e9, La\u00efcit\u00e9. Il n&rsquo;est pas le th\u00e9\u00e2tre d&rsquo;affrontements de dogmes politiques. Il y a des lieux pour cela. Militez dans un parti, un syndicat, soyez \u00e9lus, venez d\u00e9battre, nous vous invitons volontiers sur ces terrains l\u00e0.\u00a0Mais ne p\u00e9nalisez pas nos enfants.<\/p>\n<p style=\"text-align: justify;\">Le Conseil d&rsquo;Administration n&rsquo;est pas non plus le lieu pour exprimer votre rejet de la politique actuelle. C&rsquo;est un espace de d\u00e9bat o\u00f9 l&rsquo;on prend les d\u00e9cisions pour faciliter le bon fonctionnement quotidien, op\u00e9rationnel et financier, du Lyc\u00e9e. Rien de plus. Vos prises de parole sont abusives, et monopolisent une grande partie de CA que nous ne pouvons plus utiliser ensuite \u00e0 r\u00e9fl\u00e9chir au fonctionnement quotidien du Lyc\u00e9e. Sachez l&rsquo;entendre.<\/p>\n<p style=\"text-align: justify;\">\n<p style=\"text-align: justify;\">Enfin, \u00e0 titre personnel, je suis tr\u00e8s favorable \u00e0 cette r\u00e9forme, et je consid\u00e8re m\u00eame qu&rsquo;elle ne va pas assez loin. Au Pays Bas par exemple, les proc\u00e9dures d&rsquo;\u00e9valuation int\u00e8grent pour une partie non n\u00e9gligeable l&rsquo;opinion de \u00e9l\u00e8ves et des parents. De mani\u00e8re tr\u00e8s surprenante, ce sont les enseignants qui, les premiers, d\u00e9fendent ce syst\u00e8me, car ils consid\u00e8rent que c&rsquo;est le plus efficace pour leur permettre de se remettre en question, d&rsquo;\u00e9valuer l&rsquo;impact de leurs m\u00e9thodes sur les \u00e9l\u00e8ves.<\/p>\n<p style=\"text-align: justify;\">Ce serait bien un comble, qu&rsquo;apr\u00e8s les magistrats, et les m\u00e9decins, le corps enseignant refuse la remise en cause. Les fautes professionnelles des premiers conduisent aux <em>erreurs judiciaires<\/em>, celles des seconds aux <em>erreurs m\u00e9dicales<\/em>, pourquoi ne pourrait-on pas admettre le concept \u00ab\u00a0<em>d&rsquo;erreur \u00e9ducative<\/em>\u00a0\u00bb ?<\/p>\n<p style=\"text-align: justify; padding-left: 660px;\"><strong><em><br \/>\n<\/em><\/strong><\/p>\n<p style=\"text-align: justify; padding-left: 660px;\"><strong><em>Fr\u00e9d\u00e9ric POITOU<\/em><\/strong><\/p>\n<p style=\"text-align: justify;\">\n<p style=\"text-align: justify;\">Pour en savoir plus :<\/p>\n<p style=\"text-align: justify;\">Le <a title=\"CAFE PEDAGOGIQUE\" href=\"http:\/\/www.cafepedagogique.net\/lemensuel\/lesysteme\/Pages\/2011\/124_9.aspx\" target=\"_blank\" rel=\"noopener\">Caf\u00e9 P\u00e9dagogique<\/a> : Excellente mise au point sur le sujet<\/p>\n<p style=\"text-align: justify;\"><a href=\"http:\/\/www.cedefop.europa.eu\/etv\/Upload\/Information_resources\/Bookshop\/468\/40_fr_roelofs.pdf\" target=\"_blank\" rel=\"noopener\">Vers un cadre pour l&rsquo;\u00e9valuation de la comp\u00e9tence d&rsquo;enseignant <\/a>: Une excellente mise au point d&rsquo;Erik Roelofs rappelant le mod\u00e8le Neerlandais.<\/p>\n","protected":false},"excerpt":{"rendered":"<p>Depuis 2002, tous les fonctionnaires font l&rsquo;objet d&rsquo;une \u00e9valuation. Les personnels enseignants sont soumis \u00e0 une notation p\u00e9dagogique \u00ab\u00a0r\u00e9alis\u00e9e par les corps d&rsquo;inspection et \u00e0 une note administrative annuelle propos\u00e9e par le chef d&rsquo;\u00e9tablissement\u00a0\u00bb. En r\u00e9sum\u00e9, ce sont les \u00ab\u00a0coll\u00e8gues\u00a0\u00bb &hellip; <a href=\"https:\/\/www.frederic-poitou.com\/blog\/pas-devaluations-svp\/\">Lire la suite\u00ad\u00ad<\/a><\/p>\n","protected":false},"author":4,"featured_media":0,"comment_status":"open","ping_status":"open","sticky":false,"template":"","format":"standard","meta":{"kt_blocks_editor_width":"","_exactmetrics_skip_tracking":false,"_exactmetrics_sitenote_active":false,"_exactmetrics_sitenote_note":"","_exactmetrics_sitenote_category":0,"footnotes":""},"categories":[48],"tags":[27],"class_list":["post-5873","post","type-post","status-publish","format-standard","hentry","category-accueil","tag-actualite"],"yoast_head":"<!-- This site is optimized with the Yoast SEO plugin v27.1.1 - https:\/\/yoast.com\/product\/yoast-seo-wordpress\/ -->\n<title>PAS D&#039;EVALUATIONS SVP ! -<\/title>\n<meta name=\"robots\" content=\"index, follow, max-snippet:-1, max-image-preview:large, max-video-preview:-1\" \/>\n<link rel=\"canonical\" href=\"https:\/\/www.frederic-poitou.com\/blog\/pas-devaluations-svp\/\" \/>\n<meta property=\"og:locale\" content=\"fr_FR\" \/>\n<meta property=\"og:type\" content=\"article\" \/>\n<meta property=\"og:title\" content=\"PAS D&#039;EVALUATIONS SVP ! -\" \/>\n<meta property=\"og:description\" content=\"Depuis 2002, tous les fonctionnaires font l&rsquo;objet d&rsquo;une \u00e9valuation. Les personnels enseignants sont soumis \u00e0 une notation p\u00e9dagogique \u00ab\u00a0r\u00e9alis\u00e9e par les corps d&rsquo;inspection et \u00e0 une note administrative annuelle propos\u00e9e par le chef d&rsquo;\u00e9tablissement\u00a0\u00bb. En r\u00e9sum\u00e9, ce sont les \u00ab\u00a0coll\u00e8gues\u00a0\u00bb &hellip; Lire la suite\u00ad\u00ad\" \/>\n<meta property=\"og:url\" content=\"https:\/\/www.frederic-poitou.com\/blog\/pas-devaluations-svp\/\" \/>\n<meta property=\"article:publisher\" content=\"https:\/\/www.facebook.com\/frederic.poitou\/\" \/>\n<meta property=\"article:published_time\" content=\"2023-07-13T17:26:32+00:00\" \/>\n<meta property=\"article:modified_time\" content=\"2026-04-10T18:05:57+00:00\" \/>\n<meta property=\"og:image\" content=\"http:\/\/www.frederic-poitou.com\/blog\/wp-content\/evaluation-smiley.jpg\" \/>\n<meta name=\"author\" content=\"Fr\u00e9d\u00e9ric Poitou\" \/>\n<meta name=\"twitter:card\" content=\"summary_large_image\" \/>\n<meta name=\"twitter:creator\" content=\"@fredericpoitou\" \/>\n<meta name=\"twitter:site\" content=\"@fredericpoitou\" \/>\n<meta name=\"twitter:label1\" content=\"\u00c9crit par\" \/>\n\t<meta name=\"twitter:data1\" content=\"Fr\u00e9d\u00e9ric Poitou\" \/>\n\t<meta name=\"twitter:label2\" content=\"Dur\u00e9e de lecture estim\u00e9e\" \/>\n\t<meta name=\"twitter:data2\" content=\"9 minutes\" \/>\n<script type=\"application\/ld+json\" class=\"yoast-schema-graph\">{\"@context\":\"https:\/\/schema.org\",\"@graph\":[{\"@type\":\"Article\",\"@id\":\"https:\/\/www.frederic-poitou.com\/blog\/pas-devaluations-svp\/#article\",\"isPartOf\":{\"@id\":\"https:\/\/www.frederic-poitou.com\/blog\/pas-devaluations-svp\/\"},\"author\":{\"name\":\"Fr\u00e9d\u00e9ric Poitou\",\"@id\":\"http:\/\/www.frederic-poitou.com\/blog\/#\/schema\/person\/e2c2d05e978747818533fdce859a7799\"},\"headline\":\"PAS D&rsquo;EVALUATIONS SVP !\",\"datePublished\":\"2023-07-13T17:26:32+00:00\",\"dateModified\":\"2026-04-10T18:05:57+00:00\",\"mainEntityOfPage\":{\"@id\":\"https:\/\/www.frederic-poitou.com\/blog\/pas-devaluations-svp\/\"},\"wordCount\":1822,\"commentCount\":0,\"image\":{\"@id\":\"https:\/\/www.frederic-poitou.com\/blog\/pas-devaluations-svp\/#primaryimage\"},\"thumbnailUrl\":\"http:\/\/www.frederic-poitou.com\/blog\/wp-content\/evaluation-smiley.jpg\",\"keywords\":[\"Actualit\u00e9\"],\"articleSection\":[\"Accueil\"],\"inLanguage\":\"fr-FR\",\"potentialAction\":[{\"@type\":\"CommentAction\",\"name\":\"Comment\",\"target\":[\"https:\/\/www.frederic-poitou.com\/blog\/pas-devaluations-svp\/#respond\"]}]},{\"@type\":\"WebPage\",\"@id\":\"https:\/\/www.frederic-poitou.com\/blog\/pas-devaluations-svp\/\",\"url\":\"https:\/\/www.frederic-poitou.com\/blog\/pas-devaluations-svp\/\",\"name\":\"PAS D'EVALUATIONS SVP ! -\",\"isPartOf\":{\"@id\":\"http:\/\/www.frederic-poitou.com\/blog\/#website\"},\"primaryImageOfPage\":{\"@id\":\"https:\/\/www.frederic-poitou.com\/blog\/pas-devaluations-svp\/#primaryimage\"},\"image\":{\"@id\":\"https:\/\/www.frederic-poitou.com\/blog\/pas-devaluations-svp\/#primaryimage\"},\"thumbnailUrl\":\"http:\/\/www.frederic-poitou.com\/blog\/wp-content\/evaluation-smiley.jpg\",\"datePublished\":\"2023-07-13T17:26:32+00:00\",\"dateModified\":\"2026-04-10T18:05:57+00:00\",\"author\":{\"@id\":\"http:\/\/www.frederic-poitou.com\/blog\/#\/schema\/person\/e2c2d05e978747818533fdce859a7799\"},\"breadcrumb\":{\"@id\":\"https:\/\/www.frederic-poitou.com\/blog\/pas-devaluations-svp\/#breadcrumb\"},\"inLanguage\":\"fr-FR\",\"potentialAction\":[{\"@type\":\"ReadAction\",\"target\":[\"https:\/\/www.frederic-poitou.com\/blog\/pas-devaluations-svp\/\"]}]},{\"@type\":\"ImageObject\",\"inLanguage\":\"fr-FR\",\"@id\":\"https:\/\/www.frederic-poitou.com\/blog\/pas-devaluations-svp\/#primaryimage\",\"url\":\"https:\/\/www.frederic-poitou.com\/blog\/wp-content\/evaluation-smiley.jpg\",\"contentUrl\":\"https:\/\/www.frederic-poitou.com\/blog\/wp-content\/evaluation-smiley.jpg\",\"width\":\"556\",\"height\":\"300\"},{\"@type\":\"BreadcrumbList\",\"@id\":\"https:\/\/www.frederic-poitou.com\/blog\/pas-devaluations-svp\/#breadcrumb\",\"itemListElement\":[{\"@type\":\"ListItem\",\"position\":1,\"name\":\"Accueil\",\"item\":\"http:\/\/www.frederic-poitou.com\/blog\/\"},{\"@type\":\"ListItem\",\"position\":2,\"name\":\"PAS D&rsquo;EVALUATIONS SVP !\"}]},{\"@type\":\"WebSite\",\"@id\":\"http:\/\/www.frederic-poitou.com\/blog\/#website\",\"url\":\"http:\/\/www.frederic-poitou.com\/blog\/\",\"name\":\"\",\"description\":\"\",\"potentialAction\":[{\"@type\":\"SearchAction\",\"target\":{\"@type\":\"EntryPoint\",\"urlTemplate\":\"http:\/\/www.frederic-poitou.com\/blog\/?s={search_term_string}\"},\"query-input\":{\"@type\":\"PropertyValueSpecification\",\"valueRequired\":true,\"valueName\":\"search_term_string\"}}],\"inLanguage\":\"fr-FR\"},{\"@type\":\"Person\",\"@id\":\"http:\/\/www.frederic-poitou.com\/blog\/#\/schema\/person\/e2c2d05e978747818533fdce859a7799\",\"name\":\"Fr\u00e9d\u00e9ric Poitou\",\"image\":{\"@type\":\"ImageObject\",\"inLanguage\":\"fr-FR\",\"@id\":\"http:\/\/www.frederic-poitou.com\/blog\/#\/schema\/person\/image\/\",\"url\":\"https:\/\/secure.gravatar.com\/avatar\/1933bcca279a2feafd35d9e0a080c521e11beb51115fe4cfe02e2586ac13424a?s=96&d=mm&r=g\",\"contentUrl\":\"https:\/\/secure.gravatar.com\/avatar\/1933bcca279a2feafd35d9e0a080c521e11beb51115fe4cfe02e2586ac13424a?s=96&d=mm&r=g\",\"caption\":\"Fr\u00e9d\u00e9ric Poitou\"},\"description\":\"Fr\u00e9d\u00e9ric Poitou est n\u00e9 \u00e0 Rouen, et y a fait des \u00e9tudes au Conservatoire en musique-\u00e9tudes en section piano. Il s'est ensuite orient\u00e9 vers des \u00e9tudes scientifiques o\u00f9 il a obtenu un dipl\u00f4me d'ing\u00e9nieur, puis un doctorat en Chimie. Il est Expert Judiciaire en France, en Belgique et \u00e0 Luxembourg, et agr\u00e9e par les Institutions Europ\u00e9ennes.\",\"sameAs\":[\"http:\/\/www.frederic-poitou.com\",\"https:\/\/www.linkedin.com\/in\/frederic-poitou-b045a025\/\"]}]}<\/script>\n<!-- \/ Yoast SEO plugin. -->","yoast_head_json":{"title":"PAS D'EVALUATIONS SVP ! -","robots":{"index":"index","follow":"follow","max-snippet":"max-snippet:-1","max-image-preview":"max-image-preview:large","max-video-preview":"max-video-preview:-1"},"canonical":"https:\/\/www.frederic-poitou.com\/blog\/pas-devaluations-svp\/","og_locale":"fr_FR","og_type":"article","og_title":"PAS D'EVALUATIONS SVP ! -","og_description":"Depuis 2002, tous les fonctionnaires font l&rsquo;objet d&rsquo;une \u00e9valuation. Les personnels enseignants sont soumis \u00e0 une notation p\u00e9dagogique \u00ab\u00a0r\u00e9alis\u00e9e par les corps d&rsquo;inspection et \u00e0 une note administrative annuelle propos\u00e9e par le chef d&rsquo;\u00e9tablissement\u00a0\u00bb. En r\u00e9sum\u00e9, ce sont les \u00ab\u00a0coll\u00e8gues\u00a0\u00bb &hellip; Lire la suite\u00ad\u00ad","og_url":"https:\/\/www.frederic-poitou.com\/blog\/pas-devaluations-svp\/","article_publisher":"https:\/\/www.facebook.com\/frederic.poitou\/","article_published_time":"2023-07-13T17:26:32+00:00","article_modified_time":"2026-04-10T18:05:57+00:00","og_image":[{"url":"http:\/\/www.frederic-poitou.com\/blog\/wp-content\/evaluation-smiley.jpg","type":"","width":"","height":""}],"author":"Fr\u00e9d\u00e9ric Poitou","twitter_card":"summary_large_image","twitter_creator":"@fredericpoitou","twitter_site":"@fredericpoitou","twitter_misc":{"\u00c9crit par":"Fr\u00e9d\u00e9ric Poitou","Dur\u00e9e de lecture estim\u00e9e":"9 minutes"},"schema":{"@context":"https:\/\/schema.org","@graph":[{"@type":"Article","@id":"https:\/\/www.frederic-poitou.com\/blog\/pas-devaluations-svp\/#article","isPartOf":{"@id":"https:\/\/www.frederic-poitou.com\/blog\/pas-devaluations-svp\/"},"author":{"name":"Fr\u00e9d\u00e9ric Poitou","@id":"http:\/\/www.frederic-poitou.com\/blog\/#\/schema\/person\/e2c2d05e978747818533fdce859a7799"},"headline":"PAS D&rsquo;EVALUATIONS SVP !","datePublished":"2023-07-13T17:26:32+00:00","dateModified":"2026-04-10T18:05:57+00:00","mainEntityOfPage":{"@id":"https:\/\/www.frederic-poitou.com\/blog\/pas-devaluations-svp\/"},"wordCount":1822,"commentCount":0,"image":{"@id":"https:\/\/www.frederic-poitou.com\/blog\/pas-devaluations-svp\/#primaryimage"},"thumbnailUrl":"http:\/\/www.frederic-poitou.com\/blog\/wp-content\/evaluation-smiley.jpg","keywords":["Actualit\u00e9"],"articleSection":["Accueil"],"inLanguage":"fr-FR","potentialAction":[{"@type":"CommentAction","name":"Comment","target":["https:\/\/www.frederic-poitou.com\/blog\/pas-devaluations-svp\/#respond"]}]},{"@type":"WebPage","@id":"https:\/\/www.frederic-poitou.com\/blog\/pas-devaluations-svp\/","url":"https:\/\/www.frederic-poitou.com\/blog\/pas-devaluations-svp\/","name":"PAS D'EVALUATIONS SVP ! -","isPartOf":{"@id":"http:\/\/www.frederic-poitou.com\/blog\/#website"},"primaryImageOfPage":{"@id":"https:\/\/www.frederic-poitou.com\/blog\/pas-devaluations-svp\/#primaryimage"},"image":{"@id":"https:\/\/www.frederic-poitou.com\/blog\/pas-devaluations-svp\/#primaryimage"},"thumbnailUrl":"http:\/\/www.frederic-poitou.com\/blog\/wp-content\/evaluation-smiley.jpg","datePublished":"2023-07-13T17:26:32+00:00","dateModified":"2026-04-10T18:05:57+00:00","author":{"@id":"http:\/\/www.frederic-poitou.com\/blog\/#\/schema\/person\/e2c2d05e978747818533fdce859a7799"},"breadcrumb":{"@id":"https:\/\/www.frederic-poitou.com\/blog\/pas-devaluations-svp\/#breadcrumb"},"inLanguage":"fr-FR","potentialAction":[{"@type":"ReadAction","target":["https:\/\/www.frederic-poitou.com\/blog\/pas-devaluations-svp\/"]}]},{"@type":"ImageObject","inLanguage":"fr-FR","@id":"https:\/\/www.frederic-poitou.com\/blog\/pas-devaluations-svp\/#primaryimage","url":"https:\/\/www.frederic-poitou.com\/blog\/wp-content\/evaluation-smiley.jpg","contentUrl":"https:\/\/www.frederic-poitou.com\/blog\/wp-content\/evaluation-smiley.jpg","width":"556","height":"300"},{"@type":"BreadcrumbList","@id":"https:\/\/www.frederic-poitou.com\/blog\/pas-devaluations-svp\/#breadcrumb","itemListElement":[{"@type":"ListItem","position":1,"name":"Accueil","item":"http:\/\/www.frederic-poitou.com\/blog\/"},{"@type":"ListItem","position":2,"name":"PAS D&rsquo;EVALUATIONS SVP !"}]},{"@type":"WebSite","@id":"http:\/\/www.frederic-poitou.com\/blog\/#website","url":"http:\/\/www.frederic-poitou.com\/blog\/","name":"","description":"","potentialAction":[{"@type":"SearchAction","target":{"@type":"EntryPoint","urlTemplate":"http:\/\/www.frederic-poitou.com\/blog\/?s={search_term_string}"},"query-input":{"@type":"PropertyValueSpecification","valueRequired":true,"valueName":"search_term_string"}}],"inLanguage":"fr-FR"},{"@type":"Person","@id":"http:\/\/www.frederic-poitou.com\/blog\/#\/schema\/person\/e2c2d05e978747818533fdce859a7799","name":"Fr\u00e9d\u00e9ric Poitou","image":{"@type":"ImageObject","inLanguage":"fr-FR","@id":"http:\/\/www.frederic-poitou.com\/blog\/#\/schema\/person\/image\/","url":"https:\/\/secure.gravatar.com\/avatar\/1933bcca279a2feafd35d9e0a080c521e11beb51115fe4cfe02e2586ac13424a?s=96&d=mm&r=g","contentUrl":"https:\/\/secure.gravatar.com\/avatar\/1933bcca279a2feafd35d9e0a080c521e11beb51115fe4cfe02e2586ac13424a?s=96&d=mm&r=g","caption":"Fr\u00e9d\u00e9ric Poitou"},"description":"Fr\u00e9d\u00e9ric Poitou est n\u00e9 \u00e0 Rouen, et y a fait des \u00e9tudes au Conservatoire en musique-\u00e9tudes en section piano. Il s'est ensuite orient\u00e9 vers des \u00e9tudes scientifiques o\u00f9 il a obtenu un dipl\u00f4me d'ing\u00e9nieur, puis un doctorat en Chimie. Il est Expert Judiciaire en France, en Belgique et \u00e0 Luxembourg, et agr\u00e9e par les Institutions Europ\u00e9ennes.","sameAs":["http:\/\/www.frederic-poitou.com","https:\/\/www.linkedin.com\/in\/frederic-poitou-b045a025\/"]}]}},"_links":{"self":[{"href":"https:\/\/www.frederic-poitou.com\/blog\/wp-json\/wp\/v2\/posts\/5873","targetHints":{"allow":["GET"]}}],"collection":[{"href":"https:\/\/www.frederic-poitou.com\/blog\/wp-json\/wp\/v2\/posts"}],"about":[{"href":"https:\/\/www.frederic-poitou.com\/blog\/wp-json\/wp\/v2\/types\/post"}],"author":[{"embeddable":true,"href":"https:\/\/www.frederic-poitou.com\/blog\/wp-json\/wp\/v2\/users\/4"}],"replies":[{"embeddable":true,"href":"https:\/\/www.frederic-poitou.com\/blog\/wp-json\/wp\/v2\/comments?post=5873"}],"version-history":[{"count":1,"href":"https:\/\/www.frederic-poitou.com\/blog\/wp-json\/wp\/v2\/posts\/5873\/revisions"}],"predecessor-version":[{"id":10253,"href":"https:\/\/www.frederic-poitou.com\/blog\/wp-json\/wp\/v2\/posts\/5873\/revisions\/10253"}],"wp:attachment":[{"href":"https:\/\/www.frederic-poitou.com\/blog\/wp-json\/wp\/v2\/media?parent=5873"}],"wp:term":[{"taxonomy":"category","embeddable":true,"href":"https:\/\/www.frederic-poitou.com\/blog\/wp-json\/wp\/v2\/categories?post=5873"},{"taxonomy":"post_tag","embeddable":true,"href":"https:\/\/www.frederic-poitou.com\/blog\/wp-json\/wp\/v2\/tags?post=5873"}],"curies":[{"name":"wp","href":"https:\/\/api.w.org\/{rel}","templated":true}]}}