{"id":5505,"date":"2023-07-13T19:07:32","date_gmt":"2023-07-13T17:07:32","guid":{"rendered":"http:\/\/www.frederic-poitou.com\/blog\/?p=5505"},"modified":"2026-04-10T18:55:56","modified_gmt":"2026-04-10T16:55:56","slug":"on-sent-lhomme-de-gauche","status":"publish","type":"post","link":"https:\/\/www.frederic-poitou.com\/blog\/on-sent-lhomme-de-gauche\/","title":{"rendered":"ON SENT L&rsquo;HOMME DE GAUCHE &#8230;"},"content":{"rendered":"<p style=\"text-align: center;\">\n<p style=\"text-align: center;\"><img loading=\"lazy\" decoding=\"async\" class=\"aligncenter size-full wp-image-5600\" title=\"Image du Presse-papiers\" src=\"http:\/\/www.frederic-poitou.com\/blog\/wp-content\/Image-du-Presse-papiers4.jpg\" alt=\"Image du Presse-papiers\" width=\"441\" height=\"347\" srcset=\"https:\/\/www.frederic-poitou.com\/blog\/wp-content\/Image-du-Presse-papiers4.jpg 441w, https:\/\/www.frederic-poitou.com\/blog\/wp-content\/Image-du-Presse-papiers4-300x236.jpg 300w\" sizes=\"auto, (max-width: 441px) 100vw, 441px\" \/><\/p>\n<p style=\"text-align: justify;\">\n<p style=\"text-align: justify;\">\n<p style=\"text-align: justify;\">\n<p style=\"text-align: justify;\">\n<p style=\"text-align: justify;\">\n<p style=\"text-align: justify;\">\n<p style=\"text-align: justify;\">\n<p style=\"text-align: justify;\">\n<p style=\"text-align: justify;\">\n<p style=\"text-align: justify;\">\n<p style=\"text-align: justify;\">\n<p style=\"text-align: justify;\">\n<p style=\"text-align: justify;\">\n<p style=\"text-align: justify;\">\n<p style=\"text-align: justify;\">\n<p style=\"text-align: justify;\">\n<p style=\"text-align: justify;\">\n<p style=\"text-align: justify;\">La justice am\u00e9ricaine a ses d\u00e9fauts, mais elle a aussi ses qualit\u00e9s. Elle traite avec la m\u00eame ind\u00e9cence, les riches et les pauvres.<\/p>\n<p style=\"text-align: justify;\">C&rsquo;est terrible de le verbaliser de la sorte, mais je crois que c&rsquo;est la meilleure expression que l&rsquo;on pouvait trouver.<\/p>\n<p style=\"text-align: justify;\">Quant \u00e0 DSK, sans pr\u00e9sumer de sa culpabilit\u00e9 ou de son innocence, je rel\u00e8ve simplement que ses camarades socialistes s&rsquo;indignent du traitement m\u00e9diatique de cette affaire. Mais se sont ils indign\u00e9s de l&rsquo;arrogance de DSK qui loue une villa de 35000 $ \/mois, auxquels il convient d&rsquo;ajouter les frais de surveillance (200000 $ \/mois) et les \u00ab\u00a0\u00e0 c\u00f4t\u00e9s\u00a0\u00bb ?<\/p>\n<p style=\"text-align: justify;\">Enfin, je garde aussi en m\u00e9moire les scandaleux propos de Jack Lang, qui, pour d\u00e9fendre son ami DSK a os\u00e9 d\u00e9clarer que\u00a0<em>\u00ab\u00a0Ne pas lib\u00e9rer quelqu&rsquo;un qui verse une caution importante, alors qu\u2019il n\u2019y a pas mort d\u2019homme, \u00e7a ne se fait pratiquement jamais.\u00a0\u00bb<\/em> C\u2019est Jack Lang (<a style=\"text-decoration: none; padding: 0px; margin: 0px;\" href=\"http:\/\/www.youtube.com\/watch?v=Lmzdhn9E7Es\"><span style=\"color: #000000;\">JT de 20h de France 2, lundi 16 mai<\/span><\/a><span style=\"color: #000000;\"> 2011)<\/span>. Jolis propos\u00e9 pour un socialiste non ? On sous-entendrait qu&rsquo;un nantis, en mesure de verser 1 million de $ dollars de caution, ainsi que 5 millions suppl\u00e9mentaires de d\u00e9p\u00f4t de garantie ?<\/p>\n<p style=\"text-align: justify;\">Si il est prouv\u00e9 que DSK est coupable, alors j&rsquo;esp\u00e8re que sa pr\u00e9sum\u00e9e victime aura le courage d&rsquo;aller jusqu&rsquo;au bout de ses actions, et qu&rsquo;il sera sanctionn\u00e9 \u00e0 la mesure de l&rsquo;inacceptable habitude qu&rsquo;ont nos puissants \u00e0 abuser de leurs pouvoirs, leur argent, leur statut. Si il est reconnu coupable, alors son comportement sera consid\u00e9r\u00e9 comme la \u00ab\u00a0normalisation\u00a0\u00bb du droit de cuissage, comme Almaviva envers Suzanne dans le mariage de Figaro de Beaumarchais.<\/p>\n<p style=\"text-align: justify;\">Plus loin dans la m\u00eame interview, Jack Lang parle m\u00eame d\u2019un \u00ab\u00a0<em>incident <\/em>\u00bb. J&rsquo;esp\u00e8re Monsieur Lang que vous aurez le courage de d\u00e9mentir, de revenir sur ces propos ou de vous en excuser, car, m\u00eame si nous ne vous reverrons pas sur le devant de la sc\u00e8ne politique eu \u00e9gard \u00e0 votre \u00e2ge, il serait tout \u00e0 votre honneur de quitter le devant de la sc\u00e8ne sur une note un peu plus \u00e9l\u00e9gante que ces propos inacceptables.<\/p>\n<p style=\"text-align: justify;\">Jean-Fran\u00e7ois Kahn, lui, s&rsquo;est excus\u00e9 de propos de m\u00eame nature qu&rsquo;il avait tenus, qualifiant l&rsquo;erreur de son ami de <em>\u00ab\u00a0troussage de domestique\u00a0\u00bb<\/em>. Encore une perle.<\/p>\n<p style=\"text-align: justify;\">\n<p style=\"text-align: justify;\">En tout cas, si le reportage de BFM TV (qui rapportent un article du New York Post) s&rsquo;av\u00e8re fond\u00e9, et que les avocats de DSK aurait propos\u00e9 1 million de dollars (un autre !) \u00e0 la famille de la suppos\u00e9e victime, en contrepartie de son silence est plus que suprenant.<\/p>\n<p style=\"text-align: justify;\">\n<p><a href=\"http:\/\/www.dailymotion.com\/video\/xizhdx_affaire-dsk-un-million-de-dollars-a-la-famille-de-la-victime-pour-son-silence_news\" target=\"_blank\" rel=\"noopener\">Affaire DSK &#8211; un million de dollars \u00e0 la famille&#8230;<\/a> <em>par <a href=\"http:\/\/www.dailymotion.com\/ATTACHEE-PRESSE13\" target=\"_blank\" rel=\"noopener\">ATTACHEE-PRESSE13<\/a><\/em><\/p>\n<p style=\"text-align: center;\">\n<p style=\"text-align: center;\"><span style=\"color: #888888;\">&#8211;<\/span><\/p>\n<p style=\"text-align: center;\"><span style=\"color: #888888;\">&#8211;<\/span><\/p>\n<p style=\"text-align: center;\">\n<p style=\"text-align: justify;\"><span style=\"color: #ffffff;\">&#8211;<\/span><\/p>\n<p style=\"text-align: justify;\">\n<p style=\"text-align: justify;\">Si il est prouv\u00e9 qu&rsquo;il est innocent, alors j&rsquo;esp\u00e8re qu&rsquo;il parviendra \u00e0 s&rsquo;en relever, car \u00eatre accus\u00e9 \u00e0 tort de crimes que l&rsquo;on a pas commis, et se retrouver emp\u00eatr\u00e9 dans la machine judiciaire sans savoir quand on s&rsquo;en sortira, si m\u00eame on s&rsquo;en sort, est une \u00e9preuve \u00e9pouvantable.<\/p>\n<p style=\"text-align: justify;\">Souvenons nous des accus\u00e9s d&rsquo;Outreau, ou d&rsquo;autres scandales d&rsquo;accusations mensong\u00e8res, calomnieuses, ou de simples erreurs judiciaires dont on ne se rend compte que plusieurs ann\u00e9es plus tard.<\/p>\n<p style=\"text-align: justify;\">En tous les cas, le dessin de Lefred-Thouron dans le Canard \u00e9tait r\u00e9\u00e8llement \u00a0excellent ! Je ne m&rsquo;en lasse pas, car il n&rsquo;accuse pas. Il s&rsquo;amuse simplement du paradoxe de ce personnage \u00e9tonnant qu&rsquo;\u00e9tait DSK.<\/p>\n<p style=\"text-align: justify;\">Fr\u00e9d\u00e9ric<\/p>\n<p><span style=\"color: #ffffff;\">&#8211;<\/span><\/p>\n<p><span style=\"color: #ffffff;\">&#8211;<\/span><\/p>\n<p><span style=\"color: #ffffff;\">&#8211;<\/span><\/p>\n<p><span style=\"color: #ffffff;\"><br \/>\n<\/span><\/p>\n<p><em> <\/em><\/p>\n","protected":false},"excerpt":{"rendered":"<p>La justice am\u00e9ricaine a ses d\u00e9fauts, mais elle a aussi ses qualit\u00e9s. Elle traite avec la m\u00eame ind\u00e9cence, les riches et les pauvres. C&rsquo;est terrible de le verbaliser de la sorte, mais je crois que c&rsquo;est la meilleure expression que &hellip; <a href=\"https:\/\/www.frederic-poitou.com\/blog\/on-sent-lhomme-de-gauche\/\">Lire la suite\u00ad\u00ad<\/a><\/p>\n","protected":false},"author":4,"featured_media":0,"comment_status":"open","ping_status":"open","sticky":false,"template":"","format":"standard","meta":{"kt_blocks_editor_width":"","_exactmetrics_skip_tracking":false,"_exactmetrics_sitenote_active":false,"_exactmetrics_sitenote_note":"","_exactmetrics_sitenote_category":0,"footnotes":""},"categories":[1],"tags":[50],"class_list":["post-5505","post","type-post","status-publish","format-standard","hentry","category-politique-economie","tag-politique-economie"],"yoast_head":"<!-- This site is optimized with the Yoast SEO plugin v27.1.1 - https:\/\/yoast.com\/product\/yoast-seo-wordpress\/ -->\n<title>ON SENT L&#039;HOMME DE GAUCHE ... -<\/title>\n<meta name=\"robots\" content=\"index, follow, max-snippet:-1, max-image-preview:large, max-video-preview:-1\" \/>\n<link rel=\"canonical\" href=\"https:\/\/www.frederic-poitou.com\/blog\/on-sent-lhomme-de-gauche\/\" \/>\n<meta property=\"og:locale\" content=\"fr_FR\" \/>\n<meta property=\"og:type\" content=\"article\" \/>\n<meta property=\"og:title\" content=\"ON SENT L&#039;HOMME DE GAUCHE ... -\" \/>\n<meta property=\"og:description\" content=\"La justice am\u00e9ricaine a ses d\u00e9fauts, mais elle a aussi ses qualit\u00e9s. Elle traite avec la m\u00eame ind\u00e9cence, les riches et les pauvres. C&rsquo;est terrible de le verbaliser de la sorte, mais je crois que c&rsquo;est la meilleure expression que &hellip; Lire la suite\u00ad\u00ad\" \/>\n<meta property=\"og:url\" content=\"https:\/\/www.frederic-poitou.com\/blog\/on-sent-lhomme-de-gauche\/\" \/>\n<meta property=\"article:publisher\" content=\"https:\/\/www.facebook.com\/frederic.poitou\/\" \/>\n<meta property=\"article:published_time\" content=\"2023-07-13T17:07:32+00:00\" \/>\n<meta property=\"article:modified_time\" content=\"2026-04-10T16:55:56+00:00\" \/>\n<meta property=\"og:image\" content=\"http:\/\/www.frederic-poitou.com\/blog\/wp-content\/Image-du-Presse-papiers4.jpg\" \/>\n<meta name=\"author\" content=\"Fr\u00e9d\u00e9ric Poitou\" \/>\n<meta name=\"twitter:card\" content=\"summary_large_image\" \/>\n<meta name=\"twitter:creator\" content=\"@fredericpoitou\" \/>\n<meta name=\"twitter:site\" content=\"@fredericpoitou\" \/>\n<meta name=\"twitter:label1\" content=\"\u00c9crit par\" \/>\n\t<meta name=\"twitter:data1\" content=\"Fr\u00e9d\u00e9ric Poitou\" \/>\n\t<meta name=\"twitter:label2\" content=\"Dur\u00e9e de lecture estim\u00e9e\" \/>\n\t<meta name=\"twitter:data2\" content=\"3 minutes\" \/>\n<script type=\"application\/ld+json\" class=\"yoast-schema-graph\">{\"@context\":\"https:\/\/schema.org\",\"@graph\":[{\"@type\":\"Article\",\"@id\":\"https:\/\/www.frederic-poitou.com\/blog\/on-sent-lhomme-de-gauche\/#article\",\"isPartOf\":{\"@id\":\"https:\/\/www.frederic-poitou.com\/blog\/on-sent-lhomme-de-gauche\/\"},\"author\":{\"name\":\"Fr\u00e9d\u00e9ric Poitou\",\"@id\":\"https:\/\/www.frederic-poitou.com\/blog\/#\/schema\/person\/e2c2d05e978747818533fdce859a7799\"},\"headline\":\"ON SENT L&rsquo;HOMME DE GAUCHE &#8230;\",\"datePublished\":\"2023-07-13T17:07:32+00:00\",\"dateModified\":\"2026-04-10T16:55:56+00:00\",\"mainEntityOfPage\":{\"@id\":\"https:\/\/www.frederic-poitou.com\/blog\/on-sent-lhomme-de-gauche\/\"},\"wordCount\":605,\"commentCount\":0,\"image\":{\"@id\":\"https:\/\/www.frederic-poitou.com\/blog\/on-sent-lhomme-de-gauche\/#primaryimage\"},\"thumbnailUrl\":\"http:\/\/www.frederic-poitou.com\/blog\/wp-content\/Image-du-Presse-papiers4.jpg\",\"keywords\":[\"Divers\"],\"articleSection\":[\"Divers\"],\"inLanguage\":\"fr-FR\",\"potentialAction\":[{\"@type\":\"CommentAction\",\"name\":\"Comment\",\"target\":[\"https:\/\/www.frederic-poitou.com\/blog\/on-sent-lhomme-de-gauche\/#respond\"]}]},{\"@type\":\"WebPage\",\"@id\":\"https:\/\/www.frederic-poitou.com\/blog\/on-sent-lhomme-de-gauche\/\",\"url\":\"https:\/\/www.frederic-poitou.com\/blog\/on-sent-lhomme-de-gauche\/\",\"name\":\"ON SENT L'HOMME DE GAUCHE ... -\",\"isPartOf\":{\"@id\":\"https:\/\/www.frederic-poitou.com\/blog\/#website\"},\"primaryImageOfPage\":{\"@id\":\"https:\/\/www.frederic-poitou.com\/blog\/on-sent-lhomme-de-gauche\/#primaryimage\"},\"image\":{\"@id\":\"https:\/\/www.frederic-poitou.com\/blog\/on-sent-lhomme-de-gauche\/#primaryimage\"},\"thumbnailUrl\":\"http:\/\/www.frederic-poitou.com\/blog\/wp-content\/Image-du-Presse-papiers4.jpg\",\"datePublished\":\"2023-07-13T17:07:32+00:00\",\"dateModified\":\"2026-04-10T16:55:56+00:00\",\"author\":{\"@id\":\"https:\/\/www.frederic-poitou.com\/blog\/#\/schema\/person\/e2c2d05e978747818533fdce859a7799\"},\"breadcrumb\":{\"@id\":\"https:\/\/www.frederic-poitou.com\/blog\/on-sent-lhomme-de-gauche\/#breadcrumb\"},\"inLanguage\":\"fr-FR\",\"potentialAction\":[{\"@type\":\"ReadAction\",\"target\":[\"https:\/\/www.frederic-poitou.com\/blog\/on-sent-lhomme-de-gauche\/\"]}]},{\"@type\":\"ImageObject\",\"inLanguage\":\"fr-FR\",\"@id\":\"https:\/\/www.frederic-poitou.com\/blog\/on-sent-lhomme-de-gauche\/#primaryimage\",\"url\":\"https:\/\/www.frederic-poitou.com\/blog\/wp-content\/Image-du-Presse-papiers4.jpg\",\"contentUrl\":\"https:\/\/www.frederic-poitou.com\/blog\/wp-content\/Image-du-Presse-papiers4.jpg\",\"width\":\"441\",\"height\":\"347\"},{\"@type\":\"BreadcrumbList\",\"@id\":\"https:\/\/www.frederic-poitou.com\/blog\/on-sent-lhomme-de-gauche\/#breadcrumb\",\"itemListElement\":[{\"@type\":\"ListItem\",\"position\":1,\"name\":\"Accueil\",\"item\":\"https:\/\/www.frederic-poitou.com\/blog\/\"},{\"@type\":\"ListItem\",\"position\":2,\"name\":\"ON SENT L&rsquo;HOMME DE GAUCHE &#8230;\"}]},{\"@type\":\"WebSite\",\"@id\":\"https:\/\/www.frederic-poitou.com\/blog\/#website\",\"url\":\"https:\/\/www.frederic-poitou.com\/blog\/\",\"name\":\"\",\"description\":\"\",\"potentialAction\":[{\"@type\":\"SearchAction\",\"target\":{\"@type\":\"EntryPoint\",\"urlTemplate\":\"https:\/\/www.frederic-poitou.com\/blog\/?s={search_term_string}\"},\"query-input\":{\"@type\":\"PropertyValueSpecification\",\"valueRequired\":true,\"valueName\":\"search_term_string\"}}],\"inLanguage\":\"fr-FR\"},{\"@type\":\"Person\",\"@id\":\"https:\/\/www.frederic-poitou.com\/blog\/#\/schema\/person\/e2c2d05e978747818533fdce859a7799\",\"name\":\"Fr\u00e9d\u00e9ric Poitou\",\"image\":{\"@type\":\"ImageObject\",\"inLanguage\":\"fr-FR\",\"@id\":\"https:\/\/www.frederic-poitou.com\/blog\/#\/schema\/person\/image\/\",\"url\":\"https:\/\/secure.gravatar.com\/avatar\/1933bcca279a2feafd35d9e0a080c521e11beb51115fe4cfe02e2586ac13424a?s=96&d=mm&r=g\",\"contentUrl\":\"https:\/\/secure.gravatar.com\/avatar\/1933bcca279a2feafd35d9e0a080c521e11beb51115fe4cfe02e2586ac13424a?s=96&d=mm&r=g\",\"caption\":\"Fr\u00e9d\u00e9ric Poitou\"},\"description\":\"Fr\u00e9d\u00e9ric Poitou est n\u00e9 \u00e0 Rouen, et y a fait des \u00e9tudes au Conservatoire en musique-\u00e9tudes en section piano. Il s'est ensuite orient\u00e9 vers des \u00e9tudes scientifiques o\u00f9 il a obtenu un dipl\u00f4me d'ing\u00e9nieur, puis un doctorat en Chimie. Il est Expert Judiciaire en France, en Belgique et \u00e0 Luxembourg, et agr\u00e9e par les Institutions Europ\u00e9ennes.\",\"sameAs\":[\"http:\/\/www.frederic-poitou.com\",\"https:\/\/www.linkedin.com\/in\/frederic-poitou-b045a025\/\"]}]}<\/script>\n<!-- \/ Yoast SEO plugin. -->","yoast_head_json":{"title":"ON SENT L'HOMME DE GAUCHE ... -","robots":{"index":"index","follow":"follow","max-snippet":"max-snippet:-1","max-image-preview":"max-image-preview:large","max-video-preview":"max-video-preview:-1"},"canonical":"https:\/\/www.frederic-poitou.com\/blog\/on-sent-lhomme-de-gauche\/","og_locale":"fr_FR","og_type":"article","og_title":"ON SENT L'HOMME DE GAUCHE ... -","og_description":"La justice am\u00e9ricaine a ses d\u00e9fauts, mais elle a aussi ses qualit\u00e9s. Elle traite avec la m\u00eame ind\u00e9cence, les riches et les pauvres. C&rsquo;est terrible de le verbaliser de la sorte, mais je crois que c&rsquo;est la meilleure expression que &hellip; Lire la suite\u00ad\u00ad","og_url":"https:\/\/www.frederic-poitou.com\/blog\/on-sent-lhomme-de-gauche\/","article_publisher":"https:\/\/www.facebook.com\/frederic.poitou\/","article_published_time":"2023-07-13T17:07:32+00:00","article_modified_time":"2026-04-10T16:55:56+00:00","og_image":[{"url":"http:\/\/www.frederic-poitou.com\/blog\/wp-content\/Image-du-Presse-papiers4.jpg","type":"","width":"","height":""}],"author":"Fr\u00e9d\u00e9ric Poitou","twitter_card":"summary_large_image","twitter_creator":"@fredericpoitou","twitter_site":"@fredericpoitou","twitter_misc":{"\u00c9crit par":"Fr\u00e9d\u00e9ric Poitou","Dur\u00e9e de lecture estim\u00e9e":"3 minutes"},"schema":{"@context":"https:\/\/schema.org","@graph":[{"@type":"Article","@id":"https:\/\/www.frederic-poitou.com\/blog\/on-sent-lhomme-de-gauche\/#article","isPartOf":{"@id":"https:\/\/www.frederic-poitou.com\/blog\/on-sent-lhomme-de-gauche\/"},"author":{"name":"Fr\u00e9d\u00e9ric Poitou","@id":"https:\/\/www.frederic-poitou.com\/blog\/#\/schema\/person\/e2c2d05e978747818533fdce859a7799"},"headline":"ON SENT L&rsquo;HOMME DE GAUCHE &#8230;","datePublished":"2023-07-13T17:07:32+00:00","dateModified":"2026-04-10T16:55:56+00:00","mainEntityOfPage":{"@id":"https:\/\/www.frederic-poitou.com\/blog\/on-sent-lhomme-de-gauche\/"},"wordCount":605,"commentCount":0,"image":{"@id":"https:\/\/www.frederic-poitou.com\/blog\/on-sent-lhomme-de-gauche\/#primaryimage"},"thumbnailUrl":"http:\/\/www.frederic-poitou.com\/blog\/wp-content\/Image-du-Presse-papiers4.jpg","keywords":["Divers"],"articleSection":["Divers"],"inLanguage":"fr-FR","potentialAction":[{"@type":"CommentAction","name":"Comment","target":["https:\/\/www.frederic-poitou.com\/blog\/on-sent-lhomme-de-gauche\/#respond"]}]},{"@type":"WebPage","@id":"https:\/\/www.frederic-poitou.com\/blog\/on-sent-lhomme-de-gauche\/","url":"https:\/\/www.frederic-poitou.com\/blog\/on-sent-lhomme-de-gauche\/","name":"ON SENT L'HOMME DE GAUCHE ... -","isPartOf":{"@id":"https:\/\/www.frederic-poitou.com\/blog\/#website"},"primaryImageOfPage":{"@id":"https:\/\/www.frederic-poitou.com\/blog\/on-sent-lhomme-de-gauche\/#primaryimage"},"image":{"@id":"https:\/\/www.frederic-poitou.com\/blog\/on-sent-lhomme-de-gauche\/#primaryimage"},"thumbnailUrl":"http:\/\/www.frederic-poitou.com\/blog\/wp-content\/Image-du-Presse-papiers4.jpg","datePublished":"2023-07-13T17:07:32+00:00","dateModified":"2026-04-10T16:55:56+00:00","author":{"@id":"https:\/\/www.frederic-poitou.com\/blog\/#\/schema\/person\/e2c2d05e978747818533fdce859a7799"},"breadcrumb":{"@id":"https:\/\/www.frederic-poitou.com\/blog\/on-sent-lhomme-de-gauche\/#breadcrumb"},"inLanguage":"fr-FR","potentialAction":[{"@type":"ReadAction","target":["https:\/\/www.frederic-poitou.com\/blog\/on-sent-lhomme-de-gauche\/"]}]},{"@type":"ImageObject","inLanguage":"fr-FR","@id":"https:\/\/www.frederic-poitou.com\/blog\/on-sent-lhomme-de-gauche\/#primaryimage","url":"https:\/\/www.frederic-poitou.com\/blog\/wp-content\/Image-du-Presse-papiers4.jpg","contentUrl":"https:\/\/www.frederic-poitou.com\/blog\/wp-content\/Image-du-Presse-papiers4.jpg","width":"441","height":"347"},{"@type":"BreadcrumbList","@id":"https:\/\/www.frederic-poitou.com\/blog\/on-sent-lhomme-de-gauche\/#breadcrumb","itemListElement":[{"@type":"ListItem","position":1,"name":"Accueil","item":"https:\/\/www.frederic-poitou.com\/blog\/"},{"@type":"ListItem","position":2,"name":"ON SENT L&rsquo;HOMME DE GAUCHE &#8230;"}]},{"@type":"WebSite","@id":"https:\/\/www.frederic-poitou.com\/blog\/#website","url":"https:\/\/www.frederic-poitou.com\/blog\/","name":"","description":"","potentialAction":[{"@type":"SearchAction","target":{"@type":"EntryPoint","urlTemplate":"https:\/\/www.frederic-poitou.com\/blog\/?s={search_term_string}"},"query-input":{"@type":"PropertyValueSpecification","valueRequired":true,"valueName":"search_term_string"}}],"inLanguage":"fr-FR"},{"@type":"Person","@id":"https:\/\/www.frederic-poitou.com\/blog\/#\/schema\/person\/e2c2d05e978747818533fdce859a7799","name":"Fr\u00e9d\u00e9ric Poitou","image":{"@type":"ImageObject","inLanguage":"fr-FR","@id":"https:\/\/www.frederic-poitou.com\/blog\/#\/schema\/person\/image\/","url":"https:\/\/secure.gravatar.com\/avatar\/1933bcca279a2feafd35d9e0a080c521e11beb51115fe4cfe02e2586ac13424a?s=96&d=mm&r=g","contentUrl":"https:\/\/secure.gravatar.com\/avatar\/1933bcca279a2feafd35d9e0a080c521e11beb51115fe4cfe02e2586ac13424a?s=96&d=mm&r=g","caption":"Fr\u00e9d\u00e9ric Poitou"},"description":"Fr\u00e9d\u00e9ric Poitou est n\u00e9 \u00e0 Rouen, et y a fait des \u00e9tudes au Conservatoire en musique-\u00e9tudes en section piano. Il s'est ensuite orient\u00e9 vers des \u00e9tudes scientifiques o\u00f9 il a obtenu un dipl\u00f4me d'ing\u00e9nieur, puis un doctorat en Chimie. Il est Expert Judiciaire en France, en Belgique et \u00e0 Luxembourg, et agr\u00e9e par les Institutions Europ\u00e9ennes.","sameAs":["http:\/\/www.frederic-poitou.com","https:\/\/www.linkedin.com\/in\/frederic-poitou-b045a025\/"]}]}},"_links":{"self":[{"href":"https:\/\/www.frederic-poitou.com\/blog\/wp-json\/wp\/v2\/posts\/5505","targetHints":{"allow":["GET"]}}],"collection":[{"href":"https:\/\/www.frederic-poitou.com\/blog\/wp-json\/wp\/v2\/posts"}],"about":[{"href":"https:\/\/www.frederic-poitou.com\/blog\/wp-json\/wp\/v2\/types\/post"}],"author":[{"embeddable":true,"href":"https:\/\/www.frederic-poitou.com\/blog\/wp-json\/wp\/v2\/users\/4"}],"replies":[{"embeddable":true,"href":"https:\/\/www.frederic-poitou.com\/blog\/wp-json\/wp\/v2\/comments?post=5505"}],"version-history":[{"count":1,"href":"https:\/\/www.frederic-poitou.com\/blog\/wp-json\/wp\/v2\/posts\/5505\/revisions"}],"predecessor-version":[{"id":10248,"href":"https:\/\/www.frederic-poitou.com\/blog\/wp-json\/wp\/v2\/posts\/5505\/revisions\/10248"}],"wp:attachment":[{"href":"https:\/\/www.frederic-poitou.com\/blog\/wp-json\/wp\/v2\/media?parent=5505"}],"wp:term":[{"taxonomy":"category","embeddable":true,"href":"https:\/\/www.frederic-poitou.com\/blog\/wp-json\/wp\/v2\/categories?post=5505"},{"taxonomy":"post_tag","embeddable":true,"href":"https:\/\/www.frederic-poitou.com\/blog\/wp-json\/wp\/v2\/tags?post=5505"}],"curies":[{"name":"wp","href":"https:\/\/api.w.org\/{rel}","templated":true}]}}