{"id":5490,"date":"2023-07-13T21:28:32","date_gmt":"2023-07-13T19:28:32","guid":{"rendered":"http:\/\/www.frederic-poitou.com\/blog\/?p=5490"},"modified":"2026-04-11T19:50:40","modified_gmt":"2026-04-11T17:50:40","slug":"fete-du-velo-a-aix-29-mai-allees-provencales","status":"publish","type":"post","link":"https:\/\/www.frederic-poitou.com\/blog\/fete-du-velo-a-aix-29-mai-allees-provencales\/","title":{"rendered":"F\u00caTE DU VELO A AIX : 29 MAI, All\u00e9es Proven\u00e7ales"},"content":{"rendered":"<p><img loading=\"lazy\" decoding=\"async\" class=\"alignleft size-full wp-image-5491\" style=\"margin: 10px; border: 10px solid black;\" title=\"CPA FeteVelo2011-Aff#2C7F44 (2)\" src=\"http:\/\/www.frederic-poitou.com\/blog\/wp-content\/CPA-FeteVelo2011-Aff2C7F44-2.jpg\" alt=\"CPA FeteVelo2011-Aff#2C7F44 (2)\" width=\"300\" height=\"400\" srcset=\"https:\/\/www.frederic-poitou.com\/blog\/wp-content\/CPA-FeteVelo2011-Aff2C7F44-2.jpg 300w, https:\/\/www.frederic-poitou.com\/blog\/wp-content\/CPA-FeteVelo2011-Aff2C7F44-2-225x300.jpg 225w\" sizes=\"auto, (max-width: 300px) 100vw, 300px\" \/><\/p>\n<p style=\"text-align: justify;\">\n<p style=\"text-align: justify;\">\n<p style=\"margin: 0.0px 0.0px 0.0px 0.0px; font: 13.0px Georgia;\">\n<p style=\"margin: 0.0px 0.0px 0.0px 0.0px; font: 13.0px Georgia;\">\n<p style=\"margin: 0.0px 0.0px 0.0px 0.0px; font: 13.0px Georgia;\">La F\u00eate du V\u00e9lo de la Communaut\u00e9 du Pays d\u2019 Aix en Provence est un \u00e9v\u00e9nement festif et ouvert \u00e0 tous. Le comit\u00e9 d\u00e9partemental de cyclotourisme en partenariat avec la communaut\u00e9 du Pays d\u2019Aix organise cette f\u00eate depuis 5 ans , nous attendons toujours plus de participants \u00e0 chaque \u00e9dition.<\/p>\n<p style=\"margin: 0.0px 0.0px 0.0px 0.0px; font: 13.0px Georgia;\">C\u2019est une manifestation grand public, destin\u00e9e \u00e0 promouvoir la pratique du v\u00e9lo sous toutes ses formes, d\u00e9velopper l\u2019activit\u00e9 physique de proximit\u00e9 et \u00e0 sensibiliser les \u00e9l\u00e8ves du primaire \u00e0 l\u2019utilisation du v\u00e9lo avec la participation d\u2019une \u00e9cole pour la r\u00e9alisation d\u2019un dessin qui servira de base pour la r\u00e9alisation de l\u2019affiche (cette ann\u00e9e, r\u00e9alis\u00e9e par l\u2019\u00c9cole primaire de Meyrargues)<\/p>\n<p style=\"margin: 0.0px 0.0px 0.0px 0.0px; font: 13.0px Georgia;\">LE PROGRAMME:<\/p>\n<p style=\"margin: 0.0px 0.0px 0.0px 0.0px; font: 13.0px Georgia; color: #950c0b;\">Le dimanche 29 mai de 07H00 \u00e0 17H00<\/p>\n<p style=\"margin: 0.0px 0.0px 0.0px 0.0px; font: 13.0px Georgia;\">Un village du v\u00e9lo install\u00e9 au centre ville d\u2019Aix comprenant une dizaine de stands<\/p>\n<p style=\"margin: 0.0px 0.0px 0.0px 0.0px; font: 13.0px Georgia;\">Accueil du public au village du v\u00e9lo, ravitaillement, boisson, t-shirts distribu\u00e9s floqu\u00e9s avec le dessin retenu + Un animateur sur le village du v\u00e9lo ( animateur de France bleu Provence )<\/p>\n<p style=\"margin: 0.0px 0.0px 0.0px 0.0px; font: 13.0px Georgia;\">A la mi-journ\u00e9e remise de prix pour le ou la gagnante du concours de dessin<\/p>\n<p style=\"margin: 0.0px 0.0px 0.0px 0.0px; font: 13.0px Georgia; color: #ffffff;\">&#8211;<\/p>\n<p style=\"margin: 0.0px 0.0px 0.0px 0.0px; font: 13.0px Georgia; color: #ffffff;\">&#8211;<\/p>\n<p style=\"margin: 0.0px 0.0px 0.0px 0.0px; font: 13.0px Georgia;\">LES MANIFESTATIONS:<\/p>\n<p style=\"margin: 0.0px 0.0px 0.0px 0.0px; font: 13.0px Georgia;\">* Une piste de maniabilit\u00e9 pour les plus jeunes avec la concours de la police municipale install\u00e9e au village du v\u00e9lo<\/p>\n<p style=\"margin: 0.0px 0.0px 0.0px 0.0px; font: 13.0px Georgia;\">* Un parcours familial en ville avec jeu\/concours organis\u00e9 par l\u2019office du tourisme<\/p>\n<p style=\"margin: 0.0px 0.0px 0.0px 0.0px; font: 13.0px Georgia;\">* Un parcours d\u00e9couverte de la ville en compagnie d\u2019un guide<\/p>\n<p style=\"margin: 0.0px 0.0px 0.0px 0.0px; font: 13.0px Georgia;\">* Trois parcours cyclotouristes de 13, 23 et 68 km<\/p>\n<p style=\"margin: 0.0px 0.0px 0.0px 0.0px; font: 13.0px Georgia;\">* Une animation et un parcours familial sur la commune de Meyrargues<\/p>\n<p style=\"margin: 0.0px 0.0px 0.0px 0.0px; font: 13.0px Georgia;\">* Des points de convivialit\u00e9 et d\u2019accueil sur les communes Coudoux, Meyreuil,et le Tholonet<\/p>\n<p style=\"margin: 0.0px 0.0px 0.0px 0.0px; font: 13.0px Georgia; color: #950c0b;\">Roulez comme vous aimez ! Rejoignez nous le 29 mai 2011<\/p>\n<p style=\"margin: 0.0px 0.0px 0.0px 0.0px; font: 13.0px Georgia;\">Aux All\u00e9es Proven\u00e7ales \u2013 Aix en Provence ou dans les communes participantes<\/p>\n<p style=\"margin: 0.0px 0.0px 0.0px 0.0px; font: 13.0px Georgia;\">Infos\/inscriptions:<\/p>\n<p style=\"margin: 0.0px 0.0px 0.0px 0.0px; font: 13.0px Georgia; color: #640505;\">www.cyclotourisme13.fr<\/p>\n<p style=\"margin: 0.0px 0.0px 0.0px 0.0px; font: 13.0px Georgia;\">+ 04.42.59.53.46<\/p>\n<p style=\"text-align: justify;\"><span style=\"font-size: 11px;\"><span style=\"color: #ffffff;\">&#8211;<\/span><\/span><\/p>\n<p style=\"text-align: justify;\"><span style=\"font-size: 11px;\"><span style=\"color: #ffffff;\">&#8211;<\/span><\/span><\/p>\n<p style=\"text-align: justify;\"><span style=\"font-size: 11px;\"><span style=\"color: #ffffff;\">&#8211;<\/span><\/span><\/p>\n<p style=\"text-align: justify;\"><span style=\"font-size: 11px;\"><br \/>\n<\/span><\/p>\n","protected":false},"excerpt":{"rendered":"<p>La F\u00eate du V\u00e9lo de la Communaut\u00e9 du Pays d\u2019 Aix en Provence est un \u00e9v\u00e9nement festif et ouvert \u00e0 tous. Le comit\u00e9 d\u00e9partemental de cyclotourisme en partenariat avec la communaut\u00e9 du Pays d\u2019Aix organise cette f\u00eate depuis 5 ans &hellip; <a href=\"https:\/\/www.frederic-poitou.com\/blog\/fete-du-velo-a-aix-29-mai-allees-provencales\/\">Lire la suite\u00ad\u00ad<\/a><\/p>\n","protected":false},"author":4,"featured_media":0,"comment_status":"open","ping_status":"open","sticky":false,"template":"","format":"standard","meta":{"kt_blocks_editor_width":"","_exactmetrics_skip_tracking":false,"_exactmetrics_sitenote_active":false,"_exactmetrics_sitenote_note":"","_exactmetrics_sitenote_category":0,"footnotes":""},"categories":[1],"tags":[50],"class_list":["post-5490","post","type-post","status-publish","format-standard","hentry","category-politique-economie","tag-politique-economie"],"yoast_head":"<!-- This site is optimized with the Yoast SEO plugin v27.1.1 - https:\/\/yoast.com\/product\/yoast-seo-wordpress\/ -->\n<title>F\u00caTE DU VELO A AIX : 29 MAI, All\u00e9es Proven\u00e7ales -<\/title>\n<meta name=\"robots\" content=\"index, follow, max-snippet:-1, max-image-preview:large, max-video-preview:-1\" \/>\n<link rel=\"canonical\" href=\"https:\/\/www.frederic-poitou.com\/blog\/fete-du-velo-a-aix-29-mai-allees-provencales\/\" \/>\n<meta property=\"og:locale\" content=\"fr_FR\" \/>\n<meta property=\"og:type\" content=\"article\" \/>\n<meta property=\"og:title\" content=\"F\u00caTE DU VELO A AIX : 29 MAI, All\u00e9es Proven\u00e7ales -\" \/>\n<meta property=\"og:description\" content=\"La F\u00eate du V\u00e9lo de la Communaut\u00e9 du Pays d\u2019 Aix en Provence est un \u00e9v\u00e9nement festif et ouvert \u00e0 tous. Le comit\u00e9 d\u00e9partemental de cyclotourisme en partenariat avec la communaut\u00e9 du Pays d\u2019Aix organise cette f\u00eate depuis 5 ans &hellip; Lire la suite\u00ad\u00ad\" \/>\n<meta property=\"og:url\" content=\"https:\/\/www.frederic-poitou.com\/blog\/fete-du-velo-a-aix-29-mai-allees-provencales\/\" \/>\n<meta property=\"article:publisher\" content=\"https:\/\/www.facebook.com\/frederic.poitou\/\" \/>\n<meta property=\"article:published_time\" content=\"2023-07-13T19:28:32+00:00\" \/>\n<meta property=\"article:modified_time\" content=\"2026-04-11T17:50:40+00:00\" \/>\n<meta property=\"og:image\" content=\"http:\/\/www.frederic-poitou.com\/blog\/wp-content\/CPA-FeteVelo2011-Aff2C7F44-2.jpg\" \/>\n<meta name=\"author\" content=\"Fr\u00e9d\u00e9ric Poitou\" \/>\n<meta name=\"twitter:card\" content=\"summary_large_image\" \/>\n<meta name=\"twitter:creator\" content=\"@fredericpoitou\" \/>\n<meta name=\"twitter:site\" content=\"@fredericpoitou\" \/>\n<meta name=\"twitter:label1\" content=\"\u00c9crit par\" \/>\n\t<meta name=\"twitter:data1\" content=\"Fr\u00e9d\u00e9ric Poitou\" \/>\n\t<meta name=\"twitter:label2\" content=\"Dur\u00e9e de lecture estim\u00e9e\" \/>\n\t<meta name=\"twitter:data2\" content=\"2 minutes\" \/>\n<script type=\"application\/ld+json\" class=\"yoast-schema-graph\">{\"@context\":\"https:\/\/schema.org\",\"@graph\":[{\"@type\":\"Article\",\"@id\":\"https:\/\/www.frederic-poitou.com\/blog\/fete-du-velo-a-aix-29-mai-allees-provencales\/#article\",\"isPartOf\":{\"@id\":\"https:\/\/www.frederic-poitou.com\/blog\/fete-du-velo-a-aix-29-mai-allees-provencales\/\"},\"author\":{\"name\":\"Fr\u00e9d\u00e9ric Poitou\",\"@id\":\"https:\/\/www.frederic-poitou.com\/blog\/#\/schema\/person\/e2c2d05e978747818533fdce859a7799\"},\"headline\":\"F\u00caTE DU VELO A AIX : 29 MAI, All\u00e9es Proven\u00e7ales\",\"datePublished\":\"2023-07-13T19:28:32+00:00\",\"dateModified\":\"2026-04-11T17:50:40+00:00\",\"mainEntityOfPage\":{\"@id\":\"https:\/\/www.frederic-poitou.com\/blog\/fete-du-velo-a-aix-29-mai-allees-provencales\/\"},\"wordCount\":320,\"commentCount\":0,\"image\":{\"@id\":\"https:\/\/www.frederic-poitou.com\/blog\/fete-du-velo-a-aix-29-mai-allees-provencales\/#primaryimage\"},\"thumbnailUrl\":\"http:\/\/www.frederic-poitou.com\/blog\/wp-content\/CPA-FeteVelo2011-Aff2C7F44-2.jpg\",\"keywords\":[\"Divers\"],\"articleSection\":[\"Divers\"],\"inLanguage\":\"fr-FR\",\"potentialAction\":[{\"@type\":\"CommentAction\",\"name\":\"Comment\",\"target\":[\"https:\/\/www.frederic-poitou.com\/blog\/fete-du-velo-a-aix-29-mai-allees-provencales\/#respond\"]}]},{\"@type\":\"WebPage\",\"@id\":\"https:\/\/www.frederic-poitou.com\/blog\/fete-du-velo-a-aix-29-mai-allees-provencales\/\",\"url\":\"https:\/\/www.frederic-poitou.com\/blog\/fete-du-velo-a-aix-29-mai-allees-provencales\/\",\"name\":\"F\u00caTE DU VELO A AIX : 29 MAI, All\u00e9es Proven\u00e7ales -\",\"isPartOf\":{\"@id\":\"https:\/\/www.frederic-poitou.com\/blog\/#website\"},\"primaryImageOfPage\":{\"@id\":\"https:\/\/www.frederic-poitou.com\/blog\/fete-du-velo-a-aix-29-mai-allees-provencales\/#primaryimage\"},\"image\":{\"@id\":\"https:\/\/www.frederic-poitou.com\/blog\/fete-du-velo-a-aix-29-mai-allees-provencales\/#primaryimage\"},\"thumbnailUrl\":\"http:\/\/www.frederic-poitou.com\/blog\/wp-content\/CPA-FeteVelo2011-Aff2C7F44-2.jpg\",\"datePublished\":\"2023-07-13T19:28:32+00:00\",\"dateModified\":\"2026-04-11T17:50:40+00:00\",\"author\":{\"@id\":\"https:\/\/www.frederic-poitou.com\/blog\/#\/schema\/person\/e2c2d05e978747818533fdce859a7799\"},\"breadcrumb\":{\"@id\":\"https:\/\/www.frederic-poitou.com\/blog\/fete-du-velo-a-aix-29-mai-allees-provencales\/#breadcrumb\"},\"inLanguage\":\"fr-FR\",\"potentialAction\":[{\"@type\":\"ReadAction\",\"target\":[\"https:\/\/www.frederic-poitou.com\/blog\/fete-du-velo-a-aix-29-mai-allees-provencales\/\"]}]},{\"@type\":\"ImageObject\",\"inLanguage\":\"fr-FR\",\"@id\":\"https:\/\/www.frederic-poitou.com\/blog\/fete-du-velo-a-aix-29-mai-allees-provencales\/#primaryimage\",\"url\":\"https:\/\/www.frederic-poitou.com\/blog\/wp-content\/CPA-FeteVelo2011-Aff2C7F44-2.jpg\",\"contentUrl\":\"https:\/\/www.frederic-poitou.com\/blog\/wp-content\/CPA-FeteVelo2011-Aff2C7F44-2.jpg\",\"width\":\"300\",\"height\":\"400\"},{\"@type\":\"BreadcrumbList\",\"@id\":\"https:\/\/www.frederic-poitou.com\/blog\/fete-du-velo-a-aix-29-mai-allees-provencales\/#breadcrumb\",\"itemListElement\":[{\"@type\":\"ListItem\",\"position\":1,\"name\":\"Accueil\",\"item\":\"https:\/\/www.frederic-poitou.com\/blog\/\"},{\"@type\":\"ListItem\",\"position\":2,\"name\":\"F\u00caTE DU VELO A AIX : 29 MAI, All\u00e9es Proven\u00e7ales\"}]},{\"@type\":\"WebSite\",\"@id\":\"https:\/\/www.frederic-poitou.com\/blog\/#website\",\"url\":\"https:\/\/www.frederic-poitou.com\/blog\/\",\"name\":\"\",\"description\":\"\",\"potentialAction\":[{\"@type\":\"SearchAction\",\"target\":{\"@type\":\"EntryPoint\",\"urlTemplate\":\"https:\/\/www.frederic-poitou.com\/blog\/?s={search_term_string}\"},\"query-input\":{\"@type\":\"PropertyValueSpecification\",\"valueRequired\":true,\"valueName\":\"search_term_string\"}}],\"inLanguage\":\"fr-FR\"},{\"@type\":\"Person\",\"@id\":\"https:\/\/www.frederic-poitou.com\/blog\/#\/schema\/person\/e2c2d05e978747818533fdce859a7799\",\"name\":\"Fr\u00e9d\u00e9ric Poitou\",\"image\":{\"@type\":\"ImageObject\",\"inLanguage\":\"fr-FR\",\"@id\":\"https:\/\/www.frederic-poitou.com\/blog\/#\/schema\/person\/image\/\",\"url\":\"https:\/\/secure.gravatar.com\/avatar\/1933bcca279a2feafd35d9e0a080c521e11beb51115fe4cfe02e2586ac13424a?s=96&d=mm&r=g\",\"contentUrl\":\"https:\/\/secure.gravatar.com\/avatar\/1933bcca279a2feafd35d9e0a080c521e11beb51115fe4cfe02e2586ac13424a?s=96&d=mm&r=g\",\"caption\":\"Fr\u00e9d\u00e9ric Poitou\"},\"description\":\"Fr\u00e9d\u00e9ric Poitou est n\u00e9 \u00e0 Rouen, et y a fait des \u00e9tudes au Conservatoire en musique-\u00e9tudes en section piano. Il s'est ensuite orient\u00e9 vers des \u00e9tudes scientifiques o\u00f9 il a obtenu un dipl\u00f4me d'ing\u00e9nieur, puis un doctorat en Chimie. Il est Expert Judiciaire en France, en Belgique et \u00e0 Luxembourg, et agr\u00e9e par les Institutions Europ\u00e9ennes.\",\"sameAs\":[\"http:\/\/www.frederic-poitou.com\",\"https:\/\/www.linkedin.com\/in\/frederic-poitou-b045a025\/\"]}]}<\/script>\n<!-- \/ Yoast SEO plugin. -->","yoast_head_json":{"title":"F\u00caTE DU VELO A AIX : 29 MAI, All\u00e9es Proven\u00e7ales -","robots":{"index":"index","follow":"follow","max-snippet":"max-snippet:-1","max-image-preview":"max-image-preview:large","max-video-preview":"max-video-preview:-1"},"canonical":"https:\/\/www.frederic-poitou.com\/blog\/fete-du-velo-a-aix-29-mai-allees-provencales\/","og_locale":"fr_FR","og_type":"article","og_title":"F\u00caTE DU VELO A AIX : 29 MAI, All\u00e9es Proven\u00e7ales -","og_description":"La F\u00eate du V\u00e9lo de la Communaut\u00e9 du Pays d\u2019 Aix en Provence est un \u00e9v\u00e9nement festif et ouvert \u00e0 tous. Le comit\u00e9 d\u00e9partemental de cyclotourisme en partenariat avec la communaut\u00e9 du Pays d\u2019Aix organise cette f\u00eate depuis 5 ans &hellip; Lire la suite\u00ad\u00ad","og_url":"https:\/\/www.frederic-poitou.com\/blog\/fete-du-velo-a-aix-29-mai-allees-provencales\/","article_publisher":"https:\/\/www.facebook.com\/frederic.poitou\/","article_published_time":"2023-07-13T19:28:32+00:00","article_modified_time":"2026-04-11T17:50:40+00:00","og_image":[{"url":"http:\/\/www.frederic-poitou.com\/blog\/wp-content\/CPA-FeteVelo2011-Aff2C7F44-2.jpg","type":"","width":"","height":""}],"author":"Fr\u00e9d\u00e9ric Poitou","twitter_card":"summary_large_image","twitter_creator":"@fredericpoitou","twitter_site":"@fredericpoitou","twitter_misc":{"\u00c9crit par":"Fr\u00e9d\u00e9ric Poitou","Dur\u00e9e de lecture estim\u00e9e":"2 minutes"},"schema":{"@context":"https:\/\/schema.org","@graph":[{"@type":"Article","@id":"https:\/\/www.frederic-poitou.com\/blog\/fete-du-velo-a-aix-29-mai-allees-provencales\/#article","isPartOf":{"@id":"https:\/\/www.frederic-poitou.com\/blog\/fete-du-velo-a-aix-29-mai-allees-provencales\/"},"author":{"name":"Fr\u00e9d\u00e9ric Poitou","@id":"https:\/\/www.frederic-poitou.com\/blog\/#\/schema\/person\/e2c2d05e978747818533fdce859a7799"},"headline":"F\u00caTE DU VELO A AIX : 29 MAI, All\u00e9es Proven\u00e7ales","datePublished":"2023-07-13T19:28:32+00:00","dateModified":"2026-04-11T17:50:40+00:00","mainEntityOfPage":{"@id":"https:\/\/www.frederic-poitou.com\/blog\/fete-du-velo-a-aix-29-mai-allees-provencales\/"},"wordCount":320,"commentCount":0,"image":{"@id":"https:\/\/www.frederic-poitou.com\/blog\/fete-du-velo-a-aix-29-mai-allees-provencales\/#primaryimage"},"thumbnailUrl":"http:\/\/www.frederic-poitou.com\/blog\/wp-content\/CPA-FeteVelo2011-Aff2C7F44-2.jpg","keywords":["Divers"],"articleSection":["Divers"],"inLanguage":"fr-FR","potentialAction":[{"@type":"CommentAction","name":"Comment","target":["https:\/\/www.frederic-poitou.com\/blog\/fete-du-velo-a-aix-29-mai-allees-provencales\/#respond"]}]},{"@type":"WebPage","@id":"https:\/\/www.frederic-poitou.com\/blog\/fete-du-velo-a-aix-29-mai-allees-provencales\/","url":"https:\/\/www.frederic-poitou.com\/blog\/fete-du-velo-a-aix-29-mai-allees-provencales\/","name":"F\u00caTE DU VELO A AIX : 29 MAI, All\u00e9es Proven\u00e7ales -","isPartOf":{"@id":"https:\/\/www.frederic-poitou.com\/blog\/#website"},"primaryImageOfPage":{"@id":"https:\/\/www.frederic-poitou.com\/blog\/fete-du-velo-a-aix-29-mai-allees-provencales\/#primaryimage"},"image":{"@id":"https:\/\/www.frederic-poitou.com\/blog\/fete-du-velo-a-aix-29-mai-allees-provencales\/#primaryimage"},"thumbnailUrl":"http:\/\/www.frederic-poitou.com\/blog\/wp-content\/CPA-FeteVelo2011-Aff2C7F44-2.jpg","datePublished":"2023-07-13T19:28:32+00:00","dateModified":"2026-04-11T17:50:40+00:00","author":{"@id":"https:\/\/www.frederic-poitou.com\/blog\/#\/schema\/person\/e2c2d05e978747818533fdce859a7799"},"breadcrumb":{"@id":"https:\/\/www.frederic-poitou.com\/blog\/fete-du-velo-a-aix-29-mai-allees-provencales\/#breadcrumb"},"inLanguage":"fr-FR","potentialAction":[{"@type":"ReadAction","target":["https:\/\/www.frederic-poitou.com\/blog\/fete-du-velo-a-aix-29-mai-allees-provencales\/"]}]},{"@type":"ImageObject","inLanguage":"fr-FR","@id":"https:\/\/www.frederic-poitou.com\/blog\/fete-du-velo-a-aix-29-mai-allees-provencales\/#primaryimage","url":"https:\/\/www.frederic-poitou.com\/blog\/wp-content\/CPA-FeteVelo2011-Aff2C7F44-2.jpg","contentUrl":"https:\/\/www.frederic-poitou.com\/blog\/wp-content\/CPA-FeteVelo2011-Aff2C7F44-2.jpg","width":"300","height":"400"},{"@type":"BreadcrumbList","@id":"https:\/\/www.frederic-poitou.com\/blog\/fete-du-velo-a-aix-29-mai-allees-provencales\/#breadcrumb","itemListElement":[{"@type":"ListItem","position":1,"name":"Accueil","item":"https:\/\/www.frederic-poitou.com\/blog\/"},{"@type":"ListItem","position":2,"name":"F\u00caTE DU VELO A AIX : 29 MAI, All\u00e9es Proven\u00e7ales"}]},{"@type":"WebSite","@id":"https:\/\/www.frederic-poitou.com\/blog\/#website","url":"https:\/\/www.frederic-poitou.com\/blog\/","name":"","description":"","potentialAction":[{"@type":"SearchAction","target":{"@type":"EntryPoint","urlTemplate":"https:\/\/www.frederic-poitou.com\/blog\/?s={search_term_string}"},"query-input":{"@type":"PropertyValueSpecification","valueRequired":true,"valueName":"search_term_string"}}],"inLanguage":"fr-FR"},{"@type":"Person","@id":"https:\/\/www.frederic-poitou.com\/blog\/#\/schema\/person\/e2c2d05e978747818533fdce859a7799","name":"Fr\u00e9d\u00e9ric Poitou","image":{"@type":"ImageObject","inLanguage":"fr-FR","@id":"https:\/\/www.frederic-poitou.com\/blog\/#\/schema\/person\/image\/","url":"https:\/\/secure.gravatar.com\/avatar\/1933bcca279a2feafd35d9e0a080c521e11beb51115fe4cfe02e2586ac13424a?s=96&d=mm&r=g","contentUrl":"https:\/\/secure.gravatar.com\/avatar\/1933bcca279a2feafd35d9e0a080c521e11beb51115fe4cfe02e2586ac13424a?s=96&d=mm&r=g","caption":"Fr\u00e9d\u00e9ric Poitou"},"description":"Fr\u00e9d\u00e9ric Poitou est n\u00e9 \u00e0 Rouen, et y a fait des \u00e9tudes au Conservatoire en musique-\u00e9tudes en section piano. Il s'est ensuite orient\u00e9 vers des \u00e9tudes scientifiques o\u00f9 il a obtenu un dipl\u00f4me d'ing\u00e9nieur, puis un doctorat en Chimie. Il est Expert Judiciaire en France, en Belgique et \u00e0 Luxembourg, et agr\u00e9e par les Institutions Europ\u00e9ennes.","sameAs":["http:\/\/www.frederic-poitou.com","https:\/\/www.linkedin.com\/in\/frederic-poitou-b045a025\/"]}]}},"_links":{"self":[{"href":"https:\/\/www.frederic-poitou.com\/blog\/wp-json\/wp\/v2\/posts\/5490","targetHints":{"allow":["GET"]}}],"collection":[{"href":"https:\/\/www.frederic-poitou.com\/blog\/wp-json\/wp\/v2\/posts"}],"about":[{"href":"https:\/\/www.frederic-poitou.com\/blog\/wp-json\/wp\/v2\/types\/post"}],"author":[{"embeddable":true,"href":"https:\/\/www.frederic-poitou.com\/blog\/wp-json\/wp\/v2\/users\/4"}],"replies":[{"embeddable":true,"href":"https:\/\/www.frederic-poitou.com\/blog\/wp-json\/wp\/v2\/comments?post=5490"}],"version-history":[{"count":1,"href":"https:\/\/www.frederic-poitou.com\/blog\/wp-json\/wp\/v2\/posts\/5490\/revisions"}],"predecessor-version":[{"id":10241,"href":"https:\/\/www.frederic-poitou.com\/blog\/wp-json\/wp\/v2\/posts\/5490\/revisions\/10241"}],"wp:attachment":[{"href":"https:\/\/www.frederic-poitou.com\/blog\/wp-json\/wp\/v2\/media?parent=5490"}],"wp:term":[{"taxonomy":"category","embeddable":true,"href":"https:\/\/www.frederic-poitou.com\/blog\/wp-json\/wp\/v2\/categories?post=5490"},{"taxonomy":"post_tag","embeddable":true,"href":"https:\/\/www.frederic-poitou.com\/blog\/wp-json\/wp\/v2\/tags?post=5490"}],"curies":[{"name":"wp","href":"https:\/\/api.w.org\/{rel}","templated":true}]}}