{"id":5482,"date":"2023-07-15T01:10:32","date_gmt":"2023-07-14T23:10:32","guid":{"rendered":"http:\/\/www.frederic-poitou.com\/blog\/?p=5482"},"modified":"2026-04-24T08:03:49","modified_gmt":"2026-04-24T06:03:49","slug":"festival-des-jeunes-talents-solistes-classiques","status":"publish","type":"post","link":"https:\/\/www.frederic-poitou.com\/blog\/festival-des-jeunes-talents-solistes-classiques\/","title":{"rendered":"FESTIVAL DES JEUNES TALENTS SOLISTES CLASSIQUES"},"content":{"rendered":"<p style=\"margin: 0.0px 0.0px 0.0px 0.0px; font: 12.0px Arial;\">\n<p style=\"margin: 0.0px 0.0px 0.0px 0.0px; font: 12.0px Arial;\"><img loading=\"lazy\" decoding=\"async\" class=\"alignleft size-full wp-image-5487\" style=\"margin: 10px; border: 10px solid black;\" title=\"A3_Rencontres_Talents_2011mini\" src=\"http:\/\/www.frederic-poitou.com\/blog\/wp-content\/A3_Rencontres_Talents_2011mini.jpeg\" alt=\"A3_Rencontres_Talents_2011mini\" width=\"252\" height=\"360\" \/><\/p>\n<p style=\"margin: 0.0px 0.0px 0.0px 0.0px; font: 12.0px Arial;\">\n<p style=\"margin: 0.0px 0.0px 0.0px 0.0px; font: 12.0px Arial;\">Bravo \u00e0 Henri Michel PORTE, Adjoint d\u00e9l\u00e9gu\u00e9 \u00e0 la Culture de Vitrolles, d&rsquo;oser un festival ambitieux, en proposant une th\u00e9matique rare.<\/p>\n<p style=\"margin: 0.0px 0.0px 0.0px 0.0px; font: 12.0px Arial;\">L&rsquo;excellence est dans la raret\u00e9, et l&rsquo;identit\u00e9 culturelle d&rsquo;une commune se joue sur les diff\u00e9rences. Les solistes classiques \u00e0 Vitrolles, Picasso \u00e0 Vauvenargues, l&rsquo;op\u00e9ra \u00e0 Aix, le livre \u00e0 Fuveau, le piano \u00e0 la Roques.<\/p>\n<p style=\"margin: 0.0px 0.0px 0.0px 0.0px; font: 12.0px Arial;\">\n<p style=\"margin: 0.0px 0.0px 0.0px 0.0px; font: 12.0px Arial;\">Bravo !<\/p>\n<p style=\"margin: 0.0px 0.0px 0.0px 0.0px; font: 12.0px Arial;\">\n<p style=\"margin: 0.0px 0.0px 0.0px 0.0px; font: 12.0px Arial;\"><em><br \/>\n<\/em><\/p>\n<p style=\"margin: 0.0px 0.0px 0.0px 0.0px; font: 12.0px Arial;\"><strong><em>Trop de personnes se sentent \u00e9loign\u00e9es de cet univers pourtant merveilleux, qu\u2019est la musique classique, pensant \u00e0 tort qu\u2019il est r\u00e9serv\u00e9 \u00e0 quelques esth\u00e8tes.<\/em><\/strong><\/p>\n<p style=\"margin: 0.0px 0.0px 0.0px 0.0px; font: 12.0px Arial;\"><strong><em>Pourtant, contrairement \u00e0 ce que l\u2019on pourrait penser, nombreux sont les jeunes qui s\u2019initient \u00e0 cette pratique :<\/em><\/strong><\/p>\n<p style=\"margin: 0.0px 0.0px 0.0px 0.0px; font: 12.0px Arial;\"><strong><em>Je voudrais signaler le nombre croissant d\u2019\u00e9l\u00e8ves, de plus en plus jeunes, qui s\u2019inscrivent \u00e0 notre Ecole Municipale de Musique, de Danse et d\u2019Art Lyrique, preuve s\u2019il en est que la jeunesse s\u2019int\u00e9resse pas seulement aux musiques actuelles, rap, R&amp;B, house, Il faut noter aussi l\u2019engouement pour les Musicales de Fontblanche (Musique de chambre) o\u00f9 sont propos\u00e9es depuis deux saisons, chaque mois, des pi\u00e8ces musicales classiques ou contemporaines ; musicales qui sont fr\u00e9quent\u00e9es par un public toujours plus nombreux, venu de la plupart des quartiers de Vitrolles, et maintenant des villes avoisinantes, public devenu connaisseur\u2026<\/em><\/strong><\/p>\n<p style=\"margin: 0.0px 0.0px 0.0px 0.0px; font: 12.0px Arial;\"><em>L\u2019ambition de notre projet, aujourd\u2019hui devenue r\u00e9alit\u00e9, r\u00e9side dans l\u2019originalit\u00e9 de sa th\u00e9matique, non encore programm\u00e9e dans notre r\u00e9gion, Cette ambition est de se frayer une place au milieu des grands classiques internationaux que sont les festivals d\u2019Aix en Provence, de la Roque d\u2019Anth\u00e9ron ou d\u2019Orange\u2026.<\/em><\/p>\n<p style=\"margin: 0.0px 0.0px 0.0px 0.0px; font: 12.0px Arial;\"><strong><em>Reprenant l\u2019ambition de Jean Vilar d\u2019un \u00ab \u00e9litisme pour tous \u00bb, les concerts de musique classique, que nous allons proposer durant ces trois jours sont destin\u00e9s \u00e0 favoriser l\u2019insertion professionnelle de jeunes musiciens virtuoses et \u00e0 permettre l\u2019acc\u00e8s de tous \u00e0 la musique classique.<\/em><\/strong><\/p>\n<p style=\"margin: 0.0px 0.0px 0.0px 0.0px; font: 12.0px Arial;\"><strong><em>La seconde \u00e9dition des Rencontres des Jeunes Talents Classiques investit Fontblanche : son principe fondateur est de faire d\u00e9couvrir au public des jeunes musiciens issus pour la plupart des grands conservatoires r\u00e9gionaux\u2026<\/em><\/strong><\/p>\n<p style=\"margin: 0.0px 0.0px 0.0px 0.0px; font: 12.0px Arial;\"><strong><em>Gageons que ces rencontres par l\u2019expression de la Musique Classique et le talent des jeunes artistes, contribueront \u00e0 cot\u00e9 du Jazz, du Th\u00e9\u00e2tre, et de l\u2019Art contemporain \u00e0 faire de Fontblanche \u2013 cet \u00e9crin de verdure \u2013 un Haut lieu Culturel R\u00e9gional.<\/em><\/strong><\/p>\n<p style=\"margin: 0.0px 0.0px 0.0px 0.0px; font: 12.0px Arial; min-height: 14.0px;\"><strong><em> <\/em><\/strong><\/p>\n<p style=\"margin: 0.0px 0.0px 0.0px 0.0px; font: 12.0px Arial;\"><strong><em>Henri-Michel PORTE<\/em><\/strong><\/p>\n<p style=\"margin: 0.0px 0.0px 0.0px 0.0px; font: 12.0px Arial;\"><em>Adjoint au Maire d\u00e9l\u00e9gu\u00e9 \u00e0 la CultureFESTI<\/em><\/p>\n<p style=\"margin: 0.0px 0.0px 0.0px 0.0px; font: 12.0px Arial;\"><em><span style=\"color: #ffffff;\">&#8211;<\/span><\/em><\/p>\n<p style=\"margin: 0.0px 0.0px 0.0px 0.0px; font: 12.0px Arial;\"><em><span style=\"color: #ffffff;\">&#8211;<\/span><\/em><\/p>\n<p style=\"margin: 0.0px 0.0px 0.0px 0.0px; font: 12.0px Arial;\"><em><span style=\"color: #ffffff;\">&#8211;<\/span><\/em><\/p>\n<p style=\"margin: 0.0px 0.0px 0.0px 0.0px; font: 12.0px Arial;\"><em><span style=\"color: #ffffff;\">&#8211;<\/span><\/em><\/p>\n<p style=\"margin: 0.0px 0.0px 0.0px 0.0px; font: 12.0px Arial;\"><em><br \/>\n<\/em><\/p>\n<p><img decoding=\"async\" class=\"aligncenter size-full wp-image-5483\" title=\"A3_Rencontres_Talents_2011\" src=\"http:\/\/www.frederic-poitou.com\/blog\/wp-content\/A3_Rencontres_Talents_2011.jpeg\" alt=\"A3_Rencontres_Talents_2011\" \/><\/p>\n","protected":false},"excerpt":{"rendered":"<p>Bravo \u00e0 Henri Michel PORTE, Adjoint d\u00e9l\u00e9gu\u00e9 \u00e0 la Culture de Vitrolles, d&rsquo;oser un festival ambitieux, en proposant une th\u00e9matique rare. L&rsquo;excellence est dans la raret\u00e9, et l&rsquo;identit\u00e9 culturelle d&rsquo;une commune se joue sur les diff\u00e9rences. Les solistes classiques \u00e0 &hellip; <a href=\"https:\/\/www.frederic-poitou.com\/blog\/festival-des-jeunes-talents-solistes-classiques\/\">Lire la suite\u00ad\u00ad<\/a><\/p>\n","protected":false},"author":4,"featured_media":0,"comment_status":"open","ping_status":"open","sticky":false,"template":"","format":"standard","meta":{"kt_blocks_editor_width":"","_exactmetrics_skip_tracking":false,"_exactmetrics_sitenote_active":false,"_exactmetrics_sitenote_note":"","_exactmetrics_sitenote_category":0,"footnotes":""},"categories":[1],"tags":[27,21,23,50],"class_list":["post-5482","post","type-post","status-publish","format-standard","hentry","category-politique-economie","tag-actualite","tag-arts-et-culture","tag-belgique-2","tag-politique-economie"],"yoast_head":"<!-- This site is optimized with the Yoast SEO plugin v27.1.1 - https:\/\/yoast.com\/product\/yoast-seo-wordpress\/ -->\n<title>FESTIVAL DES JEUNES TALENTS SOLISTES CLASSIQUES -<\/title>\n<meta name=\"robots\" content=\"index, follow, max-snippet:-1, max-image-preview:large, max-video-preview:-1\" \/>\n<link rel=\"canonical\" href=\"http:\/\/www.frederic-poitou.com\/blog\/festival-des-jeunes-talents-solistes-classiques\/\" \/>\n<meta property=\"og:locale\" content=\"fr_FR\" \/>\n<meta property=\"og:type\" content=\"article\" \/>\n<meta property=\"og:title\" content=\"FESTIVAL DES JEUNES TALENTS SOLISTES CLASSIQUES -\" \/>\n<meta property=\"og:description\" content=\"Bravo \u00e0 Henri Michel PORTE, Adjoint d\u00e9l\u00e9gu\u00e9 \u00e0 la Culture de Vitrolles, d&rsquo;oser un festival ambitieux, en proposant une th\u00e9matique rare. L&rsquo;excellence est dans la raret\u00e9, et l&rsquo;identit\u00e9 culturelle d&rsquo;une commune se joue sur les diff\u00e9rences. Les solistes classiques \u00e0 &hellip; Lire la suite\u00ad\u00ad\" \/>\n<meta property=\"og:url\" content=\"http:\/\/www.frederic-poitou.com\/blog\/festival-des-jeunes-talents-solistes-classiques\/\" \/>\n<meta property=\"article:publisher\" content=\"https:\/\/www.facebook.com\/frederic.poitou\/\" \/>\n<meta property=\"article:published_time\" content=\"2023-07-14T23:10:32+00:00\" \/>\n<meta property=\"article:modified_time\" content=\"2026-04-24T06:03:49+00:00\" \/>\n<meta property=\"og:image\" content=\"http:\/\/www.frederic-poitou.com\/blog\/wp-content\/A3_Rencontres_Talents_2011mini.jpeg\" \/>\n<meta name=\"author\" content=\"Fr\u00e9d\u00e9ric Poitou\" \/>\n<meta name=\"twitter:card\" content=\"summary_large_image\" \/>\n<meta name=\"twitter:creator\" content=\"@fredericpoitou\" \/>\n<meta name=\"twitter:site\" content=\"@fredericpoitou\" \/>\n<meta name=\"twitter:label1\" content=\"\u00c9crit par\" \/>\n\t<meta name=\"twitter:data1\" content=\"Fr\u00e9d\u00e9ric Poitou\" \/>\n\t<meta name=\"twitter:label2\" content=\"Dur\u00e9e de lecture estim\u00e9e\" \/>\n\t<meta name=\"twitter:data2\" content=\"2 minutes\" \/>\n<script type=\"application\/ld+json\" class=\"yoast-schema-graph\">{\"@context\":\"https:\/\/schema.org\",\"@graph\":[{\"@type\":\"Article\",\"@id\":\"http:\/\/www.frederic-poitou.com\/blog\/festival-des-jeunes-talents-solistes-classiques\/#article\",\"isPartOf\":{\"@id\":\"http:\/\/www.frederic-poitou.com\/blog\/festival-des-jeunes-talents-solistes-classiques\/\"},\"author\":{\"name\":\"Fr\u00e9d\u00e9ric Poitou\",\"@id\":\"http:\/\/www.frederic-poitou.com\/blog\/#\/schema\/person\/e2c2d05e978747818533fdce859a7799\"},\"headline\":\"FESTIVAL DES JEUNES TALENTS SOLISTES CLASSIQUES\",\"datePublished\":\"2023-07-14T23:10:32+00:00\",\"dateModified\":\"2026-04-24T06:03:49+00:00\",\"mainEntityOfPage\":{\"@id\":\"http:\/\/www.frederic-poitou.com\/blog\/festival-des-jeunes-talents-solistes-classiques\/\"},\"wordCount\":408,\"commentCount\":0,\"image\":{\"@id\":\"http:\/\/www.frederic-poitou.com\/blog\/festival-des-jeunes-talents-solistes-classiques\/#primaryimage\"},\"thumbnailUrl\":\"http:\/\/www.frederic-poitou.com\/blog\/wp-content\/A3_Rencontres_Talents_2011mini.jpeg\",\"keywords\":[\"Actualit\u00e9\",\"Arts et Culture\",\"Belgique\",\"Divers\"],\"articleSection\":[\"Divers\"],\"inLanguage\":\"fr-FR\",\"potentialAction\":[{\"@type\":\"CommentAction\",\"name\":\"Comment\",\"target\":[\"http:\/\/www.frederic-poitou.com\/blog\/festival-des-jeunes-talents-solistes-classiques\/#respond\"]}]},{\"@type\":\"WebPage\",\"@id\":\"http:\/\/www.frederic-poitou.com\/blog\/festival-des-jeunes-talents-solistes-classiques\/\",\"url\":\"http:\/\/www.frederic-poitou.com\/blog\/festival-des-jeunes-talents-solistes-classiques\/\",\"name\":\"FESTIVAL DES JEUNES TALENTS SOLISTES CLASSIQUES -\",\"isPartOf\":{\"@id\":\"http:\/\/www.frederic-poitou.com\/blog\/#website\"},\"primaryImageOfPage\":{\"@id\":\"http:\/\/www.frederic-poitou.com\/blog\/festival-des-jeunes-talents-solistes-classiques\/#primaryimage\"},\"image\":{\"@id\":\"http:\/\/www.frederic-poitou.com\/blog\/festival-des-jeunes-talents-solistes-classiques\/#primaryimage\"},\"thumbnailUrl\":\"http:\/\/www.frederic-poitou.com\/blog\/wp-content\/A3_Rencontres_Talents_2011mini.jpeg\",\"datePublished\":\"2023-07-14T23:10:32+00:00\",\"dateModified\":\"2026-04-24T06:03:49+00:00\",\"author\":{\"@id\":\"http:\/\/www.frederic-poitou.com\/blog\/#\/schema\/person\/e2c2d05e978747818533fdce859a7799\"},\"breadcrumb\":{\"@id\":\"http:\/\/www.frederic-poitou.com\/blog\/festival-des-jeunes-talents-solistes-classiques\/#breadcrumb\"},\"inLanguage\":\"fr-FR\",\"potentialAction\":[{\"@type\":\"ReadAction\",\"target\":[\"http:\/\/www.frederic-poitou.com\/blog\/festival-des-jeunes-talents-solistes-classiques\/\"]}]},{\"@type\":\"ImageObject\",\"inLanguage\":\"fr-FR\",\"@id\":\"http:\/\/www.frederic-poitou.com\/blog\/festival-des-jeunes-talents-solistes-classiques\/#primaryimage\",\"url\":\"https:\/\/www.frederic-poitou.com\/blog\/wp-content\/A3_Rencontres_Talents_2011mini.jpeg\",\"contentUrl\":\"https:\/\/www.frederic-poitou.com\/blog\/wp-content\/A3_Rencontres_Talents_2011mini.jpeg\",\"width\":\"126\",\"height\":\"179\"},{\"@type\":\"BreadcrumbList\",\"@id\":\"http:\/\/www.frederic-poitou.com\/blog\/festival-des-jeunes-talents-solistes-classiques\/#breadcrumb\",\"itemListElement\":[{\"@type\":\"ListItem\",\"position\":1,\"name\":\"Accueil\",\"item\":\"http:\/\/www.frederic-poitou.com\/blog\/\"},{\"@type\":\"ListItem\",\"position\":2,\"name\":\"FESTIVAL DES JEUNES TALENTS SOLISTES CLASSIQUES\"}]},{\"@type\":\"WebSite\",\"@id\":\"http:\/\/www.frederic-poitou.com\/blog\/#website\",\"url\":\"http:\/\/www.frederic-poitou.com\/blog\/\",\"name\":\"\",\"description\":\"\",\"potentialAction\":[{\"@type\":\"SearchAction\",\"target\":{\"@type\":\"EntryPoint\",\"urlTemplate\":\"http:\/\/www.frederic-poitou.com\/blog\/?s={search_term_string}\"},\"query-input\":{\"@type\":\"PropertyValueSpecification\",\"valueRequired\":true,\"valueName\":\"search_term_string\"}}],\"inLanguage\":\"fr-FR\"},{\"@type\":\"Person\",\"@id\":\"http:\/\/www.frederic-poitou.com\/blog\/#\/schema\/person\/e2c2d05e978747818533fdce859a7799\",\"name\":\"Fr\u00e9d\u00e9ric Poitou\",\"image\":{\"@type\":\"ImageObject\",\"inLanguage\":\"fr-FR\",\"@id\":\"http:\/\/www.frederic-poitou.com\/blog\/#\/schema\/person\/image\/\",\"url\":\"https:\/\/secure.gravatar.com\/avatar\/1933bcca279a2feafd35d9e0a080c521e11beb51115fe4cfe02e2586ac13424a?s=96&d=mm&r=g\",\"contentUrl\":\"https:\/\/secure.gravatar.com\/avatar\/1933bcca279a2feafd35d9e0a080c521e11beb51115fe4cfe02e2586ac13424a?s=96&d=mm&r=g\",\"caption\":\"Fr\u00e9d\u00e9ric Poitou\"},\"description\":\"Fr\u00e9d\u00e9ric Poitou est n\u00e9 \u00e0 Rouen, et y a fait des \u00e9tudes au Conservatoire en musique-\u00e9tudes en section piano. Il s'est ensuite orient\u00e9 vers des \u00e9tudes scientifiques o\u00f9 il a obtenu un dipl\u00f4me d'ing\u00e9nieur, puis un doctorat en Chimie. Il est Expert Judiciaire en France, en Belgique et \u00e0 Luxembourg, et agr\u00e9e par les Institutions Europ\u00e9ennes.\",\"sameAs\":[\"http:\/\/www.frederic-poitou.com\",\"https:\/\/www.linkedin.com\/in\/frederic-poitou-b045a025\/\"]}]}<\/script>\n<!-- \/ Yoast SEO plugin. -->","yoast_head_json":{"title":"FESTIVAL DES JEUNES TALENTS SOLISTES CLASSIQUES -","robots":{"index":"index","follow":"follow","max-snippet":"max-snippet:-1","max-image-preview":"max-image-preview:large","max-video-preview":"max-video-preview:-1"},"canonical":"http:\/\/www.frederic-poitou.com\/blog\/festival-des-jeunes-talents-solistes-classiques\/","og_locale":"fr_FR","og_type":"article","og_title":"FESTIVAL DES JEUNES TALENTS SOLISTES CLASSIQUES -","og_description":"Bravo \u00e0 Henri Michel PORTE, Adjoint d\u00e9l\u00e9gu\u00e9 \u00e0 la Culture de Vitrolles, d&rsquo;oser un festival ambitieux, en proposant une th\u00e9matique rare. L&rsquo;excellence est dans la raret\u00e9, et l&rsquo;identit\u00e9 culturelle d&rsquo;une commune se joue sur les diff\u00e9rences. Les solistes classiques \u00e0 &hellip; Lire la suite\u00ad\u00ad","og_url":"http:\/\/www.frederic-poitou.com\/blog\/festival-des-jeunes-talents-solistes-classiques\/","article_publisher":"https:\/\/www.facebook.com\/frederic.poitou\/","article_published_time":"2023-07-14T23:10:32+00:00","article_modified_time":"2026-04-24T06:03:49+00:00","og_image":[{"url":"http:\/\/www.frederic-poitou.com\/blog\/wp-content\/A3_Rencontres_Talents_2011mini.jpeg","type":"","width":"","height":""}],"author":"Fr\u00e9d\u00e9ric Poitou","twitter_card":"summary_large_image","twitter_creator":"@fredericpoitou","twitter_site":"@fredericpoitou","twitter_misc":{"\u00c9crit par":"Fr\u00e9d\u00e9ric Poitou","Dur\u00e9e de lecture estim\u00e9e":"2 minutes"},"schema":{"@context":"https:\/\/schema.org","@graph":[{"@type":"Article","@id":"http:\/\/www.frederic-poitou.com\/blog\/festival-des-jeunes-talents-solistes-classiques\/#article","isPartOf":{"@id":"http:\/\/www.frederic-poitou.com\/blog\/festival-des-jeunes-talents-solistes-classiques\/"},"author":{"name":"Fr\u00e9d\u00e9ric Poitou","@id":"http:\/\/www.frederic-poitou.com\/blog\/#\/schema\/person\/e2c2d05e978747818533fdce859a7799"},"headline":"FESTIVAL DES JEUNES TALENTS SOLISTES CLASSIQUES","datePublished":"2023-07-14T23:10:32+00:00","dateModified":"2026-04-24T06:03:49+00:00","mainEntityOfPage":{"@id":"http:\/\/www.frederic-poitou.com\/blog\/festival-des-jeunes-talents-solistes-classiques\/"},"wordCount":408,"commentCount":0,"image":{"@id":"http:\/\/www.frederic-poitou.com\/blog\/festival-des-jeunes-talents-solistes-classiques\/#primaryimage"},"thumbnailUrl":"http:\/\/www.frederic-poitou.com\/blog\/wp-content\/A3_Rencontres_Talents_2011mini.jpeg","keywords":["Actualit\u00e9","Arts et Culture","Belgique","Divers"],"articleSection":["Divers"],"inLanguage":"fr-FR","potentialAction":[{"@type":"CommentAction","name":"Comment","target":["http:\/\/www.frederic-poitou.com\/blog\/festival-des-jeunes-talents-solistes-classiques\/#respond"]}]},{"@type":"WebPage","@id":"http:\/\/www.frederic-poitou.com\/blog\/festival-des-jeunes-talents-solistes-classiques\/","url":"http:\/\/www.frederic-poitou.com\/blog\/festival-des-jeunes-talents-solistes-classiques\/","name":"FESTIVAL DES JEUNES TALENTS SOLISTES CLASSIQUES -","isPartOf":{"@id":"http:\/\/www.frederic-poitou.com\/blog\/#website"},"primaryImageOfPage":{"@id":"http:\/\/www.frederic-poitou.com\/blog\/festival-des-jeunes-talents-solistes-classiques\/#primaryimage"},"image":{"@id":"http:\/\/www.frederic-poitou.com\/blog\/festival-des-jeunes-talents-solistes-classiques\/#primaryimage"},"thumbnailUrl":"http:\/\/www.frederic-poitou.com\/blog\/wp-content\/A3_Rencontres_Talents_2011mini.jpeg","datePublished":"2023-07-14T23:10:32+00:00","dateModified":"2026-04-24T06:03:49+00:00","author":{"@id":"http:\/\/www.frederic-poitou.com\/blog\/#\/schema\/person\/e2c2d05e978747818533fdce859a7799"},"breadcrumb":{"@id":"http:\/\/www.frederic-poitou.com\/blog\/festival-des-jeunes-talents-solistes-classiques\/#breadcrumb"},"inLanguage":"fr-FR","potentialAction":[{"@type":"ReadAction","target":["http:\/\/www.frederic-poitou.com\/blog\/festival-des-jeunes-talents-solistes-classiques\/"]}]},{"@type":"ImageObject","inLanguage":"fr-FR","@id":"http:\/\/www.frederic-poitou.com\/blog\/festival-des-jeunes-talents-solistes-classiques\/#primaryimage","url":"https:\/\/www.frederic-poitou.com\/blog\/wp-content\/A3_Rencontres_Talents_2011mini.jpeg","contentUrl":"https:\/\/www.frederic-poitou.com\/blog\/wp-content\/A3_Rencontres_Talents_2011mini.jpeg","width":"126","height":"179"},{"@type":"BreadcrumbList","@id":"http:\/\/www.frederic-poitou.com\/blog\/festival-des-jeunes-talents-solistes-classiques\/#breadcrumb","itemListElement":[{"@type":"ListItem","position":1,"name":"Accueil","item":"http:\/\/www.frederic-poitou.com\/blog\/"},{"@type":"ListItem","position":2,"name":"FESTIVAL DES JEUNES TALENTS SOLISTES CLASSIQUES"}]},{"@type":"WebSite","@id":"http:\/\/www.frederic-poitou.com\/blog\/#website","url":"http:\/\/www.frederic-poitou.com\/blog\/","name":"","description":"","potentialAction":[{"@type":"SearchAction","target":{"@type":"EntryPoint","urlTemplate":"http:\/\/www.frederic-poitou.com\/blog\/?s={search_term_string}"},"query-input":{"@type":"PropertyValueSpecification","valueRequired":true,"valueName":"search_term_string"}}],"inLanguage":"fr-FR"},{"@type":"Person","@id":"http:\/\/www.frederic-poitou.com\/blog\/#\/schema\/person\/e2c2d05e978747818533fdce859a7799","name":"Fr\u00e9d\u00e9ric Poitou","image":{"@type":"ImageObject","inLanguage":"fr-FR","@id":"http:\/\/www.frederic-poitou.com\/blog\/#\/schema\/person\/image\/","url":"https:\/\/secure.gravatar.com\/avatar\/1933bcca279a2feafd35d9e0a080c521e11beb51115fe4cfe02e2586ac13424a?s=96&d=mm&r=g","contentUrl":"https:\/\/secure.gravatar.com\/avatar\/1933bcca279a2feafd35d9e0a080c521e11beb51115fe4cfe02e2586ac13424a?s=96&d=mm&r=g","caption":"Fr\u00e9d\u00e9ric Poitou"},"description":"Fr\u00e9d\u00e9ric Poitou est n\u00e9 \u00e0 Rouen, et y a fait des \u00e9tudes au Conservatoire en musique-\u00e9tudes en section piano. Il s'est ensuite orient\u00e9 vers des \u00e9tudes scientifiques o\u00f9 il a obtenu un dipl\u00f4me d'ing\u00e9nieur, puis un doctorat en Chimie. Il est Expert Judiciaire en France, en Belgique et \u00e0 Luxembourg, et agr\u00e9e par les Institutions Europ\u00e9ennes.","sameAs":["http:\/\/www.frederic-poitou.com","https:\/\/www.linkedin.com\/in\/frederic-poitou-b045a025\/"]}]}},"_links":{"self":[{"href":"https:\/\/www.frederic-poitou.com\/blog\/wp-json\/wp\/v2\/posts\/5482","targetHints":{"allow":["GET"]}}],"collection":[{"href":"https:\/\/www.frederic-poitou.com\/blog\/wp-json\/wp\/v2\/posts"}],"about":[{"href":"https:\/\/www.frederic-poitou.com\/blog\/wp-json\/wp\/v2\/types\/post"}],"author":[{"embeddable":true,"href":"https:\/\/www.frederic-poitou.com\/blog\/wp-json\/wp\/v2\/users\/4"}],"replies":[{"embeddable":true,"href":"https:\/\/www.frederic-poitou.com\/blog\/wp-json\/wp\/v2\/comments?post=5482"}],"version-history":[{"count":1,"href":"https:\/\/www.frederic-poitou.com\/blog\/wp-json\/wp\/v2\/posts\/5482\/revisions"}],"predecessor-version":[{"id":10239,"href":"https:\/\/www.frederic-poitou.com\/blog\/wp-json\/wp\/v2\/posts\/5482\/revisions\/10239"}],"wp:attachment":[{"href":"https:\/\/www.frederic-poitou.com\/blog\/wp-json\/wp\/v2\/media?parent=5482"}],"wp:term":[{"taxonomy":"category","embeddable":true,"href":"https:\/\/www.frederic-poitou.com\/blog\/wp-json\/wp\/v2\/categories?post=5482"},{"taxonomy":"post_tag","embeddable":true,"href":"https:\/\/www.frederic-poitou.com\/blog\/wp-json\/wp\/v2\/tags?post=5482"}],"curies":[{"name":"wp","href":"https:\/\/api.w.org\/{rel}","templated":true}]}}