{"id":5287,"date":"2023-07-14T03:38:32","date_gmt":"2023-07-14T01:38:32","guid":{"rendered":"http:\/\/www.frederic-poitou.com\/blog\/?p=5287"},"modified":"2026-04-15T21:12:07","modified_gmt":"2026-04-15T19:12:07","slug":"petite-lecon-de-centrisme","status":"publish","type":"post","link":"https:\/\/www.frederic-poitou.com\/blog\/petite-lecon-de-centrisme\/","title":{"rendered":"PETITE LE\u00c7ON DE CENTRISME"},"content":{"rendered":"<p>Etre centriste, ne signifie pas \u00eatre incapable de prendre position ou d\u00e9cision. Etre centriste, c&rsquo;est appliquer les recettes d&rsquo;un juste \u00e9quilibre entre les deux p\u00f4les qui clivaient la politique depuis plus de deux si\u00e8cles.<\/p>\n<p class=\"mise_en_avant\">Ce clivage n&rsquo;existe plus depuis que Fran\u00e7ois Hollande parle \u00e0 la droite, Alain Jupp\u00e9 \u00e0 la gauche, Nicolas Sarkozy \u00e0 l\u2019extr\u00eame droite, et Marine Le Pen \u00e0 l\u2019extr\u00eame gauche. Preuve si n\u00e9cessaire que les extr\u00eames se rejoignent en une forme de national-populisme, alors que les tendances mod\u00e9r\u00e9es peuvent converger vers une forme de consensus vers un courant issus des ann\u00e9es 70.<\/p>\n<p class=\"mise_en_avant\"><em>\u00ab\u00a0Apr\u00e8s des ann\u00e9es d\u2019alternances infructueuses et de cohabitations confusantes, les Fran\u00e7ais dans leur majorit\u00e9 ne font de plus de diff\u00e9rences entre la droite et la gauche<\/em>\u201d (<em>Jean-Louis Bourlanges<\/em>).<\/p>\n<p>Quant \u00e0 l&rsquo;axe de r\u00e9volution de la pens\u00e9e centriste, l&rsquo;Europe, c&rsquo;est bien l&rsquo;ensemble des gouvernements de gauche molle, incapable de prendre une d\u00e9cision dans un sens ou dans l&rsquo;autre, qui l&rsquo;a tu\u00e9e dans l&rsquo;esprit des eurocitoyens qui, plut\u00f4t que la consid\u00e9rer comme notre chance, la consid\u00e8rent comme responsable de tous nos maux. Tant Fran\u00e7ois Hollande que Nicolas Sarkozy ont fait une erreur en tentant de convaincre les pays du Sud de se rallier \u00e0 leurs panaches blancs. L&rsquo;axe europ\u00e9en, c&rsquo;est Paris &#8211; Berlin, pas Paris &#8211; M\u00e9diterran\u00e9e, et dans ce flou entretenu, pour le moment, la France est disqualifi\u00e9e faute d&rsquo;avoir tenu ses engagements en faisant les r\u00e9formes structurelles &#8211; voire institutionnelles &#8211; n\u00e9cessaires, et en revoyant drastiquement son budget de fonctionnement \u00e0 la baisse.<br \/>\nCes deux derniers points auraient peut \u00eatre suffit \u00e0 ce que les britanniques d\u00e9cident de rester dans l&rsquo;UE plut\u00f4t que partir dans une aventure tr\u00e8s hasardeuse en votant pour le Brexit, ce qu&rsquo;ils semblent d\u00e9j\u00e0 regretter. Les deux seuls grands leaders de dimension europ\u00e9enne actuellement ne sont ni fran\u00e7ais, ni allemand, mais belge (Guy Verhofstadt <a id=\"js_uh\" class=\"_2wmb\" href=\"https:\/\/www.facebook.com\/GuyVerhofstadt\/#\" data-tooltip-content=\"Recherchez @@GuyVerhofstadt sur Facebook ou dans Messenger pour trouver facilement cette Page.\" data-hover=\"tooltip\">@GuyVerhofstad<\/a>) et italien (Mateo <a id=\"js_w8\" class=\"_2wmb\" href=\"https:\/\/www.facebook.com\/matteorenziufficiale\/?fref=ts#\" data-tooltip-content=\"Recherchez @@matteorenziufficiale sur Facebook ou dans Messenger pour trouver facilement cette Page.\" data-hover=\"tooltip\">@matteorenziufficiale)<\/a><br \/>\nLes difficult\u00e9s de l&rsquo;Europe ne sont pas fondamentalement li\u00e9es \u00e0 des probl\u00e8mes structurels, ou de transfert de comp\u00e9tence, mais \u00e0 l&rsquo;absence de v\u00e9ritable leader &#8211; ou \u00e0 tout le moins un couple franco-allemand faisant fonction -.<\/p>\n<p>&nbsp;<\/p>\n<p style=\"line-height: 26px; padding: 0px; margin: 0px;\">Voici donc le plus beau discours que je n\u2019ai jamais entendu sur le Centrisme. Il \u00e9mane de Jean-Louis Bourlanges, Pr\u00e9sident de la Fondation du Centre, ancien UDF, Gaulliste de gauche. Il a \u00e9t\u00e9 donn\u00e9 \u00e0 l\u2019occasion des Ateliers des Radicaux \u00e0 Lyon, samedi 4 Septembre dernier, \u00e0 l\u2019invitation de Jean-Louis Borloo.<\/p>\n<p style=\"line-height: 26px; padding: 0px; margin: 0px;\">Apr\u00e8s les Illustres radicaux (Cl\u00e9menceau, Gambetta, Daladier, Zay, Edgar Faure, JJSS, Andr\u00e9 Rossinot), les centristes (Schuman, Lecanuet, Poher, Barre, Veil, Mehaignerie), l\u2019avenir se jouerait il avec un Centre de tendance Gaulliste social, \u00e9colo-progressiste, humaniste et la\u00efque pour Les R\u00e9publicains ?<\/p>\n<p style=\"line-height: 26px; padding: 0px; margin: 0px;\">l&rsquo;UMP de l&rsquo;\u00e9poque aurait du r\u00e9fl\u00e9chir un peu plus, avant de toiser avec une posture un peu arrogante les radicaux et les Centristes qui avaient contribu\u00e9 \u00e0 fonder notre mouvement.<\/p>\n<p style=\"line-height: 26px; padding: 0px; margin: 0px;\">Cette vid\u00e9o que j&rsquo;avais post\u00e9e en Septembre 2012, prend toute sa dimension \u00e0 l&rsquo;approche des primaires :<br \/>\n&#8211; Si le leader de Les R\u00e9publicains continue sa course au FN, il nous fera perdre<\/p>\n<ul>\n<li style=\"line-height: 26px; padding: 0px; margin: 0px;\">le leader de Les R\u00e9publicains continue sa course au FN, il nous fera perdre au profit de Fran\u00e7ois Hollande, ou pire de Marine Le Pen<\/li>\n<li style=\"line-height: 26px; padding: 0px; margin: 0px;\">Si le vainqueur de la primaire de la droite et du centre ne n\u00e9gocie pas, il n&rsquo;est plus rien<\/li>\n<li style=\"line-height: 26px; padding: 0px; margin: 0px;\">Apr\u00e8s les pr\u00e9sidentielles, ca n&rsquo;est pas un parti qui dirigera mais une coalition d&rsquo;alliance, pour ne pas dire d&rsquo;Union nationale.<\/li>\n<\/ul>\n<p style=\"line-height: 26px; padding: 0px; margin: 0px;\"><span style=\"color: #ffffff;\">&#8211;<\/span><\/p>\n<p style=\"line-height: 26px; padding: 0px; margin: 0px;\"><span style=\"color: #ffffff;\">\u00a0<\/span><\/p>\n<p style=\"line-height: 26px; text-align: center; padding: 0px; margin: 0px;\"><span style=\"line-height: 19px;\"><span style=\"color: #ffffff;\">\u00a0<\/span><\/span><\/p>\n<div class=\"entry-content-asset videofit\"><iframe loading=\"lazy\" title=\"Conception du centrisme en France\" frameborder=\"0\" width=\"500\" height=\"375\" src=\"https:\/\/geo.dailymotion.com\/player.html?video=xerp6o&#038;\" allowfullscreen allow=\"autoplay; fullscreen; picture-in-picture; web-share\"><\/iframe><\/div>\n<p><span style=\"color: #ffffff;\">&#8211;<\/span><\/p>\n<p><span style=\"color: #ffffff;\">&#8211;<\/span><\/p>\n<p><span style=\"color: #ffffff;\">&#8211;<\/span><\/p>\n","protected":false},"excerpt":{"rendered":"<p>Etre centriste, ne signifie pas \u00eatre incapable de prendre position ou d\u00e9cision. Etre centriste, c&rsquo;est appliquer les recettes d&rsquo;un juste \u00e9quilibre entre les deux p\u00f4les qui clivaient la politique depuis plus de deux si\u00e8cles. Ce clivage n&rsquo;existe plus depuis que &hellip; <a href=\"https:\/\/www.frederic-poitou.com\/blog\/petite-lecon-de-centrisme\/\">Lire la suite\u00ad\u00ad<\/a><\/p>\n","protected":false},"author":4,"featured_media":6864,"comment_status":"open","ping_status":"open","sticky":false,"template":"","format":"standard","meta":{"kt_blocks_editor_width":"","_exactmetrics_skip_tracking":false,"_exactmetrics_sitenote_active":false,"_exactmetrics_sitenote_note":"","_exactmetrics_sitenote_category":0,"footnotes":""},"categories":[51],"tags":[27,25,24],"class_list":["post-5287","post","type-post","status-publish","format-standard","has-post-thumbnail","hentry","category-politique","tag-actualite","tag-parti-radical","tag-politique"],"yoast_head":"<!-- This site is optimized with the Yoast SEO plugin v27.1.1 - https:\/\/yoast.com\/product\/yoast-seo-wordpress\/ -->\n<title>PETITE LE\u00c7ON DE CENTRISME -<\/title>\n<meta name=\"robots\" content=\"index, follow, max-snippet:-1, max-image-preview:large, max-video-preview:-1\" \/>\n<link rel=\"canonical\" href=\"https:\/\/www.frederic-poitou.com\/blog\/petite-lecon-de-centrisme\/\" \/>\n<meta property=\"og:locale\" content=\"fr_FR\" \/>\n<meta property=\"og:type\" content=\"article\" \/>\n<meta property=\"og:title\" content=\"PETITE LE\u00c7ON DE CENTRISME -\" \/>\n<meta property=\"og:description\" content=\"Etre centriste, ne signifie pas \u00eatre incapable de prendre position ou d\u00e9cision. Etre centriste, c&rsquo;est appliquer les recettes d&rsquo;un juste \u00e9quilibre entre les deux p\u00f4les qui clivaient la politique depuis plus de deux si\u00e8cles. Ce clivage n&rsquo;existe plus depuis que &hellip; Lire la suite\u00ad\u00ad\" \/>\n<meta property=\"og:url\" content=\"https:\/\/www.frederic-poitou.com\/blog\/petite-lecon-de-centrisme\/\" \/>\n<meta property=\"article:publisher\" content=\"https:\/\/www.facebook.com\/frederic.poitou\/\" \/>\n<meta property=\"article:published_time\" content=\"2023-07-14T01:38:32+00:00\" \/>\n<meta property=\"article:modified_time\" content=\"2026-04-15T19:12:07+00:00\" \/>\n<meta property=\"og:image\" content=\"https:\/\/www.frederic-poitou.com\/blog\/wp-content\/2016\/08\/jean_louis_bourlanges_sipa.jpg\" \/>\n\t<meta property=\"og:image:width\" content=\"638\" \/>\n\t<meta property=\"og:image:height\" content=\"420\" \/>\n\t<meta property=\"og:image:type\" content=\"image\/jpeg\" \/>\n<meta name=\"author\" content=\"Fr\u00e9d\u00e9ric Poitou\" \/>\n<meta name=\"twitter:card\" content=\"summary_large_image\" \/>\n<meta name=\"twitter:creator\" content=\"@fredericpoitou\" \/>\n<meta name=\"twitter:site\" content=\"@fredericpoitou\" \/>\n<meta name=\"twitter:label1\" content=\"\u00c9crit par\" \/>\n\t<meta name=\"twitter:data1\" content=\"Fr\u00e9d\u00e9ric Poitou\" \/>\n\t<meta name=\"twitter:label2\" content=\"Dur\u00e9e de lecture estim\u00e9e\" \/>\n\t<meta name=\"twitter:data2\" content=\"3 minutes\" \/>\n<script type=\"application\/ld+json\" class=\"yoast-schema-graph\">{\"@context\":\"https:\/\/schema.org\",\"@graph\":[{\"@type\":\"Article\",\"@id\":\"https:\/\/www.frederic-poitou.com\/blog\/petite-lecon-de-centrisme\/#article\",\"isPartOf\":{\"@id\":\"https:\/\/www.frederic-poitou.com\/blog\/petite-lecon-de-centrisme\/\"},\"author\":{\"name\":\"Fr\u00e9d\u00e9ric Poitou\",\"@id\":\"http:\/\/www.frederic-poitou.com\/blog\/#\/schema\/person\/e2c2d05e978747818533fdce859a7799\"},\"headline\":\"PETITE LE\u00c7ON DE CENTRISME\",\"datePublished\":\"2023-07-14T01:38:32+00:00\",\"dateModified\":\"2026-04-15T19:12:07+00:00\",\"mainEntityOfPage\":{\"@id\":\"https:\/\/www.frederic-poitou.com\/blog\/petite-lecon-de-centrisme\/\"},\"wordCount\":646,\"commentCount\":0,\"image\":{\"@id\":\"https:\/\/www.frederic-poitou.com\/blog\/petite-lecon-de-centrisme\/#primaryimage\"},\"thumbnailUrl\":\"https:\/\/www.frederic-poitou.com\/blog\/wp-content\/2016\/08\/jean_louis_bourlanges_sipa.jpg\",\"keywords\":[\"Actualit\u00e9\",\"PARTI RADICAL\",\"Politique\"],\"articleSection\":[\"Politique\"],\"inLanguage\":\"fr-FR\",\"potentialAction\":[{\"@type\":\"CommentAction\",\"name\":\"Comment\",\"target\":[\"https:\/\/www.frederic-poitou.com\/blog\/petite-lecon-de-centrisme\/#respond\"]}]},{\"@type\":\"WebPage\",\"@id\":\"https:\/\/www.frederic-poitou.com\/blog\/petite-lecon-de-centrisme\/\",\"url\":\"https:\/\/www.frederic-poitou.com\/blog\/petite-lecon-de-centrisme\/\",\"name\":\"PETITE LE\u00c7ON DE CENTRISME -\",\"isPartOf\":{\"@id\":\"http:\/\/www.frederic-poitou.com\/blog\/#website\"},\"primaryImageOfPage\":{\"@id\":\"https:\/\/www.frederic-poitou.com\/blog\/petite-lecon-de-centrisme\/#primaryimage\"},\"image\":{\"@id\":\"https:\/\/www.frederic-poitou.com\/blog\/petite-lecon-de-centrisme\/#primaryimage\"},\"thumbnailUrl\":\"https:\/\/www.frederic-poitou.com\/blog\/wp-content\/2016\/08\/jean_louis_bourlanges_sipa.jpg\",\"datePublished\":\"2023-07-14T01:38:32+00:00\",\"dateModified\":\"2026-04-15T19:12:07+00:00\",\"author\":{\"@id\":\"http:\/\/www.frederic-poitou.com\/blog\/#\/schema\/person\/e2c2d05e978747818533fdce859a7799\"},\"breadcrumb\":{\"@id\":\"https:\/\/www.frederic-poitou.com\/blog\/petite-lecon-de-centrisme\/#breadcrumb\"},\"inLanguage\":\"fr-FR\",\"potentialAction\":[{\"@type\":\"ReadAction\",\"target\":[\"https:\/\/www.frederic-poitou.com\/blog\/petite-lecon-de-centrisme\/\"]}]},{\"@type\":\"ImageObject\",\"inLanguage\":\"fr-FR\",\"@id\":\"https:\/\/www.frederic-poitou.com\/blog\/petite-lecon-de-centrisme\/#primaryimage\",\"url\":\"https:\/\/www.frederic-poitou.com\/blog\/wp-content\/2016\/08\/jean_louis_bourlanges_sipa.jpg\",\"contentUrl\":\"https:\/\/www.frederic-poitou.com\/blog\/wp-content\/2016\/08\/jean_louis_bourlanges_sipa.jpg\",\"width\":638,\"height\":420},{\"@type\":\"BreadcrumbList\",\"@id\":\"https:\/\/www.frederic-poitou.com\/blog\/petite-lecon-de-centrisme\/#breadcrumb\",\"itemListElement\":[{\"@type\":\"ListItem\",\"position\":1,\"name\":\"Accueil\",\"item\":\"http:\/\/www.frederic-poitou.com\/blog\/\"},{\"@type\":\"ListItem\",\"position\":2,\"name\":\"PETITE LE\u00c7ON DE CENTRISME\"}]},{\"@type\":\"WebSite\",\"@id\":\"http:\/\/www.frederic-poitou.com\/blog\/#website\",\"url\":\"http:\/\/www.frederic-poitou.com\/blog\/\",\"name\":\"\",\"description\":\"\",\"potentialAction\":[{\"@type\":\"SearchAction\",\"target\":{\"@type\":\"EntryPoint\",\"urlTemplate\":\"http:\/\/www.frederic-poitou.com\/blog\/?s={search_term_string}\"},\"query-input\":{\"@type\":\"PropertyValueSpecification\",\"valueRequired\":true,\"valueName\":\"search_term_string\"}}],\"inLanguage\":\"fr-FR\"},{\"@type\":\"Person\",\"@id\":\"http:\/\/www.frederic-poitou.com\/blog\/#\/schema\/person\/e2c2d05e978747818533fdce859a7799\",\"name\":\"Fr\u00e9d\u00e9ric Poitou\",\"image\":{\"@type\":\"ImageObject\",\"inLanguage\":\"fr-FR\",\"@id\":\"http:\/\/www.frederic-poitou.com\/blog\/#\/schema\/person\/image\/\",\"url\":\"https:\/\/secure.gravatar.com\/avatar\/1933bcca279a2feafd35d9e0a080c521e11beb51115fe4cfe02e2586ac13424a?s=96&d=mm&r=g\",\"contentUrl\":\"https:\/\/secure.gravatar.com\/avatar\/1933bcca279a2feafd35d9e0a080c521e11beb51115fe4cfe02e2586ac13424a?s=96&d=mm&r=g\",\"caption\":\"Fr\u00e9d\u00e9ric Poitou\"},\"description\":\"Fr\u00e9d\u00e9ric Poitou est n\u00e9 \u00e0 Rouen, et y a fait des \u00e9tudes au Conservatoire en musique-\u00e9tudes en section piano. Il s'est ensuite orient\u00e9 vers des \u00e9tudes scientifiques o\u00f9 il a obtenu un dipl\u00f4me d'ing\u00e9nieur, puis un doctorat en Chimie. Il est Expert Judiciaire en France, en Belgique et \u00e0 Luxembourg, et agr\u00e9e par les Institutions Europ\u00e9ennes.\",\"sameAs\":[\"http:\/\/www.frederic-poitou.com\",\"https:\/\/www.linkedin.com\/in\/frederic-poitou-b045a025\/\"]}]}<\/script>\n<!-- \/ Yoast SEO plugin. -->","yoast_head_json":{"title":"PETITE LE\u00c7ON DE CENTRISME -","robots":{"index":"index","follow":"follow","max-snippet":"max-snippet:-1","max-image-preview":"max-image-preview:large","max-video-preview":"max-video-preview:-1"},"canonical":"https:\/\/www.frederic-poitou.com\/blog\/petite-lecon-de-centrisme\/","og_locale":"fr_FR","og_type":"article","og_title":"PETITE LE\u00c7ON DE CENTRISME -","og_description":"Etre centriste, ne signifie pas \u00eatre incapable de prendre position ou d\u00e9cision. Etre centriste, c&rsquo;est appliquer les recettes d&rsquo;un juste \u00e9quilibre entre les deux p\u00f4les qui clivaient la politique depuis plus de deux si\u00e8cles. Ce clivage n&rsquo;existe plus depuis que &hellip; Lire la suite\u00ad\u00ad","og_url":"https:\/\/www.frederic-poitou.com\/blog\/petite-lecon-de-centrisme\/","article_publisher":"https:\/\/www.facebook.com\/frederic.poitou\/","article_published_time":"2023-07-14T01:38:32+00:00","article_modified_time":"2026-04-15T19:12:07+00:00","og_image":[{"width":638,"height":420,"url":"https:\/\/www.frederic-poitou.com\/blog\/wp-content\/2016\/08\/jean_louis_bourlanges_sipa.jpg","type":"image\/jpeg"}],"author":"Fr\u00e9d\u00e9ric Poitou","twitter_card":"summary_large_image","twitter_creator":"@fredericpoitou","twitter_site":"@fredericpoitou","twitter_misc":{"\u00c9crit par":"Fr\u00e9d\u00e9ric Poitou","Dur\u00e9e de lecture estim\u00e9e":"3 minutes"},"schema":{"@context":"https:\/\/schema.org","@graph":[{"@type":"Article","@id":"https:\/\/www.frederic-poitou.com\/blog\/petite-lecon-de-centrisme\/#article","isPartOf":{"@id":"https:\/\/www.frederic-poitou.com\/blog\/petite-lecon-de-centrisme\/"},"author":{"name":"Fr\u00e9d\u00e9ric Poitou","@id":"http:\/\/www.frederic-poitou.com\/blog\/#\/schema\/person\/e2c2d05e978747818533fdce859a7799"},"headline":"PETITE LE\u00c7ON DE CENTRISME","datePublished":"2023-07-14T01:38:32+00:00","dateModified":"2026-04-15T19:12:07+00:00","mainEntityOfPage":{"@id":"https:\/\/www.frederic-poitou.com\/blog\/petite-lecon-de-centrisme\/"},"wordCount":646,"commentCount":0,"image":{"@id":"https:\/\/www.frederic-poitou.com\/blog\/petite-lecon-de-centrisme\/#primaryimage"},"thumbnailUrl":"https:\/\/www.frederic-poitou.com\/blog\/wp-content\/2016\/08\/jean_louis_bourlanges_sipa.jpg","keywords":["Actualit\u00e9","PARTI RADICAL","Politique"],"articleSection":["Politique"],"inLanguage":"fr-FR","potentialAction":[{"@type":"CommentAction","name":"Comment","target":["https:\/\/www.frederic-poitou.com\/blog\/petite-lecon-de-centrisme\/#respond"]}]},{"@type":"WebPage","@id":"https:\/\/www.frederic-poitou.com\/blog\/petite-lecon-de-centrisme\/","url":"https:\/\/www.frederic-poitou.com\/blog\/petite-lecon-de-centrisme\/","name":"PETITE LE\u00c7ON DE CENTRISME -","isPartOf":{"@id":"http:\/\/www.frederic-poitou.com\/blog\/#website"},"primaryImageOfPage":{"@id":"https:\/\/www.frederic-poitou.com\/blog\/petite-lecon-de-centrisme\/#primaryimage"},"image":{"@id":"https:\/\/www.frederic-poitou.com\/blog\/petite-lecon-de-centrisme\/#primaryimage"},"thumbnailUrl":"https:\/\/www.frederic-poitou.com\/blog\/wp-content\/2016\/08\/jean_louis_bourlanges_sipa.jpg","datePublished":"2023-07-14T01:38:32+00:00","dateModified":"2026-04-15T19:12:07+00:00","author":{"@id":"http:\/\/www.frederic-poitou.com\/blog\/#\/schema\/person\/e2c2d05e978747818533fdce859a7799"},"breadcrumb":{"@id":"https:\/\/www.frederic-poitou.com\/blog\/petite-lecon-de-centrisme\/#breadcrumb"},"inLanguage":"fr-FR","potentialAction":[{"@type":"ReadAction","target":["https:\/\/www.frederic-poitou.com\/blog\/petite-lecon-de-centrisme\/"]}]},{"@type":"ImageObject","inLanguage":"fr-FR","@id":"https:\/\/www.frederic-poitou.com\/blog\/petite-lecon-de-centrisme\/#primaryimage","url":"https:\/\/www.frederic-poitou.com\/blog\/wp-content\/2016\/08\/jean_louis_bourlanges_sipa.jpg","contentUrl":"https:\/\/www.frederic-poitou.com\/blog\/wp-content\/2016\/08\/jean_louis_bourlanges_sipa.jpg","width":638,"height":420},{"@type":"BreadcrumbList","@id":"https:\/\/www.frederic-poitou.com\/blog\/petite-lecon-de-centrisme\/#breadcrumb","itemListElement":[{"@type":"ListItem","position":1,"name":"Accueil","item":"http:\/\/www.frederic-poitou.com\/blog\/"},{"@type":"ListItem","position":2,"name":"PETITE LE\u00c7ON DE CENTRISME"}]},{"@type":"WebSite","@id":"http:\/\/www.frederic-poitou.com\/blog\/#website","url":"http:\/\/www.frederic-poitou.com\/blog\/","name":"","description":"","potentialAction":[{"@type":"SearchAction","target":{"@type":"EntryPoint","urlTemplate":"http:\/\/www.frederic-poitou.com\/blog\/?s={search_term_string}"},"query-input":{"@type":"PropertyValueSpecification","valueRequired":true,"valueName":"search_term_string"}}],"inLanguage":"fr-FR"},{"@type":"Person","@id":"http:\/\/www.frederic-poitou.com\/blog\/#\/schema\/person\/e2c2d05e978747818533fdce859a7799","name":"Fr\u00e9d\u00e9ric Poitou","image":{"@type":"ImageObject","inLanguage":"fr-FR","@id":"http:\/\/www.frederic-poitou.com\/blog\/#\/schema\/person\/image\/","url":"https:\/\/secure.gravatar.com\/avatar\/1933bcca279a2feafd35d9e0a080c521e11beb51115fe4cfe02e2586ac13424a?s=96&d=mm&r=g","contentUrl":"https:\/\/secure.gravatar.com\/avatar\/1933bcca279a2feafd35d9e0a080c521e11beb51115fe4cfe02e2586ac13424a?s=96&d=mm&r=g","caption":"Fr\u00e9d\u00e9ric Poitou"},"description":"Fr\u00e9d\u00e9ric Poitou est n\u00e9 \u00e0 Rouen, et y a fait des \u00e9tudes au Conservatoire en musique-\u00e9tudes en section piano. Il s'est ensuite orient\u00e9 vers des \u00e9tudes scientifiques o\u00f9 il a obtenu un dipl\u00f4me d'ing\u00e9nieur, puis un doctorat en Chimie. Il est Expert Judiciaire en France, en Belgique et \u00e0 Luxembourg, et agr\u00e9e par les Institutions Europ\u00e9ennes.","sameAs":["http:\/\/www.frederic-poitou.com","https:\/\/www.linkedin.com\/in\/frederic-poitou-b045a025\/"]}]}},"_links":{"self":[{"href":"https:\/\/www.frederic-poitou.com\/blog\/wp-json\/wp\/v2\/posts\/5287","targetHints":{"allow":["GET"]}}],"collection":[{"href":"https:\/\/www.frederic-poitou.com\/blog\/wp-json\/wp\/v2\/posts"}],"about":[{"href":"https:\/\/www.frederic-poitou.com\/blog\/wp-json\/wp\/v2\/types\/post"}],"author":[{"embeddable":true,"href":"https:\/\/www.frederic-poitou.com\/blog\/wp-json\/wp\/v2\/users\/4"}],"replies":[{"embeddable":true,"href":"https:\/\/www.frederic-poitou.com\/blog\/wp-json\/wp\/v2\/comments?post=5287"}],"version-history":[{"count":1,"href":"https:\/\/www.frederic-poitou.com\/blog\/wp-json\/wp\/v2\/posts\/5287\/revisions"}],"predecessor-version":[{"id":8789,"href":"https:\/\/www.frederic-poitou.com\/blog\/wp-json\/wp\/v2\/posts\/5287\/revisions\/8789"}],"wp:featuredmedia":[{"embeddable":true,"href":"https:\/\/www.frederic-poitou.com\/blog\/wp-json\/wp\/v2\/media\/6864"}],"wp:attachment":[{"href":"https:\/\/www.frederic-poitou.com\/blog\/wp-json\/wp\/v2\/media?parent=5287"}],"wp:term":[{"taxonomy":"category","embeddable":true,"href":"https:\/\/www.frederic-poitou.com\/blog\/wp-json\/wp\/v2\/categories?post=5287"},{"taxonomy":"post_tag","embeddable":true,"href":"https:\/\/www.frederic-poitou.com\/blog\/wp-json\/wp\/v2\/tags?post=5287"}],"curies":[{"name":"wp","href":"https:\/\/api.w.org\/{rel}","templated":true}]}}