{"id":5050,"date":"2023-07-15T12:03:32","date_gmt":"2023-07-15T10:03:32","guid":{"rendered":"http:\/\/www.frederic-poitou.com\/blog\/?p=5050"},"modified":"2026-04-29T20:57:04","modified_gmt":"2026-04-29T18:57:04","slug":"la-pieuvre-le-depute-et-les-deux-freres","status":"publish","type":"post","link":"https:\/\/www.frederic-poitou.com\/blog\/la-pieuvre-le-depute-et-les-deux-freres\/","title":{"rendered":"LA PIEUVRE, LE DEPUTE, ET LES DEUX FRERES &#8230;"},"content":{"rendered":"<p><img loading=\"lazy\" decoding=\"async\" class=\"alignleft size-full wp-image-5052\" style=\"margin: 10px; border: 10px solid black;\" title=\"montebourgguerini\" src=\"http:\/\/www.frederic-poitou.com\/blog\/wp-content\/montebourgguerini.jpg\" alt=\"montebourgguerini\" width=\"296\" height=\"211\" srcset=\"https:\/\/www.frederic-poitou.com\/blog\/wp-content\/montebourgguerini.jpg 494w, https:\/\/www.frederic-poitou.com\/blog\/wp-content\/montebourgguerini-300x213.jpg 300w\" sizes=\"auto, (max-width: 296px) 100vw, 296px\" \/>Philippe San Marco, \u00e9narque, ancien secr\u00e9taire g\u00e9n\u00e9ral de Gaston Defferre, conseiller r\u00e9gional Paca (1981-1986) et d\u00e9put\u00e9 des Bouchesdu- Rh\u00f4ne de 1981 \u00e0 1993. \u00c064 ans, ce vieux routier de la vie politique marseillaise et ancien membre du PS d\u00e9nonce les pratiques exerc\u00e9es dans son ancienne f\u00e9d\u00e9ration qu\u2019il a quitt\u00e9e en 2001.<\/p>\n<p>C&rsquo;est un homme plut\u00f4t affable, qui avait ses habitudes, et sa table, \u00e0 l&rsquo;Atelier Chocolat, Place aux Huiles \u00e0 Marseille dans les ann\u00e9es 90. J&rsquo;ai d\u00e9jeun\u00e9 \u00e0 de multiples reprises \u00e0 sa table chez \u00ab\u00a0Henri\u00a0\u00bb, notre ami chocolatier.<\/p>\n<p>Voici ce qu&rsquo;il d\u00e9clarait au <a href=\"http:\/\/www.lejdd.fr\/Politique\/Actualite\/Philippe-San-Marco-Aubry-doit-demissionner-Guerini-278947\/?from=headlines\" target=\"_blank\" rel=\"noopener\"><strong><span style=\"color: #ff0000;\">JDD<\/span><\/strong><\/a> hier (morceaux choisis) :<\/p>\n<p><span style=\"color: #ffffff;\">&#8211;<\/span><\/p>\n<p style=\"outline-width: 0px; outline-style: initial; outline-color: initial; font-weight: inherit; font-style: inherit; font-size: 1em; font-family: inherit; margin-top: 0px; margin-right: 0px; margin-bottom: 10px; margin-left: 0px; text-align: justify; line-height: 1.4; padding: 0px; border: 0px initial initial;\"><strong>Pourquoi avoir quitt\u00e9 le PS en 2001?<\/strong><br \/>\nApr\u00e8s les avoir d\u00e9nonc\u00e9es pendant des ann\u00e9es, je n\u2019acceptais plus les pratiques scandaleuses dans la f\u00e9d\u00e9ration des Bouches-du-Rh\u00f4ne. J\u2019ai fait le choix de la quitter plut\u00f4t que de me soumettre dans la foul\u00e9e.<\/p>\n<p style=\"outline-width: 0px; outline-style: initial; outline-color: initial; font-weight: inherit; font-style: inherit; font-size: 1em; margin-top: 0px; margin-right: 0px; margin-bottom: 10px; margin-left: 0px; text-align: justify; line-height: 1.4; padding: 0px;\"><span style=\"color: #ffffff;\">&#8211;<\/span><\/p>\n<p style=\"outline-width: 0px; outline-style: initial; outline-color: initial; font-weight: inherit; font-style: inherit; font-size: 1em; font-family: inherit; margin-top: 0px; margin-right: 0px; margin-bottom: 10px; margin-left: 0px; text-align: justify; line-height: 1.4; padding: 0px; border: 0px initial initial;\"><strong>Quelles \u00e9taient ces pratiques que vous d\u00e9nonciez? \u00c9tiez-vous seul?<\/strong><br \/>\nAvec Michel Vauzelle, nous luttions contre le syst\u00e8me qui se mettait en place. Entre 1994 et 1998, une gigantesque op\u00e9ration de fausses cartes a \u00e9t\u00e9 mise en place. Un beau jour, j\u2019ai vu arriver Alexandre Gu\u00e9rini avec une cinquantaine de gens du conseil g\u00e9n\u00e9ral. J\u2019ai rapidement \u00e9t\u00e9 mis en minorit\u00e9. Cette vaste entreprise d\u00e9stabilisait les petites sections comme la mienne dans le 7e arrondissement de Marseille. Le fr\u00e8re de Jean-No\u00ebl \u00e9tait membre de la commission des adh\u00e9sions. Comme cela, il contr\u00f4lait tout pour son fr\u00e8re. Quand Alexandre est dans une commission, c\u2019est lui le patron.<\/p>\n<p style=\"outline-width: 0px; outline-style: initial; outline-color: initial; font-weight: inherit; font-style: inherit; font-size: 1em; font-family: inherit; margin-top: 0px; margin-right: 0px; margin-bottom: 10px; margin-left: 0px; text-align: justify; line-height: 1.4; padding: 0px; border: 0px initial initial;\">&#8211;<\/p>\n<p style=\"outline-width: 0px; outline-style: initial; outline-color: initial; font-weight: inherit; font-style: inherit; font-size: 1em; font-family: inherit; margin-top: 0px; margin-right: 0px; margin-bottom: 10px; margin-left: 0px; text-align: justify; line-height: 1.4; padding: 0px; border: 0px initial initial;\"><strong>Qu\u2019avez-vous remarqu\u00e9?<\/strong><br \/>\n\u00c0 cette \u00e9poque, un grand nombre de secr\u00e9taires de section \u00e9taient plus ou moins li\u00e9s avec le conseil g\u00e9n\u00e9ral, par exemple l\u2019emploi d\u2019un proche, ou bien des responsabilit\u00e9s dans une association subventionn\u00e9e. La f\u00e9d\u00e9ration a \u00e9t\u00e9 verrouill\u00e9e en l\u2019espace de quelque temps. Le conseil g\u00e9n\u00e9ral proc\u00e8de \u00e0 un arrosage client\u00e9liste interne avec des embauches massives, et externe avec le versement de subventions \u00e0 des associations \u00ab\u00a0amies\u00a0\u00bb.<\/p>\n<p style=\"outline-width: 0px; outline-style: initial; outline-color: initial; font-weight: inherit; font-style: inherit; font-size: 1em; margin-top: 0px; margin-right: 0px; margin-bottom: 10px; margin-left: 0px; text-align: justify; line-height: 1.4; padding: 0px;\"><span style=\"color: #ffffff;\">&#8211;<\/span><\/p>\n<p><a name=\"eztoc3912441_1\"><\/a><\/p>\n<h2 style=\"outline-width: 0px; outline-style: initial; outline-color: initial; font-weight: inherit; font-style: inherit; font-size: 21px; margin-top: 10px; margin-right: 0px; margin-bottom: 10px; margin-left: 0px; font: normal normal bold 1.6em\/normal Arial, sans-serif; letter-spacing: -1px; text-align: center; padding: 0px;\"><span style=\"color: #333399;\">Aubry \u00ab\u00a0<\/span><em><span style=\"color: #333399;\">croit que Marseille est une R\u00e9publique banani\u00e8re<\/span><\/em><span style=\"color: #333399;\">\u00ab\u00a0<\/span><\/h2>\n<p style=\"outline-width: 0px; outline-style: initial; outline-color: initial; font-weight: inherit; font-style: inherit; font-size: 1em; font-family: inherit; margin-top: 0px; margin-right: 0px; margin-bottom: 10px; margin-left: 0px; text-align: justify; line-height: 1.4; padding: 0px; border: 0px initial initial;\">\n<p style=\"outline-width: 0px; outline-style: initial; outline-color: initial; font-weight: inherit; font-style: inherit; font-size: 1em; font-family: inherit; margin-top: 0px; margin-right: 0px; margin-bottom: 10px; margin-left: 0px; text-align: justify; line-height: 1.4; padding: 0px; border: 0px initial initial;\"><strong>Apr\u00e8s ces constatations, qu\u2019avez-vous fait?<\/strong><br \/>\nJ\u2019ai alert\u00e9 Fran\u00e7ois Hollande. A Paris, on me r\u00e9pondait: \u00ab\u00a0<em>Ben ouais, c\u2019est Marseille.<\/em>\u00a0\u00bb La direction du Parti a pr\u00e9f\u00e9r\u00e9 tourner la t\u00eate, alors qu\u2019ils \u00e9taient au courant. Ils n\u2019ont rien fait ! La direction ne m\u2019a pas cru, c\u2019est Marseille, c\u2019est exotique !<\/p>\n<p style=\"outline-width: 0px; outline-style: initial; outline-color: initial; font-weight: inherit; font-style: inherit; font-size: 1em; margin-top: 0px; margin-right: 0px; margin-bottom: 10px; margin-left: 0px; text-align: justify; line-height: 1.4; padding: 0px;\"><span style=\"color: #ffffff;\">&#8211;<\/span><\/p>\n<p style=\"outline-width: 0px; outline-style: initial; outline-color: initial; font-weight: inherit; font-style: inherit; font-size: 1em; font-family: inherit; margin-top: 0px; margin-right: 0px; margin-bottom: 10px; margin-left: 0px; text-align: justify; line-height: 1.4; padding: 0px; border: 0px initial initial;\"><strong>Comment interpr\u00e9tez-vous le rapport d\u2019Arnaud Montebourg?<\/strong><br \/>\nLe contenu n\u2019est absolument pas surprenant, je le trouve m\u00eame prudent et \u00e9dulcor\u00e9. Enfin une voix nationale s\u2019est \u00e9lev\u00e9e ! On ne pourra plus dire que le PS ne savait pas. Je me demande pourquoi ce document n\u2019est pas sorti plus t\u00f4t. Martine Aubry l\u2019avait depuis trois mois. La loi du silence p\u00e8se \u00e0 la direction, c\u2019est incroyable cette omerta!<\/p>\n<p style=\"outline-width: 0px; outline-style: initial; outline-color: initial; font-weight: inherit; font-style: inherit; font-size: 1em; margin-top: 0px; margin-right: 0px; margin-bottom: 10px; margin-left: 0px; text-align: justify; line-height: 1.4; padding: 0px;\"><span style=\"color: #ffffff;\">&#8211;<\/span><\/p>\n<p style=\"outline-width: 0px; outline-style: initial; outline-color: initial; font-weight: inherit; font-style: inherit; font-size: 1em; font-family: inherit; margin-top: 0px; margin-right: 0px; margin-bottom: 10px; margin-left: 0px; text-align: justify; line-height: 1.4; padding: 0px; border: 0px initial initial;\"><strong>Et la r\u00e9action de Martine Aubry?<\/strong><br \/>\nConsternante, elle croit que Marseille est une R\u00e9publique banani\u00e8re, \u00e0 cette \u00e9chelle-l\u00e0 c\u2019est de la d\u00e9mence! Elle est inform\u00e9e, elle tourne la t\u00eate et refuse de prendre le taureau par les cornes. Elle devient complice en soutenant des manquements graves aux statuts du PS. Je crains qu\u2019elle ne parasite toute la campagne avec cette affaire.<\/p>\n<p style=\"outline-width: 0px; outline-style: initial; outline-color: initial; font-weight: inherit; font-style: inherit; font-size: 1em; margin-top: 0px; margin-right: 0px; margin-bottom: 10px; margin-left: 0px; text-align: justify; line-height: 1.4; padding: 0px;\"><span style=\"color: #ffffff;\">&#8211;<\/span><\/p>\n<p style=\"outline-width: 0px; outline-style: initial; outline-color: initial; font-weight: inherit; font-style: inherit; font-size: 1em; font-family: inherit; margin-top: 0px; margin-right: 0px; margin-bottom: 10px; margin-left: 0px; text-align: justify; line-height: 1.4; padding: 0px; border: 0px initial initial;\"><strong>Pour vous, quelle serait la meilleure solution?<\/strong><br \/>\nMartine Aubry doit exiger la d\u00e9mission imm\u00e9diate de Jean-No\u00ebl Gu\u00e9rini, et de toute la direction de la f\u00e9d\u00e9ration d\u00e9partementale, pour non-respect des statuts. L\u2019\u00e9thique est en cause. \u00c0 Marseille, il y a des gens de gauche sinc\u00e8res et honn\u00eates, ceux-l\u00e0 devront prendre le pouvoir !<\/p>\n<p style=\"outline-width: 0px; outline-style: initial; outline-color: initial; font-weight: inherit; font-style: inherit; font-size: 1em; margin-top: 0px; margin-right: 0px; margin-bottom: 10px; margin-left: 0px; text-align: justify; line-height: 1.4; padding: 0px;\"><span style=\"color: #ffffff;\">&#8212;<\/span><\/p>\n<p style=\"outline-width: 0px; outline-style: initial; outline-color: initial; font-weight: inherit; font-style: inherit; font-size: 1em; margin-top: 0px; margin-right: 0px; margin-bottom: 10px; margin-left: 0px; text-align: justify; line-height: 1.4; padding: 0px;\"><span style=\"color: #ffffff;\">&#8211;<\/span><\/p>\n<p style=\"outline-width: 0px; outline-style: initial; outline-color: initial; font-weight: inherit; font-style: inherit; font-size: 1em; margin-top: 0px; margin-right: 0px; margin-bottom: 10px; margin-left: 0px; text-align: justify; line-height: 1.4; padding: 0px;\"><span style=\"color: #ffffff;\">&#8211;<\/span><\/p>\n<p style=\"margin-top: 5px; margin-right: 0px; margin-bottom: 15px; margin-left: 0px; line-height: 1.4em; font-size: 1.1em; text-align: justify; padding: 0px;\">Mais \u00e0 Marseille, apr\u00e8s une fin de semaine o\u00f9 tr\u00e8s peu de voix \u00e0 gauche s&rsquo;\u00e9taient \u00e9lev\u00e9es pour relayer la d\u00e9monstration de Montebourg, les langues, tout doucement, commencent \u00e0 se d\u00e9lier dans les rangs socialistes, m\u00eame si l&rsquo;anonymat reste, pour le moment, la r\u00e8gle.<\/p>\n<p style=\"margin-top: 5px; margin-right: 0px; margin-bottom: 15px; margin-left: 0px; line-height: 1.4em; font-size: 1.1em; text-align: justify; padding: 0px;\">Une r\u00e8gle qu&rsquo;on pourrait nommer <em>omerta<\/em>. Ainsi peut on lire dans France soir :<\/p>\n<p style=\"margin-top: 5px; margin-right: 0px; margin-bottom: 15px; margin-left: 0px; line-height: 1.4em; font-size: 1.1em; text-align: justify; padding: 0px;\">&#8212;&#8212;&#8212;&#8212;&#8212;&#8212;&#8212;&#8212;&#8212;&#8212;&#8212;&#8212;&#8212;&#8212;&#8212;&#8212;&#8212;&#8212;&#8212;&#8212;&#8212;&#8212;&#8212;&#8212;&#8212;&#8212;&#8212;&#8212;&#8212;&#8212;&#8212;&#8212;-<\/p>\n<p style=\"margin-top: 5px; margin-right: 0px; margin-bottom: 15px; margin-left: 0px; line-height: 1.4em; font-size: 1.1em; text-align: justify; padding: 0px;\">Seul Patrick Mennucci, le pr\u00e9sident du groupe PS au conseil municipal de Marseille, accepte de confier officiellement ses craintes, \u00e0 moins de deux semaines du premier tour des \u00e9lections cantonales : \u00ab\u00a0<em>Ma pr\u00e9occupation, c&rsquo;est de faire \u00e9lire les conseillers g\u00e9n\u00e9raux sortants, donc de d\u00e9montrer aux \u00e9lecteurs qu&rsquo;il ne faut pas confondre \u00ab\u00a0l&rsquo;affaire\u00a0\u00bb avec tous nos amis qui sont parfaitement honn\u00eates. <\/em>\u00bb<\/p>\n<p style=\"margin-top: 5px; margin-right: 0px; margin-bottom: 15px; margin-left: 0px; line-height: 1.4em; font-size: 1.1em; text-align: justify; padding: 0px;\">\n<h3 style=\"outline-width: 0px; outline-style: initial; outline-color: initial; background-color: transparent; margin-top: 15px; margin-right: 0px; margin-bottom: 10px; margin-left: 0px; font-size: 20px; font-weight: bold; color: #af0917; display: block; text-align: center; padding: 0px;\"><span style=\"color: #333399;\">\u00ab <\/span><em><span style=\"color: #333399;\">Se d\u00e9barrasser de la pieuvre&#8230;<\/span><\/em><span style=\"color: #333399;\"> \u00bb<\/span><\/h3>\n<p style=\"margin-top: 5px; margin-right: 0px; margin-bottom: 15px; margin-left: 0px; line-height: 1.4em; font-size: 1.1em; text-align: justify; padding: 0px;\">\n<p style=\"margin-top: 5px; margin-right: 0px; margin-bottom: 15px; margin-left: 0px; line-height: 1.4em; font-size: 1.1em; text-align: justify; padding: 0px;\">France soir rapporte qu&rsquo;un groupe d&rsquo;\u00e9lus qui signent \u00ab\u00a0<em>Les socialistes propres<\/em> \u00bb a \u00e9crit au juge charg\u00e9 de l&rsquo;enqu\u00eate sur Alexandre Gu\u00e9rini. Avec force d\u00e9tails, qu&rsquo;il s&rsquo;agisse des patronymes ou de la vie intime des uns et des autres, les r\u00e9dacteurs d\u00e9crivent les fr\u00e8res Gu\u00e9rini comme \u00ab\u00a0<em>des siamois qui ont, depuis quelques ann\u00e9es, tiss\u00e9 minutieusement leur toile<\/em> \u00bb. Ils \u00e9voquent, p\u00eale-m\u00eale, \u00ab<em> l&rsquo;\u00e9change de liquide contre ch\u00e8que <\/em>\u00bb et \u00ab<em> des services en tout genre : emplois, logements et tant d&rsquo;autres<\/em> \u00bb. Soumise \u00e0 une personnalit\u00e9 du PS proven\u00e7al, cette lettre n&rsquo;a pas donn\u00e9 lieu \u00e0 des d\u00e9n\u00e9gations. C&rsquo;est m\u00eame l&rsquo;inverse : \u00ab\u00a0<em>Alexandre passait des coups de fil en disant<\/em> \u00ab Tu sais qui est mon fr\u00e8re&#8230; \u00bb<em>, et le cabinet de Jean-No\u00ebl Gu\u00e9rini faisait pression sur les \u00e9lus du conseil g\u00e9n\u00e9ral qui avaient mal choisi leur camp en supprimant des avantages en nature. Un chauffeur, par exemple.<\/em> \u00bb La lettre envoy\u00e9e au magistrat se conclut sur une adjuration : \u00ab\u00a0<em>M. le juge, les r\u00e9publicains vous encouragent \u00e0 les d\u00e9barrasser de cette pieuvre. <\/em>\u00bb<\/p>\n<p style=\"margin-top: 5px; margin-right: 0px; margin-bottom: 15px; margin-left: 0px; line-height: 1.4em; font-size: 1.1em; text-align: justify; padding: 0px;\">Martine Aubry, apr\u00e8s avoir d\u00e9nonc\u00e9 dans un premier temps le manque \u00ab<em> de faits <\/em>\u00bb du rapport Montebourg, s&rsquo;est ralli\u00e9e \u00e0 l&rsquo;id\u00e9e d&rsquo;une commission d&rsquo;enqu\u00eate pour \u00e9tudier les cuisines de la f\u00e9d\u00e9ration PS des Bouches-du-Rh\u00f4ne. Hier, Jean-Fran\u00e7ois Cop\u00e9, le patron de l&rsquo;UMP, a interpell\u00e9 la maire de Lille sur ses liens avec Gu\u00e9rini en soutenant que ce dernier l&rsquo;avait aid\u00e9 de fa\u00e7on d\u00e9cisive, avec ses militants, \u00e0 se faire \u00e9lire Premi\u00e8re secr\u00e9taire en 2008.<\/p>\n<p style=\"margin-top: 5px; margin-right: 0px; margin-bottom: 15px; margin-left: 0px; line-height: 1.4em; font-size: 1.1em; text-align: justify; padding: 0px;\"><span style=\"color: #ffffff;\">&#8211;<\/span><\/p>\n<p style=\"margin-top: 5px; margin-right: 0px; margin-bottom: 15px; margin-left: 0px; line-height: 1.4em; font-size: 1.1em; text-align: justify; padding: 0px;\"><span style=\"color: #ffffff;\">&#8211;<\/span><\/p>\n<p style=\"margin-top: 5px; margin-right: 0px; margin-bottom: 15px; margin-left: 0px; line-height: 1.4em; font-size: 1.1em; text-align: justify; padding: 0px;\">Et \u00e0 Coudoux on continue \u00e0 donner des le\u00e7ons d&rsquo;honn\u00eatet\u00e9 politique concernant certains candidats \u00a0!<\/p>\n<p style=\"margin-top: 5px; margin-right: 0px; margin-bottom: 15px; margin-left: 0px; line-height: 1.4em; font-size: 1.1em; text-align: justify; padding: 0px;\">J&rsquo;adore &#8230;<\/p>\n<p style=\"margin-top: 5px; margin-right: 0px; margin-bottom: 15px; margin-left: 0px; line-height: 1.4em; font-size: 1.1em; text-align: justify; padding: 0px;\"><span style=\"color: #ffffff;\">&#8211;<\/span><\/p>\n<p style=\"margin-top: 5px; margin-right: 0px; margin-bottom: 15px; margin-left: 0px; line-height: 1.4em; font-size: 1.1em; text-align: justify; padding: 0px;\"><span style=\"color: #ffffff;\">&#8211;<\/span><\/p>\n<p style=\"margin-top: 5px; margin-right: 0px; margin-bottom: 15px; margin-left: 0px; line-height: 1.4em; font-size: 1.1em; text-align: justify; padding: 0px;\"><span style=\"color: #ffffff;\">&#8211;<\/span><\/p>\n<p style=\"margin-top: 5px; margin-right: 0px; margin-bottom: 15px; margin-left: 0px; line-height: 1.4em; font-size: 1.1em; text-align: justify; padding: 0px;\">\n<p style=\"margin-top: 5px; margin-right: 0px; margin-bottom: 15px; margin-left: 0px; line-height: 1.4em; font-size: 1.1em; text-align: justify; padding: 0px;\">\n<p style=\"margin-top: 5px; margin-right: 0px; margin-bottom: 15px; margin-left: 0px; line-height: 1.4em; font-size: 1.1em; text-align: justify; padding: 0px;\">Fr\u00e9d\u00e9ric<\/p>\n<p style=\"margin-top: 5px; margin-right: 0px; margin-bottom: 15px; margin-left: 0px; line-height: 1.4em; font-size: 1.1em; text-align: justify; padding: 0px;\">\n","protected":false},"excerpt":{"rendered":"<p>Philippe San Marco, \u00e9narque, ancien secr\u00e9taire g\u00e9n\u00e9ral de Gaston Defferre, conseiller r\u00e9gional Paca (1981-1986) et d\u00e9put\u00e9 des Bouchesdu- Rh\u00f4ne de 1981 \u00e0 1993. \u00c064 ans, ce vieux routier de la vie politique marseillaise et ancien membre du PS d\u00e9nonce les &hellip; <a href=\"https:\/\/www.frederic-poitou.com\/blog\/la-pieuvre-le-depute-et-les-deux-freres\/\">Lire la suite\u00ad\u00ad<\/a><\/p>\n","protected":false},"author":4,"featured_media":0,"comment_status":"open","ping_status":"open","sticky":false,"template":"","format":"standard","meta":{"kt_blocks_editor_width":"","_exactmetrics_skip_tracking":false,"_exactmetrics_sitenote_active":false,"_exactmetrics_sitenote_note":"","_exactmetrics_sitenote_category":0,"footnotes":""},"categories":[1],"tags":[50],"class_list":["post-5050","post","type-post","status-publish","format-standard","hentry","category-politique-economie","tag-politique-economie"],"yoast_head":"<!-- This site is optimized with the Yoast SEO plugin v27.1.1 - https:\/\/yoast.com\/product\/yoast-seo-wordpress\/ -->\n<title>LA PIEUVRE, LE DEPUTE, ET LES DEUX FRERES ... -<\/title>\n<meta name=\"robots\" content=\"index, follow, max-snippet:-1, max-image-preview:large, max-video-preview:-1\" \/>\n<link rel=\"canonical\" href=\"http:\/\/www.frederic-poitou.com\/blog\/la-pieuvre-le-depute-et-les-deux-freres\/\" \/>\n<meta property=\"og:locale\" content=\"fr_FR\" \/>\n<meta property=\"og:type\" content=\"article\" \/>\n<meta property=\"og:title\" content=\"LA PIEUVRE, LE DEPUTE, ET LES DEUX FRERES ... -\" \/>\n<meta property=\"og:description\" content=\"Philippe San Marco, \u00e9narque, ancien secr\u00e9taire g\u00e9n\u00e9ral de Gaston Defferre, conseiller r\u00e9gional Paca (1981-1986) et d\u00e9put\u00e9 des Bouchesdu- Rh\u00f4ne de 1981 \u00e0 1993. \u00c064 ans, ce vieux routier de la vie politique marseillaise et ancien membre du PS d\u00e9nonce les &hellip; Lire la suite\u00ad\u00ad\" \/>\n<meta property=\"og:url\" content=\"http:\/\/www.frederic-poitou.com\/blog\/la-pieuvre-le-depute-et-les-deux-freres\/\" \/>\n<meta property=\"article:publisher\" content=\"https:\/\/www.facebook.com\/frederic.poitou\/\" \/>\n<meta property=\"article:published_time\" content=\"2023-07-15T10:03:32+00:00\" \/>\n<meta property=\"article:modified_time\" content=\"2026-04-29T18:57:04+00:00\" \/>\n<meta property=\"og:image\" content=\"https:\/\/www.frederic-poitou.com\/blog\/wp-content\/montebourgguerini.jpg\" \/>\n\t<meta property=\"og:image:width\" content=\"494\" \/>\n\t<meta property=\"og:image:height\" content=\"351\" \/>\n\t<meta property=\"og:image:type\" content=\"image\/jpeg\" \/>\n<meta name=\"author\" content=\"Fr\u00e9d\u00e9ric Poitou\" \/>\n<meta name=\"twitter:card\" content=\"summary_large_image\" \/>\n<meta name=\"twitter:creator\" content=\"@fredericpoitou\" \/>\n<meta name=\"twitter:site\" content=\"@fredericpoitou\" \/>\n<meta name=\"twitter:label1\" content=\"\u00c9crit par\" \/>\n\t<meta name=\"twitter:data1\" content=\"Fr\u00e9d\u00e9ric Poitou\" \/>\n\t<meta name=\"twitter:label2\" content=\"Dur\u00e9e de lecture estim\u00e9e\" \/>\n\t<meta name=\"twitter:data2\" content=\"5 minutes\" \/>\n<script type=\"application\/ld+json\" class=\"yoast-schema-graph\">{\"@context\":\"https:\/\/schema.org\",\"@graph\":[{\"@type\":\"Article\",\"@id\":\"http:\/\/www.frederic-poitou.com\/blog\/la-pieuvre-le-depute-et-les-deux-freres\/#article\",\"isPartOf\":{\"@id\":\"http:\/\/www.frederic-poitou.com\/blog\/la-pieuvre-le-depute-et-les-deux-freres\/\"},\"author\":{\"name\":\"Fr\u00e9d\u00e9ric Poitou\",\"@id\":\"https:\/\/www.frederic-poitou.com\/blog\/#\/schema\/person\/e2c2d05e978747818533fdce859a7799\"},\"headline\":\"LA PIEUVRE, LE DEPUTE, ET LES DEUX FRERES &#8230;\",\"datePublished\":\"2023-07-15T10:03:32+00:00\",\"dateModified\":\"2026-04-29T18:57:04+00:00\",\"mainEntityOfPage\":{\"@id\":\"http:\/\/www.frederic-poitou.com\/blog\/la-pieuvre-le-depute-et-les-deux-freres\/\"},\"wordCount\":1092,\"commentCount\":0,\"image\":{\"@id\":\"http:\/\/www.frederic-poitou.com\/blog\/la-pieuvre-le-depute-et-les-deux-freres\/#primaryimage\"},\"thumbnailUrl\":\"http:\/\/www.frederic-poitou.com\/blog\/wp-content\/montebourgguerini.jpg\",\"keywords\":[\"Divers\"],\"articleSection\":[\"Divers\"],\"inLanguage\":\"fr-FR\",\"potentialAction\":[{\"@type\":\"CommentAction\",\"name\":\"Comment\",\"target\":[\"http:\/\/www.frederic-poitou.com\/blog\/la-pieuvre-le-depute-et-les-deux-freres\/#respond\"]}]},{\"@type\":\"WebPage\",\"@id\":\"http:\/\/www.frederic-poitou.com\/blog\/la-pieuvre-le-depute-et-les-deux-freres\/\",\"url\":\"http:\/\/www.frederic-poitou.com\/blog\/la-pieuvre-le-depute-et-les-deux-freres\/\",\"name\":\"LA PIEUVRE, LE DEPUTE, ET LES DEUX FRERES ... -\",\"isPartOf\":{\"@id\":\"https:\/\/www.frederic-poitou.com\/blog\/#website\"},\"primaryImageOfPage\":{\"@id\":\"http:\/\/www.frederic-poitou.com\/blog\/la-pieuvre-le-depute-et-les-deux-freres\/#primaryimage\"},\"image\":{\"@id\":\"http:\/\/www.frederic-poitou.com\/blog\/la-pieuvre-le-depute-et-les-deux-freres\/#primaryimage\"},\"thumbnailUrl\":\"http:\/\/www.frederic-poitou.com\/blog\/wp-content\/montebourgguerini.jpg\",\"datePublished\":\"2023-07-15T10:03:32+00:00\",\"dateModified\":\"2026-04-29T18:57:04+00:00\",\"author\":{\"@id\":\"https:\/\/www.frederic-poitou.com\/blog\/#\/schema\/person\/e2c2d05e978747818533fdce859a7799\"},\"breadcrumb\":{\"@id\":\"http:\/\/www.frederic-poitou.com\/blog\/la-pieuvre-le-depute-et-les-deux-freres\/#breadcrumb\"},\"inLanguage\":\"fr-FR\",\"potentialAction\":[{\"@type\":\"ReadAction\",\"target\":[\"http:\/\/www.frederic-poitou.com\/blog\/la-pieuvre-le-depute-et-les-deux-freres\/\"]}]},{\"@type\":\"ImageObject\",\"inLanguage\":\"fr-FR\",\"@id\":\"http:\/\/www.frederic-poitou.com\/blog\/la-pieuvre-le-depute-et-les-deux-freres\/#primaryimage\",\"url\":\"https:\/\/www.frederic-poitou.com\/blog\/wp-content\/montebourgguerini.jpg\",\"contentUrl\":\"https:\/\/www.frederic-poitou.com\/blog\/wp-content\/montebourgguerini.jpg\",\"width\":\"494\",\"height\":\"351\"},{\"@type\":\"BreadcrumbList\",\"@id\":\"http:\/\/www.frederic-poitou.com\/blog\/la-pieuvre-le-depute-et-les-deux-freres\/#breadcrumb\",\"itemListElement\":[{\"@type\":\"ListItem\",\"position\":1,\"name\":\"Accueil\",\"item\":\"https:\/\/www.frederic-poitou.com\/blog\/\"},{\"@type\":\"ListItem\",\"position\":2,\"name\":\"LA PIEUVRE, LE DEPUTE, ET LES DEUX FRERES &#8230;\"}]},{\"@type\":\"WebSite\",\"@id\":\"https:\/\/www.frederic-poitou.com\/blog\/#website\",\"url\":\"https:\/\/www.frederic-poitou.com\/blog\/\",\"name\":\"\",\"description\":\"\",\"potentialAction\":[{\"@type\":\"SearchAction\",\"target\":{\"@type\":\"EntryPoint\",\"urlTemplate\":\"https:\/\/www.frederic-poitou.com\/blog\/?s={search_term_string}\"},\"query-input\":{\"@type\":\"PropertyValueSpecification\",\"valueRequired\":true,\"valueName\":\"search_term_string\"}}],\"inLanguage\":\"fr-FR\"},{\"@type\":\"Person\",\"@id\":\"https:\/\/www.frederic-poitou.com\/blog\/#\/schema\/person\/e2c2d05e978747818533fdce859a7799\",\"name\":\"Fr\u00e9d\u00e9ric Poitou\",\"image\":{\"@type\":\"ImageObject\",\"inLanguage\":\"fr-FR\",\"@id\":\"https:\/\/www.frederic-poitou.com\/blog\/#\/schema\/person\/image\/\",\"url\":\"https:\/\/secure.gravatar.com\/avatar\/1933bcca279a2feafd35d9e0a080c521e11beb51115fe4cfe02e2586ac13424a?s=96&d=mm&r=g\",\"contentUrl\":\"https:\/\/secure.gravatar.com\/avatar\/1933bcca279a2feafd35d9e0a080c521e11beb51115fe4cfe02e2586ac13424a?s=96&d=mm&r=g\",\"caption\":\"Fr\u00e9d\u00e9ric Poitou\"},\"description\":\"Fr\u00e9d\u00e9ric Poitou est n\u00e9 \u00e0 Rouen, et y a fait des \u00e9tudes au Conservatoire en musique-\u00e9tudes en section piano. Il s'est ensuite orient\u00e9 vers des \u00e9tudes scientifiques o\u00f9 il a obtenu un dipl\u00f4me d'ing\u00e9nieur, puis un doctorat en Chimie. Il est Expert Judiciaire en France, en Belgique et \u00e0 Luxembourg, et agr\u00e9e par les Institutions Europ\u00e9ennes.\",\"sameAs\":[\"http:\/\/www.frederic-poitou.com\",\"https:\/\/www.linkedin.com\/in\/frederic-poitou-b045a025\/\"]}]}<\/script>\n<!-- \/ Yoast SEO plugin. -->","yoast_head_json":{"title":"LA PIEUVRE, LE DEPUTE, ET LES DEUX FRERES ... -","robots":{"index":"index","follow":"follow","max-snippet":"max-snippet:-1","max-image-preview":"max-image-preview:large","max-video-preview":"max-video-preview:-1"},"canonical":"http:\/\/www.frederic-poitou.com\/blog\/la-pieuvre-le-depute-et-les-deux-freres\/","og_locale":"fr_FR","og_type":"article","og_title":"LA PIEUVRE, LE DEPUTE, ET LES DEUX FRERES ... -","og_description":"Philippe San Marco, \u00e9narque, ancien secr\u00e9taire g\u00e9n\u00e9ral de Gaston Defferre, conseiller r\u00e9gional Paca (1981-1986) et d\u00e9put\u00e9 des Bouchesdu- Rh\u00f4ne de 1981 \u00e0 1993. \u00c064 ans, ce vieux routier de la vie politique marseillaise et ancien membre du PS d\u00e9nonce les &hellip; Lire la suite\u00ad\u00ad","og_url":"http:\/\/www.frederic-poitou.com\/blog\/la-pieuvre-le-depute-et-les-deux-freres\/","article_publisher":"https:\/\/www.facebook.com\/frederic.poitou\/","article_published_time":"2023-07-15T10:03:32+00:00","article_modified_time":"2026-04-29T18:57:04+00:00","og_image":[{"width":494,"height":351,"url":"https:\/\/www.frederic-poitou.com\/blog\/wp-content\/montebourgguerini.jpg","type":"image\/jpeg"}],"author":"Fr\u00e9d\u00e9ric Poitou","twitter_card":"summary_large_image","twitter_creator":"@fredericpoitou","twitter_site":"@fredericpoitou","twitter_misc":{"\u00c9crit par":"Fr\u00e9d\u00e9ric Poitou","Dur\u00e9e de lecture estim\u00e9e":"5 minutes"},"schema":{"@context":"https:\/\/schema.org","@graph":[{"@type":"Article","@id":"http:\/\/www.frederic-poitou.com\/blog\/la-pieuvre-le-depute-et-les-deux-freres\/#article","isPartOf":{"@id":"http:\/\/www.frederic-poitou.com\/blog\/la-pieuvre-le-depute-et-les-deux-freres\/"},"author":{"name":"Fr\u00e9d\u00e9ric Poitou","@id":"https:\/\/www.frederic-poitou.com\/blog\/#\/schema\/person\/e2c2d05e978747818533fdce859a7799"},"headline":"LA PIEUVRE, LE DEPUTE, ET LES DEUX FRERES &#8230;","datePublished":"2023-07-15T10:03:32+00:00","dateModified":"2026-04-29T18:57:04+00:00","mainEntityOfPage":{"@id":"http:\/\/www.frederic-poitou.com\/blog\/la-pieuvre-le-depute-et-les-deux-freres\/"},"wordCount":1092,"commentCount":0,"image":{"@id":"http:\/\/www.frederic-poitou.com\/blog\/la-pieuvre-le-depute-et-les-deux-freres\/#primaryimage"},"thumbnailUrl":"http:\/\/www.frederic-poitou.com\/blog\/wp-content\/montebourgguerini.jpg","keywords":["Divers"],"articleSection":["Divers"],"inLanguage":"fr-FR","potentialAction":[{"@type":"CommentAction","name":"Comment","target":["http:\/\/www.frederic-poitou.com\/blog\/la-pieuvre-le-depute-et-les-deux-freres\/#respond"]}]},{"@type":"WebPage","@id":"http:\/\/www.frederic-poitou.com\/blog\/la-pieuvre-le-depute-et-les-deux-freres\/","url":"http:\/\/www.frederic-poitou.com\/blog\/la-pieuvre-le-depute-et-les-deux-freres\/","name":"LA PIEUVRE, LE DEPUTE, ET LES DEUX FRERES ... -","isPartOf":{"@id":"https:\/\/www.frederic-poitou.com\/blog\/#website"},"primaryImageOfPage":{"@id":"http:\/\/www.frederic-poitou.com\/blog\/la-pieuvre-le-depute-et-les-deux-freres\/#primaryimage"},"image":{"@id":"http:\/\/www.frederic-poitou.com\/blog\/la-pieuvre-le-depute-et-les-deux-freres\/#primaryimage"},"thumbnailUrl":"http:\/\/www.frederic-poitou.com\/blog\/wp-content\/montebourgguerini.jpg","datePublished":"2023-07-15T10:03:32+00:00","dateModified":"2026-04-29T18:57:04+00:00","author":{"@id":"https:\/\/www.frederic-poitou.com\/blog\/#\/schema\/person\/e2c2d05e978747818533fdce859a7799"},"breadcrumb":{"@id":"http:\/\/www.frederic-poitou.com\/blog\/la-pieuvre-le-depute-et-les-deux-freres\/#breadcrumb"},"inLanguage":"fr-FR","potentialAction":[{"@type":"ReadAction","target":["http:\/\/www.frederic-poitou.com\/blog\/la-pieuvre-le-depute-et-les-deux-freres\/"]}]},{"@type":"ImageObject","inLanguage":"fr-FR","@id":"http:\/\/www.frederic-poitou.com\/blog\/la-pieuvre-le-depute-et-les-deux-freres\/#primaryimage","url":"https:\/\/www.frederic-poitou.com\/blog\/wp-content\/montebourgguerini.jpg","contentUrl":"https:\/\/www.frederic-poitou.com\/blog\/wp-content\/montebourgguerini.jpg","width":"494","height":"351"},{"@type":"BreadcrumbList","@id":"http:\/\/www.frederic-poitou.com\/blog\/la-pieuvre-le-depute-et-les-deux-freres\/#breadcrumb","itemListElement":[{"@type":"ListItem","position":1,"name":"Accueil","item":"https:\/\/www.frederic-poitou.com\/blog\/"},{"@type":"ListItem","position":2,"name":"LA PIEUVRE, LE DEPUTE, ET LES DEUX FRERES &#8230;"}]},{"@type":"WebSite","@id":"https:\/\/www.frederic-poitou.com\/blog\/#website","url":"https:\/\/www.frederic-poitou.com\/blog\/","name":"","description":"","potentialAction":[{"@type":"SearchAction","target":{"@type":"EntryPoint","urlTemplate":"https:\/\/www.frederic-poitou.com\/blog\/?s={search_term_string}"},"query-input":{"@type":"PropertyValueSpecification","valueRequired":true,"valueName":"search_term_string"}}],"inLanguage":"fr-FR"},{"@type":"Person","@id":"https:\/\/www.frederic-poitou.com\/blog\/#\/schema\/person\/e2c2d05e978747818533fdce859a7799","name":"Fr\u00e9d\u00e9ric Poitou","image":{"@type":"ImageObject","inLanguage":"fr-FR","@id":"https:\/\/www.frederic-poitou.com\/blog\/#\/schema\/person\/image\/","url":"https:\/\/secure.gravatar.com\/avatar\/1933bcca279a2feafd35d9e0a080c521e11beb51115fe4cfe02e2586ac13424a?s=96&d=mm&r=g","contentUrl":"https:\/\/secure.gravatar.com\/avatar\/1933bcca279a2feafd35d9e0a080c521e11beb51115fe4cfe02e2586ac13424a?s=96&d=mm&r=g","caption":"Fr\u00e9d\u00e9ric Poitou"},"description":"Fr\u00e9d\u00e9ric Poitou est n\u00e9 \u00e0 Rouen, et y a fait des \u00e9tudes au Conservatoire en musique-\u00e9tudes en section piano. Il s'est ensuite orient\u00e9 vers des \u00e9tudes scientifiques o\u00f9 il a obtenu un dipl\u00f4me d'ing\u00e9nieur, puis un doctorat en Chimie. Il est Expert Judiciaire en France, en Belgique et \u00e0 Luxembourg, et agr\u00e9e par les Institutions Europ\u00e9ennes.","sameAs":["http:\/\/www.frederic-poitou.com","https:\/\/www.linkedin.com\/in\/frederic-poitou-b045a025\/"]}]}},"_links":{"self":[{"href":"https:\/\/www.frederic-poitou.com\/blog\/wp-json\/wp\/v2\/posts\/5050","targetHints":{"allow":["GET"]}}],"collection":[{"href":"https:\/\/www.frederic-poitou.com\/blog\/wp-json\/wp\/v2\/posts"}],"about":[{"href":"https:\/\/www.frederic-poitou.com\/blog\/wp-json\/wp\/v2\/types\/post"}],"author":[{"embeddable":true,"href":"https:\/\/www.frederic-poitou.com\/blog\/wp-json\/wp\/v2\/users\/4"}],"replies":[{"embeddable":true,"href":"https:\/\/www.frederic-poitou.com\/blog\/wp-json\/wp\/v2\/comments?post=5050"}],"version-history":[{"count":1,"href":"https:\/\/www.frederic-poitou.com\/blog\/wp-json\/wp\/v2\/posts\/5050\/revisions"}],"predecessor-version":[{"id":10191,"href":"https:\/\/www.frederic-poitou.com\/blog\/wp-json\/wp\/v2\/posts\/5050\/revisions\/10191"}],"wp:attachment":[{"href":"https:\/\/www.frederic-poitou.com\/blog\/wp-json\/wp\/v2\/media?parent=5050"}],"wp:term":[{"taxonomy":"category","embeddable":true,"href":"https:\/\/www.frederic-poitou.com\/blog\/wp-json\/wp\/v2\/categories?post=5050"},{"taxonomy":"post_tag","embeddable":true,"href":"https:\/\/www.frederic-poitou.com\/blog\/wp-json\/wp\/v2\/tags?post=5050"}],"curies":[{"name":"wp","href":"https:\/\/api.w.org\/{rel}","templated":true}]}}