{"id":5040,"date":"2023-07-15T01:33:32","date_gmt":"2023-07-14T23:33:32","guid":{"rendered":"http:\/\/www.frederic-poitou.com\/blog\/?p=5040"},"modified":"2026-04-24T09:21:10","modified_gmt":"2026-04-24T07:21:10","slug":"les-subventions-refusees-par-jean-pierre-maggi","status":"publish","type":"post","link":"https:\/\/www.frederic-poitou.com\/blog\/les-subventions-refusees-par-jean-pierre-maggi\/","title":{"rendered":"LES SUBVENTIONS REFUS\u00c9ES PAR JEAN-PIERRE MAGGI &#8230;"},"content":{"rendered":"<p><img loading=\"lazy\" decoding=\"async\" class=\"size-full wp-image-5047 alignleft\" style=\"margin: 10px; border: 10px solid black;\" title=\"6731162-jpeg_preview_medium\" src=\"http:\/\/www.frederic-poitou.com\/blog\/wp-content\/6731162-jpeg_preview_medium.jpg\" alt=\"6731162-jpeg_preview_medium\" width=\"160\" height=\"120\" \/>Les \u00e9lections cantonales approchent, et voici un Conseil Municipal qui a du courage.<\/p>\n<p>J&rsquo;aurais aim\u00e9 que d&rsquo;autres conseils municipaux puisse prendre de telles positions, mais ce n&rsquo;est pas le cas.<\/p>\n<p>Alors, m\u00eame si mon blog doit \u00eatre de nouveau pirat\u00e9, voici ce qu&rsquo;ont \u00e9crit mes courageux coll\u00e8gues du Conseil Municipal de Cornillon.<\/p>\n<p>&#8211;<\/p>\n<p>&#8211;<\/p>\n<p>&#8211;<\/p>\n<p style=\"text-align: center;\"><img loading=\"lazy\" decoding=\"async\" class=\"aligncenter size-full wp-image-5041\" title=\"unnamed1\" src=\"http:\/\/www.frederic-poitou.com\/blog\/wp-content\/unnamed11.jpg\" alt=\"unnamed1\" width=\"674\" height=\"952\" \/><\/p>\n<p>&#8211;<\/p>\n<p>&#8211;<\/p>\n<p style=\"text-align: center;\"><img loading=\"lazy\" decoding=\"async\" class=\"aligncenter size-full wp-image-5042\" title=\"unnamed2\" src=\"http:\/\/www.frederic-poitou.com\/blog\/wp-content\/unnamed21.jpg\" alt=\"unnamed2\" width=\"674\" height=\"952\" \/><\/p>\n<p><span style=\"color: #ffffff;\">&#8211;<\/span><\/p>\n<p><span style=\"color: #ffffff;\">&#8211;<\/span><\/p>\n<p>Enfin, le meilleur pour la fin, voici le d\u00e9tail de ce qui a \u00e9t\u00e9 refus\u00e9 par notre Conseiller G\u00e9n\u00e9ral. \u00ab\u00a0je vous donne &#8230;\u00a0\u00bb, \u00ab\u00a0je ne vous donne pas &#8230;\u00a0\u00bb.<\/p>\n<p>Combien de fois a t on entendu ca aussi \u00e0 Coudoux, lors des r\u00e9unions de flatterie \u00e0 notre conseiller g\u00e9n\u00e9ral. Ces r\u00e9unions o\u00f9 il arrose de bons mots l&rsquo;assistance, et o\u00f9 il distille :<\/p>\n<p>Ici, un centre a\u00e9r\u00e9 : <em>J&rsquo;ai donn\u00e9 X milliers d&rsquo;Euros<\/em><\/p>\n<p>Ici, une caserne de pompier : J<em>&lsquo;ai donn\u00e9 Y milliers d&rsquo;Euros<\/em><\/p>\n<p>un peu comme si ces sous \u00e9taient les siens (faut dire que dans le syst\u00e8me Gu\u00e9rini, c&rsquo;est un peu ce que l&rsquo;on pense !). Mais ces sous, ces subventions, ne sont pas les siennes &#8230; Ce sont les n\u00f4tres !<\/p>\n<p><span style=\"color: #ffffff;\">&#8212;<\/span><\/p>\n<p><span style=\"color: #ffffff;\">&#8212;<\/span><\/p>\n<p style=\"text-align: center;\"><img loading=\"lazy\" decoding=\"async\" class=\"aligncenter size-full wp-image-5043\" title=\"unnamed3\" src=\"http:\/\/www.frederic-poitou.com\/blog\/wp-content\/unnamed31.jpg\" alt=\"unnamed3\" width=\"804\" height=\"374\" srcset=\"https:\/\/www.frederic-poitou.com\/blog\/wp-content\/unnamed31.jpg 804w, https:\/\/www.frederic-poitou.com\/blog\/wp-content\/unnamed31-300x139.jpg 300w\" sizes=\"auto, (max-width: 804px) 100vw, 804px\" \/><\/p>\n<p style=\"text-align: center;\">\n<p style=\"text-align: justify;\">Quant aux hackers qui s&rsquo;amusent \u00e0 me pirater mon blog je leur donne un tuyau. Plus ils le pirateront, plus il se d\u00e9multipliera \u00e0 l&rsquo;infini sur d&rsquo;autres adresses, et plus ils justifient son existence. On ne pirate en effet jamais un blog sans int\u00e9r\u00eat !<\/p>\n<p style=\"text-align: justify;\">Quand je pense que dans ma propre commune, certains courriels circulent, exp\u00e9di\u00e9s par des camarades socialistes, avec de minables montages, pour tenter de donner des le\u00e7ons de moralit\u00e9 ! On croit r\u00eaver.<\/p>\n<p style=\"text-align: justify;\">Mesdames et Messieurs les socialistes des Bouches du Rh\u00f4ne, je respecte vos id\u00e9es, pas les m\u00e9thodes de Jean-Noel Gu\u00e9rini, votre patron. Qu&rsquo;elles soient destin\u00e9es \u00e0 faire \u00e9lire Martine Aubry, qu&rsquo;elles soient destin\u00e9es \u00e0 le faire \u00e9lire Pr\u00e9sident de la f\u00e9d\u00e9ration, ou qu&rsquo;elles soient destin\u00e9es \u00e0 favoriser tel ou telle crapule dans le cadre de march\u00e9s publics.<\/p>\n<p style=\"text-align: justify;\"><span style=\"color: #ffffff;\">&#8211;<\/span><\/p>\n<p style=\"text-align: justify;\">Messieurs les responsables socialistes du D\u00e9partement :<\/p>\n<p style=\"text-align: justify;\"><em>\u00ab\u00a0Ce sont mes sous que vous gaspillez, et ce sont les convictions des militants socialistes honn\u00eates, et qui croient en vous, que vous trahissez.\u00a0\u00bb<\/em><\/p>\n<p style=\"text-align: justify;\">\n<p style=\"text-align: justify;\"><span style=\"color: #ffffff;\">&#8211;<\/span><\/p>\n<p style=\"text-align: justify;\">Fr\u00e9d\u00e9ric<\/p>\n<p style=\"text-align: center;\"><span style=\"color: #ffffff;\">&#8211;<\/span><\/p>\n<p style=\"text-align: center;\"><span style=\"color: #ffffff;\">&#8211;<\/span><\/p>\n<p style=\"text-align: center;\"><span style=\"color: #ffffff;\">&#8211;<\/span><\/p>\n<p style=\"text-align: center;\">\n","protected":false},"excerpt":{"rendered":"<p>Les \u00e9lections cantonales approchent, et voici un Conseil Municipal qui a du courage. J&rsquo;aurais aim\u00e9 que d&rsquo;autres conseils municipaux puisse prendre de telles positions, mais ce n&rsquo;est pas le cas. Alors, m\u00eame si mon blog doit \u00eatre de nouveau pirat\u00e9, &hellip; <a href=\"https:\/\/www.frederic-poitou.com\/blog\/les-subventions-refusees-par-jean-pierre-maggi\/\">Lire la suite\u00ad\u00ad<\/a><\/p>\n","protected":false},"author":4,"featured_media":0,"comment_status":"open","ping_status":"open","sticky":false,"template":"","format":"standard","meta":{"kt_blocks_editor_width":"","_exactmetrics_skip_tracking":false,"_exactmetrics_sitenote_active":false,"_exactmetrics_sitenote_note":"","_exactmetrics_sitenote_category":0,"footnotes":""},"categories":[48],"tags":[27],"class_list":["post-5040","post","type-post","status-publish","format-standard","hentry","category-accueil","tag-actualite"],"yoast_head":"<!-- This site is optimized with the Yoast SEO plugin v27.1.1 - https:\/\/yoast.com\/product\/yoast-seo-wordpress\/ -->\n<title>LES SUBVENTIONS REFUS\u00c9ES PAR JEAN-PIERRE MAGGI ... -<\/title>\n<meta name=\"robots\" content=\"index, follow, max-snippet:-1, max-image-preview:large, max-video-preview:-1\" \/>\n<link rel=\"canonical\" href=\"https:\/\/www.frederic-poitou.com\/blog\/les-subventions-refusees-par-jean-pierre-maggi\/\" \/>\n<meta property=\"og:locale\" content=\"fr_FR\" \/>\n<meta property=\"og:type\" content=\"article\" \/>\n<meta property=\"og:title\" content=\"LES SUBVENTIONS REFUS\u00c9ES PAR JEAN-PIERRE MAGGI ... -\" \/>\n<meta property=\"og:description\" content=\"Les \u00e9lections cantonales approchent, et voici un Conseil Municipal qui a du courage. J&rsquo;aurais aim\u00e9 que d&rsquo;autres conseils municipaux puisse prendre de telles positions, mais ce n&rsquo;est pas le cas. Alors, m\u00eame si mon blog doit \u00eatre de nouveau pirat\u00e9, &hellip; Lire la suite\u00ad\u00ad\" \/>\n<meta property=\"og:url\" content=\"https:\/\/www.frederic-poitou.com\/blog\/les-subventions-refusees-par-jean-pierre-maggi\/\" \/>\n<meta property=\"article:publisher\" content=\"https:\/\/www.facebook.com\/frederic.poitou\/\" \/>\n<meta property=\"article:published_time\" content=\"2023-07-14T23:33:32+00:00\" \/>\n<meta property=\"article:modified_time\" content=\"2026-04-24T07:21:10+00:00\" \/>\n<meta property=\"og:image\" content=\"http:\/\/www.frederic-poitou.com\/blog\/wp-content\/6731162-jpeg_preview_medium.jpg\" \/>\n<meta name=\"author\" content=\"Fr\u00e9d\u00e9ric Poitou\" \/>\n<meta name=\"twitter:card\" content=\"summary_large_image\" \/>\n<meta name=\"twitter:creator\" content=\"@fredericpoitou\" \/>\n<meta name=\"twitter:site\" content=\"@fredericpoitou\" \/>\n<meta name=\"twitter:label1\" content=\"\u00c9crit par\" \/>\n\t<meta name=\"twitter:data1\" content=\"Fr\u00e9d\u00e9ric Poitou\" \/>\n\t<meta name=\"twitter:label2\" content=\"Dur\u00e9e de lecture estim\u00e9e\" \/>\n\t<meta name=\"twitter:data2\" content=\"2 minutes\" \/>\n<script type=\"application\/ld+json\" class=\"yoast-schema-graph\">{\"@context\":\"https:\/\/schema.org\",\"@graph\":[{\"@type\":\"Article\",\"@id\":\"https:\/\/www.frederic-poitou.com\/blog\/les-subventions-refusees-par-jean-pierre-maggi\/#article\",\"isPartOf\":{\"@id\":\"https:\/\/www.frederic-poitou.com\/blog\/les-subventions-refusees-par-jean-pierre-maggi\/\"},\"author\":{\"name\":\"Fr\u00e9d\u00e9ric Poitou\",\"@id\":\"http:\/\/www.frederic-poitou.com\/blog\/#\/schema\/person\/e2c2d05e978747818533fdce859a7799\"},\"headline\":\"LES SUBVENTIONS REFUS\u00c9ES PAR JEAN-PIERRE MAGGI &#8230;\",\"datePublished\":\"2023-07-14T23:33:32+00:00\",\"dateModified\":\"2026-04-24T07:21:10+00:00\",\"mainEntityOfPage\":{\"@id\":\"https:\/\/www.frederic-poitou.com\/blog\/les-subventions-refusees-par-jean-pierre-maggi\/\"},\"wordCount\":395,\"commentCount\":0,\"image\":{\"@id\":\"https:\/\/www.frederic-poitou.com\/blog\/les-subventions-refusees-par-jean-pierre-maggi\/#primaryimage\"},\"thumbnailUrl\":\"http:\/\/www.frederic-poitou.com\/blog\/wp-content\/6731162-jpeg_preview_medium.jpg\",\"keywords\":[\"Actualit\u00e9\"],\"articleSection\":[\"Accueil\"],\"inLanguage\":\"fr-FR\",\"potentialAction\":[{\"@type\":\"CommentAction\",\"name\":\"Comment\",\"target\":[\"https:\/\/www.frederic-poitou.com\/blog\/les-subventions-refusees-par-jean-pierre-maggi\/#respond\"]}]},{\"@type\":\"WebPage\",\"@id\":\"https:\/\/www.frederic-poitou.com\/blog\/les-subventions-refusees-par-jean-pierre-maggi\/\",\"url\":\"https:\/\/www.frederic-poitou.com\/blog\/les-subventions-refusees-par-jean-pierre-maggi\/\",\"name\":\"LES SUBVENTIONS REFUS\u00c9ES PAR JEAN-PIERRE MAGGI ... -\",\"isPartOf\":{\"@id\":\"http:\/\/www.frederic-poitou.com\/blog\/#website\"},\"primaryImageOfPage\":{\"@id\":\"https:\/\/www.frederic-poitou.com\/blog\/les-subventions-refusees-par-jean-pierre-maggi\/#primaryimage\"},\"image\":{\"@id\":\"https:\/\/www.frederic-poitou.com\/blog\/les-subventions-refusees-par-jean-pierre-maggi\/#primaryimage\"},\"thumbnailUrl\":\"http:\/\/www.frederic-poitou.com\/blog\/wp-content\/6731162-jpeg_preview_medium.jpg\",\"datePublished\":\"2023-07-14T23:33:32+00:00\",\"dateModified\":\"2026-04-24T07:21:10+00:00\",\"author\":{\"@id\":\"http:\/\/www.frederic-poitou.com\/blog\/#\/schema\/person\/e2c2d05e978747818533fdce859a7799\"},\"breadcrumb\":{\"@id\":\"https:\/\/www.frederic-poitou.com\/blog\/les-subventions-refusees-par-jean-pierre-maggi\/#breadcrumb\"},\"inLanguage\":\"fr-FR\",\"potentialAction\":[{\"@type\":\"ReadAction\",\"target\":[\"https:\/\/www.frederic-poitou.com\/blog\/les-subventions-refusees-par-jean-pierre-maggi\/\"]}]},{\"@type\":\"ImageObject\",\"inLanguage\":\"fr-FR\",\"@id\":\"https:\/\/www.frederic-poitou.com\/blog\/les-subventions-refusees-par-jean-pierre-maggi\/#primaryimage\",\"url\":\"https:\/\/www.frederic-poitou.com\/blog\/wp-content\/6731162-jpeg_preview_medium.jpg\",\"contentUrl\":\"https:\/\/www.frederic-poitou.com\/blog\/wp-content\/6731162-jpeg_preview_medium.jpg\",\"width\":\"160\",\"height\":\"120\"},{\"@type\":\"BreadcrumbList\",\"@id\":\"https:\/\/www.frederic-poitou.com\/blog\/les-subventions-refusees-par-jean-pierre-maggi\/#breadcrumb\",\"itemListElement\":[{\"@type\":\"ListItem\",\"position\":1,\"name\":\"Accueil\",\"item\":\"http:\/\/www.frederic-poitou.com\/blog\/\"},{\"@type\":\"ListItem\",\"position\":2,\"name\":\"LES SUBVENTIONS REFUS\u00c9ES PAR JEAN-PIERRE MAGGI &#8230;\"}]},{\"@type\":\"WebSite\",\"@id\":\"http:\/\/www.frederic-poitou.com\/blog\/#website\",\"url\":\"http:\/\/www.frederic-poitou.com\/blog\/\",\"name\":\"\",\"description\":\"\",\"potentialAction\":[{\"@type\":\"SearchAction\",\"target\":{\"@type\":\"EntryPoint\",\"urlTemplate\":\"http:\/\/www.frederic-poitou.com\/blog\/?s={search_term_string}\"},\"query-input\":{\"@type\":\"PropertyValueSpecification\",\"valueRequired\":true,\"valueName\":\"search_term_string\"}}],\"inLanguage\":\"fr-FR\"},{\"@type\":\"Person\",\"@id\":\"http:\/\/www.frederic-poitou.com\/blog\/#\/schema\/person\/e2c2d05e978747818533fdce859a7799\",\"name\":\"Fr\u00e9d\u00e9ric Poitou\",\"image\":{\"@type\":\"ImageObject\",\"inLanguage\":\"fr-FR\",\"@id\":\"http:\/\/www.frederic-poitou.com\/blog\/#\/schema\/person\/image\/\",\"url\":\"https:\/\/secure.gravatar.com\/avatar\/1933bcca279a2feafd35d9e0a080c521e11beb51115fe4cfe02e2586ac13424a?s=96&d=mm&r=g\",\"contentUrl\":\"https:\/\/secure.gravatar.com\/avatar\/1933bcca279a2feafd35d9e0a080c521e11beb51115fe4cfe02e2586ac13424a?s=96&d=mm&r=g\",\"caption\":\"Fr\u00e9d\u00e9ric Poitou\"},\"description\":\"Fr\u00e9d\u00e9ric Poitou est n\u00e9 \u00e0 Rouen, et y a fait des \u00e9tudes au Conservatoire en musique-\u00e9tudes en section piano. Il s'est ensuite orient\u00e9 vers des \u00e9tudes scientifiques o\u00f9 il a obtenu un dipl\u00f4me d'ing\u00e9nieur, puis un doctorat en Chimie. Il est Expert Judiciaire en France, en Belgique et \u00e0 Luxembourg, et agr\u00e9e par les Institutions Europ\u00e9ennes.\",\"sameAs\":[\"http:\/\/www.frederic-poitou.com\",\"https:\/\/www.linkedin.com\/in\/frederic-poitou-b045a025\/\"]}]}<\/script>\n<!-- \/ Yoast SEO plugin. -->","yoast_head_json":{"title":"LES SUBVENTIONS REFUS\u00c9ES PAR JEAN-PIERRE MAGGI ... -","robots":{"index":"index","follow":"follow","max-snippet":"max-snippet:-1","max-image-preview":"max-image-preview:large","max-video-preview":"max-video-preview:-1"},"canonical":"https:\/\/www.frederic-poitou.com\/blog\/les-subventions-refusees-par-jean-pierre-maggi\/","og_locale":"fr_FR","og_type":"article","og_title":"LES SUBVENTIONS REFUS\u00c9ES PAR JEAN-PIERRE MAGGI ... -","og_description":"Les \u00e9lections cantonales approchent, et voici un Conseil Municipal qui a du courage. J&rsquo;aurais aim\u00e9 que d&rsquo;autres conseils municipaux puisse prendre de telles positions, mais ce n&rsquo;est pas le cas. Alors, m\u00eame si mon blog doit \u00eatre de nouveau pirat\u00e9, &hellip; Lire la suite\u00ad\u00ad","og_url":"https:\/\/www.frederic-poitou.com\/blog\/les-subventions-refusees-par-jean-pierre-maggi\/","article_publisher":"https:\/\/www.facebook.com\/frederic.poitou\/","article_published_time":"2023-07-14T23:33:32+00:00","article_modified_time":"2026-04-24T07:21:10+00:00","og_image":[{"url":"http:\/\/www.frederic-poitou.com\/blog\/wp-content\/6731162-jpeg_preview_medium.jpg","type":"","width":"","height":""}],"author":"Fr\u00e9d\u00e9ric Poitou","twitter_card":"summary_large_image","twitter_creator":"@fredericpoitou","twitter_site":"@fredericpoitou","twitter_misc":{"\u00c9crit par":"Fr\u00e9d\u00e9ric Poitou","Dur\u00e9e de lecture estim\u00e9e":"2 minutes"},"schema":{"@context":"https:\/\/schema.org","@graph":[{"@type":"Article","@id":"https:\/\/www.frederic-poitou.com\/blog\/les-subventions-refusees-par-jean-pierre-maggi\/#article","isPartOf":{"@id":"https:\/\/www.frederic-poitou.com\/blog\/les-subventions-refusees-par-jean-pierre-maggi\/"},"author":{"name":"Fr\u00e9d\u00e9ric Poitou","@id":"http:\/\/www.frederic-poitou.com\/blog\/#\/schema\/person\/e2c2d05e978747818533fdce859a7799"},"headline":"LES SUBVENTIONS REFUS\u00c9ES PAR JEAN-PIERRE MAGGI &#8230;","datePublished":"2023-07-14T23:33:32+00:00","dateModified":"2026-04-24T07:21:10+00:00","mainEntityOfPage":{"@id":"https:\/\/www.frederic-poitou.com\/blog\/les-subventions-refusees-par-jean-pierre-maggi\/"},"wordCount":395,"commentCount":0,"image":{"@id":"https:\/\/www.frederic-poitou.com\/blog\/les-subventions-refusees-par-jean-pierre-maggi\/#primaryimage"},"thumbnailUrl":"http:\/\/www.frederic-poitou.com\/blog\/wp-content\/6731162-jpeg_preview_medium.jpg","keywords":["Actualit\u00e9"],"articleSection":["Accueil"],"inLanguage":"fr-FR","potentialAction":[{"@type":"CommentAction","name":"Comment","target":["https:\/\/www.frederic-poitou.com\/blog\/les-subventions-refusees-par-jean-pierre-maggi\/#respond"]}]},{"@type":"WebPage","@id":"https:\/\/www.frederic-poitou.com\/blog\/les-subventions-refusees-par-jean-pierre-maggi\/","url":"https:\/\/www.frederic-poitou.com\/blog\/les-subventions-refusees-par-jean-pierre-maggi\/","name":"LES SUBVENTIONS REFUS\u00c9ES PAR JEAN-PIERRE MAGGI ... -","isPartOf":{"@id":"http:\/\/www.frederic-poitou.com\/blog\/#website"},"primaryImageOfPage":{"@id":"https:\/\/www.frederic-poitou.com\/blog\/les-subventions-refusees-par-jean-pierre-maggi\/#primaryimage"},"image":{"@id":"https:\/\/www.frederic-poitou.com\/blog\/les-subventions-refusees-par-jean-pierre-maggi\/#primaryimage"},"thumbnailUrl":"http:\/\/www.frederic-poitou.com\/blog\/wp-content\/6731162-jpeg_preview_medium.jpg","datePublished":"2023-07-14T23:33:32+00:00","dateModified":"2026-04-24T07:21:10+00:00","author":{"@id":"http:\/\/www.frederic-poitou.com\/blog\/#\/schema\/person\/e2c2d05e978747818533fdce859a7799"},"breadcrumb":{"@id":"https:\/\/www.frederic-poitou.com\/blog\/les-subventions-refusees-par-jean-pierre-maggi\/#breadcrumb"},"inLanguage":"fr-FR","potentialAction":[{"@type":"ReadAction","target":["https:\/\/www.frederic-poitou.com\/blog\/les-subventions-refusees-par-jean-pierre-maggi\/"]}]},{"@type":"ImageObject","inLanguage":"fr-FR","@id":"https:\/\/www.frederic-poitou.com\/blog\/les-subventions-refusees-par-jean-pierre-maggi\/#primaryimage","url":"https:\/\/www.frederic-poitou.com\/blog\/wp-content\/6731162-jpeg_preview_medium.jpg","contentUrl":"https:\/\/www.frederic-poitou.com\/blog\/wp-content\/6731162-jpeg_preview_medium.jpg","width":"160","height":"120"},{"@type":"BreadcrumbList","@id":"https:\/\/www.frederic-poitou.com\/blog\/les-subventions-refusees-par-jean-pierre-maggi\/#breadcrumb","itemListElement":[{"@type":"ListItem","position":1,"name":"Accueil","item":"http:\/\/www.frederic-poitou.com\/blog\/"},{"@type":"ListItem","position":2,"name":"LES SUBVENTIONS REFUS\u00c9ES PAR JEAN-PIERRE MAGGI &#8230;"}]},{"@type":"WebSite","@id":"http:\/\/www.frederic-poitou.com\/blog\/#website","url":"http:\/\/www.frederic-poitou.com\/blog\/","name":"","description":"","potentialAction":[{"@type":"SearchAction","target":{"@type":"EntryPoint","urlTemplate":"http:\/\/www.frederic-poitou.com\/blog\/?s={search_term_string}"},"query-input":{"@type":"PropertyValueSpecification","valueRequired":true,"valueName":"search_term_string"}}],"inLanguage":"fr-FR"},{"@type":"Person","@id":"http:\/\/www.frederic-poitou.com\/blog\/#\/schema\/person\/e2c2d05e978747818533fdce859a7799","name":"Fr\u00e9d\u00e9ric Poitou","image":{"@type":"ImageObject","inLanguage":"fr-FR","@id":"http:\/\/www.frederic-poitou.com\/blog\/#\/schema\/person\/image\/","url":"https:\/\/secure.gravatar.com\/avatar\/1933bcca279a2feafd35d9e0a080c521e11beb51115fe4cfe02e2586ac13424a?s=96&d=mm&r=g","contentUrl":"https:\/\/secure.gravatar.com\/avatar\/1933bcca279a2feafd35d9e0a080c521e11beb51115fe4cfe02e2586ac13424a?s=96&d=mm&r=g","caption":"Fr\u00e9d\u00e9ric Poitou"},"description":"Fr\u00e9d\u00e9ric Poitou est n\u00e9 \u00e0 Rouen, et y a fait des \u00e9tudes au Conservatoire en musique-\u00e9tudes en section piano. Il s'est ensuite orient\u00e9 vers des \u00e9tudes scientifiques o\u00f9 il a obtenu un dipl\u00f4me d'ing\u00e9nieur, puis un doctorat en Chimie. Il est Expert Judiciaire en France, en Belgique et \u00e0 Luxembourg, et agr\u00e9e par les Institutions Europ\u00e9ennes.","sameAs":["http:\/\/www.frederic-poitou.com","https:\/\/www.linkedin.com\/in\/frederic-poitou-b045a025\/"]}]}},"_links":{"self":[{"href":"https:\/\/www.frederic-poitou.com\/blog\/wp-json\/wp\/v2\/posts\/5040","targetHints":{"allow":["GET"]}}],"collection":[{"href":"https:\/\/www.frederic-poitou.com\/blog\/wp-json\/wp\/v2\/posts"}],"about":[{"href":"https:\/\/www.frederic-poitou.com\/blog\/wp-json\/wp\/v2\/types\/post"}],"author":[{"embeddable":true,"href":"https:\/\/www.frederic-poitou.com\/blog\/wp-json\/wp\/v2\/users\/4"}],"replies":[{"embeddable":true,"href":"https:\/\/www.frederic-poitou.com\/blog\/wp-json\/wp\/v2\/comments?post=5040"}],"version-history":[{"count":1,"href":"https:\/\/www.frederic-poitou.com\/blog\/wp-json\/wp\/v2\/posts\/5040\/revisions"}],"predecessor-version":[{"id":10189,"href":"https:\/\/www.frederic-poitou.com\/blog\/wp-json\/wp\/v2\/posts\/5040\/revisions\/10189"}],"wp:attachment":[{"href":"https:\/\/www.frederic-poitou.com\/blog\/wp-json\/wp\/v2\/media?parent=5040"}],"wp:term":[{"taxonomy":"category","embeddable":true,"href":"https:\/\/www.frederic-poitou.com\/blog\/wp-json\/wp\/v2\/categories?post=5040"},{"taxonomy":"post_tag","embeddable":true,"href":"https:\/\/www.frederic-poitou.com\/blog\/wp-json\/wp\/v2\/tags?post=5040"}],"curies":[{"name":"wp","href":"https:\/\/api.w.org\/{rel}","templated":true}]}}