{"id":5034,"date":"2023-07-13T14:48:32","date_gmt":"2023-07-13T12:48:32","guid":{"rendered":"http:\/\/www.frederic-poitou.com\/blog\/?p=5034"},"modified":"2026-04-09T15:50:16","modified_gmt":"2026-04-09T13:50:16","slug":"mon-site-pirate-en-meme-temps-que-bercy","status":"publish","type":"post","link":"https:\/\/www.frederic-poitou.com\/blog\/mon-site-pirate-en-meme-temps-que-bercy\/","title":{"rendered":"LES MEMES PIRATES QUE BERCY ?"},"content":{"rendered":"<p style=\"text-align: justify;\">Communiqu\u00e9 de presse du Minist\u00e8re des Finances :<\/p>\n<p style=\"font: normal normal normal 15px\/normal Arial; text-align: justify; margin: 0px;\">Une gigantesque affaire d&rsquo;espionnage\u00a0frappe Bercy. Selon le site de Paris-Match qui r\u00e9v\u00e8le l&rsquo;information, le minist\u00e8re de l&rsquo;Economie et des Finances a \u00e9t\u00e9 victime d\u2019une tr\u00e8s grosse attaque informatique.<\/p>\n<p style=\"font: normal normal normal 15px\/normal Arial; min-height: 17px; text-align: justify; margin: 0px;\">\n<p style=\"font: normal normal normal 15px\/normal Arial; text-align: justify; margin: 0px;\">L&rsquo;op\u00e9ration, confirm\u00e9e lundi matin par Bercy, a d\u00e9but\u00e9 en d\u00e9cembre et concerne la direction du Tr\u00e9sor et des documents du G20.<\/p>\n<p style=\"font: normal normal normal 15px\/normal Arial; min-height: 17px; text-align: justify; margin: 0px;\">\n<p style=\"font: normal normal normal 15px\/normal Arial; text-align: justify; margin: 0px;\"><em>\u00abIl y a certainement des informations qui ont \u00e9t\u00e9 obtenues mais ce qui est important c&rsquo;est qu&rsquo;on connaisse l&rsquo;origine, qu&rsquo;on d\u00e9finisse les modalit\u00e9s de cette attaque (&#8230;) venue de l&rsquo;ext\u00e9rieur probablement\u201d, <\/em>explique le ministre du Budget Fran\u00e7ois Baroin au micro d&rsquo;Europe 1. Les particuliers \u00e0 ma connaissance ne sont pas concern\u00e9s. Les dossiers personnels, les dossiers individuels, les dossiers fiscaux ne sont pas concern\u00e9s. Ce qui \u00e9tait cibl\u00e9, c&rsquo;est l&rsquo;organisation du G20.\u00a0\u00bb Le ministre reconnait qu&rsquo;il existe \u00abdes pistes, encore difficile \u00e0 confirmer\u00bb, sur l&rsquo;origine de ces attaques.<\/p>\n<p style=\"font: normal normal normal 15px\/normal Arial; text-align: justify; margin: 0px;\">\n<p style=\"font: normal normal normal 15px\/normal Arial; text-align: justify; margin: 0px;\">Mon communiqu\u00e9 de presse :<\/p>\n<p style=\"font: normal normal normal 15px\/normal Arial; text-align: justify; margin: 0px;\">\n<p style=\"font: normal normal normal 15px\/normal Arial; text-align: justify; margin: 0px;\">\n<p style=\"font: normal normal normal 15px\/normal Arial; text-align: justify; margin: 0px;\">\n<p style=\"font: normal normal normal 15px\/normal Arial; text-align: justify; margin: 0px;\"><em>\u00ab\u00a0Mon site aussi a \u00e9t\u00e9 pirat\u00e9. Entre vendredi soir, et ce matin, l&rsquo;acc\u00e8s \u00e9tait impossible, juste apr\u00e8s que j&rsquo;ai publi\u00e9 un article sur les techniques de fraude \u00e9lectorale (Cliquer <\/em><strong><span style=\"color: #ff0000;\"><a href=\"http:\/\/www.frederic-poitou.com\/blog\/?p=5023\" target=\"_blank\" rel=\"noopener\"><span style=\"color: #ff0000;\"><em>ICI<\/em><\/span><\/a><\/span><\/strong><em>).<\/em><\/p>\n<p style=\"font: normal normal normal 15px\/normal Arial; text-align: justify; margin: 0px;\">\n<p style=\"font: normal normal normal 15px\/normal Arial; text-align: justify; margin: 0px;\"><em>Mon site repr\u00e9senterait il un danger pour certains ? J&rsquo;en doute vraiment, car au mieux de ses consultations, il attire au maximum 5000 visiteurs par mois, mais je suis contraint de constater la r\u00e9alit\u00e9.<\/em><\/p>\n<p style=\"font: normal normal normal 15px\/normal Arial; text-align: justify; margin: 0px;\">\n<p style=\"font: normal normal normal 15px\/normal Arial; text-align: justify; margin: 0px;\"><em>En cons\u00e9quence, j&rsquo;ai moi aussi d\u00e9pos\u00e9 une plainte contre X, et je remercie \u00ab\u00a0Free\u00a0\u00bb pour sa r\u00e9activit\u00e9.\u00a0\u00bb<\/em><\/p>\n<p style=\"font: normal normal normal 15px\/normal Arial; text-align: justify; margin: 0px;\">\n<p style=\"font: normal normal normal 15px\/normal Arial; text-align: justify; margin: 0px;\">\n<p style=\"font: normal normal normal 15px\/normal Arial; text-align: justify; margin: 0px;\">\n<p style=\"font: normal normal normal 15px\/normal Arial; text-align: justify; margin: 0px;\">\n<p style=\"font: normal normal normal 15px\/normal Arial; text-align: justify; margin: 0px;\"><em>Fr\u00e9d\u00e9ric<\/em><\/p>\n<p style=\"font: normal normal normal 15px\/normal Arial; text-align: justify; margin: 0px;\">\n<p style=\"font: normal normal normal 15px\/normal Arial; text-align: justify; margin: 0px;\">\n","protected":false},"excerpt":{"rendered":"<p>Communiqu\u00e9 de presse du Minist\u00e8re des Finances : Une gigantesque affaire d&rsquo;espionnage\u00a0frappe Bercy. Selon le site de Paris-Match qui r\u00e9v\u00e8le l&rsquo;information, le minist\u00e8re de l&rsquo;Economie et des Finances a \u00e9t\u00e9 victime d\u2019une tr\u00e8s grosse attaque informatique. L&rsquo;op\u00e9ration, confirm\u00e9e lundi matin &hellip; <a href=\"https:\/\/www.frederic-poitou.com\/blog\/mon-site-pirate-en-meme-temps-que-bercy\/\">Lire la suite\u00ad\u00ad<\/a><\/p>\n","protected":false},"author":4,"featured_media":0,"comment_status":"open","ping_status":"open","sticky":false,"template":"","format":"standard","meta":{"kt_blocks_editor_width":"","_exactmetrics_skip_tracking":false,"_exactmetrics_sitenote_active":false,"_exactmetrics_sitenote_note":"","_exactmetrics_sitenote_category":0,"footnotes":""},"categories":[48],"tags":[27],"class_list":["post-5034","post","type-post","status-publish","format-standard","hentry","category-accueil","tag-actualite"],"yoast_head":"<!-- This site is optimized with the Yoast SEO plugin v27.1.1 - https:\/\/yoast.com\/product\/yoast-seo-wordpress\/ -->\n<title>LES MEMES PIRATES QUE BERCY ? -<\/title>\n<meta name=\"robots\" content=\"index, follow, max-snippet:-1, max-image-preview:large, max-video-preview:-1\" \/>\n<link rel=\"canonical\" href=\"https:\/\/www.frederic-poitou.com\/blog\/mon-site-pirate-en-meme-temps-que-bercy\/\" \/>\n<meta property=\"og:locale\" content=\"fr_FR\" \/>\n<meta property=\"og:type\" content=\"article\" \/>\n<meta property=\"og:title\" content=\"LES MEMES PIRATES QUE BERCY ? -\" \/>\n<meta property=\"og:description\" content=\"Communiqu\u00e9 de presse du Minist\u00e8re des Finances : Une gigantesque affaire d&rsquo;espionnage\u00a0frappe Bercy. Selon le site de Paris-Match qui r\u00e9v\u00e8le l&rsquo;information, le minist\u00e8re de l&rsquo;Economie et des Finances a \u00e9t\u00e9 victime d\u2019une tr\u00e8s grosse attaque informatique. L&rsquo;op\u00e9ration, confirm\u00e9e lundi matin &hellip; Lire la suite\u00ad\u00ad\" \/>\n<meta property=\"og:url\" content=\"https:\/\/www.frederic-poitou.com\/blog\/mon-site-pirate-en-meme-temps-que-bercy\/\" \/>\n<meta property=\"article:publisher\" content=\"https:\/\/www.facebook.com\/frederic.poitou\/\" \/>\n<meta property=\"article:published_time\" content=\"2023-07-13T12:48:32+00:00\" \/>\n<meta property=\"article:modified_time\" content=\"2026-04-09T13:50:16+00:00\" \/>\n<meta name=\"author\" content=\"Fr\u00e9d\u00e9ric Poitou\" \/>\n<meta name=\"twitter:card\" content=\"summary_large_image\" \/>\n<meta name=\"twitter:creator\" content=\"@fredericpoitou\" \/>\n<meta name=\"twitter:site\" content=\"@fredericpoitou\" \/>\n<meta name=\"twitter:label1\" content=\"\u00c9crit par\" \/>\n\t<meta name=\"twitter:data1\" content=\"Fr\u00e9d\u00e9ric Poitou\" \/>\n\t<meta name=\"twitter:label2\" content=\"Dur\u00e9e de lecture estim\u00e9e\" \/>\n\t<meta name=\"twitter:data2\" content=\"1 minute\" \/>\n<script type=\"application\/ld+json\" class=\"yoast-schema-graph\">{\"@context\":\"https:\/\/schema.org\",\"@graph\":[{\"@type\":\"Article\",\"@id\":\"https:\/\/www.frederic-poitou.com\/blog\/mon-site-pirate-en-meme-temps-que-bercy\/#article\",\"isPartOf\":{\"@id\":\"https:\/\/www.frederic-poitou.com\/blog\/mon-site-pirate-en-meme-temps-que-bercy\/\"},\"author\":{\"name\":\"Fr\u00e9d\u00e9ric Poitou\",\"@id\":\"http:\/\/www.frederic-poitou.com\/blog\/#\/schema\/person\/e2c2d05e978747818533fdce859a7799\"},\"headline\":\"LES MEMES PIRATES QUE BERCY ?\",\"datePublished\":\"2023-07-13T12:48:32+00:00\",\"dateModified\":\"2026-04-09T13:50:16+00:00\",\"mainEntityOfPage\":{\"@id\":\"https:\/\/www.frederic-poitou.com\/blog\/mon-site-pirate-en-meme-temps-que-bercy\/\"},\"wordCount\":274,\"commentCount\":0,\"keywords\":[\"Actualit\u00e9\"],\"articleSection\":[\"Accueil\"],\"inLanguage\":\"fr-FR\",\"potentialAction\":[{\"@type\":\"CommentAction\",\"name\":\"Comment\",\"target\":[\"https:\/\/www.frederic-poitou.com\/blog\/mon-site-pirate-en-meme-temps-que-bercy\/#respond\"]}]},{\"@type\":\"WebPage\",\"@id\":\"https:\/\/www.frederic-poitou.com\/blog\/mon-site-pirate-en-meme-temps-que-bercy\/\",\"url\":\"https:\/\/www.frederic-poitou.com\/blog\/mon-site-pirate-en-meme-temps-que-bercy\/\",\"name\":\"LES MEMES PIRATES QUE BERCY ? -\",\"isPartOf\":{\"@id\":\"http:\/\/www.frederic-poitou.com\/blog\/#website\"},\"datePublished\":\"2023-07-13T12:48:32+00:00\",\"dateModified\":\"2026-04-09T13:50:16+00:00\",\"author\":{\"@id\":\"http:\/\/www.frederic-poitou.com\/blog\/#\/schema\/person\/e2c2d05e978747818533fdce859a7799\"},\"breadcrumb\":{\"@id\":\"https:\/\/www.frederic-poitou.com\/blog\/mon-site-pirate-en-meme-temps-que-bercy\/#breadcrumb\"},\"inLanguage\":\"fr-FR\",\"potentialAction\":[{\"@type\":\"ReadAction\",\"target\":[\"https:\/\/www.frederic-poitou.com\/blog\/mon-site-pirate-en-meme-temps-que-bercy\/\"]}]},{\"@type\":\"BreadcrumbList\",\"@id\":\"https:\/\/www.frederic-poitou.com\/blog\/mon-site-pirate-en-meme-temps-que-bercy\/#breadcrumb\",\"itemListElement\":[{\"@type\":\"ListItem\",\"position\":1,\"name\":\"Accueil\",\"item\":\"http:\/\/www.frederic-poitou.com\/blog\/\"},{\"@type\":\"ListItem\",\"position\":2,\"name\":\"LES MEMES PIRATES QUE BERCY ?\"}]},{\"@type\":\"WebSite\",\"@id\":\"http:\/\/www.frederic-poitou.com\/blog\/#website\",\"url\":\"http:\/\/www.frederic-poitou.com\/blog\/\",\"name\":\"\",\"description\":\"\",\"potentialAction\":[{\"@type\":\"SearchAction\",\"target\":{\"@type\":\"EntryPoint\",\"urlTemplate\":\"http:\/\/www.frederic-poitou.com\/blog\/?s={search_term_string}\"},\"query-input\":{\"@type\":\"PropertyValueSpecification\",\"valueRequired\":true,\"valueName\":\"search_term_string\"}}],\"inLanguage\":\"fr-FR\"},{\"@type\":\"Person\",\"@id\":\"http:\/\/www.frederic-poitou.com\/blog\/#\/schema\/person\/e2c2d05e978747818533fdce859a7799\",\"name\":\"Fr\u00e9d\u00e9ric Poitou\",\"image\":{\"@type\":\"ImageObject\",\"inLanguage\":\"fr-FR\",\"@id\":\"http:\/\/www.frederic-poitou.com\/blog\/#\/schema\/person\/image\/\",\"url\":\"https:\/\/secure.gravatar.com\/avatar\/1933bcca279a2feafd35d9e0a080c521e11beb51115fe4cfe02e2586ac13424a?s=96&d=mm&r=g\",\"contentUrl\":\"https:\/\/secure.gravatar.com\/avatar\/1933bcca279a2feafd35d9e0a080c521e11beb51115fe4cfe02e2586ac13424a?s=96&d=mm&r=g\",\"caption\":\"Fr\u00e9d\u00e9ric Poitou\"},\"description\":\"Fr\u00e9d\u00e9ric Poitou est n\u00e9 \u00e0 Rouen, et y a fait des \u00e9tudes au Conservatoire en musique-\u00e9tudes en section piano. Il s'est ensuite orient\u00e9 vers des \u00e9tudes scientifiques o\u00f9 il a obtenu un dipl\u00f4me d'ing\u00e9nieur, puis un doctorat en Chimie. Il est Expert Judiciaire en France, en Belgique et \u00e0 Luxembourg, et agr\u00e9e par les Institutions Europ\u00e9ennes.\",\"sameAs\":[\"http:\/\/www.frederic-poitou.com\",\"https:\/\/www.linkedin.com\/in\/frederic-poitou-b045a025\/\"]}]}<\/script>\n<!-- \/ Yoast SEO plugin. -->","yoast_head_json":{"title":"LES MEMES PIRATES QUE BERCY ? -","robots":{"index":"index","follow":"follow","max-snippet":"max-snippet:-1","max-image-preview":"max-image-preview:large","max-video-preview":"max-video-preview:-1"},"canonical":"https:\/\/www.frederic-poitou.com\/blog\/mon-site-pirate-en-meme-temps-que-bercy\/","og_locale":"fr_FR","og_type":"article","og_title":"LES MEMES PIRATES QUE BERCY ? -","og_description":"Communiqu\u00e9 de presse du Minist\u00e8re des Finances : Une gigantesque affaire d&rsquo;espionnage\u00a0frappe Bercy. Selon le site de Paris-Match qui r\u00e9v\u00e8le l&rsquo;information, le minist\u00e8re de l&rsquo;Economie et des Finances a \u00e9t\u00e9 victime d\u2019une tr\u00e8s grosse attaque informatique. L&rsquo;op\u00e9ration, confirm\u00e9e lundi matin &hellip; Lire la suite\u00ad\u00ad","og_url":"https:\/\/www.frederic-poitou.com\/blog\/mon-site-pirate-en-meme-temps-que-bercy\/","article_publisher":"https:\/\/www.facebook.com\/frederic.poitou\/","article_published_time":"2023-07-13T12:48:32+00:00","article_modified_time":"2026-04-09T13:50:16+00:00","author":"Fr\u00e9d\u00e9ric Poitou","twitter_card":"summary_large_image","twitter_creator":"@fredericpoitou","twitter_site":"@fredericpoitou","twitter_misc":{"\u00c9crit par":"Fr\u00e9d\u00e9ric Poitou","Dur\u00e9e de lecture estim\u00e9e":"1 minute"},"schema":{"@context":"https:\/\/schema.org","@graph":[{"@type":"Article","@id":"https:\/\/www.frederic-poitou.com\/blog\/mon-site-pirate-en-meme-temps-que-bercy\/#article","isPartOf":{"@id":"https:\/\/www.frederic-poitou.com\/blog\/mon-site-pirate-en-meme-temps-que-bercy\/"},"author":{"name":"Fr\u00e9d\u00e9ric Poitou","@id":"http:\/\/www.frederic-poitou.com\/blog\/#\/schema\/person\/e2c2d05e978747818533fdce859a7799"},"headline":"LES MEMES PIRATES QUE BERCY ?","datePublished":"2023-07-13T12:48:32+00:00","dateModified":"2026-04-09T13:50:16+00:00","mainEntityOfPage":{"@id":"https:\/\/www.frederic-poitou.com\/blog\/mon-site-pirate-en-meme-temps-que-bercy\/"},"wordCount":274,"commentCount":0,"keywords":["Actualit\u00e9"],"articleSection":["Accueil"],"inLanguage":"fr-FR","potentialAction":[{"@type":"CommentAction","name":"Comment","target":["https:\/\/www.frederic-poitou.com\/blog\/mon-site-pirate-en-meme-temps-que-bercy\/#respond"]}]},{"@type":"WebPage","@id":"https:\/\/www.frederic-poitou.com\/blog\/mon-site-pirate-en-meme-temps-que-bercy\/","url":"https:\/\/www.frederic-poitou.com\/blog\/mon-site-pirate-en-meme-temps-que-bercy\/","name":"LES MEMES PIRATES QUE BERCY ? -","isPartOf":{"@id":"http:\/\/www.frederic-poitou.com\/blog\/#website"},"datePublished":"2023-07-13T12:48:32+00:00","dateModified":"2026-04-09T13:50:16+00:00","author":{"@id":"http:\/\/www.frederic-poitou.com\/blog\/#\/schema\/person\/e2c2d05e978747818533fdce859a7799"},"breadcrumb":{"@id":"https:\/\/www.frederic-poitou.com\/blog\/mon-site-pirate-en-meme-temps-que-bercy\/#breadcrumb"},"inLanguage":"fr-FR","potentialAction":[{"@type":"ReadAction","target":["https:\/\/www.frederic-poitou.com\/blog\/mon-site-pirate-en-meme-temps-que-bercy\/"]}]},{"@type":"BreadcrumbList","@id":"https:\/\/www.frederic-poitou.com\/blog\/mon-site-pirate-en-meme-temps-que-bercy\/#breadcrumb","itemListElement":[{"@type":"ListItem","position":1,"name":"Accueil","item":"http:\/\/www.frederic-poitou.com\/blog\/"},{"@type":"ListItem","position":2,"name":"LES MEMES PIRATES QUE BERCY ?"}]},{"@type":"WebSite","@id":"http:\/\/www.frederic-poitou.com\/blog\/#website","url":"http:\/\/www.frederic-poitou.com\/blog\/","name":"","description":"","potentialAction":[{"@type":"SearchAction","target":{"@type":"EntryPoint","urlTemplate":"http:\/\/www.frederic-poitou.com\/blog\/?s={search_term_string}"},"query-input":{"@type":"PropertyValueSpecification","valueRequired":true,"valueName":"search_term_string"}}],"inLanguage":"fr-FR"},{"@type":"Person","@id":"http:\/\/www.frederic-poitou.com\/blog\/#\/schema\/person\/e2c2d05e978747818533fdce859a7799","name":"Fr\u00e9d\u00e9ric Poitou","image":{"@type":"ImageObject","inLanguage":"fr-FR","@id":"http:\/\/www.frederic-poitou.com\/blog\/#\/schema\/person\/image\/","url":"https:\/\/secure.gravatar.com\/avatar\/1933bcca279a2feafd35d9e0a080c521e11beb51115fe4cfe02e2586ac13424a?s=96&d=mm&r=g","contentUrl":"https:\/\/secure.gravatar.com\/avatar\/1933bcca279a2feafd35d9e0a080c521e11beb51115fe4cfe02e2586ac13424a?s=96&d=mm&r=g","caption":"Fr\u00e9d\u00e9ric Poitou"},"description":"Fr\u00e9d\u00e9ric Poitou est n\u00e9 \u00e0 Rouen, et y a fait des \u00e9tudes au Conservatoire en musique-\u00e9tudes en section piano. Il s'est ensuite orient\u00e9 vers des \u00e9tudes scientifiques o\u00f9 il a obtenu un dipl\u00f4me d'ing\u00e9nieur, puis un doctorat en Chimie. Il est Expert Judiciaire en France, en Belgique et \u00e0 Luxembourg, et agr\u00e9e par les Institutions Europ\u00e9ennes.","sameAs":["http:\/\/www.frederic-poitou.com","https:\/\/www.linkedin.com\/in\/frederic-poitou-b045a025\/"]}]}},"_links":{"self":[{"href":"https:\/\/www.frederic-poitou.com\/blog\/wp-json\/wp\/v2\/posts\/5034","targetHints":{"allow":["GET"]}}],"collection":[{"href":"https:\/\/www.frederic-poitou.com\/blog\/wp-json\/wp\/v2\/posts"}],"about":[{"href":"https:\/\/www.frederic-poitou.com\/blog\/wp-json\/wp\/v2\/types\/post"}],"author":[{"embeddable":true,"href":"https:\/\/www.frederic-poitou.com\/blog\/wp-json\/wp\/v2\/users\/4"}],"replies":[{"embeddable":true,"href":"https:\/\/www.frederic-poitou.com\/blog\/wp-json\/wp\/v2\/comments?post=5034"}],"version-history":[{"count":1,"href":"https:\/\/www.frederic-poitou.com\/blog\/wp-json\/wp\/v2\/posts\/5034\/revisions"}],"predecessor-version":[{"id":10187,"href":"https:\/\/www.frederic-poitou.com\/blog\/wp-json\/wp\/v2\/posts\/5034\/revisions\/10187"}],"wp:attachment":[{"href":"https:\/\/www.frederic-poitou.com\/blog\/wp-json\/wp\/v2\/media?parent=5034"}],"wp:term":[{"taxonomy":"category","embeddable":true,"href":"https:\/\/www.frederic-poitou.com\/blog\/wp-json\/wp\/v2\/categories?post=5034"},{"taxonomy":"post_tag","embeddable":true,"href":"https:\/\/www.frederic-poitou.com\/blog\/wp-json\/wp\/v2\/tags?post=5034"}],"curies":[{"name":"wp","href":"https:\/\/api.w.org\/{rel}","templated":true}]}}