{"id":4890,"date":"2023-07-14T21:50:32","date_gmt":"2023-07-14T19:50:32","guid":{"rendered":"http:\/\/www.frederic-poitou.com\/blog\/?p=4890"},"modified":"2026-04-23T08:05:32","modified_gmt":"2026-04-23T06:05:32","slug":"un-senateur-demande-la-suspension-de-jean-noel-guerini","status":"publish","type":"post","link":"https:\/\/www.frederic-poitou.com\/blog\/un-senateur-demande-la-suspension-de-jean-noel-guerini\/","title":{"rendered":"JEAN-NOEL GUERINI : PR\u00c9SIDENT ILL\u00c9GAL DE LA F\u00c9D\u00c9RATION PS DES BOUCHES DU RH\u00d4NE ?"},"content":{"rendered":"<p style=\"margin: 0.0px 0.0px 0.0px 0.0px; font: 13.0px Georgia;\">Bruno GILLES, S\u00e9nateur UMP a diffus\u00e9 jeudi une lettre ouverte adress\u00e9e \u00e0 la Premi\u00e8re secr\u00e9taire du Parti socialiste, Martine Aubry, dans laquelle il lui demande de suspendre de ses fonctions Jean-No\u00ebl Gu\u00e9rini, patron du PS dans le d\u00e9partement.<\/p>\n<p style=\"margin: 0.0px 0.0px 0.0px 0.0px; font: 13.0px Georgia;\">Comme il l&rsquo;\u00e9crit lui m\u00eame, nous savons tous que Martine Aubry est tr\u00e8s occup\u00e9e actuellement par l&rsquo;organisation des primaires socialistes. Primaires qui, comme d&rsquo;habitude, seront truqu\u00e9es, ou donneront lieu \u00e0 des recours, contestations, bricolages.<\/p>\n<p style=\"margin: 0.0px 0.0px 0.0px 0.0px; font: 13.0px Georgia;\">Apr\u00e8s la rocambolesque \u00ab\u00a0\u00e9lection\u00a0\u00bb de Martine \u00e0 la t\u00eate du PS, en lieu et place de S\u00e9go apr\u00e8s multiples recomptages, on est pas \u00e0 ca pr\u00e8s !<\/p>\n<p style=\"margin: 0.0px 0.0px 0.0px 0.0px; font: 13.0px Georgia; min-height: 15.0px;\">\n<p style=\"margin: 0.0px 0.0px 0.0px 0.0px; font: 13.0px Georgia;\">Ainsi Bruno \u00e9crit il : <em>\u00ab\u00a0Votre emploi du temps charg\u00e9 par la pr\u00e9paration des primaires du Parti Socialiste vous a s\u00fbrement emp\u00each\u00e9 de vous int\u00e9resser de pr\u00e8s \u00e0 ce que vous les m\u00e9dias appellent \u00ab\u00a0L&rsquo;affaires GUERINI\u00a0\u00bb<\/em><\/p>\n<p style=\"margin: 0.0px 0.0px 0.0px 0.0px; font: 13.0px Georgia;\"><em><span style=\"color: #ffffff;\">&#8211;<\/span><\/em><\/p>\n<p style=\"margin: 0.0px 0.0px 0.0px 0.0px; font: 13.0px Georgia;\">Pour la bonne information de la premi\u00e8re secr\u00e9taire du PS, Bruno a joint une revue de presse de ladite affaire, largement relat\u00e9e sur mon blog. Il y ajoute &#8230;<\/p>\n<p style=\"margin: 0.0px 0.0px 0.0px 0.0px; font: 13.0px Georgia;\"><span style=\"color: #ffffff;\">&#8211;<\/span><\/p>\n<p style=\"margin: 0.0px 0.0px 0.0px 0.0px; font: 13.0px Georgia;\">\u00ab\u00a0<em>La lecture de ce document est, vous le constaterez, \u00e9difiante sur la situation du Parti socialiste dans les Bouches-du-Rh\u00f4ne<\/em>\u00ab\u00a0, &#8230;\/&#8230; \u00ab\u00a0<em>Je ne peux que vous conseiller, devant ces accusations gravissimes, de suspendre Monsieur Jean-No\u00ebl Gu\u00e9rini de toutes ses fonctions officielles au sein de la F\u00e9d\u00e9ration Socialiste des Bouches-du-Rh\u00f4ne<\/em>\u00ab\u00a0.<\/p>\n<p style=\"margin: 0.0px 0.0px 0.0px 0.0px; font: 13.0px Georgia;\">&#8211;<\/p>\n<p style=\"margin: 0.0px 0.0px 0.0px 0.0px; font: 13.0px Georgia;\">Rappelons \u00e0 Martine que c&rsquo;est elle qui avait valid\u00e9 la d\u00e9signation de M. Gu\u00e9rini au poste de premier f\u00e9d\u00e9ral du parti, alors que les statuts du PS interdisent en principe cette fonction \u00e0 un pr\u00e9sident de d\u00e9partement.<\/p>\n<p style=\"font: normal normal normal 13px\/normal Georgia; text-align: center; margin: 0px;\"><span style=\"color: #ffffff;\">&#8211;<\/span><\/p>\n<p style=\"font: normal normal normal 13px\/normal Georgia; text-align: center; margin: 0px;\"><span style=\"color: #ffffff;\"><br \/>\n<\/span><\/p>\n<p style=\"font: normal normal normal 13px\/normal Georgia; text-align: center; margin: 0px;\"><span style=\"color: #ffffff;\"><img loading=\"lazy\" decoding=\"async\" class=\"aligncenter size-full wp-image-4900\" title=\"militants-ps\" src=\"http:\/\/www.frederic-poitou.com\/blog\/wp-content\/militants-ps.jpg\" alt=\"militants-ps\" width=\"372\" height=\"405\" srcset=\"https:\/\/www.frederic-poitou.com\/blog\/wp-content\/militants-ps.jpg 372w, https:\/\/www.frederic-poitou.com\/blog\/wp-content\/militants-ps-275x300.jpg 275w\" sizes=\"auto, (max-width: 372px) 100vw, 372px\" \/><br \/>\n<\/span><\/p>\n<p style=\"font: normal normal normal 13px\/normal Georgia; text-align: center; margin: 0px;\"><span style=\"color: #ffffff;\">&#8211;<\/span><\/p>\n<p style=\"margin: 0.0px 0.0px 0.0px 0.0px; font: 13.0px Georgia;\">\n<p style=\"margin: 0.0px 0.0px 0.0px 0.0px; font: 13.0px Georgia;\">\n<p style=\"margin: 0.0px 0.0px 0.0px 0.0px; font: 13.0px Georgia;\">\n<p style=\"margin: 0.0px 0.0px 0.0px 0.0px; font: 13.0px Georgia;\">&#8230;\/&#8230;\u00a0\u00ab\u00a0<em>Devant le silence assourdissant et peut-\u00eatre coupable des responsables et \u00e9lus locaux du PS, votre parole devient essentielle<\/em>\u00ab\u00a0, conclut-il.<\/p>\n<h5 style=\"text-align: center;\"><em><span style=\"font-weight: normal;\"><br \/>\n<\/span><\/p>\n<p><\/em><br style=\"padding: 0px; margin: 0px;\" \/><img loading=\"lazy\" decoding=\"async\" class=\"aligncenter size-full wp-image-4892\" title=\"image_67546016\" src=\"http:\/\/www.frederic-poitou.com\/blog\/wp-content\/image_67546016.jpg\" alt=\"image_67546016\" width=\"465\" height=\"372\" srcset=\"https:\/\/www.frederic-poitou.com\/blog\/wp-content\/image_67546016.jpg 465w, https:\/\/www.frederic-poitou.com\/blog\/wp-content\/image_67546016-300x240.jpg 300w\" sizes=\"auto, (max-width: 465px) 100vw, 465px\" \/><em>source : Site de France 3<\/em><\/h5>\n<p><em><span style=\"color: #ffffff;\">&#8211;<\/span><\/em><\/p>\n<p><em><br \/>\n<\/em><\/p>\n<p><em><span style=\"color: #ffffff;\">&#8211;<\/span><\/em><\/p>\n<p>Voici un mois, au moment o\u00f9 \u00ab\u00a0l&rsquo;affaire commencait \u00e0 prendre des proportions m\u00e9diatiques importantes, Bruno s&rsquo;\u00e9tait d\u00e9j\u00e0 exprim\u00e9 sur LCM :<\/p>\n<p><span style=\"color: #ffffff;\">&#8211;<\/span><\/p>\n<p style=\"text-align: center;\"><object classid=\"clsid:d27cdb6e-ae6d-11cf-96b8-444553540000\" width=\"480\" height=\"360\" codebase=\"http:\/\/download.macromedia.com\/pub\/shockwave\/cabs\/flash\/swflash.cab#version=6,0,40,0\"><param name=\"allowFullScreen\" value=\"true\" \/><param name=\"allowScriptAccess\" value=\"always\" \/><param name=\"src\" value=\"http:\/\/www.dailymotion.com\/swf\/video\/xgux88\" \/><param name=\"allowfullscreen\" value=\"true\" \/><embed type=\"application\/x-shockwave-flash\" width=\"480\" height=\"360\" src=\"http:\/\/www.dailymotion.com\/swf\/video\/xgux88\" allowscriptaccess=\"always\" allowfullscreen=\"true\"><\/embed><\/object><\/p>\n<p><em><span style=\"color: #ffffff;\">&#8211;<\/span><br \/>\n<span style=\"font-style: normal;\">De nouveau hier, sur LCM, il s&rsquo;exprimait sur le sujet :<\/span><\/em><\/p>\n<p><em><span style=\"font-style: normal;\"><span style=\"color: #ffffff;\">&#8211;<\/span><\/span><\/em><\/p>\n<p style=\"text-align: center;\"><object classid=\"clsid:d27cdb6e-ae6d-11cf-96b8-444553540000\" width=\"480\" height=\"360\" codebase=\"http:\/\/download.macromedia.com\/pub\/shockwave\/cabs\/flash\/swflash.cab#version=6,0,40,0\"><param name=\"allowFullScreen\" value=\"true\" \/><param name=\"allowScriptAccess\" value=\"always\" \/><param name=\"src\" value=\"http:\/\/www.dailymotion.com\/swf\/video\/xh8kip\" \/><param name=\"allowfullscreen\" value=\"true\" \/><embed type=\"application\/x-shockwave-flash\" width=\"480\" height=\"360\" src=\"http:\/\/www.dailymotion.com\/swf\/video\/xh8kip\" allowscriptaccess=\"always\" allowfullscreen=\"true\"><\/embed><\/object><\/p>\n<p><span style=\"color: #ffffff;\">&#8211;<\/span><\/p>\n<p>Enfin, c&rsquo;est sur France 3 qu&rsquo;il a d\u00e9voil\u00e9 quelques \u00e9l\u00e9ments de la lettre qu&rsquo;il a effectivement \u00e9crite \u00e0 Martine Aubry :<\/p>\n<p><span style=\"color: #ffffff;\">&#8212;<\/span><\/p>\n<p style=\"text-align: center;\"><object classid=\"clsid:d27cdb6e-ae6d-11cf-96b8-444553540000\" width=\"480\" height=\"360\" codebase=\"http:\/\/download.macromedia.com\/pub\/shockwave\/cabs\/flash\/swflash.cab#version=6,0,40,0\"><param name=\"allowFullScreen\" value=\"true\" \/><param name=\"allowScriptAccess\" value=\"always\" \/><param name=\"src\" value=\"http:\/\/www.dailymotion.com\/swf\/video\/xh8kg8\" \/><param name=\"allowfullscreen\" value=\"true\" \/><embed type=\"application\/x-shockwave-flash\" width=\"480\" height=\"360\" src=\"http:\/\/www.dailymotion.com\/swf\/video\/xh8kg8\" allowscriptaccess=\"always\" allowfullscreen=\"true\"><\/embed><\/object><br \/>\n<strong><\/strong><\/p>\n<p style=\"text-align: center;\"><strong><span style=\"color: #ffffff;\">&#8211;<\/span><\/strong><\/p>\n<p style=\"text-align: center;\"><strong><span style=\"color: #ffffff;\">&#8211;<\/span><\/strong><\/p>\n<p style=\"text-align: center;\"><strong><span style=\"color: #ffffff;\">&#8211;<\/span><\/strong><\/p>\n<p style=\"text-align: center;\"><strong><span style=\"color: #ffffff;\">&#8211;<\/span><\/strong><\/p>\n<p style=\"text-align: center;\"><strong><br \/>\n<\/strong><\/p>\n","protected":false},"excerpt":{"rendered":"<p>Bruno GILLES, S\u00e9nateur UMP a diffus\u00e9 jeudi une lettre ouverte adress\u00e9e \u00e0 la Premi\u00e8re secr\u00e9taire du Parti socialiste, Martine Aubry, dans laquelle il lui demande de suspendre de ses fonctions Jean-No\u00ebl Gu\u00e9rini, patron du PS dans le d\u00e9partement. Comme il &hellip; <a href=\"https:\/\/www.frederic-poitou.com\/blog\/un-senateur-demande-la-suspension-de-jean-noel-guerini\/\">Lire la suite\u00ad\u00ad<\/a><\/p>\n","protected":false},"author":4,"featured_media":0,"comment_status":"open","ping_status":"open","sticky":false,"template":"","format":"standard","meta":{"kt_blocks_editor_width":"","_exactmetrics_skip_tracking":false,"_exactmetrics_sitenote_active":false,"_exactmetrics_sitenote_note":"","_exactmetrics_sitenote_category":0,"footnotes":""},"categories":[1],"tags":[50],"class_list":["post-4890","post","type-post","status-publish","format-standard","hentry","category-politique-economie","tag-politique-economie"],"yoast_head":"<!-- This site is optimized with the Yoast SEO plugin v27.1.1 - https:\/\/yoast.com\/product\/yoast-seo-wordpress\/ -->\n<title>JEAN-NOEL GUERINI : PR\u00c9SIDENT ILL\u00c9GAL DE LA F\u00c9D\u00c9RATION PS DES BOUCHES DU RH\u00d4NE ? -<\/title>\n<meta name=\"robots\" content=\"index, follow, max-snippet:-1, max-image-preview:large, max-video-preview:-1\" \/>\n<link rel=\"canonical\" href=\"https:\/\/www.frederic-poitou.com\/blog\/un-senateur-demande-la-suspension-de-jean-noel-guerini\/\" \/>\n<meta property=\"og:locale\" content=\"fr_FR\" \/>\n<meta property=\"og:type\" content=\"article\" \/>\n<meta property=\"og:title\" content=\"JEAN-NOEL GUERINI : PR\u00c9SIDENT ILL\u00c9GAL DE LA F\u00c9D\u00c9RATION PS DES BOUCHES DU RH\u00d4NE ? -\" \/>\n<meta property=\"og:description\" content=\"Bruno GILLES, S\u00e9nateur UMP a diffus\u00e9 jeudi une lettre ouverte adress\u00e9e \u00e0 la Premi\u00e8re secr\u00e9taire du Parti socialiste, Martine Aubry, dans laquelle il lui demande de suspendre de ses fonctions Jean-No\u00ebl Gu\u00e9rini, patron du PS dans le d\u00e9partement. Comme il &hellip; Lire la suite\u00ad\u00ad\" \/>\n<meta property=\"og:url\" content=\"https:\/\/www.frederic-poitou.com\/blog\/un-senateur-demande-la-suspension-de-jean-noel-guerini\/\" \/>\n<meta property=\"article:publisher\" content=\"https:\/\/www.facebook.com\/frederic.poitou\/\" \/>\n<meta property=\"article:published_time\" content=\"2023-07-14T19:50:32+00:00\" \/>\n<meta property=\"article:modified_time\" content=\"2026-04-23T06:05:32+00:00\" \/>\n<meta property=\"og:image\" content=\"http:\/\/www.frederic-poitou.com\/blog\/wp-content\/militants-ps.jpg\" \/>\n<meta name=\"author\" content=\"Fr\u00e9d\u00e9ric Poitou\" \/>\n<meta name=\"twitter:card\" content=\"summary_large_image\" \/>\n<meta name=\"twitter:creator\" content=\"@fredericpoitou\" \/>\n<meta name=\"twitter:site\" content=\"@fredericpoitou\" \/>\n<meta name=\"twitter:label1\" content=\"\u00c9crit par\" \/>\n\t<meta name=\"twitter:data1\" content=\"Fr\u00e9d\u00e9ric Poitou\" \/>\n\t<meta name=\"twitter:label2\" content=\"Dur\u00e9e de lecture estim\u00e9e\" \/>\n\t<meta name=\"twitter:data2\" content=\"2 minutes\" \/>\n<script type=\"application\/ld+json\" class=\"yoast-schema-graph\">{\"@context\":\"https:\/\/schema.org\",\"@graph\":[{\"@type\":\"Article\",\"@id\":\"https:\/\/www.frederic-poitou.com\/blog\/un-senateur-demande-la-suspension-de-jean-noel-guerini\/#article\",\"isPartOf\":{\"@id\":\"https:\/\/www.frederic-poitou.com\/blog\/un-senateur-demande-la-suspension-de-jean-noel-guerini\/\"},\"author\":{\"name\":\"Fr\u00e9d\u00e9ric Poitou\",\"@id\":\"https:\/\/www.frederic-poitou.com\/blog\/#\/schema\/person\/e2c2d05e978747818533fdce859a7799\"},\"headline\":\"JEAN-NOEL GUERINI : PR\u00c9SIDENT ILL\u00c9GAL DE LA F\u00c9D\u00c9RATION PS DES BOUCHES DU RH\u00d4NE ?\",\"datePublished\":\"2023-07-14T19:50:32+00:00\",\"dateModified\":\"2026-04-23T06:05:32+00:00\",\"mainEntityOfPage\":{\"@id\":\"https:\/\/www.frederic-poitou.com\/blog\/un-senateur-demande-la-suspension-de-jean-noel-guerini\/\"},\"wordCount\":393,\"commentCount\":0,\"image\":{\"@id\":\"https:\/\/www.frederic-poitou.com\/blog\/un-senateur-demande-la-suspension-de-jean-noel-guerini\/#primaryimage\"},\"thumbnailUrl\":\"http:\/\/www.frederic-poitou.com\/blog\/wp-content\/militants-ps.jpg\",\"keywords\":[\"Divers\"],\"articleSection\":[\"Divers\"],\"inLanguage\":\"fr-FR\",\"potentialAction\":[{\"@type\":\"CommentAction\",\"name\":\"Comment\",\"target\":[\"https:\/\/www.frederic-poitou.com\/blog\/un-senateur-demande-la-suspension-de-jean-noel-guerini\/#respond\"]}]},{\"@type\":\"WebPage\",\"@id\":\"https:\/\/www.frederic-poitou.com\/blog\/un-senateur-demande-la-suspension-de-jean-noel-guerini\/\",\"url\":\"https:\/\/www.frederic-poitou.com\/blog\/un-senateur-demande-la-suspension-de-jean-noel-guerini\/\",\"name\":\"JEAN-NOEL GUERINI : PR\u00c9SIDENT ILL\u00c9GAL DE LA F\u00c9D\u00c9RATION PS DES BOUCHES DU RH\u00d4NE ? -\",\"isPartOf\":{\"@id\":\"https:\/\/www.frederic-poitou.com\/blog\/#website\"},\"primaryImageOfPage\":{\"@id\":\"https:\/\/www.frederic-poitou.com\/blog\/un-senateur-demande-la-suspension-de-jean-noel-guerini\/#primaryimage\"},\"image\":{\"@id\":\"https:\/\/www.frederic-poitou.com\/blog\/un-senateur-demande-la-suspension-de-jean-noel-guerini\/#primaryimage\"},\"thumbnailUrl\":\"http:\/\/www.frederic-poitou.com\/blog\/wp-content\/militants-ps.jpg\",\"datePublished\":\"2023-07-14T19:50:32+00:00\",\"dateModified\":\"2026-04-23T06:05:32+00:00\",\"author\":{\"@id\":\"https:\/\/www.frederic-poitou.com\/blog\/#\/schema\/person\/e2c2d05e978747818533fdce859a7799\"},\"breadcrumb\":{\"@id\":\"https:\/\/www.frederic-poitou.com\/blog\/un-senateur-demande-la-suspension-de-jean-noel-guerini\/#breadcrumb\"},\"inLanguage\":\"fr-FR\",\"potentialAction\":[{\"@type\":\"ReadAction\",\"target\":[\"https:\/\/www.frederic-poitou.com\/blog\/un-senateur-demande-la-suspension-de-jean-noel-guerini\/\"]}]},{\"@type\":\"ImageObject\",\"inLanguage\":\"fr-FR\",\"@id\":\"https:\/\/www.frederic-poitou.com\/blog\/un-senateur-demande-la-suspension-de-jean-noel-guerini\/#primaryimage\",\"url\":\"https:\/\/www.frederic-poitou.com\/blog\/wp-content\/militants-ps.jpg\",\"contentUrl\":\"https:\/\/www.frederic-poitou.com\/blog\/wp-content\/militants-ps.jpg\",\"width\":\"372\",\"height\":\"405\"},{\"@type\":\"BreadcrumbList\",\"@id\":\"https:\/\/www.frederic-poitou.com\/blog\/un-senateur-demande-la-suspension-de-jean-noel-guerini\/#breadcrumb\",\"itemListElement\":[{\"@type\":\"ListItem\",\"position\":1,\"name\":\"Accueil\",\"item\":\"https:\/\/www.frederic-poitou.com\/blog\/\"},{\"@type\":\"ListItem\",\"position\":2,\"name\":\"JEAN-NOEL GUERINI : PR\u00c9SIDENT ILL\u00c9GAL DE LA F\u00c9D\u00c9RATION PS DES BOUCHES DU RH\u00d4NE ?\"}]},{\"@type\":\"WebSite\",\"@id\":\"https:\/\/www.frederic-poitou.com\/blog\/#website\",\"url\":\"https:\/\/www.frederic-poitou.com\/blog\/\",\"name\":\"\",\"description\":\"\",\"potentialAction\":[{\"@type\":\"SearchAction\",\"target\":{\"@type\":\"EntryPoint\",\"urlTemplate\":\"https:\/\/www.frederic-poitou.com\/blog\/?s={search_term_string}\"},\"query-input\":{\"@type\":\"PropertyValueSpecification\",\"valueRequired\":true,\"valueName\":\"search_term_string\"}}],\"inLanguage\":\"fr-FR\"},{\"@type\":\"Person\",\"@id\":\"https:\/\/www.frederic-poitou.com\/blog\/#\/schema\/person\/e2c2d05e978747818533fdce859a7799\",\"name\":\"Fr\u00e9d\u00e9ric Poitou\",\"image\":{\"@type\":\"ImageObject\",\"inLanguage\":\"fr-FR\",\"@id\":\"https:\/\/www.frederic-poitou.com\/blog\/#\/schema\/person\/image\/\",\"url\":\"https:\/\/secure.gravatar.com\/avatar\/1933bcca279a2feafd35d9e0a080c521e11beb51115fe4cfe02e2586ac13424a?s=96&d=mm&r=g\",\"contentUrl\":\"https:\/\/secure.gravatar.com\/avatar\/1933bcca279a2feafd35d9e0a080c521e11beb51115fe4cfe02e2586ac13424a?s=96&d=mm&r=g\",\"caption\":\"Fr\u00e9d\u00e9ric Poitou\"},\"description\":\"Fr\u00e9d\u00e9ric Poitou est n\u00e9 \u00e0 Rouen, et y a fait des \u00e9tudes au Conservatoire en musique-\u00e9tudes en section piano. Il s'est ensuite orient\u00e9 vers des \u00e9tudes scientifiques o\u00f9 il a obtenu un dipl\u00f4me d'ing\u00e9nieur, puis un doctorat en Chimie. Il est Expert Judiciaire en France, en Belgique et \u00e0 Luxembourg, et agr\u00e9e par les Institutions Europ\u00e9ennes.\",\"sameAs\":[\"http:\/\/www.frederic-poitou.com\",\"https:\/\/www.linkedin.com\/in\/frederic-poitou-b045a025\/\"]}]}<\/script>\n<!-- \/ Yoast SEO plugin. -->","yoast_head_json":{"title":"JEAN-NOEL GUERINI : PR\u00c9SIDENT ILL\u00c9GAL DE LA F\u00c9D\u00c9RATION PS DES BOUCHES DU RH\u00d4NE ? -","robots":{"index":"index","follow":"follow","max-snippet":"max-snippet:-1","max-image-preview":"max-image-preview:large","max-video-preview":"max-video-preview:-1"},"canonical":"https:\/\/www.frederic-poitou.com\/blog\/un-senateur-demande-la-suspension-de-jean-noel-guerini\/","og_locale":"fr_FR","og_type":"article","og_title":"JEAN-NOEL GUERINI : PR\u00c9SIDENT ILL\u00c9GAL DE LA F\u00c9D\u00c9RATION PS DES BOUCHES DU RH\u00d4NE ? -","og_description":"Bruno GILLES, S\u00e9nateur UMP a diffus\u00e9 jeudi une lettre ouverte adress\u00e9e \u00e0 la Premi\u00e8re secr\u00e9taire du Parti socialiste, Martine Aubry, dans laquelle il lui demande de suspendre de ses fonctions Jean-No\u00ebl Gu\u00e9rini, patron du PS dans le d\u00e9partement. Comme il &hellip; Lire la suite\u00ad\u00ad","og_url":"https:\/\/www.frederic-poitou.com\/blog\/un-senateur-demande-la-suspension-de-jean-noel-guerini\/","article_publisher":"https:\/\/www.facebook.com\/frederic.poitou\/","article_published_time":"2023-07-14T19:50:32+00:00","article_modified_time":"2026-04-23T06:05:32+00:00","og_image":[{"url":"http:\/\/www.frederic-poitou.com\/blog\/wp-content\/militants-ps.jpg","type":"","width":"","height":""}],"author":"Fr\u00e9d\u00e9ric Poitou","twitter_card":"summary_large_image","twitter_creator":"@fredericpoitou","twitter_site":"@fredericpoitou","twitter_misc":{"\u00c9crit par":"Fr\u00e9d\u00e9ric Poitou","Dur\u00e9e de lecture estim\u00e9e":"2 minutes"},"schema":{"@context":"https:\/\/schema.org","@graph":[{"@type":"Article","@id":"https:\/\/www.frederic-poitou.com\/blog\/un-senateur-demande-la-suspension-de-jean-noel-guerini\/#article","isPartOf":{"@id":"https:\/\/www.frederic-poitou.com\/blog\/un-senateur-demande-la-suspension-de-jean-noel-guerini\/"},"author":{"name":"Fr\u00e9d\u00e9ric Poitou","@id":"https:\/\/www.frederic-poitou.com\/blog\/#\/schema\/person\/e2c2d05e978747818533fdce859a7799"},"headline":"JEAN-NOEL GUERINI : PR\u00c9SIDENT ILL\u00c9GAL DE LA F\u00c9D\u00c9RATION PS DES BOUCHES DU RH\u00d4NE ?","datePublished":"2023-07-14T19:50:32+00:00","dateModified":"2026-04-23T06:05:32+00:00","mainEntityOfPage":{"@id":"https:\/\/www.frederic-poitou.com\/blog\/un-senateur-demande-la-suspension-de-jean-noel-guerini\/"},"wordCount":393,"commentCount":0,"image":{"@id":"https:\/\/www.frederic-poitou.com\/blog\/un-senateur-demande-la-suspension-de-jean-noel-guerini\/#primaryimage"},"thumbnailUrl":"http:\/\/www.frederic-poitou.com\/blog\/wp-content\/militants-ps.jpg","keywords":["Divers"],"articleSection":["Divers"],"inLanguage":"fr-FR","potentialAction":[{"@type":"CommentAction","name":"Comment","target":["https:\/\/www.frederic-poitou.com\/blog\/un-senateur-demande-la-suspension-de-jean-noel-guerini\/#respond"]}]},{"@type":"WebPage","@id":"https:\/\/www.frederic-poitou.com\/blog\/un-senateur-demande-la-suspension-de-jean-noel-guerini\/","url":"https:\/\/www.frederic-poitou.com\/blog\/un-senateur-demande-la-suspension-de-jean-noel-guerini\/","name":"JEAN-NOEL GUERINI : PR\u00c9SIDENT ILL\u00c9GAL DE LA F\u00c9D\u00c9RATION PS DES BOUCHES DU RH\u00d4NE ? -","isPartOf":{"@id":"https:\/\/www.frederic-poitou.com\/blog\/#website"},"primaryImageOfPage":{"@id":"https:\/\/www.frederic-poitou.com\/blog\/un-senateur-demande-la-suspension-de-jean-noel-guerini\/#primaryimage"},"image":{"@id":"https:\/\/www.frederic-poitou.com\/blog\/un-senateur-demande-la-suspension-de-jean-noel-guerini\/#primaryimage"},"thumbnailUrl":"http:\/\/www.frederic-poitou.com\/blog\/wp-content\/militants-ps.jpg","datePublished":"2023-07-14T19:50:32+00:00","dateModified":"2026-04-23T06:05:32+00:00","author":{"@id":"https:\/\/www.frederic-poitou.com\/blog\/#\/schema\/person\/e2c2d05e978747818533fdce859a7799"},"breadcrumb":{"@id":"https:\/\/www.frederic-poitou.com\/blog\/un-senateur-demande-la-suspension-de-jean-noel-guerini\/#breadcrumb"},"inLanguage":"fr-FR","potentialAction":[{"@type":"ReadAction","target":["https:\/\/www.frederic-poitou.com\/blog\/un-senateur-demande-la-suspension-de-jean-noel-guerini\/"]}]},{"@type":"ImageObject","inLanguage":"fr-FR","@id":"https:\/\/www.frederic-poitou.com\/blog\/un-senateur-demande-la-suspension-de-jean-noel-guerini\/#primaryimage","url":"https:\/\/www.frederic-poitou.com\/blog\/wp-content\/militants-ps.jpg","contentUrl":"https:\/\/www.frederic-poitou.com\/blog\/wp-content\/militants-ps.jpg","width":"372","height":"405"},{"@type":"BreadcrumbList","@id":"https:\/\/www.frederic-poitou.com\/blog\/un-senateur-demande-la-suspension-de-jean-noel-guerini\/#breadcrumb","itemListElement":[{"@type":"ListItem","position":1,"name":"Accueil","item":"https:\/\/www.frederic-poitou.com\/blog\/"},{"@type":"ListItem","position":2,"name":"JEAN-NOEL GUERINI : PR\u00c9SIDENT ILL\u00c9GAL DE LA F\u00c9D\u00c9RATION PS DES BOUCHES DU RH\u00d4NE ?"}]},{"@type":"WebSite","@id":"https:\/\/www.frederic-poitou.com\/blog\/#website","url":"https:\/\/www.frederic-poitou.com\/blog\/","name":"","description":"","potentialAction":[{"@type":"SearchAction","target":{"@type":"EntryPoint","urlTemplate":"https:\/\/www.frederic-poitou.com\/blog\/?s={search_term_string}"},"query-input":{"@type":"PropertyValueSpecification","valueRequired":true,"valueName":"search_term_string"}}],"inLanguage":"fr-FR"},{"@type":"Person","@id":"https:\/\/www.frederic-poitou.com\/blog\/#\/schema\/person\/e2c2d05e978747818533fdce859a7799","name":"Fr\u00e9d\u00e9ric Poitou","image":{"@type":"ImageObject","inLanguage":"fr-FR","@id":"https:\/\/www.frederic-poitou.com\/blog\/#\/schema\/person\/image\/","url":"https:\/\/secure.gravatar.com\/avatar\/1933bcca279a2feafd35d9e0a080c521e11beb51115fe4cfe02e2586ac13424a?s=96&d=mm&r=g","contentUrl":"https:\/\/secure.gravatar.com\/avatar\/1933bcca279a2feafd35d9e0a080c521e11beb51115fe4cfe02e2586ac13424a?s=96&d=mm&r=g","caption":"Fr\u00e9d\u00e9ric Poitou"},"description":"Fr\u00e9d\u00e9ric Poitou est n\u00e9 \u00e0 Rouen, et y a fait des \u00e9tudes au Conservatoire en musique-\u00e9tudes en section piano. Il s'est ensuite orient\u00e9 vers des \u00e9tudes scientifiques o\u00f9 il a obtenu un dipl\u00f4me d'ing\u00e9nieur, puis un doctorat en Chimie. Il est Expert Judiciaire en France, en Belgique et \u00e0 Luxembourg, et agr\u00e9e par les Institutions Europ\u00e9ennes.","sameAs":["http:\/\/www.frederic-poitou.com","https:\/\/www.linkedin.com\/in\/frederic-poitou-b045a025\/"]}]}},"_links":{"self":[{"href":"https:\/\/www.frederic-poitou.com\/blog\/wp-json\/wp\/v2\/posts\/4890","targetHints":{"allow":["GET"]}}],"collection":[{"href":"https:\/\/www.frederic-poitou.com\/blog\/wp-json\/wp\/v2\/posts"}],"about":[{"href":"https:\/\/www.frederic-poitou.com\/blog\/wp-json\/wp\/v2\/types\/post"}],"author":[{"embeddable":true,"href":"https:\/\/www.frederic-poitou.com\/blog\/wp-json\/wp\/v2\/users\/4"}],"replies":[{"embeddable":true,"href":"https:\/\/www.frederic-poitou.com\/blog\/wp-json\/wp\/v2\/comments?post=4890"}],"version-history":[{"count":1,"href":"https:\/\/www.frederic-poitou.com\/blog\/wp-json\/wp\/v2\/posts\/4890\/revisions"}],"predecessor-version":[{"id":10181,"href":"https:\/\/www.frederic-poitou.com\/blog\/wp-json\/wp\/v2\/posts\/4890\/revisions\/10181"}],"wp:attachment":[{"href":"https:\/\/www.frederic-poitou.com\/blog\/wp-json\/wp\/v2\/media?parent=4890"}],"wp:term":[{"taxonomy":"category","embeddable":true,"href":"https:\/\/www.frederic-poitou.com\/blog\/wp-json\/wp\/v2\/categories?post=4890"},{"taxonomy":"post_tag","embeddable":true,"href":"https:\/\/www.frederic-poitou.com\/blog\/wp-json\/wp\/v2\/tags?post=4890"}],"curies":[{"name":"wp","href":"https:\/\/api.w.org\/{rel}","templated":true}]}}