{"id":4807,"date":"2023-07-13T21:02:32","date_gmt":"2023-07-13T19:02:32","guid":{"rendered":"http:\/\/www.frederic-poitou.com\/blog\/?p=4807"},"modified":"2026-04-11T10:29:20","modified_gmt":"2026-04-11T08:29:20","slug":"couches-culottes-ecolo","status":"publish","type":"post","link":"https:\/\/www.frederic-poitou.com\/blog\/couches-culottes-ecolo\/","title":{"rendered":"COUCHES CULOTTE ECOLO &#8230;"},"content":{"rendered":"<p>Pr\u00e9sent\u00e9e par Fanny Pouliquen, la m\u00eame qui avait particip\u00e9 \u00e0 l&rsquo;\u00e9colo kermesse organis\u00e9e l&rsquo;an pass\u00e9 \u00e0 Coudoux par la PEEP (cliquer <a href=\"http:\/\/www.frederic-poitou.com\/blog\/?p=3113\" target=\"_blank\" rel=\"noopener\"><span style=\"color: #ff0000;\"><strong>ICI<\/strong><\/span><\/a>), voici la video \u00e9colo-pratique qui nous pr\u00e9sente les couches culotte recyclables, et lavables.<\/p>\n<p><span style=\"color: #ffffff;\">&#8211;<\/span><\/p>\n<p style=\"text-align: center;\"><object classid=\"clsid:d27cdb6e-ae6d-11cf-96b8-444553540000\" width=\"640\" height=\"390\" codebase=\"http:\/\/download.macromedia.com\/pub\/shockwave\/cabs\/flash\/swflash.cab#version=6,0,40,0\"><param name=\"allowFullScreen\" value=\"true\" \/><param name=\"allowScriptAccess\" value=\"always\" \/><param name=\"src\" value=\"http:\/\/www.youtube.com\/v\/A3Fd1FW6mSM&amp;hl=en_US&amp;feature=player_embedded&amp;version=3\" \/><param name=\"allowfullscreen\" value=\"true\" \/><embed type=\"application\/x-shockwave-flash\" width=\"640\" height=\"390\" src=\"http:\/\/www.youtube.com\/v\/A3Fd1FW6mSM&amp;hl=en_US&amp;feature=player_embedded&amp;version=3\" allowscriptaccess=\"always\" allowfullscreen=\"true\"><\/embed><\/object><\/p>\n<p><span style=\"color: #ffffff;\">&#8211;<\/span><\/p>\n<p><span style=\"color: #000000;\">Sur son site (BBvert, cliquer <a href=\"http:\/\/www.bbvert.fr\" target=\"_blank\" rel=\"noopener\"><strong><span style=\"color: #ff0000;\">ICI<\/span><\/strong><\/a>) se trouvent de tr\u00e8s nombreux conseils, comme par exemple une plaquette sp\u00e9ciale assistantes maternelles ! (cliquer sur la photo ci dessous).<\/span><\/p>\n<p><span style=\"color: #000000;\">&#8211;<\/span><\/p>\n<p style=\"text-align: center;\"><span style=\"color: #000000;\"><a href=\"http:\/\/www.bbvert.fr\/images\/bbvert\/fichiers\/depliant_assmat.pdf\" target=\"_blank\" rel=\"noopener\"><img loading=\"lazy\" decoding=\"async\" class=\"size-full wp-image-4811 aligncenter\" title=\"img_mod_left_depliant\" src=\"http:\/\/www.frederic-poitou.com\/blog\/wp-content\/img_mod_left_depliant.jpg\" alt=\"img_mod_left_depliant\" width=\"146\" height=\"216\" \/><\/a><\/span><\/p>\n<p style=\"text-align: center;\">\n<p>Toujours aussi dynamique Fanny . Faut dire qu&rsquo;elle a \u00e9t\u00e9 \u00e0 bonne \u00e9cole, puisqu&rsquo;elle \u00e9tait responsable commerciale dans ma soci\u00e9t\u00e9 !<\/p>\n","protected":false},"excerpt":{"rendered":"<p>Pr\u00e9sent\u00e9e par Fanny Pouliquen, la m\u00eame qui avait particip\u00e9 \u00e0 l&rsquo;\u00e9colo kermesse organis\u00e9e l&rsquo;an pass\u00e9 \u00e0 Coudoux par la PEEP (cliquer ICI), voici la video \u00e9colo-pratique qui nous pr\u00e9sente les couches culotte recyclables, et lavables. &#8211; &#8211; Sur son site &hellip; <a href=\"https:\/\/www.frederic-poitou.com\/blog\/couches-culottes-ecolo\/\">Lire la suite\u00ad\u00ad<\/a><\/p>\n","protected":false},"author":4,"featured_media":0,"comment_status":"open","ping_status":"open","sticky":false,"template":"","format":"standard","meta":{"kt_blocks_editor_width":"","_exactmetrics_skip_tracking":false,"_exactmetrics_sitenote_active":false,"_exactmetrics_sitenote_note":"","_exactmetrics_sitenote_category":0,"footnotes":""},"categories":[48],"tags":[27],"class_list":["post-4807","post","type-post","status-publish","format-standard","hentry","category-accueil","tag-actualite"],"yoast_head":"<!-- This site is optimized with the Yoast SEO plugin v27.1.1 - https:\/\/yoast.com\/product\/yoast-seo-wordpress\/ -->\n<title>COUCHES CULOTTE ECOLO ... -<\/title>\n<meta name=\"robots\" content=\"index, follow, max-snippet:-1, max-image-preview:large, max-video-preview:-1\" \/>\n<link rel=\"canonical\" href=\"https:\/\/www.frederic-poitou.com\/blog\/couches-culottes-ecolo\/\" \/>\n<meta property=\"og:locale\" content=\"fr_FR\" \/>\n<meta property=\"og:type\" content=\"article\" \/>\n<meta property=\"og:title\" content=\"COUCHES CULOTTE ECOLO ... -\" \/>\n<meta property=\"og:description\" content=\"Pr\u00e9sent\u00e9e par Fanny Pouliquen, la m\u00eame qui avait particip\u00e9 \u00e0 l&rsquo;\u00e9colo kermesse organis\u00e9e l&rsquo;an pass\u00e9 \u00e0 Coudoux par la PEEP (cliquer ICI), voici la video \u00e9colo-pratique qui nous pr\u00e9sente les couches culotte recyclables, et lavables. &#8211; &#8211; Sur son site &hellip; Lire la suite\u00ad\u00ad\" \/>\n<meta property=\"og:url\" content=\"https:\/\/www.frederic-poitou.com\/blog\/couches-culottes-ecolo\/\" \/>\n<meta property=\"article:publisher\" content=\"https:\/\/www.facebook.com\/frederic.poitou\/\" \/>\n<meta property=\"article:published_time\" content=\"2023-07-13T19:02:32+00:00\" \/>\n<meta property=\"article:modified_time\" content=\"2026-04-11T08:29:20+00:00\" \/>\n<meta property=\"og:image\" content=\"http:\/\/www.frederic-poitou.com\/blog\/wp-content\/img_mod_left_depliant.jpg\" \/>\n<meta name=\"author\" content=\"Fr\u00e9d\u00e9ric Poitou\" \/>\n<meta name=\"twitter:card\" content=\"summary_large_image\" \/>\n<meta name=\"twitter:creator\" content=\"@fredericpoitou\" \/>\n<meta name=\"twitter:site\" content=\"@fredericpoitou\" \/>\n<meta name=\"twitter:label1\" content=\"\u00c9crit par\" \/>\n\t<meta name=\"twitter:data1\" content=\"Fr\u00e9d\u00e9ric Poitou\" \/>\n<script type=\"application\/ld+json\" class=\"yoast-schema-graph\">{\"@context\":\"https:\/\/schema.org\",\"@graph\":[{\"@type\":\"Article\",\"@id\":\"https:\/\/www.frederic-poitou.com\/blog\/couches-culottes-ecolo\/#article\",\"isPartOf\":{\"@id\":\"https:\/\/www.frederic-poitou.com\/blog\/couches-culottes-ecolo\/\"},\"author\":{\"name\":\"Fr\u00e9d\u00e9ric Poitou\",\"@id\":\"http:\/\/www.frederic-poitou.com\/blog\/#\/schema\/person\/e2c2d05e978747818533fdce859a7799\"},\"headline\":\"COUCHES CULOTTE ECOLO &#8230;\",\"datePublished\":\"2023-07-13T19:02:32+00:00\",\"dateModified\":\"2026-04-11T08:29:20+00:00\",\"mainEntityOfPage\":{\"@id\":\"https:\/\/www.frederic-poitou.com\/blog\/couches-culottes-ecolo\/\"},\"wordCount\":95,\"commentCount\":0,\"image\":{\"@id\":\"https:\/\/www.frederic-poitou.com\/blog\/couches-culottes-ecolo\/#primaryimage\"},\"thumbnailUrl\":\"http:\/\/www.frederic-poitou.com\/blog\/wp-content\/img_mod_left_depliant.jpg\",\"keywords\":[\"Actualit\u00e9\"],\"articleSection\":[\"Accueil\"],\"inLanguage\":\"fr-FR\",\"potentialAction\":[{\"@type\":\"CommentAction\",\"name\":\"Comment\",\"target\":[\"https:\/\/www.frederic-poitou.com\/blog\/couches-culottes-ecolo\/#respond\"]}]},{\"@type\":\"WebPage\",\"@id\":\"https:\/\/www.frederic-poitou.com\/blog\/couches-culottes-ecolo\/\",\"url\":\"https:\/\/www.frederic-poitou.com\/blog\/couches-culottes-ecolo\/\",\"name\":\"COUCHES CULOTTE ECOLO ... -\",\"isPartOf\":{\"@id\":\"http:\/\/www.frederic-poitou.com\/blog\/#website\"},\"primaryImageOfPage\":{\"@id\":\"https:\/\/www.frederic-poitou.com\/blog\/couches-culottes-ecolo\/#primaryimage\"},\"image\":{\"@id\":\"https:\/\/www.frederic-poitou.com\/blog\/couches-culottes-ecolo\/#primaryimage\"},\"thumbnailUrl\":\"http:\/\/www.frederic-poitou.com\/blog\/wp-content\/img_mod_left_depliant.jpg\",\"datePublished\":\"2023-07-13T19:02:32+00:00\",\"dateModified\":\"2026-04-11T08:29:20+00:00\",\"author\":{\"@id\":\"http:\/\/www.frederic-poitou.com\/blog\/#\/schema\/person\/e2c2d05e978747818533fdce859a7799\"},\"breadcrumb\":{\"@id\":\"https:\/\/www.frederic-poitou.com\/blog\/couches-culottes-ecolo\/#breadcrumb\"},\"inLanguage\":\"fr-FR\",\"potentialAction\":[{\"@type\":\"ReadAction\",\"target\":[\"https:\/\/www.frederic-poitou.com\/blog\/couches-culottes-ecolo\/\"]}]},{\"@type\":\"ImageObject\",\"inLanguage\":\"fr-FR\",\"@id\":\"https:\/\/www.frederic-poitou.com\/blog\/couches-culottes-ecolo\/#primaryimage\",\"url\":\"https:\/\/www.frederic-poitou.com\/blog\/wp-content\/img_mod_left_depliant.jpg\",\"contentUrl\":\"https:\/\/www.frederic-poitou.com\/blog\/wp-content\/img_mod_left_depliant.jpg\",\"width\":\"146\",\"height\":\"216\"},{\"@type\":\"BreadcrumbList\",\"@id\":\"https:\/\/www.frederic-poitou.com\/blog\/couches-culottes-ecolo\/#breadcrumb\",\"itemListElement\":[{\"@type\":\"ListItem\",\"position\":1,\"name\":\"Accueil\",\"item\":\"http:\/\/www.frederic-poitou.com\/blog\/\"},{\"@type\":\"ListItem\",\"position\":2,\"name\":\"COUCHES CULOTTE ECOLO &#8230;\"}]},{\"@type\":\"WebSite\",\"@id\":\"http:\/\/www.frederic-poitou.com\/blog\/#website\",\"url\":\"http:\/\/www.frederic-poitou.com\/blog\/\",\"name\":\"\",\"description\":\"\",\"potentialAction\":[{\"@type\":\"SearchAction\",\"target\":{\"@type\":\"EntryPoint\",\"urlTemplate\":\"http:\/\/www.frederic-poitou.com\/blog\/?s={search_term_string}\"},\"query-input\":{\"@type\":\"PropertyValueSpecification\",\"valueRequired\":true,\"valueName\":\"search_term_string\"}}],\"inLanguage\":\"fr-FR\"},{\"@type\":\"Person\",\"@id\":\"http:\/\/www.frederic-poitou.com\/blog\/#\/schema\/person\/e2c2d05e978747818533fdce859a7799\",\"name\":\"Fr\u00e9d\u00e9ric Poitou\",\"image\":{\"@type\":\"ImageObject\",\"inLanguage\":\"fr-FR\",\"@id\":\"http:\/\/www.frederic-poitou.com\/blog\/#\/schema\/person\/image\/\",\"url\":\"https:\/\/secure.gravatar.com\/avatar\/1933bcca279a2feafd35d9e0a080c521e11beb51115fe4cfe02e2586ac13424a?s=96&d=mm&r=g\",\"contentUrl\":\"https:\/\/secure.gravatar.com\/avatar\/1933bcca279a2feafd35d9e0a080c521e11beb51115fe4cfe02e2586ac13424a?s=96&d=mm&r=g\",\"caption\":\"Fr\u00e9d\u00e9ric Poitou\"},\"description\":\"Fr\u00e9d\u00e9ric Poitou est n\u00e9 \u00e0 Rouen, et y a fait des \u00e9tudes au Conservatoire en musique-\u00e9tudes en section piano. Il s'est ensuite orient\u00e9 vers des \u00e9tudes scientifiques o\u00f9 il a obtenu un dipl\u00f4me d'ing\u00e9nieur, puis un doctorat en Chimie. Il est Expert Judiciaire en France, en Belgique et \u00e0 Luxembourg, et agr\u00e9e par les Institutions Europ\u00e9ennes.\",\"sameAs\":[\"http:\/\/www.frederic-poitou.com\",\"https:\/\/www.linkedin.com\/in\/frederic-poitou-b045a025\/\"]}]}<\/script>\n<!-- \/ Yoast SEO plugin. -->","yoast_head_json":{"title":"COUCHES CULOTTE ECOLO ... -","robots":{"index":"index","follow":"follow","max-snippet":"max-snippet:-1","max-image-preview":"max-image-preview:large","max-video-preview":"max-video-preview:-1"},"canonical":"https:\/\/www.frederic-poitou.com\/blog\/couches-culottes-ecolo\/","og_locale":"fr_FR","og_type":"article","og_title":"COUCHES CULOTTE ECOLO ... -","og_description":"Pr\u00e9sent\u00e9e par Fanny Pouliquen, la m\u00eame qui avait particip\u00e9 \u00e0 l&rsquo;\u00e9colo kermesse organis\u00e9e l&rsquo;an pass\u00e9 \u00e0 Coudoux par la PEEP (cliquer ICI), voici la video \u00e9colo-pratique qui nous pr\u00e9sente les couches culotte recyclables, et lavables. &#8211; &#8211; Sur son site &hellip; Lire la suite\u00ad\u00ad","og_url":"https:\/\/www.frederic-poitou.com\/blog\/couches-culottes-ecolo\/","article_publisher":"https:\/\/www.facebook.com\/frederic.poitou\/","article_published_time":"2023-07-13T19:02:32+00:00","article_modified_time":"2026-04-11T08:29:20+00:00","og_image":[{"url":"http:\/\/www.frederic-poitou.com\/blog\/wp-content\/img_mod_left_depliant.jpg","type":"","width":"","height":""}],"author":"Fr\u00e9d\u00e9ric Poitou","twitter_card":"summary_large_image","twitter_creator":"@fredericpoitou","twitter_site":"@fredericpoitou","twitter_misc":{"\u00c9crit par":"Fr\u00e9d\u00e9ric Poitou"},"schema":{"@context":"https:\/\/schema.org","@graph":[{"@type":"Article","@id":"https:\/\/www.frederic-poitou.com\/blog\/couches-culottes-ecolo\/#article","isPartOf":{"@id":"https:\/\/www.frederic-poitou.com\/blog\/couches-culottes-ecolo\/"},"author":{"name":"Fr\u00e9d\u00e9ric Poitou","@id":"http:\/\/www.frederic-poitou.com\/blog\/#\/schema\/person\/e2c2d05e978747818533fdce859a7799"},"headline":"COUCHES CULOTTE ECOLO &#8230;","datePublished":"2023-07-13T19:02:32+00:00","dateModified":"2026-04-11T08:29:20+00:00","mainEntityOfPage":{"@id":"https:\/\/www.frederic-poitou.com\/blog\/couches-culottes-ecolo\/"},"wordCount":95,"commentCount":0,"image":{"@id":"https:\/\/www.frederic-poitou.com\/blog\/couches-culottes-ecolo\/#primaryimage"},"thumbnailUrl":"http:\/\/www.frederic-poitou.com\/blog\/wp-content\/img_mod_left_depliant.jpg","keywords":["Actualit\u00e9"],"articleSection":["Accueil"],"inLanguage":"fr-FR","potentialAction":[{"@type":"CommentAction","name":"Comment","target":["https:\/\/www.frederic-poitou.com\/blog\/couches-culottes-ecolo\/#respond"]}]},{"@type":"WebPage","@id":"https:\/\/www.frederic-poitou.com\/blog\/couches-culottes-ecolo\/","url":"https:\/\/www.frederic-poitou.com\/blog\/couches-culottes-ecolo\/","name":"COUCHES CULOTTE ECOLO ... -","isPartOf":{"@id":"http:\/\/www.frederic-poitou.com\/blog\/#website"},"primaryImageOfPage":{"@id":"https:\/\/www.frederic-poitou.com\/blog\/couches-culottes-ecolo\/#primaryimage"},"image":{"@id":"https:\/\/www.frederic-poitou.com\/blog\/couches-culottes-ecolo\/#primaryimage"},"thumbnailUrl":"http:\/\/www.frederic-poitou.com\/blog\/wp-content\/img_mod_left_depliant.jpg","datePublished":"2023-07-13T19:02:32+00:00","dateModified":"2026-04-11T08:29:20+00:00","author":{"@id":"http:\/\/www.frederic-poitou.com\/blog\/#\/schema\/person\/e2c2d05e978747818533fdce859a7799"},"breadcrumb":{"@id":"https:\/\/www.frederic-poitou.com\/blog\/couches-culottes-ecolo\/#breadcrumb"},"inLanguage":"fr-FR","potentialAction":[{"@type":"ReadAction","target":["https:\/\/www.frederic-poitou.com\/blog\/couches-culottes-ecolo\/"]}]},{"@type":"ImageObject","inLanguage":"fr-FR","@id":"https:\/\/www.frederic-poitou.com\/blog\/couches-culottes-ecolo\/#primaryimage","url":"https:\/\/www.frederic-poitou.com\/blog\/wp-content\/img_mod_left_depliant.jpg","contentUrl":"https:\/\/www.frederic-poitou.com\/blog\/wp-content\/img_mod_left_depliant.jpg","width":"146","height":"216"},{"@type":"BreadcrumbList","@id":"https:\/\/www.frederic-poitou.com\/blog\/couches-culottes-ecolo\/#breadcrumb","itemListElement":[{"@type":"ListItem","position":1,"name":"Accueil","item":"http:\/\/www.frederic-poitou.com\/blog\/"},{"@type":"ListItem","position":2,"name":"COUCHES CULOTTE ECOLO &#8230;"}]},{"@type":"WebSite","@id":"http:\/\/www.frederic-poitou.com\/blog\/#website","url":"http:\/\/www.frederic-poitou.com\/blog\/","name":"","description":"","potentialAction":[{"@type":"SearchAction","target":{"@type":"EntryPoint","urlTemplate":"http:\/\/www.frederic-poitou.com\/blog\/?s={search_term_string}"},"query-input":{"@type":"PropertyValueSpecification","valueRequired":true,"valueName":"search_term_string"}}],"inLanguage":"fr-FR"},{"@type":"Person","@id":"http:\/\/www.frederic-poitou.com\/blog\/#\/schema\/person\/e2c2d05e978747818533fdce859a7799","name":"Fr\u00e9d\u00e9ric Poitou","image":{"@type":"ImageObject","inLanguage":"fr-FR","@id":"http:\/\/www.frederic-poitou.com\/blog\/#\/schema\/person\/image\/","url":"https:\/\/secure.gravatar.com\/avatar\/1933bcca279a2feafd35d9e0a080c521e11beb51115fe4cfe02e2586ac13424a?s=96&d=mm&r=g","contentUrl":"https:\/\/secure.gravatar.com\/avatar\/1933bcca279a2feafd35d9e0a080c521e11beb51115fe4cfe02e2586ac13424a?s=96&d=mm&r=g","caption":"Fr\u00e9d\u00e9ric Poitou"},"description":"Fr\u00e9d\u00e9ric Poitou est n\u00e9 \u00e0 Rouen, et y a fait des \u00e9tudes au Conservatoire en musique-\u00e9tudes en section piano. Il s'est ensuite orient\u00e9 vers des \u00e9tudes scientifiques o\u00f9 il a obtenu un dipl\u00f4me d'ing\u00e9nieur, puis un doctorat en Chimie. Il est Expert Judiciaire en France, en Belgique et \u00e0 Luxembourg, et agr\u00e9e par les Institutions Europ\u00e9ennes.","sameAs":["http:\/\/www.frederic-poitou.com","https:\/\/www.linkedin.com\/in\/frederic-poitou-b045a025\/"]}]}},"_links":{"self":[{"href":"https:\/\/www.frederic-poitou.com\/blog\/wp-json\/wp\/v2\/posts\/4807","targetHints":{"allow":["GET"]}}],"collection":[{"href":"https:\/\/www.frederic-poitou.com\/blog\/wp-json\/wp\/v2\/posts"}],"about":[{"href":"https:\/\/www.frederic-poitou.com\/blog\/wp-json\/wp\/v2\/types\/post"}],"author":[{"embeddable":true,"href":"https:\/\/www.frederic-poitou.com\/blog\/wp-json\/wp\/v2\/users\/4"}],"replies":[{"embeddable":true,"href":"https:\/\/www.frederic-poitou.com\/blog\/wp-json\/wp\/v2\/comments?post=4807"}],"version-history":[{"count":1,"href":"https:\/\/www.frederic-poitou.com\/blog\/wp-json\/wp\/v2\/posts\/4807\/revisions"}],"predecessor-version":[{"id":10179,"href":"https:\/\/www.frederic-poitou.com\/blog\/wp-json\/wp\/v2\/posts\/4807\/revisions\/10179"}],"wp:attachment":[{"href":"https:\/\/www.frederic-poitou.com\/blog\/wp-json\/wp\/v2\/media?parent=4807"}],"wp:term":[{"taxonomy":"category","embeddable":true,"href":"https:\/\/www.frederic-poitou.com\/blog\/wp-json\/wp\/v2\/categories?post=4807"},{"taxonomy":"post_tag","embeddable":true,"href":"https:\/\/www.frederic-poitou.com\/blog\/wp-json\/wp\/v2\/tags?post=4807"}],"curies":[{"name":"wp","href":"https:\/\/api.w.org\/{rel}","templated":true}]}}