{"id":4426,"date":"2023-07-14T22:06:32","date_gmt":"2023-07-14T20:06:32","guid":{"rendered":"http:\/\/www.frederic-poitou.com\/blog\/?p=4426"},"modified":"2026-04-23T10:30:27","modified_gmt":"2026-04-23T08:30:27","slug":"la-belgique-pour-les-nuls-2","status":"publish","type":"post","link":"https:\/\/www.frederic-poitou.com\/blog\/la-belgique-pour-les-nuls-2\/","title":{"rendered":"LA BELGIQUE POUR LES NULS !"},"content":{"rendered":"<p>Ce pays que j\u2019adore, est totalement incompr\u00e9hensible pour un Fran\u00e7ais. Les Belges eux m\u00eames n\u2019y comprennent rien.<\/p>\n<p style=\"line-height: 26px; padding: 0px; margin: 0px;\">ARTE a produit une remarquable mise au point, qui traite en 4 mn de tous les param\u00e8tres \u00e0 l\u2019origine du probl\u00e8me de coexistence communautaire actuel. Ce petit sujet, remarquablement pr\u00e9sent\u00e9 sur une carte, revient sur l\u2019histoire (la courte histoire !) de la Belgique depuis 1830, le probl\u00e8me des trois communaut\u00e9s linguistiques, diff\u00e9rentes des communaut\u00e9s politiques, et la particularit\u00e9 de la r\u00e9gion dite \u201cBHV\u201d, avec la situation ubuesque des communes dites \u201c\u00e0 facilit\u00e9\u201d. On y parle aussi des cycles \u00e9conomiques qui ont v\u00e9cu la richesse de la Wallonie, richesse li\u00e9e au charbon et \u00e0 l\u2019acier qui a d\u00e9clin\u00e9 dans les ann\u00e9es \u2019septante\u201d, puis le d\u00e9veloppement de la Flandre qui se trouve \u2013 actuellement \u2013 en situation de domination financi\u00e8re, \u00e9conomique et industrielle.<\/p>\n<p style=\"line-height: 26px; padding: 0px; margin: 0px;\">Ci apr\u00e8s deux versions de la Belgique :<\/p>\n<p style=\"line-height: 26px; padding: 0px; margin: 0px;\">L&rsquo;une historique, l&rsquo;autre institutionnelle &#8230;<\/p>\n<p style=\"line-height: 26px; padding: 0px; margin: 0px;\"><span style=\"color: #ffffff;\">&#8212;&#8212;&#8212;&#8212;-<\/span><\/p>\n<p style=\"line-height: 26px; padding: 0px; margin: 0px;\">\n<p style=\"line-height: 26px; padding: 0px; margin: 0px;\"><span style=\"color: #ffffff;\">&#8212;&#8212;&#8212;&#8212;-<\/span><\/p>\n<h3 style=\"text-align: center;\"><strong>LA BELGIQUE : CECI N&rsquo;EST PAS UN PAYS<\/strong><\/h3>\n<p style=\"line-height: 26px; text-align: center; padding: 0px; margin: 0px;\"><span style=\"line-height: 19px;\"><object classid=\"clsid:d27cdb6e-ae6d-11cf-96b8-444553540000\" width=\"480\" height=\"360\" codebase=\"http:\/\/download.macromedia.com\/pub\/shockwave\/cabs\/flash\/swflash.cab#version=6,0,40,0\"><param name=\"allowFullScreen\" value=\"true\" \/><param name=\"allowScriptAccess\" value=\"always\" \/><param name=\"src\" value=\"http:\/\/www.dailymotion.com\/swf\/video\/xfq414_la-belgique-c-est-facile-2_news?additionalInfos=0\" \/><param name=\"allowfullscreen\" value=\"true\" \/><embed type=\"application\/x-shockwave-flash\" width=\"480\" height=\"360\" src=\"http:\/\/www.dailymotion.com\/swf\/video\/xfq414_la-belgique-c-est-facile-2_news?additionalInfos=0\" allowscriptaccess=\"always\" allowfullscreen=\"true\"><\/embed><\/object><\/span><\/p>\n<p style=\"line-height: 26px; text-align: center; padding: 0px; margin: 0px;\"><span style=\"color: #ffffff;\"><br \/>\n<\/span><\/p>\n<p style=\"line-height: 26px; text-align: center; padding: 0px; margin: 0px;\"><span style=\"line-height: 19px;\"><span style=\"color: #ffffff;\">&#8212;&#8212;&#8212;&#8212;<\/span><\/span><\/p>\n<p style=\"line-height: 26px; text-align: center; padding: 0px; margin: 0px;\"><span style=\"color: #ffffff;\"><br \/>\n<\/span><\/p>\n<p style=\"line-height: 26px; text-align: center; padding: 0px; margin: 0px;\"><span style=\"line-height: 19px;\"><span style=\"color: #ffffff;\">&#8212;&#8212;&#8212;&#8212;-<\/span><\/span><\/p>\n<p style=\"line-height: 26px; text-align: center; padding: 0px; margin: 0px;\"><span style=\"line-height: 19px;\">LA BELGIQUE : MALGRE TOUT, CECI EST UN PAYS !<\/span><\/p>\n<p style=\"line-height: 26px; text-align: center; padding: 0px; margin: 0px;\"><span style=\"line-height: 19px;\"><object classid=\"clsid:d27cdb6e-ae6d-11cf-96b8-444553540000\" width=\"480\" height=\"270\" codebase=\"http:\/\/download.macromedia.com\/pub\/shockwave\/cabs\/flash\/swflash.cab#version=6,0,40,0\"><param name=\"allowFullScreen\" value=\"true\" \/><param name=\"allowScriptAccess\" value=\"always\" \/><param name=\"src\" value=\"http:\/\/www.dailymotion.com\/swf\/video\/xfq2cy_la-belgique-c-est-facile_news?additionalInfos=0\" \/><param name=\"allowfullscreen\" value=\"true\" \/><embed type=\"application\/x-shockwave-flash\" width=\"480\" height=\"270\" src=\"http:\/\/www.dailymotion.com\/swf\/video\/xfq2cy_la-belgique-c-est-facile_news?additionalInfos=0\" allowscriptaccess=\"always\" allowfullscreen=\"true\"><\/embed><\/object><\/span><\/p>\n","protected":false},"excerpt":{"rendered":"<p>Ce pays que j\u2019adore, est totalement incompr\u00e9hensible pour un Fran\u00e7ais. Les Belges eux m\u00eames n\u2019y comprennent rien. ARTE a produit une remarquable mise au point, qui traite en 4 mn de tous les param\u00e8tres \u00e0 l\u2019origine du probl\u00e8me de coexistence &hellip; <a href=\"https:\/\/www.frederic-poitou.com\/blog\/la-belgique-pour-les-nuls-2\/\">Lire la suite\u00ad\u00ad<\/a><\/p>\n","protected":false},"author":4,"featured_media":0,"comment_status":"open","ping_status":"open","sticky":false,"template":"","format":"standard","meta":{"kt_blocks_editor_width":"","_exactmetrics_skip_tracking":false,"_exactmetrics_sitenote_active":false,"_exactmetrics_sitenote_note":"","_exactmetrics_sitenote_category":0,"footnotes":""},"categories":[1],"tags":[27,50,33,25,24],"class_list":["post-4426","post","type-post","status-publish","format-standard","hentry","category-politique-economie","tag-actualite","tag-politique-economie","tag-mouvement-reformateur","tag-parti-radical","tag-politique"],"yoast_head":"<!-- This site is optimized with the Yoast SEO plugin v27.1.1 - https:\/\/yoast.com\/product\/yoast-seo-wordpress\/ -->\n<title>LA BELGIQUE POUR LES NULS ! -<\/title>\n<meta name=\"robots\" content=\"index, follow, max-snippet:-1, max-image-preview:large, max-video-preview:-1\" \/>\n<link rel=\"canonical\" href=\"https:\/\/www.frederic-poitou.com\/blog\/la-belgique-pour-les-nuls-2\/\" \/>\n<meta property=\"og:locale\" content=\"fr_FR\" \/>\n<meta property=\"og:type\" content=\"article\" \/>\n<meta property=\"og:title\" content=\"LA BELGIQUE POUR LES NULS ! -\" \/>\n<meta property=\"og:description\" content=\"Ce pays que j\u2019adore, est totalement incompr\u00e9hensible pour un Fran\u00e7ais. Les Belges eux m\u00eames n\u2019y comprennent rien. ARTE a produit une remarquable mise au point, qui traite en 4 mn de tous les param\u00e8tres \u00e0 l\u2019origine du probl\u00e8me de coexistence &hellip; Lire la suite\u00ad\u00ad\" \/>\n<meta property=\"og:url\" content=\"https:\/\/www.frederic-poitou.com\/blog\/la-belgique-pour-les-nuls-2\/\" \/>\n<meta property=\"article:publisher\" content=\"https:\/\/www.facebook.com\/frederic.poitou\/\" \/>\n<meta property=\"article:published_time\" content=\"2023-07-14T20:06:32+00:00\" \/>\n<meta property=\"article:modified_time\" content=\"2026-04-23T08:30:27+00:00\" \/>\n<meta name=\"author\" content=\"Fr\u00e9d\u00e9ric Poitou\" \/>\n<meta name=\"twitter:card\" content=\"summary_large_image\" \/>\n<meta name=\"twitter:creator\" content=\"@fredericpoitou\" \/>\n<meta name=\"twitter:site\" content=\"@fredericpoitou\" \/>\n<meta name=\"twitter:label1\" content=\"\u00c9crit par\" \/>\n\t<meta name=\"twitter:data1\" content=\"Fr\u00e9d\u00e9ric Poitou\" \/>\n\t<meta name=\"twitter:label2\" content=\"Dur\u00e9e de lecture estim\u00e9e\" \/>\n\t<meta name=\"twitter:data2\" content=\"1 minute\" \/>\n<script type=\"application\/ld+json\" class=\"yoast-schema-graph\">{\"@context\":\"https:\/\/schema.org\",\"@graph\":[{\"@type\":\"Article\",\"@id\":\"https:\/\/www.frederic-poitou.com\/blog\/la-belgique-pour-les-nuls-2\/#article\",\"isPartOf\":{\"@id\":\"https:\/\/www.frederic-poitou.com\/blog\/la-belgique-pour-les-nuls-2\/\"},\"author\":{\"name\":\"Fr\u00e9d\u00e9ric Poitou\",\"@id\":\"http:\/\/www.frederic-poitou.com\/blog\/#\/schema\/person\/e2c2d05e978747818533fdce859a7799\"},\"headline\":\"LA BELGIQUE POUR LES NULS !\",\"datePublished\":\"2023-07-14T20:06:32+00:00\",\"dateModified\":\"2026-04-23T08:30:27+00:00\",\"mainEntityOfPage\":{\"@id\":\"https:\/\/www.frederic-poitou.com\/blog\/la-belgique-pour-les-nuls-2\/\"},\"wordCount\":191,\"commentCount\":0,\"keywords\":[\"Actualit\u00e9\",\"Divers\",\"MOUVEMENT REFORMATEUR\",\"PARTI RADICAL\",\"Politique\"],\"articleSection\":[\"Divers\"],\"inLanguage\":\"fr-FR\",\"potentialAction\":[{\"@type\":\"CommentAction\",\"name\":\"Comment\",\"target\":[\"https:\/\/www.frederic-poitou.com\/blog\/la-belgique-pour-les-nuls-2\/#respond\"]}]},{\"@type\":\"WebPage\",\"@id\":\"https:\/\/www.frederic-poitou.com\/blog\/la-belgique-pour-les-nuls-2\/\",\"url\":\"https:\/\/www.frederic-poitou.com\/blog\/la-belgique-pour-les-nuls-2\/\",\"name\":\"LA BELGIQUE POUR LES NULS ! -\",\"isPartOf\":{\"@id\":\"http:\/\/www.frederic-poitou.com\/blog\/#website\"},\"datePublished\":\"2023-07-14T20:06:32+00:00\",\"dateModified\":\"2026-04-23T08:30:27+00:00\",\"author\":{\"@id\":\"http:\/\/www.frederic-poitou.com\/blog\/#\/schema\/person\/e2c2d05e978747818533fdce859a7799\"},\"breadcrumb\":{\"@id\":\"https:\/\/www.frederic-poitou.com\/blog\/la-belgique-pour-les-nuls-2\/#breadcrumb\"},\"inLanguage\":\"fr-FR\",\"potentialAction\":[{\"@type\":\"ReadAction\",\"target\":[\"https:\/\/www.frederic-poitou.com\/blog\/la-belgique-pour-les-nuls-2\/\"]}]},{\"@type\":\"BreadcrumbList\",\"@id\":\"https:\/\/www.frederic-poitou.com\/blog\/la-belgique-pour-les-nuls-2\/#breadcrumb\",\"itemListElement\":[{\"@type\":\"ListItem\",\"position\":1,\"name\":\"Accueil\",\"item\":\"http:\/\/www.frederic-poitou.com\/blog\/\"},{\"@type\":\"ListItem\",\"position\":2,\"name\":\"LA BELGIQUE POUR LES NULS !\"}]},{\"@type\":\"WebSite\",\"@id\":\"http:\/\/www.frederic-poitou.com\/blog\/#website\",\"url\":\"http:\/\/www.frederic-poitou.com\/blog\/\",\"name\":\"\",\"description\":\"\",\"potentialAction\":[{\"@type\":\"SearchAction\",\"target\":{\"@type\":\"EntryPoint\",\"urlTemplate\":\"http:\/\/www.frederic-poitou.com\/blog\/?s={search_term_string}\"},\"query-input\":{\"@type\":\"PropertyValueSpecification\",\"valueRequired\":true,\"valueName\":\"search_term_string\"}}],\"inLanguage\":\"fr-FR\"},{\"@type\":\"Person\",\"@id\":\"http:\/\/www.frederic-poitou.com\/blog\/#\/schema\/person\/e2c2d05e978747818533fdce859a7799\",\"name\":\"Fr\u00e9d\u00e9ric Poitou\",\"image\":{\"@type\":\"ImageObject\",\"inLanguage\":\"fr-FR\",\"@id\":\"http:\/\/www.frederic-poitou.com\/blog\/#\/schema\/person\/image\/\",\"url\":\"https:\/\/secure.gravatar.com\/avatar\/1933bcca279a2feafd35d9e0a080c521e11beb51115fe4cfe02e2586ac13424a?s=96&d=mm&r=g\",\"contentUrl\":\"https:\/\/secure.gravatar.com\/avatar\/1933bcca279a2feafd35d9e0a080c521e11beb51115fe4cfe02e2586ac13424a?s=96&d=mm&r=g\",\"caption\":\"Fr\u00e9d\u00e9ric Poitou\"},\"description\":\"Fr\u00e9d\u00e9ric Poitou est n\u00e9 \u00e0 Rouen, et y a fait des \u00e9tudes au Conservatoire en musique-\u00e9tudes en section piano. Il s'est ensuite orient\u00e9 vers des \u00e9tudes scientifiques o\u00f9 il a obtenu un dipl\u00f4me d'ing\u00e9nieur, puis un doctorat en Chimie. Il est Expert Judiciaire en France, en Belgique et \u00e0 Luxembourg, et agr\u00e9e par les Institutions Europ\u00e9ennes.\",\"sameAs\":[\"http:\/\/www.frederic-poitou.com\",\"https:\/\/www.linkedin.com\/in\/frederic-poitou-b045a025\/\"]}]}<\/script>\n<!-- \/ Yoast SEO plugin. -->","yoast_head_json":{"title":"LA BELGIQUE POUR LES NULS ! -","robots":{"index":"index","follow":"follow","max-snippet":"max-snippet:-1","max-image-preview":"max-image-preview:large","max-video-preview":"max-video-preview:-1"},"canonical":"https:\/\/www.frederic-poitou.com\/blog\/la-belgique-pour-les-nuls-2\/","og_locale":"fr_FR","og_type":"article","og_title":"LA BELGIQUE POUR LES NULS ! -","og_description":"Ce pays que j\u2019adore, est totalement incompr\u00e9hensible pour un Fran\u00e7ais. Les Belges eux m\u00eames n\u2019y comprennent rien. ARTE a produit une remarquable mise au point, qui traite en 4 mn de tous les param\u00e8tres \u00e0 l\u2019origine du probl\u00e8me de coexistence &hellip; Lire la suite\u00ad\u00ad","og_url":"https:\/\/www.frederic-poitou.com\/blog\/la-belgique-pour-les-nuls-2\/","article_publisher":"https:\/\/www.facebook.com\/frederic.poitou\/","article_published_time":"2023-07-14T20:06:32+00:00","article_modified_time":"2026-04-23T08:30:27+00:00","author":"Fr\u00e9d\u00e9ric Poitou","twitter_card":"summary_large_image","twitter_creator":"@fredericpoitou","twitter_site":"@fredericpoitou","twitter_misc":{"\u00c9crit par":"Fr\u00e9d\u00e9ric Poitou","Dur\u00e9e de lecture estim\u00e9e":"1 minute"},"schema":{"@context":"https:\/\/schema.org","@graph":[{"@type":"Article","@id":"https:\/\/www.frederic-poitou.com\/blog\/la-belgique-pour-les-nuls-2\/#article","isPartOf":{"@id":"https:\/\/www.frederic-poitou.com\/blog\/la-belgique-pour-les-nuls-2\/"},"author":{"name":"Fr\u00e9d\u00e9ric Poitou","@id":"http:\/\/www.frederic-poitou.com\/blog\/#\/schema\/person\/e2c2d05e978747818533fdce859a7799"},"headline":"LA BELGIQUE POUR LES NULS !","datePublished":"2023-07-14T20:06:32+00:00","dateModified":"2026-04-23T08:30:27+00:00","mainEntityOfPage":{"@id":"https:\/\/www.frederic-poitou.com\/blog\/la-belgique-pour-les-nuls-2\/"},"wordCount":191,"commentCount":0,"keywords":["Actualit\u00e9","Divers","MOUVEMENT REFORMATEUR","PARTI RADICAL","Politique"],"articleSection":["Divers"],"inLanguage":"fr-FR","potentialAction":[{"@type":"CommentAction","name":"Comment","target":["https:\/\/www.frederic-poitou.com\/blog\/la-belgique-pour-les-nuls-2\/#respond"]}]},{"@type":"WebPage","@id":"https:\/\/www.frederic-poitou.com\/blog\/la-belgique-pour-les-nuls-2\/","url":"https:\/\/www.frederic-poitou.com\/blog\/la-belgique-pour-les-nuls-2\/","name":"LA BELGIQUE POUR LES NULS ! -","isPartOf":{"@id":"http:\/\/www.frederic-poitou.com\/blog\/#website"},"datePublished":"2023-07-14T20:06:32+00:00","dateModified":"2026-04-23T08:30:27+00:00","author":{"@id":"http:\/\/www.frederic-poitou.com\/blog\/#\/schema\/person\/e2c2d05e978747818533fdce859a7799"},"breadcrumb":{"@id":"https:\/\/www.frederic-poitou.com\/blog\/la-belgique-pour-les-nuls-2\/#breadcrumb"},"inLanguage":"fr-FR","potentialAction":[{"@type":"ReadAction","target":["https:\/\/www.frederic-poitou.com\/blog\/la-belgique-pour-les-nuls-2\/"]}]},{"@type":"BreadcrumbList","@id":"https:\/\/www.frederic-poitou.com\/blog\/la-belgique-pour-les-nuls-2\/#breadcrumb","itemListElement":[{"@type":"ListItem","position":1,"name":"Accueil","item":"http:\/\/www.frederic-poitou.com\/blog\/"},{"@type":"ListItem","position":2,"name":"LA BELGIQUE POUR LES NULS !"}]},{"@type":"WebSite","@id":"http:\/\/www.frederic-poitou.com\/blog\/#website","url":"http:\/\/www.frederic-poitou.com\/blog\/","name":"","description":"","potentialAction":[{"@type":"SearchAction","target":{"@type":"EntryPoint","urlTemplate":"http:\/\/www.frederic-poitou.com\/blog\/?s={search_term_string}"},"query-input":{"@type":"PropertyValueSpecification","valueRequired":true,"valueName":"search_term_string"}}],"inLanguage":"fr-FR"},{"@type":"Person","@id":"http:\/\/www.frederic-poitou.com\/blog\/#\/schema\/person\/e2c2d05e978747818533fdce859a7799","name":"Fr\u00e9d\u00e9ric Poitou","image":{"@type":"ImageObject","inLanguage":"fr-FR","@id":"http:\/\/www.frederic-poitou.com\/blog\/#\/schema\/person\/image\/","url":"https:\/\/secure.gravatar.com\/avatar\/1933bcca279a2feafd35d9e0a080c521e11beb51115fe4cfe02e2586ac13424a?s=96&d=mm&r=g","contentUrl":"https:\/\/secure.gravatar.com\/avatar\/1933bcca279a2feafd35d9e0a080c521e11beb51115fe4cfe02e2586ac13424a?s=96&d=mm&r=g","caption":"Fr\u00e9d\u00e9ric Poitou"},"description":"Fr\u00e9d\u00e9ric Poitou est n\u00e9 \u00e0 Rouen, et y a fait des \u00e9tudes au Conservatoire en musique-\u00e9tudes en section piano. Il s'est ensuite orient\u00e9 vers des \u00e9tudes scientifiques o\u00f9 il a obtenu un dipl\u00f4me d'ing\u00e9nieur, puis un doctorat en Chimie. Il est Expert Judiciaire en France, en Belgique et \u00e0 Luxembourg, et agr\u00e9e par les Institutions Europ\u00e9ennes.","sameAs":["http:\/\/www.frederic-poitou.com","https:\/\/www.linkedin.com\/in\/frederic-poitou-b045a025\/"]}]}},"_links":{"self":[{"href":"https:\/\/www.frederic-poitou.com\/blog\/wp-json\/wp\/v2\/posts\/4426","targetHints":{"allow":["GET"]}}],"collection":[{"href":"https:\/\/www.frederic-poitou.com\/blog\/wp-json\/wp\/v2\/posts"}],"about":[{"href":"https:\/\/www.frederic-poitou.com\/blog\/wp-json\/wp\/v2\/types\/post"}],"author":[{"embeddable":true,"href":"https:\/\/www.frederic-poitou.com\/blog\/wp-json\/wp\/v2\/users\/4"}],"replies":[{"embeddable":true,"href":"https:\/\/www.frederic-poitou.com\/blog\/wp-json\/wp\/v2\/comments?post=4426"}],"version-history":[{"count":1,"href":"https:\/\/www.frederic-poitou.com\/blog\/wp-json\/wp\/v2\/posts\/4426\/revisions"}],"predecessor-version":[{"id":10166,"href":"https:\/\/www.frederic-poitou.com\/blog\/wp-json\/wp\/v2\/posts\/4426\/revisions\/10166"}],"wp:attachment":[{"href":"https:\/\/www.frederic-poitou.com\/blog\/wp-json\/wp\/v2\/media?parent=4426"}],"wp:term":[{"taxonomy":"category","embeddable":true,"href":"https:\/\/www.frederic-poitou.com\/blog\/wp-json\/wp\/v2\/categories?post=4426"},{"taxonomy":"post_tag","embeddable":true,"href":"https:\/\/www.frederic-poitou.com\/blog\/wp-json\/wp\/v2\/tags?post=4426"}],"curies":[{"name":"wp","href":"https:\/\/api.w.org\/{rel}","templated":true}]}}