{"id":4386,"date":"2023-07-15T04:10:32","date_gmt":"2023-07-15T02:10:32","guid":{"rendered":"http:\/\/www.frederic-poitou.com\/blog\/?p=4386"},"modified":"2026-04-25T08:50:55","modified_gmt":"2026-04-25T06:50:55","slug":"flamand-le-wallon-de-marseille","status":"publish","type":"post","link":"https:\/\/www.frederic-poitou.com\/blog\/flamand-le-wallon-de-marseille\/","title":{"rendered":"FLAMAND : LE WALLON DE MARSEILLE !"},"content":{"rendered":"<p>Un petit focus sur les Belges de Marseille.<\/p>\n<p>Du Flamand, Fr\u00e9d\u00e9ric le Wallon qui dirige l&rsquo;Op\u00e9ra de Marseille avec des accents d&rsquo;int\u00e9gration sociale via la danse agr\u00e9ables \u00e0 entendre, \u00e0 Fr\u00e9d\u00e9ric le Bruxellois qui a cr\u00e9e \u00e0 Marseille la maison du Pastis dans laquelle il\u00a0commercialise quatre vingt quinze pastagas diff\u00e9rents, en passant par Philippe Bostem, Consul G\u00e9n\u00e9ral tr\u00e8s avenant, affable, toujours disponible pour soutenir une initiative rapprochant son pays, du notre, puis\u00a0un clin d&rsquo;oeil vers de complets bargeots. Les Belges du 13\u00a0qui ont achet\u00e9 un bout de l&rsquo;atomium de Bruxelles, et qui en ont fait un mus\u00e9e itin\u00e9rant du bout d&rsquo;atomium de Marseille. Y&rsquo;a que des Belges pour faire un truc pareil !<\/p>\n<p>Bravo \u00e0 la RTB d&rsquo;avoir pens\u00e9 \u00e0 le faire.<\/p>\n<p>Vous revenez quand vous voulez !<\/p>\n<p><span style=\"color: #ffffff;\">&#8212;&#8212;&#8212;&#8212;&#8211;<\/span><\/p>\n<p><span style=\"color: #ffffff;\">&#8212;&#8212;&#8212;&#8212;<\/span><\/p>\n<p style=\"text-align: center;\"><object classid=\"clsid:d27cdb6e-ae6d-11cf-96b8-444553540000\" width=\"480\" height=\"360\" codebase=\"http:\/\/download.macromedia.com\/pub\/shockwave\/cabs\/flash\/swflash.cab#version=6,0,40,0\"><param name=\"allowFullScreen\" value=\"true\" \/><param name=\"allowScriptAccess\" value=\"always\" \/><param name=\"src\" value=\"http:\/\/www.dailymotion.com\/swf\/video\/xfnp99_belges-marseille-belges-paca_news?additionalInfos=0\" \/><param name=\"allowfullscreen\" value=\"true\" \/><embed type=\"application\/x-shockwave-flash\" width=\"480\" height=\"360\" src=\"http:\/\/www.dailymotion.com\/swf\/video\/xfnp99_belges-marseille-belges-paca_news?additionalInfos=0\" allowscriptaccess=\"always\" allowfullscreen=\"true\"><\/embed><\/object><\/p>\n<p style=\"text-align: center;\">\n<p><span style=\"color: #ffffff;\">&#8212;&#8212;&#8212;&#8212;&#8211;<\/span><\/p>\n<p><span style=\"color: #ffffff;\">&#8212;&#8212;&#8212;&#8212;<\/span><\/p>\n","protected":false},"excerpt":{"rendered":"<p>Un petit focus sur les Belges de Marseille. Du Flamand, Fr\u00e9d\u00e9ric le Wallon qui dirige l&rsquo;Op\u00e9ra de Marseille avec des accents d&rsquo;int\u00e9gration sociale via la danse agr\u00e9ables \u00e0 entendre, \u00e0 Fr\u00e9d\u00e9ric le Bruxellois qui a cr\u00e9e \u00e0 Marseille la maison &hellip; <a href=\"https:\/\/www.frederic-poitou.com\/blog\/flamand-le-wallon-de-marseille\/\">Lire la suite\u00ad\u00ad<\/a><\/p>\n","protected":false},"author":4,"featured_media":0,"comment_status":"open","ping_status":"open","sticky":false,"template":"","format":"standard","meta":{"kt_blocks_editor_width":"","_exactmetrics_skip_tracking":false,"_exactmetrics_sitenote_active":false,"_exactmetrics_sitenote_note":"","_exactmetrics_sitenote_category":0,"footnotes":""},"categories":[48],"tags":[27,33,28],"class_list":["post-4386","post","type-post","status-publish","format-standard","hentry","category-accueil","tag-actualite","tag-mouvement-reformateur","tag-wallonie"],"yoast_head":"<!-- This site is optimized with the Yoast SEO plugin v27.1.1 - https:\/\/yoast.com\/product\/yoast-seo-wordpress\/ -->\n<title>FLAMAND : LE WALLON DE MARSEILLE ! -<\/title>\n<meta name=\"robots\" content=\"index, follow, max-snippet:-1, max-image-preview:large, max-video-preview:-1\" \/>\n<link rel=\"canonical\" href=\"https:\/\/www.frederic-poitou.com\/blog\/flamand-le-wallon-de-marseille\/\" \/>\n<meta property=\"og:locale\" content=\"fr_FR\" \/>\n<meta property=\"og:type\" content=\"article\" \/>\n<meta property=\"og:title\" content=\"FLAMAND : LE WALLON DE MARSEILLE ! -\" \/>\n<meta property=\"og:description\" content=\"Un petit focus sur les Belges de Marseille. Du Flamand, Fr\u00e9d\u00e9ric le Wallon qui dirige l&rsquo;Op\u00e9ra de Marseille avec des accents d&rsquo;int\u00e9gration sociale via la danse agr\u00e9ables \u00e0 entendre, \u00e0 Fr\u00e9d\u00e9ric le Bruxellois qui a cr\u00e9e \u00e0 Marseille la maison &hellip; Lire la suite\u00ad\u00ad\" \/>\n<meta property=\"og:url\" content=\"https:\/\/www.frederic-poitou.com\/blog\/flamand-le-wallon-de-marseille\/\" \/>\n<meta property=\"article:publisher\" content=\"https:\/\/www.facebook.com\/frederic.poitou\/\" \/>\n<meta property=\"article:published_time\" content=\"2023-07-15T02:10:32+00:00\" \/>\n<meta property=\"article:modified_time\" content=\"2026-04-25T06:50:55+00:00\" \/>\n<meta name=\"author\" content=\"Fr\u00e9d\u00e9ric Poitou\" \/>\n<meta name=\"twitter:card\" content=\"summary_large_image\" \/>\n<meta name=\"twitter:creator\" content=\"@fredericpoitou\" \/>\n<meta name=\"twitter:site\" content=\"@fredericpoitou\" \/>\n<meta name=\"twitter:label1\" content=\"\u00c9crit par\" \/>\n\t<meta name=\"twitter:data1\" content=\"Fr\u00e9d\u00e9ric Poitou\" \/>\n\t<meta name=\"twitter:label2\" content=\"Dur\u00e9e de lecture estim\u00e9e\" \/>\n\t<meta name=\"twitter:data2\" content=\"1 minute\" \/>\n<script type=\"application\/ld+json\" class=\"yoast-schema-graph\">{\"@context\":\"https:\/\/schema.org\",\"@graph\":[{\"@type\":\"Article\",\"@id\":\"https:\/\/www.frederic-poitou.com\/blog\/flamand-le-wallon-de-marseille\/#article\",\"isPartOf\":{\"@id\":\"https:\/\/www.frederic-poitou.com\/blog\/flamand-le-wallon-de-marseille\/\"},\"author\":{\"name\":\"Fr\u00e9d\u00e9ric Poitou\",\"@id\":\"https:\/\/www.frederic-poitou.com\/blog\/#\/schema\/person\/e2c2d05e978747818533fdce859a7799\"},\"headline\":\"FLAMAND : LE WALLON DE MARSEILLE !\",\"datePublished\":\"2023-07-15T02:10:32+00:00\",\"dateModified\":\"2026-04-25T06:50:55+00:00\",\"mainEntityOfPage\":{\"@id\":\"https:\/\/www.frederic-poitou.com\/blog\/flamand-le-wallon-de-marseille\/\"},\"wordCount\":153,\"commentCount\":0,\"keywords\":[\"Actualit\u00e9\",\"MOUVEMENT REFORMATEUR\",\"WALLONIE\"],\"articleSection\":[\"Accueil\"],\"inLanguage\":\"fr-FR\",\"potentialAction\":[{\"@type\":\"CommentAction\",\"name\":\"Comment\",\"target\":[\"https:\/\/www.frederic-poitou.com\/blog\/flamand-le-wallon-de-marseille\/#respond\"]}]},{\"@type\":\"WebPage\",\"@id\":\"https:\/\/www.frederic-poitou.com\/blog\/flamand-le-wallon-de-marseille\/\",\"url\":\"https:\/\/www.frederic-poitou.com\/blog\/flamand-le-wallon-de-marseille\/\",\"name\":\"FLAMAND : LE WALLON DE MARSEILLE ! -\",\"isPartOf\":{\"@id\":\"https:\/\/www.frederic-poitou.com\/blog\/#website\"},\"datePublished\":\"2023-07-15T02:10:32+00:00\",\"dateModified\":\"2026-04-25T06:50:55+00:00\",\"author\":{\"@id\":\"https:\/\/www.frederic-poitou.com\/blog\/#\/schema\/person\/e2c2d05e978747818533fdce859a7799\"},\"breadcrumb\":{\"@id\":\"https:\/\/www.frederic-poitou.com\/blog\/flamand-le-wallon-de-marseille\/#breadcrumb\"},\"inLanguage\":\"fr-FR\",\"potentialAction\":[{\"@type\":\"ReadAction\",\"target\":[\"https:\/\/www.frederic-poitou.com\/blog\/flamand-le-wallon-de-marseille\/\"]}]},{\"@type\":\"BreadcrumbList\",\"@id\":\"https:\/\/www.frederic-poitou.com\/blog\/flamand-le-wallon-de-marseille\/#breadcrumb\",\"itemListElement\":[{\"@type\":\"ListItem\",\"position\":1,\"name\":\"Accueil\",\"item\":\"https:\/\/www.frederic-poitou.com\/blog\/\"},{\"@type\":\"ListItem\",\"position\":2,\"name\":\"FLAMAND : LE WALLON DE MARSEILLE !\"}]},{\"@type\":\"WebSite\",\"@id\":\"https:\/\/www.frederic-poitou.com\/blog\/#website\",\"url\":\"https:\/\/www.frederic-poitou.com\/blog\/\",\"name\":\"\",\"description\":\"\",\"potentialAction\":[{\"@type\":\"SearchAction\",\"target\":{\"@type\":\"EntryPoint\",\"urlTemplate\":\"https:\/\/www.frederic-poitou.com\/blog\/?s={search_term_string}\"},\"query-input\":{\"@type\":\"PropertyValueSpecification\",\"valueRequired\":true,\"valueName\":\"search_term_string\"}}],\"inLanguage\":\"fr-FR\"},{\"@type\":\"Person\",\"@id\":\"https:\/\/www.frederic-poitou.com\/blog\/#\/schema\/person\/e2c2d05e978747818533fdce859a7799\",\"name\":\"Fr\u00e9d\u00e9ric Poitou\",\"image\":{\"@type\":\"ImageObject\",\"inLanguage\":\"fr-FR\",\"@id\":\"https:\/\/www.frederic-poitou.com\/blog\/#\/schema\/person\/image\/\",\"url\":\"https:\/\/secure.gravatar.com\/avatar\/1933bcca279a2feafd35d9e0a080c521e11beb51115fe4cfe02e2586ac13424a?s=96&d=mm&r=g\",\"contentUrl\":\"https:\/\/secure.gravatar.com\/avatar\/1933bcca279a2feafd35d9e0a080c521e11beb51115fe4cfe02e2586ac13424a?s=96&d=mm&r=g\",\"caption\":\"Fr\u00e9d\u00e9ric Poitou\"},\"description\":\"Fr\u00e9d\u00e9ric Poitou est n\u00e9 \u00e0 Rouen, et y a fait des \u00e9tudes au Conservatoire en musique-\u00e9tudes en section piano. Il s'est ensuite orient\u00e9 vers des \u00e9tudes scientifiques o\u00f9 il a obtenu un dipl\u00f4me d'ing\u00e9nieur, puis un doctorat en Chimie. Il est Expert Judiciaire en France, en Belgique et \u00e0 Luxembourg, et agr\u00e9e par les Institutions Europ\u00e9ennes.\",\"sameAs\":[\"http:\/\/www.frederic-poitou.com\",\"https:\/\/www.linkedin.com\/in\/frederic-poitou-b045a025\/\"]}]}<\/script>\n<!-- \/ Yoast SEO plugin. -->","yoast_head_json":{"title":"FLAMAND : LE WALLON DE MARSEILLE ! -","robots":{"index":"index","follow":"follow","max-snippet":"max-snippet:-1","max-image-preview":"max-image-preview:large","max-video-preview":"max-video-preview:-1"},"canonical":"https:\/\/www.frederic-poitou.com\/blog\/flamand-le-wallon-de-marseille\/","og_locale":"fr_FR","og_type":"article","og_title":"FLAMAND : LE WALLON DE MARSEILLE ! -","og_description":"Un petit focus sur les Belges de Marseille. Du Flamand, Fr\u00e9d\u00e9ric le Wallon qui dirige l&rsquo;Op\u00e9ra de Marseille avec des accents d&rsquo;int\u00e9gration sociale via la danse agr\u00e9ables \u00e0 entendre, \u00e0 Fr\u00e9d\u00e9ric le Bruxellois qui a cr\u00e9e \u00e0 Marseille la maison &hellip; Lire la suite\u00ad\u00ad","og_url":"https:\/\/www.frederic-poitou.com\/blog\/flamand-le-wallon-de-marseille\/","article_publisher":"https:\/\/www.facebook.com\/frederic.poitou\/","article_published_time":"2023-07-15T02:10:32+00:00","article_modified_time":"2026-04-25T06:50:55+00:00","author":"Fr\u00e9d\u00e9ric Poitou","twitter_card":"summary_large_image","twitter_creator":"@fredericpoitou","twitter_site":"@fredericpoitou","twitter_misc":{"\u00c9crit par":"Fr\u00e9d\u00e9ric Poitou","Dur\u00e9e de lecture estim\u00e9e":"1 minute"},"schema":{"@context":"https:\/\/schema.org","@graph":[{"@type":"Article","@id":"https:\/\/www.frederic-poitou.com\/blog\/flamand-le-wallon-de-marseille\/#article","isPartOf":{"@id":"https:\/\/www.frederic-poitou.com\/blog\/flamand-le-wallon-de-marseille\/"},"author":{"name":"Fr\u00e9d\u00e9ric Poitou","@id":"https:\/\/www.frederic-poitou.com\/blog\/#\/schema\/person\/e2c2d05e978747818533fdce859a7799"},"headline":"FLAMAND : LE WALLON DE MARSEILLE !","datePublished":"2023-07-15T02:10:32+00:00","dateModified":"2026-04-25T06:50:55+00:00","mainEntityOfPage":{"@id":"https:\/\/www.frederic-poitou.com\/blog\/flamand-le-wallon-de-marseille\/"},"wordCount":153,"commentCount":0,"keywords":["Actualit\u00e9","MOUVEMENT REFORMATEUR","WALLONIE"],"articleSection":["Accueil"],"inLanguage":"fr-FR","potentialAction":[{"@type":"CommentAction","name":"Comment","target":["https:\/\/www.frederic-poitou.com\/blog\/flamand-le-wallon-de-marseille\/#respond"]}]},{"@type":"WebPage","@id":"https:\/\/www.frederic-poitou.com\/blog\/flamand-le-wallon-de-marseille\/","url":"https:\/\/www.frederic-poitou.com\/blog\/flamand-le-wallon-de-marseille\/","name":"FLAMAND : LE WALLON DE MARSEILLE ! -","isPartOf":{"@id":"https:\/\/www.frederic-poitou.com\/blog\/#website"},"datePublished":"2023-07-15T02:10:32+00:00","dateModified":"2026-04-25T06:50:55+00:00","author":{"@id":"https:\/\/www.frederic-poitou.com\/blog\/#\/schema\/person\/e2c2d05e978747818533fdce859a7799"},"breadcrumb":{"@id":"https:\/\/www.frederic-poitou.com\/blog\/flamand-le-wallon-de-marseille\/#breadcrumb"},"inLanguage":"fr-FR","potentialAction":[{"@type":"ReadAction","target":["https:\/\/www.frederic-poitou.com\/blog\/flamand-le-wallon-de-marseille\/"]}]},{"@type":"BreadcrumbList","@id":"https:\/\/www.frederic-poitou.com\/blog\/flamand-le-wallon-de-marseille\/#breadcrumb","itemListElement":[{"@type":"ListItem","position":1,"name":"Accueil","item":"https:\/\/www.frederic-poitou.com\/blog\/"},{"@type":"ListItem","position":2,"name":"FLAMAND : LE WALLON DE MARSEILLE !"}]},{"@type":"WebSite","@id":"https:\/\/www.frederic-poitou.com\/blog\/#website","url":"https:\/\/www.frederic-poitou.com\/blog\/","name":"","description":"","potentialAction":[{"@type":"SearchAction","target":{"@type":"EntryPoint","urlTemplate":"https:\/\/www.frederic-poitou.com\/blog\/?s={search_term_string}"},"query-input":{"@type":"PropertyValueSpecification","valueRequired":true,"valueName":"search_term_string"}}],"inLanguage":"fr-FR"},{"@type":"Person","@id":"https:\/\/www.frederic-poitou.com\/blog\/#\/schema\/person\/e2c2d05e978747818533fdce859a7799","name":"Fr\u00e9d\u00e9ric Poitou","image":{"@type":"ImageObject","inLanguage":"fr-FR","@id":"https:\/\/www.frederic-poitou.com\/blog\/#\/schema\/person\/image\/","url":"https:\/\/secure.gravatar.com\/avatar\/1933bcca279a2feafd35d9e0a080c521e11beb51115fe4cfe02e2586ac13424a?s=96&d=mm&r=g","contentUrl":"https:\/\/secure.gravatar.com\/avatar\/1933bcca279a2feafd35d9e0a080c521e11beb51115fe4cfe02e2586ac13424a?s=96&d=mm&r=g","caption":"Fr\u00e9d\u00e9ric Poitou"},"description":"Fr\u00e9d\u00e9ric Poitou est n\u00e9 \u00e0 Rouen, et y a fait des \u00e9tudes au Conservatoire en musique-\u00e9tudes en section piano. Il s'est ensuite orient\u00e9 vers des \u00e9tudes scientifiques o\u00f9 il a obtenu un dipl\u00f4me d'ing\u00e9nieur, puis un doctorat en Chimie. Il est Expert Judiciaire en France, en Belgique et \u00e0 Luxembourg, et agr\u00e9e par les Institutions Europ\u00e9ennes.","sameAs":["http:\/\/www.frederic-poitou.com","https:\/\/www.linkedin.com\/in\/frederic-poitou-b045a025\/"]}]}},"_links":{"self":[{"href":"https:\/\/www.frederic-poitou.com\/blog\/wp-json\/wp\/v2\/posts\/4386","targetHints":{"allow":["GET"]}}],"collection":[{"href":"https:\/\/www.frederic-poitou.com\/blog\/wp-json\/wp\/v2\/posts"}],"about":[{"href":"https:\/\/www.frederic-poitou.com\/blog\/wp-json\/wp\/v2\/types\/post"}],"author":[{"embeddable":true,"href":"https:\/\/www.frederic-poitou.com\/blog\/wp-json\/wp\/v2\/users\/4"}],"replies":[{"embeddable":true,"href":"https:\/\/www.frederic-poitou.com\/blog\/wp-json\/wp\/v2\/comments?post=4386"}],"version-history":[{"count":1,"href":"https:\/\/www.frederic-poitou.com\/blog\/wp-json\/wp\/v2\/posts\/4386\/revisions"}],"predecessor-version":[{"id":10164,"href":"https:\/\/www.frederic-poitou.com\/blog\/wp-json\/wp\/v2\/posts\/4386\/revisions\/10164"}],"wp:attachment":[{"href":"https:\/\/www.frederic-poitou.com\/blog\/wp-json\/wp\/v2\/media?parent=4386"}],"wp:term":[{"taxonomy":"category","embeddable":true,"href":"https:\/\/www.frederic-poitou.com\/blog\/wp-json\/wp\/v2\/categories?post=4386"},{"taxonomy":"post_tag","embeddable":true,"href":"https:\/\/www.frederic-poitou.com\/blog\/wp-json\/wp\/v2\/tags?post=4386"}],"curies":[{"name":"wp","href":"https:\/\/api.w.org\/{rel}","templated":true}]}}