{"id":4251,"date":"2023-07-15T04:34:32","date_gmt":"2023-07-15T02:34:32","guid":{"rendered":"http:\/\/www.frederic-poitou.com\/blog\/?p=4251"},"modified":"2026-04-25T14:44:31","modified_gmt":"2026-04-25T12:44:31","slug":"avvec-ca-cest-du-lien-social-entre-generations","status":"publish","type":"post","link":"https:\/\/www.frederic-poitou.com\/blog\/avvec-ca-cest-du-lien-social-entre-generations\/","title":{"rendered":"AVVEC : CA C&rsquo;EST DU LIEN SOCIAL ENTRE GENERATIONS"},"content":{"rendered":"<p>Hier soir avait lieu l&rsquo;assembl\u00e9e g\u00e9n\u00e9rale d&rsquo;une association que j&rsquo;aime beaucoup \u00e0 Coudoux : AVVEC (pour d\u00e9couvrir leur site, cliquez <a href=\"http:\/\/avvec.asso-web.com\/\" target=\"_blank\" rel=\"noopener\">ICI<\/a>)<\/p>\n<p><img loading=\"lazy\" decoding=\"async\" class=\"aligncenter size-full wp-image-4254\" title=\"f121d135f39f03e48da5fe5e8ced5b0a\" src=\"http:\/\/www.frederic-poitou.com\/blog\/wp-content\/f121d135f39f03e48da5fe5e8ced5b0a.jpg\" alt=\"f121d135f39f03e48da5fe5e8ced5b0a\" width=\"147\" height=\"80\" \/><\/p>\n<p>Le lien social, c&rsquo;est l&rsquo;\u00e2me d&rsquo;une petite commune. Un moyen de proposer des solutions contre la perte des liens affectifvs, de l&rsquo;isolement social, du repli sur soi, et de l&rsquo;absence de solidarit\u00e9 familiale. Ces \u00e9l\u00e9ments qui s&rsquo;insinuent dans nos soci\u00e9t\u00e9s, sans que l&rsquo;on s&rsquo;en rende compte, et qui d\u00e9ciment les liens entre nos g\u00e9n\u00e9rations.<\/p>\n<p>Ce lien est t\u00e9nu, et difficile \u00e0 reconstruire. C&rsquo;est par petites touches, par petits succ\u00e8s, par petites \u00e9tapes. J&rsquo;aimerais pouvoir consacrer plus de moyens \u00e0 cet oeuvre que je consid\u00e8re comme fondamental dans les petites communes, afin d&rsquo;\u00e9viter de perdre les rep\u00e8res ancestraux, les images historiques, les liens traditionnels, familiaux, les r\u00e9f\u00e9rences ataviques.<\/p>\n<p>Bref. Bravo AVVEC.<\/p>\n<p>Avec aussi, une tr\u00e8s belle exposition de photos sur les coudoussens, o\u00f9 j&rsquo;ai rep\u00e9r\u00e9 trois cat\u00e9gories. La cat\u00e9gorie des photos \u00ab\u00a0techniques\u00a0\u00bb, o\u00f9 \u00e9mergeaient trois photos parfaites d&rsquo;un point de vue technique. La cat\u00e9gorie des photos \u00ab\u00a0artistiques\u00a0\u00bb, o\u00f9 j&rsquo;ai remarqu\u00e9 un tr\u00e8s beau parapluie sous la neige, et la cat\u00e9gorie des photos \u00ab\u00a0reportage soci\u00e9tal\u00a0\u00bb, avec deux ou trois tr\u00e8s belles photos exprimant la fiert\u00e9 de tel ou tel, \u00e0 contribuer \u00e0 la vie d&rsquo;une commune. Passons sur la photo de mon beau p\u00e8re &#8230; !<\/p>\n<p>Enfin, une belle s\u00e9rie de peintures, dont je ne connais pas l&rsquo;auteur, mais je je pr\u00e9sente ci-dessous.<\/p>\n<p>J&rsquo;aime, je soutiens, j&rsquo;adh\u00e8re, et je tente d&rsquo;aider AVVEC.<\/p>\n<p>Bravo \u00e0 vous tous. Bravo Rose Marie<\/p>\n<p>Bravo \u00e0 tous les b\u00e9n\u00e9voles d&rsquo;AVVEC. Continuez s&rsquo;il vous plait ! Moi je suis avec vous.<\/p>\n<p>Fr\u00e9d\u00e9ric<\/p>\n<p><img loading=\"lazy\" decoding=\"async\" class=\"aligncenter size-full wp-image-4257\" style=\"margin: 10px; border: 20px solid black;\" title=\"DSCN1627\" src=\"http:\/\/www.frederic-poitou.com\/blog\/wp-content\/DSCN1627.jpg\" alt=\"DSCN1627\" width=\"526\" height=\"394\" \/><\/p>\n<p><span style=\"color: #ffffff;\">&#8211;<\/span><\/p>\n<p><span style=\"color: #ffffff;\">&#8211;<\/span><\/p>\n<p style=\"text-align: center;\"><span style=\"color: #ffffff;\"><img loading=\"lazy\" decoding=\"async\" class=\"aligncenter size-full wp-image-4258\" title=\"DSCN1630\" src=\"http:\/\/www.frederic-poitou.com\/blog\/wp-content\/DSCN1630.jpg\" alt=\"DSCN1630\" width=\"394\" height=\"526\" \/>&#8211;<\/span><\/p>\n<p><span style=\"color: #ffffff;\">&#8211;<\/span><\/p>\n<p><span style=\"color: #ffffff;\">&#8211;<\/span><\/p>\n<p><span style=\"color: #ffffff;\">`<\/span><\/p>\n<p style=\"text-align: center;\"><span style=\"color: #ffffff;\"><img loading=\"lazy\" decoding=\"async\" class=\"aligncenter size-full wp-image-4259\" title=\"DSCN1632\" src=\"http:\/\/www.frederic-poitou.com\/blog\/wp-content\/DSCN1632.jpg\" alt=\"DSCN1632\" width=\"526\" height=\"394\" \/><br \/>\n<\/span><\/p>\n<p><span style=\"color: #ffffff;\">&#8212;<\/span><\/p>\n<p><span style=\"color: #ffffff;\">&#8211;<\/span><\/p>\n<p><span style=\"color: #ffffff;\">&#8211;<\/span><\/p>\n<p><span style=\"color: #ffffff;\"> <\/span><\/p>\n<p style=\"text-align: center;\"><object classid=\"clsid:d27cdb6e-ae6d-11cf-96b8-444553540000\" width=\"480\" height=\"360\" codebase=\"http:\/\/download.macromedia.com\/pub\/shockwave\/cabs\/flash\/swflash.cab#version=6,0,40,0\"><param name=\"allowFullScreen\" value=\"true\" \/><param name=\"allowScriptAccess\" value=\"always\" \/><param name=\"src\" value=\"http:\/\/www.dailymotion.com\/swf\/video\/xfcoaj_avvec-ca-c-est-du-lien-inter-genera_news?additionalInfos=0\" \/><param name=\"allowfullscreen\" value=\"true\" \/><embed type=\"application\/x-shockwave-flash\" width=\"480\" height=\"360\" src=\"http:\/\/www.dailymotion.com\/swf\/video\/xfcoaj_avvec-ca-c-est-du-lien-inter-genera_news?additionalInfos=0\" allowscriptaccess=\"always\" allowfullscreen=\"true\"><\/embed><\/object><\/p>\n","protected":false},"excerpt":{"rendered":"<p>Hier soir avait lieu l&rsquo;assembl\u00e9e g\u00e9n\u00e9rale d&rsquo;une association que j&rsquo;aime beaucoup \u00e0 Coudoux : AVVEC (pour d\u00e9couvrir leur site, cliquez ICI) Le lien social, c&rsquo;est l&rsquo;\u00e2me d&rsquo;une petite commune. Un moyen de proposer des solutions contre la perte des liens &hellip; <a href=\"https:\/\/www.frederic-poitou.com\/blog\/avvec-ca-cest-du-lien-social-entre-generations\/\">Lire la suite\u00ad\u00ad<\/a><\/p>\n","protected":false},"author":4,"featured_media":0,"comment_status":"open","ping_status":"open","sticky":false,"template":"","format":"standard","meta":{"kt_blocks_editor_width":"","_exactmetrics_skip_tracking":false,"_exactmetrics_sitenote_active":false,"_exactmetrics_sitenote_note":"","_exactmetrics_sitenote_category":0,"footnotes":""},"categories":[1],"tags":[50],"class_list":["post-4251","post","type-post","status-publish","format-standard","hentry","category-politique-economie","tag-politique-economie"],"yoast_head":"<!-- This site is optimized with the Yoast SEO plugin v27.1.1 - https:\/\/yoast.com\/product\/yoast-seo-wordpress\/ -->\n<title>AVVEC : CA C&#039;EST DU LIEN SOCIAL ENTRE GENERATIONS -<\/title>\n<meta name=\"robots\" content=\"index, follow, max-snippet:-1, max-image-preview:large, max-video-preview:-1\" \/>\n<link rel=\"canonical\" href=\"https:\/\/www.frederic-poitou.com\/blog\/avvec-ca-cest-du-lien-social-entre-generations\/\" \/>\n<meta property=\"og:locale\" content=\"fr_FR\" \/>\n<meta property=\"og:type\" content=\"article\" \/>\n<meta property=\"og:title\" content=\"AVVEC : CA C&#039;EST DU LIEN SOCIAL ENTRE GENERATIONS -\" \/>\n<meta property=\"og:description\" content=\"Hier soir avait lieu l&rsquo;assembl\u00e9e g\u00e9n\u00e9rale d&rsquo;une association que j&rsquo;aime beaucoup \u00e0 Coudoux : AVVEC (pour d\u00e9couvrir leur site, cliquez ICI) Le lien social, c&rsquo;est l&rsquo;\u00e2me d&rsquo;une petite commune. Un moyen de proposer des solutions contre la perte des liens &hellip; Lire la suite\u00ad\u00ad\" \/>\n<meta property=\"og:url\" content=\"https:\/\/www.frederic-poitou.com\/blog\/avvec-ca-cest-du-lien-social-entre-generations\/\" \/>\n<meta property=\"article:publisher\" content=\"https:\/\/www.facebook.com\/frederic.poitou\/\" \/>\n<meta property=\"article:published_time\" content=\"2023-07-15T02:34:32+00:00\" \/>\n<meta property=\"article:modified_time\" content=\"2026-04-25T12:44:31+00:00\" \/>\n<meta property=\"og:image\" content=\"http:\/\/www.frederic-poitou.com\/blog\/wp-content\/f121d135f39f03e48da5fe5e8ced5b0a.jpg\" \/>\n<meta name=\"author\" content=\"Fr\u00e9d\u00e9ric Poitou\" \/>\n<meta name=\"twitter:card\" content=\"summary_large_image\" \/>\n<meta name=\"twitter:creator\" content=\"@fredericpoitou\" \/>\n<meta name=\"twitter:site\" content=\"@fredericpoitou\" \/>\n<meta name=\"twitter:label1\" content=\"\u00c9crit par\" \/>\n\t<meta name=\"twitter:data1\" content=\"Fr\u00e9d\u00e9ric Poitou\" \/>\n\t<meta name=\"twitter:label2\" content=\"Dur\u00e9e de lecture estim\u00e9e\" \/>\n\t<meta name=\"twitter:data2\" content=\"1 minute\" \/>\n<script type=\"application\/ld+json\" class=\"yoast-schema-graph\">{\"@context\":\"https:\/\/schema.org\",\"@graph\":[{\"@type\":\"Article\",\"@id\":\"https:\/\/www.frederic-poitou.com\/blog\/avvec-ca-cest-du-lien-social-entre-generations\/#article\",\"isPartOf\":{\"@id\":\"https:\/\/www.frederic-poitou.com\/blog\/avvec-ca-cest-du-lien-social-entre-generations\/\"},\"author\":{\"name\":\"Fr\u00e9d\u00e9ric Poitou\",\"@id\":\"http:\/\/www.frederic-poitou.com\/blog\/#\/schema\/person\/e2c2d05e978747818533fdce859a7799\"},\"headline\":\"AVVEC : CA C&rsquo;EST DU LIEN SOCIAL ENTRE GENERATIONS\",\"datePublished\":\"2023-07-15T02:34:32+00:00\",\"dateModified\":\"2026-04-25T12:44:31+00:00\",\"mainEntityOfPage\":{\"@id\":\"https:\/\/www.frederic-poitou.com\/blog\/avvec-ca-cest-du-lien-social-entre-generations\/\"},\"wordCount\":327,\"commentCount\":0,\"image\":{\"@id\":\"https:\/\/www.frederic-poitou.com\/blog\/avvec-ca-cest-du-lien-social-entre-generations\/#primaryimage\"},\"thumbnailUrl\":\"http:\/\/www.frederic-poitou.com\/blog\/wp-content\/f121d135f39f03e48da5fe5e8ced5b0a.jpg\",\"keywords\":[\"Divers\"],\"articleSection\":[\"Divers\"],\"inLanguage\":\"fr-FR\",\"potentialAction\":[{\"@type\":\"CommentAction\",\"name\":\"Comment\",\"target\":[\"https:\/\/www.frederic-poitou.com\/blog\/avvec-ca-cest-du-lien-social-entre-generations\/#respond\"]}]},{\"@type\":\"WebPage\",\"@id\":\"https:\/\/www.frederic-poitou.com\/blog\/avvec-ca-cest-du-lien-social-entre-generations\/\",\"url\":\"https:\/\/www.frederic-poitou.com\/blog\/avvec-ca-cest-du-lien-social-entre-generations\/\",\"name\":\"AVVEC : CA C'EST DU LIEN SOCIAL ENTRE GENERATIONS -\",\"isPartOf\":{\"@id\":\"http:\/\/www.frederic-poitou.com\/blog\/#website\"},\"primaryImageOfPage\":{\"@id\":\"https:\/\/www.frederic-poitou.com\/blog\/avvec-ca-cest-du-lien-social-entre-generations\/#primaryimage\"},\"image\":{\"@id\":\"https:\/\/www.frederic-poitou.com\/blog\/avvec-ca-cest-du-lien-social-entre-generations\/#primaryimage\"},\"thumbnailUrl\":\"http:\/\/www.frederic-poitou.com\/blog\/wp-content\/f121d135f39f03e48da5fe5e8ced5b0a.jpg\",\"datePublished\":\"2023-07-15T02:34:32+00:00\",\"dateModified\":\"2026-04-25T12:44:31+00:00\",\"author\":{\"@id\":\"http:\/\/www.frederic-poitou.com\/blog\/#\/schema\/person\/e2c2d05e978747818533fdce859a7799\"},\"breadcrumb\":{\"@id\":\"https:\/\/www.frederic-poitou.com\/blog\/avvec-ca-cest-du-lien-social-entre-generations\/#breadcrumb\"},\"inLanguage\":\"fr-FR\",\"potentialAction\":[{\"@type\":\"ReadAction\",\"target\":[\"https:\/\/www.frederic-poitou.com\/blog\/avvec-ca-cest-du-lien-social-entre-generations\/\"]}]},{\"@type\":\"ImageObject\",\"inLanguage\":\"fr-FR\",\"@id\":\"https:\/\/www.frederic-poitou.com\/blog\/avvec-ca-cest-du-lien-social-entre-generations\/#primaryimage\",\"url\":\"https:\/\/www.frederic-poitou.com\/blog\/wp-content\/f121d135f39f03e48da5fe5e8ced5b0a.jpg\",\"contentUrl\":\"https:\/\/www.frederic-poitou.com\/blog\/wp-content\/f121d135f39f03e48da5fe5e8ced5b0a.jpg\",\"width\":\"147\",\"height\":\"80\"},{\"@type\":\"BreadcrumbList\",\"@id\":\"https:\/\/www.frederic-poitou.com\/blog\/avvec-ca-cest-du-lien-social-entre-generations\/#breadcrumb\",\"itemListElement\":[{\"@type\":\"ListItem\",\"position\":1,\"name\":\"Accueil\",\"item\":\"http:\/\/www.frederic-poitou.com\/blog\/\"},{\"@type\":\"ListItem\",\"position\":2,\"name\":\"AVVEC : CA C&rsquo;EST DU LIEN SOCIAL ENTRE GENERATIONS\"}]},{\"@type\":\"WebSite\",\"@id\":\"http:\/\/www.frederic-poitou.com\/blog\/#website\",\"url\":\"http:\/\/www.frederic-poitou.com\/blog\/\",\"name\":\"\",\"description\":\"\",\"potentialAction\":[{\"@type\":\"SearchAction\",\"target\":{\"@type\":\"EntryPoint\",\"urlTemplate\":\"http:\/\/www.frederic-poitou.com\/blog\/?s={search_term_string}\"},\"query-input\":{\"@type\":\"PropertyValueSpecification\",\"valueRequired\":true,\"valueName\":\"search_term_string\"}}],\"inLanguage\":\"fr-FR\"},{\"@type\":\"Person\",\"@id\":\"http:\/\/www.frederic-poitou.com\/blog\/#\/schema\/person\/e2c2d05e978747818533fdce859a7799\",\"name\":\"Fr\u00e9d\u00e9ric Poitou\",\"image\":{\"@type\":\"ImageObject\",\"inLanguage\":\"fr-FR\",\"@id\":\"http:\/\/www.frederic-poitou.com\/blog\/#\/schema\/person\/image\/\",\"url\":\"https:\/\/secure.gravatar.com\/avatar\/1933bcca279a2feafd35d9e0a080c521e11beb51115fe4cfe02e2586ac13424a?s=96&d=mm&r=g\",\"contentUrl\":\"https:\/\/secure.gravatar.com\/avatar\/1933bcca279a2feafd35d9e0a080c521e11beb51115fe4cfe02e2586ac13424a?s=96&d=mm&r=g\",\"caption\":\"Fr\u00e9d\u00e9ric Poitou\"},\"description\":\"Fr\u00e9d\u00e9ric Poitou est n\u00e9 \u00e0 Rouen, et y a fait des \u00e9tudes au Conservatoire en musique-\u00e9tudes en section piano. Il s'est ensuite orient\u00e9 vers des \u00e9tudes scientifiques o\u00f9 il a obtenu un dipl\u00f4me d'ing\u00e9nieur, puis un doctorat en Chimie. Il est Expert Judiciaire en France, en Belgique et \u00e0 Luxembourg, et agr\u00e9e par les Institutions Europ\u00e9ennes.\",\"sameAs\":[\"http:\/\/www.frederic-poitou.com\",\"https:\/\/www.linkedin.com\/in\/frederic-poitou-b045a025\/\"]}]}<\/script>\n<!-- \/ Yoast SEO plugin. -->","yoast_head_json":{"title":"AVVEC : CA C'EST DU LIEN SOCIAL ENTRE GENERATIONS -","robots":{"index":"index","follow":"follow","max-snippet":"max-snippet:-1","max-image-preview":"max-image-preview:large","max-video-preview":"max-video-preview:-1"},"canonical":"https:\/\/www.frederic-poitou.com\/blog\/avvec-ca-cest-du-lien-social-entre-generations\/","og_locale":"fr_FR","og_type":"article","og_title":"AVVEC : CA C'EST DU LIEN SOCIAL ENTRE GENERATIONS -","og_description":"Hier soir avait lieu l&rsquo;assembl\u00e9e g\u00e9n\u00e9rale d&rsquo;une association que j&rsquo;aime beaucoup \u00e0 Coudoux : AVVEC (pour d\u00e9couvrir leur site, cliquez ICI) Le lien social, c&rsquo;est l&rsquo;\u00e2me d&rsquo;une petite commune. Un moyen de proposer des solutions contre la perte des liens &hellip; Lire la suite\u00ad\u00ad","og_url":"https:\/\/www.frederic-poitou.com\/blog\/avvec-ca-cest-du-lien-social-entre-generations\/","article_publisher":"https:\/\/www.facebook.com\/frederic.poitou\/","article_published_time":"2023-07-15T02:34:32+00:00","article_modified_time":"2026-04-25T12:44:31+00:00","og_image":[{"url":"http:\/\/www.frederic-poitou.com\/blog\/wp-content\/f121d135f39f03e48da5fe5e8ced5b0a.jpg","type":"","width":"","height":""}],"author":"Fr\u00e9d\u00e9ric Poitou","twitter_card":"summary_large_image","twitter_creator":"@fredericpoitou","twitter_site":"@fredericpoitou","twitter_misc":{"\u00c9crit par":"Fr\u00e9d\u00e9ric Poitou","Dur\u00e9e de lecture estim\u00e9e":"1 minute"},"schema":{"@context":"https:\/\/schema.org","@graph":[{"@type":"Article","@id":"https:\/\/www.frederic-poitou.com\/blog\/avvec-ca-cest-du-lien-social-entre-generations\/#article","isPartOf":{"@id":"https:\/\/www.frederic-poitou.com\/blog\/avvec-ca-cest-du-lien-social-entre-generations\/"},"author":{"name":"Fr\u00e9d\u00e9ric Poitou","@id":"http:\/\/www.frederic-poitou.com\/blog\/#\/schema\/person\/e2c2d05e978747818533fdce859a7799"},"headline":"AVVEC : CA C&rsquo;EST DU LIEN SOCIAL ENTRE GENERATIONS","datePublished":"2023-07-15T02:34:32+00:00","dateModified":"2026-04-25T12:44:31+00:00","mainEntityOfPage":{"@id":"https:\/\/www.frederic-poitou.com\/blog\/avvec-ca-cest-du-lien-social-entre-generations\/"},"wordCount":327,"commentCount":0,"image":{"@id":"https:\/\/www.frederic-poitou.com\/blog\/avvec-ca-cest-du-lien-social-entre-generations\/#primaryimage"},"thumbnailUrl":"http:\/\/www.frederic-poitou.com\/blog\/wp-content\/f121d135f39f03e48da5fe5e8ced5b0a.jpg","keywords":["Divers"],"articleSection":["Divers"],"inLanguage":"fr-FR","potentialAction":[{"@type":"CommentAction","name":"Comment","target":["https:\/\/www.frederic-poitou.com\/blog\/avvec-ca-cest-du-lien-social-entre-generations\/#respond"]}]},{"@type":"WebPage","@id":"https:\/\/www.frederic-poitou.com\/blog\/avvec-ca-cest-du-lien-social-entre-generations\/","url":"https:\/\/www.frederic-poitou.com\/blog\/avvec-ca-cest-du-lien-social-entre-generations\/","name":"AVVEC : CA C'EST DU LIEN SOCIAL ENTRE GENERATIONS -","isPartOf":{"@id":"http:\/\/www.frederic-poitou.com\/blog\/#website"},"primaryImageOfPage":{"@id":"https:\/\/www.frederic-poitou.com\/blog\/avvec-ca-cest-du-lien-social-entre-generations\/#primaryimage"},"image":{"@id":"https:\/\/www.frederic-poitou.com\/blog\/avvec-ca-cest-du-lien-social-entre-generations\/#primaryimage"},"thumbnailUrl":"http:\/\/www.frederic-poitou.com\/blog\/wp-content\/f121d135f39f03e48da5fe5e8ced5b0a.jpg","datePublished":"2023-07-15T02:34:32+00:00","dateModified":"2026-04-25T12:44:31+00:00","author":{"@id":"http:\/\/www.frederic-poitou.com\/blog\/#\/schema\/person\/e2c2d05e978747818533fdce859a7799"},"breadcrumb":{"@id":"https:\/\/www.frederic-poitou.com\/blog\/avvec-ca-cest-du-lien-social-entre-generations\/#breadcrumb"},"inLanguage":"fr-FR","potentialAction":[{"@type":"ReadAction","target":["https:\/\/www.frederic-poitou.com\/blog\/avvec-ca-cest-du-lien-social-entre-generations\/"]}]},{"@type":"ImageObject","inLanguage":"fr-FR","@id":"https:\/\/www.frederic-poitou.com\/blog\/avvec-ca-cest-du-lien-social-entre-generations\/#primaryimage","url":"https:\/\/www.frederic-poitou.com\/blog\/wp-content\/f121d135f39f03e48da5fe5e8ced5b0a.jpg","contentUrl":"https:\/\/www.frederic-poitou.com\/blog\/wp-content\/f121d135f39f03e48da5fe5e8ced5b0a.jpg","width":"147","height":"80"},{"@type":"BreadcrumbList","@id":"https:\/\/www.frederic-poitou.com\/blog\/avvec-ca-cest-du-lien-social-entre-generations\/#breadcrumb","itemListElement":[{"@type":"ListItem","position":1,"name":"Accueil","item":"http:\/\/www.frederic-poitou.com\/blog\/"},{"@type":"ListItem","position":2,"name":"AVVEC : CA C&rsquo;EST DU LIEN SOCIAL ENTRE GENERATIONS"}]},{"@type":"WebSite","@id":"http:\/\/www.frederic-poitou.com\/blog\/#website","url":"http:\/\/www.frederic-poitou.com\/blog\/","name":"","description":"","potentialAction":[{"@type":"SearchAction","target":{"@type":"EntryPoint","urlTemplate":"http:\/\/www.frederic-poitou.com\/blog\/?s={search_term_string}"},"query-input":{"@type":"PropertyValueSpecification","valueRequired":true,"valueName":"search_term_string"}}],"inLanguage":"fr-FR"},{"@type":"Person","@id":"http:\/\/www.frederic-poitou.com\/blog\/#\/schema\/person\/e2c2d05e978747818533fdce859a7799","name":"Fr\u00e9d\u00e9ric Poitou","image":{"@type":"ImageObject","inLanguage":"fr-FR","@id":"http:\/\/www.frederic-poitou.com\/blog\/#\/schema\/person\/image\/","url":"https:\/\/secure.gravatar.com\/avatar\/1933bcca279a2feafd35d9e0a080c521e11beb51115fe4cfe02e2586ac13424a?s=96&d=mm&r=g","contentUrl":"https:\/\/secure.gravatar.com\/avatar\/1933bcca279a2feafd35d9e0a080c521e11beb51115fe4cfe02e2586ac13424a?s=96&d=mm&r=g","caption":"Fr\u00e9d\u00e9ric Poitou"},"description":"Fr\u00e9d\u00e9ric Poitou est n\u00e9 \u00e0 Rouen, et y a fait des \u00e9tudes au Conservatoire en musique-\u00e9tudes en section piano. Il s'est ensuite orient\u00e9 vers des \u00e9tudes scientifiques o\u00f9 il a obtenu un dipl\u00f4me d'ing\u00e9nieur, puis un doctorat en Chimie. Il est Expert Judiciaire en France, en Belgique et \u00e0 Luxembourg, et agr\u00e9e par les Institutions Europ\u00e9ennes.","sameAs":["http:\/\/www.frederic-poitou.com","https:\/\/www.linkedin.com\/in\/frederic-poitou-b045a025\/"]}]}},"_links":{"self":[{"href":"https:\/\/www.frederic-poitou.com\/blog\/wp-json\/wp\/v2\/posts\/4251","targetHints":{"allow":["GET"]}}],"collection":[{"href":"https:\/\/www.frederic-poitou.com\/blog\/wp-json\/wp\/v2\/posts"}],"about":[{"href":"https:\/\/www.frederic-poitou.com\/blog\/wp-json\/wp\/v2\/types\/post"}],"author":[{"embeddable":true,"href":"https:\/\/www.frederic-poitou.com\/blog\/wp-json\/wp\/v2\/users\/4"}],"replies":[{"embeddable":true,"href":"https:\/\/www.frederic-poitou.com\/blog\/wp-json\/wp\/v2\/comments?post=4251"}],"version-history":[{"count":1,"href":"https:\/\/www.frederic-poitou.com\/blog\/wp-json\/wp\/v2\/posts\/4251\/revisions"}],"predecessor-version":[{"id":10161,"href":"https:\/\/www.frederic-poitou.com\/blog\/wp-json\/wp\/v2\/posts\/4251\/revisions\/10161"}],"wp:attachment":[{"href":"https:\/\/www.frederic-poitou.com\/blog\/wp-json\/wp\/v2\/media?parent=4251"}],"wp:term":[{"taxonomy":"category","embeddable":true,"href":"https:\/\/www.frederic-poitou.com\/blog\/wp-json\/wp\/v2\/categories?post=4251"},{"taxonomy":"post_tag","embeddable":true,"href":"https:\/\/www.frederic-poitou.com\/blog\/wp-json\/wp\/v2\/tags?post=4251"}],"curies":[{"name":"wp","href":"https:\/\/api.w.org\/{rel}","templated":true}]}}