{"id":3989,"date":"2023-07-13T16:08:32","date_gmt":"2023-07-13T14:08:32","guid":{"rendered":"http:\/\/www.frederic-poitou.com\/blog\/?p=3989"},"modified":"2026-04-09T21:35:21","modified_gmt":"2026-04-09T19:35:21","slug":"ecolo-radical","status":"publish","type":"post","link":"https:\/\/www.frederic-poitou.com\/blog\/ecolo-radical\/","title":{"rendered":"ECOLO RADICAL &#8230; !"},"content":{"rendered":"<p>Les radicaux sont \u00e9colos. Tout le monde le sait, et pour ceux qui ne le savent pas encore, le patron des radicaux c&rsquo;est Borloo, Ministre de l&rsquo;Ecologie. Celui qui a le plus fait pour l&rsquo;\u00e9cologie appliqu\u00e9e, de tous les gouvernements qui se sont succ\u00e9d\u00e9s depuis les premiers probl\u00e8mes \u00e9cologiques en 70.<\/p>\n<p>Pas un hasard si il a cr\u00e9e G\u00e9n\u00e9ration Ecologie dans les ann\u00e9es 90, aux c\u00f4t\u00e9s de Brice Lalonde, Haroun Tazieff et Noel Mam\u00e8re &#8230;<\/p>\n<p>Parmi les radicaux \u00e9colos se trouve Serge Lepeltier, Maire de Bourge, qui organise tous les ans le festival du film \u00e9cologique (pas \u00e9cologiste, ECOLOGIQUE &#8230; ! <em>(L&rsquo;ecologie n&rsquo;est pas une doctrine politique de gauche comme on le laisse croire aux gens. L&rsquo;\u00e9cologie est une philosophie humaniste). <\/em>Serge Lepeltier est un Maire radical, l&rsquo;un des premiers Maire de France a s&rsquo;\u00eatre engag\u00e9 pour l&rsquo;agenda 21.<\/p>\n<p>Cette ann\u00e9e, la ville de Bourges a d\u00e9cid\u00e9 de recentrer le festival sur ce qui a fait son succ\u00e8s, les films et les d\u00e9bats, un peu comme Coudoux avec le festival du film environnemental !<\/p>\n<p>Alors tous \u00e0 Bourges, entre le 7 et le 10 octobre prochains &#8230; Cliquez sur l&rsquo;affiche ci-dessous :<\/p>\n<p style=\"text-align: center;\"><a href=\"http:\/\/www.festival-film-bourges.fr\/index.php\" target=\"_blank\" rel=\"noopener\"><img loading=\"lazy\" decoding=\"async\" class=\"size-full wp-image-3992 aligncenter\" title=\"50275_146660815376654_5239_n\" src=\"http:\/\/www.frederic-poitou.com\/blog\/wp-content\/50275_146660815376654_5239_n.jpg\" alt=\"50275_146660815376654_5239_n\" width=\"260\" height=\"376\" \/><\/a><\/p>\n<h1 style=\"font-size: 18px; color: #2f9e38; text-align: center; padding: 0px; margin: 0px 0px 10px 30px;\"><span style=\"color: #ffffff;\">&#8212;&#8212;&#8212;&#8212;&#8212;&#8212;&#8212;&#8212;&#8212;&#8212;&#8211;<br \/>\n&#8212;&#8212;&#8212;&#8212;&#8212;&#8212;&#8212;&#8212;&#8212;&#8212;&#8211; <\/span><\/h1>\n<h1 style=\"font-size: 18px; color: #2f9e38; padding: 0px; margin: 0px 0px 10px 30px;\">Programme 2010<\/h1>\n<h2 style=\"font-size: 14px; color: #2f9e38; padding: 0px; margin: 0px 0px 5px 0px;\">Jeudi 7 octobre<\/h2>\n<h3 style=\"font-size: 12px; color: #2f9e38; padding: 0px;\">Auditorium de Bourges &#8211; grande salle<\/h3>\n<p><strong>18 h \/ 20 h 15 &gt;<a style=\"color: #005189; text-decoration: none;\" href=\"http:\/\/www.festival-film-bourges.fr\/ceremonie-ouverture.php\"> CEREMONIE D&rsquo;OUVERTURE<\/a><\/strong><\/p>\n<p><strong>20 h 30 \/ 23 h 45 &gt; PROJECTIONS DES FILMS<\/strong><br \/>\n\u2022 20 h 30 :\u00a0<a style=\"color: #005189; text-decoration: none;\" href=\"http:\/\/www.festival-film-bourges.fr\/films-documentaires.php#titanic\">Le Syndrome du Titanic<\/a><br \/>\n\u2022 22 h 02 :<a style=\"color: #005189; text-decoration: none;\" href=\"http:\/\/www.festival-film-bourges.fr\/films-reportage.php#kenya\"> Rendez-vous au Kenya &#8211; La cog\u00e9n\u00e9ration durable<\/a><br \/>\n\u2022 22 h 08 :\u00a0<a style=\"color: #005189; text-decoration: none;\" href=\"http:\/\/www.festival-film-bourges.fr\/films-documentaires.php#eau\">Court d\u2019eau<\/a><br \/>\n\u2022 22 h 35 :\u00a0<a style=\"color: #005189; text-decoration: none;\" href=\"http:\/\/www.festival-film-bourges.fr\/films-documentaires.php#marseille\">Marseille une rade ressuscit\u00e9e<\/a><br \/>\n\u2022 23 h 28 :\u00a0<a style=\"color: #005189; text-decoration: none;\" href=\"http:\/\/www.festival-film-bourges.fr\/films-fiction.php#crab\">King Crab Attack !<\/a><\/p>\n<h3 style=\"font-size: 12px; color: #2f9e38; padding: 0px;\">Auditorium de Bourges &#8211; Hall d&rsquo;entr\u00e9e<\/h3>\n<p><strong>A partir de 19 h 30<\/strong><br \/>\nInauguration de l&rsquo;exposition \u00ab\u00a0<a style=\"color: #005189; text-decoration: none;\" href=\"http:\/\/www.festival-film-bourges.fr\/exposition.php\">La table est servie<\/a>\u00a0\u00bb<\/p>\n<h2 style=\"font-size: 14px; color: #2f9e38; padding: 0px; margin: 0px 0px 5px 0px;\">Vendredi 8 octobre<\/h2>\n<h3 style=\"font-size: 12px; color: #2f9e38; padding: 0px;\">Auditorium de Bourges &#8211; grande salle<\/h3>\n<p><strong>10 h \/ 12 h &gt; LES ENTRETIENS DE BOURGES<br \/>\n<\/strong><a style=\"color: #005189; text-decoration: none;\" href=\"http:\/\/www.festival-film-bourges.fr\/entretiens.php#facettes\">Les facettes du soleil<\/a><\/p>\n<p><strong>14 h \/ 18 h &gt; PROJECTIONS DES FILMS<\/strong><br \/>\n\u2022 14 h 00 :\u00a0<a style=\"color: #005189; text-decoration: none;\" href=\"http:\/\/www.festival-film-bourges.fr\/films-documentaires.php#vendee\">Vend\u00e9e sauvage, Kroll le fils du vent<br \/>\n<\/a>\u2022 14 h 53 :\u00a0<a style=\"color: #005189; text-decoration: none;\" href=\"http:\/\/www.festival-film-bourges.fr\/films-reportage.php#cimetiere\">Le cimeti\u00e8re digital<br \/>\n<\/a>\u2022 15 h 10 :\u00a0<a style=\"color: #005189; text-decoration: none;\" href=\"http:\/\/www.festival-film-bourges.fr\/films-fiction.php#ventileuses\">Les Ventileuses<\/a><br \/>\n\u2022 15 h 41 :\u00a0<a style=\"color: #005189; text-decoration: none;\" href=\"http:\/\/www.festival-film-bourges.fr\/films-documentaires.php#small\">Small is beautiful &#8211; C\u2019est par o\u00f9 demain ?<\/a><br \/>\n\u2022 17 h 28 :\u00a0<a style=\"color: #005189; text-decoration: none;\" href=\"http:\/\/www.festival-film-bourges.fr\/films-reportage.php#vin\">Le vin est-il toujours un produit naturel ?<\/a><br \/>\n\u2022 18 h 08 :\u00a0<a style=\"color: #005189; text-decoration: none;\" href=\"http:\/\/www.festival-film-bourges.fr\/films-documentaires.php#trees\">Can you hear the trees ?<\/a><\/p>\n<p><strong>18 h \/ 20 h &gt; LES ENTRETIENS DE BOURGES<\/strong><br \/>\n<a style=\"color: #005189; text-decoration: none;\" href=\"http:\/\/www.festival-film-bourges.fr\/entretiens.php#lepeltier\">Serge LEPELTIER<\/a><\/p>\n<p><strong>20 h 30 \/ 23 h 45 &gt; PROJECTIONS DES FILMS<\/strong><br \/>\n\u2022 20 h 30 :\u00a0<a style=\"color: #005189; text-decoration: none;\" href=\"http:\/\/www.festival-film-bourges.fr\/films-documentaires.php#alma\">Alma<\/a><br \/>\n\u2022 21 h 34 :\u00a0<a style=\"color: #005189; text-decoration: none;\" href=\"http:\/\/www.festival-film-bourges.fr\/films-documentaires.php#arcachon\">Tr\u00e9sors de la Biodiversit\u00e9 du littoral : Sous les eaux&#8230; du Bassin d\u2019Arcachon<\/a><br \/>\n\u2022 21 h 41 :\u00a0<a style=\"color: #005189; text-decoration: none;\" href=\"http:\/\/www.festival-film-bourges.fr\/films-fiction.php#kuma\">Kuma no kami (Ciel aveugle)<\/a><br \/>\n\u2022 22 h 12 :\u00a0<a style=\"color: #005189; text-decoration: none;\" href=\"http:\/\/www.festival-film-bourges.fr\/films-reportage.php#cedraie\">Rendez-vous au Maroc &#8211; La c\u00e9draie d\u2019Ifrane<\/a><br \/>\n\u2022 22 h 20 :\u00a0<a style=\"color: #005189; text-decoration: none;\" href=\"http:\/\/www.festival-film-bourges.fr\/films-documentaires.php#muraille\">La grande muraille verte<\/a><br \/>\n\u2022 22 h 42 :\u00a0<a style=\"color: #005189; text-decoration: none;\" href=\"http:\/\/www.festival-film-bourges.fr\/films-reportage.php#carteret\">Les \u00eeles Carteret<br \/>\n<\/a>\u2022 23 h 18 :\u00a0<a style=\"color: #005189; text-decoration: none;\" href=\"http:\/\/www.festival-film-bourges.fr\/films-reportage.php#bois\">Envoy\u00e9 Sp\u00e9cial : le bois dans tous ses \u00e9tats<\/a><\/p>\n<h3 style=\"font-size: 12px; color: #2f9e38; padding: 0px;\">Auditorium de Bourges &#8211; Hall d&rsquo;entr\u00e9e<\/h3>\n<p><strong>EXPOSITION PERMANENTE<\/strong><br \/>\n\u00ab\u00a0<a style=\"color: #005189; text-decoration: none;\" href=\"http:\/\/www.festival-film-bourges.fr\/exposition.php\">La table est servie<\/a>\u00a0\u00bb de Julien MONNIER<\/p>\n<p><strong>10 h \/ 12 h \u2022 14 h \/ 18 h &gt; ESPACE MEDIAS<br \/>\n<\/strong>Projection des films s\u00e9lectionn\u00e9s \u00ab\u00a0\u00e0 la demande\u00a0\u00bb<\/p>\n<h3 style=\"font-size: 12px; color: #2f9e38; padding: 0px;\">Auditorium de Bourges &#8211; Patio<\/h3>\n<p><strong>10 h \/ 19 h &gt;<a style=\"color: #005189; text-decoration: none;\" href=\"http:\/\/www.festival-film-bourges.fr\/pole-apicole.php\"> P\u00d4LE APICOLE<\/a><\/strong><\/p>\n<h3 style=\"font-size: 12px; color: #2f9e38; padding: 0px;\">Auditorium de Bourges &#8211; Salle Huret<\/h3>\n<p><strong>14 h 30 \/ 17 h &gt; CONFERENCE \/ DEBAT<br \/>\n<\/strong><a style=\"color: #005189; text-decoration: none;\" href=\"http:\/\/www.festival-film-bourges.fr\/entretiens.php#cleantechs\">Les cleantechs, technologies vertes innovantes<\/a><\/p>\n<h3 style=\"font-size: 12px; color: #2f9e38; padding: 0px;\">M\u00e9diath\u00e8que &#8211; Salle J. Pr\u00e9vert<\/h3>\n<p><strong>18 h 30 &gt; LE FESTIVAL DU P&rsquo;TIT ECOLO<\/strong><br \/>\nProjection du film \u00ab\u00a0<a style=\"color: #005189; text-decoration: none;\" href=\"http:\/\/www.festival-film-bourges.fr\/ptit-ecolo.php\">Nos enfants nous accuseront<\/a>\u00a0\u00bb<\/p>\n<h2 style=\"font-size: 14px; color: #2f9e38; padding: 0px; margin: 0px 0px 5px 0px;\">Samedi 9 octobre<\/h2>\n<h3 style=\"font-size: 12px; color: #2f9e38; padding: 0px;\">Auditorium de Bourges &#8211; grande salle<\/h3>\n<p><strong>10 h \/ 12 h &gt; LES ENTRETIENS DE BOURGES<\/strong><br \/>\n<a style=\"color: #005189; text-decoration: none;\" href=\"http:\/\/www.festival-film-bourges.fr\/entretiens.php#rivieres\">Rivi\u00e8res et for\u00eats sauvages, est-ce encore possible ?<\/a><\/p>\n<p><strong>14 h \/ 18 h &gt; PROJECTIONS DES FILMS<\/strong><br \/>\n\u2022 14 h 00 :\u00a0<a style=\"color: #005189; text-decoration: none;\" href=\"http:\/\/www.festival-film-bourges.fr\/films-documentaires.php#opera\">Wild opera<\/a><br \/>\n\u2022 15 h 15 :\u00a0<a style=\"color: #005189; text-decoration: none;\" href=\"http:\/\/www.festival-film-bourges.fr\/films-fiction.php#chaperon\">Un dr\u00f4le de Petit Chaperon rouge<\/a><br \/>\n\u2022 15 h 26 :\u00a0<a style=\"color: #005189; text-decoration: none;\" href=\"http:\/\/www.festival-film-bourges.fr\/films-documentaires.php#tchernobyl\">Tchernobyl, une histoire naturelle ?<\/a><br \/>\n\u2022 16 h 57 :\u00a0<a style=\"color: #005189; text-decoration: none;\" href=\"http:\/\/www.festival-film-bourges.fr\/films-fiction.php#panique\">Panique dans le marais<\/a><br \/>\n\u2022 17 h 00 :\u00a0<a style=\"color: #005189; text-decoration: none;\" href=\"http:\/\/www.festival-film-bourges.fr\/films-documentaires.php#peuls\">Le cri d\u2019appel des pasteurs peuls<\/a><br \/>\n\u2022 17 h 50 :\u00a0<a style=\"color: #005189; text-decoration: none;\" href=\"http:\/\/www.festival-film-bourges.fr\/films-reportage.php#manchots\">Br\u00e9sil, des manchots sous l\u2019Equateur<\/a><\/p>\n<p><strong>18 h \/ 20 h &gt; LES ENTRETIENS DE BOURGES<br \/>\n<\/strong><a style=\"color: #005189; text-decoration: none;\" href=\"http:\/\/www.festival-film-bourges.fr\/entretiens.php#relations\">Les relations entre l&rsquo;homme et la nature<\/a><\/p>\n<p><strong>21 h &gt; CEREMONIE DE CL\u00d4TURE<\/strong><br \/>\n<strong>Palmar\u00e8s et remise des prix<\/strong><br \/>\n(acc\u00e8s uniquement sur invitation dans le cadre de la c\u00e9r\u00e9monie de cl\u00f4ture et dans la limite des places disponibles)<\/p>\n<h3 style=\"font-size: 12px; color: #2f9e38; padding: 0px;\">Auditorium de Bourges &#8211; Hall d&rsquo;entr\u00e9e<\/h3>\n<p><strong>EXPOSITION PERMANENTE<\/strong><br \/>\n\u00ab\u00a0<a style=\"color: #005189; text-decoration: none;\" href=\"http:\/\/www.festival-film-bourges.fr\/exposition.php\">La table est servie<\/a>\u00a0\u00bb de Julien MONNIER<\/p>\n<p><strong>10 h \/ 12 h \u2022 14 h \/ 18 h &gt; ESPACE MEDIAS<\/strong><br \/>\nProjection des films s\u00e9lectionn\u00e9s \u00ab\u00a0\u00e0 la demande\u00a0\u00bb<\/p>\n<h3 style=\"font-size: 12px; color: #2f9e38; padding: 0px;\">Auditorium de Bourges &#8211; Patio<\/h3>\n<p><strong>10 h \/ 19 h &gt;\u00a0<a style=\"color: #005189; text-decoration: none;\" href=\"http:\/\/www.festival-film-bourges.fr\/pole-apicole.php\">P\u00d4LE APICOLE<\/a><\/strong><\/p>\n<h3 style=\"font-size: 12px; color: #2f9e38; padding: 0px;\">M\u00e9diath\u00e8que &#8211; Salle J. Pr\u00e9vert<\/h3>\n<p><strong>15 h &gt; LE FESTIVAL DU P&rsquo;TIT ECOLO<\/strong><br \/>\nProjection du film \u00ab\u00a0<a style=\"color: #005189; text-decoration: none;\" href=\"http:\/\/www.festival-film-bourges.fr\/ptit-ecolo.php\">Nos enfants nous accuseront<\/a>\u00a0\u00bb<\/p>\n<h2 style=\"font-size: 14px; color: #2f9e38; padding: 0px; margin: 0px 0px 5px 0px;\">Dimanche 10 octobre<\/h2>\n<h3 style=\"font-size: 12px; color: #2f9e38; padding: 0px;\">Auditorium de Bourges &#8211; grande salle<\/h3>\n<p><strong>10 h \/ 12 h &gt; LES ENTRETIENS DE BOURGES<\/strong><br \/>\n<a style=\"color: #005189; text-decoration: none;\" href=\"http:\/\/www.festival-film-bourges.fr\/entretiens.php#pub\">L&rsquo;\u00e9cologie dans la pub, une caution d\u00e9tourn\u00e9e<\/a><\/p>\n<p><strong>14 h \/ 18 h &gt; PROJECTIONS DES FILMS PRIMES<\/strong><\/p>\n<h3 style=\"font-size: 12px; color: #2f9e38; padding: 0px;\">Auditorium de Bourges &#8211; Hall d&rsquo;entr\u00e9e<\/h3>\n<p><strong>EXPOSITION PERMANENTE<\/strong><br \/>\n\u00ab\u00a0<a style=\"color: #005189; text-decoration: none;\" href=\"http:\/\/www.festival-film-bourges.fr\/exposition.php\">La table est servie<\/a>\u00a0\u00bb de Julien MONNIER<\/p>\n<h3 style=\"font-size: 12px; color: #2f9e38; padding: 0px;\">Auditorium de Bourges &#8211; Patio<\/h3>\n<p><strong>10 h \/ 18 h &gt;\u00a0<a style=\"color: #005189; text-decoration: none;\" href=\"http:\/\/www.festival-film-bourges.fr\/pole-apicole.php\">P\u00d4LE APICOLE<\/a><\/strong><\/p>\n<h1 style=\"font-size: 18px; color: #2f9e38; text-align: center; padding: 0px; margin: 0px 0px 10px 30px;\"><span style=\"color: #ffffff;\">&#8212;&#8212;&#8212;&#8212;&#8212;&#8212;&#8212;&#8212;&#8212;&#8212;&#8211;<br \/>\n&#8212;&#8212;&#8212;&#8212;&#8212;&#8212;&#8212;&#8212;&#8212;&#8212;&#8211;<\/span><\/h1>\n<p><span style=\"color: #ffffff;\">\u00a0<\/span><\/p>\n","protected":false},"excerpt":{"rendered":"<p>Les radicaux sont \u00e9colos. Tout le monde le sait, et pour ceux qui ne le savent pas encore, le patron des radicaux c&rsquo;est Borloo, Ministre de l&rsquo;Ecologie. Celui qui a le plus fait pour l&rsquo;\u00e9cologie appliqu\u00e9e, de tous les gouvernements &hellip; <a href=\"https:\/\/www.frederic-poitou.com\/blog\/ecolo-radical\/\">Lire la suite\u00ad\u00ad<\/a><\/p>\n","protected":false},"author":4,"featured_media":10116,"comment_status":"open","ping_status":"open","sticky":false,"template":"","format":"standard","meta":{"kt_blocks_editor_width":"","_exactmetrics_skip_tracking":false,"_exactmetrics_sitenote_active":false,"_exactmetrics_sitenote_note":"","_exactmetrics_sitenote_category":0,"footnotes":""},"categories":[48,53,55,51,54],"tags":[27,25,24],"class_list":["post-3989","post","type-post","status-publish","format-standard","has-post-thumbnail","hentry","category-accueil","category-ecologie","category-europe","category-politique","category-societe","tag-actualite","tag-parti-radical","tag-politique"],"yoast_head":"<!-- This site is optimized with the Yoast SEO plugin v27.1.1 - https:\/\/yoast.com\/product\/yoast-seo-wordpress\/ -->\n<title>ECOLO RADICAL ... ! -<\/title>\n<meta name=\"robots\" content=\"index, follow, max-snippet:-1, max-image-preview:large, max-video-preview:-1\" \/>\n<link rel=\"canonical\" href=\"http:\/\/www.frederic-poitou.com\/blog\/ecolo-radical\/\" \/>\n<meta property=\"og:locale\" content=\"fr_FR\" \/>\n<meta property=\"og:type\" content=\"article\" \/>\n<meta property=\"og:title\" content=\"ECOLO RADICAL ... ! -\" \/>\n<meta property=\"og:description\" content=\"Les radicaux sont \u00e9colos. Tout le monde le sait, et pour ceux qui ne le savent pas encore, le patron des radicaux c&rsquo;est Borloo, Ministre de l&rsquo;Ecologie. Celui qui a le plus fait pour l&rsquo;\u00e9cologie appliqu\u00e9e, de tous les gouvernements &hellip; Lire la suite\u00ad\u00ad\" \/>\n<meta property=\"og:url\" content=\"http:\/\/www.frederic-poitou.com\/blog\/ecolo-radical\/\" \/>\n<meta property=\"article:publisher\" content=\"https:\/\/www.facebook.com\/frederic.poitou\/\" \/>\n<meta property=\"article:published_time\" content=\"2023-07-13T14:08:32+00:00\" \/>\n<meta property=\"article:modified_time\" content=\"2026-04-09T19:35:21+00:00\" \/>\n<meta property=\"og:image\" content=\"http:\/\/www.frederic-poitou.com\/blog\/wp-content\/2021\/05\/2a27c65_91187-3211185.jpg\" \/>\n\t<meta property=\"og:image:width\" content=\"1328\" \/>\n\t<meta property=\"og:image:height\" content=\"884\" \/>\n\t<meta property=\"og:image:type\" content=\"image\/jpeg\" \/>\n<meta name=\"author\" content=\"Fr\u00e9d\u00e9ric Poitou\" \/>\n<meta name=\"twitter:card\" content=\"summary_large_image\" \/>\n<meta name=\"twitter:creator\" content=\"@fredericpoitou\" \/>\n<meta name=\"twitter:site\" content=\"@fredericpoitou\" \/>\n<meta name=\"twitter:label1\" content=\"\u00c9crit par\" \/>\n\t<meta name=\"twitter:data1\" content=\"Fr\u00e9d\u00e9ric Poitou\" \/>\n\t<meta name=\"twitter:label2\" content=\"Dur\u00e9e de lecture estim\u00e9e\" \/>\n\t<meta name=\"twitter:data2\" content=\"4 minutes\" \/>\n<script type=\"application\/ld+json\" class=\"yoast-schema-graph\">{\"@context\":\"https:\/\/schema.org\",\"@graph\":[{\"@type\":\"Article\",\"@id\":\"http:\/\/www.frederic-poitou.com\/blog\/ecolo-radical\/#article\",\"isPartOf\":{\"@id\":\"http:\/\/www.frederic-poitou.com\/blog\/ecolo-radical\/\"},\"author\":{\"name\":\"Fr\u00e9d\u00e9ric Poitou\",\"@id\":\"http:\/\/www.frederic-poitou.com\/blog\/#\/schema\/person\/e2c2d05e978747818533fdce859a7799\"},\"headline\":\"ECOLO RADICAL &#8230; !\",\"datePublished\":\"2023-07-13T14:08:32+00:00\",\"dateModified\":\"2026-04-09T19:35:21+00:00\",\"mainEntityOfPage\":{\"@id\":\"http:\/\/www.frederic-poitou.com\/blog\/ecolo-radical\/\"},\"wordCount\":739,\"commentCount\":0,\"image\":{\"@id\":\"http:\/\/www.frederic-poitou.com\/blog\/ecolo-radical\/#primaryimage\"},\"thumbnailUrl\":\"https:\/\/www.frederic-poitou.com\/blog\/wp-content\/2021\/05\/2a27c65_91187-3211185.jpg\",\"keywords\":[\"Actualit\u00e9\",\"PARTI RADICAL\",\"Politique\"],\"articleSection\":[\"Accueil\",\"Ecologie\",\"Europe\",\"Politique\",\"Soci\u00e9t\u00e9\"],\"inLanguage\":\"fr-FR\",\"potentialAction\":[{\"@type\":\"CommentAction\",\"name\":\"Comment\",\"target\":[\"http:\/\/www.frederic-poitou.com\/blog\/ecolo-radical\/#respond\"]}]},{\"@type\":\"WebPage\",\"@id\":\"http:\/\/www.frederic-poitou.com\/blog\/ecolo-radical\/\",\"url\":\"http:\/\/www.frederic-poitou.com\/blog\/ecolo-radical\/\",\"name\":\"ECOLO RADICAL ... ! -\",\"isPartOf\":{\"@id\":\"http:\/\/www.frederic-poitou.com\/blog\/#website\"},\"primaryImageOfPage\":{\"@id\":\"http:\/\/www.frederic-poitou.com\/blog\/ecolo-radical\/#primaryimage\"},\"image\":{\"@id\":\"http:\/\/www.frederic-poitou.com\/blog\/ecolo-radical\/#primaryimage\"},\"thumbnailUrl\":\"https:\/\/www.frederic-poitou.com\/blog\/wp-content\/2021\/05\/2a27c65_91187-3211185.jpg\",\"datePublished\":\"2023-07-13T14:08:32+00:00\",\"dateModified\":\"2026-04-09T19:35:21+00:00\",\"author\":{\"@id\":\"http:\/\/www.frederic-poitou.com\/blog\/#\/schema\/person\/e2c2d05e978747818533fdce859a7799\"},\"breadcrumb\":{\"@id\":\"http:\/\/www.frederic-poitou.com\/blog\/ecolo-radical\/#breadcrumb\"},\"inLanguage\":\"fr-FR\",\"potentialAction\":[{\"@type\":\"ReadAction\",\"target\":[\"http:\/\/www.frederic-poitou.com\/blog\/ecolo-radical\/\"]}]},{\"@type\":\"ImageObject\",\"inLanguage\":\"fr-FR\",\"@id\":\"http:\/\/www.frederic-poitou.com\/blog\/ecolo-radical\/#primaryimage\",\"url\":\"https:\/\/www.frederic-poitou.com\/blog\/wp-content\/2021\/05\/2a27c65_91187-3211185.jpg\",\"contentUrl\":\"https:\/\/www.frederic-poitou.com\/blog\/wp-content\/2021\/05\/2a27c65_91187-3211185.jpg\",\"width\":1328,\"height\":884,\"caption\":\"Jean-Louis BORLOO. Journee parlementaire (deputes, deputes europeens, senateurs) des groupes LR Les Republicains, au sein de l'Assemblee Nationale (Salle des fete de l'Hotel de Lassay), Paris, France, le 8 Octobre 2020. Parliamentary day (National MPs, European MPs, senators) of LR Les Republicains groups, within the National Assembly (Salle des fete of the Hotel de Lassay), Paris, France, October 8, 2020. Parliamentary day (MPs, European MPs, senators) of LR Les Republicains groups, within the National Assembly (Salle des fete of the Hotel de Lassay), Paris, France, October 8, 2020. Parliamentary day (National MPs, European MPs, senators) of LR Les Republicains groups, within the National Assembly (Salle des fete of the Hotel de Lassay), Paris, France, October 8, 2020.\/\/04NICOLASMESSYASZ_2020_10_08a_0751a\/2010081630\/Credit:NICOLAS MESSYASZ\/SIPA\/2010081631\"},{\"@type\":\"BreadcrumbList\",\"@id\":\"http:\/\/www.frederic-poitou.com\/blog\/ecolo-radical\/#breadcrumb\",\"itemListElement\":[{\"@type\":\"ListItem\",\"position\":1,\"name\":\"Accueil\",\"item\":\"http:\/\/www.frederic-poitou.com\/blog\/\"},{\"@type\":\"ListItem\",\"position\":2,\"name\":\"ECOLO RADICAL &#8230; !\"}]},{\"@type\":\"WebSite\",\"@id\":\"http:\/\/www.frederic-poitou.com\/blog\/#website\",\"url\":\"http:\/\/www.frederic-poitou.com\/blog\/\",\"name\":\"\",\"description\":\"\",\"potentialAction\":[{\"@type\":\"SearchAction\",\"target\":{\"@type\":\"EntryPoint\",\"urlTemplate\":\"http:\/\/www.frederic-poitou.com\/blog\/?s={search_term_string}\"},\"query-input\":{\"@type\":\"PropertyValueSpecification\",\"valueRequired\":true,\"valueName\":\"search_term_string\"}}],\"inLanguage\":\"fr-FR\"},{\"@type\":\"Person\",\"@id\":\"http:\/\/www.frederic-poitou.com\/blog\/#\/schema\/person\/e2c2d05e978747818533fdce859a7799\",\"name\":\"Fr\u00e9d\u00e9ric Poitou\",\"image\":{\"@type\":\"ImageObject\",\"inLanguage\":\"fr-FR\",\"@id\":\"http:\/\/www.frederic-poitou.com\/blog\/#\/schema\/person\/image\/\",\"url\":\"https:\/\/secure.gravatar.com\/avatar\/1933bcca279a2feafd35d9e0a080c521e11beb51115fe4cfe02e2586ac13424a?s=96&d=mm&r=g\",\"contentUrl\":\"https:\/\/secure.gravatar.com\/avatar\/1933bcca279a2feafd35d9e0a080c521e11beb51115fe4cfe02e2586ac13424a?s=96&d=mm&r=g\",\"caption\":\"Fr\u00e9d\u00e9ric Poitou\"},\"description\":\"Fr\u00e9d\u00e9ric Poitou est n\u00e9 \u00e0 Rouen, et y a fait des \u00e9tudes au Conservatoire en musique-\u00e9tudes en section piano. Il s'est ensuite orient\u00e9 vers des \u00e9tudes scientifiques o\u00f9 il a obtenu un dipl\u00f4me d'ing\u00e9nieur, puis un doctorat en Chimie. Il est Expert Judiciaire en France, en Belgique et \u00e0 Luxembourg, et agr\u00e9e par les Institutions Europ\u00e9ennes.\",\"sameAs\":[\"http:\/\/www.frederic-poitou.com\",\"https:\/\/www.linkedin.com\/in\/frederic-poitou-b045a025\/\"]}]}<\/script>\n<!-- \/ Yoast SEO plugin. -->","yoast_head_json":{"title":"ECOLO RADICAL ... ! -","robots":{"index":"index","follow":"follow","max-snippet":"max-snippet:-1","max-image-preview":"max-image-preview:large","max-video-preview":"max-video-preview:-1"},"canonical":"http:\/\/www.frederic-poitou.com\/blog\/ecolo-radical\/","og_locale":"fr_FR","og_type":"article","og_title":"ECOLO RADICAL ... ! -","og_description":"Les radicaux sont \u00e9colos. Tout le monde le sait, et pour ceux qui ne le savent pas encore, le patron des radicaux c&rsquo;est Borloo, Ministre de l&rsquo;Ecologie. Celui qui a le plus fait pour l&rsquo;\u00e9cologie appliqu\u00e9e, de tous les gouvernements &hellip; Lire la suite\u00ad\u00ad","og_url":"http:\/\/www.frederic-poitou.com\/blog\/ecolo-radical\/","article_publisher":"https:\/\/www.facebook.com\/frederic.poitou\/","article_published_time":"2023-07-13T14:08:32+00:00","article_modified_time":"2026-04-09T19:35:21+00:00","og_image":[{"width":1328,"height":884,"url":"http:\/\/www.frederic-poitou.com\/blog\/wp-content\/2021\/05\/2a27c65_91187-3211185.jpg","type":"image\/jpeg"}],"author":"Fr\u00e9d\u00e9ric Poitou","twitter_card":"summary_large_image","twitter_creator":"@fredericpoitou","twitter_site":"@fredericpoitou","twitter_misc":{"\u00c9crit par":"Fr\u00e9d\u00e9ric Poitou","Dur\u00e9e de lecture estim\u00e9e":"4 minutes"},"schema":{"@context":"https:\/\/schema.org","@graph":[{"@type":"Article","@id":"http:\/\/www.frederic-poitou.com\/blog\/ecolo-radical\/#article","isPartOf":{"@id":"http:\/\/www.frederic-poitou.com\/blog\/ecolo-radical\/"},"author":{"name":"Fr\u00e9d\u00e9ric Poitou","@id":"http:\/\/www.frederic-poitou.com\/blog\/#\/schema\/person\/e2c2d05e978747818533fdce859a7799"},"headline":"ECOLO RADICAL &#8230; !","datePublished":"2023-07-13T14:08:32+00:00","dateModified":"2026-04-09T19:35:21+00:00","mainEntityOfPage":{"@id":"http:\/\/www.frederic-poitou.com\/blog\/ecolo-radical\/"},"wordCount":739,"commentCount":0,"image":{"@id":"http:\/\/www.frederic-poitou.com\/blog\/ecolo-radical\/#primaryimage"},"thumbnailUrl":"https:\/\/www.frederic-poitou.com\/blog\/wp-content\/2021\/05\/2a27c65_91187-3211185.jpg","keywords":["Actualit\u00e9","PARTI RADICAL","Politique"],"articleSection":["Accueil","Ecologie","Europe","Politique","Soci\u00e9t\u00e9"],"inLanguage":"fr-FR","potentialAction":[{"@type":"CommentAction","name":"Comment","target":["http:\/\/www.frederic-poitou.com\/blog\/ecolo-radical\/#respond"]}]},{"@type":"WebPage","@id":"http:\/\/www.frederic-poitou.com\/blog\/ecolo-radical\/","url":"http:\/\/www.frederic-poitou.com\/blog\/ecolo-radical\/","name":"ECOLO RADICAL ... ! -","isPartOf":{"@id":"http:\/\/www.frederic-poitou.com\/blog\/#website"},"primaryImageOfPage":{"@id":"http:\/\/www.frederic-poitou.com\/blog\/ecolo-radical\/#primaryimage"},"image":{"@id":"http:\/\/www.frederic-poitou.com\/blog\/ecolo-radical\/#primaryimage"},"thumbnailUrl":"https:\/\/www.frederic-poitou.com\/blog\/wp-content\/2021\/05\/2a27c65_91187-3211185.jpg","datePublished":"2023-07-13T14:08:32+00:00","dateModified":"2026-04-09T19:35:21+00:00","author":{"@id":"http:\/\/www.frederic-poitou.com\/blog\/#\/schema\/person\/e2c2d05e978747818533fdce859a7799"},"breadcrumb":{"@id":"http:\/\/www.frederic-poitou.com\/blog\/ecolo-radical\/#breadcrumb"},"inLanguage":"fr-FR","potentialAction":[{"@type":"ReadAction","target":["http:\/\/www.frederic-poitou.com\/blog\/ecolo-radical\/"]}]},{"@type":"ImageObject","inLanguage":"fr-FR","@id":"http:\/\/www.frederic-poitou.com\/blog\/ecolo-radical\/#primaryimage","url":"https:\/\/www.frederic-poitou.com\/blog\/wp-content\/2021\/05\/2a27c65_91187-3211185.jpg","contentUrl":"https:\/\/www.frederic-poitou.com\/blog\/wp-content\/2021\/05\/2a27c65_91187-3211185.jpg","width":1328,"height":884,"caption":"Jean-Louis BORLOO. Journee parlementaire (deputes, deputes europeens, senateurs) des groupes LR Les Republicains, au sein de l'Assemblee Nationale (Salle des fete de l'Hotel de Lassay), Paris, France, le 8 Octobre 2020. Parliamentary day (National MPs, European MPs, senators) of LR Les Republicains groups, within the National Assembly (Salle des fete of the Hotel de Lassay), Paris, France, October 8, 2020. Parliamentary day (MPs, European MPs, senators) of LR Les Republicains groups, within the National Assembly (Salle des fete of the Hotel de Lassay), Paris, France, October 8, 2020. Parliamentary day (National MPs, European MPs, senators) of LR Les Republicains groups, within the National Assembly (Salle des fete of the Hotel de Lassay), Paris, France, October 8, 2020.\/\/04NICOLASMESSYASZ_2020_10_08a_0751a\/2010081630\/Credit:NICOLAS MESSYASZ\/SIPA\/2010081631"},{"@type":"BreadcrumbList","@id":"http:\/\/www.frederic-poitou.com\/blog\/ecolo-radical\/#breadcrumb","itemListElement":[{"@type":"ListItem","position":1,"name":"Accueil","item":"http:\/\/www.frederic-poitou.com\/blog\/"},{"@type":"ListItem","position":2,"name":"ECOLO RADICAL &#8230; !"}]},{"@type":"WebSite","@id":"http:\/\/www.frederic-poitou.com\/blog\/#website","url":"http:\/\/www.frederic-poitou.com\/blog\/","name":"","description":"","potentialAction":[{"@type":"SearchAction","target":{"@type":"EntryPoint","urlTemplate":"http:\/\/www.frederic-poitou.com\/blog\/?s={search_term_string}"},"query-input":{"@type":"PropertyValueSpecification","valueRequired":true,"valueName":"search_term_string"}}],"inLanguage":"fr-FR"},{"@type":"Person","@id":"http:\/\/www.frederic-poitou.com\/blog\/#\/schema\/person\/e2c2d05e978747818533fdce859a7799","name":"Fr\u00e9d\u00e9ric Poitou","image":{"@type":"ImageObject","inLanguage":"fr-FR","@id":"http:\/\/www.frederic-poitou.com\/blog\/#\/schema\/person\/image\/","url":"https:\/\/secure.gravatar.com\/avatar\/1933bcca279a2feafd35d9e0a080c521e11beb51115fe4cfe02e2586ac13424a?s=96&d=mm&r=g","contentUrl":"https:\/\/secure.gravatar.com\/avatar\/1933bcca279a2feafd35d9e0a080c521e11beb51115fe4cfe02e2586ac13424a?s=96&d=mm&r=g","caption":"Fr\u00e9d\u00e9ric Poitou"},"description":"Fr\u00e9d\u00e9ric Poitou est n\u00e9 \u00e0 Rouen, et y a fait des \u00e9tudes au Conservatoire en musique-\u00e9tudes en section piano. Il s'est ensuite orient\u00e9 vers des \u00e9tudes scientifiques o\u00f9 il a obtenu un dipl\u00f4me d'ing\u00e9nieur, puis un doctorat en Chimie. Il est Expert Judiciaire en France, en Belgique et \u00e0 Luxembourg, et agr\u00e9e par les Institutions Europ\u00e9ennes.","sameAs":["http:\/\/www.frederic-poitou.com","https:\/\/www.linkedin.com\/in\/frederic-poitou-b045a025\/"]}]}},"_links":{"self":[{"href":"https:\/\/www.frederic-poitou.com\/blog\/wp-json\/wp\/v2\/posts\/3989","targetHints":{"allow":["GET"]}}],"collection":[{"href":"https:\/\/www.frederic-poitou.com\/blog\/wp-json\/wp\/v2\/posts"}],"about":[{"href":"https:\/\/www.frederic-poitou.com\/blog\/wp-json\/wp\/v2\/types\/post"}],"author":[{"embeddable":true,"href":"https:\/\/www.frederic-poitou.com\/blog\/wp-json\/wp\/v2\/users\/4"}],"replies":[{"embeddable":true,"href":"https:\/\/www.frederic-poitou.com\/blog\/wp-json\/wp\/v2\/comments?post=3989"}],"version-history":[{"count":2,"href":"https:\/\/www.frederic-poitou.com\/blog\/wp-json\/wp\/v2\/posts\/3989\/revisions"}],"predecessor-version":[{"id":10117,"href":"https:\/\/www.frederic-poitou.com\/blog\/wp-json\/wp\/v2\/posts\/3989\/revisions\/10117"}],"wp:featuredmedia":[{"embeddable":true,"href":"https:\/\/www.frederic-poitou.com\/blog\/wp-json\/wp\/v2\/media\/10116"}],"wp:attachment":[{"href":"https:\/\/www.frederic-poitou.com\/blog\/wp-json\/wp\/v2\/media?parent=3989"}],"wp:term":[{"taxonomy":"category","embeddable":true,"href":"https:\/\/www.frederic-poitou.com\/blog\/wp-json\/wp\/v2\/categories?post=3989"},{"taxonomy":"post_tag","embeddable":true,"href":"https:\/\/www.frederic-poitou.com\/blog\/wp-json\/wp\/v2\/tags?post=3989"}],"curies":[{"name":"wp","href":"https:\/\/api.w.org\/{rel}","templated":true}]}}