{"id":3900,"date":"2023-07-14T20:40:32","date_gmt":"2023-07-14T18:40:32","guid":{"rendered":"http:\/\/www.frederic-poitou.com\/blog\/?p=3900"},"modified":"2026-04-22T21:01:24","modified_gmt":"2026-04-22T19:01:24","slug":"vous-etes-plutot-defense-des-principes-ou-defense-des-enfants","status":"publish","type":"post","link":"https:\/\/www.frederic-poitou.com\/blog\/vous-etes-plutot-defense-des-principes-ou-defense-des-enfants\/","title":{"rendered":"VOUS \u00caTES PLUT\u00d4T D\u00c9FENSE DES PRINCIPES OU D\u00c9FENSE DES ENFANTS ?"},"content":{"rendered":"<p>Selon que vous \u00eates plut\u00f4t comme-ci, ou plut\u00f4t comme-ca le 15 Octobre prochain, il faut voter aux \u00e9lections des parents d&rsquo;\u00e9l\u00e8ves. C&rsquo;est important pour nos enfants, et pour vous. Pour certains parents en situation difficile, (d\u00e9tenus, parents divorc\u00e9s, \u00e9loign\u00e9s ..) l&rsquo;association de parents d&rsquo;\u00e9l\u00e8ve est le seul lien avec les \u00e9quipes enseignantes.<\/p>\n<p>Pour vous aider \u00e0 choisir voici un petit test impartial :<\/p>\n<table border=\"1\" cellspacing=\"0\" cellpadding=\"0\" width=\"473\">\n<tbody>\n<tr>\n<td width=\"324\" valign=\"top\">\n<p align=\"center\">QUESTION<\/p>\n<\/td>\n<td width=\"149\" valign=\"top\">\n<p align=\"center\">VOTRE REPONSE<\/p>\n<p align=\"center\">(notez bien vos   points \u2026)<\/p>\n<\/td>\n<\/tr>\n<tr>\n<td width=\"324\" valign=\"top\">Je suis favorable aux gr\u00e8ves organis\u00e9es par les syndicats d&rsquo;enseignants<\/td>\n<td width=\"149\" valign=\"top\">\n<p align=\"center\">OUI (-5), NON (+5)<\/p>\n<\/td>\n<\/tr>\n<tr>\n<td width=\"324\" valign=\"top\">Je suis favorable au blocage des Coll\u00e8ges et des Lyc\u00e9es   par les \u00e9l\u00e8ves<\/td>\n<td width=\"149\" valign=\"top\">\n<p align=\"center\">OUI (-5), NON (+5)<\/p>\n<\/td>\n<\/tr>\n<tr>\n<td width=\"324\" valign=\"top\">Je suis favorable \u00e0 la transposition dans l\u2019\u00e9cole de mes   enfants, de principes, id\u00e9es et directives nationales.<\/td>\n<td width=\"149\" valign=\"top\">\n<p align=\"center\">OUI (-5), NON (+5)<\/p>\n<\/td>\n<\/tr>\n<tr>\n<td width=\"324\" valign=\"top\">Je suis favorable aux stages en entreprise<\/td>\n<td width=\"149\" valign=\"top\">\n<p align=\"center\">OUI (+5), NON (-5)<\/p>\n<\/td>\n<\/tr>\n<tr>\n<td width=\"324\" valign=\"top\">Je suis favorable aux solutions locales adapt\u00e9es aux   particularit\u00e9s de l\u2019\u00e9tablissement de mes enfants<\/td>\n<td width=\"149\" valign=\"top\">\n<p align=\"center\">OUI (+5), NON (-5)<\/p>\n<\/td>\n<\/tr>\n<tr>\n<td width=\"324\" valign=\"top\">Je suis favorable aux fili\u00e8res d\u2019excellence (sport \u00e9tude,   musique \u00e9tude, sections internationales)<\/td>\n<td width=\"149\" valign=\"top\">\n<p align=\"center\">OUI (+5), NON (-5)<\/p>\n<\/td>\n<\/tr>\n<tr>\n<td width=\"324\" valign=\"top\">Je suis favorable \u00e0 l\u2019adaptation des programmes et des   options en fonction des sp\u00e9cificit\u00e9s de mon territoire, de ma r\u00e9gion<\/td>\n<td width=\"149\" valign=\"top\">\n<p align=\"center\">OUI (+5), NON (-5)<\/p>\n<\/td>\n<\/tr>\n<tr>\n<td width=\"324\" valign=\"top\">Je suis favorable \u00e0 une \u00e9cole la\u00efque, interculturelle<\/td>\n<td width=\"149\" valign=\"top\">\n<p align=\"center\">OUI (+5), NON (-5)<\/p>\n<\/td>\n<\/tr>\n<tr>\n<td width=\"324\" valign=\"top\">Je suis favorable aux \u00e9changes internationaux, aux stages   \u00e0 l\u2019\u00e9tranger, en entreprise<\/td>\n<td width=\"149\" valign=\"top\">\n<p align=\"center\">OUI (+5), NON (-5)<\/p>\n<\/td>\n<\/tr>\n<tr>\n<td width=\"324\" valign=\"top\">Je pense que l\u2019enseignement scolaire n\u2019est que l\u2019une des   facettes de l\u2019\u00e9ducation des enfants (en compl\u00e9ment du sport, des arts, de   l\u2019esprit)<\/td>\n<td width=\"149\" valign=\"top\">\n<p align=\"center\">OUI (+5), NON (-5)<\/p>\n<\/td>\n<\/tr>\n<tr>\n<td width=\"324\" valign=\"top\">Je suis favorable \u00e0 ce que 80% d\u2019une g\u00e9n\u00e9ration obtienne   son Baccalaur\u00e9at<\/td>\n<td width=\"149\" valign=\"top\">\n<p align=\"center\">OUI (-5), NON (+5)<\/p>\n<\/td>\n<\/tr>\n<\/tbody>\n<\/table>\n<p>Si vous avez plus de 30 points, et que :<\/p>\n<p>Votre enfant est \u00e0 la maternelle du Roy Ren\u00e9, \u00e0 l&rsquo;\u00e9cole Sallier : Votez en cliquant <a href=\"http:\/\/blogdapi.canalblog.com\/tag\/\u00e9cole%20Sallier\" target=\"_blank\" rel=\"noopener\">ICI<\/a> et <a href=\"http:\/\/www.apec-conservatoire-aix.org\/\" target=\"_blank\" rel=\"noopener\">LA<\/a><\/p>\n<p>Votre enfant est au coll\u00e8ge Mignet : Votez en cliquant\u00a0<a href=\"http:\/\/www.peep.asso.fr\/39\/art-3717.html\" target=\"_blank\" rel=\"noopener\">ICI<\/a>,\u00a0<a href=\"http:\/\/www.apelevia.org\/\" target=\"_blank\" rel=\"noopener\">LA<\/a> et <a href=\"http:\/\/www.apec-conservatoire-aix.org\/\" target=\"_blank\" rel=\"noopener\">LA<\/a><\/p>\n<p>Votre enfant est au Lyc\u00e9e international de Luynes : Votez en cliquant\u00a0<a href=\"http:\/\/www.peep.asso.fr\/39\/art-3713.html\" target=\"_blank\" rel=\"noopener\">ICI<\/a> et\u00a0<a href=\"http:\/\/www.apelevia.org\/\" target=\"_blank\" rel=\"noopener\">LA<\/a><\/p>\n<p>Si vous avez moins de 30 points, votez plut\u00f4t\u00a0<a href=\"http:\/\/www.dailymotion.com\/video\/x5h14x_pour-l-ecole-resistance_news\" target=\"_blank\" rel=\"noopener\">AILLEURS<\/a><\/p>\n","protected":false},"excerpt":{"rendered":"<p>Selon que vous \u00eates plut\u00f4t comme-ci, ou plut\u00f4t comme-ca le 15 Octobre prochain, il faut voter aux \u00e9lections des parents d&rsquo;\u00e9l\u00e8ves. C&rsquo;est important pour nos enfants, et pour vous. Pour certains parents en situation difficile, (d\u00e9tenus, parents divorc\u00e9s, \u00e9loign\u00e9s ..) &hellip; <a href=\"https:\/\/www.frederic-poitou.com\/blog\/vous-etes-plutot-defense-des-principes-ou-defense-des-enfants\/\">Lire la suite\u00ad\u00ad<\/a><\/p>\n","protected":false},"author":4,"featured_media":0,"comment_status":"open","ping_status":"open","sticky":false,"template":"","format":"standard","meta":{"kt_blocks_editor_width":"","_exactmetrics_skip_tracking":false,"_exactmetrics_sitenote_active":false,"_exactmetrics_sitenote_note":"","_exactmetrics_sitenote_category":0,"footnotes":""},"categories":[48],"tags":[27,24],"class_list":["post-3900","post","type-post","status-publish","format-standard","hentry","category-accueil","tag-actualite","tag-politique"],"yoast_head":"<!-- This site is optimized with the Yoast SEO plugin v27.1.1 - https:\/\/yoast.com\/product\/yoast-seo-wordpress\/ -->\n<title>VOUS \u00caTES PLUT\u00d4T D\u00c9FENSE DES PRINCIPES OU D\u00c9FENSE DES ENFANTS ? -<\/title>\n<meta name=\"robots\" content=\"index, follow, max-snippet:-1, max-image-preview:large, max-video-preview:-1\" \/>\n<link rel=\"canonical\" href=\"https:\/\/www.frederic-poitou.com\/blog\/vous-etes-plutot-defense-des-principes-ou-defense-des-enfants\/\" \/>\n<meta property=\"og:locale\" content=\"fr_FR\" \/>\n<meta property=\"og:type\" content=\"article\" \/>\n<meta property=\"og:title\" content=\"VOUS \u00caTES PLUT\u00d4T D\u00c9FENSE DES PRINCIPES OU D\u00c9FENSE DES ENFANTS ? -\" \/>\n<meta property=\"og:description\" content=\"Selon que vous \u00eates plut\u00f4t comme-ci, ou plut\u00f4t comme-ca le 15 Octobre prochain, il faut voter aux \u00e9lections des parents d&rsquo;\u00e9l\u00e8ves. C&rsquo;est important pour nos enfants, et pour vous. Pour certains parents en situation difficile, (d\u00e9tenus, parents divorc\u00e9s, \u00e9loign\u00e9s ..) &hellip; Lire la suite\u00ad\u00ad\" \/>\n<meta property=\"og:url\" content=\"https:\/\/www.frederic-poitou.com\/blog\/vous-etes-plutot-defense-des-principes-ou-defense-des-enfants\/\" \/>\n<meta property=\"article:publisher\" content=\"https:\/\/www.facebook.com\/frederic.poitou\/\" \/>\n<meta property=\"article:published_time\" content=\"2023-07-14T18:40:32+00:00\" \/>\n<meta property=\"article:modified_time\" content=\"2026-04-22T19:01:24+00:00\" \/>\n<meta name=\"author\" content=\"Fr\u00e9d\u00e9ric Poitou\" \/>\n<meta name=\"twitter:card\" content=\"summary_large_image\" \/>\n<meta name=\"twitter:creator\" content=\"@fredericpoitou\" \/>\n<meta name=\"twitter:site\" content=\"@fredericpoitou\" \/>\n<meta name=\"twitter:label1\" content=\"\u00c9crit par\" \/>\n\t<meta name=\"twitter:data1\" content=\"Fr\u00e9d\u00e9ric Poitou\" \/>\n\t<meta name=\"twitter:label2\" content=\"Dur\u00e9e de lecture estim\u00e9e\" \/>\n\t<meta name=\"twitter:data2\" content=\"2 minutes\" \/>\n<script type=\"application\/ld+json\" class=\"yoast-schema-graph\">{\"@context\":\"https:\/\/schema.org\",\"@graph\":[{\"@type\":\"Article\",\"@id\":\"https:\/\/www.frederic-poitou.com\/blog\/vous-etes-plutot-defense-des-principes-ou-defense-des-enfants\/#article\",\"isPartOf\":{\"@id\":\"https:\/\/www.frederic-poitou.com\/blog\/vous-etes-plutot-defense-des-principes-ou-defense-des-enfants\/\"},\"author\":{\"name\":\"Fr\u00e9d\u00e9ric Poitou\",\"@id\":\"http:\/\/www.frederic-poitou.com\/blog\/#\/schema\/person\/e2c2d05e978747818533fdce859a7799\"},\"headline\":\"VOUS \u00caTES PLUT\u00d4T D\u00c9FENSE DES PRINCIPES OU D\u00c9FENSE DES ENFANTS ?\",\"datePublished\":\"2023-07-14T18:40:32+00:00\",\"dateModified\":\"2026-04-22T19:01:24+00:00\",\"mainEntityOfPage\":{\"@id\":\"https:\/\/www.frederic-poitou.com\/blog\/vous-etes-plutot-defense-des-principes-ou-defense-des-enfants\/\"},\"wordCount\":357,\"commentCount\":0,\"keywords\":[\"Actualit\u00e9\",\"Politique\"],\"articleSection\":[\"Accueil\"],\"inLanguage\":\"fr-FR\",\"potentialAction\":[{\"@type\":\"CommentAction\",\"name\":\"Comment\",\"target\":[\"https:\/\/www.frederic-poitou.com\/blog\/vous-etes-plutot-defense-des-principes-ou-defense-des-enfants\/#respond\"]}]},{\"@type\":\"WebPage\",\"@id\":\"https:\/\/www.frederic-poitou.com\/blog\/vous-etes-plutot-defense-des-principes-ou-defense-des-enfants\/\",\"url\":\"https:\/\/www.frederic-poitou.com\/blog\/vous-etes-plutot-defense-des-principes-ou-defense-des-enfants\/\",\"name\":\"VOUS \u00caTES PLUT\u00d4T D\u00c9FENSE DES PRINCIPES OU D\u00c9FENSE DES ENFANTS ? -\",\"isPartOf\":{\"@id\":\"http:\/\/www.frederic-poitou.com\/blog\/#website\"},\"datePublished\":\"2023-07-14T18:40:32+00:00\",\"dateModified\":\"2026-04-22T19:01:24+00:00\",\"author\":{\"@id\":\"http:\/\/www.frederic-poitou.com\/blog\/#\/schema\/person\/e2c2d05e978747818533fdce859a7799\"},\"breadcrumb\":{\"@id\":\"https:\/\/www.frederic-poitou.com\/blog\/vous-etes-plutot-defense-des-principes-ou-defense-des-enfants\/#breadcrumb\"},\"inLanguage\":\"fr-FR\",\"potentialAction\":[{\"@type\":\"ReadAction\",\"target\":[\"https:\/\/www.frederic-poitou.com\/blog\/vous-etes-plutot-defense-des-principes-ou-defense-des-enfants\/\"]}]},{\"@type\":\"BreadcrumbList\",\"@id\":\"https:\/\/www.frederic-poitou.com\/blog\/vous-etes-plutot-defense-des-principes-ou-defense-des-enfants\/#breadcrumb\",\"itemListElement\":[{\"@type\":\"ListItem\",\"position\":1,\"name\":\"Accueil\",\"item\":\"http:\/\/www.frederic-poitou.com\/blog\/\"},{\"@type\":\"ListItem\",\"position\":2,\"name\":\"VOUS \u00caTES PLUT\u00d4T D\u00c9FENSE DES PRINCIPES OU D\u00c9FENSE DES ENFANTS ?\"}]},{\"@type\":\"WebSite\",\"@id\":\"http:\/\/www.frederic-poitou.com\/blog\/#website\",\"url\":\"http:\/\/www.frederic-poitou.com\/blog\/\",\"name\":\"\",\"description\":\"\",\"potentialAction\":[{\"@type\":\"SearchAction\",\"target\":{\"@type\":\"EntryPoint\",\"urlTemplate\":\"http:\/\/www.frederic-poitou.com\/blog\/?s={search_term_string}\"},\"query-input\":{\"@type\":\"PropertyValueSpecification\",\"valueRequired\":true,\"valueName\":\"search_term_string\"}}],\"inLanguage\":\"fr-FR\"},{\"@type\":\"Person\",\"@id\":\"http:\/\/www.frederic-poitou.com\/blog\/#\/schema\/person\/e2c2d05e978747818533fdce859a7799\",\"name\":\"Fr\u00e9d\u00e9ric Poitou\",\"image\":{\"@type\":\"ImageObject\",\"inLanguage\":\"fr-FR\",\"@id\":\"http:\/\/www.frederic-poitou.com\/blog\/#\/schema\/person\/image\/\",\"url\":\"https:\/\/secure.gravatar.com\/avatar\/1933bcca279a2feafd35d9e0a080c521e11beb51115fe4cfe02e2586ac13424a?s=96&d=mm&r=g\",\"contentUrl\":\"https:\/\/secure.gravatar.com\/avatar\/1933bcca279a2feafd35d9e0a080c521e11beb51115fe4cfe02e2586ac13424a?s=96&d=mm&r=g\",\"caption\":\"Fr\u00e9d\u00e9ric Poitou\"},\"description\":\"Fr\u00e9d\u00e9ric Poitou est n\u00e9 \u00e0 Rouen, et y a fait des \u00e9tudes au Conservatoire en musique-\u00e9tudes en section piano. Il s'est ensuite orient\u00e9 vers des \u00e9tudes scientifiques o\u00f9 il a obtenu un dipl\u00f4me d'ing\u00e9nieur, puis un doctorat en Chimie. Il est Expert Judiciaire en France, en Belgique et \u00e0 Luxembourg, et agr\u00e9e par les Institutions Europ\u00e9ennes.\",\"sameAs\":[\"http:\/\/www.frederic-poitou.com\",\"https:\/\/www.linkedin.com\/in\/frederic-poitou-b045a025\/\"]}]}<\/script>\n<!-- \/ Yoast SEO plugin. -->","yoast_head_json":{"title":"VOUS \u00caTES PLUT\u00d4T D\u00c9FENSE DES PRINCIPES OU D\u00c9FENSE DES ENFANTS ? -","robots":{"index":"index","follow":"follow","max-snippet":"max-snippet:-1","max-image-preview":"max-image-preview:large","max-video-preview":"max-video-preview:-1"},"canonical":"https:\/\/www.frederic-poitou.com\/blog\/vous-etes-plutot-defense-des-principes-ou-defense-des-enfants\/","og_locale":"fr_FR","og_type":"article","og_title":"VOUS \u00caTES PLUT\u00d4T D\u00c9FENSE DES PRINCIPES OU D\u00c9FENSE DES ENFANTS ? -","og_description":"Selon que vous \u00eates plut\u00f4t comme-ci, ou plut\u00f4t comme-ca le 15 Octobre prochain, il faut voter aux \u00e9lections des parents d&rsquo;\u00e9l\u00e8ves. C&rsquo;est important pour nos enfants, et pour vous. Pour certains parents en situation difficile, (d\u00e9tenus, parents divorc\u00e9s, \u00e9loign\u00e9s ..) &hellip; Lire la suite\u00ad\u00ad","og_url":"https:\/\/www.frederic-poitou.com\/blog\/vous-etes-plutot-defense-des-principes-ou-defense-des-enfants\/","article_publisher":"https:\/\/www.facebook.com\/frederic.poitou\/","article_published_time":"2023-07-14T18:40:32+00:00","article_modified_time":"2026-04-22T19:01:24+00:00","author":"Fr\u00e9d\u00e9ric Poitou","twitter_card":"summary_large_image","twitter_creator":"@fredericpoitou","twitter_site":"@fredericpoitou","twitter_misc":{"\u00c9crit par":"Fr\u00e9d\u00e9ric Poitou","Dur\u00e9e de lecture estim\u00e9e":"2 minutes"},"schema":{"@context":"https:\/\/schema.org","@graph":[{"@type":"Article","@id":"https:\/\/www.frederic-poitou.com\/blog\/vous-etes-plutot-defense-des-principes-ou-defense-des-enfants\/#article","isPartOf":{"@id":"https:\/\/www.frederic-poitou.com\/blog\/vous-etes-plutot-defense-des-principes-ou-defense-des-enfants\/"},"author":{"name":"Fr\u00e9d\u00e9ric Poitou","@id":"http:\/\/www.frederic-poitou.com\/blog\/#\/schema\/person\/e2c2d05e978747818533fdce859a7799"},"headline":"VOUS \u00caTES PLUT\u00d4T D\u00c9FENSE DES PRINCIPES OU D\u00c9FENSE DES ENFANTS ?","datePublished":"2023-07-14T18:40:32+00:00","dateModified":"2026-04-22T19:01:24+00:00","mainEntityOfPage":{"@id":"https:\/\/www.frederic-poitou.com\/blog\/vous-etes-plutot-defense-des-principes-ou-defense-des-enfants\/"},"wordCount":357,"commentCount":0,"keywords":["Actualit\u00e9","Politique"],"articleSection":["Accueil"],"inLanguage":"fr-FR","potentialAction":[{"@type":"CommentAction","name":"Comment","target":["https:\/\/www.frederic-poitou.com\/blog\/vous-etes-plutot-defense-des-principes-ou-defense-des-enfants\/#respond"]}]},{"@type":"WebPage","@id":"https:\/\/www.frederic-poitou.com\/blog\/vous-etes-plutot-defense-des-principes-ou-defense-des-enfants\/","url":"https:\/\/www.frederic-poitou.com\/blog\/vous-etes-plutot-defense-des-principes-ou-defense-des-enfants\/","name":"VOUS \u00caTES PLUT\u00d4T D\u00c9FENSE DES PRINCIPES OU D\u00c9FENSE DES ENFANTS ? -","isPartOf":{"@id":"http:\/\/www.frederic-poitou.com\/blog\/#website"},"datePublished":"2023-07-14T18:40:32+00:00","dateModified":"2026-04-22T19:01:24+00:00","author":{"@id":"http:\/\/www.frederic-poitou.com\/blog\/#\/schema\/person\/e2c2d05e978747818533fdce859a7799"},"breadcrumb":{"@id":"https:\/\/www.frederic-poitou.com\/blog\/vous-etes-plutot-defense-des-principes-ou-defense-des-enfants\/#breadcrumb"},"inLanguage":"fr-FR","potentialAction":[{"@type":"ReadAction","target":["https:\/\/www.frederic-poitou.com\/blog\/vous-etes-plutot-defense-des-principes-ou-defense-des-enfants\/"]}]},{"@type":"BreadcrumbList","@id":"https:\/\/www.frederic-poitou.com\/blog\/vous-etes-plutot-defense-des-principes-ou-defense-des-enfants\/#breadcrumb","itemListElement":[{"@type":"ListItem","position":1,"name":"Accueil","item":"http:\/\/www.frederic-poitou.com\/blog\/"},{"@type":"ListItem","position":2,"name":"VOUS \u00caTES PLUT\u00d4T D\u00c9FENSE DES PRINCIPES OU D\u00c9FENSE DES ENFANTS ?"}]},{"@type":"WebSite","@id":"http:\/\/www.frederic-poitou.com\/blog\/#website","url":"http:\/\/www.frederic-poitou.com\/blog\/","name":"","description":"","potentialAction":[{"@type":"SearchAction","target":{"@type":"EntryPoint","urlTemplate":"http:\/\/www.frederic-poitou.com\/blog\/?s={search_term_string}"},"query-input":{"@type":"PropertyValueSpecification","valueRequired":true,"valueName":"search_term_string"}}],"inLanguage":"fr-FR"},{"@type":"Person","@id":"http:\/\/www.frederic-poitou.com\/blog\/#\/schema\/person\/e2c2d05e978747818533fdce859a7799","name":"Fr\u00e9d\u00e9ric Poitou","image":{"@type":"ImageObject","inLanguage":"fr-FR","@id":"http:\/\/www.frederic-poitou.com\/blog\/#\/schema\/person\/image\/","url":"https:\/\/secure.gravatar.com\/avatar\/1933bcca279a2feafd35d9e0a080c521e11beb51115fe4cfe02e2586ac13424a?s=96&d=mm&r=g","contentUrl":"https:\/\/secure.gravatar.com\/avatar\/1933bcca279a2feafd35d9e0a080c521e11beb51115fe4cfe02e2586ac13424a?s=96&d=mm&r=g","caption":"Fr\u00e9d\u00e9ric Poitou"},"description":"Fr\u00e9d\u00e9ric Poitou est n\u00e9 \u00e0 Rouen, et y a fait des \u00e9tudes au Conservatoire en musique-\u00e9tudes en section piano. Il s'est ensuite orient\u00e9 vers des \u00e9tudes scientifiques o\u00f9 il a obtenu un dipl\u00f4me d'ing\u00e9nieur, puis un doctorat en Chimie. Il est Expert Judiciaire en France, en Belgique et \u00e0 Luxembourg, et agr\u00e9e par les Institutions Europ\u00e9ennes.","sameAs":["http:\/\/www.frederic-poitou.com","https:\/\/www.linkedin.com\/in\/frederic-poitou-b045a025\/"]}]}},"_links":{"self":[{"href":"https:\/\/www.frederic-poitou.com\/blog\/wp-json\/wp\/v2\/posts\/3900","targetHints":{"allow":["GET"]}}],"collection":[{"href":"https:\/\/www.frederic-poitou.com\/blog\/wp-json\/wp\/v2\/posts"}],"about":[{"href":"https:\/\/www.frederic-poitou.com\/blog\/wp-json\/wp\/v2\/types\/post"}],"author":[{"embeddable":true,"href":"https:\/\/www.frederic-poitou.com\/blog\/wp-json\/wp\/v2\/users\/4"}],"replies":[{"embeddable":true,"href":"https:\/\/www.frederic-poitou.com\/blog\/wp-json\/wp\/v2\/comments?post=3900"}],"version-history":[{"count":1,"href":"https:\/\/www.frederic-poitou.com\/blog\/wp-json\/wp\/v2\/posts\/3900\/revisions"}],"predecessor-version":[{"id":10345,"href":"https:\/\/www.frederic-poitou.com\/blog\/wp-json\/wp\/v2\/posts\/3900\/revisions\/10345"}],"wp:attachment":[{"href":"https:\/\/www.frederic-poitou.com\/blog\/wp-json\/wp\/v2\/media?parent=3900"}],"wp:term":[{"taxonomy":"category","embeddable":true,"href":"https:\/\/www.frederic-poitou.com\/blog\/wp-json\/wp\/v2\/categories?post=3900"},{"taxonomy":"post_tag","embeddable":true,"href":"https:\/\/www.frederic-poitou.com\/blog\/wp-json\/wp\/v2\/tags?post=3900"}],"curies":[{"name":"wp","href":"https:\/\/api.w.org\/{rel}","templated":true}]}}