{"id":3146,"date":"2023-07-15T10:17:32","date_gmt":"2023-07-15T08:17:32","guid":{"rendered":"http:\/\/www.frederic-poitou.com\/blog\/?p=3146"},"modified":"2026-04-29T07:59:59","modified_gmt":"2026-04-29T05:59:59","slug":"la-belgique-pour-les-nuls","status":"publish","type":"post","link":"https:\/\/www.frederic-poitou.com\/blog\/la-belgique-pour-les-nuls\/","title":{"rendered":"LA BELGIQUE POUR LES NULS"},"content":{"rendered":"<p>Ce pays que j&rsquo;adore, est totalement incompr\u00e9hensible pour un Fran\u00e7ais. Les Belges eux m\u00eames n&rsquo;y comprennent rien.<\/p>\n<p><img loading=\"lazy\" decoding=\"async\" class=\"size-full wp-image-3148 alignleft\" style=\"margin: 20px; border: 20px solid black;\" title=\"Image du Presse-papiers\" src=\"http:\/\/www.frederic-poitou.com\/blog\/wp-content\/Image-du-Presse-papiers.jpg\" alt=\"Image du Presse-papiers\" width=\"302\" height=\"406\" srcset=\"https:\/\/www.frederic-poitou.com\/blog\/wp-content\/Image-du-Presse-papiers.jpg 302w, https:\/\/www.frederic-poitou.com\/blog\/wp-content\/Image-du-Presse-papiers-223x300.jpg 223w\" sizes=\"auto, (max-width: 302px) 100vw, 302px\" \/><\/p>\n<p>ARTE a produit une remarquable mise au point, qui traite en 4 mn de tous les param\u00e8tres \u00e0 l&rsquo;origine du probl\u00e8me de coexistence communautaire actuel. Ce petit sujet, remarquablement pr\u00e9sent\u00e9 sur une carte, revient sur l&rsquo;histoire (la courte histoire !) de la Belgique depuis 1830, le probl\u00e8me des trois communaut\u00e9s linguistiques, diff\u00e9rentes des communaut\u00e9s politiques, et la particularit\u00e9 de la r\u00e9gion dite \u00ab\u00a0BHV\u00a0\u00bb, avec la situation ubuesque des communes dites \u00ab\u00a0\u00e0 facilit\u00e9\u00a0\u00bb. On y parle aussi des cycles \u00e9conomiques qui ont v\u00e9cu la richesse de la Wallonie, richesse li\u00e9e au charbon et \u00e0 l&rsquo;acier qui a d\u00e9clin\u00e9 dans les ann\u00e9es &lsquo;septante\u00a0\u00bb, puis le d\u00e9veloppement de la Flandre qui se trouve &#8211; actuellement &#8211; en situation de domination financi\u00e8re, \u00e9conomique et industrielle.<\/p>\n<p>Une sorte de \u00ab\u00a0Belgique pour les Nuls\u00a0\u00bb (parodie de jaquette dont j&rsquo;assume la paternit\u00e9 !)<\/p>\n<p style=\"text-align: center;\"><span style=\"color: #ffffff;\">&#8212;&#8212;&#8212;&#8212;&#8212;&#8212;&#8212;&#8212;&#8212;&#8212;&#8212;&#8212;&#8212;&#8212;&#8212;&#8212;&#8212;&#8212;&#8212;&#8212;&#8212;&#8212;&#8212;&#8212;&#8212;&#8212;&#8212;&#8212;&#8212;&#8212;&#8212;&#8212;&#8212;&#8212;&#8212;&#8212;&#8212;&#8212;&#8212;&#8212;&#8212;&#8212;&#8212;&#8212;&#8212;&#8212;&#8212;&#8212;&#8212;&#8212;<\/span><\/p>\n<div style=\"text-align: center;\"><span style=\"color: #ffffff;\"><br \/>\n<\/span><\/div>\n<p style=\"text-align: center;\"><span style=\"color: #ffffff;\">&#8212;&#8212;&#8212;&#8212;&#8212;&#8212;&#8212;&#8212;&#8212;&#8212;&#8212;&#8212;&#8212;&#8212;&#8212;&#8212;&#8212;&#8212;&#8212;&#8212;&#8212;&#8212;&#8212;&#8212;&#8212;&#8212;&#8212;&#8212;&#8212;&#8212;&#8212;&#8212;&#8212;&#8212;&#8212;&#8212;&#8212;&#8212;&#8212;&#8212;&#8212;&#8212;&#8212;&#8212;&#8212;&#8212;&#8212;&#8212;&#8212;&#8212;&#8212;&#8212;&#8212;&#8212;&#8212;&#8212;&#8212;&#8212;&#8212;&#8212;&#8212;&#8212;&#8212;&#8212;&#8212;&#8212;&#8212;&#8212;&#8212;&#8212;&#8212;&#8212;&#8212;&#8212;&#8212;&#8212;&#8212;&#8212;&#8212;&#8212;&#8212;&#8212;&#8212;&#8212;&#8212;&#8212;&#8212;&#8212;&#8212;&#8212;&#8212;&#8212;&#8212;&#8212;&#8212;&#8212;&#8212;&#8212;&#8212;&#8212;&#8212;&#8212;&#8212;&#8212;&#8212;&#8212;&#8212;&#8212;&#8212;&#8212;&#8212;&#8212;&#8212;&#8212;&#8212;&#8212;&#8212;&#8212;&#8212;&#8212;&#8212;&#8212;&#8212;&#8212;&#8212;&#8212;&#8212;&#8212;&#8212;&#8212;&#8212;&#8212;&#8212;&#8212;&#8212;&#8212;&#8212;&#8212;&#8212;&#8212;&#8212;&#8212;&#8212;&#8212;&#8212;&#8212;&#8212;&#8212;&#8212;&#8212;&#8212;&#8212;&#8212;&#8212;&#8212;&#8212;&#8212;&#8212;&#8212;&#8212;&#8212;&#8212;&#8212;&#8212;&#8212;&#8212;&#8212;&#8212;&#8212;&#8212;&#8212;&#8212;&#8212;&#8212;&#8212;&#8212;&#8212;&#8212;&#8212;&#8212;&#8212;&#8212;&#8212;&#8212;&#8212;&#8212;&#8212;&#8212;&#8212;&#8212;&#8212;&#8212;&#8212;&#8212;&#8212;&#8212;&#8212;&#8212;&#8212;&#8212;&#8212;&#8212;&#8212;&#8212;&#8212;&#8212;&#8212;&#8212;&#8212;&#8212;&#8212;&#8212;&#8212;&#8212;&#8212;&#8212;&#8212;&#8212;&#8212;&#8212;&#8212;&#8212;&#8212;&#8212;&#8212;&#8212;&#8212;&#8212;&#8212;&#8212;&#8212;&#8212;&#8212;&#8212;&#8212;&#8212;&#8212;&#8212;&#8212;&#8212;&#8212;&#8212;&#8212;&#8212;&#8212;&#8212;&#8212;&#8212;&#8212;-<\/span><\/p>\n<p style=\"text-align: center;\">\n<p style=\"text-align: center;\">\n<p style=\"text-align: center;\"><object classid=\"clsid:d27cdb6e-ae6d-11cf-96b8-444553540000\" width=\"560\" height=\"340\" codebase=\"http:\/\/download.macromedia.com\/pub\/shockwave\/cabs\/flash\/swflash.cab#version=6,0,40,0\"><param name=\"allowFullScreen\" value=\"true\" \/><param name=\"allowscriptaccess\" value=\"always\" \/><param name=\"src\" value=\"http:\/\/www.youtube.com\/v\/5yA3ISuAQ4w&amp;hl=fr_FR&amp;fs=1&amp;\" \/><param name=\"allowfullscreen\" value=\"true\" \/><embed type=\"application\/x-shockwave-flash\" width=\"560\" height=\"340\" src=\"http:\/\/www.youtube.com\/v\/5yA3ISuAQ4w&amp;hl=fr_FR&amp;fs=1&amp;\" allowscriptaccess=\"always\" allowfullscreen=\"true\"><\/embed><\/object><\/p>\n","protected":false},"excerpt":{"rendered":"<p>Ce pays que j&rsquo;adore, est totalement incompr\u00e9hensible pour un Fran\u00e7ais. Les Belges eux m\u00eames n&rsquo;y comprennent rien. ARTE a produit une remarquable mise au point, qui traite en 4 mn de tous les param\u00e8tres \u00e0 l&rsquo;origine du probl\u00e8me de coexistence &hellip; <a href=\"https:\/\/www.frederic-poitou.com\/blog\/la-belgique-pour-les-nuls\/\">Lire la suite\u00ad\u00ad<\/a><\/p>\n","protected":false},"author":4,"featured_media":0,"comment_status":"open","ping_status":"open","sticky":false,"template":"","format":"standard","meta":{"kt_blocks_editor_width":"","_exactmetrics_skip_tracking":false,"_exactmetrics_sitenote_active":false,"_exactmetrics_sitenote_note":"","_exactmetrics_sitenote_category":0,"footnotes":""},"categories":[48],"tags":[27,24,28],"class_list":["post-3146","post","type-post","status-publish","format-standard","hentry","category-accueil","tag-actualite","tag-politique","tag-wallonie"],"yoast_head":"<!-- This site is optimized with the Yoast SEO plugin v27.1.1 - https:\/\/yoast.com\/product\/yoast-seo-wordpress\/ -->\n<title>LA BELGIQUE POUR LES NULS -<\/title>\n<meta name=\"robots\" content=\"index, follow, max-snippet:-1, max-image-preview:large, max-video-preview:-1\" \/>\n<link rel=\"canonical\" href=\"http:\/\/www.frederic-poitou.com\/blog\/la-belgique-pour-les-nuls\/\" \/>\n<meta property=\"og:locale\" content=\"fr_FR\" \/>\n<meta property=\"og:type\" content=\"article\" \/>\n<meta property=\"og:title\" content=\"LA BELGIQUE POUR LES NULS -\" \/>\n<meta property=\"og:description\" content=\"Ce pays que j&rsquo;adore, est totalement incompr\u00e9hensible pour un Fran\u00e7ais. Les Belges eux m\u00eames n&rsquo;y comprennent rien. ARTE a produit une remarquable mise au point, qui traite en 4 mn de tous les param\u00e8tres \u00e0 l&rsquo;origine du probl\u00e8me de coexistence &hellip; Lire la suite\u00ad\u00ad\" \/>\n<meta property=\"og:url\" content=\"http:\/\/www.frederic-poitou.com\/blog\/la-belgique-pour-les-nuls\/\" \/>\n<meta property=\"article:publisher\" content=\"https:\/\/www.facebook.com\/frederic.poitou\/\" \/>\n<meta property=\"article:published_time\" content=\"2023-07-15T08:17:32+00:00\" \/>\n<meta property=\"article:modified_time\" content=\"2026-04-29T05:59:59+00:00\" \/>\n<meta property=\"og:image\" content=\"http:\/\/www.frederic-poitou.com\/blog\/wp-content\/Image-du-Presse-papiers.jpg\" \/>\n<meta name=\"author\" content=\"Fr\u00e9d\u00e9ric Poitou\" \/>\n<meta name=\"twitter:card\" content=\"summary_large_image\" \/>\n<meta name=\"twitter:creator\" content=\"@fredericpoitou\" \/>\n<meta name=\"twitter:site\" content=\"@fredericpoitou\" \/>\n<meta name=\"twitter:label1\" content=\"\u00c9crit par\" \/>\n\t<meta name=\"twitter:data1\" content=\"Fr\u00e9d\u00e9ric Poitou\" \/>\n\t<meta name=\"twitter:label2\" content=\"Dur\u00e9e de lecture estim\u00e9e\" \/>\n\t<meta name=\"twitter:data2\" content=\"1 minute\" \/>\n<script type=\"application\/ld+json\" class=\"yoast-schema-graph\">{\"@context\":\"https:\/\/schema.org\",\"@graph\":[{\"@type\":\"Article\",\"@id\":\"http:\/\/www.frederic-poitou.com\/blog\/la-belgique-pour-les-nuls\/#article\",\"isPartOf\":{\"@id\":\"http:\/\/www.frederic-poitou.com\/blog\/la-belgique-pour-les-nuls\/\"},\"author\":{\"name\":\"Fr\u00e9d\u00e9ric Poitou\",\"@id\":\"https:\/\/www.frederic-poitou.com\/blog\/#\/schema\/person\/e2c2d05e978747818533fdce859a7799\"},\"headline\":\"LA BELGIQUE POUR LES NULS\",\"datePublished\":\"2023-07-15T08:17:32+00:00\",\"dateModified\":\"2026-04-29T05:59:59+00:00\",\"mainEntityOfPage\":{\"@id\":\"http:\/\/www.frederic-poitou.com\/blog\/la-belgique-pour-les-nuls\/\"},\"wordCount\":176,\"commentCount\":0,\"image\":{\"@id\":\"http:\/\/www.frederic-poitou.com\/blog\/la-belgique-pour-les-nuls\/#primaryimage\"},\"thumbnailUrl\":\"http:\/\/www.frederic-poitou.com\/blog\/wp-content\/Image-du-Presse-papiers.jpg\",\"keywords\":[\"Actualit\u00e9\",\"Politique\",\"WALLONIE\"],\"articleSection\":[\"Accueil\"],\"inLanguage\":\"fr-FR\",\"potentialAction\":[{\"@type\":\"CommentAction\",\"name\":\"Comment\",\"target\":[\"http:\/\/www.frederic-poitou.com\/blog\/la-belgique-pour-les-nuls\/#respond\"]}]},{\"@type\":\"WebPage\",\"@id\":\"http:\/\/www.frederic-poitou.com\/blog\/la-belgique-pour-les-nuls\/\",\"url\":\"http:\/\/www.frederic-poitou.com\/blog\/la-belgique-pour-les-nuls\/\",\"name\":\"LA BELGIQUE POUR LES NULS -\",\"isPartOf\":{\"@id\":\"https:\/\/www.frederic-poitou.com\/blog\/#website\"},\"primaryImageOfPage\":{\"@id\":\"http:\/\/www.frederic-poitou.com\/blog\/la-belgique-pour-les-nuls\/#primaryimage\"},\"image\":{\"@id\":\"http:\/\/www.frederic-poitou.com\/blog\/la-belgique-pour-les-nuls\/#primaryimage\"},\"thumbnailUrl\":\"http:\/\/www.frederic-poitou.com\/blog\/wp-content\/Image-du-Presse-papiers.jpg\",\"datePublished\":\"2023-07-15T08:17:32+00:00\",\"dateModified\":\"2026-04-29T05:59:59+00:00\",\"author\":{\"@id\":\"https:\/\/www.frederic-poitou.com\/blog\/#\/schema\/person\/e2c2d05e978747818533fdce859a7799\"},\"breadcrumb\":{\"@id\":\"http:\/\/www.frederic-poitou.com\/blog\/la-belgique-pour-les-nuls\/#breadcrumb\"},\"inLanguage\":\"fr-FR\",\"potentialAction\":[{\"@type\":\"ReadAction\",\"target\":[\"http:\/\/www.frederic-poitou.com\/blog\/la-belgique-pour-les-nuls\/\"]}]},{\"@type\":\"ImageObject\",\"inLanguage\":\"fr-FR\",\"@id\":\"http:\/\/www.frederic-poitou.com\/blog\/la-belgique-pour-les-nuls\/#primaryimage\",\"url\":\"https:\/\/www.frederic-poitou.com\/blog\/wp-content\/Image-du-Presse-papiers.jpg\",\"contentUrl\":\"https:\/\/www.frederic-poitou.com\/blog\/wp-content\/Image-du-Presse-papiers.jpg\",\"width\":\"302\",\"height\":\"406\"},{\"@type\":\"BreadcrumbList\",\"@id\":\"http:\/\/www.frederic-poitou.com\/blog\/la-belgique-pour-les-nuls\/#breadcrumb\",\"itemListElement\":[{\"@type\":\"ListItem\",\"position\":1,\"name\":\"Accueil\",\"item\":\"https:\/\/www.frederic-poitou.com\/blog\/\"},{\"@type\":\"ListItem\",\"position\":2,\"name\":\"LA BELGIQUE POUR LES NULS\"}]},{\"@type\":\"WebSite\",\"@id\":\"https:\/\/www.frederic-poitou.com\/blog\/#website\",\"url\":\"https:\/\/www.frederic-poitou.com\/blog\/\",\"name\":\"\",\"description\":\"\",\"potentialAction\":[{\"@type\":\"SearchAction\",\"target\":{\"@type\":\"EntryPoint\",\"urlTemplate\":\"https:\/\/www.frederic-poitou.com\/blog\/?s={search_term_string}\"},\"query-input\":{\"@type\":\"PropertyValueSpecification\",\"valueRequired\":true,\"valueName\":\"search_term_string\"}}],\"inLanguage\":\"fr-FR\"},{\"@type\":\"Person\",\"@id\":\"https:\/\/www.frederic-poitou.com\/blog\/#\/schema\/person\/e2c2d05e978747818533fdce859a7799\",\"name\":\"Fr\u00e9d\u00e9ric Poitou\",\"image\":{\"@type\":\"ImageObject\",\"inLanguage\":\"fr-FR\",\"@id\":\"https:\/\/www.frederic-poitou.com\/blog\/#\/schema\/person\/image\/\",\"url\":\"https:\/\/secure.gravatar.com\/avatar\/1933bcca279a2feafd35d9e0a080c521e11beb51115fe4cfe02e2586ac13424a?s=96&d=mm&r=g\",\"contentUrl\":\"https:\/\/secure.gravatar.com\/avatar\/1933bcca279a2feafd35d9e0a080c521e11beb51115fe4cfe02e2586ac13424a?s=96&d=mm&r=g\",\"caption\":\"Fr\u00e9d\u00e9ric Poitou\"},\"description\":\"Fr\u00e9d\u00e9ric Poitou est n\u00e9 \u00e0 Rouen, et y a fait des \u00e9tudes au Conservatoire en musique-\u00e9tudes en section piano. Il s'est ensuite orient\u00e9 vers des \u00e9tudes scientifiques o\u00f9 il a obtenu un dipl\u00f4me d'ing\u00e9nieur, puis un doctorat en Chimie. Il est Expert Judiciaire en France, en Belgique et \u00e0 Luxembourg, et agr\u00e9e par les Institutions Europ\u00e9ennes.\",\"sameAs\":[\"http:\/\/www.frederic-poitou.com\",\"https:\/\/www.linkedin.com\/in\/frederic-poitou-b045a025\/\"]}]}<\/script>\n<!-- \/ Yoast SEO plugin. -->","yoast_head_json":{"title":"LA BELGIQUE POUR LES NULS -","robots":{"index":"index","follow":"follow","max-snippet":"max-snippet:-1","max-image-preview":"max-image-preview:large","max-video-preview":"max-video-preview:-1"},"canonical":"http:\/\/www.frederic-poitou.com\/blog\/la-belgique-pour-les-nuls\/","og_locale":"fr_FR","og_type":"article","og_title":"LA BELGIQUE POUR LES NULS -","og_description":"Ce pays que j&rsquo;adore, est totalement incompr\u00e9hensible pour un Fran\u00e7ais. Les Belges eux m\u00eames n&rsquo;y comprennent rien. ARTE a produit une remarquable mise au point, qui traite en 4 mn de tous les param\u00e8tres \u00e0 l&rsquo;origine du probl\u00e8me de coexistence &hellip; Lire la suite\u00ad\u00ad","og_url":"http:\/\/www.frederic-poitou.com\/blog\/la-belgique-pour-les-nuls\/","article_publisher":"https:\/\/www.facebook.com\/frederic.poitou\/","article_published_time":"2023-07-15T08:17:32+00:00","article_modified_time":"2026-04-29T05:59:59+00:00","og_image":[{"url":"http:\/\/www.frederic-poitou.com\/blog\/wp-content\/Image-du-Presse-papiers.jpg","type":"","width":"","height":""}],"author":"Fr\u00e9d\u00e9ric Poitou","twitter_card":"summary_large_image","twitter_creator":"@fredericpoitou","twitter_site":"@fredericpoitou","twitter_misc":{"\u00c9crit par":"Fr\u00e9d\u00e9ric Poitou","Dur\u00e9e de lecture estim\u00e9e":"1 minute"},"schema":{"@context":"https:\/\/schema.org","@graph":[{"@type":"Article","@id":"http:\/\/www.frederic-poitou.com\/blog\/la-belgique-pour-les-nuls\/#article","isPartOf":{"@id":"http:\/\/www.frederic-poitou.com\/blog\/la-belgique-pour-les-nuls\/"},"author":{"name":"Fr\u00e9d\u00e9ric Poitou","@id":"https:\/\/www.frederic-poitou.com\/blog\/#\/schema\/person\/e2c2d05e978747818533fdce859a7799"},"headline":"LA BELGIQUE POUR LES NULS","datePublished":"2023-07-15T08:17:32+00:00","dateModified":"2026-04-29T05:59:59+00:00","mainEntityOfPage":{"@id":"http:\/\/www.frederic-poitou.com\/blog\/la-belgique-pour-les-nuls\/"},"wordCount":176,"commentCount":0,"image":{"@id":"http:\/\/www.frederic-poitou.com\/blog\/la-belgique-pour-les-nuls\/#primaryimage"},"thumbnailUrl":"http:\/\/www.frederic-poitou.com\/blog\/wp-content\/Image-du-Presse-papiers.jpg","keywords":["Actualit\u00e9","Politique","WALLONIE"],"articleSection":["Accueil"],"inLanguage":"fr-FR","potentialAction":[{"@type":"CommentAction","name":"Comment","target":["http:\/\/www.frederic-poitou.com\/blog\/la-belgique-pour-les-nuls\/#respond"]}]},{"@type":"WebPage","@id":"http:\/\/www.frederic-poitou.com\/blog\/la-belgique-pour-les-nuls\/","url":"http:\/\/www.frederic-poitou.com\/blog\/la-belgique-pour-les-nuls\/","name":"LA BELGIQUE POUR LES NULS -","isPartOf":{"@id":"https:\/\/www.frederic-poitou.com\/blog\/#website"},"primaryImageOfPage":{"@id":"http:\/\/www.frederic-poitou.com\/blog\/la-belgique-pour-les-nuls\/#primaryimage"},"image":{"@id":"http:\/\/www.frederic-poitou.com\/blog\/la-belgique-pour-les-nuls\/#primaryimage"},"thumbnailUrl":"http:\/\/www.frederic-poitou.com\/blog\/wp-content\/Image-du-Presse-papiers.jpg","datePublished":"2023-07-15T08:17:32+00:00","dateModified":"2026-04-29T05:59:59+00:00","author":{"@id":"https:\/\/www.frederic-poitou.com\/blog\/#\/schema\/person\/e2c2d05e978747818533fdce859a7799"},"breadcrumb":{"@id":"http:\/\/www.frederic-poitou.com\/blog\/la-belgique-pour-les-nuls\/#breadcrumb"},"inLanguage":"fr-FR","potentialAction":[{"@type":"ReadAction","target":["http:\/\/www.frederic-poitou.com\/blog\/la-belgique-pour-les-nuls\/"]}]},{"@type":"ImageObject","inLanguage":"fr-FR","@id":"http:\/\/www.frederic-poitou.com\/blog\/la-belgique-pour-les-nuls\/#primaryimage","url":"https:\/\/www.frederic-poitou.com\/blog\/wp-content\/Image-du-Presse-papiers.jpg","contentUrl":"https:\/\/www.frederic-poitou.com\/blog\/wp-content\/Image-du-Presse-papiers.jpg","width":"302","height":"406"},{"@type":"BreadcrumbList","@id":"http:\/\/www.frederic-poitou.com\/blog\/la-belgique-pour-les-nuls\/#breadcrumb","itemListElement":[{"@type":"ListItem","position":1,"name":"Accueil","item":"https:\/\/www.frederic-poitou.com\/blog\/"},{"@type":"ListItem","position":2,"name":"LA BELGIQUE POUR LES NULS"}]},{"@type":"WebSite","@id":"https:\/\/www.frederic-poitou.com\/blog\/#website","url":"https:\/\/www.frederic-poitou.com\/blog\/","name":"","description":"","potentialAction":[{"@type":"SearchAction","target":{"@type":"EntryPoint","urlTemplate":"https:\/\/www.frederic-poitou.com\/blog\/?s={search_term_string}"},"query-input":{"@type":"PropertyValueSpecification","valueRequired":true,"valueName":"search_term_string"}}],"inLanguage":"fr-FR"},{"@type":"Person","@id":"https:\/\/www.frederic-poitou.com\/blog\/#\/schema\/person\/e2c2d05e978747818533fdce859a7799","name":"Fr\u00e9d\u00e9ric Poitou","image":{"@type":"ImageObject","inLanguage":"fr-FR","@id":"https:\/\/www.frederic-poitou.com\/blog\/#\/schema\/person\/image\/","url":"https:\/\/secure.gravatar.com\/avatar\/1933bcca279a2feafd35d9e0a080c521e11beb51115fe4cfe02e2586ac13424a?s=96&d=mm&r=g","contentUrl":"https:\/\/secure.gravatar.com\/avatar\/1933bcca279a2feafd35d9e0a080c521e11beb51115fe4cfe02e2586ac13424a?s=96&d=mm&r=g","caption":"Fr\u00e9d\u00e9ric Poitou"},"description":"Fr\u00e9d\u00e9ric Poitou est n\u00e9 \u00e0 Rouen, et y a fait des \u00e9tudes au Conservatoire en musique-\u00e9tudes en section piano. Il s'est ensuite orient\u00e9 vers des \u00e9tudes scientifiques o\u00f9 il a obtenu un dipl\u00f4me d'ing\u00e9nieur, puis un doctorat en Chimie. Il est Expert Judiciaire en France, en Belgique et \u00e0 Luxembourg, et agr\u00e9e par les Institutions Europ\u00e9ennes.","sameAs":["http:\/\/www.frederic-poitou.com","https:\/\/www.linkedin.com\/in\/frederic-poitou-b045a025\/"]}]}},"_links":{"self":[{"href":"https:\/\/www.frederic-poitou.com\/blog\/wp-json\/wp\/v2\/posts\/3146","targetHints":{"allow":["GET"]}}],"collection":[{"href":"https:\/\/www.frederic-poitou.com\/blog\/wp-json\/wp\/v2\/posts"}],"about":[{"href":"https:\/\/www.frederic-poitou.com\/blog\/wp-json\/wp\/v2\/types\/post"}],"author":[{"embeddable":true,"href":"https:\/\/www.frederic-poitou.com\/blog\/wp-json\/wp\/v2\/users\/4"}],"replies":[{"embeddable":true,"href":"https:\/\/www.frederic-poitou.com\/blog\/wp-json\/wp\/v2\/comments?post=3146"}],"version-history":[{"count":1,"href":"https:\/\/www.frederic-poitou.com\/blog\/wp-json\/wp\/v2\/posts\/3146\/revisions"}],"predecessor-version":[{"id":9049,"href":"https:\/\/www.frederic-poitou.com\/blog\/wp-json\/wp\/v2\/posts\/3146\/revisions\/9049"}],"wp:attachment":[{"href":"https:\/\/www.frederic-poitou.com\/blog\/wp-json\/wp\/v2\/media?parent=3146"}],"wp:term":[{"taxonomy":"category","embeddable":true,"href":"https:\/\/www.frederic-poitou.com\/blog\/wp-json\/wp\/v2\/categories?post=3146"},{"taxonomy":"post_tag","embeddable":true,"href":"https:\/\/www.frederic-poitou.com\/blog\/wp-json\/wp\/v2\/tags?post=3146"}],"curies":[{"name":"wp","href":"https:\/\/api.w.org\/{rel}","templated":true}]}}