{"id":2909,"date":"2023-07-14T23:51:32","date_gmt":"2023-07-14T21:51:32","guid":{"rendered":"http:\/\/www.frederic-poitou.com\/blog\/?p=2909"},"modified":"2026-04-23T20:29:51","modified_gmt":"2026-04-23T18:29:51","slug":"borloo-appelle-le-rassemblement-des-centristes","status":"publish","type":"post","link":"https:\/\/www.frederic-poitou.com\/blog\/borloo-appelle-le-rassemblement-des-centristes\/","title":{"rendered":"BORLOO APPELLE LE RASSEMBLEMENT DES CENTRISTES &#8230;"},"content":{"rendered":"<p>Apr\u00e8s la d\u00e9route du MoDem aux r\u00e9gionales, Jean-Louis Borloo, le Pr\u00e9sident du Parti Radical, associ\u00e9 \u00e0 l\u2019UMP, a appel\u00e9 jeudi sur Europe 1 \u00e0 un rassemblement des centristes.<br \/>\n\u00ab\u00a0<em>Il faut rassembler les centristes\u00a0\u00bb<br \/>\n\u00ab\u00a0Je vais vous faire une confidence : l\u2019UMP est victime de la disparition &#8211; au moins temporaire &#8211; de Fran\u00e7ois Bayrou\u00a0\u00bb, a ainsi assur\u00e9 le Ministre d&rsquo;Etat, avant d\u2019ajouter : \u00ab\u00a0il y a toujours eu \u00e0 c\u00f4t\u00e9 de la droite classique, des Girondins, l\u2019UDF par exemple. Et c\u2019est cette disparition aujourd\u2019hui qui pose probl\u00e8me \u00e0 la majorit\u00e9 pr\u00e9sidentielle.<\/em>\u00a0\u00bb<\/p>\n<p>Pour le Pr\u00e9sident du Parti Radical, \u00ab\u00a0il faut d\u00e9sormais, d\u2019une mani\u00e8re ou d\u2019une autre regrouper les centristes, sociaux d\u00e9mocrates et \u00e9cologistes car \u00ab\u00a0nous n\u2019avons pas bien vu qu\u2019au fond, la disparition provisoire de Fran\u00e7ois Bayrou qui fixait un \u00e9lectorat, posait un probl\u00e8me autant \u00e0 l\u2019UMP qu\u2019\u00e0 Bayrou\u00a0\u00bb.<\/p>\n<p style=\"text-align: center;\"><object classid=\"clsid:d27cdb6e-ae6d-11cf-96b8-444553540000\" width=\"480\" height=\"360\" codebase=\"http:\/\/download.macromedia.com\/pub\/shockwave\/cabs\/flash\/swflash.cab#version=6,0,40,0\"><param name=\"allowFullScreen\" value=\"true\" \/><param name=\"allowScriptAccess\" value=\"always\" \/><param name=\"src\" value=\"http:\/\/www.dailymotion.com\/swf\/video\/xcpfpn\" \/><param name=\"allowfullscreen\" value=\"true\" \/><embed type=\"application\/x-shockwave-flash\" width=\"480\" height=\"360\" src=\"http:\/\/www.dailymotion.com\/swf\/video\/xcpfpn\" allowscriptaccess=\"always\" allowfullscreen=\"true\"><\/embed><\/object><\/p>\n","protected":false},"excerpt":{"rendered":"<p>Apr\u00e8s la d\u00e9route du MoDem aux r\u00e9gionales, Jean-Louis Borloo, le Pr\u00e9sident du Parti Radical, associ\u00e9 \u00e0 l\u2019UMP, a appel\u00e9 jeudi sur Europe 1 \u00e0 un rassemblement des centristes. \u00ab\u00a0Il faut rassembler les centristes\u00a0\u00bb \u00ab\u00a0Je vais vous faire une confidence : &hellip; <a href=\"https:\/\/www.frederic-poitou.com\/blog\/borloo-appelle-le-rassemblement-des-centristes\/\">Lire la suite\u00ad\u00ad<\/a><\/p>\n","protected":false},"author":4,"featured_media":0,"comment_status":"closed","ping_status":"open","sticky":false,"template":"","format":"standard","meta":{"kt_blocks_editor_width":"","_exactmetrics_skip_tracking":false,"_exactmetrics_sitenote_active":false,"_exactmetrics_sitenote_note":"","_exactmetrics_sitenote_category":0,"footnotes":""},"categories":[48],"tags":[27,25,24],"class_list":["post-2909","post","type-post","status-publish","format-standard","hentry","category-accueil","tag-actualite","tag-parti-radical","tag-politique"],"yoast_head":"<!-- This site is optimized with the Yoast SEO plugin v27.1.1 - https:\/\/yoast.com\/product\/yoast-seo-wordpress\/ -->\n<title>BORLOO APPELLE LE RASSEMBLEMENT DES CENTRISTES ... -<\/title>\n<meta name=\"robots\" content=\"index, follow, max-snippet:-1, max-image-preview:large, max-video-preview:-1\" \/>\n<link rel=\"canonical\" href=\"https:\/\/www.frederic-poitou.com\/blog\/borloo-appelle-le-rassemblement-des-centristes\/\" \/>\n<meta property=\"og:locale\" content=\"fr_FR\" \/>\n<meta property=\"og:type\" content=\"article\" \/>\n<meta property=\"og:title\" content=\"BORLOO APPELLE LE RASSEMBLEMENT DES CENTRISTES ... -\" \/>\n<meta property=\"og:description\" content=\"Apr\u00e8s la d\u00e9route du MoDem aux r\u00e9gionales, Jean-Louis Borloo, le Pr\u00e9sident du Parti Radical, associ\u00e9 \u00e0 l\u2019UMP, a appel\u00e9 jeudi sur Europe 1 \u00e0 un rassemblement des centristes. \u00ab\u00a0Il faut rassembler les centristes\u00a0\u00bb \u00ab\u00a0Je vais vous faire une confidence : &hellip; Lire la suite\u00ad\u00ad\" \/>\n<meta property=\"og:url\" content=\"https:\/\/www.frederic-poitou.com\/blog\/borloo-appelle-le-rassemblement-des-centristes\/\" \/>\n<meta property=\"article:publisher\" content=\"https:\/\/www.facebook.com\/frederic.poitou\/\" \/>\n<meta property=\"article:published_time\" content=\"2023-07-14T21:51:32+00:00\" \/>\n<meta property=\"article:modified_time\" content=\"2026-04-23T18:29:51+00:00\" \/>\n<meta name=\"author\" content=\"Fr\u00e9d\u00e9ric Poitou\" \/>\n<meta name=\"twitter:card\" content=\"summary_large_image\" \/>\n<meta name=\"twitter:creator\" content=\"@fredericpoitou\" \/>\n<meta name=\"twitter:site\" content=\"@fredericpoitou\" \/>\n<meta name=\"twitter:label1\" content=\"\u00c9crit par\" \/>\n\t<meta name=\"twitter:data1\" content=\"Fr\u00e9d\u00e9ric Poitou\" \/>\n\t<meta name=\"twitter:label2\" content=\"Dur\u00e9e de lecture estim\u00e9e\" \/>\n\t<meta name=\"twitter:data2\" content=\"1 minute\" \/>\n<script type=\"application\/ld+json\" class=\"yoast-schema-graph\">{\"@context\":\"https:\/\/schema.org\",\"@graph\":[{\"@type\":\"Article\",\"@id\":\"https:\/\/www.frederic-poitou.com\/blog\/borloo-appelle-le-rassemblement-des-centristes\/#article\",\"isPartOf\":{\"@id\":\"https:\/\/www.frederic-poitou.com\/blog\/borloo-appelle-le-rassemblement-des-centristes\/\"},\"author\":{\"name\":\"Fr\u00e9d\u00e9ric Poitou\",\"@id\":\"http:\/\/www.frederic-poitou.com\/blog\/#\/schema\/person\/e2c2d05e978747818533fdce859a7799\"},\"headline\":\"BORLOO APPELLE LE RASSEMBLEMENT DES CENTRISTES &#8230;\",\"datePublished\":\"2023-07-14T21:51:32+00:00\",\"dateModified\":\"2026-04-23T18:29:51+00:00\",\"mainEntityOfPage\":{\"@id\":\"https:\/\/www.frederic-poitou.com\/blog\/borloo-appelle-le-rassemblement-des-centristes\/\"},\"wordCount\":162,\"keywords\":[\"Actualit\u00e9\",\"PARTI RADICAL\",\"Politique\"],\"articleSection\":[\"Accueil\"],\"inLanguage\":\"fr-FR\"},{\"@type\":\"WebPage\",\"@id\":\"https:\/\/www.frederic-poitou.com\/blog\/borloo-appelle-le-rassemblement-des-centristes\/\",\"url\":\"https:\/\/www.frederic-poitou.com\/blog\/borloo-appelle-le-rassemblement-des-centristes\/\",\"name\":\"BORLOO APPELLE LE RASSEMBLEMENT DES CENTRISTES ... -\",\"isPartOf\":{\"@id\":\"http:\/\/www.frederic-poitou.com\/blog\/#website\"},\"datePublished\":\"2023-07-14T21:51:32+00:00\",\"dateModified\":\"2026-04-23T18:29:51+00:00\",\"author\":{\"@id\":\"http:\/\/www.frederic-poitou.com\/blog\/#\/schema\/person\/e2c2d05e978747818533fdce859a7799\"},\"breadcrumb\":{\"@id\":\"https:\/\/www.frederic-poitou.com\/blog\/borloo-appelle-le-rassemblement-des-centristes\/#breadcrumb\"},\"inLanguage\":\"fr-FR\",\"potentialAction\":[{\"@type\":\"ReadAction\",\"target\":[\"https:\/\/www.frederic-poitou.com\/blog\/borloo-appelle-le-rassemblement-des-centristes\/\"]}]},{\"@type\":\"BreadcrumbList\",\"@id\":\"https:\/\/www.frederic-poitou.com\/blog\/borloo-appelle-le-rassemblement-des-centristes\/#breadcrumb\",\"itemListElement\":[{\"@type\":\"ListItem\",\"position\":1,\"name\":\"Accueil\",\"item\":\"http:\/\/www.frederic-poitou.com\/blog\/\"},{\"@type\":\"ListItem\",\"position\":2,\"name\":\"BORLOO APPELLE LE RASSEMBLEMENT DES CENTRISTES &#8230;\"}]},{\"@type\":\"WebSite\",\"@id\":\"http:\/\/www.frederic-poitou.com\/blog\/#website\",\"url\":\"http:\/\/www.frederic-poitou.com\/blog\/\",\"name\":\"\",\"description\":\"\",\"potentialAction\":[{\"@type\":\"SearchAction\",\"target\":{\"@type\":\"EntryPoint\",\"urlTemplate\":\"http:\/\/www.frederic-poitou.com\/blog\/?s={search_term_string}\"},\"query-input\":{\"@type\":\"PropertyValueSpecification\",\"valueRequired\":true,\"valueName\":\"search_term_string\"}}],\"inLanguage\":\"fr-FR\"},{\"@type\":\"Person\",\"@id\":\"http:\/\/www.frederic-poitou.com\/blog\/#\/schema\/person\/e2c2d05e978747818533fdce859a7799\",\"name\":\"Fr\u00e9d\u00e9ric Poitou\",\"image\":{\"@type\":\"ImageObject\",\"inLanguage\":\"fr-FR\",\"@id\":\"http:\/\/www.frederic-poitou.com\/blog\/#\/schema\/person\/image\/\",\"url\":\"https:\/\/secure.gravatar.com\/avatar\/1933bcca279a2feafd35d9e0a080c521e11beb51115fe4cfe02e2586ac13424a?s=96&d=mm&r=g\",\"contentUrl\":\"https:\/\/secure.gravatar.com\/avatar\/1933bcca279a2feafd35d9e0a080c521e11beb51115fe4cfe02e2586ac13424a?s=96&d=mm&r=g\",\"caption\":\"Fr\u00e9d\u00e9ric Poitou\"},\"description\":\"Fr\u00e9d\u00e9ric Poitou est n\u00e9 \u00e0 Rouen, et y a fait des \u00e9tudes au Conservatoire en musique-\u00e9tudes en section piano. Il s'est ensuite orient\u00e9 vers des \u00e9tudes scientifiques o\u00f9 il a obtenu un dipl\u00f4me d'ing\u00e9nieur, puis un doctorat en Chimie. Il est Expert Judiciaire en France, en Belgique et \u00e0 Luxembourg, et agr\u00e9e par les Institutions Europ\u00e9ennes.\",\"sameAs\":[\"http:\/\/www.frederic-poitou.com\",\"https:\/\/www.linkedin.com\/in\/frederic-poitou-b045a025\/\"]}]}<\/script>\n<!-- \/ Yoast SEO plugin. -->","yoast_head_json":{"title":"BORLOO APPELLE LE RASSEMBLEMENT DES CENTRISTES ... -","robots":{"index":"index","follow":"follow","max-snippet":"max-snippet:-1","max-image-preview":"max-image-preview:large","max-video-preview":"max-video-preview:-1"},"canonical":"https:\/\/www.frederic-poitou.com\/blog\/borloo-appelle-le-rassemblement-des-centristes\/","og_locale":"fr_FR","og_type":"article","og_title":"BORLOO APPELLE LE RASSEMBLEMENT DES CENTRISTES ... -","og_description":"Apr\u00e8s la d\u00e9route du MoDem aux r\u00e9gionales, Jean-Louis Borloo, le Pr\u00e9sident du Parti Radical, associ\u00e9 \u00e0 l\u2019UMP, a appel\u00e9 jeudi sur Europe 1 \u00e0 un rassemblement des centristes. \u00ab\u00a0Il faut rassembler les centristes\u00a0\u00bb \u00ab\u00a0Je vais vous faire une confidence : &hellip; Lire la suite\u00ad\u00ad","og_url":"https:\/\/www.frederic-poitou.com\/blog\/borloo-appelle-le-rassemblement-des-centristes\/","article_publisher":"https:\/\/www.facebook.com\/frederic.poitou\/","article_published_time":"2023-07-14T21:51:32+00:00","article_modified_time":"2026-04-23T18:29:51+00:00","author":"Fr\u00e9d\u00e9ric Poitou","twitter_card":"summary_large_image","twitter_creator":"@fredericpoitou","twitter_site":"@fredericpoitou","twitter_misc":{"\u00c9crit par":"Fr\u00e9d\u00e9ric Poitou","Dur\u00e9e de lecture estim\u00e9e":"1 minute"},"schema":{"@context":"https:\/\/schema.org","@graph":[{"@type":"Article","@id":"https:\/\/www.frederic-poitou.com\/blog\/borloo-appelle-le-rassemblement-des-centristes\/#article","isPartOf":{"@id":"https:\/\/www.frederic-poitou.com\/blog\/borloo-appelle-le-rassemblement-des-centristes\/"},"author":{"name":"Fr\u00e9d\u00e9ric Poitou","@id":"http:\/\/www.frederic-poitou.com\/blog\/#\/schema\/person\/e2c2d05e978747818533fdce859a7799"},"headline":"BORLOO APPELLE LE RASSEMBLEMENT DES CENTRISTES &#8230;","datePublished":"2023-07-14T21:51:32+00:00","dateModified":"2026-04-23T18:29:51+00:00","mainEntityOfPage":{"@id":"https:\/\/www.frederic-poitou.com\/blog\/borloo-appelle-le-rassemblement-des-centristes\/"},"wordCount":162,"keywords":["Actualit\u00e9","PARTI RADICAL","Politique"],"articleSection":["Accueil"],"inLanguage":"fr-FR"},{"@type":"WebPage","@id":"https:\/\/www.frederic-poitou.com\/blog\/borloo-appelle-le-rassemblement-des-centristes\/","url":"https:\/\/www.frederic-poitou.com\/blog\/borloo-appelle-le-rassemblement-des-centristes\/","name":"BORLOO APPELLE LE RASSEMBLEMENT DES CENTRISTES ... -","isPartOf":{"@id":"http:\/\/www.frederic-poitou.com\/blog\/#website"},"datePublished":"2023-07-14T21:51:32+00:00","dateModified":"2026-04-23T18:29:51+00:00","author":{"@id":"http:\/\/www.frederic-poitou.com\/blog\/#\/schema\/person\/e2c2d05e978747818533fdce859a7799"},"breadcrumb":{"@id":"https:\/\/www.frederic-poitou.com\/blog\/borloo-appelle-le-rassemblement-des-centristes\/#breadcrumb"},"inLanguage":"fr-FR","potentialAction":[{"@type":"ReadAction","target":["https:\/\/www.frederic-poitou.com\/blog\/borloo-appelle-le-rassemblement-des-centristes\/"]}]},{"@type":"BreadcrumbList","@id":"https:\/\/www.frederic-poitou.com\/blog\/borloo-appelle-le-rassemblement-des-centristes\/#breadcrumb","itemListElement":[{"@type":"ListItem","position":1,"name":"Accueil","item":"http:\/\/www.frederic-poitou.com\/blog\/"},{"@type":"ListItem","position":2,"name":"BORLOO APPELLE LE RASSEMBLEMENT DES CENTRISTES &#8230;"}]},{"@type":"WebSite","@id":"http:\/\/www.frederic-poitou.com\/blog\/#website","url":"http:\/\/www.frederic-poitou.com\/blog\/","name":"","description":"","potentialAction":[{"@type":"SearchAction","target":{"@type":"EntryPoint","urlTemplate":"http:\/\/www.frederic-poitou.com\/blog\/?s={search_term_string}"},"query-input":{"@type":"PropertyValueSpecification","valueRequired":true,"valueName":"search_term_string"}}],"inLanguage":"fr-FR"},{"@type":"Person","@id":"http:\/\/www.frederic-poitou.com\/blog\/#\/schema\/person\/e2c2d05e978747818533fdce859a7799","name":"Fr\u00e9d\u00e9ric Poitou","image":{"@type":"ImageObject","inLanguage":"fr-FR","@id":"http:\/\/www.frederic-poitou.com\/blog\/#\/schema\/person\/image\/","url":"https:\/\/secure.gravatar.com\/avatar\/1933bcca279a2feafd35d9e0a080c521e11beb51115fe4cfe02e2586ac13424a?s=96&d=mm&r=g","contentUrl":"https:\/\/secure.gravatar.com\/avatar\/1933bcca279a2feafd35d9e0a080c521e11beb51115fe4cfe02e2586ac13424a?s=96&d=mm&r=g","caption":"Fr\u00e9d\u00e9ric Poitou"},"description":"Fr\u00e9d\u00e9ric Poitou est n\u00e9 \u00e0 Rouen, et y a fait des \u00e9tudes au Conservatoire en musique-\u00e9tudes en section piano. Il s'est ensuite orient\u00e9 vers des \u00e9tudes scientifiques o\u00f9 il a obtenu un dipl\u00f4me d'ing\u00e9nieur, puis un doctorat en Chimie. Il est Expert Judiciaire en France, en Belgique et \u00e0 Luxembourg, et agr\u00e9e par les Institutions Europ\u00e9ennes.","sameAs":["http:\/\/www.frederic-poitou.com","https:\/\/www.linkedin.com\/in\/frederic-poitou-b045a025\/"]}]}},"_links":{"self":[{"href":"https:\/\/www.frederic-poitou.com\/blog\/wp-json\/wp\/v2\/posts\/2909","targetHints":{"allow":["GET"]}}],"collection":[{"href":"https:\/\/www.frederic-poitou.com\/blog\/wp-json\/wp\/v2\/posts"}],"about":[{"href":"https:\/\/www.frederic-poitou.com\/blog\/wp-json\/wp\/v2\/types\/post"}],"author":[{"embeddable":true,"href":"https:\/\/www.frederic-poitou.com\/blog\/wp-json\/wp\/v2\/users\/4"}],"replies":[{"embeddable":true,"href":"https:\/\/www.frederic-poitou.com\/blog\/wp-json\/wp\/v2\/comments?post=2909"}],"version-history":[{"count":1,"href":"https:\/\/www.frederic-poitou.com\/blog\/wp-json\/wp\/v2\/posts\/2909\/revisions"}],"predecessor-version":[{"id":9948,"href":"https:\/\/www.frederic-poitou.com\/blog\/wp-json\/wp\/v2\/posts\/2909\/revisions\/9948"}],"wp:attachment":[{"href":"https:\/\/www.frederic-poitou.com\/blog\/wp-json\/wp\/v2\/media?parent=2909"}],"wp:term":[{"taxonomy":"category","embeddable":true,"href":"https:\/\/www.frederic-poitou.com\/blog\/wp-json\/wp\/v2\/categories?post=2909"},{"taxonomy":"post_tag","embeddable":true,"href":"https:\/\/www.frederic-poitou.com\/blog\/wp-json\/wp\/v2\/tags?post=2909"}],"curies":[{"name":"wp","href":"https:\/\/api.w.org\/{rel}","templated":true}]}}