{"id":2905,"date":"2023-07-15T07:13:32","date_gmt":"2023-07-15T05:13:32","guid":{"rendered":"http:\/\/www.frederic-poitou.com\/blog\/?p=2905"},"modified":"2026-04-28T06:10:33","modified_gmt":"2026-04-28T04:10:33","slug":"borloo-reste-attache-a-la-fiscalite-ecologique","status":"publish","type":"post","link":"https:\/\/www.frederic-poitou.com\/blog\/borloo-reste-attache-a-la-fiscalite-ecologique\/","title":{"rendered":"BORLOO RESTE ATTACHE A LA FISCALITE ECOLOGIQUE"},"content":{"rendered":"<p style=\"margin-top: 1em; margin-right: 0px; margin-bottom: 1em; margin-left: 0px; padding: 0px; border: 0px initial initial;\">Le ministre de l&rsquo;Ecologie Jean-Louis Borloo a rappel\u00e9 mardi son attachement \u00e0 la \u00ab\u00a0<em>fiscalit\u00e9 \u00e9cologique<\/em>\u00ab\u00a0, qu&rsquo;il juge \u00ab\u00a0absolument indispensable\u00a0\u00bb, apr\u00e8s l&rsquo;annonce d&rsquo;un report de la taxe carbone par le Premier ministre Fran\u00e7ois Fillon.<\/p>\n<p style=\"margin-top: 1em; margin-right: 0px; margin-bottom: 1em; margin-left: 0px; padding: 0px; border: 0px initial initial;\">Dans un communiqu\u00e9 M. Borloo et sa secr\u00e9taire d&rsquo;Etat charg\u00e9e de l&rsquo;Ecologie Chantal Jouanno prennent acte \u00ab\u00a0<em>de la d\u00e9cision du Premier ministre de mettre en oeuvre la taxe carbone\u00a0\u00bb et son \u00ab\u00a0souhait de coordonner notre action au niveau europ\u00e9en<\/em>\u00ab\u00a0.<\/p>\n<p style=\"margin-top: 1em; margin-right: 0px; margin-bottom: 1em; margin-left: 0px; padding: 0px; border: 0px initial initial;\">\u00ab\u00a0<em>La fiscalit\u00e9 \u00e9cologique reste une grande id\u00e9e, absolument indispensable pour acc\u00e9l\u00e9rer la mutation \u00e9cologique et \u00e9conomique de notre pays. Je reste convaincu de sa n\u00e9cessit\u00e9<\/em>\u00ab\u00a0, souligne Jean-Louis Borloo dans ce communiqu\u00e9.<\/p>\n<p style=\"margin-top: 1em; margin-right: 0px; margin-bottom: 1em; margin-left: 0px; padding: 0px; border: 0px initial initial;\"><img loading=\"lazy\" decoding=\"async\" class=\"alignleft size-full wp-image-2906\" style=\"margin: 20px; border: 20px solid black;\" title=\"photo_1212232264391-1-0\" src=\"http:\/\/www.frederic-poitou.com\/blog\/wp-content\/photo_1212232264391-1-0.jpg\" alt=\"photo_1212232264391-1-0\" width=\"307\" height=\"187\" \/>M. Borloo d\u00e9plore que la taxe carbone ait \u00e9t\u00e9 \u00ab\u00a0l&rsquo;otage de d\u00e9bats qui ont d\u00e9pass\u00e9 largement le champ de l&rsquo;\u00e9cologie et qui ont conduit \u00e0 une profonde incompr\u00e9hension\u00a0\u00bb, se disant \u00ab\u00a0d\u00e9\u00e7u par toutes ces controverses et ces malentendus\u00a0\u00bb.<\/p>\n<p style=\"margin-top: 1em; margin-right: 0px; margin-bottom: 1em; margin-left: 0px; padding: 0px; border: 0px initial initial;\">\u00ab\u00a0<em>Aujourd&rsquo;hui, il faut se poser, remettre le travail sur le m\u00e9tier, dans la s\u00e9r\u00e9nit\u00e9, et avec l&rsquo;ensemble de nos partenaire<\/em>\u00ab\u00a0, ajoute-t-il. Il affirme sa \u00ab\u00a0volont\u00e9\u00a0\u00bb de voir la directive europ\u00e9enne sur l&rsquo;\u00e9nergie, qui permettra la mise en place d&rsquo;une contribution carbone europ\u00e9enne, \u00ab\u00a0pr\u00e9sent\u00e9e, comme pr\u00e9vu, \u00e0 la fin de cette ann\u00e9e\u00a0\u00bb.<\/p>\n<p style=\"margin-top: 1em; margin-right: 0px; margin-bottom: 1em; margin-left: 0px; padding: 0px; border: 0px initial initial;\">Le Premier ministre Fran\u00e7ois Fillon a promis mardi aux d\u00e9put\u00e9s de l&rsquo;UMP, r\u00e9unis \u00e0 l&rsquo;Assembl\u00e9e nationale, que la taxe carbone serait \u00ab\u00a0europ\u00e9enne\u00a0\u00bb ou ne serait pas, selon le chef du groupe UMP Jean-Fran\u00e7ois Cop\u00e9. M. Fillon a ensuite assur\u00e9 que le gouvernement \u00ab\u00a0mettra en oeuvre\u00a0\u00bb cette taxe.<\/p>\n<p style=\"margin-top: 1em; margin-right: 0px; margin-bottom: 1em; margin-left: 0px; padding: 0px; border: 0px initial initial;\">NouvelObs.com<\/p>\n","protected":false},"excerpt":{"rendered":"<p>Le ministre de l&rsquo;Ecologie Jean-Louis Borloo a rappel\u00e9 mardi son attachement \u00e0 la \u00ab\u00a0fiscalit\u00e9 \u00e9cologique\u00ab\u00a0, qu&rsquo;il juge \u00ab\u00a0absolument indispensable\u00a0\u00bb, apr\u00e8s l&rsquo;annonce d&rsquo;un report de la taxe carbone par le Premier ministre Fran\u00e7ois Fillon. Dans un communiqu\u00e9 M. Borloo et sa &hellip; <a href=\"https:\/\/www.frederic-poitou.com\/blog\/borloo-reste-attache-a-la-fiscalite-ecologique\/\">Lire la suite\u00ad\u00ad<\/a><\/p>\n","protected":false},"author":4,"featured_media":0,"comment_status":"closed","ping_status":"open","sticky":false,"template":"","format":"standard","meta":{"kt_blocks_editor_width":"","_exactmetrics_skip_tracking":false,"_exactmetrics_sitenote_active":false,"_exactmetrics_sitenote_note":"","_exactmetrics_sitenote_category":0,"footnotes":""},"categories":[48],"tags":[27,25,24],"class_list":["post-2905","post","type-post","status-publish","format-standard","hentry","category-accueil","tag-actualite","tag-parti-radical","tag-politique"],"yoast_head":"<!-- This site is optimized with the Yoast SEO plugin v27.1.1 - https:\/\/yoast.com\/product\/yoast-seo-wordpress\/ -->\n<title>BORLOO RESTE ATTACHE A LA FISCALITE ECOLOGIQUE -<\/title>\n<meta name=\"robots\" content=\"index, follow, max-snippet:-1, max-image-preview:large, max-video-preview:-1\" \/>\n<link rel=\"canonical\" href=\"https:\/\/www.frederic-poitou.com\/blog\/borloo-reste-attache-a-la-fiscalite-ecologique\/\" \/>\n<meta property=\"og:locale\" content=\"fr_FR\" \/>\n<meta property=\"og:type\" content=\"article\" \/>\n<meta property=\"og:title\" content=\"BORLOO RESTE ATTACHE A LA FISCALITE ECOLOGIQUE -\" \/>\n<meta property=\"og:description\" content=\"Le ministre de l&rsquo;Ecologie Jean-Louis Borloo a rappel\u00e9 mardi son attachement \u00e0 la \u00ab\u00a0fiscalit\u00e9 \u00e9cologique\u00ab\u00a0, qu&rsquo;il juge \u00ab\u00a0absolument indispensable\u00a0\u00bb, apr\u00e8s l&rsquo;annonce d&rsquo;un report de la taxe carbone par le Premier ministre Fran\u00e7ois Fillon. Dans un communiqu\u00e9 M. Borloo et sa &hellip; Lire la suite\u00ad\u00ad\" \/>\n<meta property=\"og:url\" content=\"https:\/\/www.frederic-poitou.com\/blog\/borloo-reste-attache-a-la-fiscalite-ecologique\/\" \/>\n<meta property=\"article:publisher\" content=\"https:\/\/www.facebook.com\/frederic.poitou\/\" \/>\n<meta property=\"article:published_time\" content=\"2023-07-15T05:13:32+00:00\" \/>\n<meta property=\"article:modified_time\" content=\"2026-04-28T04:10:33+00:00\" \/>\n<meta name=\"author\" content=\"Fr\u00e9d\u00e9ric Poitou\" \/>\n<meta name=\"twitter:card\" content=\"summary_large_image\" \/>\n<meta name=\"twitter:creator\" content=\"@fredericpoitou\" \/>\n<meta name=\"twitter:site\" content=\"@fredericpoitou\" \/>\n<meta name=\"twitter:label1\" content=\"\u00c9crit par\" \/>\n\t<meta name=\"twitter:data1\" content=\"Fr\u00e9d\u00e9ric Poitou\" \/>\n\t<meta name=\"twitter:label2\" content=\"Dur\u00e9e de lecture estim\u00e9e\" \/>\n\t<meta name=\"twitter:data2\" content=\"1 minute\" \/>\n<script type=\"application\/ld+json\" class=\"yoast-schema-graph\">{\"@context\":\"https:\/\/schema.org\",\"@graph\":[{\"@type\":\"Article\",\"@id\":\"https:\/\/www.frederic-poitou.com\/blog\/borloo-reste-attache-a-la-fiscalite-ecologique\/#article\",\"isPartOf\":{\"@id\":\"https:\/\/www.frederic-poitou.com\/blog\/borloo-reste-attache-a-la-fiscalite-ecologique\/\"},\"author\":{\"name\":\"Fr\u00e9d\u00e9ric Poitou\",\"@id\":\"http:\/\/www.frederic-poitou.com\/blog\/#\/schema\/person\/e2c2d05e978747818533fdce859a7799\"},\"headline\":\"BORLOO RESTE ATTACHE A LA FISCALITE ECOLOGIQUE\",\"datePublished\":\"2023-07-15T05:13:32+00:00\",\"dateModified\":\"2026-04-28T04:10:33+00:00\",\"mainEntityOfPage\":{\"@id\":\"https:\/\/www.frederic-poitou.com\/blog\/borloo-reste-attache-a-la-fiscalite-ecologique\/\"},\"wordCount\":289,\"image\":{\"@id\":\"https:\/\/www.frederic-poitou.com\/blog\/borloo-reste-attache-a-la-fiscalite-ecologique\/#primaryimage\"},\"thumbnailUrl\":\"http:\/\/www.frederic-poitou.com\/blog\/wp-content\/photo_1212232264391-1-0.jpg\",\"keywords\":[\"Actualit\u00e9\",\"PARTI RADICAL\",\"Politique\"],\"articleSection\":[\"Accueil\"],\"inLanguage\":\"fr-FR\"},{\"@type\":\"WebPage\",\"@id\":\"https:\/\/www.frederic-poitou.com\/blog\/borloo-reste-attache-a-la-fiscalite-ecologique\/\",\"url\":\"https:\/\/www.frederic-poitou.com\/blog\/borloo-reste-attache-a-la-fiscalite-ecologique\/\",\"name\":\"BORLOO RESTE ATTACHE A LA FISCALITE ECOLOGIQUE -\",\"isPartOf\":{\"@id\":\"http:\/\/www.frederic-poitou.com\/blog\/#website\"},\"primaryImageOfPage\":{\"@id\":\"https:\/\/www.frederic-poitou.com\/blog\/borloo-reste-attache-a-la-fiscalite-ecologique\/#primaryimage\"},\"image\":{\"@id\":\"https:\/\/www.frederic-poitou.com\/blog\/borloo-reste-attache-a-la-fiscalite-ecologique\/#primaryimage\"},\"thumbnailUrl\":\"http:\/\/www.frederic-poitou.com\/blog\/wp-content\/photo_1212232264391-1-0.jpg\",\"datePublished\":\"2023-07-15T05:13:32+00:00\",\"dateModified\":\"2026-04-28T04:10:33+00:00\",\"author\":{\"@id\":\"http:\/\/www.frederic-poitou.com\/blog\/#\/schema\/person\/e2c2d05e978747818533fdce859a7799\"},\"breadcrumb\":{\"@id\":\"https:\/\/www.frederic-poitou.com\/blog\/borloo-reste-attache-a-la-fiscalite-ecologique\/#breadcrumb\"},\"inLanguage\":\"fr-FR\",\"potentialAction\":[{\"@type\":\"ReadAction\",\"target\":[\"https:\/\/www.frederic-poitou.com\/blog\/borloo-reste-attache-a-la-fiscalite-ecologique\/\"]}]},{\"@type\":\"ImageObject\",\"inLanguage\":\"fr-FR\",\"@id\":\"https:\/\/www.frederic-poitou.com\/blog\/borloo-reste-attache-a-la-fiscalite-ecologique\/#primaryimage\",\"url\":\"http:\/\/www.frederic-poitou.com\/blog\/wp-content\/photo_1212232264391-1-0.jpg\",\"contentUrl\":\"http:\/\/www.frederic-poitou.com\/blog\/wp-content\/photo_1212232264391-1-0.jpg\"},{\"@type\":\"BreadcrumbList\",\"@id\":\"https:\/\/www.frederic-poitou.com\/blog\/borloo-reste-attache-a-la-fiscalite-ecologique\/#breadcrumb\",\"itemListElement\":[{\"@type\":\"ListItem\",\"position\":1,\"name\":\"Accueil\",\"item\":\"http:\/\/www.frederic-poitou.com\/blog\/\"},{\"@type\":\"ListItem\",\"position\":2,\"name\":\"BORLOO RESTE ATTACHE A LA FISCALITE ECOLOGIQUE\"}]},{\"@type\":\"WebSite\",\"@id\":\"http:\/\/www.frederic-poitou.com\/blog\/#website\",\"url\":\"http:\/\/www.frederic-poitou.com\/blog\/\",\"name\":\"\",\"description\":\"\",\"potentialAction\":[{\"@type\":\"SearchAction\",\"target\":{\"@type\":\"EntryPoint\",\"urlTemplate\":\"http:\/\/www.frederic-poitou.com\/blog\/?s={search_term_string}\"},\"query-input\":{\"@type\":\"PropertyValueSpecification\",\"valueRequired\":true,\"valueName\":\"search_term_string\"}}],\"inLanguage\":\"fr-FR\"},{\"@type\":\"Person\",\"@id\":\"http:\/\/www.frederic-poitou.com\/blog\/#\/schema\/person\/e2c2d05e978747818533fdce859a7799\",\"name\":\"Fr\u00e9d\u00e9ric Poitou\",\"image\":{\"@type\":\"ImageObject\",\"inLanguage\":\"fr-FR\",\"@id\":\"http:\/\/www.frederic-poitou.com\/blog\/#\/schema\/person\/image\/\",\"url\":\"https:\/\/secure.gravatar.com\/avatar\/1933bcca279a2feafd35d9e0a080c521e11beb51115fe4cfe02e2586ac13424a?s=96&d=mm&r=g\",\"contentUrl\":\"https:\/\/secure.gravatar.com\/avatar\/1933bcca279a2feafd35d9e0a080c521e11beb51115fe4cfe02e2586ac13424a?s=96&d=mm&r=g\",\"caption\":\"Fr\u00e9d\u00e9ric Poitou\"},\"description\":\"Fr\u00e9d\u00e9ric Poitou est n\u00e9 \u00e0 Rouen, et y a fait des \u00e9tudes au Conservatoire en musique-\u00e9tudes en section piano. Il s'est ensuite orient\u00e9 vers des \u00e9tudes scientifiques o\u00f9 il a obtenu un dipl\u00f4me d'ing\u00e9nieur, puis un doctorat en Chimie. Il est Expert Judiciaire en France, en Belgique et \u00e0 Luxembourg, et agr\u00e9e par les Institutions Europ\u00e9ennes.\",\"sameAs\":[\"http:\/\/www.frederic-poitou.com\",\"https:\/\/www.linkedin.com\/in\/frederic-poitou-b045a025\/\"]}]}<\/script>\n<!-- \/ Yoast SEO plugin. -->","yoast_head_json":{"title":"BORLOO RESTE ATTACHE A LA FISCALITE ECOLOGIQUE -","robots":{"index":"index","follow":"follow","max-snippet":"max-snippet:-1","max-image-preview":"max-image-preview:large","max-video-preview":"max-video-preview:-1"},"canonical":"https:\/\/www.frederic-poitou.com\/blog\/borloo-reste-attache-a-la-fiscalite-ecologique\/","og_locale":"fr_FR","og_type":"article","og_title":"BORLOO RESTE ATTACHE A LA FISCALITE ECOLOGIQUE -","og_description":"Le ministre de l&rsquo;Ecologie Jean-Louis Borloo a rappel\u00e9 mardi son attachement \u00e0 la \u00ab\u00a0fiscalit\u00e9 \u00e9cologique\u00ab\u00a0, qu&rsquo;il juge \u00ab\u00a0absolument indispensable\u00a0\u00bb, apr\u00e8s l&rsquo;annonce d&rsquo;un report de la taxe carbone par le Premier ministre Fran\u00e7ois Fillon. Dans un communiqu\u00e9 M. Borloo et sa &hellip; Lire la suite\u00ad\u00ad","og_url":"https:\/\/www.frederic-poitou.com\/blog\/borloo-reste-attache-a-la-fiscalite-ecologique\/","article_publisher":"https:\/\/www.facebook.com\/frederic.poitou\/","article_published_time":"2023-07-15T05:13:32+00:00","article_modified_time":"2026-04-28T04:10:33+00:00","author":"Fr\u00e9d\u00e9ric Poitou","twitter_card":"summary_large_image","twitter_creator":"@fredericpoitou","twitter_site":"@fredericpoitou","twitter_misc":{"\u00c9crit par":"Fr\u00e9d\u00e9ric Poitou","Dur\u00e9e de lecture estim\u00e9e":"1 minute"},"schema":{"@context":"https:\/\/schema.org","@graph":[{"@type":"Article","@id":"https:\/\/www.frederic-poitou.com\/blog\/borloo-reste-attache-a-la-fiscalite-ecologique\/#article","isPartOf":{"@id":"https:\/\/www.frederic-poitou.com\/blog\/borloo-reste-attache-a-la-fiscalite-ecologique\/"},"author":{"name":"Fr\u00e9d\u00e9ric Poitou","@id":"http:\/\/www.frederic-poitou.com\/blog\/#\/schema\/person\/e2c2d05e978747818533fdce859a7799"},"headline":"BORLOO RESTE ATTACHE A LA FISCALITE ECOLOGIQUE","datePublished":"2023-07-15T05:13:32+00:00","dateModified":"2026-04-28T04:10:33+00:00","mainEntityOfPage":{"@id":"https:\/\/www.frederic-poitou.com\/blog\/borloo-reste-attache-a-la-fiscalite-ecologique\/"},"wordCount":289,"image":{"@id":"https:\/\/www.frederic-poitou.com\/blog\/borloo-reste-attache-a-la-fiscalite-ecologique\/#primaryimage"},"thumbnailUrl":"http:\/\/www.frederic-poitou.com\/blog\/wp-content\/photo_1212232264391-1-0.jpg","keywords":["Actualit\u00e9","PARTI RADICAL","Politique"],"articleSection":["Accueil"],"inLanguage":"fr-FR"},{"@type":"WebPage","@id":"https:\/\/www.frederic-poitou.com\/blog\/borloo-reste-attache-a-la-fiscalite-ecologique\/","url":"https:\/\/www.frederic-poitou.com\/blog\/borloo-reste-attache-a-la-fiscalite-ecologique\/","name":"BORLOO RESTE ATTACHE A LA FISCALITE ECOLOGIQUE -","isPartOf":{"@id":"http:\/\/www.frederic-poitou.com\/blog\/#website"},"primaryImageOfPage":{"@id":"https:\/\/www.frederic-poitou.com\/blog\/borloo-reste-attache-a-la-fiscalite-ecologique\/#primaryimage"},"image":{"@id":"https:\/\/www.frederic-poitou.com\/blog\/borloo-reste-attache-a-la-fiscalite-ecologique\/#primaryimage"},"thumbnailUrl":"http:\/\/www.frederic-poitou.com\/blog\/wp-content\/photo_1212232264391-1-0.jpg","datePublished":"2023-07-15T05:13:32+00:00","dateModified":"2026-04-28T04:10:33+00:00","author":{"@id":"http:\/\/www.frederic-poitou.com\/blog\/#\/schema\/person\/e2c2d05e978747818533fdce859a7799"},"breadcrumb":{"@id":"https:\/\/www.frederic-poitou.com\/blog\/borloo-reste-attache-a-la-fiscalite-ecologique\/#breadcrumb"},"inLanguage":"fr-FR","potentialAction":[{"@type":"ReadAction","target":["https:\/\/www.frederic-poitou.com\/blog\/borloo-reste-attache-a-la-fiscalite-ecologique\/"]}]},{"@type":"ImageObject","inLanguage":"fr-FR","@id":"https:\/\/www.frederic-poitou.com\/blog\/borloo-reste-attache-a-la-fiscalite-ecologique\/#primaryimage","url":"http:\/\/www.frederic-poitou.com\/blog\/wp-content\/photo_1212232264391-1-0.jpg","contentUrl":"http:\/\/www.frederic-poitou.com\/blog\/wp-content\/photo_1212232264391-1-0.jpg"},{"@type":"BreadcrumbList","@id":"https:\/\/www.frederic-poitou.com\/blog\/borloo-reste-attache-a-la-fiscalite-ecologique\/#breadcrumb","itemListElement":[{"@type":"ListItem","position":1,"name":"Accueil","item":"http:\/\/www.frederic-poitou.com\/blog\/"},{"@type":"ListItem","position":2,"name":"BORLOO RESTE ATTACHE A LA FISCALITE ECOLOGIQUE"}]},{"@type":"WebSite","@id":"http:\/\/www.frederic-poitou.com\/blog\/#website","url":"http:\/\/www.frederic-poitou.com\/blog\/","name":"","description":"","potentialAction":[{"@type":"SearchAction","target":{"@type":"EntryPoint","urlTemplate":"http:\/\/www.frederic-poitou.com\/blog\/?s={search_term_string}"},"query-input":{"@type":"PropertyValueSpecification","valueRequired":true,"valueName":"search_term_string"}}],"inLanguage":"fr-FR"},{"@type":"Person","@id":"http:\/\/www.frederic-poitou.com\/blog\/#\/schema\/person\/e2c2d05e978747818533fdce859a7799","name":"Fr\u00e9d\u00e9ric Poitou","image":{"@type":"ImageObject","inLanguage":"fr-FR","@id":"http:\/\/www.frederic-poitou.com\/blog\/#\/schema\/person\/image\/","url":"https:\/\/secure.gravatar.com\/avatar\/1933bcca279a2feafd35d9e0a080c521e11beb51115fe4cfe02e2586ac13424a?s=96&d=mm&r=g","contentUrl":"https:\/\/secure.gravatar.com\/avatar\/1933bcca279a2feafd35d9e0a080c521e11beb51115fe4cfe02e2586ac13424a?s=96&d=mm&r=g","caption":"Fr\u00e9d\u00e9ric Poitou"},"description":"Fr\u00e9d\u00e9ric Poitou est n\u00e9 \u00e0 Rouen, et y a fait des \u00e9tudes au Conservatoire en musique-\u00e9tudes en section piano. Il s'est ensuite orient\u00e9 vers des \u00e9tudes scientifiques o\u00f9 il a obtenu un dipl\u00f4me d'ing\u00e9nieur, puis un doctorat en Chimie. Il est Expert Judiciaire en France, en Belgique et \u00e0 Luxembourg, et agr\u00e9e par les Institutions Europ\u00e9ennes.","sameAs":["http:\/\/www.frederic-poitou.com","https:\/\/www.linkedin.com\/in\/frederic-poitou-b045a025\/"]}]}},"_links":{"self":[{"href":"https:\/\/www.frederic-poitou.com\/blog\/wp-json\/wp\/v2\/posts\/2905","targetHints":{"allow":["GET"]}}],"collection":[{"href":"https:\/\/www.frederic-poitou.com\/blog\/wp-json\/wp\/v2\/posts"}],"about":[{"href":"https:\/\/www.frederic-poitou.com\/blog\/wp-json\/wp\/v2\/types\/post"}],"author":[{"embeddable":true,"href":"https:\/\/www.frederic-poitou.com\/blog\/wp-json\/wp\/v2\/users\/4"}],"replies":[{"embeddable":true,"href":"https:\/\/www.frederic-poitou.com\/blog\/wp-json\/wp\/v2\/comments?post=2905"}],"version-history":[{"count":1,"href":"https:\/\/www.frederic-poitou.com\/blog\/wp-json\/wp\/v2\/posts\/2905\/revisions"}],"predecessor-version":[{"id":9946,"href":"https:\/\/www.frederic-poitou.com\/blog\/wp-json\/wp\/v2\/posts\/2905\/revisions\/9946"}],"wp:attachment":[{"href":"https:\/\/www.frederic-poitou.com\/blog\/wp-json\/wp\/v2\/media?parent=2905"}],"wp:term":[{"taxonomy":"category","embeddable":true,"href":"https:\/\/www.frederic-poitou.com\/blog\/wp-json\/wp\/v2\/categories?post=2905"},{"taxonomy":"post_tag","embeddable":true,"href":"https:\/\/www.frederic-poitou.com\/blog\/wp-json\/wp\/v2\/tags?post=2905"}],"curies":[{"name":"wp","href":"https:\/\/api.w.org\/{rel}","templated":true}]}}