{"id":2789,"date":"2023-07-15T00:21:32","date_gmt":"2023-07-14T22:21:32","guid":{"rendered":"http:\/\/www.frederic-poitou.com\/blog\/?p=2789"},"modified":"2026-04-23T21:22:57","modified_gmt":"2026-04-23T19:22:57","slug":"un-enfant-qui-pleure","status":"publish","type":"post","link":"https:\/\/www.frederic-poitou.com\/blog\/un-enfant-qui-pleure\/","title":{"rendered":"ET NE SE BATTRE SEULEMENT QU&rsquo;AVEC LES FEUX DE LA TENDRESSE"},"content":{"rendered":"<p>Perlimpinpin &#8230;?<\/p>\n<p><em>Car un enfant qui pleure,<br \/>\nQu\u2019il soit de n\u2019importe o\u00f9,<br \/>\nEst un enfant qui pleure,<br \/>\nCar un enfant qui meurt<br \/>\nAu bout de vos fusils<br \/>\nEst un enfant qui meurt.<\/em><\/p>\n<p><span style=\"font-family: verdana, Arial, sans-serif; font-size: 12px;\">J&rsquo;ai assist\u00e9 \u00e0 ce concert, non pas au Chatelet, mais \u00e0 l&rsquo;Op\u00e9ra de Marseille en 1988 &#8230; Terrible.<\/span><\/p>\n<p style=\"font-family: verdana, Arial, sans-serif; font-size: 0.9em;\"><em>Que c&rsquo;est abominable d&rsquo;avoir \u00e0 choisir entre deux innocences &#8230;<\/em><\/p>\n<p style=\"font-family: verdana, Arial, sans-serif; font-size: 0.9em;\"><em>Que c&rsquo;est abominable d&rsquo;avoir pour ennemis les rires de l&rsquo;enfance<\/em><\/p>\n<p style=\"font-family: verdana, Arial, sans-serif; font-size: 0.9em;\"><em>\u00a0<\/em><\/p>\n<div class=\"entry-content-asset videofit\"><iframe loading=\"lazy\" title=\"Perlimpinpin 1987-Barbara- Subtitulada\" width=\"500\" height=\"375\" src=\"https:\/\/www.youtube.com\/embed\/MORAn5Ascg8?feature=oembed\" frameborder=\"0\" allow=\"accelerometer; autoplay; clipboard-write; encrypted-media; gyroscope; picture-in-picture; web-share\" referrerpolicy=\"strict-origin-when-cross-origin\" allowfullscreen><\/iframe><\/div>\n<p><span style=\"color: #ffffff;\">&#8212;&#8212;&#8212;&#8212;&#8211;<\/span><\/p>\n<p>Pour qui, comment quand et pourquoi ?<br style=\"font-family: verdana, sans-serif; color: #008800;\" \/>Contre qui ? Comment ? Contre quoi ?<br style=\"font-family: verdana, sans-serif; color: #008800;\" \/>C&rsquo;en est assez de vos violences.<br style=\"font-family: verdana, sans-serif; color: #008800;\" \/>D&rsquo;o\u00f9 venez-vous ?<br style=\"font-family: verdana, sans-serif; color: #008800;\" \/>O\u00f9 allez-vous ?<br style=\"font-family: verdana, sans-serif; color: #008800;\" \/>Qui \u00eates-vous ?<br style=\"font-family: verdana, sans-serif; color: #008800;\" \/>Qui priez-vous ?<br style=\"font-family: verdana, sans-serif; color: #008800;\" \/>Je vous prie de faire silence.<br style=\"font-family: verdana, sans-serif; color: #008800;\" \/>Pour qui, comment, quand et pourquoi ?<br style=\"font-family: verdana, sans-serif; color: #008800;\" \/>S&rsquo;il faut absolument qu&rsquo;on soit<br style=\"font-family: verdana, sans-serif; color: #008800;\" \/>Contre quelqu&rsquo;un ou quelque chose,<br style=\"font-family: verdana, sans-serif; color: #008800;\" \/>Je suis pour le soleil couchant<br style=\"font-family: verdana, sans-serif; color: #008800;\" \/>En haut des collines d\u00e9sertes.<br style=\"font-family: verdana, sans-serif; color: #008800;\" \/>Je suis pour les for\u00eats profondes,<br style=\"font-family: verdana, sans-serif; color: #008800;\" \/>Car un enfant qui pleure,<br style=\"font-family: verdana, sans-serif; color: #008800;\" \/>Qu&rsquo;il soit de n&rsquo;importe o\u00f9,<br style=\"font-family: verdana, sans-serif; color: #008800;\" \/>Est un enfant qui pleure,<br style=\"font-family: verdana, sans-serif; color: #008800;\" \/>Car un enfant qui meurt<br style=\"font-family: verdana, sans-serif; color: #008800;\" \/>Au bout de vos fusils<br style=\"font-family: verdana, sans-serif; color: #008800;\" \/>Est un enfant qui meurt.<br style=\"font-family: verdana, sans-serif; color: #008800;\" \/>Que c&rsquo;est abominable d&rsquo;avoir \u00e0 choisir<br style=\"font-family: verdana, sans-serif; color: #008800;\" \/>Entre deux innocences !<br style=\"font-family: verdana, sans-serif; color: #008800;\" \/>Que c&rsquo;est abominable d&rsquo;avoir pour ennemis<br style=\"font-family: verdana, sans-serif; color: #008800;\" \/>Les rires de l&rsquo;enfance !<br style=\"font-family: verdana, sans-serif; color: #008800;\" \/>Pour qui, comment, quand et combien ?<br style=\"font-family: verdana, sans-serif; color: #008800;\" \/>Contre qui ? Comment et combien ?<br style=\"font-family: verdana, sans-serif; color: #008800;\" \/>\u00c0 en perdre le go\u00fbt de vivre,<br style=\"font-family: verdana, sans-serif; color: #008800;\" \/>Le go\u00fbt de l&rsquo;eau, le go\u00fbt du pain<br style=\"font-family: verdana, sans-serif; color: #008800;\" \/>Et celui du Perlimpinpin<br style=\"font-family: verdana, sans-serif; color: #008800;\" \/>Dans le square des Batignolles !<br style=\"font-family: verdana, sans-serif; color: #008800;\" \/>Mais pour rien, mais pour presque rien,<br style=\"font-family: verdana, sans-serif; color: #008800;\" \/>Pour \u00eatre avec vous et c&rsquo;est bien !<br style=\"font-family: verdana, sans-serif; color: #008800;\" \/>Et pour une rose entr&rsquo;ouverte,<br style=\"font-family: verdana, sans-serif; color: #008800;\" \/>Et pour une respiration,<br style=\"font-family: verdana, sans-serif; color: #008800;\" \/>Et pour un souffle d&rsquo;abandon,<br style=\"font-family: verdana, sans-serif; color: #008800;\" \/>Et pour ce jardin qui frissonne !<br style=\"font-family: verdana, sans-serif; color: #008800;\" \/>Rien avoir, mais passionn\u00e9ment,<br style=\"font-family: verdana, sans-serif; color: #008800;\" \/>Ne rien se dire \u00e9perdument,<br style=\"font-family: verdana, sans-serif; color: #008800;\" \/>Mais tout donner avec ivresse<br style=\"font-family: verdana, sans-serif; color: #008800;\" \/>Et riche de d\u00e9possession,<br style=\"font-family: verdana, sans-serif; color: #008800;\" \/>N&rsquo;avoir que sa v\u00e9rit\u00e9,<br style=\"font-family: verdana, sans-serif; color: #008800;\" \/>Poss\u00e9der toutes les richesses,<br style=\"font-family: verdana, sans-serif; color: #008800;\" \/>Ne pas parler de po\u00e9sie,<br style=\"font-family: verdana, sans-serif; color: #008800;\" \/>Ne pas parler de po\u00e9sie<br style=\"font-family: verdana, sans-serif; color: #008800;\" \/>En \u00e9crasant les fleurs sauvages<br style=\"font-family: verdana, sans-serif; color: #008800;\" \/>Et faire jouer la transparence<br style=\"font-family: verdana, sans-serif; color: #008800;\" \/>Au fond d&rsquo;une cour au murs gris<br style=\"font-family: verdana, sans-serif; color: #008800;\" \/>O\u00f9 l&rsquo;aube n&rsquo;a jamais sa chance.<br style=\"font-family: verdana, sans-serif; color: #008800;\" \/>Contre qui, comment, contre quoi ?<br style=\"font-family: verdana, sans-serif; color: #008800;\" \/>Pour qui, comment, quand et pourquoi ?<br style=\"font-family: verdana, sans-serif; color: #008800;\" \/>Pour retrouver le go\u00fbt de vivre,<br style=\"font-family: verdana, sans-serif; color: #008800;\" \/>Le go\u00fbt de l&rsquo;eau, le go\u00fbt du pain<br style=\"font-family: verdana, sans-serif; color: #008800;\" \/>Et celui du Perlimpinpin<br style=\"font-family: verdana, sans-serif; color: #008800;\" \/>Dans le square des Batignolles.<br style=\"font-family: verdana, sans-serif; color: #008800;\" \/>Contre personne et contre rien,<br style=\"font-family: verdana, sans-serif; color: #008800;\" \/>Contre personne et contre rien,<br style=\"font-family: verdana, sans-serif; color: #008800;\" \/>Mais pour toutes les fleurs ouvertes,<br style=\"font-family: verdana, sans-serif; color: #008800;\" \/>Mais pour une respiration,<br style=\"font-family: verdana, sans-serif; color: #008800;\" \/>Mais pour un souffle d&rsquo;abandon<br style=\"font-family: verdana, sans-serif; color: #008800;\" \/>Et pour ce jardin qui frissonne !<br style=\"font-family: verdana, sans-serif; color: #008800;\" \/>Et vivre passionn\u00e9ment,<br style=\"font-family: verdana, sans-serif; color: #008800;\" \/>Et ne se battre seulement<br style=\"font-family: verdana, sans-serif; color: #008800;\" \/>Qu&rsquo;avec les feux de la tendresse<br style=\"font-family: verdana, sans-serif; color: #008800;\" \/>Et, riche de d\u00e9possession,<br style=\"font-family: verdana, sans-serif; color: #008800;\" \/>N&rsquo;avoir que sa v\u00e9rit\u00e9,<br style=\"font-family: verdana, sans-serif; color: #008800;\" \/>Poss\u00e9der toutes les richesses,<br style=\"font-family: verdana, sans-serif; color: #008800;\" \/>Ne plus parler de po\u00e9sie,<br style=\"font-family: verdana, sans-serif; color: #008800;\" \/>Ne plus parler de po\u00e9sie<br style=\"font-family: verdana, sans-serif; color: #008800;\" \/>Mais laisser vivre les fleurs sauvages<br style=\"font-family: verdana, sans-serif; color: #008800;\" \/>Et faire jouer la transparence<br style=\"font-family: verdana, sans-serif; color: #008800;\" \/>Au fond d&rsquo;une cour aux murs gris<br style=\"font-family: verdana, sans-serif; color: #008800;\" \/>O\u00f9 l&rsquo;aube aurait enfin sa chance,<br style=\"font-family: verdana, sans-serif; color: #008800;\" \/>Vivre,<br style=\"font-family: verdana, sans-serif; color: #008800;\" \/>Vivre<br style=\"font-family: verdana, sans-serif; color: #008800;\" \/>Avec tendresse,<br style=\"font-family: verdana, sans-serif; color: #008800;\" \/>Vivre<br style=\"font-family: verdana, sans-serif; color: #008800;\" \/>Et donner<br style=\"font-family: verdana, sans-serif; color: #008800;\" \/>Avec ivresse !<\/p>\n<div>\n<p><span style=\"font-family: 'Trebuchet MS', Verdana, Arial, sans-serif; color: #666666; font-size: medium;\"><span style=\"line-height: 18px;\"><span style=\"color: #ffffff;\">&#8212;&#8212;&#8212;&#8212;&#8211;<\/span><\/span><\/span><\/p>\n<div><span style=\"color: #ffffff;\">\u00a0<\/span><\/div>\n<p>&nbsp;<\/p>\n<\/div>\n","protected":false},"excerpt":{"rendered":"<p>Perlimpinpin &#8230;? Car un enfant qui pleure, Qu\u2019il soit de n\u2019importe o\u00f9, Est un enfant qui pleure, Car un enfant qui meurt Au bout de vos fusils Est un enfant qui meurt. J&rsquo;ai assist\u00e9 \u00e0 ce concert, non pas au &hellip; <a href=\"https:\/\/www.frederic-poitou.com\/blog\/un-enfant-qui-pleure\/\">Lire la suite\u00ad\u00ad<\/a><\/p>\n","protected":false},"author":4,"featured_media":9578,"comment_status":"open","ping_status":"open","sticky":false,"template":"","format":"standard","meta":{"kt_blocks_editor_width":"","_exactmetrics_skip_tracking":false,"_exactmetrics_sitenote_active":false,"_exactmetrics_sitenote_note":"","_exactmetrics_sitenote_category":0,"footnotes":""},"categories":[44,1,54],"tags":[27,21,23,16,24],"class_list":["post-2789","post","type-post","status-publish","format-standard","has-post-thumbnail","hentry","category-culture","category-politique-economie","category-societe","tag-actualite","tag-arts-et-culture","tag-belgique-2","tag-divers","tag-politique"],"yoast_head":"<!-- This site is optimized with the Yoast SEO plugin v27.1.1 - https:\/\/yoast.com\/product\/yoast-seo-wordpress\/ -->\n<title>ET NE SE BATTRE SEULEMENT QU&#039;AVEC LES FEUX DE LA TENDRESSE -<\/title>\n<meta name=\"robots\" content=\"index, follow, max-snippet:-1, max-image-preview:large, max-video-preview:-1\" \/>\n<link rel=\"canonical\" href=\"https:\/\/www.frederic-poitou.com\/blog\/un-enfant-qui-pleure\/\" \/>\n<meta property=\"og:locale\" content=\"fr_FR\" \/>\n<meta property=\"og:type\" content=\"article\" \/>\n<meta property=\"og:title\" content=\"ET NE SE BATTRE SEULEMENT QU&#039;AVEC LES FEUX DE LA TENDRESSE -\" \/>\n<meta property=\"og:description\" content=\"Perlimpinpin &#8230;? Car un enfant qui pleure, Qu\u2019il soit de n\u2019importe o\u00f9, Est un enfant qui pleure, Car un enfant qui meurt Au bout de vos fusils Est un enfant qui meurt. J&rsquo;ai assist\u00e9 \u00e0 ce concert, non pas au &hellip; Lire la suite\u00ad\u00ad\" \/>\n<meta property=\"og:url\" content=\"https:\/\/www.frederic-poitou.com\/blog\/un-enfant-qui-pleure\/\" \/>\n<meta property=\"article:publisher\" content=\"https:\/\/www.facebook.com\/frederic.poitou\/\" \/>\n<meta property=\"article:published_time\" content=\"2023-07-14T22:21:32+00:00\" \/>\n<meta property=\"article:modified_time\" content=\"2026-04-23T19:22:57+00:00\" \/>\n<meta property=\"og:image\" content=\"https:\/\/www.frederic-poitou.com\/blog\/wp-content\/2020\/01\/enfant-triste.jpg\" \/>\n\t<meta property=\"og:image:width\" content=\"640\" \/>\n\t<meta property=\"og:image:height\" content=\"480\" \/>\n\t<meta property=\"og:image:type\" content=\"image\/jpeg\" \/>\n<meta name=\"author\" content=\"Fr\u00e9d\u00e9ric Poitou\" \/>\n<meta name=\"twitter:card\" content=\"summary_large_image\" \/>\n<meta name=\"twitter:creator\" content=\"@fredericpoitou\" \/>\n<meta name=\"twitter:site\" content=\"@fredericpoitou\" \/>\n<meta name=\"twitter:label1\" content=\"\u00c9crit par\" \/>\n\t<meta name=\"twitter:data1\" content=\"Fr\u00e9d\u00e9ric Poitou\" \/>\n\t<meta name=\"twitter:label2\" content=\"Dur\u00e9e de lecture estim\u00e9e\" \/>\n\t<meta name=\"twitter:data2\" content=\"2 minutes\" \/>\n<script type=\"application\/ld+json\" class=\"yoast-schema-graph\">{\"@context\":\"https:\/\/schema.org\",\"@graph\":[{\"@type\":\"Article\",\"@id\":\"https:\/\/www.frederic-poitou.com\/blog\/un-enfant-qui-pleure\/#article\",\"isPartOf\":{\"@id\":\"https:\/\/www.frederic-poitou.com\/blog\/un-enfant-qui-pleure\/\"},\"author\":{\"name\":\"Fr\u00e9d\u00e9ric Poitou\",\"@id\":\"http:\/\/www.frederic-poitou.com\/blog\/#\/schema\/person\/e2c2d05e978747818533fdce859a7799\"},\"headline\":\"ET NE SE BATTRE SEULEMENT QU&rsquo;AVEC LES FEUX DE LA TENDRESSE\",\"datePublished\":\"2023-07-14T22:21:32+00:00\",\"dateModified\":\"2026-04-23T19:22:57+00:00\",\"mainEntityOfPage\":{\"@id\":\"https:\/\/www.frederic-poitou.com\/blog\/un-enfant-qui-pleure\/\"},\"wordCount\":487,\"commentCount\":0,\"image\":{\"@id\":\"https:\/\/www.frederic-poitou.com\/blog\/un-enfant-qui-pleure\/#primaryimage\"},\"thumbnailUrl\":\"https:\/\/www.frederic-poitou.com\/blog\/wp-content\/2020\/01\/enfant-triste.jpg\",\"keywords\":[\"Actualit\u00e9\",\"Arts et Culture\",\"Belgique\",\"DIVERS\",\"Politique\"],\"articleSection\":[\"Culture\",\"Divers\",\"Soci\u00e9t\u00e9\"],\"inLanguage\":\"fr-FR\",\"potentialAction\":[{\"@type\":\"CommentAction\",\"name\":\"Comment\",\"target\":[\"https:\/\/www.frederic-poitou.com\/blog\/un-enfant-qui-pleure\/#respond\"]}]},{\"@type\":\"WebPage\",\"@id\":\"https:\/\/www.frederic-poitou.com\/blog\/un-enfant-qui-pleure\/\",\"url\":\"https:\/\/www.frederic-poitou.com\/blog\/un-enfant-qui-pleure\/\",\"name\":\"ET NE SE BATTRE SEULEMENT QU'AVEC LES FEUX DE LA TENDRESSE -\",\"isPartOf\":{\"@id\":\"http:\/\/www.frederic-poitou.com\/blog\/#website\"},\"primaryImageOfPage\":{\"@id\":\"https:\/\/www.frederic-poitou.com\/blog\/un-enfant-qui-pleure\/#primaryimage\"},\"image\":{\"@id\":\"https:\/\/www.frederic-poitou.com\/blog\/un-enfant-qui-pleure\/#primaryimage\"},\"thumbnailUrl\":\"https:\/\/www.frederic-poitou.com\/blog\/wp-content\/2020\/01\/enfant-triste.jpg\",\"datePublished\":\"2023-07-14T22:21:32+00:00\",\"dateModified\":\"2026-04-23T19:22:57+00:00\",\"author\":{\"@id\":\"http:\/\/www.frederic-poitou.com\/blog\/#\/schema\/person\/e2c2d05e978747818533fdce859a7799\"},\"breadcrumb\":{\"@id\":\"https:\/\/www.frederic-poitou.com\/blog\/un-enfant-qui-pleure\/#breadcrumb\"},\"inLanguage\":\"fr-FR\",\"potentialAction\":[{\"@type\":\"ReadAction\",\"target\":[\"https:\/\/www.frederic-poitou.com\/blog\/un-enfant-qui-pleure\/\"]}]},{\"@type\":\"ImageObject\",\"inLanguage\":\"fr-FR\",\"@id\":\"https:\/\/www.frederic-poitou.com\/blog\/un-enfant-qui-pleure\/#primaryimage\",\"url\":\"https:\/\/www.frederic-poitou.com\/blog\/wp-content\/2020\/01\/enfant-triste.jpg\",\"contentUrl\":\"https:\/\/www.frederic-poitou.com\/blog\/wp-content\/2020\/01\/enfant-triste.jpg\",\"width\":640,\"height\":480},{\"@type\":\"BreadcrumbList\",\"@id\":\"https:\/\/www.frederic-poitou.com\/blog\/un-enfant-qui-pleure\/#breadcrumb\",\"itemListElement\":[{\"@type\":\"ListItem\",\"position\":1,\"name\":\"Accueil\",\"item\":\"http:\/\/www.frederic-poitou.com\/blog\/\"},{\"@type\":\"ListItem\",\"position\":2,\"name\":\"ET NE SE BATTRE SEULEMENT QU&rsquo;AVEC LES FEUX DE LA TENDRESSE\"}]},{\"@type\":\"WebSite\",\"@id\":\"http:\/\/www.frederic-poitou.com\/blog\/#website\",\"url\":\"http:\/\/www.frederic-poitou.com\/blog\/\",\"name\":\"\",\"description\":\"\",\"potentialAction\":[{\"@type\":\"SearchAction\",\"target\":{\"@type\":\"EntryPoint\",\"urlTemplate\":\"http:\/\/www.frederic-poitou.com\/blog\/?s={search_term_string}\"},\"query-input\":{\"@type\":\"PropertyValueSpecification\",\"valueRequired\":true,\"valueName\":\"search_term_string\"}}],\"inLanguage\":\"fr-FR\"},{\"@type\":\"Person\",\"@id\":\"http:\/\/www.frederic-poitou.com\/blog\/#\/schema\/person\/e2c2d05e978747818533fdce859a7799\",\"name\":\"Fr\u00e9d\u00e9ric Poitou\",\"image\":{\"@type\":\"ImageObject\",\"inLanguage\":\"fr-FR\",\"@id\":\"http:\/\/www.frederic-poitou.com\/blog\/#\/schema\/person\/image\/\",\"url\":\"https:\/\/secure.gravatar.com\/avatar\/1933bcca279a2feafd35d9e0a080c521e11beb51115fe4cfe02e2586ac13424a?s=96&d=mm&r=g\",\"contentUrl\":\"https:\/\/secure.gravatar.com\/avatar\/1933bcca279a2feafd35d9e0a080c521e11beb51115fe4cfe02e2586ac13424a?s=96&d=mm&r=g\",\"caption\":\"Fr\u00e9d\u00e9ric Poitou\"},\"description\":\"Fr\u00e9d\u00e9ric Poitou est n\u00e9 \u00e0 Rouen, et y a fait des \u00e9tudes au Conservatoire en musique-\u00e9tudes en section piano. Il s'est ensuite orient\u00e9 vers des \u00e9tudes scientifiques o\u00f9 il a obtenu un dipl\u00f4me d'ing\u00e9nieur, puis un doctorat en Chimie. Il est Expert Judiciaire en France, en Belgique et \u00e0 Luxembourg, et agr\u00e9e par les Institutions Europ\u00e9ennes.\",\"sameAs\":[\"http:\/\/www.frederic-poitou.com\",\"https:\/\/www.linkedin.com\/in\/frederic-poitou-b045a025\/\"]}]}<\/script>\n<!-- \/ Yoast SEO plugin. -->","yoast_head_json":{"title":"ET NE SE BATTRE SEULEMENT QU'AVEC LES FEUX DE LA TENDRESSE -","robots":{"index":"index","follow":"follow","max-snippet":"max-snippet:-1","max-image-preview":"max-image-preview:large","max-video-preview":"max-video-preview:-1"},"canonical":"https:\/\/www.frederic-poitou.com\/blog\/un-enfant-qui-pleure\/","og_locale":"fr_FR","og_type":"article","og_title":"ET NE SE BATTRE SEULEMENT QU'AVEC LES FEUX DE LA TENDRESSE -","og_description":"Perlimpinpin &#8230;? Car un enfant qui pleure, Qu\u2019il soit de n\u2019importe o\u00f9, Est un enfant qui pleure, Car un enfant qui meurt Au bout de vos fusils Est un enfant qui meurt. J&rsquo;ai assist\u00e9 \u00e0 ce concert, non pas au &hellip; Lire la suite\u00ad\u00ad","og_url":"https:\/\/www.frederic-poitou.com\/blog\/un-enfant-qui-pleure\/","article_publisher":"https:\/\/www.facebook.com\/frederic.poitou\/","article_published_time":"2023-07-14T22:21:32+00:00","article_modified_time":"2026-04-23T19:22:57+00:00","og_image":[{"width":640,"height":480,"url":"https:\/\/www.frederic-poitou.com\/blog\/wp-content\/2020\/01\/enfant-triste.jpg","type":"image\/jpeg"}],"author":"Fr\u00e9d\u00e9ric Poitou","twitter_card":"summary_large_image","twitter_creator":"@fredericpoitou","twitter_site":"@fredericpoitou","twitter_misc":{"\u00c9crit par":"Fr\u00e9d\u00e9ric Poitou","Dur\u00e9e de lecture estim\u00e9e":"2 minutes"},"schema":{"@context":"https:\/\/schema.org","@graph":[{"@type":"Article","@id":"https:\/\/www.frederic-poitou.com\/blog\/un-enfant-qui-pleure\/#article","isPartOf":{"@id":"https:\/\/www.frederic-poitou.com\/blog\/un-enfant-qui-pleure\/"},"author":{"name":"Fr\u00e9d\u00e9ric Poitou","@id":"http:\/\/www.frederic-poitou.com\/blog\/#\/schema\/person\/e2c2d05e978747818533fdce859a7799"},"headline":"ET NE SE BATTRE SEULEMENT QU&rsquo;AVEC LES FEUX DE LA TENDRESSE","datePublished":"2023-07-14T22:21:32+00:00","dateModified":"2026-04-23T19:22:57+00:00","mainEntityOfPage":{"@id":"https:\/\/www.frederic-poitou.com\/blog\/un-enfant-qui-pleure\/"},"wordCount":487,"commentCount":0,"image":{"@id":"https:\/\/www.frederic-poitou.com\/blog\/un-enfant-qui-pleure\/#primaryimage"},"thumbnailUrl":"https:\/\/www.frederic-poitou.com\/blog\/wp-content\/2020\/01\/enfant-triste.jpg","keywords":["Actualit\u00e9","Arts et Culture","Belgique","DIVERS","Politique"],"articleSection":["Culture","Divers","Soci\u00e9t\u00e9"],"inLanguage":"fr-FR","potentialAction":[{"@type":"CommentAction","name":"Comment","target":["https:\/\/www.frederic-poitou.com\/blog\/un-enfant-qui-pleure\/#respond"]}]},{"@type":"WebPage","@id":"https:\/\/www.frederic-poitou.com\/blog\/un-enfant-qui-pleure\/","url":"https:\/\/www.frederic-poitou.com\/blog\/un-enfant-qui-pleure\/","name":"ET NE SE BATTRE SEULEMENT QU'AVEC LES FEUX DE LA TENDRESSE -","isPartOf":{"@id":"http:\/\/www.frederic-poitou.com\/blog\/#website"},"primaryImageOfPage":{"@id":"https:\/\/www.frederic-poitou.com\/blog\/un-enfant-qui-pleure\/#primaryimage"},"image":{"@id":"https:\/\/www.frederic-poitou.com\/blog\/un-enfant-qui-pleure\/#primaryimage"},"thumbnailUrl":"https:\/\/www.frederic-poitou.com\/blog\/wp-content\/2020\/01\/enfant-triste.jpg","datePublished":"2023-07-14T22:21:32+00:00","dateModified":"2026-04-23T19:22:57+00:00","author":{"@id":"http:\/\/www.frederic-poitou.com\/blog\/#\/schema\/person\/e2c2d05e978747818533fdce859a7799"},"breadcrumb":{"@id":"https:\/\/www.frederic-poitou.com\/blog\/un-enfant-qui-pleure\/#breadcrumb"},"inLanguage":"fr-FR","potentialAction":[{"@type":"ReadAction","target":["https:\/\/www.frederic-poitou.com\/blog\/un-enfant-qui-pleure\/"]}]},{"@type":"ImageObject","inLanguage":"fr-FR","@id":"https:\/\/www.frederic-poitou.com\/blog\/un-enfant-qui-pleure\/#primaryimage","url":"https:\/\/www.frederic-poitou.com\/blog\/wp-content\/2020\/01\/enfant-triste.jpg","contentUrl":"https:\/\/www.frederic-poitou.com\/blog\/wp-content\/2020\/01\/enfant-triste.jpg","width":640,"height":480},{"@type":"BreadcrumbList","@id":"https:\/\/www.frederic-poitou.com\/blog\/un-enfant-qui-pleure\/#breadcrumb","itemListElement":[{"@type":"ListItem","position":1,"name":"Accueil","item":"http:\/\/www.frederic-poitou.com\/blog\/"},{"@type":"ListItem","position":2,"name":"ET NE SE BATTRE SEULEMENT QU&rsquo;AVEC LES FEUX DE LA TENDRESSE"}]},{"@type":"WebSite","@id":"http:\/\/www.frederic-poitou.com\/blog\/#website","url":"http:\/\/www.frederic-poitou.com\/blog\/","name":"","description":"","potentialAction":[{"@type":"SearchAction","target":{"@type":"EntryPoint","urlTemplate":"http:\/\/www.frederic-poitou.com\/blog\/?s={search_term_string}"},"query-input":{"@type":"PropertyValueSpecification","valueRequired":true,"valueName":"search_term_string"}}],"inLanguage":"fr-FR"},{"@type":"Person","@id":"http:\/\/www.frederic-poitou.com\/blog\/#\/schema\/person\/e2c2d05e978747818533fdce859a7799","name":"Fr\u00e9d\u00e9ric Poitou","image":{"@type":"ImageObject","inLanguage":"fr-FR","@id":"http:\/\/www.frederic-poitou.com\/blog\/#\/schema\/person\/image\/","url":"https:\/\/secure.gravatar.com\/avatar\/1933bcca279a2feafd35d9e0a080c521e11beb51115fe4cfe02e2586ac13424a?s=96&d=mm&r=g","contentUrl":"https:\/\/secure.gravatar.com\/avatar\/1933bcca279a2feafd35d9e0a080c521e11beb51115fe4cfe02e2586ac13424a?s=96&d=mm&r=g","caption":"Fr\u00e9d\u00e9ric Poitou"},"description":"Fr\u00e9d\u00e9ric Poitou est n\u00e9 \u00e0 Rouen, et y a fait des \u00e9tudes au Conservatoire en musique-\u00e9tudes en section piano. Il s'est ensuite orient\u00e9 vers des \u00e9tudes scientifiques o\u00f9 il a obtenu un dipl\u00f4me d'ing\u00e9nieur, puis un doctorat en Chimie. Il est Expert Judiciaire en France, en Belgique et \u00e0 Luxembourg, et agr\u00e9e par les Institutions Europ\u00e9ennes.","sameAs":["http:\/\/www.frederic-poitou.com","https:\/\/www.linkedin.com\/in\/frederic-poitou-b045a025\/"]}]}},"_links":{"self":[{"href":"https:\/\/www.frederic-poitou.com\/blog\/wp-json\/wp\/v2\/posts\/2789","targetHints":{"allow":["GET"]}}],"collection":[{"href":"https:\/\/www.frederic-poitou.com\/blog\/wp-json\/wp\/v2\/posts"}],"about":[{"href":"https:\/\/www.frederic-poitou.com\/blog\/wp-json\/wp\/v2\/types\/post"}],"author":[{"embeddable":true,"href":"https:\/\/www.frederic-poitou.com\/blog\/wp-json\/wp\/v2\/users\/4"}],"replies":[{"embeddable":true,"href":"https:\/\/www.frederic-poitou.com\/blog\/wp-json\/wp\/v2\/comments?post=2789"}],"version-history":[{"count":4,"href":"https:\/\/www.frederic-poitou.com\/blog\/wp-json\/wp\/v2\/posts\/2789\/revisions"}],"predecessor-version":[{"id":9582,"href":"https:\/\/www.frederic-poitou.com\/blog\/wp-json\/wp\/v2\/posts\/2789\/revisions\/9582"}],"wp:featuredmedia":[{"embeddable":true,"href":"https:\/\/www.frederic-poitou.com\/blog\/wp-json\/wp\/v2\/media\/9578"}],"wp:attachment":[{"href":"https:\/\/www.frederic-poitou.com\/blog\/wp-json\/wp\/v2\/media?parent=2789"}],"wp:term":[{"taxonomy":"category","embeddable":true,"href":"https:\/\/www.frederic-poitou.com\/blog\/wp-json\/wp\/v2\/categories?post=2789"},{"taxonomy":"post_tag","embeddable":true,"href":"https:\/\/www.frederic-poitou.com\/blog\/wp-json\/wp\/v2\/tags?post=2789"}],"curies":[{"name":"wp","href":"https:\/\/api.w.org\/{rel}","templated":true}]}}