{"id":10231,"date":"2023-07-14T16:57:32","date_gmt":"2023-07-14T14:57:32","guid":{"rendered":"http:\/\/www.frederic-poitou.com\/blog\/?p=10231"},"modified":"2026-04-21T17:22:11","modified_gmt":"2026-04-21T15:22:11","slug":"10231-2","status":"publish","type":"post","link":"https:\/\/www.frederic-poitou.com\/blog\/10231-2\/","title":{"rendered":"J\u00c9R\u00d4ME CALLAIS &#8211; BOUQUINISTE \u00c0 PARIS"},"content":{"rendered":"<p>&nbsp;<\/p>\n<div class=\"text\" data-controller=\"text\">\n<div data-target=\"text.textContainer\">A l\u2019origine des bouquinistes, il y a le mot bouquin, forme famili\u00e8re de livre. Imprim\u00e9 pour la premi\u00e8re fois en 1459, il est nomm\u00e9 alors \u00ab\u00a0boucquain\u00a0\u00bb et devient \u00ab\u00a0bouquin\u00a0\u00bb vers la fin du XVI<sup>e<\/sup>. Il est issu du mot flamand \u00ab\u00a0boeckin\u00a0\u00bb signifiant petit livre (au sens de livre de peu de valeur ou peu estim\u00e9), d\u00e9riv\u00e9 lui-m\u00eame du moyen n\u00e9erlandais m\u00e9di\u00e9val \u00ab\u00a0boek\u00a0\u00bb\u00a0: livre.<\/div>\n<\/div>\n<div class=\"text\" data-controller=\"text\">\n<div data-target=\"text.textContainer\">La premi\u00e8re apparition du terme \u00ab\u00a0bouquiniste\u00a0\u00bb est relev\u00e9e dans le Dictionnaire de Tr\u00e9voux en 1752, avec cette d\u00e9finition\u00a0: \u00ab\u00a0Qui se dit des vendeurs de vieux livres, de bouquins.\u00a0\u00bb L&rsquo;exercice de la profession est alors majoritairement masculin. Mais le terme \u00ab\u00a0bouquiniste\u00a0\u00bb appara\u00eet sous les deux genres dans la 8<sup>e <\/sup>\u00e9dition du dictionnaire de l&rsquo;Acad\u00e9mie fran\u00e7aise, en 1932.<\/div>\n<div data-target=\"text.textContainer\">\n<div class=\"text\" data-controller=\"text\">\n<div data-target=\"text.textContainer\"><\/div>\n<div data-target=\"text.textContainer\">Le bouquiniste est bien plus qu&rsquo;un \u00ab\u00a0ouvre-boite\u00a0\u00bb, appellation qui d\u00e9signe les salari\u00e9s des bouquinistes qui ne sont pas vraiment du m\u00e9tier. N\u00e9anmoins, la bo\u00eete, si caract\u00e9ristique de la profession, est au c\u0153ur du m\u00e9tier et a \u00e9volu\u00e9 au fil du temps. Les bo\u00eetes actuelles sont officialis\u00e9es en 1891, lorsqu\u2019un arr\u00eat\u00e9 municipal autorise les bouquinistes \u00e0 laisser leur marchandise la nuit sur le lieu de vente qui leur est conc\u00e9d\u00e9. Jusque-l\u00e0, les livres \u00e9taient propos\u00e9s dans de petites caisses en bois manipulables facilement. (d&rsquo;apr\u00e8s le site internet de la ville de Paris).<\/div>\n<div data-target=\"text.textContainer\"><\/div>\n<div data-target=\"text.textContainer\"><\/div>\n<\/div>\n<div data-target=\"text.textContainer\">Notre ami J\u00e9r\u00f4me Callais, ancien \u00e9l\u00e8ve du <strong><span style=\"color: #000080;\">C<a style=\"color: #000080;\" href=\"https:\/\/www.facebook.com\/groups\/126883140698392\" target=\"_blank\" rel=\"noopener\">onservatoire de musique de Rouen<\/a><\/span><\/strong> est le pr\u00e9sident de l\u2019association culturelle qui d\u00e9fend ce patrimoine historique, culturel, et touristique sans lequel les quais de Seine seraient bien vides !<\/div>\n<\/div>\n<\/div>\n<div data-target=\"text.textContainer\"><\/div>\n<div data-target=\"text.textContainer\"><\/div>\n<div class=\"text\" data-controller=\"text\">\n<div data-target=\"text.textContainer\">\n<div class=\"image-img\"><\/div>\n<\/div>\n<\/div>\n<div data-target=\"text.textContainer\"><\/div>\n<div class=\"entry-content-asset videofit\"><iframe loading=\"lazy\" title=\"PARIS, BOUQUINS ET BOUQUINISTES, JEROME CALAIS\" width=\"500\" height=\"281\" src=\"https:\/\/www.youtube.com\/embed\/w0tQ04ucK1Q?feature=oembed\" frameborder=\"0\" allow=\"accelerometer; autoplay; clipboard-write; encrypted-media; gyroscope; picture-in-picture; web-share\" referrerpolicy=\"strict-origin-when-cross-origin\" allowfullscreen><\/iframe><\/div>\n","protected":false},"excerpt":{"rendered":"<p>&nbsp; A l\u2019origine des bouquinistes, il y a le mot bouquin, forme famili\u00e8re de livre. Imprim\u00e9 pour la premi\u00e8re fois en 1459, il est nomm\u00e9 alors \u00ab\u00a0boucquain\u00a0\u00bb et devient \u00ab\u00a0bouquin\u00a0\u00bb vers la fin du XVIe. Il est issu du mot &hellip; <a href=\"https:\/\/www.frederic-poitou.com\/blog\/10231-2\/\">Lire la suite\u00ad\u00ad<\/a><\/p>\n","protected":false},"author":4,"featured_media":10216,"comment_status":"closed","ping_status":"open","sticky":false,"template":"","format":"standard","meta":{"kt_blocks_editor_width":"","_exactmetrics_skip_tracking":false,"_exactmetrics_sitenote_active":false,"_exactmetrics_sitenote_note":"","_exactmetrics_sitenote_category":0,"footnotes":""},"categories":[48],"tags":[],"class_list":["post-10231","post","type-post","status-publish","format-standard","has-post-thumbnail","hentry","category-accueil"],"yoast_head":"<!-- This site is optimized with the Yoast SEO plugin v27.1.1 - https:\/\/yoast.com\/product\/yoast-seo-wordpress\/ -->\n<title>J\u00c9R\u00d4ME CALLAIS - BOUQUINISTE \u00c0 PARIS -<\/title>\n<meta name=\"robots\" content=\"index, follow, max-snippet:-1, max-image-preview:large, max-video-preview:-1\" \/>\n<link rel=\"canonical\" href=\"http:\/\/www.frederic-poitou.com\/blog\/10231-2\/\" \/>\n<meta property=\"og:locale\" content=\"fr_FR\" \/>\n<meta property=\"og:type\" content=\"article\" \/>\n<meta property=\"og:title\" content=\"J\u00c9R\u00d4ME CALLAIS - BOUQUINISTE \u00c0 PARIS -\" \/>\n<meta property=\"og:description\" content=\"&nbsp; A l\u2019origine des bouquinistes, il y a le mot bouquin, forme famili\u00e8re de livre. Imprim\u00e9 pour la premi\u00e8re fois en 1459, il est nomm\u00e9 alors \u00ab\u00a0boucquain\u00a0\u00bb et devient \u00ab\u00a0bouquin\u00a0\u00bb vers la fin du XVIe. Il est issu du mot &hellip; Lire la suite\u00ad\u00ad\" \/>\n<meta property=\"og:url\" content=\"http:\/\/www.frederic-poitou.com\/blog\/10231-2\/\" \/>\n<meta property=\"article:publisher\" content=\"https:\/\/www.facebook.com\/frederic.poitou\/\" \/>\n<meta property=\"article:published_time\" content=\"2023-07-14T14:57:32+00:00\" \/>\n<meta property=\"article:modified_time\" content=\"2026-04-21T15:22:11+00:00\" \/>\n<meta property=\"og:image\" content=\"http:\/\/www.frederic-poitou.com\/blog\/wp-content\/2022\/05\/bouquinistes-Paris.jpg\" \/>\n\t<meta property=\"og:image:width\" content=\"1280\" \/>\n\t<meta property=\"og:image:height\" content=\"960\" \/>\n\t<meta property=\"og:image:type\" content=\"image\/jpeg\" \/>\n<meta name=\"author\" content=\"Fr\u00e9d\u00e9ric Poitou\" \/>\n<meta name=\"twitter:card\" content=\"summary_large_image\" \/>\n<meta name=\"twitter:creator\" content=\"@fredericpoitou\" \/>\n<meta name=\"twitter:site\" content=\"@fredericpoitou\" \/>\n<meta name=\"twitter:label1\" content=\"\u00c9crit par\" \/>\n\t<meta name=\"twitter:data1\" content=\"Fr\u00e9d\u00e9ric Poitou\" \/>\n\t<meta name=\"twitter:label2\" content=\"Dur\u00e9e de lecture estim\u00e9e\" \/>\n\t<meta name=\"twitter:data2\" content=\"2 minutes\" \/>\n<script type=\"application\/ld+json\" class=\"yoast-schema-graph\">{\"@context\":\"https:\/\/schema.org\",\"@graph\":[{\"@type\":\"Article\",\"@id\":\"http:\/\/www.frederic-poitou.com\/blog\/10231-2\/#article\",\"isPartOf\":{\"@id\":\"http:\/\/www.frederic-poitou.com\/blog\/10231-2\/\"},\"author\":{\"name\":\"Fr\u00e9d\u00e9ric Poitou\",\"@id\":\"http:\/\/www.frederic-poitou.com\/blog\/#\/schema\/person\/e2c2d05e978747818533fdce859a7799\"},\"headline\":\"J\u00c9R\u00d4ME CALLAIS &#8211; BOUQUINISTE \u00c0 PARIS\",\"datePublished\":\"2023-07-14T14:57:32+00:00\",\"dateModified\":\"2026-04-21T15:22:11+00:00\",\"mainEntityOfPage\":{\"@id\":\"http:\/\/www.frederic-poitou.com\/blog\/10231-2\/\"},\"wordCount\":295,\"image\":{\"@id\":\"http:\/\/www.frederic-poitou.com\/blog\/10231-2\/#primaryimage\"},\"thumbnailUrl\":\"https:\/\/www.frederic-poitou.com\/blog\/wp-content\/2022\/05\/bouquinistes-Paris.jpg\",\"articleSection\":[\"Accueil\"],\"inLanguage\":\"fr-FR\"},{\"@type\":\"WebPage\",\"@id\":\"http:\/\/www.frederic-poitou.com\/blog\/10231-2\/\",\"url\":\"http:\/\/www.frederic-poitou.com\/blog\/10231-2\/\",\"name\":\"J\u00c9R\u00d4ME CALLAIS - BOUQUINISTE \u00c0 PARIS -\",\"isPartOf\":{\"@id\":\"http:\/\/www.frederic-poitou.com\/blog\/#website\"},\"primaryImageOfPage\":{\"@id\":\"http:\/\/www.frederic-poitou.com\/blog\/10231-2\/#primaryimage\"},\"image\":{\"@id\":\"http:\/\/www.frederic-poitou.com\/blog\/10231-2\/#primaryimage\"},\"thumbnailUrl\":\"https:\/\/www.frederic-poitou.com\/blog\/wp-content\/2022\/05\/bouquinistes-Paris.jpg\",\"datePublished\":\"2023-07-14T14:57:32+00:00\",\"dateModified\":\"2026-04-21T15:22:11+00:00\",\"author\":{\"@id\":\"http:\/\/www.frederic-poitou.com\/blog\/#\/schema\/person\/e2c2d05e978747818533fdce859a7799\"},\"breadcrumb\":{\"@id\":\"http:\/\/www.frederic-poitou.com\/blog\/10231-2\/#breadcrumb\"},\"inLanguage\":\"fr-FR\",\"potentialAction\":[{\"@type\":\"ReadAction\",\"target\":[\"http:\/\/www.frederic-poitou.com\/blog\/10231-2\/\"]}]},{\"@type\":\"ImageObject\",\"inLanguage\":\"fr-FR\",\"@id\":\"http:\/\/www.frederic-poitou.com\/blog\/10231-2\/#primaryimage\",\"url\":\"https:\/\/www.frederic-poitou.com\/blog\/wp-content\/2022\/05\/bouquinistes-Paris.jpg\",\"contentUrl\":\"https:\/\/www.frederic-poitou.com\/blog\/wp-content\/2022\/05\/bouquinistes-Paris.jpg\",\"width\":1280,\"height\":960,\"caption\":\"J\u00e9r\u00f4me Callais, bouquiniste et pr\u00e9sident de l'association culturelle des bouquinistes\"},{\"@type\":\"BreadcrumbList\",\"@id\":\"http:\/\/www.frederic-poitou.com\/blog\/10231-2\/#breadcrumb\",\"itemListElement\":[{\"@type\":\"ListItem\",\"position\":1,\"name\":\"Accueil\",\"item\":\"http:\/\/www.frederic-poitou.com\/blog\/\"},{\"@type\":\"ListItem\",\"position\":2,\"name\":\"J\u00c9R\u00d4ME CALLAIS &#8211; BOUQUINISTE \u00c0 PARIS\"}]},{\"@type\":\"WebSite\",\"@id\":\"http:\/\/www.frederic-poitou.com\/blog\/#website\",\"url\":\"http:\/\/www.frederic-poitou.com\/blog\/\",\"name\":\"\",\"description\":\"\",\"potentialAction\":[{\"@type\":\"SearchAction\",\"target\":{\"@type\":\"EntryPoint\",\"urlTemplate\":\"http:\/\/www.frederic-poitou.com\/blog\/?s={search_term_string}\"},\"query-input\":{\"@type\":\"PropertyValueSpecification\",\"valueRequired\":true,\"valueName\":\"search_term_string\"}}],\"inLanguage\":\"fr-FR\"},{\"@type\":\"Person\",\"@id\":\"http:\/\/www.frederic-poitou.com\/blog\/#\/schema\/person\/e2c2d05e978747818533fdce859a7799\",\"name\":\"Fr\u00e9d\u00e9ric Poitou\",\"image\":{\"@type\":\"ImageObject\",\"inLanguage\":\"fr-FR\",\"@id\":\"http:\/\/www.frederic-poitou.com\/blog\/#\/schema\/person\/image\/\",\"url\":\"https:\/\/secure.gravatar.com\/avatar\/1933bcca279a2feafd35d9e0a080c521e11beb51115fe4cfe02e2586ac13424a?s=96&d=mm&r=g\",\"contentUrl\":\"https:\/\/secure.gravatar.com\/avatar\/1933bcca279a2feafd35d9e0a080c521e11beb51115fe4cfe02e2586ac13424a?s=96&d=mm&r=g\",\"caption\":\"Fr\u00e9d\u00e9ric Poitou\"},\"description\":\"Fr\u00e9d\u00e9ric Poitou est n\u00e9 \u00e0 Rouen, et y a fait des \u00e9tudes au Conservatoire en musique-\u00e9tudes en section piano. Il s'est ensuite orient\u00e9 vers des \u00e9tudes scientifiques o\u00f9 il a obtenu un dipl\u00f4me d'ing\u00e9nieur, puis un doctorat en Chimie. Il est Expert Judiciaire en France, en Belgique et \u00e0 Luxembourg, et agr\u00e9e par les Institutions Europ\u00e9ennes.\",\"sameAs\":[\"http:\/\/www.frederic-poitou.com\",\"https:\/\/www.linkedin.com\/in\/frederic-poitou-b045a025\/\"]}]}<\/script>\n<!-- \/ Yoast SEO plugin. -->","yoast_head_json":{"title":"J\u00c9R\u00d4ME CALLAIS - BOUQUINISTE \u00c0 PARIS -","robots":{"index":"index","follow":"follow","max-snippet":"max-snippet:-1","max-image-preview":"max-image-preview:large","max-video-preview":"max-video-preview:-1"},"canonical":"http:\/\/www.frederic-poitou.com\/blog\/10231-2\/","og_locale":"fr_FR","og_type":"article","og_title":"J\u00c9R\u00d4ME CALLAIS - BOUQUINISTE \u00c0 PARIS -","og_description":"&nbsp; A l\u2019origine des bouquinistes, il y a le mot bouquin, forme famili\u00e8re de livre. Imprim\u00e9 pour la premi\u00e8re fois en 1459, il est nomm\u00e9 alors \u00ab\u00a0boucquain\u00a0\u00bb et devient \u00ab\u00a0bouquin\u00a0\u00bb vers la fin du XVIe. Il est issu du mot &hellip; Lire la suite\u00ad\u00ad","og_url":"http:\/\/www.frederic-poitou.com\/blog\/10231-2\/","article_publisher":"https:\/\/www.facebook.com\/frederic.poitou\/","article_published_time":"2023-07-14T14:57:32+00:00","article_modified_time":"2026-04-21T15:22:11+00:00","og_image":[{"width":1280,"height":960,"url":"http:\/\/www.frederic-poitou.com\/blog\/wp-content\/2022\/05\/bouquinistes-Paris.jpg","type":"image\/jpeg"}],"author":"Fr\u00e9d\u00e9ric Poitou","twitter_card":"summary_large_image","twitter_creator":"@fredericpoitou","twitter_site":"@fredericpoitou","twitter_misc":{"\u00c9crit par":"Fr\u00e9d\u00e9ric Poitou","Dur\u00e9e de lecture estim\u00e9e":"2 minutes"},"schema":{"@context":"https:\/\/schema.org","@graph":[{"@type":"Article","@id":"http:\/\/www.frederic-poitou.com\/blog\/10231-2\/#article","isPartOf":{"@id":"http:\/\/www.frederic-poitou.com\/blog\/10231-2\/"},"author":{"name":"Fr\u00e9d\u00e9ric Poitou","@id":"http:\/\/www.frederic-poitou.com\/blog\/#\/schema\/person\/e2c2d05e978747818533fdce859a7799"},"headline":"J\u00c9R\u00d4ME CALLAIS &#8211; BOUQUINISTE \u00c0 PARIS","datePublished":"2023-07-14T14:57:32+00:00","dateModified":"2026-04-21T15:22:11+00:00","mainEntityOfPage":{"@id":"http:\/\/www.frederic-poitou.com\/blog\/10231-2\/"},"wordCount":295,"image":{"@id":"http:\/\/www.frederic-poitou.com\/blog\/10231-2\/#primaryimage"},"thumbnailUrl":"https:\/\/www.frederic-poitou.com\/blog\/wp-content\/2022\/05\/bouquinistes-Paris.jpg","articleSection":["Accueil"],"inLanguage":"fr-FR"},{"@type":"WebPage","@id":"http:\/\/www.frederic-poitou.com\/blog\/10231-2\/","url":"http:\/\/www.frederic-poitou.com\/blog\/10231-2\/","name":"J\u00c9R\u00d4ME CALLAIS - BOUQUINISTE \u00c0 PARIS -","isPartOf":{"@id":"http:\/\/www.frederic-poitou.com\/blog\/#website"},"primaryImageOfPage":{"@id":"http:\/\/www.frederic-poitou.com\/blog\/10231-2\/#primaryimage"},"image":{"@id":"http:\/\/www.frederic-poitou.com\/blog\/10231-2\/#primaryimage"},"thumbnailUrl":"https:\/\/www.frederic-poitou.com\/blog\/wp-content\/2022\/05\/bouquinistes-Paris.jpg","datePublished":"2023-07-14T14:57:32+00:00","dateModified":"2026-04-21T15:22:11+00:00","author":{"@id":"http:\/\/www.frederic-poitou.com\/blog\/#\/schema\/person\/e2c2d05e978747818533fdce859a7799"},"breadcrumb":{"@id":"http:\/\/www.frederic-poitou.com\/blog\/10231-2\/#breadcrumb"},"inLanguage":"fr-FR","potentialAction":[{"@type":"ReadAction","target":["http:\/\/www.frederic-poitou.com\/blog\/10231-2\/"]}]},{"@type":"ImageObject","inLanguage":"fr-FR","@id":"http:\/\/www.frederic-poitou.com\/blog\/10231-2\/#primaryimage","url":"https:\/\/www.frederic-poitou.com\/blog\/wp-content\/2022\/05\/bouquinistes-Paris.jpg","contentUrl":"https:\/\/www.frederic-poitou.com\/blog\/wp-content\/2022\/05\/bouquinistes-Paris.jpg","width":1280,"height":960,"caption":"J\u00e9r\u00f4me Callais, bouquiniste et pr\u00e9sident de l'association culturelle des bouquinistes"},{"@type":"BreadcrumbList","@id":"http:\/\/www.frederic-poitou.com\/blog\/10231-2\/#breadcrumb","itemListElement":[{"@type":"ListItem","position":1,"name":"Accueil","item":"http:\/\/www.frederic-poitou.com\/blog\/"},{"@type":"ListItem","position":2,"name":"J\u00c9R\u00d4ME CALLAIS &#8211; BOUQUINISTE \u00c0 PARIS"}]},{"@type":"WebSite","@id":"http:\/\/www.frederic-poitou.com\/blog\/#website","url":"http:\/\/www.frederic-poitou.com\/blog\/","name":"","description":"","potentialAction":[{"@type":"SearchAction","target":{"@type":"EntryPoint","urlTemplate":"http:\/\/www.frederic-poitou.com\/blog\/?s={search_term_string}"},"query-input":{"@type":"PropertyValueSpecification","valueRequired":true,"valueName":"search_term_string"}}],"inLanguage":"fr-FR"},{"@type":"Person","@id":"http:\/\/www.frederic-poitou.com\/blog\/#\/schema\/person\/e2c2d05e978747818533fdce859a7799","name":"Fr\u00e9d\u00e9ric Poitou","image":{"@type":"ImageObject","inLanguage":"fr-FR","@id":"http:\/\/www.frederic-poitou.com\/blog\/#\/schema\/person\/image\/","url":"https:\/\/secure.gravatar.com\/avatar\/1933bcca279a2feafd35d9e0a080c521e11beb51115fe4cfe02e2586ac13424a?s=96&d=mm&r=g","contentUrl":"https:\/\/secure.gravatar.com\/avatar\/1933bcca279a2feafd35d9e0a080c521e11beb51115fe4cfe02e2586ac13424a?s=96&d=mm&r=g","caption":"Fr\u00e9d\u00e9ric Poitou"},"description":"Fr\u00e9d\u00e9ric Poitou est n\u00e9 \u00e0 Rouen, et y a fait des \u00e9tudes au Conservatoire en musique-\u00e9tudes en section piano. Il s'est ensuite orient\u00e9 vers des \u00e9tudes scientifiques o\u00f9 il a obtenu un dipl\u00f4me d'ing\u00e9nieur, puis un doctorat en Chimie. Il est Expert Judiciaire en France, en Belgique et \u00e0 Luxembourg, et agr\u00e9e par les Institutions Europ\u00e9ennes.","sameAs":["http:\/\/www.frederic-poitou.com","https:\/\/www.linkedin.com\/in\/frederic-poitou-b045a025\/"]}]}},"_links":{"self":[{"href":"https:\/\/www.frederic-poitou.com\/blog\/wp-json\/wp\/v2\/posts\/10231","targetHints":{"allow":["GET"]}}],"collection":[{"href":"https:\/\/www.frederic-poitou.com\/blog\/wp-json\/wp\/v2\/posts"}],"about":[{"href":"https:\/\/www.frederic-poitou.com\/blog\/wp-json\/wp\/v2\/types\/post"}],"author":[{"embeddable":true,"href":"https:\/\/www.frederic-poitou.com\/blog\/wp-json\/wp\/v2\/users\/4"}],"replies":[{"embeddable":true,"href":"https:\/\/www.frederic-poitou.com\/blog\/wp-json\/wp\/v2\/comments?post=10231"}],"version-history":[{"count":5,"href":"https:\/\/www.frederic-poitou.com\/blog\/wp-json\/wp\/v2\/posts\/10231\/revisions"}],"predecessor-version":[{"id":10236,"href":"https:\/\/www.frederic-poitou.com\/blog\/wp-json\/wp\/v2\/posts\/10231\/revisions\/10236"}],"wp:featuredmedia":[{"embeddable":true,"href":"https:\/\/www.frederic-poitou.com\/blog\/wp-json\/wp\/v2\/media\/10216"}],"wp:attachment":[{"href":"https:\/\/www.frederic-poitou.com\/blog\/wp-json\/wp\/v2\/media?parent=10231"}],"wp:term":[{"taxonomy":"category","embeddable":true,"href":"https:\/\/www.frederic-poitou.com\/blog\/wp-json\/wp\/v2\/categories?post=10231"},{"taxonomy":"post_tag","embeddable":true,"href":"https:\/\/www.frederic-poitou.com\/blog\/wp-json\/wp\/v2\/tags?post=10231"}],"curies":[{"name":"wp","href":"https:\/\/api.w.org\/{rel}","templated":true}]}}