{"id":10148,"date":"2023-07-13T19:58:32","date_gmt":"2023-07-13T17:58:32","guid":{"rendered":"http:\/\/www.frederic-poitou.com\/blog\/?p=10148"},"modified":"2026-04-11T00:23:04","modified_gmt":"2026-04-10T22:23:04","slug":"10148-2","status":"publish","type":"post","link":"https:\/\/www.frederic-poitou.com\/blog\/10148-2\/","title":{"rendered":"UN DRAME NATIONAL"},"content":{"rendered":"<div class=\"kvgmc6g5 cxmmr5t8 oygrvhab hcukyx3x c1et5uql ii04i59q\">\n<div dir=\"auto\">Il n&rsquo;est que juste retour qu&rsquo;un tel visionnaire puisse faire valoir ses droits \u00e0 la retraite et prendre enfin un peu de repos apr\u00e8s une carri\u00e8re si productive qui a du \u00eatre \u00e9puisante pour celui qui pr\u00e9disait<\/div>\n<div dir=\"auto\">&#8211; qu&rsquo;il n&rsquo;y aurait pas de seconde vague (F\u00e9vrier 2020) puis lorsque la seconde vague \u00e9tait l\u00e0, qu&rsquo;il \u00ab\u00a0n&rsquo;y avait pas de seconde vague\u00a0\u00bb !<\/div>\n<div dir=\"auto\">&#8211; que les chercheurs chinois avaient not\u00e9 une am\u00e9lioration suite \u00e0 l&rsquo;utilisation de la chloroquine, avant de se raviser pour citer l&rsquo;hydroxychloroquine \ud83d\ude09 !<\/div>\n<div dir=\"auto\">&#8211; que le Covid faisait moins de morts que les accidents de trottinette (17\/02\/2020, IHU),<\/div>\n<div dir=\"auto\">&#8211; qu&rsquo;il n&rsquo;y a pas de maladies infectieuses qui se r\u00e9pandent dans tous les espaces de la terre au m\u00eame moment, ca n&rsquo;existe pas, c&rsquo;est tr\u00e8s rare (17\/02\/2020, IHU),<\/div>\n<div dir=\"auto\">&#8211; que l&rsquo;infection respiratoire du Covid \u00e9tait la plus facile \u00e0 traiter de toutes (25\/02\/2020),<\/div>\n<div dir=\"auto\">&#8211; qui pr\u00e9voyait que le virus disparaitrait au printemps 2020 (17\/02\/2020),<\/div>\n<div dir=\"auto\">&#8211; qui pensait qu&rsquo;il aurait moins de 10000 morts du Covid en France (21 mars 2020)<\/div>\n<div dir=\"auto\">&#8211; que la chance de trouver un vaccin \u00e9tait proche de z\u00e9ro,<\/div>\n<div dir=\"auto\">&#8211; qui s&rsquo;\u00e9tonnait que le Vicks vaporub qui contient de la vaseline ne soit pas pr\u00e9conis\u00e9 en tant que barri\u00e8re nasale contre le Covid, au point que m\u00eame la marque &#8211; qui aurait largement b\u00e9n\u00e9fici\u00e9 d&rsquo;une telle efficacit\u00e9 en terme commercial &#8211; en arrive \u00e0 prendre ses distances avec le mage visionnaire<\/div>\n<div dir=\"auto\">&#8211; et surtout qui pr\u00e9conisait que l&rsquo;hydroxychloroquine devait \u00eatre prescrite sans attendre les r\u00e9sultats d&rsquo;\u00e9tudes scientifiques alors que le vaccin devait attendre le r\u00e9sultat des \u00e9tudes scientifiques pour \u00eatre prescrit.<\/div>\n<div dir=\"auto\"><\/div>\n<\/div>\n<div class=\"o9v6fnle cxmmr5t8 oygrvhab hcukyx3x c1et5uql ii04i59q\">\n<div dir=\"auto\">A moins que ces bons amis et soutiens politiques fassent pression pour le maintenir en respiration artificielle. Mais ceux qui vous le soutenir, prennent un grand risque, tant en terme de cr\u00e9dibilit\u00e9 qu&rsquo;en terme politique et \u00e9lectoral.<\/div>\n<\/div>\n","protected":false},"excerpt":{"rendered":"<p>Il n&rsquo;est que juste retour qu&rsquo;un tel visionnaire puisse faire valoir ses droits \u00e0 la retraite et prendre enfin un peu de repos apr\u00e8s une carri\u00e8re si productive qui a du \u00eatre \u00e9puisante pour celui qui pr\u00e9disait &#8211; qu&rsquo;il n&rsquo;y &hellip; <a href=\"https:\/\/www.frederic-poitou.com\/blog\/10148-2\/\">Lire la suite\u00ad\u00ad<\/a><\/p>\n","protected":false},"author":4,"featured_media":10149,"comment_status":"closed","ping_status":"open","sticky":false,"template":"","format":"standard","meta":{"kt_blocks_editor_width":"","_exactmetrics_skip_tracking":false,"_exactmetrics_sitenote_active":false,"_exactmetrics_sitenote_note":"","_exactmetrics_sitenote_category":0,"footnotes":""},"categories":[48,44,1,51,54],"tags":[],"class_list":["post-10148","post","type-post","status-publish","format-standard","has-post-thumbnail","hentry","category-accueil","category-culture","category-politique-economie","category-politique","category-societe"],"yoast_head":"<!-- This site is optimized with the Yoast SEO plugin v27.1.1 - https:\/\/yoast.com\/product\/yoast-seo-wordpress\/ -->\n<title>UN DRAME NATIONAL -<\/title>\n<meta name=\"robots\" content=\"index, follow, max-snippet:-1, max-image-preview:large, max-video-preview:-1\" \/>\n<link rel=\"canonical\" href=\"https:\/\/www.frederic-poitou.com\/blog\/10148-2\/\" \/>\n<meta property=\"og:locale\" content=\"fr_FR\" \/>\n<meta property=\"og:type\" content=\"article\" \/>\n<meta property=\"og:title\" content=\"UN DRAME NATIONAL -\" \/>\n<meta property=\"og:description\" content=\"Il n&rsquo;est que juste retour qu&rsquo;un tel visionnaire puisse faire valoir ses droits \u00e0 la retraite et prendre enfin un peu de repos apr\u00e8s une carri\u00e8re si productive qui a du \u00eatre \u00e9puisante pour celui qui pr\u00e9disait &#8211; qu&rsquo;il n&rsquo;y &hellip; Lire la suite\u00ad\u00ad\" \/>\n<meta property=\"og:url\" content=\"https:\/\/www.frederic-poitou.com\/blog\/10148-2\/\" \/>\n<meta property=\"article:publisher\" content=\"https:\/\/www.facebook.com\/frederic.poitou\/\" \/>\n<meta property=\"article:published_time\" content=\"2023-07-13T17:58:32+00:00\" \/>\n<meta property=\"article:modified_time\" content=\"2026-04-10T22:23:04+00:00\" \/>\n<meta property=\"og:image\" content=\"https:\/\/www.frederic-poitou.com\/blog\/wp-content\/2021\/08\/Didier_Raoult_sada_1605193052.jpg\" \/>\n\t<meta property=\"og:image:width\" content=\"900\" \/>\n\t<meta property=\"og:image:height\" content=\"598\" \/>\n\t<meta property=\"og:image:type\" content=\"image\/jpeg\" \/>\n<meta name=\"author\" content=\"Fr\u00e9d\u00e9ric Poitou\" \/>\n<meta name=\"twitter:card\" content=\"summary_large_image\" \/>\n<meta name=\"twitter:creator\" content=\"@fredericpoitou\" \/>\n<meta name=\"twitter:site\" content=\"@fredericpoitou\" \/>\n<meta name=\"twitter:label1\" content=\"\u00c9crit par\" \/>\n\t<meta name=\"twitter:data1\" content=\"Fr\u00e9d\u00e9ric Poitou\" \/>\n\t<meta name=\"twitter:label2\" content=\"Dur\u00e9e de lecture estim\u00e9e\" \/>\n\t<meta name=\"twitter:data2\" content=\"2 minutes\" \/>\n<script type=\"application\/ld+json\" class=\"yoast-schema-graph\">{\"@context\":\"https:\/\/schema.org\",\"@graph\":[{\"@type\":\"Article\",\"@id\":\"https:\/\/www.frederic-poitou.com\/blog\/10148-2\/#article\",\"isPartOf\":{\"@id\":\"https:\/\/www.frederic-poitou.com\/blog\/10148-2\/\"},\"author\":{\"name\":\"Fr\u00e9d\u00e9ric Poitou\",\"@id\":\"http:\/\/www.frederic-poitou.com\/blog\/#\/schema\/person\/e2c2d05e978747818533fdce859a7799\"},\"headline\":\"UN DRAME NATIONAL\",\"datePublished\":\"2023-07-13T17:58:32+00:00\",\"dateModified\":\"2026-04-10T22:23:04+00:00\",\"mainEntityOfPage\":{\"@id\":\"https:\/\/www.frederic-poitou.com\/blog\/10148-2\/\"},\"wordCount\":328,\"image\":{\"@id\":\"https:\/\/www.frederic-poitou.com\/blog\/10148-2\/#primaryimage\"},\"thumbnailUrl\":\"https:\/\/www.frederic-poitou.com\/blog\/wp-content\/2021\/08\/Didier_Raoult_sada_1605193052.jpg\",\"articleSection\":[\"Accueil\",\"Culture\",\"Divers\",\"Politique\",\"Soci\u00e9t\u00e9\"],\"inLanguage\":\"fr-FR\"},{\"@type\":\"WebPage\",\"@id\":\"https:\/\/www.frederic-poitou.com\/blog\/10148-2\/\",\"url\":\"https:\/\/www.frederic-poitou.com\/blog\/10148-2\/\",\"name\":\"UN DRAME NATIONAL -\",\"isPartOf\":{\"@id\":\"http:\/\/www.frederic-poitou.com\/blog\/#website\"},\"primaryImageOfPage\":{\"@id\":\"https:\/\/www.frederic-poitou.com\/blog\/10148-2\/#primaryimage\"},\"image\":{\"@id\":\"https:\/\/www.frederic-poitou.com\/blog\/10148-2\/#primaryimage\"},\"thumbnailUrl\":\"https:\/\/www.frederic-poitou.com\/blog\/wp-content\/2021\/08\/Didier_Raoult_sada_1605193052.jpg\",\"datePublished\":\"2023-07-13T17:58:32+00:00\",\"dateModified\":\"2026-04-10T22:23:04+00:00\",\"author\":{\"@id\":\"http:\/\/www.frederic-poitou.com\/blog\/#\/schema\/person\/e2c2d05e978747818533fdce859a7799\"},\"breadcrumb\":{\"@id\":\"https:\/\/www.frederic-poitou.com\/blog\/10148-2\/#breadcrumb\"},\"inLanguage\":\"fr-FR\",\"potentialAction\":[{\"@type\":\"ReadAction\",\"target\":[\"https:\/\/www.frederic-poitou.com\/blog\/10148-2\/\"]}]},{\"@type\":\"ImageObject\",\"inLanguage\":\"fr-FR\",\"@id\":\"https:\/\/www.frederic-poitou.com\/blog\/10148-2\/#primaryimage\",\"url\":\"https:\/\/www.frederic-poitou.com\/blog\/wp-content\/2021\/08\/Didier_Raoult_sada_1605193052.jpg\",\"contentUrl\":\"https:\/\/www.frederic-poitou.com\/blog\/wp-content\/2021\/08\/Didier_Raoult_sada_1605193052.jpg\",\"width\":900,\"height\":598,\"caption\":\"(FILES) In this file photo taken on February 26, 2020, French professor Didier Raoult, biologist and professor of microbiology, specialized in infectious diseases and director of IHU Mediterranee Infection Institute smiles in his office in Marseille, southeastern France. - Didier Raoult is being sued by the Ordre des medecins des Bouches-du-Rhone which accuses him of several breaches of the code of ethics related to the promotion of hydroxychloroquine to fight against Covid-19, AFP learned on November 12, 2020, from his lawyer. (Photo by GERARD JULIEN \/ AFP)\"},{\"@type\":\"BreadcrumbList\",\"@id\":\"https:\/\/www.frederic-poitou.com\/blog\/10148-2\/#breadcrumb\",\"itemListElement\":[{\"@type\":\"ListItem\",\"position\":1,\"name\":\"Accueil\",\"item\":\"http:\/\/www.frederic-poitou.com\/blog\/\"},{\"@type\":\"ListItem\",\"position\":2,\"name\":\"UN DRAME NATIONAL\"}]},{\"@type\":\"WebSite\",\"@id\":\"http:\/\/www.frederic-poitou.com\/blog\/#website\",\"url\":\"http:\/\/www.frederic-poitou.com\/blog\/\",\"name\":\"\",\"description\":\"\",\"potentialAction\":[{\"@type\":\"SearchAction\",\"target\":{\"@type\":\"EntryPoint\",\"urlTemplate\":\"http:\/\/www.frederic-poitou.com\/blog\/?s={search_term_string}\"},\"query-input\":{\"@type\":\"PropertyValueSpecification\",\"valueRequired\":true,\"valueName\":\"search_term_string\"}}],\"inLanguage\":\"fr-FR\"},{\"@type\":\"Person\",\"@id\":\"http:\/\/www.frederic-poitou.com\/blog\/#\/schema\/person\/e2c2d05e978747818533fdce859a7799\",\"name\":\"Fr\u00e9d\u00e9ric Poitou\",\"image\":{\"@type\":\"ImageObject\",\"inLanguage\":\"fr-FR\",\"@id\":\"http:\/\/www.frederic-poitou.com\/blog\/#\/schema\/person\/image\/\",\"url\":\"https:\/\/secure.gravatar.com\/avatar\/1933bcca279a2feafd35d9e0a080c521e11beb51115fe4cfe02e2586ac13424a?s=96&d=mm&r=g\",\"contentUrl\":\"https:\/\/secure.gravatar.com\/avatar\/1933bcca279a2feafd35d9e0a080c521e11beb51115fe4cfe02e2586ac13424a?s=96&d=mm&r=g\",\"caption\":\"Fr\u00e9d\u00e9ric Poitou\"},\"description\":\"Fr\u00e9d\u00e9ric Poitou est n\u00e9 \u00e0 Rouen, et y a fait des \u00e9tudes au Conservatoire en musique-\u00e9tudes en section piano. Il s'est ensuite orient\u00e9 vers des \u00e9tudes scientifiques o\u00f9 il a obtenu un dipl\u00f4me d'ing\u00e9nieur, puis un doctorat en Chimie. Il est Expert Judiciaire en France, en Belgique et \u00e0 Luxembourg, et agr\u00e9e par les Institutions Europ\u00e9ennes.\",\"sameAs\":[\"http:\/\/www.frederic-poitou.com\",\"https:\/\/www.linkedin.com\/in\/frederic-poitou-b045a025\/\"]}]}<\/script>\n<!-- \/ Yoast SEO plugin. -->","yoast_head_json":{"title":"UN DRAME NATIONAL -","robots":{"index":"index","follow":"follow","max-snippet":"max-snippet:-1","max-image-preview":"max-image-preview:large","max-video-preview":"max-video-preview:-1"},"canonical":"https:\/\/www.frederic-poitou.com\/blog\/10148-2\/","og_locale":"fr_FR","og_type":"article","og_title":"UN DRAME NATIONAL -","og_description":"Il n&rsquo;est que juste retour qu&rsquo;un tel visionnaire puisse faire valoir ses droits \u00e0 la retraite et prendre enfin un peu de repos apr\u00e8s une carri\u00e8re si productive qui a du \u00eatre \u00e9puisante pour celui qui pr\u00e9disait &#8211; qu&rsquo;il n&rsquo;y &hellip; Lire la suite\u00ad\u00ad","og_url":"https:\/\/www.frederic-poitou.com\/blog\/10148-2\/","article_publisher":"https:\/\/www.facebook.com\/frederic.poitou\/","article_published_time":"2023-07-13T17:58:32+00:00","article_modified_time":"2026-04-10T22:23:04+00:00","og_image":[{"width":900,"height":598,"url":"https:\/\/www.frederic-poitou.com\/blog\/wp-content\/2021\/08\/Didier_Raoult_sada_1605193052.jpg","type":"image\/jpeg"}],"author":"Fr\u00e9d\u00e9ric Poitou","twitter_card":"summary_large_image","twitter_creator":"@fredericpoitou","twitter_site":"@fredericpoitou","twitter_misc":{"\u00c9crit par":"Fr\u00e9d\u00e9ric Poitou","Dur\u00e9e de lecture estim\u00e9e":"2 minutes"},"schema":{"@context":"https:\/\/schema.org","@graph":[{"@type":"Article","@id":"https:\/\/www.frederic-poitou.com\/blog\/10148-2\/#article","isPartOf":{"@id":"https:\/\/www.frederic-poitou.com\/blog\/10148-2\/"},"author":{"name":"Fr\u00e9d\u00e9ric Poitou","@id":"http:\/\/www.frederic-poitou.com\/blog\/#\/schema\/person\/e2c2d05e978747818533fdce859a7799"},"headline":"UN DRAME NATIONAL","datePublished":"2023-07-13T17:58:32+00:00","dateModified":"2026-04-10T22:23:04+00:00","mainEntityOfPage":{"@id":"https:\/\/www.frederic-poitou.com\/blog\/10148-2\/"},"wordCount":328,"image":{"@id":"https:\/\/www.frederic-poitou.com\/blog\/10148-2\/#primaryimage"},"thumbnailUrl":"https:\/\/www.frederic-poitou.com\/blog\/wp-content\/2021\/08\/Didier_Raoult_sada_1605193052.jpg","articleSection":["Accueil","Culture","Divers","Politique","Soci\u00e9t\u00e9"],"inLanguage":"fr-FR"},{"@type":"WebPage","@id":"https:\/\/www.frederic-poitou.com\/blog\/10148-2\/","url":"https:\/\/www.frederic-poitou.com\/blog\/10148-2\/","name":"UN DRAME NATIONAL -","isPartOf":{"@id":"http:\/\/www.frederic-poitou.com\/blog\/#website"},"primaryImageOfPage":{"@id":"https:\/\/www.frederic-poitou.com\/blog\/10148-2\/#primaryimage"},"image":{"@id":"https:\/\/www.frederic-poitou.com\/blog\/10148-2\/#primaryimage"},"thumbnailUrl":"https:\/\/www.frederic-poitou.com\/blog\/wp-content\/2021\/08\/Didier_Raoult_sada_1605193052.jpg","datePublished":"2023-07-13T17:58:32+00:00","dateModified":"2026-04-10T22:23:04+00:00","author":{"@id":"http:\/\/www.frederic-poitou.com\/blog\/#\/schema\/person\/e2c2d05e978747818533fdce859a7799"},"breadcrumb":{"@id":"https:\/\/www.frederic-poitou.com\/blog\/10148-2\/#breadcrumb"},"inLanguage":"fr-FR","potentialAction":[{"@type":"ReadAction","target":["https:\/\/www.frederic-poitou.com\/blog\/10148-2\/"]}]},{"@type":"ImageObject","inLanguage":"fr-FR","@id":"https:\/\/www.frederic-poitou.com\/blog\/10148-2\/#primaryimage","url":"https:\/\/www.frederic-poitou.com\/blog\/wp-content\/2021\/08\/Didier_Raoult_sada_1605193052.jpg","contentUrl":"https:\/\/www.frederic-poitou.com\/blog\/wp-content\/2021\/08\/Didier_Raoult_sada_1605193052.jpg","width":900,"height":598,"caption":"(FILES) In this file photo taken on February 26, 2020, French professor Didier Raoult, biologist and professor of microbiology, specialized in infectious diseases and director of IHU Mediterranee Infection Institute smiles in his office in Marseille, southeastern France. - Didier Raoult is being sued by the Ordre des medecins des Bouches-du-Rhone which accuses him of several breaches of the code of ethics related to the promotion of hydroxychloroquine to fight against Covid-19, AFP learned on November 12, 2020, from his lawyer. (Photo by GERARD JULIEN \/ AFP)"},{"@type":"BreadcrumbList","@id":"https:\/\/www.frederic-poitou.com\/blog\/10148-2\/#breadcrumb","itemListElement":[{"@type":"ListItem","position":1,"name":"Accueil","item":"http:\/\/www.frederic-poitou.com\/blog\/"},{"@type":"ListItem","position":2,"name":"UN DRAME NATIONAL"}]},{"@type":"WebSite","@id":"http:\/\/www.frederic-poitou.com\/blog\/#website","url":"http:\/\/www.frederic-poitou.com\/blog\/","name":"","description":"","potentialAction":[{"@type":"SearchAction","target":{"@type":"EntryPoint","urlTemplate":"http:\/\/www.frederic-poitou.com\/blog\/?s={search_term_string}"},"query-input":{"@type":"PropertyValueSpecification","valueRequired":true,"valueName":"search_term_string"}}],"inLanguage":"fr-FR"},{"@type":"Person","@id":"http:\/\/www.frederic-poitou.com\/blog\/#\/schema\/person\/e2c2d05e978747818533fdce859a7799","name":"Fr\u00e9d\u00e9ric Poitou","image":{"@type":"ImageObject","inLanguage":"fr-FR","@id":"http:\/\/www.frederic-poitou.com\/blog\/#\/schema\/person\/image\/","url":"https:\/\/secure.gravatar.com\/avatar\/1933bcca279a2feafd35d9e0a080c521e11beb51115fe4cfe02e2586ac13424a?s=96&d=mm&r=g","contentUrl":"https:\/\/secure.gravatar.com\/avatar\/1933bcca279a2feafd35d9e0a080c521e11beb51115fe4cfe02e2586ac13424a?s=96&d=mm&r=g","caption":"Fr\u00e9d\u00e9ric Poitou"},"description":"Fr\u00e9d\u00e9ric Poitou est n\u00e9 \u00e0 Rouen, et y a fait des \u00e9tudes au Conservatoire en musique-\u00e9tudes en section piano. Il s'est ensuite orient\u00e9 vers des \u00e9tudes scientifiques o\u00f9 il a obtenu un dipl\u00f4me d'ing\u00e9nieur, puis un doctorat en Chimie. Il est Expert Judiciaire en France, en Belgique et \u00e0 Luxembourg, et agr\u00e9e par les Institutions Europ\u00e9ennes.","sameAs":["http:\/\/www.frederic-poitou.com","https:\/\/www.linkedin.com\/in\/frederic-poitou-b045a025\/"]}]}},"_links":{"self":[{"href":"https:\/\/www.frederic-poitou.com\/blog\/wp-json\/wp\/v2\/posts\/10148","targetHints":{"allow":["GET"]}}],"collection":[{"href":"https:\/\/www.frederic-poitou.com\/blog\/wp-json\/wp\/v2\/posts"}],"about":[{"href":"https:\/\/www.frederic-poitou.com\/blog\/wp-json\/wp\/v2\/types\/post"}],"author":[{"embeddable":true,"href":"https:\/\/www.frederic-poitou.com\/blog\/wp-json\/wp\/v2\/users\/4"}],"replies":[{"embeddable":true,"href":"https:\/\/www.frederic-poitou.com\/blog\/wp-json\/wp\/v2\/comments?post=10148"}],"version-history":[{"count":6,"href":"https:\/\/www.frederic-poitou.com\/blog\/wp-json\/wp\/v2\/posts\/10148\/revisions"}],"predecessor-version":[{"id":10156,"href":"https:\/\/www.frederic-poitou.com\/blog\/wp-json\/wp\/v2\/posts\/10148\/revisions\/10156"}],"wp:featuredmedia":[{"embeddable":true,"href":"https:\/\/www.frederic-poitou.com\/blog\/wp-json\/wp\/v2\/media\/10149"}],"wp:attachment":[{"href":"https:\/\/www.frederic-poitou.com\/blog\/wp-json\/wp\/v2\/media?parent=10148"}],"wp:term":[{"taxonomy":"category","embeddable":true,"href":"https:\/\/www.frederic-poitou.com\/blog\/wp-json\/wp\/v2\/categories?post=10148"},{"taxonomy":"post_tag","embeddable":true,"href":"https:\/\/www.frederic-poitou.com\/blog\/wp-json\/wp\/v2\/tags?post=10148"}],"curies":[{"name":"wp","href":"https:\/\/api.w.org\/{rel}","templated":true}]}}