{"id":10101,"date":"2023-07-15T05:20:32","date_gmt":"2023-07-15T03:20:32","guid":{"rendered":"http:\/\/www.frederic-poitou.com\/blog\/?p=10101"},"modified":"2026-04-27T10:49:21","modified_gmt":"2026-04-27T08:49:21","slug":"la-lavande-menacee-par-la-commission-europeenne","status":"publish","type":"post","link":"https:\/\/www.frederic-poitou.com\/blog\/la-lavande-menacee-par-la-commission-europeenne\/","title":{"rendered":"LA LAVANDE MENAC\u00c9E PAR LA COMMISSION EUROP\u00c9ENNE ?"},"content":{"rendered":"<div class=\"\" data-block=\"true\" data-editor=\"cr5kc\" data-offset-key=\"4o5u3-0-0\">\n<div class=\"\" data-block=\"true\" data-editor=\"cr5kc\" data-offset-key=\"4o5u3-0-0\">\n<div class=\"_1mf _1mj\" data-offset-key=\"4o5u3-0-0\">\n<p>La plante embl\u00e9matique de Haute Provence serait menac\u00e9e par une directive europ\u00e9enne qui pourrait la classer comme produit dangereux pour la sant\u00e9.<\/p>\n<\/div>\n<\/div>\n<div class=\"\" data-block=\"true\" data-editor=\"cr5kc\" data-offset-key=\"avc4r-0-0\">\n<div class=\"_1mf _1mj\" data-offset-key=\"avc4r-0-0\"><span data-offset-key=\"avc4r-0-0\">Ca n&rsquo;est pas la lavande qui a chang\u00e9, ce sont nous les humains qui en consommons trop dans nos savons, cosm\u00e9tiques, ce qui nous y a rendus sensibles.<\/span><\/div>\n<\/div>\n<div class=\"\" data-block=\"true\" data-editor=\"cr5kc\" data-offset-key=\"7r3io-0-0\">\n<div class=\"_1mf _1mj\" data-offset-key=\"7r3io-0-0\"><span data-offset-key=\"7r3io-0-0\">Ce probl\u00e8me n\u2019est pas anodin. Les allergies sont en augmentation exponentielle sur toute la plan\u00e8te est en passe de compter parmi les pathologies du si\u00e8cle que l&rsquo;OMS classe au 4e rang des maladies chroniques dans le monde. L\u2019OMS estime qu\u2019en 2050, une personne sur deux sera allergique.\u2028\u2028En conclusion, la Lavande n\u2019est pas devenue toxique, nous sommes devenus allergiques \u00e0 la Lavande. Tous les produits de parfumerie et de cosm\u00e9tique qui contiennent de la lavande doivent d\u00e9j\u00e0 mentionner la pr\u00e9sence d\u2019allerg\u00e8nes. La Commission ne fait donc que son travail. Alors se battre pour \u00e9viter que la Commission Europ\u00e9enne ne d\u00e9cide l&rsquo;\u00e9tiquetage de la lavande en tant que produit dangereux n&rsquo;est qu&rsquo;un combat de cons\u00e9quence qui ne traite pas de la cause.\u00a0<\/span>La cause est double :<\/div>\n<div data-offset-key=\"7r3io-0-0\"><\/div>\n<div class=\"_1mf _1mj\" data-offset-key=\"7r3io-0-0\"><span data-offset-key=\"7r3io-0-0\">1) Les consommateurs d\u00e9veloppent de plus en plus d&rsquo;allergies aux compos\u00e9s aromatiques, parce qu&rsquo;ils y sont trop expos\u00e9s.<\/span><\/div>\n<div class=\"_1mf _1mj\" data-offset-key=\"7r3io-0-0\"><span data-offset-key=\"7r3io-0-0\">2) La lavande contient quatre allerg\u00e8nes identifi\u00e9s (linalol, limon\u00e8ne, citronellol et g\u00e9raniol), de la m\u00eame mani\u00e8re que le vin contient de l&rsquo;\u00e9thanol, ou la cigarette de la nicotine. Pour \u00e9viter d&rsquo;avoir \u00e0 \u00e9tiqueter la lavande en tant que produit dangereux, il vaudrait mieux s&rsquo;atteler \u00e0 faire retirer de la liste des allerg\u00e8nes les compos\u00e9s chimiques qui s&rsquo;y trouvent, et que l&rsquo;on retrouve dans la lavande, mais dans quasiment toutes les autres huiles essentielles.<\/span><\/div>\n<\/div>\n<div data-offset-key=\"7r3io-0-0\"><\/div>\n<div data-offset-key=\"7r3io-0-0\">Enfin, la production de lavande en France n&rsquo;a pas attendu le projet de r\u00e9glementation de la Commission Europ\u00e9enne pour chuter. Cel\u00e0 fait 10 ans que le premier producteur mondial de lavande n&rsquo;est plus la France mais la Bulgarie (60 tonnes contre une vingtaine pour la France). Ces deux pays repr\u00e9sentent 80% de la production mondiale le reste provient de Chine, et la France importe de la lavande Bulgare pour couvrir ses besoins, parce que la main d&rsquo;oeuvre y est moins co\u00fbteuse.<\/div>\n<div data-offset-key=\"7r3io-0-0\"><\/div>\n<div class=\"\" data-block=\"true\" data-editor=\"cr5kc\" data-offset-key=\"7r3io-0-0\">\n<div class=\"_1mf _1mj\" data-offset-key=\"7r3io-0-0\">\n<p><span data-offset-key=\"7r3io-0-0\">L&rsquo;autre responsable de la crise de la lavande en France est cette petite mouche aux yeux rouges, la cicadelle qui transmet une bact\u00e9rie dans la plante emp\u00eachant la s\u00e8ve de monter dans les feuilles, et qui la fait d\u00e9p\u00e9rir.<\/span><\/p>\n<p>Alors la Commission \u00e0 bon dos, c&rsquo;est l&rsquo;ennemi le plus simple \u00e0 d\u00e9signer. Mais le travail doit se faire ailleurs.<\/p>\n<ul>\n<li>agir pour diminuer les facteurs de susceptibilit\u00e9 des consommateurs pour certains allerg\u00e8nes, en particulier en limitant les particules fines, irritantes<\/li>\n<li>tenter de faire supprimer les constituants de la Lavande de la liste des allerg\u00e8nes, ce qui aurait pour cons\u00e9quence d&rsquo;interdire que la plante bleue puisse \u00eatre class\u00e9e en tant que dangereuse !<\/li>\n<\/ul>\n<p>Il existe une troisi\u00e8me voie, qui consisterait \u00e0 tenter de limiter les concentrations de bases parfumantes dans les cosm\u00e9tiques, mais une telle limitation aurait sur nos producteurs l&rsquo;effet inverse de celui escompt\u00e9, puisqu&rsquo;il limiterait les ventes d&rsquo;huiles essentielles de lavande, y compris d&rsquo;AOP \u00ab\u00a0lavande de haute Provence\u00a0\u00bb.<\/p>\n<\/div>\n<\/div>\n<div data-offset-key=\"7r3io-0-0\"><\/div>\n<div data-offset-key=\"7r3io-0-0\">\n<p>C&rsquo;est le th\u00e8me de mon intervention sur France Info le 4 Ao\u00fbt 2021 \u00e0 15h15.<\/p>\n<p>&nbsp;<\/p>\n<\/div>\n<p style=\"text-align: center;\">\n<div class=\"entry-content-asset videofit\"><iframe loading=\"lazy\" title=\"L&#039;huile essentielle de lavande menac\u00e9e par la Commission Europ\u00e9enne ?\" width=\"500\" height=\"281\" src=\"https:\/\/www.youtube.com\/embed\/oSUlwufAKYU?feature=oembed\" frameborder=\"0\" allow=\"accelerometer; autoplay; clipboard-write; encrypted-media; gyroscope; picture-in-picture; web-share\" referrerpolicy=\"strict-origin-when-cross-origin\" allowfullscreen><\/iframe><\/div>\n<\/p>\n<\/div>\n","protected":false},"excerpt":{"rendered":"<p>La plante embl\u00e9matique de Haute Provence serait menac\u00e9e par une directive europ\u00e9enne qui pourrait la classer comme produit dangereux pour la sant\u00e9. Ca n&rsquo;est pas la lavande qui a chang\u00e9, ce sont nous les humains qui en consommons trop dans &hellip; <a href=\"https:\/\/www.frederic-poitou.com\/blog\/la-lavande-menacee-par-la-commission-europeenne\/\">Lire la suite\u00ad\u00ad<\/a><\/p>\n","protected":false},"author":4,"featured_media":10112,"comment_status":"closed","ping_status":"open","sticky":false,"template":"","format":"standard","meta":{"kt_blocks_editor_width":"","_exactmetrics_skip_tracking":false,"_exactmetrics_sitenote_active":false,"_exactmetrics_sitenote_note":"","_exactmetrics_sitenote_category":0,"footnotes":""},"categories":[48,44,53,55,51,54],"tags":[],"class_list":["post-10101","post","type-post","status-publish","format-standard","has-post-thumbnail","hentry","category-accueil","category-culture","category-ecologie","category-europe","category-politique","category-societe"],"yoast_head":"<!-- This site is optimized with the Yoast SEO plugin v27.1.1 - https:\/\/yoast.com\/product\/yoast-seo-wordpress\/ -->\n<title>LA LAVANDE MENAC\u00c9E PAR LA COMMISSION EUROP\u00c9ENNE ? -<\/title>\n<meta name=\"description\" content=\"La plante embl\u00e9matique de Haute Provence serait menac\u00e9e par une directive europ\u00e9enne qui pourrait la classer comme produit dangereux pour la sant\u00e9.\" \/>\n<meta name=\"robots\" content=\"index, follow, max-snippet:-1, max-image-preview:large, max-video-preview:-1\" \/>\n<link rel=\"canonical\" href=\"https:\/\/www.frederic-poitou.com\/blog\/la-lavande-menacee-par-la-commission-europeenne\/\" \/>\n<meta property=\"og:locale\" content=\"fr_FR\" \/>\n<meta property=\"og:type\" content=\"article\" \/>\n<meta property=\"og:title\" content=\"LA LAVANDE MENAC\u00c9E PAR LA COMMISSION EUROP\u00c9ENNE ? -\" \/>\n<meta property=\"og:description\" content=\"La plante embl\u00e9matique de Haute Provence serait menac\u00e9e par une directive europ\u00e9enne qui pourrait la classer comme produit dangereux pour la sant\u00e9.\" \/>\n<meta property=\"og:url\" content=\"https:\/\/www.frederic-poitou.com\/blog\/la-lavande-menacee-par-la-commission-europeenne\/\" \/>\n<meta property=\"article:publisher\" content=\"https:\/\/www.facebook.com\/frederic.poitou\/\" \/>\n<meta property=\"article:published_time\" content=\"2023-07-15T03:20:32+00:00\" \/>\n<meta property=\"article:modified_time\" content=\"2026-04-27T08:49:21+00:00\" \/>\n<meta property=\"og:image\" content=\"https:\/\/www.frederic-poitou.com\/blog\/wp-content\/2021\/08\/01-5.jpg.webp\" \/>\n\t<meta property=\"og:image:width\" content=\"900\" \/>\n\t<meta property=\"og:image:height\" content=\"900\" \/>\n\t<meta property=\"og:image:type\" content=\"image\/webp\" \/>\n<meta name=\"author\" content=\"Fr\u00e9d\u00e9ric Poitou\" \/>\n<meta name=\"twitter:card\" content=\"summary_large_image\" \/>\n<meta name=\"twitter:creator\" content=\"@fredericpoitou\" \/>\n<meta name=\"twitter:site\" content=\"@fredericpoitou\" \/>\n<meta name=\"twitter:label1\" content=\"\u00c9crit par\" \/>\n\t<meta name=\"twitter:data1\" content=\"Fr\u00e9d\u00e9ric Poitou\" \/>\n\t<meta name=\"twitter:label2\" content=\"Dur\u00e9e de lecture estim\u00e9e\" \/>\n\t<meta name=\"twitter:data2\" content=\"3 minutes\" \/>\n<script type=\"application\/ld+json\" class=\"yoast-schema-graph\">{\"@context\":\"https:\/\/schema.org\",\"@graph\":[{\"@type\":\"Article\",\"@id\":\"https:\/\/www.frederic-poitou.com\/blog\/la-lavande-menacee-par-la-commission-europeenne\/#article\",\"isPartOf\":{\"@id\":\"https:\/\/www.frederic-poitou.com\/blog\/la-lavande-menacee-par-la-commission-europeenne\/\"},\"author\":{\"name\":\"Fr\u00e9d\u00e9ric Poitou\",\"@id\":\"http:\/\/www.frederic-poitou.com\/blog\/#\/schema\/person\/e2c2d05e978747818533fdce859a7799\"},\"headline\":\"LA LAVANDE MENAC\u00c9E PAR LA COMMISSION EUROP\u00c9ENNE ?\",\"datePublished\":\"2023-07-15T03:20:32+00:00\",\"dateModified\":\"2026-04-27T08:49:21+00:00\",\"mainEntityOfPage\":{\"@id\":\"https:\/\/www.frederic-poitou.com\/blog\/la-lavande-menacee-par-la-commission-europeenne\/\"},\"wordCount\":593,\"image\":{\"@id\":\"https:\/\/www.frederic-poitou.com\/blog\/la-lavande-menacee-par-la-commission-europeenne\/#primaryimage\"},\"thumbnailUrl\":\"https:\/\/www.frederic-poitou.com\/blog\/wp-content\/2021\/08\/01-5.jpg.webp\",\"articleSection\":[\"Accueil\",\"Culture\",\"Ecologie\",\"Europe\",\"Politique\",\"Soci\u00e9t\u00e9\"],\"inLanguage\":\"fr-FR\"},{\"@type\":\"WebPage\",\"@id\":\"https:\/\/www.frederic-poitou.com\/blog\/la-lavande-menacee-par-la-commission-europeenne\/\",\"url\":\"https:\/\/www.frederic-poitou.com\/blog\/la-lavande-menacee-par-la-commission-europeenne\/\",\"name\":\"LA LAVANDE MENAC\u00c9E PAR LA COMMISSION EUROP\u00c9ENNE ? -\",\"isPartOf\":{\"@id\":\"http:\/\/www.frederic-poitou.com\/blog\/#website\"},\"primaryImageOfPage\":{\"@id\":\"https:\/\/www.frederic-poitou.com\/blog\/la-lavande-menacee-par-la-commission-europeenne\/#primaryimage\"},\"image\":{\"@id\":\"https:\/\/www.frederic-poitou.com\/blog\/la-lavande-menacee-par-la-commission-europeenne\/#primaryimage\"},\"thumbnailUrl\":\"https:\/\/www.frederic-poitou.com\/blog\/wp-content\/2021\/08\/01-5.jpg.webp\",\"datePublished\":\"2023-07-15T03:20:32+00:00\",\"dateModified\":\"2026-04-27T08:49:21+00:00\",\"author\":{\"@id\":\"http:\/\/www.frederic-poitou.com\/blog\/#\/schema\/person\/e2c2d05e978747818533fdce859a7799\"},\"description\":\"La plante embl\u00e9matique de Haute Provence serait menac\u00e9e par une directive europ\u00e9enne qui pourrait la classer comme produit dangereux pour la sant\u00e9.\",\"breadcrumb\":{\"@id\":\"https:\/\/www.frederic-poitou.com\/blog\/la-lavande-menacee-par-la-commission-europeenne\/#breadcrumb\"},\"inLanguage\":\"fr-FR\",\"potentialAction\":[{\"@type\":\"ReadAction\",\"target\":[\"https:\/\/www.frederic-poitou.com\/blog\/la-lavande-menacee-par-la-commission-europeenne\/\"]}]},{\"@type\":\"ImageObject\",\"inLanguage\":\"fr-FR\",\"@id\":\"https:\/\/www.frederic-poitou.com\/blog\/la-lavande-menacee-par-la-commission-europeenne\/#primaryimage\",\"url\":\"https:\/\/www.frederic-poitou.com\/blog\/wp-content\/2021\/08\/01-5.jpg.webp\",\"contentUrl\":\"https:\/\/www.frederic-poitou.com\/blog\/wp-content\/2021\/08\/01-5.jpg.webp\",\"width\":900,\"height\":900},{\"@type\":\"BreadcrumbList\",\"@id\":\"https:\/\/www.frederic-poitou.com\/blog\/la-lavande-menacee-par-la-commission-europeenne\/#breadcrumb\",\"itemListElement\":[{\"@type\":\"ListItem\",\"position\":1,\"name\":\"Accueil\",\"item\":\"http:\/\/www.frederic-poitou.com\/blog\/\"},{\"@type\":\"ListItem\",\"position\":2,\"name\":\"LA LAVANDE MENAC\u00c9E PAR LA COMMISSION EUROP\u00c9ENNE ?\"}]},{\"@type\":\"WebSite\",\"@id\":\"http:\/\/www.frederic-poitou.com\/blog\/#website\",\"url\":\"http:\/\/www.frederic-poitou.com\/blog\/\",\"name\":\"\",\"description\":\"\",\"potentialAction\":[{\"@type\":\"SearchAction\",\"target\":{\"@type\":\"EntryPoint\",\"urlTemplate\":\"http:\/\/www.frederic-poitou.com\/blog\/?s={search_term_string}\"},\"query-input\":{\"@type\":\"PropertyValueSpecification\",\"valueRequired\":true,\"valueName\":\"search_term_string\"}}],\"inLanguage\":\"fr-FR\"},{\"@type\":\"Person\",\"@id\":\"http:\/\/www.frederic-poitou.com\/blog\/#\/schema\/person\/e2c2d05e978747818533fdce859a7799\",\"name\":\"Fr\u00e9d\u00e9ric Poitou\",\"image\":{\"@type\":\"ImageObject\",\"inLanguage\":\"fr-FR\",\"@id\":\"http:\/\/www.frederic-poitou.com\/blog\/#\/schema\/person\/image\/\",\"url\":\"https:\/\/secure.gravatar.com\/avatar\/1933bcca279a2feafd35d9e0a080c521e11beb51115fe4cfe02e2586ac13424a?s=96&d=mm&r=g\",\"contentUrl\":\"https:\/\/secure.gravatar.com\/avatar\/1933bcca279a2feafd35d9e0a080c521e11beb51115fe4cfe02e2586ac13424a?s=96&d=mm&r=g\",\"caption\":\"Fr\u00e9d\u00e9ric Poitou\"},\"description\":\"Fr\u00e9d\u00e9ric Poitou est n\u00e9 \u00e0 Rouen, et y a fait des \u00e9tudes au Conservatoire en musique-\u00e9tudes en section piano. Il s'est ensuite orient\u00e9 vers des \u00e9tudes scientifiques o\u00f9 il a obtenu un dipl\u00f4me d'ing\u00e9nieur, puis un doctorat en Chimie. Il est Expert Judiciaire en France, en Belgique et \u00e0 Luxembourg, et agr\u00e9e par les Institutions Europ\u00e9ennes.\",\"sameAs\":[\"http:\/\/www.frederic-poitou.com\",\"https:\/\/www.linkedin.com\/in\/frederic-poitou-b045a025\/\"]}]}<\/script>\n<!-- \/ Yoast SEO plugin. -->","yoast_head_json":{"title":"LA LAVANDE MENAC\u00c9E PAR LA COMMISSION EUROP\u00c9ENNE ? -","description":"La plante embl\u00e9matique de Haute Provence serait menac\u00e9e par une directive europ\u00e9enne qui pourrait la classer comme produit dangereux pour la sant\u00e9.","robots":{"index":"index","follow":"follow","max-snippet":"max-snippet:-1","max-image-preview":"max-image-preview:large","max-video-preview":"max-video-preview:-1"},"canonical":"https:\/\/www.frederic-poitou.com\/blog\/la-lavande-menacee-par-la-commission-europeenne\/","og_locale":"fr_FR","og_type":"article","og_title":"LA LAVANDE MENAC\u00c9E PAR LA COMMISSION EUROP\u00c9ENNE ? -","og_description":"La plante embl\u00e9matique de Haute Provence serait menac\u00e9e par une directive europ\u00e9enne qui pourrait la classer comme produit dangereux pour la sant\u00e9.","og_url":"https:\/\/www.frederic-poitou.com\/blog\/la-lavande-menacee-par-la-commission-europeenne\/","article_publisher":"https:\/\/www.facebook.com\/frederic.poitou\/","article_published_time":"2023-07-15T03:20:32+00:00","article_modified_time":"2026-04-27T08:49:21+00:00","og_image":[{"width":900,"height":900,"url":"https:\/\/www.frederic-poitou.com\/blog\/wp-content\/2021\/08\/01-5.jpg.webp","type":"image\/webp"}],"author":"Fr\u00e9d\u00e9ric Poitou","twitter_card":"summary_large_image","twitter_creator":"@fredericpoitou","twitter_site":"@fredericpoitou","twitter_misc":{"\u00c9crit par":"Fr\u00e9d\u00e9ric Poitou","Dur\u00e9e de lecture estim\u00e9e":"3 minutes"},"schema":{"@context":"https:\/\/schema.org","@graph":[{"@type":"Article","@id":"https:\/\/www.frederic-poitou.com\/blog\/la-lavande-menacee-par-la-commission-europeenne\/#article","isPartOf":{"@id":"https:\/\/www.frederic-poitou.com\/blog\/la-lavande-menacee-par-la-commission-europeenne\/"},"author":{"name":"Fr\u00e9d\u00e9ric Poitou","@id":"http:\/\/www.frederic-poitou.com\/blog\/#\/schema\/person\/e2c2d05e978747818533fdce859a7799"},"headline":"LA LAVANDE MENAC\u00c9E PAR LA COMMISSION EUROP\u00c9ENNE ?","datePublished":"2023-07-15T03:20:32+00:00","dateModified":"2026-04-27T08:49:21+00:00","mainEntityOfPage":{"@id":"https:\/\/www.frederic-poitou.com\/blog\/la-lavande-menacee-par-la-commission-europeenne\/"},"wordCount":593,"image":{"@id":"https:\/\/www.frederic-poitou.com\/blog\/la-lavande-menacee-par-la-commission-europeenne\/#primaryimage"},"thumbnailUrl":"https:\/\/www.frederic-poitou.com\/blog\/wp-content\/2021\/08\/01-5.jpg.webp","articleSection":["Accueil","Culture","Ecologie","Europe","Politique","Soci\u00e9t\u00e9"],"inLanguage":"fr-FR"},{"@type":"WebPage","@id":"https:\/\/www.frederic-poitou.com\/blog\/la-lavande-menacee-par-la-commission-europeenne\/","url":"https:\/\/www.frederic-poitou.com\/blog\/la-lavande-menacee-par-la-commission-europeenne\/","name":"LA LAVANDE MENAC\u00c9E PAR LA COMMISSION EUROP\u00c9ENNE ? -","isPartOf":{"@id":"http:\/\/www.frederic-poitou.com\/blog\/#website"},"primaryImageOfPage":{"@id":"https:\/\/www.frederic-poitou.com\/blog\/la-lavande-menacee-par-la-commission-europeenne\/#primaryimage"},"image":{"@id":"https:\/\/www.frederic-poitou.com\/blog\/la-lavande-menacee-par-la-commission-europeenne\/#primaryimage"},"thumbnailUrl":"https:\/\/www.frederic-poitou.com\/blog\/wp-content\/2021\/08\/01-5.jpg.webp","datePublished":"2023-07-15T03:20:32+00:00","dateModified":"2026-04-27T08:49:21+00:00","author":{"@id":"http:\/\/www.frederic-poitou.com\/blog\/#\/schema\/person\/e2c2d05e978747818533fdce859a7799"},"description":"La plante embl\u00e9matique de Haute Provence serait menac\u00e9e par une directive europ\u00e9enne qui pourrait la classer comme produit dangereux pour la sant\u00e9.","breadcrumb":{"@id":"https:\/\/www.frederic-poitou.com\/blog\/la-lavande-menacee-par-la-commission-europeenne\/#breadcrumb"},"inLanguage":"fr-FR","potentialAction":[{"@type":"ReadAction","target":["https:\/\/www.frederic-poitou.com\/blog\/la-lavande-menacee-par-la-commission-europeenne\/"]}]},{"@type":"ImageObject","inLanguage":"fr-FR","@id":"https:\/\/www.frederic-poitou.com\/blog\/la-lavande-menacee-par-la-commission-europeenne\/#primaryimage","url":"https:\/\/www.frederic-poitou.com\/blog\/wp-content\/2021\/08\/01-5.jpg.webp","contentUrl":"https:\/\/www.frederic-poitou.com\/blog\/wp-content\/2021\/08\/01-5.jpg.webp","width":900,"height":900},{"@type":"BreadcrumbList","@id":"https:\/\/www.frederic-poitou.com\/blog\/la-lavande-menacee-par-la-commission-europeenne\/#breadcrumb","itemListElement":[{"@type":"ListItem","position":1,"name":"Accueil","item":"http:\/\/www.frederic-poitou.com\/blog\/"},{"@type":"ListItem","position":2,"name":"LA LAVANDE MENAC\u00c9E PAR LA COMMISSION EUROP\u00c9ENNE ?"}]},{"@type":"WebSite","@id":"http:\/\/www.frederic-poitou.com\/blog\/#website","url":"http:\/\/www.frederic-poitou.com\/blog\/","name":"","description":"","potentialAction":[{"@type":"SearchAction","target":{"@type":"EntryPoint","urlTemplate":"http:\/\/www.frederic-poitou.com\/blog\/?s={search_term_string}"},"query-input":{"@type":"PropertyValueSpecification","valueRequired":true,"valueName":"search_term_string"}}],"inLanguage":"fr-FR"},{"@type":"Person","@id":"http:\/\/www.frederic-poitou.com\/blog\/#\/schema\/person\/e2c2d05e978747818533fdce859a7799","name":"Fr\u00e9d\u00e9ric Poitou","image":{"@type":"ImageObject","inLanguage":"fr-FR","@id":"http:\/\/www.frederic-poitou.com\/blog\/#\/schema\/person\/image\/","url":"https:\/\/secure.gravatar.com\/avatar\/1933bcca279a2feafd35d9e0a080c521e11beb51115fe4cfe02e2586ac13424a?s=96&d=mm&r=g","contentUrl":"https:\/\/secure.gravatar.com\/avatar\/1933bcca279a2feafd35d9e0a080c521e11beb51115fe4cfe02e2586ac13424a?s=96&d=mm&r=g","caption":"Fr\u00e9d\u00e9ric Poitou"},"description":"Fr\u00e9d\u00e9ric Poitou est n\u00e9 \u00e0 Rouen, et y a fait des \u00e9tudes au Conservatoire en musique-\u00e9tudes en section piano. Il s'est ensuite orient\u00e9 vers des \u00e9tudes scientifiques o\u00f9 il a obtenu un dipl\u00f4me d'ing\u00e9nieur, puis un doctorat en Chimie. Il est Expert Judiciaire en France, en Belgique et \u00e0 Luxembourg, et agr\u00e9e par les Institutions Europ\u00e9ennes.","sameAs":["http:\/\/www.frederic-poitou.com","https:\/\/www.linkedin.com\/in\/frederic-poitou-b045a025\/"]}]}},"_links":{"self":[{"href":"https:\/\/www.frederic-poitou.com\/blog\/wp-json\/wp\/v2\/posts\/10101","targetHints":{"allow":["GET"]}}],"collection":[{"href":"https:\/\/www.frederic-poitou.com\/blog\/wp-json\/wp\/v2\/posts"}],"about":[{"href":"https:\/\/www.frederic-poitou.com\/blog\/wp-json\/wp\/v2\/types\/post"}],"author":[{"embeddable":true,"href":"https:\/\/www.frederic-poitou.com\/blog\/wp-json\/wp\/v2\/users\/4"}],"replies":[{"embeddable":true,"href":"https:\/\/www.frederic-poitou.com\/blog\/wp-json\/wp\/v2\/comments?post=10101"}],"version-history":[{"count":17,"href":"https:\/\/www.frederic-poitou.com\/blog\/wp-json\/wp\/v2\/posts\/10101\/revisions"}],"predecessor-version":[{"id":10392,"href":"https:\/\/www.frederic-poitou.com\/blog\/wp-json\/wp\/v2\/posts\/10101\/revisions\/10392"}],"wp:featuredmedia":[{"embeddable":true,"href":"https:\/\/www.frederic-poitou.com\/blog\/wp-json\/wp\/v2\/media\/10112"}],"wp:attachment":[{"href":"https:\/\/www.frederic-poitou.com\/blog\/wp-json\/wp\/v2\/media?parent=10101"}],"wp:term":[{"taxonomy":"category","embeddable":true,"href":"https:\/\/www.frederic-poitou.com\/blog\/wp-json\/wp\/v2\/categories?post=10101"},{"taxonomy":"post_tag","embeddable":true,"href":"https:\/\/www.frederic-poitou.com\/blog\/wp-json\/wp\/v2\/tags?post=10101"}],"curies":[{"name":"wp","href":"https:\/\/api.w.org\/{rel}","templated":true}]}}