{"id":10083,"date":"2023-07-14T17:12:32","date_gmt":"2023-07-14T15:12:32","guid":{"rendered":"http:\/\/www.frederic-poitou.com\/blog\/?p=10083"},"modified":"2026-04-21T18:01:47","modified_gmt":"2026-04-21T16:01:47","slug":"catastrophe-a-leverkusen-allemagne-en-france-apres-lubrizol-et-azf-sommes-nous-a-labri","status":"publish","type":"post","link":"https:\/\/www.frederic-poitou.com\/blog\/catastrophe-a-leverkusen-allemagne-en-france-apres-lubrizol-et-azf-sommes-nous-a-labri\/","title":{"rendered":"Catastrophe \u00e0 Leverkusen (Allemagne). En France, apr\u00e8s Lubrizol et AZF, sommes nous \u00e0 l&rsquo;abri ?"},"content":{"rendered":"<p>La catastrophe de Leverkusen hier (27 Juillet) matin, m&rsquo;a donn\u00e9 aujourd&rsquo;hui l&rsquo;occasion sur @BFMTV de faire un point sur les dossiers que j&rsquo;ai suivis (celui de Lubrizol en particulier), suite \u00e0 la catastrophe AZF.\u00a0Chaque nouvelle catastrophe am\u00e8ne les m\u00eames questions, et les m\u00eames remises en cause.<\/p>\n<p>&nbsp;<\/p>\n<h5><strong>LA COMPOSITION DES FUMES ISSUES DES EXPLOSITIONS OU DES INCENDIES D&rsquo;USINES CHIMIQUES<\/strong><\/h5>\n<p>La composition des fum\u00e9es d\u2019incendie est bien connue, et a \u00e9t\u00e9 \u00e9tudi\u00e9e, publi\u00e9e et r\u00e9f\u00e9renc\u00e9e depuis longtemps par l\u2019INERIS y compris s\u2019agissant des produits p\u00e9troliers et des m\u00e9taux lourds. La composition relative pr\u00e9cise d\u00e9pend des produits et de la temp\u00e9rature de combustion,<span class=\"Apple-converted-space\">\u00a0<\/span><\/p>\n<p>On y retrouve des compos\u00e9s organiques volatils <b>COV<\/b><b> <\/b>(formald\u00e9hyde, acrol\u00e9ine, butyrald\u00e9hyde&#8230;) des hydrocarbures aromatiques polycycliques (<b>HAP<\/b>) dont certains sont des canc\u00e9rig\u00e8nes av\u00e9r\u00e9s, et des furanes et dioxines (dont le \u00ab <b>TCDD<\/b><b> <\/b><b>\u00bb <\/b>dit \u00ab <i>Sev\u00e9so <\/i>\u00bb).<span class=\"Apple-converted-space\">\u00a0<\/span><\/p>\n<p>On y trouve aussi :<span class=\"Apple-converted-space\">\u00a0<\/span><\/p>\n<ul>\n<li>des polluants <b>asphyxiants<\/b><b> <\/b>(les gaz les plus dangereux) : NO, H2S, SO2, HCN, CO, qui s\u2019\u00e9vaporent vite,<span class=\"Apple-converted-space\">\u00a0<\/span><\/li>\n<li>des polluants <b>irritants<\/b><b> <\/b>(HCl, HBr, HF, NOx, SOx, P2O5) : que l\u2019on retrouve adsorb\u00e9s sur des particules fines (PM10,<span class=\"Apple-converted-space\">\u00a0<\/span>2,5 &#8230;) aglom\u00e9r\u00e9es sous forme de suies plus ou moins \u00ab grasses \u00bb.<\/li>\n<li>Des polluants <b>ETM <\/b>(m\u00e9talliques) : de par l&rsquo;activit\u00e9 sp\u00e9cifique de certaines entreprises, on retrouvera de tr\u00e8s nombreuses traces de m\u00e9taux lourds, Mercure (tr\u00e8s volatil), Plomb et Cadmium, les trois m\u00e9taux lourds vis\u00e9s par le protocole d\u2019Aarhus.<\/li>\n<\/ul>\n<p>&nbsp;<\/p>\n<p><strong>LES VEHICULES DE DETECTION, IDENTIFICATION ET PRELEVEMENT EN FRANCE (LES VDIP)<\/strong><\/p>\n<p>A ce jour en France, il existe 5 v\u00e9hicules de ce type affect\u00e9s \u00e0<span class=\"Apple-converted-space\">\u00a0<\/span><\/p>\n<ul>\n<li>Paris (LCPP+BSPP)<\/li>\n<li>Metz (SDIS 57),<\/li>\n<li>Lyon (SDIS 69)<\/li>\n<li>Nogent-le-Rotrou.<\/li>\n<li>Marseille (BMPM) et \u00e0 l\u2019UIISC<\/li>\n<\/ul>\n<p>Le VDIP des marins-pompiers de Marseille est en plus des autres, habilit\u00e9 \u00e0 faire des d\u00e9tections sur des navires en mer du fait de la sp\u00e9cificit\u00e9 maritime de sa base d&rsquo;attache.<\/p>\n<p>Ces v\u00e9hicules sont \u00e9quip\u00e9s d&rsquo;instruments (GC\/MS, GC\/MS\/MS, IFTIR portable, diffraction rayons X, microscopie \u00e9lectronique, EXAFS, spectro Raman portable, spectro gamma et MS haute pression) qui permettent d&rsquo;identifier et quantifier tous les polluants pour lesquels ils sont \u00e9talonn\u00e9s, soit en direct, soit de mani\u00e8re externalis\u00e9e apr\u00e8s pr\u00e9l\u00e8vement.<\/p>\n<p>&nbsp;<\/p>\n<p><strong>LE PLAN GOUVERNEMENTAL APRES LUBRIZOL<\/strong><\/p>\n<p>Certaines mesures du plan gouvernemental apr\u00e8s Lubrizol vont dans le bon sens; mais il reste des choses \u00e0 faire. On focalise plus sur les accidents plut\u00f4t que sur la pr\u00e9vention.<\/p>\n<ul>\n<li>r\u00e9organiser les stockages de mati\u00e8res dangereuses, en particulier pour \u00e9viter l\u2019effet domino par le stocage en ilots<\/li>\n<li>optimiser les obligations d\u00e9claratives des industriels pour permettre aux pr\u00e9fectures d\u2019avoir des informations claires, exploitables, et valid\u00e9es \u2026<\/li>\n<li>Augmenter de 50% les controles terrains (+50% ne nous ram\u00e8ne m\u00eame pas au nombre des controles de 2005 \u2026 apr\u00e8s AZF 2001 !)<\/li>\n<li>le Bureau d\u2019enqu\u00eate accident (BEA), une proposiion de Damien Adam, est totalement inutile. Les meilleurs controles sont ceux que l\u2019on fait avant, pas apr\u00e8s !<\/li>\n<li>Augmenter les informations aux populations avec un plan SMS.<\/li>\n<\/ul>\n<p>&nbsp;<\/p>\n<p><strong>QUELQUES PROPOSITIONS<\/strong><\/p>\n<p>Les propositions suivantes sont celles que j&rsquo;ai faites \u00e0 la suite de mon audition dans le cadre de la commission d&rsquo;enqu\u00eate de l&rsquo;Assembl\u00e9e nationale, et qui a fait l&rsquo;objet d&rsquo;une note transmise au S\u00e9nat.<\/p>\n<p>&nbsp;<\/p>\n<p><span style=\"color: #333399;\"><b><i>\u00ab\u00a0On est pass\u00e9 d&rsquo;une logique de respect des normes \u00e0 une logique d\u2019\u00e9valuation des risques, alors qu\u2019en m\u00eame temps on assiste \u00e0 un assouplissement excessif de la r\u00e8glementation au nom d\u2019une simplification qui nuit \u00e0 la s\u00e9curit\u00e9 des installations.\u00a0\u00bb<\/i><\/b><\/span><\/p>\n<p>&nbsp;<\/p>\n<p>Les accidents les moins polluants et les moins dangereux sont ceux qui ne surviennent pas. La cr\u00e9ation d\u2019une autorit\u00e9 de suret\u00e9 des installations \u00e0 risques (comme il existe pour le nucl\u00e9raire) pour \u00e9viter que les accidents ne surviennent est bien plus pr\u00e9ventive qu\u2019un bureau d\u2019enqu\u00eate pour d\u00e9terminer les causes d\u2019un accident qui a eu lieu comme l\u2019a propos\u00e9 inutilement\u00a0<a href=\"https:\/\/www.facebook.com\/damienadam76\/\">Damien Adam<\/a> le d\u00e9put\u00e9 de Rouen, et la multiplication des contr\u00f4les est un voeux pieux tant que le nombre de fonctionnaires affect\u00e9s \u00e0 ces t\u00e2ches reste constant.<\/p>\n<ul>\n<li>augmenter les contr\u00f4les (on est pass\u00e9 \u00e0 13000 inspections par an apr\u00e8s AZF \u00e0 30000 inspections en 2005, et on est retomb\u00e9 \u00e0 18000 actuellement). Alors que le r\u00e9chauffement climatique augmente m\u00e9caniquement les risques.<span class=\"Apple-converted-space\">\u00a0<\/span><\/li>\n<li>Augmenter le rayon d\u2019inspection des ijstallations class\u00e9es (actuellement 100m)<\/li>\n<li>Augmenter consid\u00e9rablement le nombre des inspections, ce qui suppose un gros travail de recrutement et de r\u00e9affectation des taches d\u00e9di\u00e9es aux techniciens de la DREAL<\/li>\n<li>cr\u00e9er une agence de suret\u00e9 industrielle d\u2019inspection pr\u00e9alable, capable d\u2019ester en justice en cas de constat d\u2019anormalit\u00e9<\/li>\n<li>prononcer ldes peines alourdies \u00e0 l\u2019encontre des industriels convaincus de manquement (pour m\u00e9moire, Lubrizol a \u00e9t\u00e9 condamn\u00e9e \u00e0 plusieurs reprises \u00e0 des amendes, la derni\u00e8re \u00e0 1500\u20ac en 2019 pour des failles dans les inspections internes, 4000\u20ac en 2014 pour n\u00e9gligeances<span class=\"Apple-converted-space\">\u00a0 <\/span>ayant entrain\u00e9 une fuite de mercaptan) &#8230;<span class=\"Apple-converted-space\">\u00a0<\/span><\/li>\n<li>abandonner la d\u00e9r\u00e8glementation d\u00e9cid\u00e9e en 2019<\/li>\n<\/ul>\n<p>&nbsp;<\/p>\n<div class=\"entry-content-asset videofit\"><iframe loading=\"lazy\" title=\"Apr\u00e8s Lubrizol, quels risques industriels ?\" width=\"500\" height=\"281\" src=\"https:\/\/www.youtube.com\/embed\/LP_D1yEAPVA?feature=oembed\" frameborder=\"0\" allow=\"accelerometer; autoplay; clipboard-write; encrypted-media; gyroscope; picture-in-picture; web-share\" referrerpolicy=\"strict-origin-when-cross-origin\" allowfullscreen><\/iframe><\/div>\n<p>&nbsp;<\/p>\n<p>&nbsp;<\/p>\n<p><img loading=\"lazy\" decoding=\"async\" class=\"aligncenter wp-image-10084 size-large\" src=\"http:\/\/www.frederic-poitou.com\/blog\/wp-content\/2021\/07\/125669517_2542905426007209_7877073490588822150_o-1024x490.jpg\" alt=\"\" width=\"1024\" height=\"490\" srcset=\"https:\/\/www.frederic-poitou.com\/blog\/wp-content\/2021\/07\/125669517_2542905426007209_7877073490588822150_o-1024x490.jpg 1024w, https:\/\/www.frederic-poitou.com\/blog\/wp-content\/2021\/07\/125669517_2542905426007209_7877073490588822150_o-300x144.jpg 300w, https:\/\/www.frederic-poitou.com\/blog\/wp-content\/2021\/07\/125669517_2542905426007209_7877073490588822150_o-1536x736.jpg 1536w, https:\/\/www.frederic-poitou.com\/blog\/wp-content\/2021\/07\/125669517_2542905426007209_7877073490588822150_o-2048x981.jpg 2048w\" sizes=\"auto, (max-width: 1024px) 100vw, 1024px\" \/><\/p>\n","protected":false},"excerpt":{"rendered":"<p>La catastrophe de Leverkusen hier (27 Juillet) matin, m&rsquo;a donn\u00e9 aujourd&rsquo;hui l&rsquo;occasion sur @BFMTV de faire un point sur les dossiers que j&rsquo;ai suivis (celui de Lubrizol en particulier), suite \u00e0 la catastrophe AZF.\u00a0Chaque nouvelle catastrophe am\u00e8ne les m\u00eames questions, &hellip; <a href=\"https:\/\/www.frederic-poitou.com\/blog\/catastrophe-a-leverkusen-allemagne-en-france-apres-lubrizol-et-azf-sommes-nous-a-labri\/\">Lire la suite\u00ad\u00ad<\/a><\/p>\n","protected":false},"author":4,"featured_media":10090,"comment_status":"closed","ping_status":"open","sticky":false,"template":"","format":"standard","meta":{"kt_blocks_editor_width":"","_exactmetrics_skip_tracking":false,"_exactmetrics_sitenote_active":false,"_exactmetrics_sitenote_note":"","_exactmetrics_sitenote_category":0,"footnotes":""},"categories":[48,53,51,54],"tags":[],"class_list":["post-10083","post","type-post","status-publish","format-standard","has-post-thumbnail","hentry","category-accueil","category-ecologie","category-politique","category-societe"],"yoast_head":"<!-- This site is optimized with the Yoast SEO plugin v27.1.1 - https:\/\/yoast.com\/product\/yoast-seo-wordpress\/ -->\n<title>Catastrophe \u00e0 Leverkusen (Allemagne). En France, apr\u00e8s Lubrizol et AZF, sommes nous \u00e0 l&#039;abri ? -<\/title>\n<meta name=\"description\" content=\"@damienadam76, @lubrizol,\" \/>\n<meta name=\"robots\" content=\"index, follow, max-snippet:-1, max-image-preview:large, max-video-preview:-1\" \/>\n<link rel=\"canonical\" href=\"https:\/\/www.frederic-poitou.com\/blog\/catastrophe-a-leverkusen-allemagne-en-france-apres-lubrizol-et-azf-sommes-nous-a-labri\/\" \/>\n<meta property=\"og:locale\" content=\"fr_FR\" \/>\n<meta property=\"og:type\" content=\"article\" \/>\n<meta property=\"og:title\" content=\"Catastrophe \u00e0 Leverkusen (Allemagne). En France, apr\u00e8s Lubrizol et AZF, sommes nous \u00e0 l&#039;abri ? -\" \/>\n<meta property=\"og:description\" content=\"@damienadam76, @lubrizol,\" \/>\n<meta property=\"og:url\" content=\"https:\/\/www.frederic-poitou.com\/blog\/catastrophe-a-leverkusen-allemagne-en-france-apres-lubrizol-et-azf-sommes-nous-a-labri\/\" \/>\n<meta property=\"article:publisher\" content=\"https:\/\/www.facebook.com\/frederic.poitou\/\" \/>\n<meta property=\"article:published_time\" content=\"2023-07-14T15:12:32+00:00\" \/>\n<meta property=\"article:modified_time\" content=\"2026-04-21T16:01:47+00:00\" \/>\n<meta property=\"og:image\" content=\"https:\/\/www.frederic-poitou.com\/blog\/wp-content\/2021\/07\/6AHOEO6TOFF7LNHYD7YTNLJZ5M.jpg\" \/>\n\t<meta property=\"og:image:width\" content=\"800\" \/>\n\t<meta property=\"og:image:height\" content=\"450\" \/>\n\t<meta property=\"og:image:type\" content=\"image\/jpeg\" \/>\n<meta name=\"author\" content=\"Fr\u00e9d\u00e9ric Poitou\" \/>\n<meta name=\"twitter:card\" content=\"summary_large_image\" \/>\n<meta name=\"twitter:creator\" content=\"@fredericpoitou\" \/>\n<meta name=\"twitter:site\" content=\"@fredericpoitou\" \/>\n<meta name=\"twitter:label1\" content=\"\u00c9crit par\" \/>\n\t<meta name=\"twitter:data1\" content=\"Fr\u00e9d\u00e9ric Poitou\" \/>\n\t<meta name=\"twitter:label2\" content=\"Dur\u00e9e de lecture estim\u00e9e\" \/>\n\t<meta name=\"twitter:data2\" content=\"4 minutes\" \/>\n<script type=\"application\/ld+json\" class=\"yoast-schema-graph\">{\"@context\":\"https:\/\/schema.org\",\"@graph\":[{\"@type\":\"Article\",\"@id\":\"https:\/\/www.frederic-poitou.com\/blog\/catastrophe-a-leverkusen-allemagne-en-france-apres-lubrizol-et-azf-sommes-nous-a-labri\/#article\",\"isPartOf\":{\"@id\":\"https:\/\/www.frederic-poitou.com\/blog\/catastrophe-a-leverkusen-allemagne-en-france-apres-lubrizol-et-azf-sommes-nous-a-labri\/\"},\"author\":{\"name\":\"Fr\u00e9d\u00e9ric Poitou\",\"@id\":\"http:\/\/www.frederic-poitou.com\/blog\/#\/schema\/person\/e2c2d05e978747818533fdce859a7799\"},\"headline\":\"Catastrophe \u00e0 Leverkusen (Allemagne). En France, apr\u00e8s Lubrizol et AZF, sommes nous \u00e0 l&rsquo;abri ?\",\"datePublished\":\"2023-07-14T15:12:32+00:00\",\"dateModified\":\"2026-04-21T16:01:47+00:00\",\"mainEntityOfPage\":{\"@id\":\"https:\/\/www.frederic-poitou.com\/blog\/catastrophe-a-leverkusen-allemagne-en-france-apres-lubrizol-et-azf-sommes-nous-a-labri\/\"},\"wordCount\":884,\"image\":{\"@id\":\"https:\/\/www.frederic-poitou.com\/blog\/catastrophe-a-leverkusen-allemagne-en-france-apres-lubrizol-et-azf-sommes-nous-a-labri\/#primaryimage\"},\"thumbnailUrl\":\"https:\/\/www.frederic-poitou.com\/blog\/wp-content\/2021\/07\/6AHOEO6TOFF7LNHYD7YTNLJZ5M.jpg\",\"articleSection\":[\"Accueil\",\"Ecologie\",\"Politique\",\"Soci\u00e9t\u00e9\"],\"inLanguage\":\"fr-FR\"},{\"@type\":\"WebPage\",\"@id\":\"https:\/\/www.frederic-poitou.com\/blog\/catastrophe-a-leverkusen-allemagne-en-france-apres-lubrizol-et-azf-sommes-nous-a-labri\/\",\"url\":\"https:\/\/www.frederic-poitou.com\/blog\/catastrophe-a-leverkusen-allemagne-en-france-apres-lubrizol-et-azf-sommes-nous-a-labri\/\",\"name\":\"Catastrophe \u00e0 Leverkusen (Allemagne). En France, apr\u00e8s Lubrizol et AZF, sommes nous \u00e0 l'abri ? -\",\"isPartOf\":{\"@id\":\"http:\/\/www.frederic-poitou.com\/blog\/#website\"},\"primaryImageOfPage\":{\"@id\":\"https:\/\/www.frederic-poitou.com\/blog\/catastrophe-a-leverkusen-allemagne-en-france-apres-lubrizol-et-azf-sommes-nous-a-labri\/#primaryimage\"},\"image\":{\"@id\":\"https:\/\/www.frederic-poitou.com\/blog\/catastrophe-a-leverkusen-allemagne-en-france-apres-lubrizol-et-azf-sommes-nous-a-labri\/#primaryimage\"},\"thumbnailUrl\":\"https:\/\/www.frederic-poitou.com\/blog\/wp-content\/2021\/07\/6AHOEO6TOFF7LNHYD7YTNLJZ5M.jpg\",\"datePublished\":\"2023-07-14T15:12:32+00:00\",\"dateModified\":\"2026-04-21T16:01:47+00:00\",\"author\":{\"@id\":\"http:\/\/www.frederic-poitou.com\/blog\/#\/schema\/person\/e2c2d05e978747818533fdce859a7799\"},\"description\":\"@damienadam76, @lubrizol,\",\"breadcrumb\":{\"@id\":\"https:\/\/www.frederic-poitou.com\/blog\/catastrophe-a-leverkusen-allemagne-en-france-apres-lubrizol-et-azf-sommes-nous-a-labri\/#breadcrumb\"},\"inLanguage\":\"fr-FR\",\"potentialAction\":[{\"@type\":\"ReadAction\",\"target\":[\"https:\/\/www.frederic-poitou.com\/blog\/catastrophe-a-leverkusen-allemagne-en-france-apres-lubrizol-et-azf-sommes-nous-a-labri\/\"]}]},{\"@type\":\"ImageObject\",\"inLanguage\":\"fr-FR\",\"@id\":\"https:\/\/www.frederic-poitou.com\/blog\/catastrophe-a-leverkusen-allemagne-en-france-apres-lubrizol-et-azf-sommes-nous-a-labri\/#primaryimage\",\"url\":\"https:\/\/www.frederic-poitou.com\/blog\/wp-content\/2021\/07\/6AHOEO6TOFF7LNHYD7YTNLJZ5M.jpg\",\"contentUrl\":\"https:\/\/www.frederic-poitou.com\/blog\/wp-content\/2021\/07\/6AHOEO6TOFF7LNHYD7YTNLJZ5M.jpg\",\"width\":800,\"height\":450},{\"@type\":\"BreadcrumbList\",\"@id\":\"https:\/\/www.frederic-poitou.com\/blog\/catastrophe-a-leverkusen-allemagne-en-france-apres-lubrizol-et-azf-sommes-nous-a-labri\/#breadcrumb\",\"itemListElement\":[{\"@type\":\"ListItem\",\"position\":1,\"name\":\"Accueil\",\"item\":\"http:\/\/www.frederic-poitou.com\/blog\/\"},{\"@type\":\"ListItem\",\"position\":2,\"name\":\"Catastrophe \u00e0 Leverkusen (Allemagne). En France, apr\u00e8s Lubrizol et AZF, sommes nous \u00e0 l&rsquo;abri ?\"}]},{\"@type\":\"WebSite\",\"@id\":\"http:\/\/www.frederic-poitou.com\/blog\/#website\",\"url\":\"http:\/\/www.frederic-poitou.com\/blog\/\",\"name\":\"\",\"description\":\"\",\"potentialAction\":[{\"@type\":\"SearchAction\",\"target\":{\"@type\":\"EntryPoint\",\"urlTemplate\":\"http:\/\/www.frederic-poitou.com\/blog\/?s={search_term_string}\"},\"query-input\":{\"@type\":\"PropertyValueSpecification\",\"valueRequired\":true,\"valueName\":\"search_term_string\"}}],\"inLanguage\":\"fr-FR\"},{\"@type\":\"Person\",\"@id\":\"http:\/\/www.frederic-poitou.com\/blog\/#\/schema\/person\/e2c2d05e978747818533fdce859a7799\",\"name\":\"Fr\u00e9d\u00e9ric Poitou\",\"image\":{\"@type\":\"ImageObject\",\"inLanguage\":\"fr-FR\",\"@id\":\"http:\/\/www.frederic-poitou.com\/blog\/#\/schema\/person\/image\/\",\"url\":\"https:\/\/secure.gravatar.com\/avatar\/1933bcca279a2feafd35d9e0a080c521e11beb51115fe4cfe02e2586ac13424a?s=96&d=mm&r=g\",\"contentUrl\":\"https:\/\/secure.gravatar.com\/avatar\/1933bcca279a2feafd35d9e0a080c521e11beb51115fe4cfe02e2586ac13424a?s=96&d=mm&r=g\",\"caption\":\"Fr\u00e9d\u00e9ric Poitou\"},\"description\":\"Fr\u00e9d\u00e9ric Poitou est n\u00e9 \u00e0 Rouen, et y a fait des \u00e9tudes au Conservatoire en musique-\u00e9tudes en section piano. Il s'est ensuite orient\u00e9 vers des \u00e9tudes scientifiques o\u00f9 il a obtenu un dipl\u00f4me d'ing\u00e9nieur, puis un doctorat en Chimie. Il est Expert Judiciaire en France, en Belgique et \u00e0 Luxembourg, et agr\u00e9e par les Institutions Europ\u00e9ennes.\",\"sameAs\":[\"http:\/\/www.frederic-poitou.com\",\"https:\/\/www.linkedin.com\/in\/frederic-poitou-b045a025\/\"]}]}<\/script>\n<!-- \/ Yoast SEO plugin. -->","yoast_head_json":{"title":"Catastrophe \u00e0 Leverkusen (Allemagne). En France, apr\u00e8s Lubrizol et AZF, sommes nous \u00e0 l'abri ? -","description":"@damienadam76, @lubrizol,","robots":{"index":"index","follow":"follow","max-snippet":"max-snippet:-1","max-image-preview":"max-image-preview:large","max-video-preview":"max-video-preview:-1"},"canonical":"https:\/\/www.frederic-poitou.com\/blog\/catastrophe-a-leverkusen-allemagne-en-france-apres-lubrizol-et-azf-sommes-nous-a-labri\/","og_locale":"fr_FR","og_type":"article","og_title":"Catastrophe \u00e0 Leverkusen (Allemagne). En France, apr\u00e8s Lubrizol et AZF, sommes nous \u00e0 l'abri ? -","og_description":"@damienadam76, @lubrizol,","og_url":"https:\/\/www.frederic-poitou.com\/blog\/catastrophe-a-leverkusen-allemagne-en-france-apres-lubrizol-et-azf-sommes-nous-a-labri\/","article_publisher":"https:\/\/www.facebook.com\/frederic.poitou\/","article_published_time":"2023-07-14T15:12:32+00:00","article_modified_time":"2026-04-21T16:01:47+00:00","og_image":[{"width":800,"height":450,"url":"https:\/\/www.frederic-poitou.com\/blog\/wp-content\/2021\/07\/6AHOEO6TOFF7LNHYD7YTNLJZ5M.jpg","type":"image\/jpeg"}],"author":"Fr\u00e9d\u00e9ric Poitou","twitter_card":"summary_large_image","twitter_creator":"@fredericpoitou","twitter_site":"@fredericpoitou","twitter_misc":{"\u00c9crit par":"Fr\u00e9d\u00e9ric Poitou","Dur\u00e9e de lecture estim\u00e9e":"4 minutes"},"schema":{"@context":"https:\/\/schema.org","@graph":[{"@type":"Article","@id":"https:\/\/www.frederic-poitou.com\/blog\/catastrophe-a-leverkusen-allemagne-en-france-apres-lubrizol-et-azf-sommes-nous-a-labri\/#article","isPartOf":{"@id":"https:\/\/www.frederic-poitou.com\/blog\/catastrophe-a-leverkusen-allemagne-en-france-apres-lubrizol-et-azf-sommes-nous-a-labri\/"},"author":{"name":"Fr\u00e9d\u00e9ric Poitou","@id":"http:\/\/www.frederic-poitou.com\/blog\/#\/schema\/person\/e2c2d05e978747818533fdce859a7799"},"headline":"Catastrophe \u00e0 Leverkusen (Allemagne). En France, apr\u00e8s Lubrizol et AZF, sommes nous \u00e0 l&rsquo;abri ?","datePublished":"2023-07-14T15:12:32+00:00","dateModified":"2026-04-21T16:01:47+00:00","mainEntityOfPage":{"@id":"https:\/\/www.frederic-poitou.com\/blog\/catastrophe-a-leverkusen-allemagne-en-france-apres-lubrizol-et-azf-sommes-nous-a-labri\/"},"wordCount":884,"image":{"@id":"https:\/\/www.frederic-poitou.com\/blog\/catastrophe-a-leverkusen-allemagne-en-france-apres-lubrizol-et-azf-sommes-nous-a-labri\/#primaryimage"},"thumbnailUrl":"https:\/\/www.frederic-poitou.com\/blog\/wp-content\/2021\/07\/6AHOEO6TOFF7LNHYD7YTNLJZ5M.jpg","articleSection":["Accueil","Ecologie","Politique","Soci\u00e9t\u00e9"],"inLanguage":"fr-FR"},{"@type":"WebPage","@id":"https:\/\/www.frederic-poitou.com\/blog\/catastrophe-a-leverkusen-allemagne-en-france-apres-lubrizol-et-azf-sommes-nous-a-labri\/","url":"https:\/\/www.frederic-poitou.com\/blog\/catastrophe-a-leverkusen-allemagne-en-france-apres-lubrizol-et-azf-sommes-nous-a-labri\/","name":"Catastrophe \u00e0 Leverkusen (Allemagne). En France, apr\u00e8s Lubrizol et AZF, sommes nous \u00e0 l'abri ? -","isPartOf":{"@id":"http:\/\/www.frederic-poitou.com\/blog\/#website"},"primaryImageOfPage":{"@id":"https:\/\/www.frederic-poitou.com\/blog\/catastrophe-a-leverkusen-allemagne-en-france-apres-lubrizol-et-azf-sommes-nous-a-labri\/#primaryimage"},"image":{"@id":"https:\/\/www.frederic-poitou.com\/blog\/catastrophe-a-leverkusen-allemagne-en-france-apres-lubrizol-et-azf-sommes-nous-a-labri\/#primaryimage"},"thumbnailUrl":"https:\/\/www.frederic-poitou.com\/blog\/wp-content\/2021\/07\/6AHOEO6TOFF7LNHYD7YTNLJZ5M.jpg","datePublished":"2023-07-14T15:12:32+00:00","dateModified":"2026-04-21T16:01:47+00:00","author":{"@id":"http:\/\/www.frederic-poitou.com\/blog\/#\/schema\/person\/e2c2d05e978747818533fdce859a7799"},"description":"@damienadam76, @lubrizol,","breadcrumb":{"@id":"https:\/\/www.frederic-poitou.com\/blog\/catastrophe-a-leverkusen-allemagne-en-france-apres-lubrizol-et-azf-sommes-nous-a-labri\/#breadcrumb"},"inLanguage":"fr-FR","potentialAction":[{"@type":"ReadAction","target":["https:\/\/www.frederic-poitou.com\/blog\/catastrophe-a-leverkusen-allemagne-en-france-apres-lubrizol-et-azf-sommes-nous-a-labri\/"]}]},{"@type":"ImageObject","inLanguage":"fr-FR","@id":"https:\/\/www.frederic-poitou.com\/blog\/catastrophe-a-leverkusen-allemagne-en-france-apres-lubrizol-et-azf-sommes-nous-a-labri\/#primaryimage","url":"https:\/\/www.frederic-poitou.com\/blog\/wp-content\/2021\/07\/6AHOEO6TOFF7LNHYD7YTNLJZ5M.jpg","contentUrl":"https:\/\/www.frederic-poitou.com\/blog\/wp-content\/2021\/07\/6AHOEO6TOFF7LNHYD7YTNLJZ5M.jpg","width":800,"height":450},{"@type":"BreadcrumbList","@id":"https:\/\/www.frederic-poitou.com\/blog\/catastrophe-a-leverkusen-allemagne-en-france-apres-lubrizol-et-azf-sommes-nous-a-labri\/#breadcrumb","itemListElement":[{"@type":"ListItem","position":1,"name":"Accueil","item":"http:\/\/www.frederic-poitou.com\/blog\/"},{"@type":"ListItem","position":2,"name":"Catastrophe \u00e0 Leverkusen (Allemagne). En France, apr\u00e8s Lubrizol et AZF, sommes nous \u00e0 l&rsquo;abri ?"}]},{"@type":"WebSite","@id":"http:\/\/www.frederic-poitou.com\/blog\/#website","url":"http:\/\/www.frederic-poitou.com\/blog\/","name":"","description":"","potentialAction":[{"@type":"SearchAction","target":{"@type":"EntryPoint","urlTemplate":"http:\/\/www.frederic-poitou.com\/blog\/?s={search_term_string}"},"query-input":{"@type":"PropertyValueSpecification","valueRequired":true,"valueName":"search_term_string"}}],"inLanguage":"fr-FR"},{"@type":"Person","@id":"http:\/\/www.frederic-poitou.com\/blog\/#\/schema\/person\/e2c2d05e978747818533fdce859a7799","name":"Fr\u00e9d\u00e9ric Poitou","image":{"@type":"ImageObject","inLanguage":"fr-FR","@id":"http:\/\/www.frederic-poitou.com\/blog\/#\/schema\/person\/image\/","url":"https:\/\/secure.gravatar.com\/avatar\/1933bcca279a2feafd35d9e0a080c521e11beb51115fe4cfe02e2586ac13424a?s=96&d=mm&r=g","contentUrl":"https:\/\/secure.gravatar.com\/avatar\/1933bcca279a2feafd35d9e0a080c521e11beb51115fe4cfe02e2586ac13424a?s=96&d=mm&r=g","caption":"Fr\u00e9d\u00e9ric Poitou"},"description":"Fr\u00e9d\u00e9ric Poitou est n\u00e9 \u00e0 Rouen, et y a fait des \u00e9tudes au Conservatoire en musique-\u00e9tudes en section piano. Il s'est ensuite orient\u00e9 vers des \u00e9tudes scientifiques o\u00f9 il a obtenu un dipl\u00f4me d'ing\u00e9nieur, puis un doctorat en Chimie. Il est Expert Judiciaire en France, en Belgique et \u00e0 Luxembourg, et agr\u00e9e par les Institutions Europ\u00e9ennes.","sameAs":["http:\/\/www.frederic-poitou.com","https:\/\/www.linkedin.com\/in\/frederic-poitou-b045a025\/"]}]}},"_links":{"self":[{"href":"https:\/\/www.frederic-poitou.com\/blog\/wp-json\/wp\/v2\/posts\/10083","targetHints":{"allow":["GET"]}}],"collection":[{"href":"https:\/\/www.frederic-poitou.com\/blog\/wp-json\/wp\/v2\/posts"}],"about":[{"href":"https:\/\/www.frederic-poitou.com\/blog\/wp-json\/wp\/v2\/types\/post"}],"author":[{"embeddable":true,"href":"https:\/\/www.frederic-poitou.com\/blog\/wp-json\/wp\/v2\/users\/4"}],"replies":[{"embeddable":true,"href":"https:\/\/www.frederic-poitou.com\/blog\/wp-json\/wp\/v2\/comments?post=10083"}],"version-history":[{"count":8,"href":"https:\/\/www.frederic-poitou.com\/blog\/wp-json\/wp\/v2\/posts\/10083\/revisions"}],"predecessor-version":[{"id":10122,"href":"https:\/\/www.frederic-poitou.com\/blog\/wp-json\/wp\/v2\/posts\/10083\/revisions\/10122"}],"wp:featuredmedia":[{"embeddable":true,"href":"https:\/\/www.frederic-poitou.com\/blog\/wp-json\/wp\/v2\/media\/10090"}],"wp:attachment":[{"href":"https:\/\/www.frederic-poitou.com\/blog\/wp-json\/wp\/v2\/media?parent=10083"}],"wp:term":[{"taxonomy":"category","embeddable":true,"href":"https:\/\/www.frederic-poitou.com\/blog\/wp-json\/wp\/v2\/categories?post=10083"},{"taxonomy":"post_tag","embeddable":true,"href":"https:\/\/www.frederic-poitou.com\/blog\/wp-json\/wp\/v2\/tags?post=10083"}],"curies":[{"name":"wp","href":"https:\/\/api.w.org\/{rel}","templated":true}]}}