{"id":9974,"date":"2023-07-13T13:10:32","date_gmt":"2023-07-13T11:10:32","guid":{"rendered":"http:\/\/www.frederic-poitou.com\/blog\/?p=9974"},"modified":"2026-04-08T21:33:01","modified_gmt":"2026-04-08T19:33:01","slug":"reseau-treees-pole-sante","status":"publish","type":"post","link":"http:\/\/www.frederic-poitou.com\/blog\/reseau-treees-pole-sante\/","title":{"rendered":"R\u00c9SEAU TREEES : P\u00d4LE SANT\u00c9"},"content":{"rendered":"<p>Le r\u00e9seau <a href=\"http:\/\/www.treees.eu\/\" target=\"_blank\" rel=\"noopener noreferrer\">TREEES<\/a> est n\u00e9 de l\u2019initiative du cabinet <a href=\"https:\/\/www.huglo-lepage.com\/\" target=\"_blank\" rel=\"noopener noreferrer\">Hugo-Lepage Avocats<\/a> qui, confront\u00e9 \u00e0 l\u2019instruction de dossiers complexes et empreints d\u2019une forte dimension scientifique et technique, a constat\u00e9 la n\u00e9cessit\u00e9 de travailler en relation \u00e9troite avec des experts et des professionnels d\u2019autres champs de comp\u00e9tences. Ce premier constat a imm\u00e9diatement \u00e9t\u00e9 partag\u00e9 par les autres professionnels qui ont recours \u00e0 des comp\u00e9tences juridiques, comptables, de financement, de sant\u00e9, du champ de l\u2019environnement et de la pollution, de la biodiversit\u00e9 etc.<\/p>\n<p>Est ainsi n\u00e9e l\u2019id\u00e9e de constituer ce r\u00e9seau de professionnels qui se connaissent et travaillent ensemble quotidiennement, appr\u00e9ciant leurs comp\u00e9tences respectives et partageant les m\u00eames valeurs et la m\u00eame \u00e9thique : rechercher, au-del\u00e0 des contraintes de la vie \u00e9conomique, le bien commun et l\u2019utilit\u00e9.<\/p>\n<p>&nbsp;<\/p>\n<p>Le r\u00e9seau s&rsquo;est structur\u00e9 en p\u00f4les de comp\u00e9tences : Sant\u00e9 (ci-dessous), urbanisme, produit, risque, et RSE.<\/p>\n<p>&nbsp;<\/p>\n<p style=\"text-align: center;\"><a href=\"http:\/\/www.frederic-poitou.com\/blog\/wp-content\/2021\/02\/FICHE-TREEES-SANTE.pdf\" class=\"pdfemb-viewer\" style=\"\" data-width=\"max\" data-height=\"max\" data-toolbar=\"bottom\" data-toolbar-fixed=\"off\">FICHE TREEES SANTE<\/a>\n<p>&nbsp;<\/p>\n<h3 style=\"text-align: center;\">\u00a9 R\u00e9seau <a href=\"http:\/\/www.treees.eu\" target=\"_blank\" rel=\"noopener\">TREEES<\/a><\/h3>\n","protected":false},"excerpt":{"rendered":"<p>Le r\u00e9seau TREEES est n\u00e9 de l\u2019initiative du cabinet Hugo-Lepage Avocats qui, confront\u00e9 \u00e0 l\u2019instruction de dossiers complexes et empreints d\u2019une forte dimension scientifique et technique, a constat\u00e9 la n\u00e9cessit\u00e9 de travailler en relation \u00e9troite avec des experts et des &hellip; <a href=\"http:\/\/www.frederic-poitou.com\/blog\/reseau-treees-pole-sante\/\">Lire la suite\u00ad\u00ad<\/a><\/p>\n","protected":false},"author":4,"featured_media":10010,"comment_status":"closed","ping_status":"open","sticky":false,"template":"","format":"standard","meta":{"kt_blocks_editor_width":"","_exactmetrics_skip_tracking":false,"_exactmetrics_sitenote_active":false,"_exactmetrics_sitenote_note":"","_exactmetrics_sitenote_category":0,"footnotes":""},"categories":[53,55,51,60],"tags":[],"class_list":["post-9974","post","type-post","status-publish","format-standard","has-post-thumbnail","hentry","category-ecologie","category-europe","category-politique","category-trees"],"yoast_head":"<!-- This site is optimized with the Yoast SEO plugin v27.1.1 - https:\/\/yoast.com\/product\/yoast-seo-wordpress\/ -->\n<title>R\u00c9SEAU TREEES : P\u00d4LE SANT\u00c9 -<\/title>\n<meta name=\"robots\" content=\"index, follow, max-snippet:-1, max-image-preview:large, max-video-preview:-1\" \/>\n<link rel=\"canonical\" href=\"http:\/\/www.frederic-poitou.com\/blog\/reseau-treees-pole-sante\/\" \/>\n<meta property=\"og:locale\" content=\"fr_FR\" \/>\n<meta property=\"og:type\" content=\"article\" \/>\n<meta property=\"og:title\" content=\"R\u00c9SEAU TREEES : P\u00d4LE SANT\u00c9 -\" \/>\n<meta property=\"og:description\" content=\"Le r\u00e9seau TREEES est n\u00e9 de l\u2019initiative du cabinet Hugo-Lepage Avocats qui, confront\u00e9 \u00e0 l\u2019instruction de dossiers complexes et empreints d\u2019une forte dimension scientifique et technique, a constat\u00e9 la n\u00e9cessit\u00e9 de travailler en relation \u00e9troite avec des experts et des &hellip; Lire la suite\u00ad\u00ad\" \/>\n<meta property=\"og:url\" content=\"http:\/\/www.frederic-poitou.com\/blog\/reseau-treees-pole-sante\/\" \/>\n<meta property=\"article:publisher\" content=\"https:\/\/www.facebook.com\/frederic.poitou\/\" \/>\n<meta property=\"article:published_time\" content=\"2023-07-13T11:10:32+00:00\" \/>\n<meta property=\"article:modified_time\" content=\"2026-04-08T19:33:01+00:00\" \/>\n<meta property=\"og:image\" content=\"http:\/\/www.frederic-poitou.com\/blog\/wp-content\/2021\/02\/thermometer-1539191_1280.jpg\" \/>\n\t<meta property=\"og:image:width\" content=\"1280\" \/>\n\t<meta property=\"og:image:height\" content=\"853\" \/>\n\t<meta property=\"og:image:type\" content=\"image\/jpeg\" \/>\n<meta name=\"author\" content=\"Fr\u00e9d\u00e9ric Poitou\" \/>\n<meta name=\"twitter:card\" content=\"summary_large_image\" \/>\n<meta name=\"twitter:creator\" content=\"@fredericpoitou\" \/>\n<meta name=\"twitter:site\" content=\"@fredericpoitou\" \/>\n<meta name=\"twitter:label1\" content=\"\u00c9crit par\" \/>\n\t<meta name=\"twitter:data1\" content=\"Fr\u00e9d\u00e9ric Poitou\" \/>\n\t<meta name=\"twitter:label2\" content=\"Dur\u00e9e de lecture estim\u00e9e\" \/>\n\t<meta name=\"twitter:data2\" content=\"1 minute\" \/>\n<script type=\"application\/ld+json\" class=\"yoast-schema-graph\">{\"@context\":\"https:\/\/schema.org\",\"@graph\":[{\"@type\":\"Article\",\"@id\":\"http:\/\/www.frederic-poitou.com\/blog\/reseau-treees-pole-sante\/#article\",\"isPartOf\":{\"@id\":\"http:\/\/www.frederic-poitou.com\/blog\/reseau-treees-pole-sante\/\"},\"author\":{\"name\":\"Fr\u00e9d\u00e9ric Poitou\",\"@id\":\"http:\/\/www.frederic-poitou.com\/blog\/#\/schema\/person\/e2c2d05e978747818533fdce859a7799\"},\"headline\":\"R\u00c9SEAU TREEES : P\u00d4LE SANT\u00c9\",\"datePublished\":\"2023-07-13T11:10:32+00:00\",\"dateModified\":\"2026-04-08T19:33:01+00:00\",\"mainEntityOfPage\":{\"@id\":\"http:\/\/www.frederic-poitou.com\/blog\/reseau-treees-pole-sante\/\"},\"wordCount\":185,\"image\":{\"@id\":\"http:\/\/www.frederic-poitou.com\/blog\/reseau-treees-pole-sante\/#primaryimage\"},\"thumbnailUrl\":\"http:\/\/www.frederic-poitou.com\/blog\/wp-content\/2021\/02\/thermometer-1539191_1280.jpg\",\"articleSection\":[\"Ecologie\",\"Europe\",\"Politique\",\"TREES\"],\"inLanguage\":\"fr-FR\"},{\"@type\":\"WebPage\",\"@id\":\"http:\/\/www.frederic-poitou.com\/blog\/reseau-treees-pole-sante\/\",\"url\":\"http:\/\/www.frederic-poitou.com\/blog\/reseau-treees-pole-sante\/\",\"name\":\"R\u00c9SEAU TREEES : P\u00d4LE SANT\u00c9 -\",\"isPartOf\":{\"@id\":\"http:\/\/www.frederic-poitou.com\/blog\/#website\"},\"primaryImageOfPage\":{\"@id\":\"http:\/\/www.frederic-poitou.com\/blog\/reseau-treees-pole-sante\/#primaryimage\"},\"image\":{\"@id\":\"http:\/\/www.frederic-poitou.com\/blog\/reseau-treees-pole-sante\/#primaryimage\"},\"thumbnailUrl\":\"http:\/\/www.frederic-poitou.com\/blog\/wp-content\/2021\/02\/thermometer-1539191_1280.jpg\",\"datePublished\":\"2023-07-13T11:10:32+00:00\",\"dateModified\":\"2026-04-08T19:33:01+00:00\",\"author\":{\"@id\":\"http:\/\/www.frederic-poitou.com\/blog\/#\/schema\/person\/e2c2d05e978747818533fdce859a7799\"},\"breadcrumb\":{\"@id\":\"http:\/\/www.frederic-poitou.com\/blog\/reseau-treees-pole-sante\/#breadcrumb\"},\"inLanguage\":\"fr-FR\",\"potentialAction\":[{\"@type\":\"ReadAction\",\"target\":[\"http:\/\/www.frederic-poitou.com\/blog\/reseau-treees-pole-sante\/\"]}]},{\"@type\":\"ImageObject\",\"inLanguage\":\"fr-FR\",\"@id\":\"http:\/\/www.frederic-poitou.com\/blog\/reseau-treees-pole-sante\/#primaryimage\",\"url\":\"http:\/\/www.frederic-poitou.com\/blog\/wp-content\/2021\/02\/thermometer-1539191_1280.jpg\",\"contentUrl\":\"http:\/\/www.frederic-poitou.com\/blog\/wp-content\/2021\/02\/thermometer-1539191_1280.jpg\",\"width\":1280,\"height\":853},{\"@type\":\"BreadcrumbList\",\"@id\":\"http:\/\/www.frederic-poitou.com\/blog\/reseau-treees-pole-sante\/#breadcrumb\",\"itemListElement\":[{\"@type\":\"ListItem\",\"position\":1,\"name\":\"Accueil\",\"item\":\"http:\/\/www.frederic-poitou.com\/blog\/\"},{\"@type\":\"ListItem\",\"position\":2,\"name\":\"R\u00c9SEAU TREEES : P\u00d4LE SANT\u00c9\"}]},{\"@type\":\"WebSite\",\"@id\":\"http:\/\/www.frederic-poitou.com\/blog\/#website\",\"url\":\"http:\/\/www.frederic-poitou.com\/blog\/\",\"name\":\"\",\"description\":\"\",\"potentialAction\":[{\"@type\":\"SearchAction\",\"target\":{\"@type\":\"EntryPoint\",\"urlTemplate\":\"http:\/\/www.frederic-poitou.com\/blog\/?s={search_term_string}\"},\"query-input\":{\"@type\":\"PropertyValueSpecification\",\"valueRequired\":true,\"valueName\":\"search_term_string\"}}],\"inLanguage\":\"fr-FR\"},{\"@type\":\"Person\",\"@id\":\"http:\/\/www.frederic-poitou.com\/blog\/#\/schema\/person\/e2c2d05e978747818533fdce859a7799\",\"name\":\"Fr\u00e9d\u00e9ric Poitou\",\"image\":{\"@type\":\"ImageObject\",\"inLanguage\":\"fr-FR\",\"@id\":\"http:\/\/www.frederic-poitou.com\/blog\/#\/schema\/person\/image\/\",\"url\":\"https:\/\/secure.gravatar.com\/avatar\/1933bcca279a2feafd35d9e0a080c521e11beb51115fe4cfe02e2586ac13424a?s=96&d=mm&r=g\",\"contentUrl\":\"https:\/\/secure.gravatar.com\/avatar\/1933bcca279a2feafd35d9e0a080c521e11beb51115fe4cfe02e2586ac13424a?s=96&d=mm&r=g\",\"caption\":\"Fr\u00e9d\u00e9ric Poitou\"},\"description\":\"Fr\u00e9d\u00e9ric Poitou est n\u00e9 \u00e0 Rouen, et y a fait des \u00e9tudes au Conservatoire en musique-\u00e9tudes en section piano. Il s'est ensuite orient\u00e9 vers des \u00e9tudes scientifiques o\u00f9 il a obtenu un dipl\u00f4me d'ing\u00e9nieur, puis un doctorat en Chimie. Il est Expert Judiciaire en France, en Belgique et \u00e0 Luxembourg, et agr\u00e9e par les Institutions Europ\u00e9ennes.\",\"sameAs\":[\"http:\/\/www.frederic-poitou.com\",\"https:\/\/www.linkedin.com\/in\/frederic-poitou-b045a025\/\"]}]}<\/script>\n<!-- \/ Yoast SEO plugin. -->","yoast_head_json":{"title":"R\u00c9SEAU TREEES : P\u00d4LE SANT\u00c9 -","robots":{"index":"index","follow":"follow","max-snippet":"max-snippet:-1","max-image-preview":"max-image-preview:large","max-video-preview":"max-video-preview:-1"},"canonical":"http:\/\/www.frederic-poitou.com\/blog\/reseau-treees-pole-sante\/","og_locale":"fr_FR","og_type":"article","og_title":"R\u00c9SEAU TREEES : P\u00d4LE SANT\u00c9 -","og_description":"Le r\u00e9seau TREEES est n\u00e9 de l\u2019initiative du cabinet Hugo-Lepage Avocats qui, confront\u00e9 \u00e0 l\u2019instruction de dossiers complexes et empreints d\u2019une forte dimension scientifique et technique, a constat\u00e9 la n\u00e9cessit\u00e9 de travailler en relation \u00e9troite avec des experts et des &hellip; Lire la suite\u00ad\u00ad","og_url":"http:\/\/www.frederic-poitou.com\/blog\/reseau-treees-pole-sante\/","article_publisher":"https:\/\/www.facebook.com\/frederic.poitou\/","article_published_time":"2023-07-13T11:10:32+00:00","article_modified_time":"2026-04-08T19:33:01+00:00","og_image":[{"width":1280,"height":853,"url":"http:\/\/www.frederic-poitou.com\/blog\/wp-content\/2021\/02\/thermometer-1539191_1280.jpg","type":"image\/jpeg"}],"author":"Fr\u00e9d\u00e9ric Poitou","twitter_card":"summary_large_image","twitter_creator":"@fredericpoitou","twitter_site":"@fredericpoitou","twitter_misc":{"\u00c9crit par":"Fr\u00e9d\u00e9ric Poitou","Dur\u00e9e de lecture estim\u00e9e":"1 minute"},"schema":{"@context":"https:\/\/schema.org","@graph":[{"@type":"Article","@id":"http:\/\/www.frederic-poitou.com\/blog\/reseau-treees-pole-sante\/#article","isPartOf":{"@id":"http:\/\/www.frederic-poitou.com\/blog\/reseau-treees-pole-sante\/"},"author":{"name":"Fr\u00e9d\u00e9ric Poitou","@id":"http:\/\/www.frederic-poitou.com\/blog\/#\/schema\/person\/e2c2d05e978747818533fdce859a7799"},"headline":"R\u00c9SEAU TREEES : P\u00d4LE SANT\u00c9","datePublished":"2023-07-13T11:10:32+00:00","dateModified":"2026-04-08T19:33:01+00:00","mainEntityOfPage":{"@id":"http:\/\/www.frederic-poitou.com\/blog\/reseau-treees-pole-sante\/"},"wordCount":185,"image":{"@id":"http:\/\/www.frederic-poitou.com\/blog\/reseau-treees-pole-sante\/#primaryimage"},"thumbnailUrl":"http:\/\/www.frederic-poitou.com\/blog\/wp-content\/2021\/02\/thermometer-1539191_1280.jpg","articleSection":["Ecologie","Europe","Politique","TREES"],"inLanguage":"fr-FR"},{"@type":"WebPage","@id":"http:\/\/www.frederic-poitou.com\/blog\/reseau-treees-pole-sante\/","url":"http:\/\/www.frederic-poitou.com\/blog\/reseau-treees-pole-sante\/","name":"R\u00c9SEAU TREEES : P\u00d4LE SANT\u00c9 -","isPartOf":{"@id":"http:\/\/www.frederic-poitou.com\/blog\/#website"},"primaryImageOfPage":{"@id":"http:\/\/www.frederic-poitou.com\/blog\/reseau-treees-pole-sante\/#primaryimage"},"image":{"@id":"http:\/\/www.frederic-poitou.com\/blog\/reseau-treees-pole-sante\/#primaryimage"},"thumbnailUrl":"http:\/\/www.frederic-poitou.com\/blog\/wp-content\/2021\/02\/thermometer-1539191_1280.jpg","datePublished":"2023-07-13T11:10:32+00:00","dateModified":"2026-04-08T19:33:01+00:00","author":{"@id":"http:\/\/www.frederic-poitou.com\/blog\/#\/schema\/person\/e2c2d05e978747818533fdce859a7799"},"breadcrumb":{"@id":"http:\/\/www.frederic-poitou.com\/blog\/reseau-treees-pole-sante\/#breadcrumb"},"inLanguage":"fr-FR","potentialAction":[{"@type":"ReadAction","target":["http:\/\/www.frederic-poitou.com\/blog\/reseau-treees-pole-sante\/"]}]},{"@type":"ImageObject","inLanguage":"fr-FR","@id":"http:\/\/www.frederic-poitou.com\/blog\/reseau-treees-pole-sante\/#primaryimage","url":"http:\/\/www.frederic-poitou.com\/blog\/wp-content\/2021\/02\/thermometer-1539191_1280.jpg","contentUrl":"http:\/\/www.frederic-poitou.com\/blog\/wp-content\/2021\/02\/thermometer-1539191_1280.jpg","width":1280,"height":853},{"@type":"BreadcrumbList","@id":"http:\/\/www.frederic-poitou.com\/blog\/reseau-treees-pole-sante\/#breadcrumb","itemListElement":[{"@type":"ListItem","position":1,"name":"Accueil","item":"http:\/\/www.frederic-poitou.com\/blog\/"},{"@type":"ListItem","position":2,"name":"R\u00c9SEAU TREEES : P\u00d4LE SANT\u00c9"}]},{"@type":"WebSite","@id":"http:\/\/www.frederic-poitou.com\/blog\/#website","url":"http:\/\/www.frederic-poitou.com\/blog\/","name":"","description":"","potentialAction":[{"@type":"SearchAction","target":{"@type":"EntryPoint","urlTemplate":"http:\/\/www.frederic-poitou.com\/blog\/?s={search_term_string}"},"query-input":{"@type":"PropertyValueSpecification","valueRequired":true,"valueName":"search_term_string"}}],"inLanguage":"fr-FR"},{"@type":"Person","@id":"http:\/\/www.frederic-poitou.com\/blog\/#\/schema\/person\/e2c2d05e978747818533fdce859a7799","name":"Fr\u00e9d\u00e9ric Poitou","image":{"@type":"ImageObject","inLanguage":"fr-FR","@id":"http:\/\/www.frederic-poitou.com\/blog\/#\/schema\/person\/image\/","url":"https:\/\/secure.gravatar.com\/avatar\/1933bcca279a2feafd35d9e0a080c521e11beb51115fe4cfe02e2586ac13424a?s=96&d=mm&r=g","contentUrl":"https:\/\/secure.gravatar.com\/avatar\/1933bcca279a2feafd35d9e0a080c521e11beb51115fe4cfe02e2586ac13424a?s=96&d=mm&r=g","caption":"Fr\u00e9d\u00e9ric Poitou"},"description":"Fr\u00e9d\u00e9ric Poitou est n\u00e9 \u00e0 Rouen, et y a fait des \u00e9tudes au Conservatoire en musique-\u00e9tudes en section piano. Il s'est ensuite orient\u00e9 vers des \u00e9tudes scientifiques o\u00f9 il a obtenu un dipl\u00f4me d'ing\u00e9nieur, puis un doctorat en Chimie. Il est Expert Judiciaire en France, en Belgique et \u00e0 Luxembourg, et agr\u00e9e par les Institutions Europ\u00e9ennes.","sameAs":["http:\/\/www.frederic-poitou.com","https:\/\/www.linkedin.com\/in\/frederic-poitou-b045a025\/"]}]}},"_links":{"self":[{"href":"http:\/\/www.frederic-poitou.com\/blog\/wp-json\/wp\/v2\/posts\/9974","targetHints":{"allow":["GET"]}}],"collection":[{"href":"http:\/\/www.frederic-poitou.com\/blog\/wp-json\/wp\/v2\/posts"}],"about":[{"href":"http:\/\/www.frederic-poitou.com\/blog\/wp-json\/wp\/v2\/types\/post"}],"author":[{"embeddable":true,"href":"http:\/\/www.frederic-poitou.com\/blog\/wp-json\/wp\/v2\/users\/4"}],"replies":[{"embeddable":true,"href":"http:\/\/www.frederic-poitou.com\/blog\/wp-json\/wp\/v2\/comments?post=9974"}],"version-history":[{"count":4,"href":"http:\/\/www.frederic-poitou.com\/blog\/wp-json\/wp\/v2\/posts\/9974\/revisions"}],"predecessor-version":[{"id":10012,"href":"http:\/\/www.frederic-poitou.com\/blog\/wp-json\/wp\/v2\/posts\/9974\/revisions\/10012"}],"wp:featuredmedia":[{"embeddable":true,"href":"http:\/\/www.frederic-poitou.com\/blog\/wp-json\/wp\/v2\/media\/10010"}],"wp:attachment":[{"href":"http:\/\/www.frederic-poitou.com\/blog\/wp-json\/wp\/v2\/media?parent=9974"}],"wp:term":[{"taxonomy":"category","embeddable":true,"href":"http:\/\/www.frederic-poitou.com\/blog\/wp-json\/wp\/v2\/categories?post=9974"},{"taxonomy":"post_tag","embeddable":true,"href":"http:\/\/www.frederic-poitou.com\/blog\/wp-json\/wp\/v2\/tags?post=9974"}],"curies":[{"name":"wp","href":"https:\/\/api.w.org\/{rel}","templated":true}]}}