{"id":9818,"date":"2023-07-13T13:22:32","date_gmt":"2023-07-13T11:22:32","guid":{"rendered":"http:\/\/www.frederic-poitou.com\/blog\/?p=9818"},"modified":"2026-04-08T23:28:14","modified_gmt":"2026-04-08T21:28:14","slug":"pas-dadjoint-a-lenvironnement-a-aix-en-provence","status":"publish","type":"post","link":"http:\/\/www.frederic-poitou.com\/blog\/pas-dadjoint-a-lenvironnement-a-aix-en-provence\/","title":{"rendered":"PAS D&rsquo;ADJOINT A L&rsquo;ENVIRONNEMENT A AIX-EN-PROVENCE !"},"content":{"rendered":"<p>Le r\u00e9cent arr\u00eat du Conseil d\u2019\u00c9tat pointant Marseille-Aix comme l\u2019une des neuf zones en France o\u00f9 la pollution d\u00e9passe les valeurs limites pour les particules fine et le dioxyde d\u2019azote n&rsquo;y a rien fait.<\/p>\n<p>Pas plus que la toute r\u00e9cente campagne \u00e9lectorale des municipales \u00e0 l\u2019occasion de laquelle m\u00eame la maire sortante, en lice en d\u00e9pit d&rsquo;une condamnation pour prise ill\u00e9gale d&rsquo;int\u00e9r\u00eat et d\u00e9tournement avait verdi son programme, ni la d\u00e9cision d\u2019Atmo France d\u2019introduire (enfin !) les particules fines PM2,5 dans les chiffres de la pollution atmosph\u00e9rique (ce <span class=\"text_exposed_show\">qui va faire exploser les chiffres de la zone Aix -Marseille).<\/span><\/p>\n<div class=\"text_exposed_show\">\n<p>La convergence sur le territoire de la commune de plusieurs risques industriels li\u00e9s \u00e0 la proximit\u00e9 de sites Seveso augment\u00e9s par la pr\u00e9sence d\u2019un n\u0153ud autoroutier A8A51. Alors que le DICRIM identifie, en plus des cons\u00e9quences sur la sant\u00e9 des administr\u00e9s de la pollution atmosph\u00e9rique, six risques naturels et technologiques :<br \/>\n&#8211; feux de for\u00eat<br \/>\n&#8211; inondations<br \/>\n&#8211; s\u00e9isme (faille r\u00e9v\u00e9l\u00e9e en 1909 qui situe Aix en Provence en zone sismicit\u00e9 4)<br \/>\n&#8211; mouvements de terrain<br \/>\n&#8211; transports de mati\u00e8res dangereuses<br \/>\n&#8211; rupture de barrage<\/p>\n<p>La pr\u00e9sence \u00e0 port\u00e9e de particule fine d\u2019une chaudi\u00e8re \u00e0 bois dont les dysfonctionnements d\u00e9fraient la chronique et dont les cons\u00e9quences en termes de sant\u00e9 publique sont d\u00e9sastreuses (voir illustrations ci-dessus)<\/p>\n<p>Tout cela n\u2019y a rien fait.<\/p>\n<p>La Maire d\u2019Aix en Provence n\u2019a pas jug\u00e9 la situation assez motivante pour justifier la d\u00e9signation d\u2019un \u00e9lu d\u00e9l\u00e9gu\u00e9 \u00e0 l\u2019environnement, ce dont toute la soci\u00e9t\u00e9 civile, les CIQ, association de d\u00e9fense de l\u2019environnement et m\u00eame les journalistes d\u2019Aix en Provence se sont \u00e9mus.<\/p>\n<p>Est-ce la proximit\u00e9 de la mise en chantier de programmes de logements sociaux dans un quartier situ\u00e9 en plein n\u0153ud autoroutier qui justifie une telle m\u00e9prise, une telle suffisance ?<\/p>\n<p>Autant de question sur lesquelles les administr\u00e9s devront \u00eatre d\u2019aurant plus vigilants dans les semaines qui viennent que la situation politique d\u2019Aix-en-Provence ne semble pas encore fig\u00e9e avec l\u2019approche de nouvelles et habituelles \u00e9ch\u00e9ances judiciaires pour sa Maire, Maryse Joissains.<\/p>\n<figure id=\"attachment_9823\" class=\"thumbnail wp-caption alignleft\" style=\"width: 1399px\"><img loading=\"lazy\" decoding=\"async\" class=\"size-full wp-image-9823\" src=\"http:\/\/www.frederic-poitou.com\/blog\/wp-content\/2020\/08\/117605696_2459762034321549_3049665209875786205_o.jpg\" alt=\"\" width=\"1399\" height=\"2029\" srcset=\"http:\/\/www.frederic-poitou.com\/blog\/wp-content\/2020\/08\/117605696_2459762034321549_3049665209875786205_o.jpg 1399w, http:\/\/www.frederic-poitou.com\/blog\/wp-content\/2020\/08\/117605696_2459762034321549_3049665209875786205_o-207x300.jpg 207w, http:\/\/www.frederic-poitou.com\/blog\/wp-content\/2020\/08\/117605696_2459762034321549_3049665209875786205_o-706x1024.jpg 706w, http:\/\/www.frederic-poitou.com\/blog\/wp-content\/2020\/08\/117605696_2459762034321549_3049665209875786205_o-1059x1536.jpg 1059w\" sizes=\"auto, (max-width: 1399px) 100vw, 1399px\" \/><figcaption class=\"caption wp-caption-text\">Pas d&rsquo;adjoint \u00e0 l&rsquo;environnement \u00e0 Aix-en-Provence<\/figcaption><\/figure>\n<\/div>\n","protected":false},"excerpt":{"rendered":"<p>Le r\u00e9cent arr\u00eat du Conseil d\u2019\u00c9tat pointant Marseille-Aix comme l\u2019une des neuf zones en France o\u00f9 la pollution d\u00e9passe les valeurs limites pour les particules fine et le dioxyde d\u2019azote n&rsquo;y a rien fait. Pas plus que la toute r\u00e9cente &hellip; <a href=\"http:\/\/www.frederic-poitou.com\/blog\/pas-dadjoint-a-lenvironnement-a-aix-en-provence\/\">Lire la suite\u00ad\u00ad<\/a><\/p>\n","protected":false},"author":4,"featured_media":9819,"comment_status":"closed","ping_status":"open","sticky":false,"template":"","format":"standard","meta":{"kt_blocks_editor_width":"","_exactmetrics_skip_tracking":false,"_exactmetrics_sitenote_active":false,"_exactmetrics_sitenote_note":"","_exactmetrics_sitenote_category":0,"footnotes":""},"categories":[48,53,55,51,54],"tags":[],"class_list":["post-9818","post","type-post","status-publish","format-standard","has-post-thumbnail","hentry","category-accueil","category-ecologie","category-europe","category-politique","category-societe"],"yoast_head":"<!-- This site is optimized with the Yoast SEO plugin v27.1.1 - https:\/\/yoast.com\/product\/yoast-seo-wordpress\/ -->\n<title>PAS D&#039;ADJOINT A L&#039;ENVIRONNEMENT A AIX-EN-PROVENCE ! -<\/title>\n<meta name=\"robots\" content=\"index, follow, max-snippet:-1, max-image-preview:large, max-video-preview:-1\" \/>\n<link rel=\"canonical\" href=\"http:\/\/www.frederic-poitou.com\/blog\/pas-dadjoint-a-lenvironnement-a-aix-en-provence\/\" \/>\n<meta property=\"og:locale\" content=\"fr_FR\" \/>\n<meta property=\"og:type\" content=\"article\" \/>\n<meta property=\"og:title\" content=\"PAS D&#039;ADJOINT A L&#039;ENVIRONNEMENT A AIX-EN-PROVENCE ! -\" \/>\n<meta property=\"og:description\" content=\"Le r\u00e9cent arr\u00eat du Conseil d\u2019\u00c9tat pointant Marseille-Aix comme l\u2019une des neuf zones en France o\u00f9 la pollution d\u00e9passe les valeurs limites pour les particules fine et le dioxyde d\u2019azote n&rsquo;y a rien fait. Pas plus que la toute r\u00e9cente &hellip; Lire la suite\u00ad\u00ad\" \/>\n<meta property=\"og:url\" content=\"http:\/\/www.frederic-poitou.com\/blog\/pas-dadjoint-a-lenvironnement-a-aix-en-provence\/\" \/>\n<meta property=\"article:publisher\" content=\"https:\/\/www.facebook.com\/frederic.poitou\/\" \/>\n<meta property=\"article:published_time\" content=\"2023-07-13T11:22:32+00:00\" \/>\n<meta property=\"article:modified_time\" content=\"2026-04-08T21:28:14+00:00\" \/>\n<meta property=\"og:image\" content=\"http:\/\/www.frederic-poitou.com\/blog\/wp-content\/2020\/08\/117645568_2459756610988758_5717926778833217401_o.jpg\" \/>\n\t<meta property=\"og:image:width\" content=\"1220\" \/>\n\t<meta property=\"og:image:height\" content=\"1116\" \/>\n\t<meta property=\"og:image:type\" content=\"image\/jpeg\" \/>\n<meta name=\"author\" content=\"Fr\u00e9d\u00e9ric Poitou\" \/>\n<meta name=\"twitter:card\" content=\"summary_large_image\" \/>\n<meta name=\"twitter:creator\" content=\"@fredericpoitou\" \/>\n<meta name=\"twitter:site\" content=\"@fredericpoitou\" \/>\n<meta name=\"twitter:label1\" content=\"\u00c9crit par\" \/>\n\t<meta name=\"twitter:data1\" content=\"Fr\u00e9d\u00e9ric Poitou\" \/>\n\t<meta name=\"twitter:label2\" content=\"Dur\u00e9e de lecture estim\u00e9e\" \/>\n\t<meta name=\"twitter:data2\" content=\"2 minutes\" \/>\n<script type=\"application\/ld+json\" class=\"yoast-schema-graph\">{\"@context\":\"https:\/\/schema.org\",\"@graph\":[{\"@type\":\"Article\",\"@id\":\"http:\/\/www.frederic-poitou.com\/blog\/pas-dadjoint-a-lenvironnement-a-aix-en-provence\/#article\",\"isPartOf\":{\"@id\":\"http:\/\/www.frederic-poitou.com\/blog\/pas-dadjoint-a-lenvironnement-a-aix-en-provence\/\"},\"author\":{\"name\":\"Fr\u00e9d\u00e9ric Poitou\",\"@id\":\"http:\/\/www.frederic-poitou.com\/blog\/#\/schema\/person\/e2c2d05e978747818533fdce859a7799\"},\"headline\":\"PAS D&rsquo;ADJOINT A L&rsquo;ENVIRONNEMENT A AIX-EN-PROVENCE !\",\"datePublished\":\"2023-07-13T11:22:32+00:00\",\"dateModified\":\"2026-04-08T21:28:14+00:00\",\"mainEntityOfPage\":{\"@id\":\"http:\/\/www.frederic-poitou.com\/blog\/pas-dadjoint-a-lenvironnement-a-aix-en-provence\/\"},\"wordCount\":410,\"image\":{\"@id\":\"http:\/\/www.frederic-poitou.com\/blog\/pas-dadjoint-a-lenvironnement-a-aix-en-provence\/#primaryimage\"},\"thumbnailUrl\":\"http:\/\/www.frederic-poitou.com\/blog\/wp-content\/2020\/08\/117645568_2459756610988758_5717926778833217401_o.jpg\",\"articleSection\":[\"Accueil\",\"Ecologie\",\"Europe\",\"Politique\",\"Soci\u00e9t\u00e9\"],\"inLanguage\":\"fr-FR\"},{\"@type\":\"WebPage\",\"@id\":\"http:\/\/www.frederic-poitou.com\/blog\/pas-dadjoint-a-lenvironnement-a-aix-en-provence\/\",\"url\":\"http:\/\/www.frederic-poitou.com\/blog\/pas-dadjoint-a-lenvironnement-a-aix-en-provence\/\",\"name\":\"PAS D'ADJOINT A L'ENVIRONNEMENT A AIX-EN-PROVENCE ! -\",\"isPartOf\":{\"@id\":\"http:\/\/www.frederic-poitou.com\/blog\/#website\"},\"primaryImageOfPage\":{\"@id\":\"http:\/\/www.frederic-poitou.com\/blog\/pas-dadjoint-a-lenvironnement-a-aix-en-provence\/#primaryimage\"},\"image\":{\"@id\":\"http:\/\/www.frederic-poitou.com\/blog\/pas-dadjoint-a-lenvironnement-a-aix-en-provence\/#primaryimage\"},\"thumbnailUrl\":\"http:\/\/www.frederic-poitou.com\/blog\/wp-content\/2020\/08\/117645568_2459756610988758_5717926778833217401_o.jpg\",\"datePublished\":\"2023-07-13T11:22:32+00:00\",\"dateModified\":\"2026-04-08T21:28:14+00:00\",\"author\":{\"@id\":\"http:\/\/www.frederic-poitou.com\/blog\/#\/schema\/person\/e2c2d05e978747818533fdce859a7799\"},\"breadcrumb\":{\"@id\":\"http:\/\/www.frederic-poitou.com\/blog\/pas-dadjoint-a-lenvironnement-a-aix-en-provence\/#breadcrumb\"},\"inLanguage\":\"fr-FR\",\"potentialAction\":[{\"@type\":\"ReadAction\",\"target\":[\"http:\/\/www.frederic-poitou.com\/blog\/pas-dadjoint-a-lenvironnement-a-aix-en-provence\/\"]}]},{\"@type\":\"ImageObject\",\"inLanguage\":\"fr-FR\",\"@id\":\"http:\/\/www.frederic-poitou.com\/blog\/pas-dadjoint-a-lenvironnement-a-aix-en-provence\/#primaryimage\",\"url\":\"http:\/\/www.frederic-poitou.com\/blog\/wp-content\/2020\/08\/117645568_2459756610988758_5717926778833217401_o.jpg\",\"contentUrl\":\"http:\/\/www.frederic-poitou.com\/blog\/wp-content\/2020\/08\/117645568_2459756610988758_5717926778833217401_o.jpg\",\"width\":1220,\"height\":1116,\"caption\":\"Pas d'adjoint \u00e0 l'environnement \u00e0 Aix-en-Provence\"},{\"@type\":\"BreadcrumbList\",\"@id\":\"http:\/\/www.frederic-poitou.com\/blog\/pas-dadjoint-a-lenvironnement-a-aix-en-provence\/#breadcrumb\",\"itemListElement\":[{\"@type\":\"ListItem\",\"position\":1,\"name\":\"Accueil\",\"item\":\"http:\/\/www.frederic-poitou.com\/blog\/\"},{\"@type\":\"ListItem\",\"position\":2,\"name\":\"PAS D&rsquo;ADJOINT A L&rsquo;ENVIRONNEMENT A AIX-EN-PROVENCE !\"}]},{\"@type\":\"WebSite\",\"@id\":\"http:\/\/www.frederic-poitou.com\/blog\/#website\",\"url\":\"http:\/\/www.frederic-poitou.com\/blog\/\",\"name\":\"\",\"description\":\"\",\"potentialAction\":[{\"@type\":\"SearchAction\",\"target\":{\"@type\":\"EntryPoint\",\"urlTemplate\":\"http:\/\/www.frederic-poitou.com\/blog\/?s={search_term_string}\"},\"query-input\":{\"@type\":\"PropertyValueSpecification\",\"valueRequired\":true,\"valueName\":\"search_term_string\"}}],\"inLanguage\":\"fr-FR\"},{\"@type\":\"Person\",\"@id\":\"http:\/\/www.frederic-poitou.com\/blog\/#\/schema\/person\/e2c2d05e978747818533fdce859a7799\",\"name\":\"Fr\u00e9d\u00e9ric Poitou\",\"image\":{\"@type\":\"ImageObject\",\"inLanguage\":\"fr-FR\",\"@id\":\"http:\/\/www.frederic-poitou.com\/blog\/#\/schema\/person\/image\/\",\"url\":\"https:\/\/secure.gravatar.com\/avatar\/1933bcca279a2feafd35d9e0a080c521e11beb51115fe4cfe02e2586ac13424a?s=96&d=mm&r=g\",\"contentUrl\":\"https:\/\/secure.gravatar.com\/avatar\/1933bcca279a2feafd35d9e0a080c521e11beb51115fe4cfe02e2586ac13424a?s=96&d=mm&r=g\",\"caption\":\"Fr\u00e9d\u00e9ric Poitou\"},\"description\":\"Fr\u00e9d\u00e9ric Poitou est n\u00e9 \u00e0 Rouen, et y a fait des \u00e9tudes au Conservatoire en musique-\u00e9tudes en section piano. Il s'est ensuite orient\u00e9 vers des \u00e9tudes scientifiques o\u00f9 il a obtenu un dipl\u00f4me d'ing\u00e9nieur, puis un doctorat en Chimie. Il est Expert Judiciaire en France, en Belgique et \u00e0 Luxembourg, et agr\u00e9e par les Institutions Europ\u00e9ennes.\",\"sameAs\":[\"http:\/\/www.frederic-poitou.com\",\"https:\/\/www.linkedin.com\/in\/frederic-poitou-b045a025\/\"]}]}<\/script>\n<!-- \/ Yoast SEO plugin. -->","yoast_head_json":{"title":"PAS D'ADJOINT A L'ENVIRONNEMENT A AIX-EN-PROVENCE ! -","robots":{"index":"index","follow":"follow","max-snippet":"max-snippet:-1","max-image-preview":"max-image-preview:large","max-video-preview":"max-video-preview:-1"},"canonical":"http:\/\/www.frederic-poitou.com\/blog\/pas-dadjoint-a-lenvironnement-a-aix-en-provence\/","og_locale":"fr_FR","og_type":"article","og_title":"PAS D'ADJOINT A L'ENVIRONNEMENT A AIX-EN-PROVENCE ! -","og_description":"Le r\u00e9cent arr\u00eat du Conseil d\u2019\u00c9tat pointant Marseille-Aix comme l\u2019une des neuf zones en France o\u00f9 la pollution d\u00e9passe les valeurs limites pour les particules fine et le dioxyde d\u2019azote n&rsquo;y a rien fait. Pas plus que la toute r\u00e9cente &hellip; Lire la suite\u00ad\u00ad","og_url":"http:\/\/www.frederic-poitou.com\/blog\/pas-dadjoint-a-lenvironnement-a-aix-en-provence\/","article_publisher":"https:\/\/www.facebook.com\/frederic.poitou\/","article_published_time":"2023-07-13T11:22:32+00:00","article_modified_time":"2026-04-08T21:28:14+00:00","og_image":[{"width":1220,"height":1116,"url":"http:\/\/www.frederic-poitou.com\/blog\/wp-content\/2020\/08\/117645568_2459756610988758_5717926778833217401_o.jpg","type":"image\/jpeg"}],"author":"Fr\u00e9d\u00e9ric Poitou","twitter_card":"summary_large_image","twitter_creator":"@fredericpoitou","twitter_site":"@fredericpoitou","twitter_misc":{"\u00c9crit par":"Fr\u00e9d\u00e9ric Poitou","Dur\u00e9e de lecture estim\u00e9e":"2 minutes"},"schema":{"@context":"https:\/\/schema.org","@graph":[{"@type":"Article","@id":"http:\/\/www.frederic-poitou.com\/blog\/pas-dadjoint-a-lenvironnement-a-aix-en-provence\/#article","isPartOf":{"@id":"http:\/\/www.frederic-poitou.com\/blog\/pas-dadjoint-a-lenvironnement-a-aix-en-provence\/"},"author":{"name":"Fr\u00e9d\u00e9ric Poitou","@id":"http:\/\/www.frederic-poitou.com\/blog\/#\/schema\/person\/e2c2d05e978747818533fdce859a7799"},"headline":"PAS D&rsquo;ADJOINT A L&rsquo;ENVIRONNEMENT A AIX-EN-PROVENCE !","datePublished":"2023-07-13T11:22:32+00:00","dateModified":"2026-04-08T21:28:14+00:00","mainEntityOfPage":{"@id":"http:\/\/www.frederic-poitou.com\/blog\/pas-dadjoint-a-lenvironnement-a-aix-en-provence\/"},"wordCount":410,"image":{"@id":"http:\/\/www.frederic-poitou.com\/blog\/pas-dadjoint-a-lenvironnement-a-aix-en-provence\/#primaryimage"},"thumbnailUrl":"http:\/\/www.frederic-poitou.com\/blog\/wp-content\/2020\/08\/117645568_2459756610988758_5717926778833217401_o.jpg","articleSection":["Accueil","Ecologie","Europe","Politique","Soci\u00e9t\u00e9"],"inLanguage":"fr-FR"},{"@type":"WebPage","@id":"http:\/\/www.frederic-poitou.com\/blog\/pas-dadjoint-a-lenvironnement-a-aix-en-provence\/","url":"http:\/\/www.frederic-poitou.com\/blog\/pas-dadjoint-a-lenvironnement-a-aix-en-provence\/","name":"PAS D'ADJOINT A L'ENVIRONNEMENT A AIX-EN-PROVENCE ! -","isPartOf":{"@id":"http:\/\/www.frederic-poitou.com\/blog\/#website"},"primaryImageOfPage":{"@id":"http:\/\/www.frederic-poitou.com\/blog\/pas-dadjoint-a-lenvironnement-a-aix-en-provence\/#primaryimage"},"image":{"@id":"http:\/\/www.frederic-poitou.com\/blog\/pas-dadjoint-a-lenvironnement-a-aix-en-provence\/#primaryimage"},"thumbnailUrl":"http:\/\/www.frederic-poitou.com\/blog\/wp-content\/2020\/08\/117645568_2459756610988758_5717926778833217401_o.jpg","datePublished":"2023-07-13T11:22:32+00:00","dateModified":"2026-04-08T21:28:14+00:00","author":{"@id":"http:\/\/www.frederic-poitou.com\/blog\/#\/schema\/person\/e2c2d05e978747818533fdce859a7799"},"breadcrumb":{"@id":"http:\/\/www.frederic-poitou.com\/blog\/pas-dadjoint-a-lenvironnement-a-aix-en-provence\/#breadcrumb"},"inLanguage":"fr-FR","potentialAction":[{"@type":"ReadAction","target":["http:\/\/www.frederic-poitou.com\/blog\/pas-dadjoint-a-lenvironnement-a-aix-en-provence\/"]}]},{"@type":"ImageObject","inLanguage":"fr-FR","@id":"http:\/\/www.frederic-poitou.com\/blog\/pas-dadjoint-a-lenvironnement-a-aix-en-provence\/#primaryimage","url":"http:\/\/www.frederic-poitou.com\/blog\/wp-content\/2020\/08\/117645568_2459756610988758_5717926778833217401_o.jpg","contentUrl":"http:\/\/www.frederic-poitou.com\/blog\/wp-content\/2020\/08\/117645568_2459756610988758_5717926778833217401_o.jpg","width":1220,"height":1116,"caption":"Pas d'adjoint \u00e0 l'environnement \u00e0 Aix-en-Provence"},{"@type":"BreadcrumbList","@id":"http:\/\/www.frederic-poitou.com\/blog\/pas-dadjoint-a-lenvironnement-a-aix-en-provence\/#breadcrumb","itemListElement":[{"@type":"ListItem","position":1,"name":"Accueil","item":"http:\/\/www.frederic-poitou.com\/blog\/"},{"@type":"ListItem","position":2,"name":"PAS D&rsquo;ADJOINT A L&rsquo;ENVIRONNEMENT A AIX-EN-PROVENCE !"}]},{"@type":"WebSite","@id":"http:\/\/www.frederic-poitou.com\/blog\/#website","url":"http:\/\/www.frederic-poitou.com\/blog\/","name":"","description":"","potentialAction":[{"@type":"SearchAction","target":{"@type":"EntryPoint","urlTemplate":"http:\/\/www.frederic-poitou.com\/blog\/?s={search_term_string}"},"query-input":{"@type":"PropertyValueSpecification","valueRequired":true,"valueName":"search_term_string"}}],"inLanguage":"fr-FR"},{"@type":"Person","@id":"http:\/\/www.frederic-poitou.com\/blog\/#\/schema\/person\/e2c2d05e978747818533fdce859a7799","name":"Fr\u00e9d\u00e9ric Poitou","image":{"@type":"ImageObject","inLanguage":"fr-FR","@id":"http:\/\/www.frederic-poitou.com\/blog\/#\/schema\/person\/image\/","url":"https:\/\/secure.gravatar.com\/avatar\/1933bcca279a2feafd35d9e0a080c521e11beb51115fe4cfe02e2586ac13424a?s=96&d=mm&r=g","contentUrl":"https:\/\/secure.gravatar.com\/avatar\/1933bcca279a2feafd35d9e0a080c521e11beb51115fe4cfe02e2586ac13424a?s=96&d=mm&r=g","caption":"Fr\u00e9d\u00e9ric Poitou"},"description":"Fr\u00e9d\u00e9ric Poitou est n\u00e9 \u00e0 Rouen, et y a fait des \u00e9tudes au Conservatoire en musique-\u00e9tudes en section piano. Il s'est ensuite orient\u00e9 vers des \u00e9tudes scientifiques o\u00f9 il a obtenu un dipl\u00f4me d'ing\u00e9nieur, puis un doctorat en Chimie. Il est Expert Judiciaire en France, en Belgique et \u00e0 Luxembourg, et agr\u00e9e par les Institutions Europ\u00e9ennes.","sameAs":["http:\/\/www.frederic-poitou.com","https:\/\/www.linkedin.com\/in\/frederic-poitou-b045a025\/"]}]}},"_links":{"self":[{"href":"http:\/\/www.frederic-poitou.com\/blog\/wp-json\/wp\/v2\/posts\/9818","targetHints":{"allow":["GET"]}}],"collection":[{"href":"http:\/\/www.frederic-poitou.com\/blog\/wp-json\/wp\/v2\/posts"}],"about":[{"href":"http:\/\/www.frederic-poitou.com\/blog\/wp-json\/wp\/v2\/types\/post"}],"author":[{"embeddable":true,"href":"http:\/\/www.frederic-poitou.com\/blog\/wp-json\/wp\/v2\/users\/4"}],"replies":[{"embeddable":true,"href":"http:\/\/www.frederic-poitou.com\/blog\/wp-json\/wp\/v2\/comments?post=9818"}],"version-history":[{"count":3,"href":"http:\/\/www.frederic-poitou.com\/blog\/wp-json\/wp\/v2\/posts\/9818\/revisions"}],"predecessor-version":[{"id":9826,"href":"http:\/\/www.frederic-poitou.com\/blog\/wp-json\/wp\/v2\/posts\/9818\/revisions\/9826"}],"wp:featuredmedia":[{"embeddable":true,"href":"http:\/\/www.frederic-poitou.com\/blog\/wp-json\/wp\/v2\/media\/9819"}],"wp:attachment":[{"href":"http:\/\/www.frederic-poitou.com\/blog\/wp-json\/wp\/v2\/media?parent=9818"}],"wp:term":[{"taxonomy":"category","embeddable":true,"href":"http:\/\/www.frederic-poitou.com\/blog\/wp-json\/wp\/v2\/categories?post=9818"},{"taxonomy":"post_tag","embeddable":true,"href":"http:\/\/www.frederic-poitou.com\/blog\/wp-json\/wp\/v2\/tags?post=9818"}],"curies":[{"name":"wp","href":"https:\/\/api.w.org\/{rel}","templated":true}]}}