{"id":9761,"date":"2023-07-13T12:45:32","date_gmt":"2023-07-13T10:45:32","guid":{"rendered":"http:\/\/www.frederic-poitou.com\/blog\/?p=9761"},"modified":"2026-04-08T19:35:08","modified_gmt":"2026-04-08T17:35:08","slug":"et-si-on-reflechissait","status":"publish","type":"post","link":"http:\/\/www.frederic-poitou.com\/blog\/et-si-on-reflechissait\/","title":{"rendered":"ET SI ON R\u00c9FL\u00c9CHISSAIT ?"},"content":{"rendered":"<p><em>\u00ab\u00a0On a d\u00e9j\u00e0 connu beaucoup d\u2019\u00e9pid\u00e9mies qui ont contraint \u00e0 des r\u00e9volutions culturelles, \u00e0 de l\u2019adaptation\u00bb<\/em> Boris Cyrulnik<\/p>\n<p>L\u2019Histoire de l\u2019Humanit\u00e9 n\u2019est faite que de sauts comportementaux quantiques dont les peurs sont toujours \u00e0 l\u2019origine : Peur de la maladie (grandes \u00e9pid\u00e9mie comme celle de la peste, de la grippe espagnole), peur du dysfonctionnement d\u2019un syst\u00e8me \u00e9conomique et financier (crises de 1929, de 2008), peur du d\u00e9r\u00e8glement climatique de cons\u00e9quences d\u00e9sormais visibles, peur du fanatisme religieux que nos soci\u00e9t\u00e9s affrontent depuis les ann\u00e9es 2010.<\/p>\n<p>&nbsp;<\/p>\n<p style=\"text-align: center;\"><strong><span style=\"color: #333399;\">Ca n\u2019est malheureusement pas le bon sens, mais l\u2019angoisse de l\u2019inconnu qui d\u00e9clenche l\u2019adaptation. La crainte impose <em>in fine<\/em> ce qu&rsquo;au bon sens aurait sugg\u00e9r\u00e9 la raison.<\/span><\/strong><\/p>\n<p>&nbsp;<\/p>\n<p>Ce 1er Mai particulier survient en m\u00eame temps que deux moments plan\u00e9taires synchrones, aussi traumatisants que potentiellement vecteurs d\u2019une main tendue nous incitant \u00e0 inventer un nouveau mod\u00e8le soci\u00e9tal.<\/p>\n<ul>\n<li>Un d\u00e9r\u00e8glement climatique qu\u2019il ne nous est plus possible de nier. Il est d\u00e9sormais visible au quotidien et nous impose individuellement une modification profonde de comportement pour rompre avec une soci\u00e9t\u00e9 dans laquelle notre seul objectif \u00e9tait de cr\u00e9er les conditions de notre propre confort, au m\u00e9pris surr\u00e9aliste de l\u2019espace qui nous nourrit : La plan\u00e8te<\/li>\n<li>Depuis quelques semaines, une \u00e9pid\u00e9mie mondiale de prolif\u00e9ration anarchique et non contr\u00f4l\u00e9e dont les cons\u00e9quences sont multiples et n\u00e9cessitent un effort \u00e0 la fois global d\u2019organisation de nos nations, et personnel de modifications de notre mode de vie quotidien.<\/li>\n<\/ul>\n<p>Nous allons devoir modifier tr\u00e8s rapidement nos habitudes domestiques et professionnelles pour passer tr\u00e8s vite vers une attitude moins consommatrice en \u00e9nergie, en d\u00e9placement, en achats, moins gourmande tout court, tout en pr\u00e9servant notre activit\u00e9. C\u2019est une simple question d\u2019optimisation.<\/p>\n<p>Nous allons nous rendre compte que nous pouvons produire pratiquement la m\u00eame chose avec moins d\u2019\u00e9nergie, ou \u00e0 l\u2019inverse beaucoup plus avec la m\u00eame \u00e9nergie. Nous devrons simplement adapter nos objectifs et optimiser les ressources \u00e9nerg\u00e9tiques, humaines, technologiques, financi\u00e8res ou \u00e9conomiques que nous mobilisons pour les atteindre.<\/p>\n<p>C\u2019est le terme \u00e0 la mode : \u00abChanger de paradigme\u00bb. Cela signifie en sociologie changer la mani\u00e8re dont un groupe r\u00e9agit \u00e0 la perception de sa propre condition pour l\u2019adapter au contexte.<\/p>\n<p>L\u2019adaptation mesure la capacit\u00e9 d\u2019un \u00eatre vivant, ou d\u2019une communaut\u00e9 d\u2019\u00eatres vivants \u00e0 ajuster son fonctionnement propre \u00e0 un changement impr\u00e9vu et inconnu. Ca tombe bien ! C\u2019est juste ce dont notre plan\u00e8te avait besoin pour passer d\u2019un mod\u00e8le actuel hyper-consum\u00e9riste, apparu dans les ann\u00e9es 60 et par d\u00e9finition d\u00e9pass\u00e9 puisqu\u2019il consistait \u00e0 mettre en \u0153uvre plus de ressources que la plan\u00e8te ne peut en produire, vers un mod\u00e8le \u00e9conome en ressources consomm\u00e9es, qu\u2019elles soient humaines, technologiques ou \u00e9conomiques.<\/p>\n<p>Face \u00e0 la mise \u00e0 mal de notre mod\u00e8le soci\u00e9tal et de ses libert\u00e9s individuelles par ces crises successives, les barri\u00e8res de protections ne pourront \u00eatre que communes, prenant soin de pr\u00e9server un service public qui s\u2019av\u00e8re d\u00e9sormais vital au bon fonctionnement de la soci\u00e9t\u00e9 \u00e0 commencer par ses syst\u00e8mes de protection sociale et de sant\u00e9, ce dont on se rend compte \u00e0 mesure que les mesures de confinement restreignent notre libert\u00e9 de mouvement et nos conditions de vie.<\/p>\n<p>Ces ruptures vont nous contraindre \u00e0 regarder l\u2019autre comme source de solution et ralentir un temps que nous ma\u00eetrisons d\u00e9sormais moins bien.\u00a0Notre recherche du temps \u00e0 venir sera une \u00e9loge de la lenteur et de l\u2019altruisme, ou ne sera pas\u00a0!<\/p>\n<p>Le drame de cette situation est que ceux qui se posent ces probl\u00e9matiques seront moins affect\u00e9s par les cons\u00e9quences de cette situation que ceux qui ne se la posent pas\u00a0: Se poser le probl\u00e8me est d\u00e9j\u00e0 s\u2019y adapter ce qui met en \u00e9vidence l\u2019in\u00e9galit\u00e9 des populations face \u00e0 ces crises sanitaires.<\/p>\n<p>Depuis que Ren\u00e9 Dumont les a d\u00e9nonc\u00e9es lors de la campagne pr\u00e9sidentielle <a href=\"http:\/\/www.frederic-poitou.com\/blog\/et-si-on-reflechissait\/\"><span style=\"color: #333399;\"><strong>1974<\/strong><\/span><\/a>, les cons\u00e9quences du d\u00e9r\u00e8glement et du changement climatiques sont une r\u00e9alit\u00e9 avec des cons\u00e9quences dans de nombreux domaines (canicules, incendies, cyclones, couche d\u2019ozone, biodiversit\u00e9, v\u00e9g\u00e9tation). Elles imposent, d\u00e9sormais depuis une vingtaine d\u2019ann\u00e9es des modifications comportementales, de proc\u00e9dures, et de m\u00e9thodes de travail.<\/p>\n<p>En <a href=\"http:\/\/www.frederic-poitou.com\/blog\/et-si-on-reflechissait\/\"><span style=\"color: #333399;\"><strong>2020<\/strong><\/span><\/a>\u00a0et en\u00a0vertu d\u2019un principe de r\u00e9versibilit\u00e9, ce qu\u2019une soci\u00e9t\u00e9 a d\u00e9truit, cette m\u00eame soci\u00e9t\u00e9 peut le reconstruire.<\/p>\n<p>\u00ab <em>Rien ne se perd, rien ne se cr\u00e9e, tout se transforme.<\/em> \u00bb, Comme l\u2019a th\u00e9oris\u00e9 Lavoisier sous une forme un peu d\u00e9velopp\u00e9e dans son trait\u00e9 \u00e9l\u00e9mentaire de chimie.<\/p>\n<p>&nbsp;<\/p>\n<p>Alors, en ce premier Mai qui trouvera je l&rsquo;esp\u00e8re, vos proches et vous m\u00eame en bonne sant\u00e9, si l&rsquo;on faisait comme la coccinelle sur ce brin de muguet : Si l&rsquo;on r\u00e9fl\u00e9chissait ?<\/p>\n<div>Je vous donne alors rendez-vous l&rsquo;an prochain, pour un 1er Mai 2021 auquel la puissance de notre <a href=\"http:\/\/www.frederic-poitou.com\/blog\/et-si-on-reflechissait\/\" target=\"_blank\" rel=\"noopener noreferrer\"><em>r\u00e9flexion<\/em><\/a> aura rendu l&rsquo;espoir, \u00e0 l&rsquo;image de la <a href=\"http:\/\/www.frederic-poitou.com\/blog\/et-si-on-reflechissait\/\" target=\"_blank\" rel=\"noopener noreferrer\"><em>r\u00e9flexion<\/em><\/a> de la coccinelle de ce brin de muguet 2020.<\/div>\n<div><\/div>\n<div><\/div>\n<div>Notre histoire est belle, \u00e9crivons la.<\/div>\n<div><\/div>\n<div><\/div>\n<div style=\"text-align: left; padding-left: 600px;\"><strong><span style=\"color: #000080;\"><em>Fr\u00e9d\u00e9ric<\/em><\/span><\/strong><\/div>\n","protected":false},"excerpt":{"rendered":"<p>\u00ab\u00a0On a d\u00e9j\u00e0 connu beaucoup d\u2019\u00e9pid\u00e9mies qui ont contraint \u00e0 des r\u00e9volutions culturelles, \u00e0 de l\u2019adaptation\u00bb Boris Cyrulnik L\u2019Histoire de l\u2019Humanit\u00e9 n\u2019est faite que de sauts comportementaux quantiques dont les peurs sont toujours \u00e0 l\u2019origine : Peur de la maladie &hellip; <a href=\"http:\/\/www.frederic-poitou.com\/blog\/et-si-on-reflechissait\/\">Lire la suite\u00ad\u00ad<\/a><\/p>\n","protected":false},"author":4,"featured_media":9762,"comment_status":"closed","ping_status":"open","sticky":false,"template":"","format":"standard","meta":{"kt_blocks_editor_width":"","_exactmetrics_skip_tracking":false,"_exactmetrics_sitenote_active":false,"_exactmetrics_sitenote_note":"","_exactmetrics_sitenote_category":0,"footnotes":""},"categories":[48,52],"tags":[],"class_list":["post-9761","post","type-post","status-publish","format-standard","has-post-thumbnail","hentry","category-accueil","category-belgique-2"],"yoast_head":"<!-- This site is optimized with the Yoast SEO plugin v27.1.1 - https:\/\/yoast.com\/product\/yoast-seo-wordpress\/ -->\n<title>ET SI ON R\u00c9FL\u00c9CHISSAIT ? -<\/title>\n<meta name=\"robots\" content=\"index, follow, max-snippet:-1, max-image-preview:large, max-video-preview:-1\" \/>\n<link rel=\"canonical\" href=\"https:\/\/www.frederic-poitou.com\/blog\/et-si-on-reflechissait\/\" \/>\n<meta property=\"og:locale\" content=\"fr_FR\" \/>\n<meta property=\"og:type\" content=\"article\" \/>\n<meta property=\"og:title\" content=\"ET SI ON R\u00c9FL\u00c9CHISSAIT ? -\" \/>\n<meta property=\"og:description\" content=\"\u00ab\u00a0On a d\u00e9j\u00e0 connu beaucoup d\u2019\u00e9pid\u00e9mies qui ont contraint \u00e0 des r\u00e9volutions culturelles, \u00e0 de l\u2019adaptation\u00bb Boris Cyrulnik L\u2019Histoire de l\u2019Humanit\u00e9 n\u2019est faite que de sauts comportementaux quantiques dont les peurs sont toujours \u00e0 l\u2019origine : Peur de la maladie &hellip; Lire la suite\u00ad\u00ad\" \/>\n<meta property=\"og:url\" content=\"https:\/\/www.frederic-poitou.com\/blog\/et-si-on-reflechissait\/\" \/>\n<meta property=\"article:publisher\" content=\"https:\/\/www.facebook.com\/frederic.poitou\/\" \/>\n<meta property=\"article:published_time\" content=\"2023-07-13T10:45:32+00:00\" \/>\n<meta property=\"article:modified_time\" content=\"2026-04-08T17:35:08+00:00\" \/>\n<meta property=\"og:image\" content=\"https:\/\/www.frederic-poitou.com\/blog\/wp-content\/2020\/04\/Coccinelle-Muguet.jpg\" \/>\n\t<meta property=\"og:image:width\" content=\"800\" \/>\n\t<meta property=\"og:image:height\" content=\"600\" \/>\n\t<meta property=\"og:image:type\" content=\"image\/jpeg\" \/>\n<meta name=\"author\" content=\"Fr\u00e9d\u00e9ric Poitou\" \/>\n<meta name=\"twitter:card\" content=\"summary_large_image\" \/>\n<meta name=\"twitter:creator\" content=\"@fredericpoitou\" \/>\n<meta name=\"twitter:site\" content=\"@fredericpoitou\" \/>\n<meta name=\"twitter:label1\" content=\"\u00c9crit par\" \/>\n\t<meta name=\"twitter:data1\" content=\"Fr\u00e9d\u00e9ric Poitou\" \/>\n\t<meta name=\"twitter:label2\" content=\"Dur\u00e9e de lecture estim\u00e9e\" \/>\n\t<meta name=\"twitter:data2\" content=\"4 minutes\" \/>\n<script type=\"application\/ld+json\" class=\"yoast-schema-graph\">{\"@context\":\"https:\/\/schema.org\",\"@graph\":[{\"@type\":\"Article\",\"@id\":\"https:\/\/www.frederic-poitou.com\/blog\/et-si-on-reflechissait\/#article\",\"isPartOf\":{\"@id\":\"https:\/\/www.frederic-poitou.com\/blog\/et-si-on-reflechissait\/\"},\"author\":{\"name\":\"Fr\u00e9d\u00e9ric Poitou\",\"@id\":\"http:\/\/www.frederic-poitou.com\/blog\/#\/schema\/person\/e2c2d05e978747818533fdce859a7799\"},\"headline\":\"ET SI ON R\u00c9FL\u00c9CHISSAIT ?\",\"datePublished\":\"2023-07-13T10:45:32+00:00\",\"dateModified\":\"2026-04-08T17:35:08+00:00\",\"mainEntityOfPage\":{\"@id\":\"https:\/\/www.frederic-poitou.com\/blog\/et-si-on-reflechissait\/\"},\"wordCount\":904,\"image\":{\"@id\":\"https:\/\/www.frederic-poitou.com\/blog\/et-si-on-reflechissait\/#primaryimage\"},\"thumbnailUrl\":\"http:\/\/www.frederic-poitou.com\/blog\/wp-content\/2020\/04\/Coccinelle-Muguet.jpg\",\"articleSection\":[\"Accueil\",\"Belgique\"],\"inLanguage\":\"fr-FR\"},{\"@type\":\"WebPage\",\"@id\":\"https:\/\/www.frederic-poitou.com\/blog\/et-si-on-reflechissait\/\",\"url\":\"https:\/\/www.frederic-poitou.com\/blog\/et-si-on-reflechissait\/\",\"name\":\"ET SI ON R\u00c9FL\u00c9CHISSAIT ? -\",\"isPartOf\":{\"@id\":\"http:\/\/www.frederic-poitou.com\/blog\/#website\"},\"primaryImageOfPage\":{\"@id\":\"https:\/\/www.frederic-poitou.com\/blog\/et-si-on-reflechissait\/#primaryimage\"},\"image\":{\"@id\":\"https:\/\/www.frederic-poitou.com\/blog\/et-si-on-reflechissait\/#primaryimage\"},\"thumbnailUrl\":\"http:\/\/www.frederic-poitou.com\/blog\/wp-content\/2020\/04\/Coccinelle-Muguet.jpg\",\"datePublished\":\"2023-07-13T10:45:32+00:00\",\"dateModified\":\"2026-04-08T17:35:08+00:00\",\"author\":{\"@id\":\"http:\/\/www.frederic-poitou.com\/blog\/#\/schema\/person\/e2c2d05e978747818533fdce859a7799\"},\"breadcrumb\":{\"@id\":\"https:\/\/www.frederic-poitou.com\/blog\/et-si-on-reflechissait\/#breadcrumb\"},\"inLanguage\":\"fr-FR\",\"potentialAction\":[{\"@type\":\"ReadAction\",\"target\":[\"https:\/\/www.frederic-poitou.com\/blog\/et-si-on-reflechissait\/\"]}]},{\"@type\":\"ImageObject\",\"inLanguage\":\"fr-FR\",\"@id\":\"https:\/\/www.frederic-poitou.com\/blog\/et-si-on-reflechissait\/#primaryimage\",\"url\":\"http:\/\/www.frederic-poitou.com\/blog\/wp-content\/2020\/04\/Coccinelle-Muguet.jpg\",\"contentUrl\":\"http:\/\/www.frederic-poitou.com\/blog\/wp-content\/2020\/04\/Coccinelle-Muguet.jpg\",\"width\":800,\"height\":600},{\"@type\":\"BreadcrumbList\",\"@id\":\"https:\/\/www.frederic-poitou.com\/blog\/et-si-on-reflechissait\/#breadcrumb\",\"itemListElement\":[{\"@type\":\"ListItem\",\"position\":1,\"name\":\"Accueil\",\"item\":\"http:\/\/www.frederic-poitou.com\/blog\/\"},{\"@type\":\"ListItem\",\"position\":2,\"name\":\"ET SI ON R\u00c9FL\u00c9CHISSAIT ?\"}]},{\"@type\":\"WebSite\",\"@id\":\"http:\/\/www.frederic-poitou.com\/blog\/#website\",\"url\":\"http:\/\/www.frederic-poitou.com\/blog\/\",\"name\":\"\",\"description\":\"\",\"potentialAction\":[{\"@type\":\"SearchAction\",\"target\":{\"@type\":\"EntryPoint\",\"urlTemplate\":\"http:\/\/www.frederic-poitou.com\/blog\/?s={search_term_string}\"},\"query-input\":{\"@type\":\"PropertyValueSpecification\",\"valueRequired\":true,\"valueName\":\"search_term_string\"}}],\"inLanguage\":\"fr-FR\"},{\"@type\":\"Person\",\"@id\":\"http:\/\/www.frederic-poitou.com\/blog\/#\/schema\/person\/e2c2d05e978747818533fdce859a7799\",\"name\":\"Fr\u00e9d\u00e9ric Poitou\",\"image\":{\"@type\":\"ImageObject\",\"inLanguage\":\"fr-FR\",\"@id\":\"http:\/\/www.frederic-poitou.com\/blog\/#\/schema\/person\/image\/\",\"url\":\"https:\/\/secure.gravatar.com\/avatar\/1933bcca279a2feafd35d9e0a080c521e11beb51115fe4cfe02e2586ac13424a?s=96&d=mm&r=g\",\"contentUrl\":\"https:\/\/secure.gravatar.com\/avatar\/1933bcca279a2feafd35d9e0a080c521e11beb51115fe4cfe02e2586ac13424a?s=96&d=mm&r=g\",\"caption\":\"Fr\u00e9d\u00e9ric Poitou\"},\"description\":\"Fr\u00e9d\u00e9ric Poitou est n\u00e9 \u00e0 Rouen, et y a fait des \u00e9tudes au Conservatoire en musique-\u00e9tudes en section piano. Il s'est ensuite orient\u00e9 vers des \u00e9tudes scientifiques o\u00f9 il a obtenu un dipl\u00f4me d'ing\u00e9nieur, puis un doctorat en Chimie. Il est Expert Judiciaire en France, en Belgique et \u00e0 Luxembourg, et agr\u00e9e par les Institutions Europ\u00e9ennes.\",\"sameAs\":[\"http:\/\/www.frederic-poitou.com\",\"https:\/\/www.linkedin.com\/in\/frederic-poitou-b045a025\/\"]}]}<\/script>\n<!-- \/ Yoast SEO plugin. -->","yoast_head_json":{"title":"ET SI ON R\u00c9FL\u00c9CHISSAIT ? -","robots":{"index":"index","follow":"follow","max-snippet":"max-snippet:-1","max-image-preview":"max-image-preview:large","max-video-preview":"max-video-preview:-1"},"canonical":"https:\/\/www.frederic-poitou.com\/blog\/et-si-on-reflechissait\/","og_locale":"fr_FR","og_type":"article","og_title":"ET SI ON R\u00c9FL\u00c9CHISSAIT ? -","og_description":"\u00ab\u00a0On a d\u00e9j\u00e0 connu beaucoup d\u2019\u00e9pid\u00e9mies qui ont contraint \u00e0 des r\u00e9volutions culturelles, \u00e0 de l\u2019adaptation\u00bb Boris Cyrulnik L\u2019Histoire de l\u2019Humanit\u00e9 n\u2019est faite que de sauts comportementaux quantiques dont les peurs sont toujours \u00e0 l\u2019origine : Peur de la maladie &hellip; Lire la suite\u00ad\u00ad","og_url":"https:\/\/www.frederic-poitou.com\/blog\/et-si-on-reflechissait\/","article_publisher":"https:\/\/www.facebook.com\/frederic.poitou\/","article_published_time":"2023-07-13T10:45:32+00:00","article_modified_time":"2026-04-08T17:35:08+00:00","og_image":[{"width":800,"height":600,"url":"https:\/\/www.frederic-poitou.com\/blog\/wp-content\/2020\/04\/Coccinelle-Muguet.jpg","type":"image\/jpeg"}],"author":"Fr\u00e9d\u00e9ric Poitou","twitter_card":"summary_large_image","twitter_creator":"@fredericpoitou","twitter_site":"@fredericpoitou","twitter_misc":{"\u00c9crit par":"Fr\u00e9d\u00e9ric Poitou","Dur\u00e9e de lecture estim\u00e9e":"4 minutes"},"schema":{"@context":"https:\/\/schema.org","@graph":[{"@type":"Article","@id":"https:\/\/www.frederic-poitou.com\/blog\/et-si-on-reflechissait\/#article","isPartOf":{"@id":"https:\/\/www.frederic-poitou.com\/blog\/et-si-on-reflechissait\/"},"author":{"name":"Fr\u00e9d\u00e9ric Poitou","@id":"http:\/\/www.frederic-poitou.com\/blog\/#\/schema\/person\/e2c2d05e978747818533fdce859a7799"},"headline":"ET SI ON R\u00c9FL\u00c9CHISSAIT ?","datePublished":"2023-07-13T10:45:32+00:00","dateModified":"2026-04-08T17:35:08+00:00","mainEntityOfPage":{"@id":"https:\/\/www.frederic-poitou.com\/blog\/et-si-on-reflechissait\/"},"wordCount":904,"image":{"@id":"https:\/\/www.frederic-poitou.com\/blog\/et-si-on-reflechissait\/#primaryimage"},"thumbnailUrl":"http:\/\/www.frederic-poitou.com\/blog\/wp-content\/2020\/04\/Coccinelle-Muguet.jpg","articleSection":["Accueil","Belgique"],"inLanguage":"fr-FR"},{"@type":"WebPage","@id":"https:\/\/www.frederic-poitou.com\/blog\/et-si-on-reflechissait\/","url":"https:\/\/www.frederic-poitou.com\/blog\/et-si-on-reflechissait\/","name":"ET SI ON R\u00c9FL\u00c9CHISSAIT ? -","isPartOf":{"@id":"http:\/\/www.frederic-poitou.com\/blog\/#website"},"primaryImageOfPage":{"@id":"https:\/\/www.frederic-poitou.com\/blog\/et-si-on-reflechissait\/#primaryimage"},"image":{"@id":"https:\/\/www.frederic-poitou.com\/blog\/et-si-on-reflechissait\/#primaryimage"},"thumbnailUrl":"http:\/\/www.frederic-poitou.com\/blog\/wp-content\/2020\/04\/Coccinelle-Muguet.jpg","datePublished":"2023-07-13T10:45:32+00:00","dateModified":"2026-04-08T17:35:08+00:00","author":{"@id":"http:\/\/www.frederic-poitou.com\/blog\/#\/schema\/person\/e2c2d05e978747818533fdce859a7799"},"breadcrumb":{"@id":"https:\/\/www.frederic-poitou.com\/blog\/et-si-on-reflechissait\/#breadcrumb"},"inLanguage":"fr-FR","potentialAction":[{"@type":"ReadAction","target":["https:\/\/www.frederic-poitou.com\/blog\/et-si-on-reflechissait\/"]}]},{"@type":"ImageObject","inLanguage":"fr-FR","@id":"https:\/\/www.frederic-poitou.com\/blog\/et-si-on-reflechissait\/#primaryimage","url":"http:\/\/www.frederic-poitou.com\/blog\/wp-content\/2020\/04\/Coccinelle-Muguet.jpg","contentUrl":"http:\/\/www.frederic-poitou.com\/blog\/wp-content\/2020\/04\/Coccinelle-Muguet.jpg","width":800,"height":600},{"@type":"BreadcrumbList","@id":"https:\/\/www.frederic-poitou.com\/blog\/et-si-on-reflechissait\/#breadcrumb","itemListElement":[{"@type":"ListItem","position":1,"name":"Accueil","item":"http:\/\/www.frederic-poitou.com\/blog\/"},{"@type":"ListItem","position":2,"name":"ET SI ON R\u00c9FL\u00c9CHISSAIT ?"}]},{"@type":"WebSite","@id":"http:\/\/www.frederic-poitou.com\/blog\/#website","url":"http:\/\/www.frederic-poitou.com\/blog\/","name":"","description":"","potentialAction":[{"@type":"SearchAction","target":{"@type":"EntryPoint","urlTemplate":"http:\/\/www.frederic-poitou.com\/blog\/?s={search_term_string}"},"query-input":{"@type":"PropertyValueSpecification","valueRequired":true,"valueName":"search_term_string"}}],"inLanguage":"fr-FR"},{"@type":"Person","@id":"http:\/\/www.frederic-poitou.com\/blog\/#\/schema\/person\/e2c2d05e978747818533fdce859a7799","name":"Fr\u00e9d\u00e9ric Poitou","image":{"@type":"ImageObject","inLanguage":"fr-FR","@id":"http:\/\/www.frederic-poitou.com\/blog\/#\/schema\/person\/image\/","url":"https:\/\/secure.gravatar.com\/avatar\/1933bcca279a2feafd35d9e0a080c521e11beb51115fe4cfe02e2586ac13424a?s=96&d=mm&r=g","contentUrl":"https:\/\/secure.gravatar.com\/avatar\/1933bcca279a2feafd35d9e0a080c521e11beb51115fe4cfe02e2586ac13424a?s=96&d=mm&r=g","caption":"Fr\u00e9d\u00e9ric Poitou"},"description":"Fr\u00e9d\u00e9ric Poitou est n\u00e9 \u00e0 Rouen, et y a fait des \u00e9tudes au Conservatoire en musique-\u00e9tudes en section piano. Il s'est ensuite orient\u00e9 vers des \u00e9tudes scientifiques o\u00f9 il a obtenu un dipl\u00f4me d'ing\u00e9nieur, puis un doctorat en Chimie. Il est Expert Judiciaire en France, en Belgique et \u00e0 Luxembourg, et agr\u00e9e par les Institutions Europ\u00e9ennes.","sameAs":["http:\/\/www.frederic-poitou.com","https:\/\/www.linkedin.com\/in\/frederic-poitou-b045a025\/"]}]}},"_links":{"self":[{"href":"http:\/\/www.frederic-poitou.com\/blog\/wp-json\/wp\/v2\/posts\/9761","targetHints":{"allow":["GET"]}}],"collection":[{"href":"http:\/\/www.frederic-poitou.com\/blog\/wp-json\/wp\/v2\/posts"}],"about":[{"href":"http:\/\/www.frederic-poitou.com\/blog\/wp-json\/wp\/v2\/types\/post"}],"author":[{"embeddable":true,"href":"http:\/\/www.frederic-poitou.com\/blog\/wp-json\/wp\/v2\/users\/4"}],"replies":[{"embeddable":true,"href":"http:\/\/www.frederic-poitou.com\/blog\/wp-json\/wp\/v2\/comments?post=9761"}],"version-history":[{"count":4,"href":"http:\/\/www.frederic-poitou.com\/blog\/wp-json\/wp\/v2\/posts\/9761\/revisions"}],"predecessor-version":[{"id":9766,"href":"http:\/\/www.frederic-poitou.com\/blog\/wp-json\/wp\/v2\/posts\/9761\/revisions\/9766"}],"wp:featuredmedia":[{"embeddable":true,"href":"http:\/\/www.frederic-poitou.com\/blog\/wp-json\/wp\/v2\/media\/9762"}],"wp:attachment":[{"href":"http:\/\/www.frederic-poitou.com\/blog\/wp-json\/wp\/v2\/media?parent=9761"}],"wp:term":[{"taxonomy":"category","embeddable":true,"href":"http:\/\/www.frederic-poitou.com\/blog\/wp-json\/wp\/v2\/categories?post=9761"},{"taxonomy":"post_tag","embeddable":true,"href":"http:\/\/www.frederic-poitou.com\/blog\/wp-json\/wp\/v2\/tags?post=9761"}],"curies":[{"name":"wp","href":"https:\/\/api.w.org\/{rel}","templated":true}]}}