{"id":9575,"date":"2023-07-15T03:32:32","date_gmt":"2023-07-15T01:32:32","guid":{"rendered":"http:\/\/www.frederic-poitou.com\/blog\/?p=9575"},"modified":"2026-04-25T00:35:55","modified_gmt":"2026-04-24T22:35:55","slug":"pourquoi-jai-decide-de-rejoindre-la-liste-repondre-aux-aixois-conduite-par-jean-marc-perrin","status":"publish","type":"post","link":"http:\/\/www.frederic-poitou.com\/blog\/pourquoi-jai-decide-de-rejoindre-la-liste-repondre-aux-aixois-conduite-par-jean-marc-perrin\/","title":{"rendered":"POURQUOI J&rsquo;AI D\u00c9CID\u00c9 DE REJOINDRE LA LISTE \u00ab\u00a0R\u00c9PONDRE AUX AIXOIS\u00a0\u00bb CONDUITE PAR JEAN-MARC PERRIN"},"content":{"rendered":"<p>Voici le texte int\u00e9gral du clip tourn\u00e9 avec @cecile.deboisfroge, en prenant un verre au <a href=\"https:\/\/www.facebook.com\/pages\/Le-Grillon\/161590873853514\" target=\"_blank\" rel=\"noopener noreferrer\">@Grillon<\/a> !<\/p>\n<p>1- Pr\u00e9sentation<\/p>\n<p>Je suis n\u00e9 \u00e0 Rouen o\u00f9 j\u2019ai fait mes \u00e9tudes au Conservatoire de musique et pratiqu\u00e9 le hockey sur glace \u00e0 haut niveau international avant de venir vivre \u00e0 Aix ce qui m\u2019a permis d\u2019obtenir un diplome d\u2019ing\u00e9nieur et un Doctorat en chimie \u00e0 l\u2019Universit\u00e9 d\u2019Aix Marseille. Je suis mari\u00e9 et avec mon \u00e9pouse d\u2019origine belge, nous avons trois enfants dont un adolescent autiste Asperger.<\/p>\n<p>Depuis, j\u2019ai dirig\u00e9 plusieurs laboratoires de chimie, jusqu\u2019\u00e0 cr\u00e9er mon propre laboratoire, et d\u00e9venir Expert Judiciaire international, inscrit en France, en Belgique et \u00e0 Luxembourg, et mon cabinet de repr\u00e9sentation est agr\u00e9\u00e9 par les institutions europ\u00e9ennes pour les proc\u00e9d\u00e9s durables.<\/p>\n<p>&nbsp;<\/p>\n<p>2- Mon engagement en politique<\/p>\n<p>Mon investissement en politique n\u2019est pas r\u00e9cent, puisque j\u2019ai pris ma premi\u00e8re carte politique en 1983 \u00e0 l\u2019UDF, puis je suis devenu adh\u00e9rent du Parti Radical, le plus vieux parti de France issu de la IVe R\u00e9publique, et \u00e0 qui l\u2019on doit les r\u00e9formes les plus structurantes de notre mod\u00e8le r\u00e9publicain, dont la loi de s\u00e9paration des \u00e9glises et de l\u2019\u00e9tat, et les grandes lois sur les libert\u00e9s individuelles. Je suis orphelin, et je n\u2019ai pu r\u00e9ussir mon parcours professionnel que parceque le mod\u00e8le r\u00e9publicain me l\u2019a permis. La politique est donc pour moi un moyen de restituer \u00e0 la R\u00e9publique ce que son ascenseur social m\u2019a permis de r\u00e9ussir, et pour donner mon \u00e9nergie pour que d\u2019autres r\u00e9ussissent. Je suis plut\u00f4t lib\u00e9ral, europ\u00e9en convaincu, et passionn\u00e9 par ce que le mod\u00e8le r\u00e9publicain permet en terme d\u2019int\u00e9gration culturelle. La r\u00e9ussite et la visibilit\u00e9 personnelles m\u2019int\u00e9ressent moins que l\u2019int\u00e9r\u00eat commun.<\/p>\n<p>&nbsp;<\/p>\n<p>3- Pourquoi soutenir Jean-Marc Perrin ?<\/p>\n<p>J\u2019ai rejoint Jean-Marc Perrin pour trois raisons :<\/p>\n<ul>\n<li>une raison humaine : C\u2019est un gar\u00e7on fid\u00e8le, constant, travailleur, opini\u00e2tre et loyal.<\/li>\n<li>une motivation politique : Il a imm\u00e9diatement adh\u00e9r\u00e9 au mod\u00e8le politique que je lui ai propos\u00e9 pour qu\u2019Aix en Provence retrouve la place qu\u2019elle m\u00e9rite en Europe, en tant que ville universitaire europ\u00e9enne, engag\u00e9e dans sa transition environnementale, et qui sache s\u2019adapter aux \u00e9volutions technologiques.<\/li>\n<li>un constat de comp\u00e9tence : Parce qu\u2019il est bien le seul en mesure de redonner aux aixois la place qu\u2019ils m\u00e9ritent dans une ville qui est dirig\u00e9e de mani\u00e8re n\u00e9potique depuis des d\u00e9cennies par la m\u00eame famille et un petit groupe d\u2019irr\u00e9ductibles avec les exc\u00e9s client\u00e8listes et les \u00e9carts que l\u2019on sait,<\/li>\n<\/ul>\n<p>&nbsp;<\/p>\n<div class=\"entry-content-asset videofit\"><iframe loading=\"lazy\" title=\"Fre\u0301de\u0301ric Poitou, dirigeant de laboratoires et expert judiciaire, sur la liste de JM Perrin Aix2020\" width=\"500\" height=\"281\" src=\"https:\/\/www.youtube.com\/embed\/KXvllh763F4?feature=oembed\" frameborder=\"0\" allow=\"accelerometer; autoplay; clipboard-write; encrypted-media; gyroscope; picture-in-picture; web-share\" referrerpolicy=\"strict-origin-when-cross-origin\" allowfullscreen><\/iframe><\/div>\n","protected":false},"excerpt":{"rendered":"<p>Voici le texte int\u00e9gral du clip tourn\u00e9 avec @cecile.deboisfroge, en prenant un verre au @Grillon ! 1- Pr\u00e9sentation Je suis n\u00e9 \u00e0 Rouen o\u00f9 j\u2019ai fait mes \u00e9tudes au Conservatoire de musique et pratiqu\u00e9 le hockey sur glace \u00e0 haut &hellip; <a href=\"http:\/\/www.frederic-poitou.com\/blog\/pourquoi-jai-decide-de-rejoindre-la-liste-repondre-aux-aixois-conduite-par-jean-marc-perrin\/\">Lire la suite\u00ad\u00ad<\/a><\/p>\n","protected":false},"author":4,"featured_media":9589,"comment_status":"closed","ping_status":"open","sticky":false,"template":"","format":"standard","meta":{"kt_blocks_editor_width":"","_exactmetrics_skip_tracking":false,"_exactmetrics_sitenote_active":false,"_exactmetrics_sitenote_note":"","_exactmetrics_sitenote_category":0,"footnotes":""},"categories":[48,51],"tags":[],"class_list":["post-9575","post","type-post","status-publish","format-standard","has-post-thumbnail","hentry","category-accueil","category-politique"],"yoast_head":"<!-- This site is optimized with the Yoast SEO plugin v27.1.1 - https:\/\/yoast.com\/product\/yoast-seo-wordpress\/ -->\n<title>POURQUOI J&#039;AI D\u00c9CID\u00c9 DE REJOINDRE LA LISTE &quot;R\u00c9PONDRE AUX AIXOIS&quot; CONDUITE PAR JEAN-MARC PERRIN -<\/title>\n<meta name=\"description\" content=\"Fr\u00e9d\u00e9ric Poitou, blog personnel\" \/>\n<meta name=\"robots\" content=\"index, follow, max-snippet:-1, max-image-preview:large, max-video-preview:-1\" \/>\n<link rel=\"canonical\" href=\"https:\/\/www.frederic-poitou.com\/blog\/pourquoi-jai-decide-de-rejoindre-la-liste-repondre-aux-aixois-conduite-par-jean-marc-perrin\/\" \/>\n<meta property=\"og:locale\" content=\"fr_FR\" \/>\n<meta property=\"og:type\" content=\"article\" \/>\n<meta property=\"og:title\" content=\"POURQUOI J&#039;AI D\u00c9CID\u00c9 DE REJOINDRE LA LISTE &quot;R\u00c9PONDRE AUX AIXOIS&quot; CONDUITE PAR JEAN-MARC PERRIN -\" \/>\n<meta property=\"og:description\" content=\"Fr\u00e9d\u00e9ric Poitou, blog personnel\" \/>\n<meta property=\"og:url\" content=\"https:\/\/www.frederic-poitou.com\/blog\/pourquoi-jai-decide-de-rejoindre-la-liste-repondre-aux-aixois-conduite-par-jean-marc-perrin\/\" \/>\n<meta property=\"article:publisher\" content=\"https:\/\/www.facebook.com\/frederic.poitou\/\" \/>\n<meta property=\"article:published_time\" content=\"2023-07-15T01:32:32+00:00\" \/>\n<meta property=\"article:modified_time\" content=\"2026-04-24T22:35:55+00:00\" \/>\n<meta property=\"og:image\" content=\"https:\/\/www.frederic-poitou.com\/blog\/wp-content\/2020\/01\/FP.jpeg\" \/>\n\t<meta property=\"og:image:width\" content=\"2044\" \/>\n\t<meta property=\"og:image:height\" content=\"2148\" \/>\n\t<meta property=\"og:image:type\" content=\"image\/jpeg\" \/>\n<meta name=\"author\" content=\"Fr\u00e9d\u00e9ric Poitou\" \/>\n<meta name=\"twitter:card\" content=\"summary_large_image\" \/>\n<meta name=\"twitter:creator\" content=\"@fredericpoitou\" \/>\n<meta name=\"twitter:site\" content=\"@fredericpoitou\" \/>\n<meta name=\"twitter:label1\" content=\"\u00c9crit par\" \/>\n\t<meta name=\"twitter:data1\" content=\"Fr\u00e9d\u00e9ric Poitou\" \/>\n\t<meta name=\"twitter:label2\" content=\"Dur\u00e9e de lecture estim\u00e9e\" \/>\n\t<meta name=\"twitter:data2\" content=\"2 minutes\" \/>\n<script type=\"application\/ld+json\" class=\"yoast-schema-graph\">{\"@context\":\"https:\/\/schema.org\",\"@graph\":[{\"@type\":\"Article\",\"@id\":\"https:\/\/www.frederic-poitou.com\/blog\/pourquoi-jai-decide-de-rejoindre-la-liste-repondre-aux-aixois-conduite-par-jean-marc-perrin\/#article\",\"isPartOf\":{\"@id\":\"https:\/\/www.frederic-poitou.com\/blog\/pourquoi-jai-decide-de-rejoindre-la-liste-repondre-aux-aixois-conduite-par-jean-marc-perrin\/\"},\"author\":{\"name\":\"Fr\u00e9d\u00e9ric Poitou\",\"@id\":\"http:\/\/www.frederic-poitou.com\/blog\/#\/schema\/person\/e2c2d05e978747818533fdce859a7799\"},\"headline\":\"POURQUOI J&rsquo;AI D\u00c9CID\u00c9 DE REJOINDRE LA LISTE \u00ab\u00a0R\u00c9PONDRE AUX AIXOIS\u00a0\u00bb CONDUITE PAR JEAN-MARC PERRIN\",\"datePublished\":\"2023-07-15T01:32:32+00:00\",\"dateModified\":\"2026-04-24T22:35:55+00:00\",\"mainEntityOfPage\":{\"@id\":\"https:\/\/www.frederic-poitou.com\/blog\/pourquoi-jai-decide-de-rejoindre-la-liste-repondre-aux-aixois-conduite-par-jean-marc-perrin\/\"},\"wordCount\":494,\"image\":{\"@id\":\"https:\/\/www.frederic-poitou.com\/blog\/pourquoi-jai-decide-de-rejoindre-la-liste-repondre-aux-aixois-conduite-par-jean-marc-perrin\/#primaryimage\"},\"thumbnailUrl\":\"http:\/\/www.frederic-poitou.com\/blog\/wp-content\/2020\/01\/FP.jpeg\",\"articleSection\":[\"Accueil\",\"Politique\"],\"inLanguage\":\"fr-FR\"},{\"@type\":\"WebPage\",\"@id\":\"https:\/\/www.frederic-poitou.com\/blog\/pourquoi-jai-decide-de-rejoindre-la-liste-repondre-aux-aixois-conduite-par-jean-marc-perrin\/\",\"url\":\"https:\/\/www.frederic-poitou.com\/blog\/pourquoi-jai-decide-de-rejoindre-la-liste-repondre-aux-aixois-conduite-par-jean-marc-perrin\/\",\"name\":\"POURQUOI J'AI D\u00c9CID\u00c9 DE REJOINDRE LA LISTE \\\"R\u00c9PONDRE AUX AIXOIS\\\" CONDUITE PAR JEAN-MARC PERRIN -\",\"isPartOf\":{\"@id\":\"http:\/\/www.frederic-poitou.com\/blog\/#website\"},\"primaryImageOfPage\":{\"@id\":\"https:\/\/www.frederic-poitou.com\/blog\/pourquoi-jai-decide-de-rejoindre-la-liste-repondre-aux-aixois-conduite-par-jean-marc-perrin\/#primaryimage\"},\"image\":{\"@id\":\"https:\/\/www.frederic-poitou.com\/blog\/pourquoi-jai-decide-de-rejoindre-la-liste-repondre-aux-aixois-conduite-par-jean-marc-perrin\/#primaryimage\"},\"thumbnailUrl\":\"http:\/\/www.frederic-poitou.com\/blog\/wp-content\/2020\/01\/FP.jpeg\",\"datePublished\":\"2023-07-15T01:32:32+00:00\",\"dateModified\":\"2026-04-24T22:35:55+00:00\",\"author\":{\"@id\":\"http:\/\/www.frederic-poitou.com\/blog\/#\/schema\/person\/e2c2d05e978747818533fdce859a7799\"},\"description\":\"Fr\u00e9d\u00e9ric Poitou, blog personnel\",\"breadcrumb\":{\"@id\":\"https:\/\/www.frederic-poitou.com\/blog\/pourquoi-jai-decide-de-rejoindre-la-liste-repondre-aux-aixois-conduite-par-jean-marc-perrin\/#breadcrumb\"},\"inLanguage\":\"fr-FR\",\"potentialAction\":[{\"@type\":\"ReadAction\",\"target\":[\"https:\/\/www.frederic-poitou.com\/blog\/pourquoi-jai-decide-de-rejoindre-la-liste-repondre-aux-aixois-conduite-par-jean-marc-perrin\/\"]}]},{\"@type\":\"ImageObject\",\"inLanguage\":\"fr-FR\",\"@id\":\"https:\/\/www.frederic-poitou.com\/blog\/pourquoi-jai-decide-de-rejoindre-la-liste-repondre-aux-aixois-conduite-par-jean-marc-perrin\/#primaryimage\",\"url\":\"http:\/\/www.frederic-poitou.com\/blog\/wp-content\/2020\/01\/FP.jpeg\",\"contentUrl\":\"http:\/\/www.frederic-poitou.com\/blog\/wp-content\/2020\/01\/FP.jpeg\",\"width\":2044,\"height\":2148},{\"@type\":\"BreadcrumbList\",\"@id\":\"https:\/\/www.frederic-poitou.com\/blog\/pourquoi-jai-decide-de-rejoindre-la-liste-repondre-aux-aixois-conduite-par-jean-marc-perrin\/#breadcrumb\",\"itemListElement\":[{\"@type\":\"ListItem\",\"position\":1,\"name\":\"Accueil\",\"item\":\"http:\/\/www.frederic-poitou.com\/blog\/\"},{\"@type\":\"ListItem\",\"position\":2,\"name\":\"POURQUOI J&rsquo;AI D\u00c9CID\u00c9 DE REJOINDRE LA LISTE \u00ab\u00a0R\u00c9PONDRE AUX AIXOIS\u00a0\u00bb CONDUITE PAR JEAN-MARC PERRIN\"}]},{\"@type\":\"WebSite\",\"@id\":\"http:\/\/www.frederic-poitou.com\/blog\/#website\",\"url\":\"http:\/\/www.frederic-poitou.com\/blog\/\",\"name\":\"\",\"description\":\"\",\"potentialAction\":[{\"@type\":\"SearchAction\",\"target\":{\"@type\":\"EntryPoint\",\"urlTemplate\":\"http:\/\/www.frederic-poitou.com\/blog\/?s={search_term_string}\"},\"query-input\":{\"@type\":\"PropertyValueSpecification\",\"valueRequired\":true,\"valueName\":\"search_term_string\"}}],\"inLanguage\":\"fr-FR\"},{\"@type\":\"Person\",\"@id\":\"http:\/\/www.frederic-poitou.com\/blog\/#\/schema\/person\/e2c2d05e978747818533fdce859a7799\",\"name\":\"Fr\u00e9d\u00e9ric Poitou\",\"image\":{\"@type\":\"ImageObject\",\"inLanguage\":\"fr-FR\",\"@id\":\"http:\/\/www.frederic-poitou.com\/blog\/#\/schema\/person\/image\/\",\"url\":\"https:\/\/secure.gravatar.com\/avatar\/1933bcca279a2feafd35d9e0a080c521e11beb51115fe4cfe02e2586ac13424a?s=96&d=mm&r=g\",\"contentUrl\":\"https:\/\/secure.gravatar.com\/avatar\/1933bcca279a2feafd35d9e0a080c521e11beb51115fe4cfe02e2586ac13424a?s=96&d=mm&r=g\",\"caption\":\"Fr\u00e9d\u00e9ric Poitou\"},\"description\":\"Fr\u00e9d\u00e9ric Poitou est n\u00e9 \u00e0 Rouen, et y a fait des \u00e9tudes au Conservatoire en musique-\u00e9tudes en section piano. Il s'est ensuite orient\u00e9 vers des \u00e9tudes scientifiques o\u00f9 il a obtenu un dipl\u00f4me d'ing\u00e9nieur, puis un doctorat en Chimie. Il est Expert Judiciaire en France, en Belgique et \u00e0 Luxembourg, et agr\u00e9e par les Institutions Europ\u00e9ennes.\",\"sameAs\":[\"http:\/\/www.frederic-poitou.com\",\"https:\/\/www.linkedin.com\/in\/frederic-poitou-b045a025\/\"]}]}<\/script>\n<!-- \/ Yoast SEO plugin. -->","yoast_head_json":{"title":"POURQUOI J'AI D\u00c9CID\u00c9 DE REJOINDRE LA LISTE \"R\u00c9PONDRE AUX AIXOIS\" CONDUITE PAR JEAN-MARC PERRIN -","description":"Fr\u00e9d\u00e9ric Poitou, blog personnel","robots":{"index":"index","follow":"follow","max-snippet":"max-snippet:-1","max-image-preview":"max-image-preview:large","max-video-preview":"max-video-preview:-1"},"canonical":"https:\/\/www.frederic-poitou.com\/blog\/pourquoi-jai-decide-de-rejoindre-la-liste-repondre-aux-aixois-conduite-par-jean-marc-perrin\/","og_locale":"fr_FR","og_type":"article","og_title":"POURQUOI J'AI D\u00c9CID\u00c9 DE REJOINDRE LA LISTE \"R\u00c9PONDRE AUX AIXOIS\" CONDUITE PAR JEAN-MARC PERRIN -","og_description":"Fr\u00e9d\u00e9ric Poitou, blog personnel","og_url":"https:\/\/www.frederic-poitou.com\/blog\/pourquoi-jai-decide-de-rejoindre-la-liste-repondre-aux-aixois-conduite-par-jean-marc-perrin\/","article_publisher":"https:\/\/www.facebook.com\/frederic.poitou\/","article_published_time":"2023-07-15T01:32:32+00:00","article_modified_time":"2026-04-24T22:35:55+00:00","og_image":[{"width":2044,"height":2148,"url":"https:\/\/www.frederic-poitou.com\/blog\/wp-content\/2020\/01\/FP.jpeg","type":"image\/jpeg"}],"author":"Fr\u00e9d\u00e9ric Poitou","twitter_card":"summary_large_image","twitter_creator":"@fredericpoitou","twitter_site":"@fredericpoitou","twitter_misc":{"\u00c9crit par":"Fr\u00e9d\u00e9ric Poitou","Dur\u00e9e de lecture estim\u00e9e":"2 minutes"},"schema":{"@context":"https:\/\/schema.org","@graph":[{"@type":"Article","@id":"https:\/\/www.frederic-poitou.com\/blog\/pourquoi-jai-decide-de-rejoindre-la-liste-repondre-aux-aixois-conduite-par-jean-marc-perrin\/#article","isPartOf":{"@id":"https:\/\/www.frederic-poitou.com\/blog\/pourquoi-jai-decide-de-rejoindre-la-liste-repondre-aux-aixois-conduite-par-jean-marc-perrin\/"},"author":{"name":"Fr\u00e9d\u00e9ric Poitou","@id":"http:\/\/www.frederic-poitou.com\/blog\/#\/schema\/person\/e2c2d05e978747818533fdce859a7799"},"headline":"POURQUOI J&rsquo;AI D\u00c9CID\u00c9 DE REJOINDRE LA LISTE \u00ab\u00a0R\u00c9PONDRE AUX AIXOIS\u00a0\u00bb CONDUITE PAR JEAN-MARC PERRIN","datePublished":"2023-07-15T01:32:32+00:00","dateModified":"2026-04-24T22:35:55+00:00","mainEntityOfPage":{"@id":"https:\/\/www.frederic-poitou.com\/blog\/pourquoi-jai-decide-de-rejoindre-la-liste-repondre-aux-aixois-conduite-par-jean-marc-perrin\/"},"wordCount":494,"image":{"@id":"https:\/\/www.frederic-poitou.com\/blog\/pourquoi-jai-decide-de-rejoindre-la-liste-repondre-aux-aixois-conduite-par-jean-marc-perrin\/#primaryimage"},"thumbnailUrl":"http:\/\/www.frederic-poitou.com\/blog\/wp-content\/2020\/01\/FP.jpeg","articleSection":["Accueil","Politique"],"inLanguage":"fr-FR"},{"@type":"WebPage","@id":"https:\/\/www.frederic-poitou.com\/blog\/pourquoi-jai-decide-de-rejoindre-la-liste-repondre-aux-aixois-conduite-par-jean-marc-perrin\/","url":"https:\/\/www.frederic-poitou.com\/blog\/pourquoi-jai-decide-de-rejoindre-la-liste-repondre-aux-aixois-conduite-par-jean-marc-perrin\/","name":"POURQUOI J'AI D\u00c9CID\u00c9 DE REJOINDRE LA LISTE \"R\u00c9PONDRE AUX AIXOIS\" CONDUITE PAR JEAN-MARC PERRIN -","isPartOf":{"@id":"http:\/\/www.frederic-poitou.com\/blog\/#website"},"primaryImageOfPage":{"@id":"https:\/\/www.frederic-poitou.com\/blog\/pourquoi-jai-decide-de-rejoindre-la-liste-repondre-aux-aixois-conduite-par-jean-marc-perrin\/#primaryimage"},"image":{"@id":"https:\/\/www.frederic-poitou.com\/blog\/pourquoi-jai-decide-de-rejoindre-la-liste-repondre-aux-aixois-conduite-par-jean-marc-perrin\/#primaryimage"},"thumbnailUrl":"http:\/\/www.frederic-poitou.com\/blog\/wp-content\/2020\/01\/FP.jpeg","datePublished":"2023-07-15T01:32:32+00:00","dateModified":"2026-04-24T22:35:55+00:00","author":{"@id":"http:\/\/www.frederic-poitou.com\/blog\/#\/schema\/person\/e2c2d05e978747818533fdce859a7799"},"description":"Fr\u00e9d\u00e9ric Poitou, blog personnel","breadcrumb":{"@id":"https:\/\/www.frederic-poitou.com\/blog\/pourquoi-jai-decide-de-rejoindre-la-liste-repondre-aux-aixois-conduite-par-jean-marc-perrin\/#breadcrumb"},"inLanguage":"fr-FR","potentialAction":[{"@type":"ReadAction","target":["https:\/\/www.frederic-poitou.com\/blog\/pourquoi-jai-decide-de-rejoindre-la-liste-repondre-aux-aixois-conduite-par-jean-marc-perrin\/"]}]},{"@type":"ImageObject","inLanguage":"fr-FR","@id":"https:\/\/www.frederic-poitou.com\/blog\/pourquoi-jai-decide-de-rejoindre-la-liste-repondre-aux-aixois-conduite-par-jean-marc-perrin\/#primaryimage","url":"http:\/\/www.frederic-poitou.com\/blog\/wp-content\/2020\/01\/FP.jpeg","contentUrl":"http:\/\/www.frederic-poitou.com\/blog\/wp-content\/2020\/01\/FP.jpeg","width":2044,"height":2148},{"@type":"BreadcrumbList","@id":"https:\/\/www.frederic-poitou.com\/blog\/pourquoi-jai-decide-de-rejoindre-la-liste-repondre-aux-aixois-conduite-par-jean-marc-perrin\/#breadcrumb","itemListElement":[{"@type":"ListItem","position":1,"name":"Accueil","item":"http:\/\/www.frederic-poitou.com\/blog\/"},{"@type":"ListItem","position":2,"name":"POURQUOI J&rsquo;AI D\u00c9CID\u00c9 DE REJOINDRE LA LISTE \u00ab\u00a0R\u00c9PONDRE AUX AIXOIS\u00a0\u00bb CONDUITE PAR JEAN-MARC PERRIN"}]},{"@type":"WebSite","@id":"http:\/\/www.frederic-poitou.com\/blog\/#website","url":"http:\/\/www.frederic-poitou.com\/blog\/","name":"","description":"","potentialAction":[{"@type":"SearchAction","target":{"@type":"EntryPoint","urlTemplate":"http:\/\/www.frederic-poitou.com\/blog\/?s={search_term_string}"},"query-input":{"@type":"PropertyValueSpecification","valueRequired":true,"valueName":"search_term_string"}}],"inLanguage":"fr-FR"},{"@type":"Person","@id":"http:\/\/www.frederic-poitou.com\/blog\/#\/schema\/person\/e2c2d05e978747818533fdce859a7799","name":"Fr\u00e9d\u00e9ric Poitou","image":{"@type":"ImageObject","inLanguage":"fr-FR","@id":"http:\/\/www.frederic-poitou.com\/blog\/#\/schema\/person\/image\/","url":"https:\/\/secure.gravatar.com\/avatar\/1933bcca279a2feafd35d9e0a080c521e11beb51115fe4cfe02e2586ac13424a?s=96&d=mm&r=g","contentUrl":"https:\/\/secure.gravatar.com\/avatar\/1933bcca279a2feafd35d9e0a080c521e11beb51115fe4cfe02e2586ac13424a?s=96&d=mm&r=g","caption":"Fr\u00e9d\u00e9ric Poitou"},"description":"Fr\u00e9d\u00e9ric Poitou est n\u00e9 \u00e0 Rouen, et y a fait des \u00e9tudes au Conservatoire en musique-\u00e9tudes en section piano. Il s'est ensuite orient\u00e9 vers des \u00e9tudes scientifiques o\u00f9 il a obtenu un dipl\u00f4me d'ing\u00e9nieur, puis un doctorat en Chimie. Il est Expert Judiciaire en France, en Belgique et \u00e0 Luxembourg, et agr\u00e9e par les Institutions Europ\u00e9ennes.","sameAs":["http:\/\/www.frederic-poitou.com","https:\/\/www.linkedin.com\/in\/frederic-poitou-b045a025\/"]}]}},"_links":{"self":[{"href":"http:\/\/www.frederic-poitou.com\/blog\/wp-json\/wp\/v2\/posts\/9575","targetHints":{"allow":["GET"]}}],"collection":[{"href":"http:\/\/www.frederic-poitou.com\/blog\/wp-json\/wp\/v2\/posts"}],"about":[{"href":"http:\/\/www.frederic-poitou.com\/blog\/wp-json\/wp\/v2\/types\/post"}],"author":[{"embeddable":true,"href":"http:\/\/www.frederic-poitou.com\/blog\/wp-json\/wp\/v2\/users\/4"}],"replies":[{"embeddable":true,"href":"http:\/\/www.frederic-poitou.com\/blog\/wp-json\/wp\/v2\/comments?post=9575"}],"version-history":[{"count":2,"href":"http:\/\/www.frederic-poitou.com\/blog\/wp-json\/wp\/v2\/posts\/9575\/revisions"}],"predecessor-version":[{"id":9591,"href":"http:\/\/www.frederic-poitou.com\/blog\/wp-json\/wp\/v2\/posts\/9575\/revisions\/9591"}],"wp:featuredmedia":[{"embeddable":true,"href":"http:\/\/www.frederic-poitou.com\/blog\/wp-json\/wp\/v2\/media\/9589"}],"wp:attachment":[{"href":"http:\/\/www.frederic-poitou.com\/blog\/wp-json\/wp\/v2\/media?parent=9575"}],"wp:term":[{"taxonomy":"category","embeddable":true,"href":"http:\/\/www.frederic-poitou.com\/blog\/wp-json\/wp\/v2\/categories?post=9575"},{"taxonomy":"post_tag","embeddable":true,"href":"http:\/\/www.frederic-poitou.com\/blog\/wp-json\/wp\/v2\/tags?post=9575"}],"curies":[{"name":"wp","href":"https:\/\/api.w.org\/{rel}","templated":true}]}}