{"id":9431,"date":"2023-07-14T19:37:32","date_gmt":"2023-07-14T17:37:32","guid":{"rendered":"http:\/\/www.frederic-poitou.com\/blog\/?p=9431"},"modified":"2026-04-22T10:37:32","modified_gmt":"2026-04-22T08:37:32","slug":"jai-decide-de-rejoindre-lequipe-de-campagne-de-jean-marc-perrin","status":"publish","type":"post","link":"http:\/\/www.frederic-poitou.com\/blog\/jai-decide-de-rejoindre-lequipe-de-campagne-de-jean-marc-perrin\/","title":{"rendered":"POURQUOI J&rsquo;AI D\u00c9CID\u00c9 DE REJOINDRE L&rsquo;\u00c9QUIPE DE CAMPAGNE DE JEAN-MARC PERRIN"},"content":{"rendered":"<p>J\u2019ai d\u00e9cid\u00e9 de rejoindre l\u2019\u00e9quipe de campagne de Jean-Marc Perrin<\/p>\n<p>Bien \u00e9videmment ce pourrait \u00eatre juste parce que j\u2019ai connu Jean-Marc alors qu\u2019il \u00e9tait responsable au laboratoire de Shell Berre o\u00f9 j\u2019\u00e9tais \u00e9tudiant ing\u00e9nieur stagiaire. L\u00e0 n\u2019est pas la principale raison.<\/p>\n<p>La politique est une affaire de rencontres humaines, de convergences d\u2019id\u00e9es et de motivations \u00e0 servir sa ville plut\u00f4t que s\u2019en servir par ambition personnelle. La rencontre se fait dans la dur\u00e9e, qui permet de d\u00e9couvrir d\u2019une personne les qualit\u00e9s humaines forg\u00e9es dans la Provence de la lavande, tout autant que dans la pratique du rugby.<\/p>\n<p>Le rugby porte dans ses r\u00e8gles les valeurs de combat et d\u2019affrontement dans le respect absolu des r\u00e8gles. Les anglo-saxons le savent bien, eux qui l\u2019apprennent tout jeune alors que nous, latins, y sommes parfois r\u00e9tifs.<br \/>\nIl est un absolu mod\u00e8le inclusif qui offre \u00e0 chacun une place adapt\u00e9e \u00e0 son gabarit et ses aptitudes naturelles. Au milieu se trouve le capitaine qui doit faire converger les forces de ses camarades en valorisant leurs diff\u00e9rences et leurs compl\u00e9mentarit\u00e9s.<span class=\"Apple-converted-space\">\u00a0<\/span><\/p>\n<p>C\u2019est la grande force de Jean-Marc Perrin qui rassemble bien au del\u00e0 des clivages et des dogmes, pour f\u00e9d\u00e9rer et concentrer l\u2019\u00e9nergie d\u2019un groupe aux origines diverses et aux pens\u00e9es compl\u00e9mentaires.<\/p>\n<p>Mais la rencontre se fait aussi sur le programme \u00e0 mettre en \u0153uvre. Mes domaines de comp\u00e9tence sont l\u2019Europe parce que j\u2019y travaille plusieurs jours par mois, l\u2019int\u00e9gration des diff\u00e9rences et du handicap car ils r\u00e9v\u00e8lent des talents et \u00e9nergies souvent oubli\u00e9es, et l\u2019environnement qui me permet d\u2019appliquer ma sp\u00e9cialit\u00e9 d\u2019origine la chimie v\u00e9g\u00e9tale, au d\u00e9veloppement durable.<\/p>\n<p>Lorsque je lui ai pr\u00e9sent\u00e9 ces arguments, il m\u2019a avou\u00e9 qu\u2019ils \u00e9taient d\u00e9j\u00e0 int\u00e9gr\u00e9s dans sa r\u00e9flexion avant m\u00eame que je les lui propose, l\u2019environnement \u00e9tant au centre du projet et dont d\u00e9pendent les autres propositions.<\/p>\n<p>Enfin, la question politique s\u2019est \u00e9videmment pos\u00e9e puisque nous sommes tous deux engag\u00e9s, que j\u2019ai \u00e9t\u00e9 adjoint au maire d\u2019une petite commune, mais aussi \u00e9lu \u00e0 l\u2019ex communaut\u00e9 du pays d\u2019Aix. Nous avions la m\u00eame pr\u00e9sidente.<span class=\"Apple-converted-space\">\u00a0<\/span><\/p>\n<p>Quelques soient les d\u00e9cisions judiciaires \u00e0 venir, les faits sont av\u00e9r\u00e9s. Entre les ambitions partisanes, les querelles d\u2019\u00e9go et les agitations m\u00e9diatiques, la ville m\u00e9rite un projet concordant, port\u00e9 par un homme proche de ses \u00e9lecteurs, connu pour sa loyaut\u00e9, sa capacit\u00e9 au travail. Un Maire qui soit une v\u00e9ritable interface avec le d\u00e9partement, la r\u00e9gion, et qui saura restaurer un lien avec la m\u00e9tropole que des ann\u00e9es d\u2019opposition aveugle et syst\u00e9matique ont entam\u00e9.<\/p>\n<p>C\u2019est donc sur base de ces trois dimensions, humaine, de programme et politique que ma conviction s\u2019est forg\u00e9e depuis plusieurs ann\u00e9es. Jean-Marc Perrin est celui dont les aixois ont besoin pour r\u00e9pondre \u00e0 leurs pr\u00e9occupations, leurs attentes, et aux questions que pose leur quotidien dans une ville qui offre beaucoup d\u2019atouts, mais dont l\u2019image est \u00e9corn\u00e9e par les d\u00e9rives d\u2019un syst\u00e8me trop ancien.<\/p>\n<p>&nbsp;<\/p>\n<p style=\"text-align: right;\"><a href=\"http:\/\/www.frederic-poitou.com\" target=\"_blank\" rel=\"noopener noreferrer\"><img loading=\"lazy\" decoding=\"async\" class=\"alignright wp-image-9433 size-medium\" src=\"http:\/\/www.frederic-poitou.com\/blog\/wp-content\/2019\/11\/logo-mini-300x34.jpeg\" alt=\"\" width=\"300\" height=\"34\" srcset=\"http:\/\/www.frederic-poitou.com\/blog\/wp-content\/2019\/11\/logo-mini-300x34.jpeg 300w, http:\/\/www.frederic-poitou.com\/blog\/wp-content\/2019\/11\/logo-mini.jpeg 800w\" sizes=\"auto, (max-width: 300px) 100vw, 300px\" \/><\/a><\/p>\n","protected":false},"excerpt":{"rendered":"<p>J\u2019ai d\u00e9cid\u00e9 de rejoindre l\u2019\u00e9quipe de campagne de Jean-Marc Perrin Bien \u00e9videmment ce pourrait \u00eatre juste parce que j\u2019ai connu Jean-Marc alors qu\u2019il \u00e9tait responsable au laboratoire de Shell Berre o\u00f9 j\u2019\u00e9tais \u00e9tudiant ing\u00e9nieur stagiaire. L\u00e0 n\u2019est pas la principale &hellip; <a href=\"http:\/\/www.frederic-poitou.com\/blog\/jai-decide-de-rejoindre-lequipe-de-campagne-de-jean-marc-perrin\/\">Lire la suite\u00ad\u00ad<\/a><\/p>\n","protected":false},"author":4,"featured_media":9438,"comment_status":"closed","ping_status":"open","sticky":false,"template":"","format":"standard","meta":{"kt_blocks_editor_width":"","_exactmetrics_skip_tracking":false,"_exactmetrics_sitenote_active":false,"_exactmetrics_sitenote_note":"","_exactmetrics_sitenote_category":0,"footnotes":""},"categories":[48,44,1,53,55,51,54],"tags":[],"class_list":["post-9431","post","type-post","status-publish","format-standard","has-post-thumbnail","hentry","category-accueil","category-culture","category-politique-economie","category-ecologie","category-europe","category-politique","category-societe"],"yoast_head":"<!-- This site is optimized with the Yoast SEO plugin v27.1.1 - https:\/\/yoast.com\/product\/yoast-seo-wordpress\/ -->\n<title>POURQUOI J&#039;AI D\u00c9CID\u00c9 DE REJOINDRE L&#039;\u00c9QUIPE DE CAMPAGNE DE JEAN-MARC PERRIN -<\/title>\n<meta name=\"robots\" content=\"index, follow, max-snippet:-1, max-image-preview:large, max-video-preview:-1\" \/>\n<link rel=\"canonical\" href=\"http:\/\/www.frederic-poitou.com\/blog\/jai-decide-de-rejoindre-lequipe-de-campagne-de-jean-marc-perrin\/\" \/>\n<meta property=\"og:locale\" content=\"fr_FR\" \/>\n<meta property=\"og:type\" content=\"article\" \/>\n<meta property=\"og:title\" content=\"POURQUOI J&#039;AI D\u00c9CID\u00c9 DE REJOINDRE L&#039;\u00c9QUIPE DE CAMPAGNE DE JEAN-MARC PERRIN -\" \/>\n<meta property=\"og:description\" content=\"J\u2019ai d\u00e9cid\u00e9 de rejoindre l\u2019\u00e9quipe de campagne de Jean-Marc Perrin Bien \u00e9videmment ce pourrait \u00eatre juste parce que j\u2019ai connu Jean-Marc alors qu\u2019il \u00e9tait responsable au laboratoire de Shell Berre o\u00f9 j\u2019\u00e9tais \u00e9tudiant ing\u00e9nieur stagiaire. L\u00e0 n\u2019est pas la principale &hellip; Lire la suite\u00ad\u00ad\" \/>\n<meta property=\"og:url\" content=\"http:\/\/www.frederic-poitou.com\/blog\/jai-decide-de-rejoindre-lequipe-de-campagne-de-jean-marc-perrin\/\" \/>\n<meta property=\"article:publisher\" content=\"https:\/\/www.facebook.com\/frederic.poitou\/\" \/>\n<meta property=\"article:published_time\" content=\"2023-07-14T17:37:32+00:00\" \/>\n<meta property=\"article:modified_time\" content=\"2026-04-22T08:37:32+00:00\" \/>\n<meta property=\"og:image\" content=\"http:\/\/www.frederic-poitou.com\/blog\/wp-content\/2019\/11\/soutien-1.jpg\" \/>\n\t<meta property=\"og:image:width\" content=\"1239\" \/>\n\t<meta property=\"og:image:height\" content=\"1754\" \/>\n\t<meta property=\"og:image:type\" content=\"image\/jpeg\" \/>\n<meta name=\"author\" content=\"Fr\u00e9d\u00e9ric Poitou\" \/>\n<meta name=\"twitter:card\" content=\"summary_large_image\" \/>\n<meta name=\"twitter:creator\" content=\"@fredericpoitou\" \/>\n<meta name=\"twitter:site\" content=\"@fredericpoitou\" \/>\n<meta name=\"twitter:label1\" content=\"\u00c9crit par\" \/>\n\t<meta name=\"twitter:data1\" content=\"Fr\u00e9d\u00e9ric Poitou\" \/>\n\t<meta name=\"twitter:label2\" content=\"Dur\u00e9e de lecture estim\u00e9e\" \/>\n\t<meta name=\"twitter:data2\" content=\"3 minutes\" \/>\n<script type=\"application\/ld+json\" class=\"yoast-schema-graph\">{\"@context\":\"https:\/\/schema.org\",\"@graph\":[{\"@type\":\"Article\",\"@id\":\"http:\/\/www.frederic-poitou.com\/blog\/jai-decide-de-rejoindre-lequipe-de-campagne-de-jean-marc-perrin\/#article\",\"isPartOf\":{\"@id\":\"http:\/\/www.frederic-poitou.com\/blog\/jai-decide-de-rejoindre-lequipe-de-campagne-de-jean-marc-perrin\/\"},\"author\":{\"name\":\"Fr\u00e9d\u00e9ric Poitou\",\"@id\":\"http:\/\/www.frederic-poitou.com\/blog\/#\/schema\/person\/e2c2d05e978747818533fdce859a7799\"},\"headline\":\"POURQUOI J&rsquo;AI D\u00c9CID\u00c9 DE REJOINDRE L&rsquo;\u00c9QUIPE DE CAMPAGNE DE JEAN-MARC PERRIN\",\"datePublished\":\"2023-07-14T17:37:32+00:00\",\"dateModified\":\"2026-04-22T08:37:32+00:00\",\"mainEntityOfPage\":{\"@id\":\"http:\/\/www.frederic-poitou.com\/blog\/jai-decide-de-rejoindre-lequipe-de-campagne-de-jean-marc-perrin\/\"},\"wordCount\":574,\"image\":{\"@id\":\"http:\/\/www.frederic-poitou.com\/blog\/jai-decide-de-rejoindre-lequipe-de-campagne-de-jean-marc-perrin\/#primaryimage\"},\"thumbnailUrl\":\"http:\/\/www.frederic-poitou.com\/blog\/wp-content\/2019\/11\/soutien-1.jpg\",\"articleSection\":[\"Accueil\",\"Culture\",\"Divers\",\"Ecologie\",\"Europe\",\"Politique\",\"Soci\u00e9t\u00e9\"],\"inLanguage\":\"fr-FR\"},{\"@type\":\"WebPage\",\"@id\":\"http:\/\/www.frederic-poitou.com\/blog\/jai-decide-de-rejoindre-lequipe-de-campagne-de-jean-marc-perrin\/\",\"url\":\"http:\/\/www.frederic-poitou.com\/blog\/jai-decide-de-rejoindre-lequipe-de-campagne-de-jean-marc-perrin\/\",\"name\":\"POURQUOI J'AI D\u00c9CID\u00c9 DE REJOINDRE L'\u00c9QUIPE DE CAMPAGNE DE JEAN-MARC PERRIN -\",\"isPartOf\":{\"@id\":\"http:\/\/www.frederic-poitou.com\/blog\/#website\"},\"primaryImageOfPage\":{\"@id\":\"http:\/\/www.frederic-poitou.com\/blog\/jai-decide-de-rejoindre-lequipe-de-campagne-de-jean-marc-perrin\/#primaryimage\"},\"image\":{\"@id\":\"http:\/\/www.frederic-poitou.com\/blog\/jai-decide-de-rejoindre-lequipe-de-campagne-de-jean-marc-perrin\/#primaryimage\"},\"thumbnailUrl\":\"http:\/\/www.frederic-poitou.com\/blog\/wp-content\/2019\/11\/soutien-1.jpg\",\"datePublished\":\"2023-07-14T17:37:32+00:00\",\"dateModified\":\"2026-04-22T08:37:32+00:00\",\"author\":{\"@id\":\"http:\/\/www.frederic-poitou.com\/blog\/#\/schema\/person\/e2c2d05e978747818533fdce859a7799\"},\"breadcrumb\":{\"@id\":\"http:\/\/www.frederic-poitou.com\/blog\/jai-decide-de-rejoindre-lequipe-de-campagne-de-jean-marc-perrin\/#breadcrumb\"},\"inLanguage\":\"fr-FR\",\"potentialAction\":[{\"@type\":\"ReadAction\",\"target\":[\"http:\/\/www.frederic-poitou.com\/blog\/jai-decide-de-rejoindre-lequipe-de-campagne-de-jean-marc-perrin\/\"]}]},{\"@type\":\"ImageObject\",\"inLanguage\":\"fr-FR\",\"@id\":\"http:\/\/www.frederic-poitou.com\/blog\/jai-decide-de-rejoindre-lequipe-de-campagne-de-jean-marc-perrin\/#primaryimage\",\"url\":\"http:\/\/www.frederic-poitou.com\/blog\/wp-content\/2019\/11\/soutien-1.jpg\",\"contentUrl\":\"http:\/\/www.frederic-poitou.com\/blog\/wp-content\/2019\/11\/soutien-1.jpg\",\"width\":1239,\"height\":1754},{\"@type\":\"BreadcrumbList\",\"@id\":\"http:\/\/www.frederic-poitou.com\/blog\/jai-decide-de-rejoindre-lequipe-de-campagne-de-jean-marc-perrin\/#breadcrumb\",\"itemListElement\":[{\"@type\":\"ListItem\",\"position\":1,\"name\":\"Accueil\",\"item\":\"http:\/\/www.frederic-poitou.com\/blog\/\"},{\"@type\":\"ListItem\",\"position\":2,\"name\":\"POURQUOI J&rsquo;AI D\u00c9CID\u00c9 DE REJOINDRE L&rsquo;\u00c9QUIPE DE CAMPAGNE DE JEAN-MARC PERRIN\"}]},{\"@type\":\"WebSite\",\"@id\":\"http:\/\/www.frederic-poitou.com\/blog\/#website\",\"url\":\"http:\/\/www.frederic-poitou.com\/blog\/\",\"name\":\"\",\"description\":\"\",\"potentialAction\":[{\"@type\":\"SearchAction\",\"target\":{\"@type\":\"EntryPoint\",\"urlTemplate\":\"http:\/\/www.frederic-poitou.com\/blog\/?s={search_term_string}\"},\"query-input\":{\"@type\":\"PropertyValueSpecification\",\"valueRequired\":true,\"valueName\":\"search_term_string\"}}],\"inLanguage\":\"fr-FR\"},{\"@type\":\"Person\",\"@id\":\"http:\/\/www.frederic-poitou.com\/blog\/#\/schema\/person\/e2c2d05e978747818533fdce859a7799\",\"name\":\"Fr\u00e9d\u00e9ric Poitou\",\"image\":{\"@type\":\"ImageObject\",\"inLanguage\":\"fr-FR\",\"@id\":\"http:\/\/www.frederic-poitou.com\/blog\/#\/schema\/person\/image\/\",\"url\":\"https:\/\/secure.gravatar.com\/avatar\/1933bcca279a2feafd35d9e0a080c521e11beb51115fe4cfe02e2586ac13424a?s=96&d=mm&r=g\",\"contentUrl\":\"https:\/\/secure.gravatar.com\/avatar\/1933bcca279a2feafd35d9e0a080c521e11beb51115fe4cfe02e2586ac13424a?s=96&d=mm&r=g\",\"caption\":\"Fr\u00e9d\u00e9ric Poitou\"},\"description\":\"Fr\u00e9d\u00e9ric Poitou est n\u00e9 \u00e0 Rouen, et y a fait des \u00e9tudes au Conservatoire en musique-\u00e9tudes en section piano. Il s'est ensuite orient\u00e9 vers des \u00e9tudes scientifiques o\u00f9 il a obtenu un dipl\u00f4me d'ing\u00e9nieur, puis un doctorat en Chimie. Il est Expert Judiciaire en France, en Belgique et \u00e0 Luxembourg, et agr\u00e9e par les Institutions Europ\u00e9ennes.\",\"sameAs\":[\"http:\/\/www.frederic-poitou.com\",\"https:\/\/www.linkedin.com\/in\/frederic-poitou-b045a025\/\"]}]}<\/script>\n<!-- \/ Yoast SEO plugin. -->","yoast_head_json":{"title":"POURQUOI J'AI D\u00c9CID\u00c9 DE REJOINDRE L'\u00c9QUIPE DE CAMPAGNE DE JEAN-MARC PERRIN -","robots":{"index":"index","follow":"follow","max-snippet":"max-snippet:-1","max-image-preview":"max-image-preview:large","max-video-preview":"max-video-preview:-1"},"canonical":"http:\/\/www.frederic-poitou.com\/blog\/jai-decide-de-rejoindre-lequipe-de-campagne-de-jean-marc-perrin\/","og_locale":"fr_FR","og_type":"article","og_title":"POURQUOI J'AI D\u00c9CID\u00c9 DE REJOINDRE L'\u00c9QUIPE DE CAMPAGNE DE JEAN-MARC PERRIN -","og_description":"J\u2019ai d\u00e9cid\u00e9 de rejoindre l\u2019\u00e9quipe de campagne de Jean-Marc Perrin Bien \u00e9videmment ce pourrait \u00eatre juste parce que j\u2019ai connu Jean-Marc alors qu\u2019il \u00e9tait responsable au laboratoire de Shell Berre o\u00f9 j\u2019\u00e9tais \u00e9tudiant ing\u00e9nieur stagiaire. L\u00e0 n\u2019est pas la principale &hellip; Lire la suite\u00ad\u00ad","og_url":"http:\/\/www.frederic-poitou.com\/blog\/jai-decide-de-rejoindre-lequipe-de-campagne-de-jean-marc-perrin\/","article_publisher":"https:\/\/www.facebook.com\/frederic.poitou\/","article_published_time":"2023-07-14T17:37:32+00:00","article_modified_time":"2026-04-22T08:37:32+00:00","og_image":[{"width":1239,"height":1754,"url":"http:\/\/www.frederic-poitou.com\/blog\/wp-content\/2019\/11\/soutien-1.jpg","type":"image\/jpeg"}],"author":"Fr\u00e9d\u00e9ric Poitou","twitter_card":"summary_large_image","twitter_creator":"@fredericpoitou","twitter_site":"@fredericpoitou","twitter_misc":{"\u00c9crit par":"Fr\u00e9d\u00e9ric Poitou","Dur\u00e9e de lecture estim\u00e9e":"3 minutes"},"schema":{"@context":"https:\/\/schema.org","@graph":[{"@type":"Article","@id":"http:\/\/www.frederic-poitou.com\/blog\/jai-decide-de-rejoindre-lequipe-de-campagne-de-jean-marc-perrin\/#article","isPartOf":{"@id":"http:\/\/www.frederic-poitou.com\/blog\/jai-decide-de-rejoindre-lequipe-de-campagne-de-jean-marc-perrin\/"},"author":{"name":"Fr\u00e9d\u00e9ric Poitou","@id":"http:\/\/www.frederic-poitou.com\/blog\/#\/schema\/person\/e2c2d05e978747818533fdce859a7799"},"headline":"POURQUOI J&rsquo;AI D\u00c9CID\u00c9 DE REJOINDRE L&rsquo;\u00c9QUIPE DE CAMPAGNE DE JEAN-MARC PERRIN","datePublished":"2023-07-14T17:37:32+00:00","dateModified":"2026-04-22T08:37:32+00:00","mainEntityOfPage":{"@id":"http:\/\/www.frederic-poitou.com\/blog\/jai-decide-de-rejoindre-lequipe-de-campagne-de-jean-marc-perrin\/"},"wordCount":574,"image":{"@id":"http:\/\/www.frederic-poitou.com\/blog\/jai-decide-de-rejoindre-lequipe-de-campagne-de-jean-marc-perrin\/#primaryimage"},"thumbnailUrl":"http:\/\/www.frederic-poitou.com\/blog\/wp-content\/2019\/11\/soutien-1.jpg","articleSection":["Accueil","Culture","Divers","Ecologie","Europe","Politique","Soci\u00e9t\u00e9"],"inLanguage":"fr-FR"},{"@type":"WebPage","@id":"http:\/\/www.frederic-poitou.com\/blog\/jai-decide-de-rejoindre-lequipe-de-campagne-de-jean-marc-perrin\/","url":"http:\/\/www.frederic-poitou.com\/blog\/jai-decide-de-rejoindre-lequipe-de-campagne-de-jean-marc-perrin\/","name":"POURQUOI J'AI D\u00c9CID\u00c9 DE REJOINDRE L'\u00c9QUIPE DE CAMPAGNE DE JEAN-MARC PERRIN -","isPartOf":{"@id":"http:\/\/www.frederic-poitou.com\/blog\/#website"},"primaryImageOfPage":{"@id":"http:\/\/www.frederic-poitou.com\/blog\/jai-decide-de-rejoindre-lequipe-de-campagne-de-jean-marc-perrin\/#primaryimage"},"image":{"@id":"http:\/\/www.frederic-poitou.com\/blog\/jai-decide-de-rejoindre-lequipe-de-campagne-de-jean-marc-perrin\/#primaryimage"},"thumbnailUrl":"http:\/\/www.frederic-poitou.com\/blog\/wp-content\/2019\/11\/soutien-1.jpg","datePublished":"2023-07-14T17:37:32+00:00","dateModified":"2026-04-22T08:37:32+00:00","author":{"@id":"http:\/\/www.frederic-poitou.com\/blog\/#\/schema\/person\/e2c2d05e978747818533fdce859a7799"},"breadcrumb":{"@id":"http:\/\/www.frederic-poitou.com\/blog\/jai-decide-de-rejoindre-lequipe-de-campagne-de-jean-marc-perrin\/#breadcrumb"},"inLanguage":"fr-FR","potentialAction":[{"@type":"ReadAction","target":["http:\/\/www.frederic-poitou.com\/blog\/jai-decide-de-rejoindre-lequipe-de-campagne-de-jean-marc-perrin\/"]}]},{"@type":"ImageObject","inLanguage":"fr-FR","@id":"http:\/\/www.frederic-poitou.com\/blog\/jai-decide-de-rejoindre-lequipe-de-campagne-de-jean-marc-perrin\/#primaryimage","url":"http:\/\/www.frederic-poitou.com\/blog\/wp-content\/2019\/11\/soutien-1.jpg","contentUrl":"http:\/\/www.frederic-poitou.com\/blog\/wp-content\/2019\/11\/soutien-1.jpg","width":1239,"height":1754},{"@type":"BreadcrumbList","@id":"http:\/\/www.frederic-poitou.com\/blog\/jai-decide-de-rejoindre-lequipe-de-campagne-de-jean-marc-perrin\/#breadcrumb","itemListElement":[{"@type":"ListItem","position":1,"name":"Accueil","item":"http:\/\/www.frederic-poitou.com\/blog\/"},{"@type":"ListItem","position":2,"name":"POURQUOI J&rsquo;AI D\u00c9CID\u00c9 DE REJOINDRE L&rsquo;\u00c9QUIPE DE CAMPAGNE DE JEAN-MARC PERRIN"}]},{"@type":"WebSite","@id":"http:\/\/www.frederic-poitou.com\/blog\/#website","url":"http:\/\/www.frederic-poitou.com\/blog\/","name":"","description":"","potentialAction":[{"@type":"SearchAction","target":{"@type":"EntryPoint","urlTemplate":"http:\/\/www.frederic-poitou.com\/blog\/?s={search_term_string}"},"query-input":{"@type":"PropertyValueSpecification","valueRequired":true,"valueName":"search_term_string"}}],"inLanguage":"fr-FR"},{"@type":"Person","@id":"http:\/\/www.frederic-poitou.com\/blog\/#\/schema\/person\/e2c2d05e978747818533fdce859a7799","name":"Fr\u00e9d\u00e9ric Poitou","image":{"@type":"ImageObject","inLanguage":"fr-FR","@id":"http:\/\/www.frederic-poitou.com\/blog\/#\/schema\/person\/image\/","url":"https:\/\/secure.gravatar.com\/avatar\/1933bcca279a2feafd35d9e0a080c521e11beb51115fe4cfe02e2586ac13424a?s=96&d=mm&r=g","contentUrl":"https:\/\/secure.gravatar.com\/avatar\/1933bcca279a2feafd35d9e0a080c521e11beb51115fe4cfe02e2586ac13424a?s=96&d=mm&r=g","caption":"Fr\u00e9d\u00e9ric Poitou"},"description":"Fr\u00e9d\u00e9ric Poitou est n\u00e9 \u00e0 Rouen, et y a fait des \u00e9tudes au Conservatoire en musique-\u00e9tudes en section piano. Il s'est ensuite orient\u00e9 vers des \u00e9tudes scientifiques o\u00f9 il a obtenu un dipl\u00f4me d'ing\u00e9nieur, puis un doctorat en Chimie. Il est Expert Judiciaire en France, en Belgique et \u00e0 Luxembourg, et agr\u00e9e par les Institutions Europ\u00e9ennes.","sameAs":["http:\/\/www.frederic-poitou.com","https:\/\/www.linkedin.com\/in\/frederic-poitou-b045a025\/"]}]}},"_links":{"self":[{"href":"http:\/\/www.frederic-poitou.com\/blog\/wp-json\/wp\/v2\/posts\/9431","targetHints":{"allow":["GET"]}}],"collection":[{"href":"http:\/\/www.frederic-poitou.com\/blog\/wp-json\/wp\/v2\/posts"}],"about":[{"href":"http:\/\/www.frederic-poitou.com\/blog\/wp-json\/wp\/v2\/types\/post"}],"author":[{"embeddable":true,"href":"http:\/\/www.frederic-poitou.com\/blog\/wp-json\/wp\/v2\/users\/4"}],"replies":[{"embeddable":true,"href":"http:\/\/www.frederic-poitou.com\/blog\/wp-json\/wp\/v2\/comments?post=9431"}],"version-history":[{"count":4,"href":"http:\/\/www.frederic-poitou.com\/blog\/wp-json\/wp\/v2\/posts\/9431\/revisions"}],"predecessor-version":[{"id":9451,"href":"http:\/\/www.frederic-poitou.com\/blog\/wp-json\/wp\/v2\/posts\/9431\/revisions\/9451"}],"wp:featuredmedia":[{"embeddable":true,"href":"http:\/\/www.frederic-poitou.com\/blog\/wp-json\/wp\/v2\/media\/9438"}],"wp:attachment":[{"href":"http:\/\/www.frederic-poitou.com\/blog\/wp-json\/wp\/v2\/media?parent=9431"}],"wp:term":[{"taxonomy":"category","embeddable":true,"href":"http:\/\/www.frederic-poitou.com\/blog\/wp-json\/wp\/v2\/categories?post=9431"},{"taxonomy":"post_tag","embeddable":true,"href":"http:\/\/www.frederic-poitou.com\/blog\/wp-json\/wp\/v2\/tags?post=9431"}],"curies":[{"name":"wp","href":"https:\/\/api.w.org\/{rel}","templated":true}]}}