{"id":8647,"date":"2023-07-14T03:49:32","date_gmt":"2023-07-14T01:49:32","guid":{"rendered":"http:\/\/www.frederic-poitou.com\/blog\/?p=8647"},"modified":"2026-04-15T21:54:03","modified_gmt":"2026-04-15T19:54:03","slug":"engagement-politique","status":"publish","type":"post","link":"http:\/\/www.frederic-poitou.com\/blog\/engagement-politique\/","title":{"rendered":"ENGAGEMENT POLITIQUE"},"content":{"rendered":"<p>Je me suis engag\u00e9 pour la premi\u00e8re fois en politique en 1982 dans un parti de centre droit pour m&rsquo;impliquer dans de nombreuses campagnes \u00e9lectorales, dont celle qui m\u2019a conduit \u00e0 \u00eatre adjoint au Maire \u00e0 Coudoux et conseiller communautaire de l\u2019ex communaut\u00e9 du pays d\u2019Aix. Mon investissement s&rsquo;est ensuite exprim\u00e9 dans toutes les campagnes pour lesquelles j\u2019\u00e9tais disponible, en France comme en Belgique (\u00e0 Bruxelles et en Province de Li\u00e8ge).<\/p>\n<p>Etre au centre ne signifie pas \u00eatre nulle part et voter au gr\u00e9 du vent et des opportunit\u00e9s. Je n\u2019ai jamais vot\u00e9 \u00e0 gauche bien que j\u2019aurais pu le faire pour les pr\u00e9sidentielles si Michel Rocard\u00a0avait \u00e9t\u00e9 candidat.<\/p>\n<p>\u00catre de sensibilit\u00e9 centriste signifie d\u00e9fendre des \u00e9quilibres parfois t\u00e9nus entre lib\u00e9ralisme et justice sociale, interventionnisme et d\u00e9r\u00e9gulation, autour d\u2019une constante qu\u2019est la ma\u00eetrise des d\u00e9ficits publics.<\/p>\n<p>Ce qui signifie aussi d\u2019\u00e9viter toute forme de dogmatisme en acceptant qu&rsquo;une bonne id\u00e9e puisse jaillir de l\u00e0 o\u00f9 ne l&rsquo;attend pas.<\/p>\n<p>C\u2019est enfin une forte idendit\u00e9 europ\u00e9enne f\u00e9d\u00e9raliste, une approche de la soci\u00e9t\u00e9 plus interculturelle que multiculturelle, donc la\u00efque. Une attitude mod\u00e9r\u00e9e, sociale, humaniste et lib\u00e9rale issue des Lumi\u00e8res qui affirme la valeur de l\u2019individu plut\u00f4t que celle de l\u2019Etat, celle de la r\u00e9flexion plut\u00f4t que celle du dogme.<\/p>\n<p>En r\u00e9sum\u00e9, lib\u00e9raux, sociaux et europ\u00e9ens. les centristes pr\u00f4nent la libert\u00e9 plus que la bureaucratie, en pond\u00e9rant les exc\u00e8s d\u2019un mod\u00e8le trop lib\u00e9ral par une affirmation de solidarit\u00e9.<\/p>\n<p>Ces valeurs ont \u00e9t\u00e9 incarn\u00e9es en France pendant des ann\u00e9es par Val\u00e9ry Giscard-d\u2019Estaing, Simone Veil, Jean-Jacques Servan-Schreiber ou Jean-Louis Borloo auquel je me r\u00e9f\u00e8re souvent pour sa cr\u00e9ativit\u00e9 et sa capacit\u00e9 \u00e0 cr\u00e9er des espaces de convergence, tout autant qu\u2019\u00e0 Michel Rocard ou \u00e0 <span style=\"color: #3366ff;\"><a style=\"color: #3366ff;\" href=\"https:\/\/dai.ly\/xerp6o\" target=\"_blank\" rel=\"noopener noreferrer\">Jean-Louis Bourlanges<\/a><\/span>, ou <span style=\"color: #3366ff;\"><a style=\"color: #3366ff;\" href=\"https:\/\/www.dailymotion.com\/video\/x630krf\" target=\"_blank\" rel=\"noopener noreferrer\">Guy Verhofstadt<\/a><\/span> au niveau europ\u00e9en.<\/p>\n<p>Cet engagement national est compl\u00e9t\u00e9 par une adh\u00e9sion \u00e0 l\u2019ALDE (Alliance des d\u00e9mocrates et lib\u00e9raux pour l\u2019Europe, d\u00e9sormais\u00a0<span style=\"color: #3366ff;\"><a style=\"color: #3366ff;\" href=\"https:\/\/reneweuropegroup.eu\/fr\/\" target=\"_blank\" rel=\"noopener noreferrer\">renew Europe<\/a><\/span>) le groupe politique du Parlement europ\u00e9en dont font partie en France l\u2019UDF, le Parti Radical, Avenir D\u00e9mocrate et le MoDem.<\/p>\n<p>J&rsquo;ai la conviction de la n\u00e9cessit\u00e9 de r\u00e9former les institutions europ\u00e9ennes pour plus d\u2019int\u00e9gration f\u00e9d\u00e9raliste, r\u00e9-\u00e9quilibrer les composantes de l\u2019Union Europ\u00e9enne en revalorisant le poids relatif du Parlement face \u00e0 la Commission. Je suis convaincu qu\u2019il est n\u00e9cessaire de restructurer la zone euro, la fiscalit\u00e9 europ\u00e9enne, la politique agricole commune, et qu\u2019il devient d\u00e9sormais urgent d\u2019int\u00e9grerune vraie diplomatie europ\u00e9enne qui puisse s\u2019appuyer sur une d\u00e9fense en partie commune, d\u00e9barass\u00e9e des divergences d\u2019int\u00e9r\u00eats qui restent encore du pass\u00e9 colonial de certaines de ses composantes.<\/p>\n<p>Mon engagement politique au<span style=\"color: #3366ff;\"> <a style=\"color: #3366ff;\" href=\"http:\/\/lemouvementradical.fr\" target=\"_blank\" rel=\"noopener noreferrer\">Parti Radical<\/a>\u00a0(devenu Mouvement Radical) <\/span>est ancien, et se compl\u00e8te d\u2019une implication au bureau d\u2019\u00e9cologie radicale et d\u2019une importante activit\u00e9 politique pr\u00e8s des institutions europ\u00e9ennes dans le cadre d\u2019actions pour la chimie durable (l\u2019application des comp\u00e9tences acquises pendant mon parcours professionnel au d\u00e9veloppement de proc\u00e9d\u00e9s non polluants).<\/p>\n<p>Enfin, j\u2019ai concr\u00e9tis\u00e9 ma pr\u00e9sence en Belgique depuis une quinzaine d\u2019ann\u00e9e par un mandat en tant que repr\u00e9sentant pour les belges install\u00e9s en r\u00e9gion Provence-Alpes C\u00f4te d\u2019Azur au sein du <span style=\"color: #3366ff;\"><a style=\"color: #3366ff;\" href=\"http:\/\/www.mr.be\" target=\"_blank\" rel=\"noopener noreferrer\">Mouvement R\u00e9formateur<\/a><\/span> (le parti lib\u00e9ral belge, membre de l\u2019ALDE), d\u00e9l\u00e9gation qui m\u2019a \u00e9t\u00e9 confi\u00e9e en 2007 par Didier Reynders, ancien Ministre des affaires \u00e9trang\u00e8res de Belgique, et Commissaire europ\u00e9en.<\/p>\n","protected":false},"excerpt":{"rendered":"<p>Je me suis engag\u00e9 pour la premi\u00e8re fois en politique en 1982 dans un parti de centre droit pour m&rsquo;impliquer dans de nombreuses campagnes \u00e9lectorales, dont celle qui m\u2019a conduit \u00e0 \u00eatre adjoint au Maire \u00e0 Coudoux et conseiller communautaire &hellip; <a href=\"http:\/\/www.frederic-poitou.com\/blog\/engagement-politique\/\">Lire la suite\u00ad\u00ad<\/a><\/p>\n","protected":false},"author":4,"featured_media":8648,"comment_status":"closed","ping_status":"open","sticky":false,"template":"","format":"standard","meta":{"kt_blocks_editor_width":"","_exactmetrics_skip_tracking":false,"_exactmetrics_sitenote_active":false,"_exactmetrics_sitenote_note":"","_exactmetrics_sitenote_category":0,"footnotes":""},"categories":[51],"tags":[],"class_list":["post-8647","post","type-post","status-publish","format-standard","has-post-thumbnail","hentry","category-politique"],"yoast_head":"<!-- This site is optimized with the Yoast SEO plugin v27.1.1 - https:\/\/yoast.com\/product\/yoast-seo-wordpress\/ -->\n<title>ENGAGEMENT POLITIQUE -<\/title>\n<meta name=\"robots\" content=\"index, follow, max-snippet:-1, max-image-preview:large, max-video-preview:-1\" \/>\n<link rel=\"canonical\" href=\"http:\/\/www.frederic-poitou.com\/blog\/engagement-politique\/\" \/>\n<meta property=\"og:locale\" content=\"fr_FR\" \/>\n<meta property=\"og:type\" content=\"article\" \/>\n<meta property=\"og:title\" content=\"ENGAGEMENT POLITIQUE -\" \/>\n<meta property=\"og:description\" content=\"Je me suis engag\u00e9 pour la premi\u00e8re fois en politique en 1982 dans un parti de centre droit pour m&rsquo;impliquer dans de nombreuses campagnes \u00e9lectorales, dont celle qui m\u2019a conduit \u00e0 \u00eatre adjoint au Maire \u00e0 Coudoux et conseiller communautaire &hellip; Lire la suite\u00ad\u00ad\" \/>\n<meta property=\"og:url\" content=\"http:\/\/www.frederic-poitou.com\/blog\/engagement-politique\/\" \/>\n<meta property=\"article:publisher\" content=\"https:\/\/www.facebook.com\/frederic.poitou\/\" \/>\n<meta property=\"article:published_time\" content=\"2023-07-14T01:49:32+00:00\" \/>\n<meta property=\"article:modified_time\" content=\"2026-04-15T19:54:03+00:00\" \/>\n<meta property=\"og:image\" content=\"http:\/\/www.frederic-poitou.com\/blog\/wp-content\/2019\/09\/ob_39e684_simone-veil.jpg\" \/>\n\t<meta property=\"og:image:width\" content=\"1600\" \/>\n\t<meta property=\"og:image:height\" content=\"1117\" \/>\n\t<meta property=\"og:image:type\" content=\"image\/jpeg\" \/>\n<meta name=\"author\" content=\"Fr\u00e9d\u00e9ric Poitou\" \/>\n<meta name=\"twitter:card\" content=\"summary_large_image\" \/>\n<meta name=\"twitter:creator\" content=\"@fredericpoitou\" \/>\n<meta name=\"twitter:site\" content=\"@fredericpoitou\" \/>\n<meta name=\"twitter:label1\" content=\"\u00c9crit par\" \/>\n\t<meta name=\"twitter:data1\" content=\"Fr\u00e9d\u00e9ric Poitou\" \/>\n\t<meta name=\"twitter:label2\" content=\"Dur\u00e9e de lecture estim\u00e9e\" \/>\n\t<meta name=\"twitter:data2\" content=\"3 minutes\" \/>\n<script type=\"application\/ld+json\" class=\"yoast-schema-graph\">{\"@context\":\"https:\/\/schema.org\",\"@graph\":[{\"@type\":\"Article\",\"@id\":\"http:\/\/www.frederic-poitou.com\/blog\/engagement-politique\/#article\",\"isPartOf\":{\"@id\":\"http:\/\/www.frederic-poitou.com\/blog\/engagement-politique\/\"},\"author\":{\"name\":\"Fr\u00e9d\u00e9ric Poitou\",\"@id\":\"https:\/\/www.frederic-poitou.com\/blog\/#\/schema\/person\/e2c2d05e978747818533fdce859a7799\"},\"headline\":\"ENGAGEMENT POLITIQUE\",\"datePublished\":\"2023-07-14T01:49:32+00:00\",\"dateModified\":\"2026-04-15T19:54:03+00:00\",\"mainEntityOfPage\":{\"@id\":\"http:\/\/www.frederic-poitou.com\/blog\/engagement-politique\/\"},\"wordCount\":638,\"image\":{\"@id\":\"http:\/\/www.frederic-poitou.com\/blog\/engagement-politique\/#primaryimage\"},\"thumbnailUrl\":\"http:\/\/www.frederic-poitou.com\/blog\/wp-content\/2019\/09\/ob_39e684_simone-veil.jpg\",\"articleSection\":[\"Politique\"],\"inLanguage\":\"fr-FR\"},{\"@type\":\"WebPage\",\"@id\":\"http:\/\/www.frederic-poitou.com\/blog\/engagement-politique\/\",\"url\":\"http:\/\/www.frederic-poitou.com\/blog\/engagement-politique\/\",\"name\":\"ENGAGEMENT POLITIQUE -\",\"isPartOf\":{\"@id\":\"https:\/\/www.frederic-poitou.com\/blog\/#website\"},\"primaryImageOfPage\":{\"@id\":\"http:\/\/www.frederic-poitou.com\/blog\/engagement-politique\/#primaryimage\"},\"image\":{\"@id\":\"http:\/\/www.frederic-poitou.com\/blog\/engagement-politique\/#primaryimage\"},\"thumbnailUrl\":\"http:\/\/www.frederic-poitou.com\/blog\/wp-content\/2019\/09\/ob_39e684_simone-veil.jpg\",\"datePublished\":\"2023-07-14T01:49:32+00:00\",\"dateModified\":\"2026-04-15T19:54:03+00:00\",\"author\":{\"@id\":\"https:\/\/www.frederic-poitou.com\/blog\/#\/schema\/person\/e2c2d05e978747818533fdce859a7799\"},\"breadcrumb\":{\"@id\":\"http:\/\/www.frederic-poitou.com\/blog\/engagement-politique\/#breadcrumb\"},\"inLanguage\":\"fr-FR\",\"potentialAction\":[{\"@type\":\"ReadAction\",\"target\":[\"http:\/\/www.frederic-poitou.com\/blog\/engagement-politique\/\"]}]},{\"@type\":\"ImageObject\",\"inLanguage\":\"fr-FR\",\"@id\":\"http:\/\/www.frederic-poitou.com\/blog\/engagement-politique\/#primaryimage\",\"url\":\"http:\/\/www.frederic-poitou.com\/blog\/wp-content\/2019\/09\/ob_39e684_simone-veil.jpg\",\"contentUrl\":\"http:\/\/www.frederic-poitou.com\/blog\/wp-content\/2019\/09\/ob_39e684_simone-veil.jpg\",\"width\":1600,\"height\":1117},{\"@type\":\"BreadcrumbList\",\"@id\":\"http:\/\/www.frederic-poitou.com\/blog\/engagement-politique\/#breadcrumb\",\"itemListElement\":[{\"@type\":\"ListItem\",\"position\":1,\"name\":\"Accueil\",\"item\":\"https:\/\/www.frederic-poitou.com\/blog\/\"},{\"@type\":\"ListItem\",\"position\":2,\"name\":\"ENGAGEMENT POLITIQUE\"}]},{\"@type\":\"WebSite\",\"@id\":\"https:\/\/www.frederic-poitou.com\/blog\/#website\",\"url\":\"https:\/\/www.frederic-poitou.com\/blog\/\",\"name\":\"\",\"description\":\"\",\"potentialAction\":[{\"@type\":\"SearchAction\",\"target\":{\"@type\":\"EntryPoint\",\"urlTemplate\":\"https:\/\/www.frederic-poitou.com\/blog\/?s={search_term_string}\"},\"query-input\":{\"@type\":\"PropertyValueSpecification\",\"valueRequired\":true,\"valueName\":\"search_term_string\"}}],\"inLanguage\":\"fr-FR\"},{\"@type\":\"Person\",\"@id\":\"https:\/\/www.frederic-poitou.com\/blog\/#\/schema\/person\/e2c2d05e978747818533fdce859a7799\",\"name\":\"Fr\u00e9d\u00e9ric Poitou\",\"image\":{\"@type\":\"ImageObject\",\"inLanguage\":\"fr-FR\",\"@id\":\"https:\/\/www.frederic-poitou.com\/blog\/#\/schema\/person\/image\/\",\"url\":\"https:\/\/secure.gravatar.com\/avatar\/1933bcca279a2feafd35d9e0a080c521e11beb51115fe4cfe02e2586ac13424a?s=96&d=mm&r=g\",\"contentUrl\":\"https:\/\/secure.gravatar.com\/avatar\/1933bcca279a2feafd35d9e0a080c521e11beb51115fe4cfe02e2586ac13424a?s=96&d=mm&r=g\",\"caption\":\"Fr\u00e9d\u00e9ric Poitou\"},\"description\":\"Fr\u00e9d\u00e9ric Poitou est n\u00e9 \u00e0 Rouen, et y a fait des \u00e9tudes au Conservatoire en musique-\u00e9tudes en section piano. Il s'est ensuite orient\u00e9 vers des \u00e9tudes scientifiques o\u00f9 il a obtenu un dipl\u00f4me d'ing\u00e9nieur, puis un doctorat en Chimie. Il est Expert Judiciaire en France, en Belgique et \u00e0 Luxembourg, et agr\u00e9e par les Institutions Europ\u00e9ennes.\",\"sameAs\":[\"http:\/\/www.frederic-poitou.com\",\"https:\/\/www.linkedin.com\/in\/frederic-poitou-b045a025\/\"]}]}<\/script>\n<!-- \/ Yoast SEO plugin. -->","yoast_head_json":{"title":"ENGAGEMENT POLITIQUE -","robots":{"index":"index","follow":"follow","max-snippet":"max-snippet:-1","max-image-preview":"max-image-preview:large","max-video-preview":"max-video-preview:-1"},"canonical":"http:\/\/www.frederic-poitou.com\/blog\/engagement-politique\/","og_locale":"fr_FR","og_type":"article","og_title":"ENGAGEMENT POLITIQUE -","og_description":"Je me suis engag\u00e9 pour la premi\u00e8re fois en politique en 1982 dans un parti de centre droit pour m&rsquo;impliquer dans de nombreuses campagnes \u00e9lectorales, dont celle qui m\u2019a conduit \u00e0 \u00eatre adjoint au Maire \u00e0 Coudoux et conseiller communautaire &hellip; Lire la suite\u00ad\u00ad","og_url":"http:\/\/www.frederic-poitou.com\/blog\/engagement-politique\/","article_publisher":"https:\/\/www.facebook.com\/frederic.poitou\/","article_published_time":"2023-07-14T01:49:32+00:00","article_modified_time":"2026-04-15T19:54:03+00:00","og_image":[{"width":1600,"height":1117,"url":"http:\/\/www.frederic-poitou.com\/blog\/wp-content\/2019\/09\/ob_39e684_simone-veil.jpg","type":"image\/jpeg"}],"author":"Fr\u00e9d\u00e9ric Poitou","twitter_card":"summary_large_image","twitter_creator":"@fredericpoitou","twitter_site":"@fredericpoitou","twitter_misc":{"\u00c9crit par":"Fr\u00e9d\u00e9ric Poitou","Dur\u00e9e de lecture estim\u00e9e":"3 minutes"},"schema":{"@context":"https:\/\/schema.org","@graph":[{"@type":"Article","@id":"http:\/\/www.frederic-poitou.com\/blog\/engagement-politique\/#article","isPartOf":{"@id":"http:\/\/www.frederic-poitou.com\/blog\/engagement-politique\/"},"author":{"name":"Fr\u00e9d\u00e9ric Poitou","@id":"https:\/\/www.frederic-poitou.com\/blog\/#\/schema\/person\/e2c2d05e978747818533fdce859a7799"},"headline":"ENGAGEMENT POLITIQUE","datePublished":"2023-07-14T01:49:32+00:00","dateModified":"2026-04-15T19:54:03+00:00","mainEntityOfPage":{"@id":"http:\/\/www.frederic-poitou.com\/blog\/engagement-politique\/"},"wordCount":638,"image":{"@id":"http:\/\/www.frederic-poitou.com\/blog\/engagement-politique\/#primaryimage"},"thumbnailUrl":"http:\/\/www.frederic-poitou.com\/blog\/wp-content\/2019\/09\/ob_39e684_simone-veil.jpg","articleSection":["Politique"],"inLanguage":"fr-FR"},{"@type":"WebPage","@id":"http:\/\/www.frederic-poitou.com\/blog\/engagement-politique\/","url":"http:\/\/www.frederic-poitou.com\/blog\/engagement-politique\/","name":"ENGAGEMENT POLITIQUE -","isPartOf":{"@id":"https:\/\/www.frederic-poitou.com\/blog\/#website"},"primaryImageOfPage":{"@id":"http:\/\/www.frederic-poitou.com\/blog\/engagement-politique\/#primaryimage"},"image":{"@id":"http:\/\/www.frederic-poitou.com\/blog\/engagement-politique\/#primaryimage"},"thumbnailUrl":"http:\/\/www.frederic-poitou.com\/blog\/wp-content\/2019\/09\/ob_39e684_simone-veil.jpg","datePublished":"2023-07-14T01:49:32+00:00","dateModified":"2026-04-15T19:54:03+00:00","author":{"@id":"https:\/\/www.frederic-poitou.com\/blog\/#\/schema\/person\/e2c2d05e978747818533fdce859a7799"},"breadcrumb":{"@id":"http:\/\/www.frederic-poitou.com\/blog\/engagement-politique\/#breadcrumb"},"inLanguage":"fr-FR","potentialAction":[{"@type":"ReadAction","target":["http:\/\/www.frederic-poitou.com\/blog\/engagement-politique\/"]}]},{"@type":"ImageObject","inLanguage":"fr-FR","@id":"http:\/\/www.frederic-poitou.com\/blog\/engagement-politique\/#primaryimage","url":"http:\/\/www.frederic-poitou.com\/blog\/wp-content\/2019\/09\/ob_39e684_simone-veil.jpg","contentUrl":"http:\/\/www.frederic-poitou.com\/blog\/wp-content\/2019\/09\/ob_39e684_simone-veil.jpg","width":1600,"height":1117},{"@type":"BreadcrumbList","@id":"http:\/\/www.frederic-poitou.com\/blog\/engagement-politique\/#breadcrumb","itemListElement":[{"@type":"ListItem","position":1,"name":"Accueil","item":"https:\/\/www.frederic-poitou.com\/blog\/"},{"@type":"ListItem","position":2,"name":"ENGAGEMENT POLITIQUE"}]},{"@type":"WebSite","@id":"https:\/\/www.frederic-poitou.com\/blog\/#website","url":"https:\/\/www.frederic-poitou.com\/blog\/","name":"","description":"","potentialAction":[{"@type":"SearchAction","target":{"@type":"EntryPoint","urlTemplate":"https:\/\/www.frederic-poitou.com\/blog\/?s={search_term_string}"},"query-input":{"@type":"PropertyValueSpecification","valueRequired":true,"valueName":"search_term_string"}}],"inLanguage":"fr-FR"},{"@type":"Person","@id":"https:\/\/www.frederic-poitou.com\/blog\/#\/schema\/person\/e2c2d05e978747818533fdce859a7799","name":"Fr\u00e9d\u00e9ric Poitou","image":{"@type":"ImageObject","inLanguage":"fr-FR","@id":"https:\/\/www.frederic-poitou.com\/blog\/#\/schema\/person\/image\/","url":"https:\/\/secure.gravatar.com\/avatar\/1933bcca279a2feafd35d9e0a080c521e11beb51115fe4cfe02e2586ac13424a?s=96&d=mm&r=g","contentUrl":"https:\/\/secure.gravatar.com\/avatar\/1933bcca279a2feafd35d9e0a080c521e11beb51115fe4cfe02e2586ac13424a?s=96&d=mm&r=g","caption":"Fr\u00e9d\u00e9ric Poitou"},"description":"Fr\u00e9d\u00e9ric Poitou est n\u00e9 \u00e0 Rouen, et y a fait des \u00e9tudes au Conservatoire en musique-\u00e9tudes en section piano. Il s'est ensuite orient\u00e9 vers des \u00e9tudes scientifiques o\u00f9 il a obtenu un dipl\u00f4me d'ing\u00e9nieur, puis un doctorat en Chimie. Il est Expert Judiciaire en France, en Belgique et \u00e0 Luxembourg, et agr\u00e9e par les Institutions Europ\u00e9ennes.","sameAs":["http:\/\/www.frederic-poitou.com","https:\/\/www.linkedin.com\/in\/frederic-poitou-b045a025\/"]}]}},"_links":{"self":[{"href":"http:\/\/www.frederic-poitou.com\/blog\/wp-json\/wp\/v2\/posts\/8647","targetHints":{"allow":["GET"]}}],"collection":[{"href":"http:\/\/www.frederic-poitou.com\/blog\/wp-json\/wp\/v2\/posts"}],"about":[{"href":"http:\/\/www.frederic-poitou.com\/blog\/wp-json\/wp\/v2\/types\/post"}],"author":[{"embeddable":true,"href":"http:\/\/www.frederic-poitou.com\/blog\/wp-json\/wp\/v2\/users\/4"}],"replies":[{"embeddable":true,"href":"http:\/\/www.frederic-poitou.com\/blog\/wp-json\/wp\/v2\/comments?post=8647"}],"version-history":[{"count":5,"href":"http:\/\/www.frederic-poitou.com\/blog\/wp-json\/wp\/v2\/posts\/8647\/revisions"}],"predecessor-version":[{"id":8812,"href":"http:\/\/www.frederic-poitou.com\/blog\/wp-json\/wp\/v2\/posts\/8647\/revisions\/8812"}],"wp:featuredmedia":[{"embeddable":true,"href":"http:\/\/www.frederic-poitou.com\/blog\/wp-json\/wp\/v2\/media\/8648"}],"wp:attachment":[{"href":"http:\/\/www.frederic-poitou.com\/blog\/wp-json\/wp\/v2\/media?parent=8647"}],"wp:term":[{"taxonomy":"category","embeddable":true,"href":"http:\/\/www.frederic-poitou.com\/blog\/wp-json\/wp\/v2\/categories?post=8647"},{"taxonomy":"post_tag","embeddable":true,"href":"http:\/\/www.frederic-poitou.com\/blog\/wp-json\/wp\/v2\/tags?post=8647"}],"curies":[{"name":"wp","href":"https:\/\/api.w.org\/{rel}","templated":true}]}}