{"id":8065,"date":"2023-07-14T12:17:32","date_gmt":"2023-07-14T10:17:32","guid":{"rendered":"http:\/\/www.frederic-poitou.com\/blog\/?p=8065"},"modified":"2026-04-18T11:45:05","modified_gmt":"2026-04-18T09:45:05","slug":"le-francophone-ce-faineant","status":"publish","type":"post","link":"http:\/\/www.frederic-poitou.com\/blog\/le-francophone-ce-faineant\/","title":{"rendered":"LE FRANCOPHONE, CE FAINEANT."},"content":{"rendered":"<div class=\"\" data-block=\"true\" data-editor=\"9vpdp\" data-offset-key=\"ao6ka-0-0\"><\/div>\n<div class=\"entry-content-asset videofit\"><iframe loading=\"lazy\" title=\"Vlamingen Verdienen Beter - Eerst Onze Mensen\" width=\"500\" height=\"281\" src=\"https:\/\/www.youtube.com\/embed\/mb-Mtd22RjQ?feature=oembed\" frameborder=\"0\" allow=\"accelerometer; autoplay; clipboard-write; encrypted-media; gyroscope; picture-in-picture; web-share\" referrerpolicy=\"strict-origin-when-cross-origin\" allowfullscreen><\/iframe><\/div>\n<div data-offset-key=\"ao6ka-0-0\"><\/div>\n<div class=\"_1mf _1mj\" data-offset-key=\"ao6ka-0-0\"><span data-offset-key=\"ao6ka-0-0\">En gros : Le flamand travaille dur, mais la Belgique n&rsquo;avance pas \u00e0 cause de ces fain\u00e9ants de wallons. Quelle belle image de la fraternit\u00e9, de la mutualisation des efforts et de la r\u00e9partition des richesses.<\/span><\/div>\n<div class=\"\" data-block=\"true\" data-editor=\"9vpdp\" data-offset-key=\"3osqg-0-0\">\n<div class=\"_1mf _1mj\" data-offset-key=\"3osqg-0-0\"><span data-offset-key=\"3osqg-0-0\">\u00a0<\/span><\/div>\n<\/div>\n<div class=\"\" data-block=\"true\" data-editor=\"9vpdp\" data-offset-key=\"93k5u-0-0\">\n<div class=\"_1mf _1mj\" data-offset-key=\"93k5u-0-0\"><span data-offset-key=\"93k5u-0-0\">Les flamands oublient juste que si la Flandre est aujourd&rsquo;hui plus prosp\u00e8re que ne l&rsquo;est la Wallonie qui a perdu ses ressources industrielles, c&rsquo;est gr\u00e2ce \u00e0 la Wallonie d&rsquo;avant les ann\u00e9es septantes en particulier les charbonnages de Charleroi et l&rsquo;industrie de Li\u00e8ge qu&rsquo;ont surv\u00e9cu les agriculteurs Flamands.\u00a0<\/span><\/div>\n<\/div>\n<div class=\"\" data-block=\"true\" data-editor=\"9vpdp\" data-offset-key=\"3irvq-0-0\">\n<div class=\"_1mf _1mj\" data-offset-key=\"3irvq-0-0\"><\/div>\n<\/div>\n<div class=\"\" data-block=\"true\" data-editor=\"9vpdp\" data-offset-key=\"82uv2-0-0\">\n<div class=\"_1mf _1mj\" data-offset-key=\"82uv2-0-0\"><span data-offset-key=\"82uv2-0-0\">Les Flamands occultent aussi peut \u00eatre un peu vite que le balancier revient toujours \u00e0 sa position d&rsquo;origine. Si la croissance est encore de l&rsquo;ordre de 2% en Flandre actuellement et autour de 1,4% en Wallonie, les perspective 2018 &#8211; 2024 indiquent une croissance qui s&rsquo;inverserait au profit de la r\u00e9gion Bruxelles (du fait de l&rsquo;activit\u00e9 li\u00e9e aux institutions), et de la Wallonie (du fait des \u00e9normes efforts consentis au red\u00e9ploiement industriel).<\/span><\/div>\n<\/div>\n<div data-offset-key=\"82uv2-0-0\"><\/div>\n<div data-offset-key=\"82uv2-0-0\">Enfin, les Flamands oublient aussi un peu vite, qu&rsquo;avec l&rsquo;<a href=\"http:\/\/flood.firetree.net\/embed.php?w=1200&amp;h=700&amp;ll=46.227638,2.213749000000007&amp;zoom=5&amp;m=13\" target=\"_blank\" rel=\"noopener noreferrer\">\u00e9l\u00e9vation du niveau de la mer<\/a>, c&rsquo;est 20% de leur territoire qui va disparaitre, et qu&rsquo;alors, il faudra bien compter sur la solidarit\u00e9 nationale pour payer la facture des protections qui seront indispensables pour \u00e9viter que ne disparaissent purement et simplement Ostende, Knock, Blanckenberg et La Panne.<\/div>\n<div style=\"text-align: center;\" data-offset-key=\"82uv2-0-0\"><img loading=\"lazy\" decoding=\"async\" class=\"alignleft size-full wp-image-8084\" src=\"http:\/\/www.frederic-poitou.com\/blog\/wp-content\/2019\/05\/cote.jpeg\" alt=\"\" width=\"2812\" height=\"1100\" srcset=\"http:\/\/www.frederic-poitou.com\/blog\/wp-content\/2019\/05\/cote.jpeg 2812w, http:\/\/www.frederic-poitou.com\/blog\/wp-content\/2019\/05\/cote-300x117.jpeg 300w, http:\/\/www.frederic-poitou.com\/blog\/wp-content\/2019\/05\/cote-1024x401.jpeg 1024w\" sizes=\"auto, (max-width: 2812px) 100vw, 2812px\" \/><\/div>\n<div class=\"\" data-block=\"true\" data-editor=\"9vpdp\" data-offset-key=\"5vb7q-0-0\">\n<div class=\"_1mf _1mj\" data-offset-key=\"5vb7q-0-0\"><span data-offset-key=\"5vb7q-0-0\">\u00a0<\/span><\/div>\n<\/div>\n<div class=\"\" data-block=\"true\" data-editor=\"9vpdp\" data-offset-key=\"4k6g2-0-0\">\n<div class=\"_1mf _1mj\" data-offset-key=\"4k6g2-0-0\"><span data-offset-key=\"4k6g2-0-0\">Quant \u00e0 l&rsquo;immigration \u00e0 laquelle mes amis flamingants sont tant oppos\u00e9s, comme en France un rapport de l\u2019OCDE estime que l\u2019apport fiscal des immigr\u00e9s en Belgique atteint 0,3% du PIB. Ce que confirme le CIR\u00c9 : \u00ab C\u2019est une fiction de penser que l\u2019emploi est un g\u00e2teau bien d\u00e9fini et qu\u2019il doit \u00eatre r\u00e9parti entre le nombre de personnes r\u00e9unies autour de la table. On est dans un syst\u00e8me o\u00f9 l\u2019emploi cro\u00eet au gr\u00e9 des personnes qui composent le march\u00e9 de l\u2019emploi et les \u00e9trangers viennent stimuler certains secteurs \u00bb.<\/span><\/div>\n<\/div>\n<div class=\"\" data-block=\"true\" data-editor=\"9vpdp\" data-offset-key=\"d42tj-0-0\">\n<div class=\"_1mf _1mj\" data-offset-key=\"d42tj-0-0\"><span data-offset-key=\"d42tj-0-0\">\u00a0<\/span><\/div>\n<\/div>\n<div class=\"\" data-block=\"true\" data-editor=\"9vpdp\" data-offset-key=\"6rpom-0-0\">\n<div class=\"_1mf _1mj\" data-offset-key=\"6rpom-0-0\"><span data-offset-key=\"6rpom-0-0\">Alors \u00e9videmment, en Flandre comme en France, c&rsquo;est tout l&rsquo;int\u00e9r\u00eat des nationalistes, pour ne pas dire des nazillons du <a href=\"https:\/\/www.vlaamsbelang.org\" target=\"_blank\" rel=\"noopener noreferrer\">Vlaams Belang<\/a>*, de stigmatiser pour les cristalliser en votes les frustrations des populations, comme ce fut le cas en Grande-Bretagne avant les \u00e9lections pour le Brexit, mais ce sont des mensonges dont on abreuve les \u00e9lecteurs.<\/span><\/div>\n<\/div>\n<div class=\"\" data-block=\"true\" data-editor=\"9vpdp\" data-offset-key=\"f6lvp-0-0\">\n<div class=\"_1mf _1mj\" data-offset-key=\"f6lvp-0-0\"><span data-offset-key=\"f6lvp-0-0\">\u00a0<\/span><\/div>\n<\/div>\n<div class=\"\" data-block=\"true\" data-editor=\"9vpdp\" data-offset-key=\"2lgjj-0-0\">\n<div class=\"_1mf _1mj\" data-offset-key=\"2lgjj-0-0\">\n<p><span data-offset-key=\"2lgjj-0-0\">Propagande : <em>nom, f\u00e9minin<\/em>. La propagande est un concept d\u00e9signant un ensemble de techniques de persuasion, mis en \u0153uvre pour propager avec tous les moyens disponibles une id\u00e9e, une opinion, une id\u00e9ologie ou une doctrine fausse afin de la faire accepter comme v\u00e9rit\u00e9 par le plus grand nombre et stimuler l&rsquo;adoption de comportements au sein d&rsquo;un public-cible.<\/span><\/p>\n<p>&nbsp;<\/p>\n<\/div>\n<\/div>\n<div data-offset-key=\"2lgjj-0-0\">* Le <i><b>Vlaams Belang<\/b><\/i> (\u00ab\u00a0Int\u00e9r\u00eat flamand\u00a0\u00bb), qui s&rsquo;appelait <i><b>Vlaams Blok<\/b><\/i> (\u00ab\u00a0Bloc flamand\u00a0\u00bb) est un parti politique\u00a0d&rsquo;extr\u00eame droite pr\u00f4nant le nationalisme flamand et l&rsquo;ind\u00e9pendance de la Flandre.<\/div>\n","protected":false},"excerpt":{"rendered":"<p>En gros : Le flamand travaille dur, mais la Belgique n&rsquo;avance pas \u00e0 cause de ces fain\u00e9ants de wallons. Quelle belle image de la fraternit\u00e9, de la mutualisation des efforts et de la r\u00e9partition des richesses. \u00a0 Les flamands oublient &hellip; <a href=\"http:\/\/www.frederic-poitou.com\/blog\/le-francophone-ce-faineant\/\">Lire la suite\u00ad\u00ad<\/a><\/p>\n","protected":false},"author":4,"featured_media":8068,"comment_status":"closed","ping_status":"open","sticky":false,"template":"","format":"standard","meta":{"kt_blocks_editor_width":"","_exactmetrics_skip_tracking":false,"_exactmetrics_sitenote_active":false,"_exactmetrics_sitenote_note":"","_exactmetrics_sitenote_category":0,"footnotes":""},"categories":[48,52,51],"tags":[],"class_list":["post-8065","post","type-post","status-publish","format-standard","has-post-thumbnail","hentry","category-accueil","category-belgique-2","category-politique"],"yoast_head":"<!-- This site is optimized with the Yoast SEO plugin v27.1.1 - https:\/\/yoast.com\/product\/yoast-seo-wordpress\/ -->\n<title>LE FRANCOPHONE, CE FAINEANT. -<\/title>\n<meta name=\"robots\" content=\"index, follow, max-snippet:-1, max-image-preview:large, max-video-preview:-1\" \/>\n<link rel=\"canonical\" href=\"https:\/\/www.frederic-poitou.com\/blog\/le-francophone-ce-faineant\/\" \/>\n<meta property=\"og:locale\" content=\"fr_FR\" \/>\n<meta property=\"og:type\" content=\"article\" \/>\n<meta property=\"og:title\" content=\"LE FRANCOPHONE, CE FAINEANT. -\" \/>\n<meta property=\"og:description\" content=\"En gros : Le flamand travaille dur, mais la Belgique n&rsquo;avance pas \u00e0 cause de ces fain\u00e9ants de wallons. Quelle belle image de la fraternit\u00e9, de la mutualisation des efforts et de la r\u00e9partition des richesses. \u00a0 Les flamands oublient &hellip; Lire la suite\u00ad\u00ad\" \/>\n<meta property=\"og:url\" content=\"https:\/\/www.frederic-poitou.com\/blog\/le-francophone-ce-faineant\/\" \/>\n<meta property=\"article:publisher\" content=\"https:\/\/www.facebook.com\/frederic.poitou\/\" \/>\n<meta property=\"article:published_time\" content=\"2023-07-14T10:17:32+00:00\" \/>\n<meta property=\"article:modified_time\" content=\"2026-04-18T09:45:05+00:00\" \/>\n<meta property=\"og:image\" content=\"https:\/\/www.frederic-poitou.com\/blog\/wp-content\/2019\/05\/Vlaamsbelang.gif\" \/>\n\t<meta property=\"og:image:width\" content=\"620\" \/>\n\t<meta property=\"og:image:height\" content=\"840\" \/>\n\t<meta property=\"og:image:type\" content=\"image\/gif\" \/>\n<meta name=\"author\" content=\"Fr\u00e9d\u00e9ric Poitou\" \/>\n<meta name=\"twitter:card\" content=\"summary_large_image\" \/>\n<meta name=\"twitter:creator\" content=\"@fredericpoitou\" \/>\n<meta name=\"twitter:site\" content=\"@fredericpoitou\" \/>\n<meta name=\"twitter:label1\" content=\"\u00c9crit par\" \/>\n\t<meta name=\"twitter:data1\" content=\"Fr\u00e9d\u00e9ric Poitou\" \/>\n\t<meta name=\"twitter:label2\" content=\"Dur\u00e9e de lecture estim\u00e9e\" \/>\n\t<meta name=\"twitter:data2\" content=\"2 minutes\" \/>\n<script type=\"application\/ld+json\" class=\"yoast-schema-graph\">{\"@context\":\"https:\/\/schema.org\",\"@graph\":[{\"@type\":\"Article\",\"@id\":\"https:\/\/www.frederic-poitou.com\/blog\/le-francophone-ce-faineant\/#article\",\"isPartOf\":{\"@id\":\"https:\/\/www.frederic-poitou.com\/blog\/le-francophone-ce-faineant\/\"},\"author\":{\"name\":\"Fr\u00e9d\u00e9ric Poitou\",\"@id\":\"http:\/\/www.frederic-poitou.com\/blog\/#\/schema\/person\/e2c2d05e978747818533fdce859a7799\"},\"headline\":\"LE FRANCOPHONE, CE FAINEANT.\",\"datePublished\":\"2023-07-14T10:17:32+00:00\",\"dateModified\":\"2026-04-18T09:45:05+00:00\",\"mainEntityOfPage\":{\"@id\":\"https:\/\/www.frederic-poitou.com\/blog\/le-francophone-ce-faineant\/\"},\"wordCount\":511,\"image\":{\"@id\":\"https:\/\/www.frederic-poitou.com\/blog\/le-francophone-ce-faineant\/#primaryimage\"},\"thumbnailUrl\":\"http:\/\/www.frederic-poitou.com\/blog\/wp-content\/2019\/05\/Vlaamsbelang.gif\",\"articleSection\":[\"Accueil\",\"Belgique\",\"Politique\"],\"inLanguage\":\"fr-FR\"},{\"@type\":\"WebPage\",\"@id\":\"https:\/\/www.frederic-poitou.com\/blog\/le-francophone-ce-faineant\/\",\"url\":\"https:\/\/www.frederic-poitou.com\/blog\/le-francophone-ce-faineant\/\",\"name\":\"LE FRANCOPHONE, CE FAINEANT. -\",\"isPartOf\":{\"@id\":\"http:\/\/www.frederic-poitou.com\/blog\/#website\"},\"primaryImageOfPage\":{\"@id\":\"https:\/\/www.frederic-poitou.com\/blog\/le-francophone-ce-faineant\/#primaryimage\"},\"image\":{\"@id\":\"https:\/\/www.frederic-poitou.com\/blog\/le-francophone-ce-faineant\/#primaryimage\"},\"thumbnailUrl\":\"http:\/\/www.frederic-poitou.com\/blog\/wp-content\/2019\/05\/Vlaamsbelang.gif\",\"datePublished\":\"2023-07-14T10:17:32+00:00\",\"dateModified\":\"2026-04-18T09:45:05+00:00\",\"author\":{\"@id\":\"http:\/\/www.frederic-poitou.com\/blog\/#\/schema\/person\/e2c2d05e978747818533fdce859a7799\"},\"breadcrumb\":{\"@id\":\"https:\/\/www.frederic-poitou.com\/blog\/le-francophone-ce-faineant\/#breadcrumb\"},\"inLanguage\":\"fr-FR\",\"potentialAction\":[{\"@type\":\"ReadAction\",\"target\":[\"https:\/\/www.frederic-poitou.com\/blog\/le-francophone-ce-faineant\/\"]}]},{\"@type\":\"ImageObject\",\"inLanguage\":\"fr-FR\",\"@id\":\"https:\/\/www.frederic-poitou.com\/blog\/le-francophone-ce-faineant\/#primaryimage\",\"url\":\"http:\/\/www.frederic-poitou.com\/blog\/wp-content\/2019\/05\/Vlaamsbelang.gif\",\"contentUrl\":\"http:\/\/www.frederic-poitou.com\/blog\/wp-content\/2019\/05\/Vlaamsbelang.gif\",\"width\":620,\"height\":840},{\"@type\":\"BreadcrumbList\",\"@id\":\"https:\/\/www.frederic-poitou.com\/blog\/le-francophone-ce-faineant\/#breadcrumb\",\"itemListElement\":[{\"@type\":\"ListItem\",\"position\":1,\"name\":\"Accueil\",\"item\":\"http:\/\/www.frederic-poitou.com\/blog\/\"},{\"@type\":\"ListItem\",\"position\":2,\"name\":\"LE FRANCOPHONE, CE FAINEANT.\"}]},{\"@type\":\"WebSite\",\"@id\":\"http:\/\/www.frederic-poitou.com\/blog\/#website\",\"url\":\"http:\/\/www.frederic-poitou.com\/blog\/\",\"name\":\"\",\"description\":\"\",\"potentialAction\":[{\"@type\":\"SearchAction\",\"target\":{\"@type\":\"EntryPoint\",\"urlTemplate\":\"http:\/\/www.frederic-poitou.com\/blog\/?s={search_term_string}\"},\"query-input\":{\"@type\":\"PropertyValueSpecification\",\"valueRequired\":true,\"valueName\":\"search_term_string\"}}],\"inLanguage\":\"fr-FR\"},{\"@type\":\"Person\",\"@id\":\"http:\/\/www.frederic-poitou.com\/blog\/#\/schema\/person\/e2c2d05e978747818533fdce859a7799\",\"name\":\"Fr\u00e9d\u00e9ric Poitou\",\"image\":{\"@type\":\"ImageObject\",\"inLanguage\":\"fr-FR\",\"@id\":\"http:\/\/www.frederic-poitou.com\/blog\/#\/schema\/person\/image\/\",\"url\":\"https:\/\/secure.gravatar.com\/avatar\/1933bcca279a2feafd35d9e0a080c521e11beb51115fe4cfe02e2586ac13424a?s=96&d=mm&r=g\",\"contentUrl\":\"https:\/\/secure.gravatar.com\/avatar\/1933bcca279a2feafd35d9e0a080c521e11beb51115fe4cfe02e2586ac13424a?s=96&d=mm&r=g\",\"caption\":\"Fr\u00e9d\u00e9ric Poitou\"},\"description\":\"Fr\u00e9d\u00e9ric Poitou est n\u00e9 \u00e0 Rouen, et y a fait des \u00e9tudes au Conservatoire en musique-\u00e9tudes en section piano. Il s'est ensuite orient\u00e9 vers des \u00e9tudes scientifiques o\u00f9 il a obtenu un dipl\u00f4me d'ing\u00e9nieur, puis un doctorat en Chimie. Il est Expert Judiciaire en France, en Belgique et \u00e0 Luxembourg, et agr\u00e9e par les Institutions Europ\u00e9ennes.\",\"sameAs\":[\"http:\/\/www.frederic-poitou.com\",\"https:\/\/www.linkedin.com\/in\/frederic-poitou-b045a025\/\"]}]}<\/script>\n<!-- \/ Yoast SEO plugin. -->","yoast_head_json":{"title":"LE FRANCOPHONE, CE FAINEANT. -","robots":{"index":"index","follow":"follow","max-snippet":"max-snippet:-1","max-image-preview":"max-image-preview:large","max-video-preview":"max-video-preview:-1"},"canonical":"https:\/\/www.frederic-poitou.com\/blog\/le-francophone-ce-faineant\/","og_locale":"fr_FR","og_type":"article","og_title":"LE FRANCOPHONE, CE FAINEANT. -","og_description":"En gros : Le flamand travaille dur, mais la Belgique n&rsquo;avance pas \u00e0 cause de ces fain\u00e9ants de wallons. Quelle belle image de la fraternit\u00e9, de la mutualisation des efforts et de la r\u00e9partition des richesses. \u00a0 Les flamands oublient &hellip; Lire la suite\u00ad\u00ad","og_url":"https:\/\/www.frederic-poitou.com\/blog\/le-francophone-ce-faineant\/","article_publisher":"https:\/\/www.facebook.com\/frederic.poitou\/","article_published_time":"2023-07-14T10:17:32+00:00","article_modified_time":"2026-04-18T09:45:05+00:00","og_image":[{"width":620,"height":840,"url":"https:\/\/www.frederic-poitou.com\/blog\/wp-content\/2019\/05\/Vlaamsbelang.gif","type":"image\/gif"}],"author":"Fr\u00e9d\u00e9ric Poitou","twitter_card":"summary_large_image","twitter_creator":"@fredericpoitou","twitter_site":"@fredericpoitou","twitter_misc":{"\u00c9crit par":"Fr\u00e9d\u00e9ric Poitou","Dur\u00e9e de lecture estim\u00e9e":"2 minutes"},"schema":{"@context":"https:\/\/schema.org","@graph":[{"@type":"Article","@id":"https:\/\/www.frederic-poitou.com\/blog\/le-francophone-ce-faineant\/#article","isPartOf":{"@id":"https:\/\/www.frederic-poitou.com\/blog\/le-francophone-ce-faineant\/"},"author":{"name":"Fr\u00e9d\u00e9ric Poitou","@id":"http:\/\/www.frederic-poitou.com\/blog\/#\/schema\/person\/e2c2d05e978747818533fdce859a7799"},"headline":"LE FRANCOPHONE, CE FAINEANT.","datePublished":"2023-07-14T10:17:32+00:00","dateModified":"2026-04-18T09:45:05+00:00","mainEntityOfPage":{"@id":"https:\/\/www.frederic-poitou.com\/blog\/le-francophone-ce-faineant\/"},"wordCount":511,"image":{"@id":"https:\/\/www.frederic-poitou.com\/blog\/le-francophone-ce-faineant\/#primaryimage"},"thumbnailUrl":"http:\/\/www.frederic-poitou.com\/blog\/wp-content\/2019\/05\/Vlaamsbelang.gif","articleSection":["Accueil","Belgique","Politique"],"inLanguage":"fr-FR"},{"@type":"WebPage","@id":"https:\/\/www.frederic-poitou.com\/blog\/le-francophone-ce-faineant\/","url":"https:\/\/www.frederic-poitou.com\/blog\/le-francophone-ce-faineant\/","name":"LE FRANCOPHONE, CE FAINEANT. -","isPartOf":{"@id":"http:\/\/www.frederic-poitou.com\/blog\/#website"},"primaryImageOfPage":{"@id":"https:\/\/www.frederic-poitou.com\/blog\/le-francophone-ce-faineant\/#primaryimage"},"image":{"@id":"https:\/\/www.frederic-poitou.com\/blog\/le-francophone-ce-faineant\/#primaryimage"},"thumbnailUrl":"http:\/\/www.frederic-poitou.com\/blog\/wp-content\/2019\/05\/Vlaamsbelang.gif","datePublished":"2023-07-14T10:17:32+00:00","dateModified":"2026-04-18T09:45:05+00:00","author":{"@id":"http:\/\/www.frederic-poitou.com\/blog\/#\/schema\/person\/e2c2d05e978747818533fdce859a7799"},"breadcrumb":{"@id":"https:\/\/www.frederic-poitou.com\/blog\/le-francophone-ce-faineant\/#breadcrumb"},"inLanguage":"fr-FR","potentialAction":[{"@type":"ReadAction","target":["https:\/\/www.frederic-poitou.com\/blog\/le-francophone-ce-faineant\/"]}]},{"@type":"ImageObject","inLanguage":"fr-FR","@id":"https:\/\/www.frederic-poitou.com\/blog\/le-francophone-ce-faineant\/#primaryimage","url":"http:\/\/www.frederic-poitou.com\/blog\/wp-content\/2019\/05\/Vlaamsbelang.gif","contentUrl":"http:\/\/www.frederic-poitou.com\/blog\/wp-content\/2019\/05\/Vlaamsbelang.gif","width":620,"height":840},{"@type":"BreadcrumbList","@id":"https:\/\/www.frederic-poitou.com\/blog\/le-francophone-ce-faineant\/#breadcrumb","itemListElement":[{"@type":"ListItem","position":1,"name":"Accueil","item":"http:\/\/www.frederic-poitou.com\/blog\/"},{"@type":"ListItem","position":2,"name":"LE FRANCOPHONE, CE FAINEANT."}]},{"@type":"WebSite","@id":"http:\/\/www.frederic-poitou.com\/blog\/#website","url":"http:\/\/www.frederic-poitou.com\/blog\/","name":"","description":"","potentialAction":[{"@type":"SearchAction","target":{"@type":"EntryPoint","urlTemplate":"http:\/\/www.frederic-poitou.com\/blog\/?s={search_term_string}"},"query-input":{"@type":"PropertyValueSpecification","valueRequired":true,"valueName":"search_term_string"}}],"inLanguage":"fr-FR"},{"@type":"Person","@id":"http:\/\/www.frederic-poitou.com\/blog\/#\/schema\/person\/e2c2d05e978747818533fdce859a7799","name":"Fr\u00e9d\u00e9ric Poitou","image":{"@type":"ImageObject","inLanguage":"fr-FR","@id":"http:\/\/www.frederic-poitou.com\/blog\/#\/schema\/person\/image\/","url":"https:\/\/secure.gravatar.com\/avatar\/1933bcca279a2feafd35d9e0a080c521e11beb51115fe4cfe02e2586ac13424a?s=96&d=mm&r=g","contentUrl":"https:\/\/secure.gravatar.com\/avatar\/1933bcca279a2feafd35d9e0a080c521e11beb51115fe4cfe02e2586ac13424a?s=96&d=mm&r=g","caption":"Fr\u00e9d\u00e9ric Poitou"},"description":"Fr\u00e9d\u00e9ric Poitou est n\u00e9 \u00e0 Rouen, et y a fait des \u00e9tudes au Conservatoire en musique-\u00e9tudes en section piano. Il s'est ensuite orient\u00e9 vers des \u00e9tudes scientifiques o\u00f9 il a obtenu un dipl\u00f4me d'ing\u00e9nieur, puis un doctorat en Chimie. Il est Expert Judiciaire en France, en Belgique et \u00e0 Luxembourg, et agr\u00e9e par les Institutions Europ\u00e9ennes.","sameAs":["http:\/\/www.frederic-poitou.com","https:\/\/www.linkedin.com\/in\/frederic-poitou-b045a025\/"]}]}},"_links":{"self":[{"href":"http:\/\/www.frederic-poitou.com\/blog\/wp-json\/wp\/v2\/posts\/8065","targetHints":{"allow":["GET"]}}],"collection":[{"href":"http:\/\/www.frederic-poitou.com\/blog\/wp-json\/wp\/v2\/posts"}],"about":[{"href":"http:\/\/www.frederic-poitou.com\/blog\/wp-json\/wp\/v2\/types\/post"}],"author":[{"embeddable":true,"href":"http:\/\/www.frederic-poitou.com\/blog\/wp-json\/wp\/v2\/users\/4"}],"replies":[{"embeddable":true,"href":"http:\/\/www.frederic-poitou.com\/blog\/wp-json\/wp\/v2\/comments?post=8065"}],"version-history":[{"count":1,"href":"http:\/\/www.frederic-poitou.com\/blog\/wp-json\/wp\/v2\/posts\/8065\/revisions"}],"predecessor-version":[{"id":8686,"href":"http:\/\/www.frederic-poitou.com\/blog\/wp-json\/wp\/v2\/posts\/8065\/revisions\/8686"}],"wp:featuredmedia":[{"embeddable":true,"href":"http:\/\/www.frederic-poitou.com\/blog\/wp-json\/wp\/v2\/media\/8068"}],"wp:attachment":[{"href":"http:\/\/www.frederic-poitou.com\/blog\/wp-json\/wp\/v2\/media?parent=8065"}],"wp:term":[{"taxonomy":"category","embeddable":true,"href":"http:\/\/www.frederic-poitou.com\/blog\/wp-json\/wp\/v2\/categories?post=8065"},{"taxonomy":"post_tag","embeddable":true,"href":"http:\/\/www.frederic-poitou.com\/blog\/wp-json\/wp\/v2\/tags?post=8065"}],"curies":[{"name":"wp","href":"https:\/\/api.w.org\/{rel}","templated":true}]}}