{"id":7961,"date":"2023-07-14T08:40:32","date_gmt":"2023-07-14T06:40:32","guid":{"rendered":"http:\/\/www.frederic-poitou.com\/blog\/?p=7961"},"modified":"2026-04-17T02:28:57","modified_gmt":"2026-04-17T00:28:57","slug":"changements-radical-de-notre-modele-societal","status":"publish","type":"post","link":"http:\/\/www.frederic-poitou.com\/blog\/changements-radical-de-notre-modele-societal\/","title":{"rendered":"CHANGEMENT DIAMETRAL DE NOTRE MODELE SOCIETAL ?"},"content":{"rendered":"<p>Le rapport mondial de la Plate-forme intergouvernementale scientifique et politique sur la biodiversit\u00e9 et les services \u00e9cosyst\u00e9miques (IPBES) alerte sur la disparition acc\u00e9l\u00e9r\u00e9e de la vie sauvage, sur la Terre comme au fond des oc\u00e9ans, qui menace l\u2019humanit\u00e9.<\/p>\n<p>Pour y rem\u00e9dier, un certain nombre de recommandations sont faites, pour changer de mod\u00e8le soci\u00e9tal et adapter nos modes de vie.<\/p>\n<p>Finis l&rsquo;agriculture intensive \u00e0 outrance, la surp\u00eache, la surconsommation et le gaspillage, ou encore l&rsquo;association entre croissance \u00e9conomique et bien-\u00eatre : pour prot\u00e9ger la nature, qui fournit \u00e0 l&rsquo;Homme des services indispensables, et assurer une bonne qualit\u00e9 de vie au plus grand nombre, certains secteurs doivent profond\u00e9ment \u00e9voluer.<\/p>\n<p>\u00ab\u00a0Nourrir le monde de mani\u00e8re durable (&#8230;) implique la transformation des syst\u00e8mes alimentaires\u00a0\u00bb, constatent les scientifiques. Ils soulignent les cons\u00e9quences n\u00e9fastes de l&rsquo;agriculture intensive. Les pistes sont \u00e0 chercher du c\u00f4t\u00e9 des \u00ab\u00a0principes agro-\u00e9cologiques\u00a0\u00bb, \u00ab\u00a0l&rsquo;am\u00e9nagement des paysages et des technologies d&rsquo;intensification durable\u00a0\u00bb. La lutte contre la surp\u00eache passe notamment par \u00ab\u00a0des quotas de prises, une limitation de l&rsquo;effort de p\u00eache et des moratoires\u00a0\u00bb.<\/p>\n<p>\u00ab\u00a0R\u00e9duire la demande pour les produits animaux\u00a0\u00bb, en premier lieu la viande, dont la production accapare une part importante des terres agricoles et g\u00e9n\u00e8re des gaz \u00e0 effet de serre, est \u00e9voqu\u00e9 plusieurs fois.<\/p>\n<p>&nbsp;<\/p>\n<p>Ce rapport comporte une phrase cl\u00e9, une phrase d&rsquo;espoir qui devraient inspirer les propositions des candidats aux futures \u00e9lections europ\u00e9ennes :<em>\u00a0\u00ab\u00a0favoriser des conceptions o\u00f9 une bonne qualit\u00e9 de vie n&rsquo;implique pas une consommation mat\u00e9rielle toujours croissante\u00a0\u00bb. *<\/em><\/p>\n<p>&nbsp;<\/p>\n<p>&nbsp;<\/p>\n<p><span style=\"color: #3366ff;\"><a style=\"color: #3366ff;\" href=\"https:\/\/www.lemonde.fr\/planete\/article\/2019\/05\/06\/un-million-d-especes-en-danger-d-extinction_5458785_3244.html\" target=\"_blank\" rel=\"noopener noreferrer\">Le Monde, 06\/05\/2019<\/a><\/span><\/p>\n","protected":false},"excerpt":{"rendered":"<p>Le rapport mondial de la Plate-forme intergouvernementale scientifique et politique sur la biodiversit\u00e9 et les services \u00e9cosyst\u00e9miques (IPBES) alerte sur la disparition acc\u00e9l\u00e9r\u00e9e de la vie sauvage, sur la Terre comme au fond des oc\u00e9ans, qui menace l\u2019humanit\u00e9. Pour y &hellip; <a href=\"http:\/\/www.frederic-poitou.com\/blog\/changements-radical-de-notre-modele-societal\/\">Lire la suite\u00ad\u00ad<\/a><\/p>\n","protected":false},"author":4,"featured_media":7963,"comment_status":"closed","ping_status":"open","sticky":false,"template":"","format":"standard","meta":{"kt_blocks_editor_width":"","_exactmetrics_skip_tracking":false,"_exactmetrics_sitenote_active":false,"_exactmetrics_sitenote_note":"","_exactmetrics_sitenote_category":0,"footnotes":""},"categories":[48,53],"tags":[],"class_list":["post-7961","post","type-post","status-publish","format-standard","has-post-thumbnail","hentry","category-accueil","category-ecologie"],"yoast_head":"<!-- This site is optimized with the Yoast SEO plugin v27.1.1 - https:\/\/yoast.com\/product\/yoast-seo-wordpress\/ -->\n<title>CHANGEMENT DIAMETRAL DE NOTRE MODELE SOCIETAL ? -<\/title>\n<meta name=\"robots\" content=\"index, follow, max-snippet:-1, max-image-preview:large, max-video-preview:-1\" \/>\n<link rel=\"canonical\" href=\"http:\/\/www.frederic-poitou.com\/blog\/changements-radical-de-notre-modele-societal\/\" \/>\n<meta property=\"og:locale\" content=\"fr_FR\" \/>\n<meta property=\"og:type\" content=\"article\" \/>\n<meta property=\"og:title\" content=\"CHANGEMENT DIAMETRAL DE NOTRE MODELE SOCIETAL ? -\" \/>\n<meta property=\"og:description\" content=\"Le rapport mondial de la Plate-forme intergouvernementale scientifique et politique sur la biodiversit\u00e9 et les services \u00e9cosyst\u00e9miques (IPBES) alerte sur la disparition acc\u00e9l\u00e9r\u00e9e de la vie sauvage, sur la Terre comme au fond des oc\u00e9ans, qui menace l\u2019humanit\u00e9. Pour y &hellip; Lire la suite\u00ad\u00ad\" \/>\n<meta property=\"og:url\" content=\"http:\/\/www.frederic-poitou.com\/blog\/changements-radical-de-notre-modele-societal\/\" \/>\n<meta property=\"article:publisher\" content=\"https:\/\/www.facebook.com\/frederic.poitou\/\" \/>\n<meta property=\"article:published_time\" content=\"2023-07-14T06:40:32+00:00\" \/>\n<meta property=\"article:modified_time\" content=\"2026-04-17T00:28:57+00:00\" \/>\n<meta property=\"og:image\" content=\"http:\/\/www.frederic-poitou.com\/blog\/wp-content\/2019\/05\/32531437-fb95-4bc7-8ea4-3203f32c2334-jpeg.jpeg\" \/>\n\t<meta property=\"og:image:width\" content=\"650\" \/>\n\t<meta property=\"og:image:height\" content=\"375\" \/>\n\t<meta property=\"og:image:type\" content=\"image\/jpeg\" \/>\n<meta name=\"author\" content=\"Fr\u00e9d\u00e9ric Poitou\" \/>\n<meta name=\"twitter:card\" content=\"summary_large_image\" \/>\n<meta name=\"twitter:creator\" content=\"@fredericpoitou\" \/>\n<meta name=\"twitter:site\" content=\"@fredericpoitou\" \/>\n<meta name=\"twitter:label1\" content=\"\u00c9crit par\" \/>\n\t<meta name=\"twitter:data1\" content=\"Fr\u00e9d\u00e9ric Poitou\" \/>\n\t<meta name=\"twitter:label2\" content=\"Dur\u00e9e de lecture estim\u00e9e\" \/>\n\t<meta name=\"twitter:data2\" content=\"1 minute\" \/>\n<script type=\"application\/ld+json\" class=\"yoast-schema-graph\">{\"@context\":\"https:\/\/schema.org\",\"@graph\":[{\"@type\":\"Article\",\"@id\":\"http:\/\/www.frederic-poitou.com\/blog\/changements-radical-de-notre-modele-societal\/#article\",\"isPartOf\":{\"@id\":\"http:\/\/www.frederic-poitou.com\/blog\/changements-radical-de-notre-modele-societal\/\"},\"author\":{\"name\":\"Fr\u00e9d\u00e9ric Poitou\",\"@id\":\"http:\/\/www.frederic-poitou.com\/blog\/#\/schema\/person\/e2c2d05e978747818533fdce859a7799\"},\"headline\":\"CHANGEMENT DIAMETRAL DE NOTRE MODELE SOCIETAL ?\",\"datePublished\":\"2023-07-14T06:40:32+00:00\",\"dateModified\":\"2026-04-17T00:28:57+00:00\",\"mainEntityOfPage\":{\"@id\":\"http:\/\/www.frederic-poitou.com\/blog\/changements-radical-de-notre-modele-societal\/\"},\"wordCount\":281,\"image\":{\"@id\":\"http:\/\/www.frederic-poitou.com\/blog\/changements-radical-de-notre-modele-societal\/#primaryimage\"},\"thumbnailUrl\":\"http:\/\/www.frederic-poitou.com\/blog\/wp-content\/2019\/05\/32531437-fb95-4bc7-8ea4-3203f32c2334-jpeg.jpeg\",\"articleSection\":[\"Accueil\",\"Ecologie\"],\"inLanguage\":\"fr-FR\"},{\"@type\":\"WebPage\",\"@id\":\"http:\/\/www.frederic-poitou.com\/blog\/changements-radical-de-notre-modele-societal\/\",\"url\":\"http:\/\/www.frederic-poitou.com\/blog\/changements-radical-de-notre-modele-societal\/\",\"name\":\"CHANGEMENT DIAMETRAL DE NOTRE MODELE SOCIETAL ? -\",\"isPartOf\":{\"@id\":\"http:\/\/www.frederic-poitou.com\/blog\/#website\"},\"primaryImageOfPage\":{\"@id\":\"http:\/\/www.frederic-poitou.com\/blog\/changements-radical-de-notre-modele-societal\/#primaryimage\"},\"image\":{\"@id\":\"http:\/\/www.frederic-poitou.com\/blog\/changements-radical-de-notre-modele-societal\/#primaryimage\"},\"thumbnailUrl\":\"http:\/\/www.frederic-poitou.com\/blog\/wp-content\/2019\/05\/32531437-fb95-4bc7-8ea4-3203f32c2334-jpeg.jpeg\",\"datePublished\":\"2023-07-14T06:40:32+00:00\",\"dateModified\":\"2026-04-17T00:28:57+00:00\",\"author\":{\"@id\":\"http:\/\/www.frederic-poitou.com\/blog\/#\/schema\/person\/e2c2d05e978747818533fdce859a7799\"},\"breadcrumb\":{\"@id\":\"http:\/\/www.frederic-poitou.com\/blog\/changements-radical-de-notre-modele-societal\/#breadcrumb\"},\"inLanguage\":\"fr-FR\",\"potentialAction\":[{\"@type\":\"ReadAction\",\"target\":[\"http:\/\/www.frederic-poitou.com\/blog\/changements-radical-de-notre-modele-societal\/\"]}]},{\"@type\":\"ImageObject\",\"inLanguage\":\"fr-FR\",\"@id\":\"http:\/\/www.frederic-poitou.com\/blog\/changements-radical-de-notre-modele-societal\/#primaryimage\",\"url\":\"http:\/\/www.frederic-poitou.com\/blog\/wp-content\/2019\/05\/32531437-fb95-4bc7-8ea4-3203f32c2334-jpeg.jpeg\",\"contentUrl\":\"http:\/\/www.frederic-poitou.com\/blog\/wp-content\/2019\/05\/32531437-fb95-4bc7-8ea4-3203f32c2334-jpeg.jpeg\",\"width\":650,\"height\":375},{\"@type\":\"BreadcrumbList\",\"@id\":\"http:\/\/www.frederic-poitou.com\/blog\/changements-radical-de-notre-modele-societal\/#breadcrumb\",\"itemListElement\":[{\"@type\":\"ListItem\",\"position\":1,\"name\":\"Accueil\",\"item\":\"http:\/\/www.frederic-poitou.com\/blog\/\"},{\"@type\":\"ListItem\",\"position\":2,\"name\":\"CHANGEMENT DIAMETRAL DE NOTRE MODELE SOCIETAL ?\"}]},{\"@type\":\"WebSite\",\"@id\":\"http:\/\/www.frederic-poitou.com\/blog\/#website\",\"url\":\"http:\/\/www.frederic-poitou.com\/blog\/\",\"name\":\"\",\"description\":\"\",\"potentialAction\":[{\"@type\":\"SearchAction\",\"target\":{\"@type\":\"EntryPoint\",\"urlTemplate\":\"http:\/\/www.frederic-poitou.com\/blog\/?s={search_term_string}\"},\"query-input\":{\"@type\":\"PropertyValueSpecification\",\"valueRequired\":true,\"valueName\":\"search_term_string\"}}],\"inLanguage\":\"fr-FR\"},{\"@type\":\"Person\",\"@id\":\"http:\/\/www.frederic-poitou.com\/blog\/#\/schema\/person\/e2c2d05e978747818533fdce859a7799\",\"name\":\"Fr\u00e9d\u00e9ric Poitou\",\"image\":{\"@type\":\"ImageObject\",\"inLanguage\":\"fr-FR\",\"@id\":\"http:\/\/www.frederic-poitou.com\/blog\/#\/schema\/person\/image\/\",\"url\":\"https:\/\/secure.gravatar.com\/avatar\/1933bcca279a2feafd35d9e0a080c521e11beb51115fe4cfe02e2586ac13424a?s=96&d=mm&r=g\",\"contentUrl\":\"https:\/\/secure.gravatar.com\/avatar\/1933bcca279a2feafd35d9e0a080c521e11beb51115fe4cfe02e2586ac13424a?s=96&d=mm&r=g\",\"caption\":\"Fr\u00e9d\u00e9ric Poitou\"},\"description\":\"Fr\u00e9d\u00e9ric Poitou est n\u00e9 \u00e0 Rouen, et y a fait des \u00e9tudes au Conservatoire en musique-\u00e9tudes en section piano. Il s'est ensuite orient\u00e9 vers des \u00e9tudes scientifiques o\u00f9 il a obtenu un dipl\u00f4me d'ing\u00e9nieur, puis un doctorat en Chimie. Il est Expert Judiciaire en France, en Belgique et \u00e0 Luxembourg, et agr\u00e9e par les Institutions Europ\u00e9ennes.\",\"sameAs\":[\"http:\/\/www.frederic-poitou.com\",\"https:\/\/www.linkedin.com\/in\/frederic-poitou-b045a025\/\"]}]}<\/script>\n<!-- \/ Yoast SEO plugin. -->","yoast_head_json":{"title":"CHANGEMENT DIAMETRAL DE NOTRE MODELE SOCIETAL ? -","robots":{"index":"index","follow":"follow","max-snippet":"max-snippet:-1","max-image-preview":"max-image-preview:large","max-video-preview":"max-video-preview:-1"},"canonical":"http:\/\/www.frederic-poitou.com\/blog\/changements-radical-de-notre-modele-societal\/","og_locale":"fr_FR","og_type":"article","og_title":"CHANGEMENT DIAMETRAL DE NOTRE MODELE SOCIETAL ? -","og_description":"Le rapport mondial de la Plate-forme intergouvernementale scientifique et politique sur la biodiversit\u00e9 et les services \u00e9cosyst\u00e9miques (IPBES) alerte sur la disparition acc\u00e9l\u00e9r\u00e9e de la vie sauvage, sur la Terre comme au fond des oc\u00e9ans, qui menace l\u2019humanit\u00e9. Pour y &hellip; Lire la suite\u00ad\u00ad","og_url":"http:\/\/www.frederic-poitou.com\/blog\/changements-radical-de-notre-modele-societal\/","article_publisher":"https:\/\/www.facebook.com\/frederic.poitou\/","article_published_time":"2023-07-14T06:40:32+00:00","article_modified_time":"2026-04-17T00:28:57+00:00","og_image":[{"width":650,"height":375,"url":"http:\/\/www.frederic-poitou.com\/blog\/wp-content\/2019\/05\/32531437-fb95-4bc7-8ea4-3203f32c2334-jpeg.jpeg","type":"image\/jpeg"}],"author":"Fr\u00e9d\u00e9ric Poitou","twitter_card":"summary_large_image","twitter_creator":"@fredericpoitou","twitter_site":"@fredericpoitou","twitter_misc":{"\u00c9crit par":"Fr\u00e9d\u00e9ric Poitou","Dur\u00e9e de lecture estim\u00e9e":"1 minute"},"schema":{"@context":"https:\/\/schema.org","@graph":[{"@type":"Article","@id":"http:\/\/www.frederic-poitou.com\/blog\/changements-radical-de-notre-modele-societal\/#article","isPartOf":{"@id":"http:\/\/www.frederic-poitou.com\/blog\/changements-radical-de-notre-modele-societal\/"},"author":{"name":"Fr\u00e9d\u00e9ric Poitou","@id":"http:\/\/www.frederic-poitou.com\/blog\/#\/schema\/person\/e2c2d05e978747818533fdce859a7799"},"headline":"CHANGEMENT DIAMETRAL DE NOTRE MODELE SOCIETAL ?","datePublished":"2023-07-14T06:40:32+00:00","dateModified":"2026-04-17T00:28:57+00:00","mainEntityOfPage":{"@id":"http:\/\/www.frederic-poitou.com\/blog\/changements-radical-de-notre-modele-societal\/"},"wordCount":281,"image":{"@id":"http:\/\/www.frederic-poitou.com\/blog\/changements-radical-de-notre-modele-societal\/#primaryimage"},"thumbnailUrl":"http:\/\/www.frederic-poitou.com\/blog\/wp-content\/2019\/05\/32531437-fb95-4bc7-8ea4-3203f32c2334-jpeg.jpeg","articleSection":["Accueil","Ecologie"],"inLanguage":"fr-FR"},{"@type":"WebPage","@id":"http:\/\/www.frederic-poitou.com\/blog\/changements-radical-de-notre-modele-societal\/","url":"http:\/\/www.frederic-poitou.com\/blog\/changements-radical-de-notre-modele-societal\/","name":"CHANGEMENT DIAMETRAL DE NOTRE MODELE SOCIETAL ? -","isPartOf":{"@id":"http:\/\/www.frederic-poitou.com\/blog\/#website"},"primaryImageOfPage":{"@id":"http:\/\/www.frederic-poitou.com\/blog\/changements-radical-de-notre-modele-societal\/#primaryimage"},"image":{"@id":"http:\/\/www.frederic-poitou.com\/blog\/changements-radical-de-notre-modele-societal\/#primaryimage"},"thumbnailUrl":"http:\/\/www.frederic-poitou.com\/blog\/wp-content\/2019\/05\/32531437-fb95-4bc7-8ea4-3203f32c2334-jpeg.jpeg","datePublished":"2023-07-14T06:40:32+00:00","dateModified":"2026-04-17T00:28:57+00:00","author":{"@id":"http:\/\/www.frederic-poitou.com\/blog\/#\/schema\/person\/e2c2d05e978747818533fdce859a7799"},"breadcrumb":{"@id":"http:\/\/www.frederic-poitou.com\/blog\/changements-radical-de-notre-modele-societal\/#breadcrumb"},"inLanguage":"fr-FR","potentialAction":[{"@type":"ReadAction","target":["http:\/\/www.frederic-poitou.com\/blog\/changements-radical-de-notre-modele-societal\/"]}]},{"@type":"ImageObject","inLanguage":"fr-FR","@id":"http:\/\/www.frederic-poitou.com\/blog\/changements-radical-de-notre-modele-societal\/#primaryimage","url":"http:\/\/www.frederic-poitou.com\/blog\/wp-content\/2019\/05\/32531437-fb95-4bc7-8ea4-3203f32c2334-jpeg.jpeg","contentUrl":"http:\/\/www.frederic-poitou.com\/blog\/wp-content\/2019\/05\/32531437-fb95-4bc7-8ea4-3203f32c2334-jpeg.jpeg","width":650,"height":375},{"@type":"BreadcrumbList","@id":"http:\/\/www.frederic-poitou.com\/blog\/changements-radical-de-notre-modele-societal\/#breadcrumb","itemListElement":[{"@type":"ListItem","position":1,"name":"Accueil","item":"http:\/\/www.frederic-poitou.com\/blog\/"},{"@type":"ListItem","position":2,"name":"CHANGEMENT DIAMETRAL DE NOTRE MODELE SOCIETAL ?"}]},{"@type":"WebSite","@id":"http:\/\/www.frederic-poitou.com\/blog\/#website","url":"http:\/\/www.frederic-poitou.com\/blog\/","name":"","description":"","potentialAction":[{"@type":"SearchAction","target":{"@type":"EntryPoint","urlTemplate":"http:\/\/www.frederic-poitou.com\/blog\/?s={search_term_string}"},"query-input":{"@type":"PropertyValueSpecification","valueRequired":true,"valueName":"search_term_string"}}],"inLanguage":"fr-FR"},{"@type":"Person","@id":"http:\/\/www.frederic-poitou.com\/blog\/#\/schema\/person\/e2c2d05e978747818533fdce859a7799","name":"Fr\u00e9d\u00e9ric Poitou","image":{"@type":"ImageObject","inLanguage":"fr-FR","@id":"http:\/\/www.frederic-poitou.com\/blog\/#\/schema\/person\/image\/","url":"https:\/\/secure.gravatar.com\/avatar\/1933bcca279a2feafd35d9e0a080c521e11beb51115fe4cfe02e2586ac13424a?s=96&d=mm&r=g","contentUrl":"https:\/\/secure.gravatar.com\/avatar\/1933bcca279a2feafd35d9e0a080c521e11beb51115fe4cfe02e2586ac13424a?s=96&d=mm&r=g","caption":"Fr\u00e9d\u00e9ric Poitou"},"description":"Fr\u00e9d\u00e9ric Poitou est n\u00e9 \u00e0 Rouen, et y a fait des \u00e9tudes au Conservatoire en musique-\u00e9tudes en section piano. Il s'est ensuite orient\u00e9 vers des \u00e9tudes scientifiques o\u00f9 il a obtenu un dipl\u00f4me d'ing\u00e9nieur, puis un doctorat en Chimie. Il est Expert Judiciaire en France, en Belgique et \u00e0 Luxembourg, et agr\u00e9e par les Institutions Europ\u00e9ennes.","sameAs":["http:\/\/www.frederic-poitou.com","https:\/\/www.linkedin.com\/in\/frederic-poitou-b045a025\/"]}]}},"_links":{"self":[{"href":"http:\/\/www.frederic-poitou.com\/blog\/wp-json\/wp\/v2\/posts\/7961","targetHints":{"allow":["GET"]}}],"collection":[{"href":"http:\/\/www.frederic-poitou.com\/blog\/wp-json\/wp\/v2\/posts"}],"about":[{"href":"http:\/\/www.frederic-poitou.com\/blog\/wp-json\/wp\/v2\/types\/post"}],"author":[{"embeddable":true,"href":"http:\/\/www.frederic-poitou.com\/blog\/wp-json\/wp\/v2\/users\/4"}],"replies":[{"embeddable":true,"href":"http:\/\/www.frederic-poitou.com\/blog\/wp-json\/wp\/v2\/comments?post=7961"}],"version-history":[{"count":1,"href":"http:\/\/www.frederic-poitou.com\/blog\/wp-json\/wp\/v2\/posts\/7961\/revisions"}],"predecessor-version":[{"id":8691,"href":"http:\/\/www.frederic-poitou.com\/blog\/wp-json\/wp\/v2\/posts\/7961\/revisions\/8691"}],"wp:featuredmedia":[{"embeddable":true,"href":"http:\/\/www.frederic-poitou.com\/blog\/wp-json\/wp\/v2\/media\/7963"}],"wp:attachment":[{"href":"http:\/\/www.frederic-poitou.com\/blog\/wp-json\/wp\/v2\/media?parent=7961"}],"wp:term":[{"taxonomy":"category","embeddable":true,"href":"http:\/\/www.frederic-poitou.com\/blog\/wp-json\/wp\/v2\/categories?post=7961"},{"taxonomy":"post_tag","embeddable":true,"href":"http:\/\/www.frederic-poitou.com\/blog\/wp-json\/wp\/v2\/tags?post=7961"}],"curies":[{"name":"wp","href":"https:\/\/api.w.org\/{rel}","templated":true}]}}