{"id":7734,"date":"2023-07-14T06:07:32","date_gmt":"2023-07-14T04:07:32","guid":{"rendered":"http:\/\/www.frederic-poitou.com\/blog\/?p=7734"},"modified":"2026-04-16T11:01:41","modified_gmt":"2026-04-16T09:01:41","slug":"7734-2","status":"publish","type":"post","link":"http:\/\/www.frederic-poitou.com\/blog\/7734-2\/","title":{"rendered":"INTERCULTURALISME V\/ MULTICULTURALISME : LES DANGERS DE LA COMMUNAUTARISATION"},"content":{"rendered":"\r\n<p>La tribalisation de nos soci\u00e9t\u00e9s menacent leurs puissances en fragmentant leurs unit\u00e9s.<\/p>\r\n\r\n\r\n\r\n<h2 class=\"wp-block-heading\">Une intense polarisation politique.<\/h2>\r\n\r\n\r\n\r\n<p>On observe, aux Etats-Unis, que le d\u00e9bat politique s\u2019est tendu. R\u00e9publicains et D\u00e9mocrates ont rarement \u00e9t\u00e9 aussi divis\u00e9s. La personnalit\u00e9 du pr\u00e9sident n\u2019est sans doute pas \u00e9trang\u00e8re \u00e0 cette situation.<br \/>Or, ce qui arrive aux Etats-Unis nous int\u00e9resse, parce que c\u2019est bien souvent l\u2019indice de ce qui va survenir chez nous. Depuis l\u2019\u00e9lection de Donald Trump, les Am\u00e9ricains s\u2019inqui\u00e8tent du degr\u00e9 de polarisation exceptionnel qui affecte leur vie politique. Entre partisans et adversaires de Trump, la haine r\u00e9ciproque est si intense qu\u2019elle menace la l\u00e9gendaire stabilit\u00e9 politique des Etats-Unis.\u00a0Selon le psychologue Jonathan Haidt, il devient difficile de faire travailler ensemble des employ\u00e9s pro et anti-Trump. On est au-del\u00e0 des conflits id\u00e9ologiques classiques. Pour en rendre compte, le mot tribalisme ou l\u2019adjectif tribal sont devenus obs\u00e9dants dans le discours m\u00e9diatique. Les Etats-Unis seraient en train de r\u00e9gresser, du stade de la nation \u00e0 celui d\u2019une juxtaposition de tribus, en guerre les unes avec les autres. Ceci affaiblit consid\u00e9rablement le pays sur le plan international. Mais, le plus grave c\u2019est que cet \u00e9clatement id\u00e9ologique de la soci\u00e9t\u00e9 recoupe en partie des clivages ethniques. Du coup, le concept de tribu prend tout son sens.<\/p>\r\n\r\n\r\n\r\n<h2 class=\"wp-block-heading\">Le vote Trump\u00a0: un vote ethnique.\u00a0<\/h2>\r\n\r\n\r\n\r\n<p>Car, on a pu expliquer l\u2019improbable victoire de Donald Trump elle-m\u00eame par un r\u00e9flexe tribal de certains Blancs\u00a0; le vote Trump aurait \u00e9t\u00e9 un vote ethnique. La preuve\u00a0: la majorit\u00e9 des femmes blanches ont pr\u00e9f\u00e9r\u00e9 ce milliardaire sexiste \u00e0 Hillary Clinton. Pour la politologue Amy Chua, dans son livre Political Tribes, les Blancs, qui savent qu\u2019ils perdront la majorit\u00e9 aux Etats-Unis au cours des vingt ann\u00e9es qui viennent, auraient ob\u00e9i, \u00e0 leur tour, \u00e0 un r\u00e9flexe tribal. Comme les autres minorit\u00e9s, ils seraient en train d\u2019adopter un comportement \u00e9lectoral dict\u00e9 par leur appartenance ethnique autant que par leurs int\u00e9r\u00eats de classe, ou leurs convictions. C\u2019est pourquoi ils se seraient regroup\u00e9s autour d\u2019un politicien qui faisait appel, de mani\u00e8re souterraine, \u00e0 cette identit\u00e9.\u00a0<\/p>\r\n\r\n\r\n\r\n<h2 class=\"wp-block-heading\">Une culture dominante est-elle indispensable\u00a0?<\/h2>\r\n\r\n\r\n\r\n<p>Les Blancs seraient sur le point de devenir une tribu am\u00e9ricaine comme les autres. D\u2019o\u00f9 la r\u00e9cente apparition, aux Etats-Unis, de la question qui obs\u00e8de bien d\u2019autres nations, confront\u00e9es au d\u00e9fi du multiculturalisme\u00a0: sur quel socle commun des cultures diff\u00e9rentes doivent-elles reposer pour que les soci\u00e9t\u00e9s n\u2019explosent pas\u00a0? De solides institutions suffisent-elles pour fixer les r\u00e8gles du jeu \u2013 c\u2019est la th\u00e8se du \u00ab\u00a0patriotisme constitutionnel\u00a0\u00bb\u00a0? Ou faut-il qu\u2019une culture dominante \u00a0&#8211; une Leitkultur comme disent les Allemands, demeure commune\u00a0?C\u2019est la th\u00e8se qui est d\u00e9fendue par Andrew A Michta, dans la revue The American Interest. Dans un article intitul\u00e9, \u00ab Yes, it can happen here \u00bb, ce politologue se montre tr\u00e8s pessimiste, d\u2019une mani\u00e8re g\u00e9n\u00e9rale, sur l\u2019avenir de nos d\u00e9mocraties occidentales. Quelle ironie du sort ! \u00e9crit-il, alors qu\u2019il y a deux d\u00e9cennies, nos experts parcouraient le monde, du Moyen-Orient \u00e0 l\u2019Europe orientale, en donnant des le\u00e7ons de \u00ab State building \u00bb, aujourd\u2019hui, ce sont nos propres Etats-nations qui approchent dangereusement du point de rupture. Elles sont au bord de l\u2019\u00e9clatement et deviennent de ce fait ingouvernables. Jamais un tel degr\u00e9 de polarisation, selon des lignes de fracture de toute sorte \u2013 ethniques, religieuses, id\u00e9ologiques &#8211; n\u2019avaient autant menac\u00e9 leur coh\u00e9sion interne.\u00a0L\u2019art du compromis qui caract\u00e9risait nos syst\u00e8mes politiques est perdu. Bien des d\u00e9mocraties sont menac\u00e9es par des haines politiques qui rendent tr\u00e8s d\u00e9licat l\u2019art de gouverner.\u00a0<\/p>\r\n\r\n\r\n\r\n<h2 class=\"wp-block-heading\">Sans consensus minimal, les soci\u00e9t\u00e9s \u00e9clatent.<\/h2>\r\n\r\n\r\n\r\n<p>\u00ab La mode actuelle des politiques de l\u2019identit\u00e9 a atteint un tel seuil &#8211; \u00e9crit-il &#8211; que le seuil de d\u00e9composition de nos vieux Etats-nations est d\u00e9sormais de l\u2019ordre du possible.\u00a0\u00bb Elles subissent, en effet, une grave \u00e9rosion du consensus sur lequel elles \u00e9taient fond\u00e9es. Nous avons tort de croire que nos institutions, celles des Etats-Unis ont plus de deux si\u00e8cles \u2013 nous prot\u00e8gent, poursuit Michta. Elles ne suffisent pas. Car, les institutions ne valent que par la puissance et la solidit\u00e9 des forces politiques qui les font vivre. A elles seules, ces institutions ne peuvent pas garantir la paix civile. Il faut qu\u2019existe un consensus minimal entre les citoyens.\u00a0Pour que les nations ne sombrent pas dans la d\u00e9composition et dans une anarchie, dont on sait bien qu\u2019elle cr\u00e9e une demande d\u2019ordre et d\u00e9bouche sur des r\u00e9gimes autoritaires, il faut que les citoyens \u00e9prouvent un sens profond de r\u00e9ciprocit\u00e9 et d\u2019obligation mutuelle. Mais il faut aussi qu\u2019il existe une culture partag\u00e9e car, c\u2019est sur elle que se fonde l\u2019identit\u00e9 nationale.\u00a0Pendant longtemps, cette culture nationale a pu faire leur place \u00e0 des narratifs particuliers \u2013 r\u00e9gionaux, ethniques, religieux ou id\u00e9ologiques. Tel n\u2019est plus le cas \u00e0 pr\u00e9sent. Car, cette culture nationale a \u00e9t\u00e9 syst\u00e9matiquement d\u00e9construite dans l\u2019enseignement. A force de r\u00e9p\u00e9ter \u00e0 nos \u00e9l\u00e8ves et \u00e0 nos \u00e9tudiants que l\u2019histoire de leur nation n\u2019est qu\u2019une suite de crimes et que leur seul h\u00e9ritage est une honte \u00e0 partager, nous avons aggrav\u00e9 la balkanisation, la tribalisation de nos soci\u00e9t\u00e9s. Et cela les fragilise dangereusement\u00a0: qui voudrait risquer sa vie pour une institution aussi d\u00e9valoris\u00e9e\u00a0?<\/p>\r\n\r\n\r\n\r\n<p style=\"text-align: right;\"><strong>TYV<\/strong><\/p>\r\n\r\n\r\n\r\n<ul class=\"wp-block-gallery columns-3 is-cropped wp-block-gallery-1 is-layout-flex wp-block-gallery-is-layout-flex\">\r\n<li class=\"blocks-gallery-item\">\r\n<figure><img loading=\"lazy\" decoding=\"async\" width=\"860\" height=\"348\" class=\"wp-image-7735\" src=\"http:\/\/www.frederic-poitou.com\/blog\/wp-content\/2019\/01\/1.jpeg\" alt=\"\" data-id=\"7735\" data-link=\"http:\/\/www.frederic-poitou.com\/blog\/?attachment_id=7735\" srcset=\"http:\/\/www.frederic-poitou.com\/blog\/wp-content\/2019\/01\/1.jpeg 860w, http:\/\/www.frederic-poitou.com\/blog\/wp-content\/2019\/01\/1-300x121.jpeg 300w\" sizes=\"auto, (max-width: 860px) 100vw, 860px\" \/><\/figure>\r\n<\/li>\r\n<li class=\"blocks-gallery-item\">\r\n<figure><img loading=\"lazy\" decoding=\"async\" width=\"1024\" height=\"396\" class=\"wp-image-7736\" src=\"http:\/\/www.frederic-poitou.com\/blog\/wp-content\/2019\/01\/2-1024x396.jpeg\" alt=\"\" data-id=\"7736\" data-link=\"http:\/\/www.frederic-poitou.com\/blog\/?attachment_id=7736\" srcset=\"http:\/\/www.frederic-poitou.com\/blog\/wp-content\/2019\/01\/2-1024x396.jpeg 1024w, http:\/\/www.frederic-poitou.com\/blog\/wp-content\/2019\/01\/2-300x116.jpeg 300w, http:\/\/www.frederic-poitou.com\/blog\/wp-content\/2019\/01\/2.jpeg 1716w\" sizes=\"auto, (max-width: 1024px) 100vw, 1024px\" \/><\/figure>\r\n<\/li>\r\n<li class=\"blocks-gallery-item\">\r\n<figure><img loading=\"lazy\" decoding=\"async\" width=\"1024\" height=\"399\" class=\"wp-image-7737\" src=\"http:\/\/www.frederic-poitou.com\/blog\/wp-content\/2019\/01\/3-1024x399.jpeg\" alt=\"\" data-id=\"7737\" data-link=\"http:\/\/www.frederic-poitou.com\/blog\/?attachment_id=7737\" srcset=\"http:\/\/www.frederic-poitou.com\/blog\/wp-content\/2019\/01\/3-1024x399.jpeg 1024w, http:\/\/www.frederic-poitou.com\/blog\/wp-content\/2019\/01\/3-300x117.jpeg 300w, http:\/\/www.frederic-poitou.com\/blog\/wp-content\/2019\/01\/3.jpeg 1718w\" sizes=\"auto, (max-width: 1024px) 100vw, 1024px\" \/><\/figure>\r\n<\/li>\r\n<li class=\"blocks-gallery-item\">\r\n<figure><img loading=\"lazy\" decoding=\"async\" width=\"1024\" height=\"403\" class=\"wp-image-7738\" src=\"http:\/\/www.frederic-poitou.com\/blog\/wp-content\/2019\/01\/4-1024x403.jpeg\" alt=\"\" data-id=\"7738\" data-link=\"http:\/\/www.frederic-poitou.com\/blog\/?attachment_id=7738\" srcset=\"http:\/\/www.frederic-poitou.com\/blog\/wp-content\/2019\/01\/4-1024x403.jpeg 1024w, http:\/\/www.frederic-poitou.com\/blog\/wp-content\/2019\/01\/4-300x118.jpeg 300w, http:\/\/www.frederic-poitou.com\/blog\/wp-content\/2019\/01\/4.jpeg 1722w\" sizes=\"auto, (max-width: 1024px) 100vw, 1024px\" \/><\/figure>\r\n<\/li>\r\n<\/ul>\r\n","protected":false},"excerpt":{"rendered":"<p>La tribalisation de nos soci\u00e9t\u00e9s menacent leurs puissances en fragmentant leurs unit\u00e9s. Une intense polarisation politique. On observe, aux Etats-Unis, que le d\u00e9bat politique s\u2019est tendu. R\u00e9publicains et D\u00e9mocrates ont rarement \u00e9t\u00e9 aussi divis\u00e9s. La personnalit\u00e9 du pr\u00e9sident n\u2019est sans &hellip; <a href=\"http:\/\/www.frederic-poitou.com\/blog\/7734-2\/\">Lire la suite\u00ad\u00ad<\/a><\/p>\n","protected":false},"author":4,"featured_media":7735,"comment_status":"closed","ping_status":"open","sticky":false,"template":"","format":"standard","meta":{"kt_blocks_editor_width":"","_exactmetrics_skip_tracking":false,"_exactmetrics_sitenote_active":false,"_exactmetrics_sitenote_note":"","_exactmetrics_sitenote_category":0,"footnotes":""},"categories":[48],"tags":[],"class_list":["post-7734","post","type-post","status-publish","format-standard","has-post-thumbnail","hentry","category-accueil"],"yoast_head":"<!-- This site is optimized with the Yoast SEO plugin v27.1.1 - https:\/\/yoast.com\/product\/yoast-seo-wordpress\/ -->\n<title>INTERCULTURALISME V\/ MULTICULTURALISME : LES DANGERS DE LA COMMUNAUTARISATION -<\/title>\n<meta name=\"robots\" content=\"index, follow, max-snippet:-1, max-image-preview:large, max-video-preview:-1\" \/>\n<link rel=\"canonical\" href=\"http:\/\/www.frederic-poitou.com\/blog\/7734-2\/\" \/>\n<meta property=\"og:locale\" content=\"fr_FR\" \/>\n<meta property=\"og:type\" content=\"article\" \/>\n<meta property=\"og:title\" content=\"INTERCULTURALISME V\/ MULTICULTURALISME : LES DANGERS DE LA COMMUNAUTARISATION -\" \/>\n<meta property=\"og:description\" content=\"La tribalisation de nos soci\u00e9t\u00e9s menacent leurs puissances en fragmentant leurs unit\u00e9s. Une intense polarisation politique. On observe, aux Etats-Unis, que le d\u00e9bat politique s\u2019est tendu. R\u00e9publicains et D\u00e9mocrates ont rarement \u00e9t\u00e9 aussi divis\u00e9s. La personnalit\u00e9 du pr\u00e9sident n\u2019est sans &hellip; Lire la suite\u00ad\u00ad\" \/>\n<meta property=\"og:url\" content=\"http:\/\/www.frederic-poitou.com\/blog\/7734-2\/\" \/>\n<meta property=\"article:publisher\" content=\"https:\/\/www.facebook.com\/frederic.poitou\/\" \/>\n<meta property=\"article:published_time\" content=\"2023-07-14T04:07:32+00:00\" \/>\n<meta property=\"article:modified_time\" content=\"2026-04-16T09:01:41+00:00\" \/>\n<meta property=\"og:image\" content=\"http:\/\/www.frederic-poitou.com\/blog\/wp-content\/2019\/01\/1.jpeg\" \/>\n\t<meta property=\"og:image:width\" content=\"860\" \/>\n\t<meta property=\"og:image:height\" content=\"348\" \/>\n\t<meta property=\"og:image:type\" content=\"image\/jpeg\" \/>\n<meta name=\"author\" content=\"Fr\u00e9d\u00e9ric Poitou\" \/>\n<meta name=\"twitter:card\" content=\"summary_large_image\" \/>\n<meta name=\"twitter:creator\" content=\"@fredericpoitou\" \/>\n<meta name=\"twitter:site\" content=\"@fredericpoitou\" \/>\n<meta name=\"twitter:label1\" content=\"\u00c9crit par\" \/>\n\t<meta name=\"twitter:data1\" content=\"Fr\u00e9d\u00e9ric Poitou\" \/>\n\t<meta name=\"twitter:label2\" content=\"Dur\u00e9e de lecture estim\u00e9e\" \/>\n\t<meta name=\"twitter:data2\" content=\"5 minutes\" \/>\n<script type=\"application\/ld+json\" class=\"yoast-schema-graph\">{\"@context\":\"https:\/\/schema.org\",\"@graph\":[{\"@type\":\"Article\",\"@id\":\"http:\/\/www.frederic-poitou.com\/blog\/7734-2\/#article\",\"isPartOf\":{\"@id\":\"http:\/\/www.frederic-poitou.com\/blog\/7734-2\/\"},\"author\":{\"name\":\"Fr\u00e9d\u00e9ric Poitou\",\"@id\":\"https:\/\/www.frederic-poitou.com\/blog\/#\/schema\/person\/e2c2d05e978747818533fdce859a7799\"},\"headline\":\"INTERCULTURALISME V\/ MULTICULTURALISME : LES DANGERS DE LA COMMUNAUTARISATION\",\"datePublished\":\"2023-07-14T04:07:32+00:00\",\"dateModified\":\"2026-04-16T09:01:41+00:00\",\"mainEntityOfPage\":{\"@id\":\"http:\/\/www.frederic-poitou.com\/blog\/7734-2\/\"},\"wordCount\":957,\"image\":{\"@id\":\"http:\/\/www.frederic-poitou.com\/blog\/7734-2\/#primaryimage\"},\"thumbnailUrl\":\"http:\/\/www.frederic-poitou.com\/blog\/wp-content\/2019\/01\/1.jpeg\",\"articleSection\":[\"Accueil\"],\"inLanguage\":\"fr-FR\"},{\"@type\":\"WebPage\",\"@id\":\"http:\/\/www.frederic-poitou.com\/blog\/7734-2\/\",\"url\":\"http:\/\/www.frederic-poitou.com\/blog\/7734-2\/\",\"name\":\"INTERCULTURALISME V\/ MULTICULTURALISME : LES DANGERS DE LA COMMUNAUTARISATION -\",\"isPartOf\":{\"@id\":\"https:\/\/www.frederic-poitou.com\/blog\/#website\"},\"primaryImageOfPage\":{\"@id\":\"http:\/\/www.frederic-poitou.com\/blog\/7734-2\/#primaryimage\"},\"image\":{\"@id\":\"http:\/\/www.frederic-poitou.com\/blog\/7734-2\/#primaryimage\"},\"thumbnailUrl\":\"http:\/\/www.frederic-poitou.com\/blog\/wp-content\/2019\/01\/1.jpeg\",\"datePublished\":\"2023-07-14T04:07:32+00:00\",\"dateModified\":\"2026-04-16T09:01:41+00:00\",\"author\":{\"@id\":\"https:\/\/www.frederic-poitou.com\/blog\/#\/schema\/person\/e2c2d05e978747818533fdce859a7799\"},\"breadcrumb\":{\"@id\":\"http:\/\/www.frederic-poitou.com\/blog\/7734-2\/#breadcrumb\"},\"inLanguage\":\"fr-FR\",\"potentialAction\":[{\"@type\":\"ReadAction\",\"target\":[\"http:\/\/www.frederic-poitou.com\/blog\/7734-2\/\"]}]},{\"@type\":\"ImageObject\",\"inLanguage\":\"fr-FR\",\"@id\":\"http:\/\/www.frederic-poitou.com\/blog\/7734-2\/#primaryimage\",\"url\":\"http:\/\/www.frederic-poitou.com\/blog\/wp-content\/2019\/01\/1.jpeg\",\"contentUrl\":\"http:\/\/www.frederic-poitou.com\/blog\/wp-content\/2019\/01\/1.jpeg\",\"width\":860,\"height\":348},{\"@type\":\"BreadcrumbList\",\"@id\":\"http:\/\/www.frederic-poitou.com\/blog\/7734-2\/#breadcrumb\",\"itemListElement\":[{\"@type\":\"ListItem\",\"position\":1,\"name\":\"Accueil\",\"item\":\"https:\/\/www.frederic-poitou.com\/blog\/\"},{\"@type\":\"ListItem\",\"position\":2,\"name\":\"INTERCULTURALISME V\/ MULTICULTURALISME : LES DANGERS DE LA COMMUNAUTARISATION\"}]},{\"@type\":\"WebSite\",\"@id\":\"https:\/\/www.frederic-poitou.com\/blog\/#website\",\"url\":\"https:\/\/www.frederic-poitou.com\/blog\/\",\"name\":\"\",\"description\":\"\",\"potentialAction\":[{\"@type\":\"SearchAction\",\"target\":{\"@type\":\"EntryPoint\",\"urlTemplate\":\"https:\/\/www.frederic-poitou.com\/blog\/?s={search_term_string}\"},\"query-input\":{\"@type\":\"PropertyValueSpecification\",\"valueRequired\":true,\"valueName\":\"search_term_string\"}}],\"inLanguage\":\"fr-FR\"},{\"@type\":\"Person\",\"@id\":\"https:\/\/www.frederic-poitou.com\/blog\/#\/schema\/person\/e2c2d05e978747818533fdce859a7799\",\"name\":\"Fr\u00e9d\u00e9ric Poitou\",\"image\":{\"@type\":\"ImageObject\",\"inLanguage\":\"fr-FR\",\"@id\":\"https:\/\/www.frederic-poitou.com\/blog\/#\/schema\/person\/image\/\",\"url\":\"https:\/\/secure.gravatar.com\/avatar\/1933bcca279a2feafd35d9e0a080c521e11beb51115fe4cfe02e2586ac13424a?s=96&d=mm&r=g\",\"contentUrl\":\"https:\/\/secure.gravatar.com\/avatar\/1933bcca279a2feafd35d9e0a080c521e11beb51115fe4cfe02e2586ac13424a?s=96&d=mm&r=g\",\"caption\":\"Fr\u00e9d\u00e9ric Poitou\"},\"description\":\"Fr\u00e9d\u00e9ric Poitou est n\u00e9 \u00e0 Rouen, et y a fait des \u00e9tudes au Conservatoire en musique-\u00e9tudes en section piano. Il s'est ensuite orient\u00e9 vers des \u00e9tudes scientifiques o\u00f9 il a obtenu un dipl\u00f4me d'ing\u00e9nieur, puis un doctorat en Chimie. Il est Expert Judiciaire en France, en Belgique et \u00e0 Luxembourg, et agr\u00e9e par les Institutions Europ\u00e9ennes.\",\"sameAs\":[\"http:\/\/www.frederic-poitou.com\",\"https:\/\/www.linkedin.com\/in\/frederic-poitou-b045a025\/\"]}]}<\/script>\n<!-- \/ Yoast SEO plugin. -->","yoast_head_json":{"title":"INTERCULTURALISME V\/ MULTICULTURALISME : LES DANGERS DE LA COMMUNAUTARISATION -","robots":{"index":"index","follow":"follow","max-snippet":"max-snippet:-1","max-image-preview":"max-image-preview:large","max-video-preview":"max-video-preview:-1"},"canonical":"http:\/\/www.frederic-poitou.com\/blog\/7734-2\/","og_locale":"fr_FR","og_type":"article","og_title":"INTERCULTURALISME V\/ MULTICULTURALISME : LES DANGERS DE LA COMMUNAUTARISATION -","og_description":"La tribalisation de nos soci\u00e9t\u00e9s menacent leurs puissances en fragmentant leurs unit\u00e9s. Une intense polarisation politique. On observe, aux Etats-Unis, que le d\u00e9bat politique s\u2019est tendu. R\u00e9publicains et D\u00e9mocrates ont rarement \u00e9t\u00e9 aussi divis\u00e9s. La personnalit\u00e9 du pr\u00e9sident n\u2019est sans &hellip; Lire la suite\u00ad\u00ad","og_url":"http:\/\/www.frederic-poitou.com\/blog\/7734-2\/","article_publisher":"https:\/\/www.facebook.com\/frederic.poitou\/","article_published_time":"2023-07-14T04:07:32+00:00","article_modified_time":"2026-04-16T09:01:41+00:00","og_image":[{"width":860,"height":348,"url":"http:\/\/www.frederic-poitou.com\/blog\/wp-content\/2019\/01\/1.jpeg","type":"image\/jpeg"}],"author":"Fr\u00e9d\u00e9ric Poitou","twitter_card":"summary_large_image","twitter_creator":"@fredericpoitou","twitter_site":"@fredericpoitou","twitter_misc":{"\u00c9crit par":"Fr\u00e9d\u00e9ric Poitou","Dur\u00e9e de lecture estim\u00e9e":"5 minutes"},"schema":{"@context":"https:\/\/schema.org","@graph":[{"@type":"Article","@id":"http:\/\/www.frederic-poitou.com\/blog\/7734-2\/#article","isPartOf":{"@id":"http:\/\/www.frederic-poitou.com\/blog\/7734-2\/"},"author":{"name":"Fr\u00e9d\u00e9ric Poitou","@id":"https:\/\/www.frederic-poitou.com\/blog\/#\/schema\/person\/e2c2d05e978747818533fdce859a7799"},"headline":"INTERCULTURALISME V\/ MULTICULTURALISME : LES DANGERS DE LA COMMUNAUTARISATION","datePublished":"2023-07-14T04:07:32+00:00","dateModified":"2026-04-16T09:01:41+00:00","mainEntityOfPage":{"@id":"http:\/\/www.frederic-poitou.com\/blog\/7734-2\/"},"wordCount":957,"image":{"@id":"http:\/\/www.frederic-poitou.com\/blog\/7734-2\/#primaryimage"},"thumbnailUrl":"http:\/\/www.frederic-poitou.com\/blog\/wp-content\/2019\/01\/1.jpeg","articleSection":["Accueil"],"inLanguage":"fr-FR"},{"@type":"WebPage","@id":"http:\/\/www.frederic-poitou.com\/blog\/7734-2\/","url":"http:\/\/www.frederic-poitou.com\/blog\/7734-2\/","name":"INTERCULTURALISME V\/ MULTICULTURALISME : LES DANGERS DE LA COMMUNAUTARISATION -","isPartOf":{"@id":"https:\/\/www.frederic-poitou.com\/blog\/#website"},"primaryImageOfPage":{"@id":"http:\/\/www.frederic-poitou.com\/blog\/7734-2\/#primaryimage"},"image":{"@id":"http:\/\/www.frederic-poitou.com\/blog\/7734-2\/#primaryimage"},"thumbnailUrl":"http:\/\/www.frederic-poitou.com\/blog\/wp-content\/2019\/01\/1.jpeg","datePublished":"2023-07-14T04:07:32+00:00","dateModified":"2026-04-16T09:01:41+00:00","author":{"@id":"https:\/\/www.frederic-poitou.com\/blog\/#\/schema\/person\/e2c2d05e978747818533fdce859a7799"},"breadcrumb":{"@id":"http:\/\/www.frederic-poitou.com\/blog\/7734-2\/#breadcrumb"},"inLanguage":"fr-FR","potentialAction":[{"@type":"ReadAction","target":["http:\/\/www.frederic-poitou.com\/blog\/7734-2\/"]}]},{"@type":"ImageObject","inLanguage":"fr-FR","@id":"http:\/\/www.frederic-poitou.com\/blog\/7734-2\/#primaryimage","url":"http:\/\/www.frederic-poitou.com\/blog\/wp-content\/2019\/01\/1.jpeg","contentUrl":"http:\/\/www.frederic-poitou.com\/blog\/wp-content\/2019\/01\/1.jpeg","width":860,"height":348},{"@type":"BreadcrumbList","@id":"http:\/\/www.frederic-poitou.com\/blog\/7734-2\/#breadcrumb","itemListElement":[{"@type":"ListItem","position":1,"name":"Accueil","item":"https:\/\/www.frederic-poitou.com\/blog\/"},{"@type":"ListItem","position":2,"name":"INTERCULTURALISME V\/ MULTICULTURALISME : LES DANGERS DE LA COMMUNAUTARISATION"}]},{"@type":"WebSite","@id":"https:\/\/www.frederic-poitou.com\/blog\/#website","url":"https:\/\/www.frederic-poitou.com\/blog\/","name":"","description":"","potentialAction":[{"@type":"SearchAction","target":{"@type":"EntryPoint","urlTemplate":"https:\/\/www.frederic-poitou.com\/blog\/?s={search_term_string}"},"query-input":{"@type":"PropertyValueSpecification","valueRequired":true,"valueName":"search_term_string"}}],"inLanguage":"fr-FR"},{"@type":"Person","@id":"https:\/\/www.frederic-poitou.com\/blog\/#\/schema\/person\/e2c2d05e978747818533fdce859a7799","name":"Fr\u00e9d\u00e9ric Poitou","image":{"@type":"ImageObject","inLanguage":"fr-FR","@id":"https:\/\/www.frederic-poitou.com\/blog\/#\/schema\/person\/image\/","url":"https:\/\/secure.gravatar.com\/avatar\/1933bcca279a2feafd35d9e0a080c521e11beb51115fe4cfe02e2586ac13424a?s=96&d=mm&r=g","contentUrl":"https:\/\/secure.gravatar.com\/avatar\/1933bcca279a2feafd35d9e0a080c521e11beb51115fe4cfe02e2586ac13424a?s=96&d=mm&r=g","caption":"Fr\u00e9d\u00e9ric Poitou"},"description":"Fr\u00e9d\u00e9ric Poitou est n\u00e9 \u00e0 Rouen, et y a fait des \u00e9tudes au Conservatoire en musique-\u00e9tudes en section piano. Il s'est ensuite orient\u00e9 vers des \u00e9tudes scientifiques o\u00f9 il a obtenu un dipl\u00f4me d'ing\u00e9nieur, puis un doctorat en Chimie. Il est Expert Judiciaire en France, en Belgique et \u00e0 Luxembourg, et agr\u00e9e par les Institutions Europ\u00e9ennes.","sameAs":["http:\/\/www.frederic-poitou.com","https:\/\/www.linkedin.com\/in\/frederic-poitou-b045a025\/"]}]}},"_links":{"self":[{"href":"http:\/\/www.frederic-poitou.com\/blog\/wp-json\/wp\/v2\/posts\/7734","targetHints":{"allow":["GET"]}}],"collection":[{"href":"http:\/\/www.frederic-poitou.com\/blog\/wp-json\/wp\/v2\/posts"}],"about":[{"href":"http:\/\/www.frederic-poitou.com\/blog\/wp-json\/wp\/v2\/types\/post"}],"author":[{"embeddable":true,"href":"http:\/\/www.frederic-poitou.com\/blog\/wp-json\/wp\/v2\/users\/4"}],"replies":[{"embeddable":true,"href":"http:\/\/www.frederic-poitou.com\/blog\/wp-json\/wp\/v2\/comments?post=7734"}],"version-history":[{"count":1,"href":"http:\/\/www.frederic-poitou.com\/blog\/wp-json\/wp\/v2\/posts\/7734\/revisions"}],"predecessor-version":[{"id":8741,"href":"http:\/\/www.frederic-poitou.com\/blog\/wp-json\/wp\/v2\/posts\/7734\/revisions\/8741"}],"wp:featuredmedia":[{"embeddable":true,"href":"http:\/\/www.frederic-poitou.com\/blog\/wp-json\/wp\/v2\/media\/7735"}],"wp:attachment":[{"href":"http:\/\/www.frederic-poitou.com\/blog\/wp-json\/wp\/v2\/media?parent=7734"}],"wp:term":[{"taxonomy":"category","embeddable":true,"href":"http:\/\/www.frederic-poitou.com\/blog\/wp-json\/wp\/v2\/categories?post=7734"},{"taxonomy":"post_tag","embeddable":true,"href":"http:\/\/www.frederic-poitou.com\/blog\/wp-json\/wp\/v2\/tags?post=7734"}],"curies":[{"name":"wp","href":"https:\/\/api.w.org\/{rel}","templated":true}]}}