{"id":7607,"date":"2023-07-14T11:54:32","date_gmt":"2023-07-14T09:54:32","guid":{"rendered":"http:\/\/www.frederic-poitou.com\/blog\/?p=7607"},"modified":"2026-04-18T03:32:40","modified_gmt":"2026-04-18T01:32:40","slug":"retraites","status":"publish","type":"post","link":"http:\/\/www.frederic-poitou.com\/blog\/retraites\/","title":{"rendered":"RETRAITES : EN QUOI SERAIT-CE SCANDALEUX D&rsquo;ALIGNER LE PUBLIC SUR LE PRIV\u00c9"},"content":{"rendered":"<div class=\"\" data-block=\"true\" data-editor=\"dcpko\" data-offset-key=\"db3aa-0-0\">\n<div class=\"_1mf _1mj\" data-offset-key=\"db3aa-0-0\"><span data-offset-key=\"db3aa-0-0\">Etant donn\u00e9 que les salaires ne sont d\u00e9sormais plus vraiment sup\u00e9rieurs dans le priv\u00e9 \u00e0 ce qu&rsquo;ils sont dans le priv\u00e9s depuis trois ans (voire \u00e9tude de l&rsquo;INSEE <a href=\"https:\/\/www.insee.fr\/fr\/statistiques\/3204195\" target=\"_blank\" rel=\"noopener noreferrer\"><span style=\"color: #ff0000;\"><strong>ICI<\/strong><\/span><\/a>), en quoi serait-ce scandaleux d&rsquo;aligner les r\u00e9gimes ?<\/span><\/div>\n<div data-offset-key=\"db3aa-0-0\"><\/div>\n<div class=\"_1mf _1mj\" data-offset-key=\"db3aa-0-0\">\n<p class=\"size-10\">On constate, dans ses derni\u00e8res lignes du tableau figure 2, qu&rsquo;un fonctionnaire gagne en ETP (\u00e9quivalent temps plein) 7% de plus que la moyenne. L&rsquo;Insee explique que cela est d\u00fb au fait que le volume de travail fourni par les agents de la fonction publique est plus important en ETP (sic !) \u00a0A l&rsquo;inverse, les salari\u00e9s du priv\u00e9 sont pay\u00e9s 2% de moins que la moyenne nationale en ETP. Et cela s&rsquo;expliquerait par un volume de travail moins important.<\/p>\n<p>&nbsp;<\/p>\n<\/div>\n<div class=\"_1mf _1mj\" data-offset-key=\"db3aa-0-0\"><span data-offset-key=\"db3aa-0-0\">Il n&rsquo;y a donc rien de scandaleux \u00e0 vouloir simplifier et<a href=\"https:\/\/www.francetvinfo.fr\/economie\/emploi\/carriere\/vie-professionnelle\/retraite\/reforme-des-retraites-ce-qui-va-changer-pour-les-fonctionnaires_2979567.html\" target=\"_blank\" rel=\"noopener noreferrer\"><span style=\"color: #ff0000;\">\u00a0aligner les r\u00e9gimes de retraite<\/span><\/a> des deux secteurs, c&rsquo;est j<\/span>uste une question d&rsquo;\u00e9quit\u00e9 du syst\u00e8me, pour pr\u00e9server notre syst\u00e8me solidaire par r\u00e9partition.<\/div>\n<\/div>\n<div data-offset-key=\"db3aa-0-0\"><\/div>\n<div data-offset-key=\"db3aa-0-0\"><\/div>\n<div data-offset-key=\"db3aa-0-0\">La retraite est calcul\u00e9e sur les 25 meilleures ann\u00e9es dans le priv\u00e9 contre 6 derniers mois dans le public &#8230; Un syst\u00e8me contre lequel je me suis r\u00e9volt\u00e9 lorsque j&rsquo;\u00e9tais adjoint au Maire d&rsquo;une petite commune, en vain. La r\u00e9ponse fut : \u00ab\u00a0monter un fonctionnaire au maximum de son bar\u00e8me pour lui assurer une bonne retraite, ca n&rsquo;est peut \u00eatre pas justifi\u00e9, peut \u00eatre pas juste, mais c&rsquo;est une habitude, c&rsquo;est comme \u00e7a\u00a0\u00bb.\u00a0Ainsi accordions nous aux frais du contribuables, des coefficients totalement injustifi\u00e9s, pour acheter la paix sociales de nos territoriaux.<\/div>\n<div data-offset-key=\"db3aa-0-0\"><\/div>\n<div data-offset-key=\"db3aa-0-0\">La r\u00e9forme en pr\u00e9paration va donc globalement dans le bon sens, celui qui met un terme aux diff\u00e9rences de traitement et aux privil\u00e8ges cat\u00e9goriels qui contribue \u00e0 monter les fran\u00e7ais salari\u00e9s du priv\u00e9 contre ceux qui sont fonctionnaires, territoriaux en particulier.<\/div>\n<div style=\"text-align: center;\" data-offset-key=\"db3aa-0-0\"><\/div>\n<div data-offset-key=\"db3aa-0-0\"><img loading=\"lazy\" decoding=\"async\" class=\"aligncenter wp-image-7617 size-large\" src=\"http:\/\/www.frederic-poitou.com\/blog\/wp-content\/2018\/10\/differences-public-priv\u00e9-800x1024.png\" alt=\"\" width=\"800\" height=\"1024\" srcset=\"http:\/\/www.frederic-poitou.com\/blog\/wp-content\/2018\/10\/differences-public-priv\u00e9-800x1024.png 800w, http:\/\/www.frederic-poitou.com\/blog\/wp-content\/2018\/10\/differences-public-priv\u00e9-234x300.png 234w, http:\/\/www.frederic-poitou.com\/blog\/wp-content\/2018\/10\/differences-public-priv\u00e9.png 1350w\" sizes=\"auto, (max-width: 800px) 100vw, 800px\" \/><\/div>\n","protected":false},"excerpt":{"rendered":"<p>Etant donn\u00e9 que les salaires ne sont d\u00e9sormais plus vraiment sup\u00e9rieurs dans le priv\u00e9 \u00e0 ce qu&rsquo;ils sont dans le priv\u00e9s depuis trois ans (voire \u00e9tude de l&rsquo;INSEE ICI), en quoi serait-ce scandaleux d&rsquo;aligner les r\u00e9gimes ? On constate, dans &hellip; <a href=\"http:\/\/www.frederic-poitou.com\/blog\/retraites\/\">Lire la suite\u00ad\u00ad<\/a><\/p>\n","protected":false},"author":4,"featured_media":7613,"comment_status":"closed","ping_status":"open","sticky":false,"template":"","format":"standard","meta":{"kt_blocks_editor_width":"","_exactmetrics_skip_tracking":false,"_exactmetrics_sitenote_active":false,"_exactmetrics_sitenote_note":"","_exactmetrics_sitenote_category":0,"footnotes":""},"categories":[48,51,54],"tags":[],"class_list":["post-7607","post","type-post","status-publish","format-standard","has-post-thumbnail","hentry","category-accueil","category-politique","category-societe"],"yoast_head":"<!-- This site is optimized with the Yoast SEO plugin v27.1.1 - https:\/\/yoast.com\/product\/yoast-seo-wordpress\/ -->\n<title>RETRAITES : EN QUOI SERAIT-CE SCANDALEUX D&#039;ALIGNER LE PUBLIC SUR LE PRIV\u00c9 -<\/title>\n<meta name=\"robots\" content=\"index, follow, max-snippet:-1, max-image-preview:large, max-video-preview:-1\" \/>\n<link rel=\"canonical\" href=\"http:\/\/www.frederic-poitou.com\/blog\/retraites\/\" \/>\n<meta property=\"og:locale\" content=\"fr_FR\" \/>\n<meta property=\"og:type\" content=\"article\" \/>\n<meta property=\"og:title\" content=\"RETRAITES : EN QUOI SERAIT-CE SCANDALEUX D&#039;ALIGNER LE PUBLIC SUR LE PRIV\u00c9 -\" \/>\n<meta property=\"og:description\" content=\"Etant donn\u00e9 que les salaires ne sont d\u00e9sormais plus vraiment sup\u00e9rieurs dans le priv\u00e9 \u00e0 ce qu&rsquo;ils sont dans le priv\u00e9s depuis trois ans (voire \u00e9tude de l&rsquo;INSEE ICI), en quoi serait-ce scandaleux d&rsquo;aligner les r\u00e9gimes ? On constate, dans &hellip; Lire la suite\u00ad\u00ad\" \/>\n<meta property=\"og:url\" content=\"http:\/\/www.frederic-poitou.com\/blog\/retraites\/\" \/>\n<meta property=\"article:publisher\" content=\"https:\/\/www.facebook.com\/frederic.poitou\/\" \/>\n<meta property=\"article:published_time\" content=\"2023-07-14T09:54:32+00:00\" \/>\n<meta property=\"article:modified_time\" content=\"2026-04-18T01:32:40+00:00\" \/>\n<meta property=\"og:image\" content=\"http:\/\/www.frederic-poitou.com\/blog\/wp-content\/2018\/10\/22-3.jpg\" \/>\n\t<meta property=\"og:image:width\" content=\"265\" \/>\n\t<meta property=\"og:image:height\" content=\"133\" \/>\n\t<meta property=\"og:image:type\" content=\"image\/jpeg\" \/>\n<meta name=\"author\" content=\"Fr\u00e9d\u00e9ric Poitou\" \/>\n<meta name=\"twitter:card\" content=\"summary_large_image\" \/>\n<meta name=\"twitter:creator\" content=\"@fredericpoitou\" \/>\n<meta name=\"twitter:site\" content=\"@fredericpoitou\" \/>\n<meta name=\"twitter:label1\" content=\"\u00c9crit par\" \/>\n\t<meta name=\"twitter:data1\" content=\"Fr\u00e9d\u00e9ric Poitou\" \/>\n\t<meta name=\"twitter:label2\" content=\"Dur\u00e9e de lecture estim\u00e9e\" \/>\n\t<meta name=\"twitter:data2\" content=\"1 minute\" \/>\n<script type=\"application\/ld+json\" class=\"yoast-schema-graph\">{\"@context\":\"https:\/\/schema.org\",\"@graph\":[{\"@type\":\"Article\",\"@id\":\"http:\/\/www.frederic-poitou.com\/blog\/retraites\/#article\",\"isPartOf\":{\"@id\":\"http:\/\/www.frederic-poitou.com\/blog\/retraites\/\"},\"author\":{\"name\":\"Fr\u00e9d\u00e9ric Poitou\",\"@id\":\"https:\/\/www.frederic-poitou.com\/blog\/#\/schema\/person\/e2c2d05e978747818533fdce859a7799\"},\"headline\":\"RETRAITES : EN QUOI SERAIT-CE SCANDALEUX D&rsquo;ALIGNER LE PUBLIC SUR LE PRIV\u00c9\",\"datePublished\":\"2023-07-14T09:54:32+00:00\",\"dateModified\":\"2026-04-18T01:32:40+00:00\",\"mainEntityOfPage\":{\"@id\":\"http:\/\/www.frederic-poitou.com\/blog\/retraites\/\"},\"wordCount\":324,\"image\":{\"@id\":\"http:\/\/www.frederic-poitou.com\/blog\/retraites\/#primaryimage\"},\"thumbnailUrl\":\"http:\/\/www.frederic-poitou.com\/blog\/wp-content\/2018\/10\/22-3.jpg\",\"articleSection\":[\"Accueil\",\"Politique\",\"Soci\u00e9t\u00e9\"],\"inLanguage\":\"fr-FR\"},{\"@type\":\"WebPage\",\"@id\":\"http:\/\/www.frederic-poitou.com\/blog\/retraites\/\",\"url\":\"http:\/\/www.frederic-poitou.com\/blog\/retraites\/\",\"name\":\"RETRAITES : EN QUOI SERAIT-CE SCANDALEUX D'ALIGNER LE PUBLIC SUR LE PRIV\u00c9 -\",\"isPartOf\":{\"@id\":\"https:\/\/www.frederic-poitou.com\/blog\/#website\"},\"primaryImageOfPage\":{\"@id\":\"http:\/\/www.frederic-poitou.com\/blog\/retraites\/#primaryimage\"},\"image\":{\"@id\":\"http:\/\/www.frederic-poitou.com\/blog\/retraites\/#primaryimage\"},\"thumbnailUrl\":\"http:\/\/www.frederic-poitou.com\/blog\/wp-content\/2018\/10\/22-3.jpg\",\"datePublished\":\"2023-07-14T09:54:32+00:00\",\"dateModified\":\"2026-04-18T01:32:40+00:00\",\"author\":{\"@id\":\"https:\/\/www.frederic-poitou.com\/blog\/#\/schema\/person\/e2c2d05e978747818533fdce859a7799\"},\"breadcrumb\":{\"@id\":\"http:\/\/www.frederic-poitou.com\/blog\/retraites\/#breadcrumb\"},\"inLanguage\":\"fr-FR\",\"potentialAction\":[{\"@type\":\"ReadAction\",\"target\":[\"http:\/\/www.frederic-poitou.com\/blog\/retraites\/\"]}]},{\"@type\":\"ImageObject\",\"inLanguage\":\"fr-FR\",\"@id\":\"http:\/\/www.frederic-poitou.com\/blog\/retraites\/#primaryimage\",\"url\":\"http:\/\/www.frederic-poitou.com\/blog\/wp-content\/2018\/10\/22-3.jpg\",\"contentUrl\":\"http:\/\/www.frederic-poitou.com\/blog\/wp-content\/2018\/10\/22-3.jpg\",\"width\":265,\"height\":133},{\"@type\":\"BreadcrumbList\",\"@id\":\"http:\/\/www.frederic-poitou.com\/blog\/retraites\/#breadcrumb\",\"itemListElement\":[{\"@type\":\"ListItem\",\"position\":1,\"name\":\"Accueil\",\"item\":\"https:\/\/www.frederic-poitou.com\/blog\/\"},{\"@type\":\"ListItem\",\"position\":2,\"name\":\"RETRAITES : EN QUOI SERAIT-CE SCANDALEUX D&rsquo;ALIGNER LE PUBLIC SUR LE PRIV\u00c9\"}]},{\"@type\":\"WebSite\",\"@id\":\"https:\/\/www.frederic-poitou.com\/blog\/#website\",\"url\":\"https:\/\/www.frederic-poitou.com\/blog\/\",\"name\":\"\",\"description\":\"\",\"potentialAction\":[{\"@type\":\"SearchAction\",\"target\":{\"@type\":\"EntryPoint\",\"urlTemplate\":\"https:\/\/www.frederic-poitou.com\/blog\/?s={search_term_string}\"},\"query-input\":{\"@type\":\"PropertyValueSpecification\",\"valueRequired\":true,\"valueName\":\"search_term_string\"}}],\"inLanguage\":\"fr-FR\"},{\"@type\":\"Person\",\"@id\":\"https:\/\/www.frederic-poitou.com\/blog\/#\/schema\/person\/e2c2d05e978747818533fdce859a7799\",\"name\":\"Fr\u00e9d\u00e9ric Poitou\",\"image\":{\"@type\":\"ImageObject\",\"inLanguage\":\"fr-FR\",\"@id\":\"https:\/\/www.frederic-poitou.com\/blog\/#\/schema\/person\/image\/\",\"url\":\"https:\/\/secure.gravatar.com\/avatar\/1933bcca279a2feafd35d9e0a080c521e11beb51115fe4cfe02e2586ac13424a?s=96&d=mm&r=g\",\"contentUrl\":\"https:\/\/secure.gravatar.com\/avatar\/1933bcca279a2feafd35d9e0a080c521e11beb51115fe4cfe02e2586ac13424a?s=96&d=mm&r=g\",\"caption\":\"Fr\u00e9d\u00e9ric Poitou\"},\"description\":\"Fr\u00e9d\u00e9ric Poitou est n\u00e9 \u00e0 Rouen, et y a fait des \u00e9tudes au Conservatoire en musique-\u00e9tudes en section piano. Il s'est ensuite orient\u00e9 vers des \u00e9tudes scientifiques o\u00f9 il a obtenu un dipl\u00f4me d'ing\u00e9nieur, puis un doctorat en Chimie. Il est Expert Judiciaire en France, en Belgique et \u00e0 Luxembourg, et agr\u00e9e par les Institutions Europ\u00e9ennes.\",\"sameAs\":[\"http:\/\/www.frederic-poitou.com\",\"https:\/\/www.linkedin.com\/in\/frederic-poitou-b045a025\/\"]}]}<\/script>\n<!-- \/ Yoast SEO plugin. -->","yoast_head_json":{"title":"RETRAITES : EN QUOI SERAIT-CE SCANDALEUX D'ALIGNER LE PUBLIC SUR LE PRIV\u00c9 -","robots":{"index":"index","follow":"follow","max-snippet":"max-snippet:-1","max-image-preview":"max-image-preview:large","max-video-preview":"max-video-preview:-1"},"canonical":"http:\/\/www.frederic-poitou.com\/blog\/retraites\/","og_locale":"fr_FR","og_type":"article","og_title":"RETRAITES : EN QUOI SERAIT-CE SCANDALEUX D'ALIGNER LE PUBLIC SUR LE PRIV\u00c9 -","og_description":"Etant donn\u00e9 que les salaires ne sont d\u00e9sormais plus vraiment sup\u00e9rieurs dans le priv\u00e9 \u00e0 ce qu&rsquo;ils sont dans le priv\u00e9s depuis trois ans (voire \u00e9tude de l&rsquo;INSEE ICI), en quoi serait-ce scandaleux d&rsquo;aligner les r\u00e9gimes ? On constate, dans &hellip; Lire la suite\u00ad\u00ad","og_url":"http:\/\/www.frederic-poitou.com\/blog\/retraites\/","article_publisher":"https:\/\/www.facebook.com\/frederic.poitou\/","article_published_time":"2023-07-14T09:54:32+00:00","article_modified_time":"2026-04-18T01:32:40+00:00","og_image":[{"width":265,"height":133,"url":"http:\/\/www.frederic-poitou.com\/blog\/wp-content\/2018\/10\/22-3.jpg","type":"image\/jpeg"}],"author":"Fr\u00e9d\u00e9ric Poitou","twitter_card":"summary_large_image","twitter_creator":"@fredericpoitou","twitter_site":"@fredericpoitou","twitter_misc":{"\u00c9crit par":"Fr\u00e9d\u00e9ric Poitou","Dur\u00e9e de lecture estim\u00e9e":"1 minute"},"schema":{"@context":"https:\/\/schema.org","@graph":[{"@type":"Article","@id":"http:\/\/www.frederic-poitou.com\/blog\/retraites\/#article","isPartOf":{"@id":"http:\/\/www.frederic-poitou.com\/blog\/retraites\/"},"author":{"name":"Fr\u00e9d\u00e9ric Poitou","@id":"https:\/\/www.frederic-poitou.com\/blog\/#\/schema\/person\/e2c2d05e978747818533fdce859a7799"},"headline":"RETRAITES : EN QUOI SERAIT-CE SCANDALEUX D&rsquo;ALIGNER LE PUBLIC SUR LE PRIV\u00c9","datePublished":"2023-07-14T09:54:32+00:00","dateModified":"2026-04-18T01:32:40+00:00","mainEntityOfPage":{"@id":"http:\/\/www.frederic-poitou.com\/blog\/retraites\/"},"wordCount":324,"image":{"@id":"http:\/\/www.frederic-poitou.com\/blog\/retraites\/#primaryimage"},"thumbnailUrl":"http:\/\/www.frederic-poitou.com\/blog\/wp-content\/2018\/10\/22-3.jpg","articleSection":["Accueil","Politique","Soci\u00e9t\u00e9"],"inLanguage":"fr-FR"},{"@type":"WebPage","@id":"http:\/\/www.frederic-poitou.com\/blog\/retraites\/","url":"http:\/\/www.frederic-poitou.com\/blog\/retraites\/","name":"RETRAITES : EN QUOI SERAIT-CE SCANDALEUX D'ALIGNER LE PUBLIC SUR LE PRIV\u00c9 -","isPartOf":{"@id":"https:\/\/www.frederic-poitou.com\/blog\/#website"},"primaryImageOfPage":{"@id":"http:\/\/www.frederic-poitou.com\/blog\/retraites\/#primaryimage"},"image":{"@id":"http:\/\/www.frederic-poitou.com\/blog\/retraites\/#primaryimage"},"thumbnailUrl":"http:\/\/www.frederic-poitou.com\/blog\/wp-content\/2018\/10\/22-3.jpg","datePublished":"2023-07-14T09:54:32+00:00","dateModified":"2026-04-18T01:32:40+00:00","author":{"@id":"https:\/\/www.frederic-poitou.com\/blog\/#\/schema\/person\/e2c2d05e978747818533fdce859a7799"},"breadcrumb":{"@id":"http:\/\/www.frederic-poitou.com\/blog\/retraites\/#breadcrumb"},"inLanguage":"fr-FR","potentialAction":[{"@type":"ReadAction","target":["http:\/\/www.frederic-poitou.com\/blog\/retraites\/"]}]},{"@type":"ImageObject","inLanguage":"fr-FR","@id":"http:\/\/www.frederic-poitou.com\/blog\/retraites\/#primaryimage","url":"http:\/\/www.frederic-poitou.com\/blog\/wp-content\/2018\/10\/22-3.jpg","contentUrl":"http:\/\/www.frederic-poitou.com\/blog\/wp-content\/2018\/10\/22-3.jpg","width":265,"height":133},{"@type":"BreadcrumbList","@id":"http:\/\/www.frederic-poitou.com\/blog\/retraites\/#breadcrumb","itemListElement":[{"@type":"ListItem","position":1,"name":"Accueil","item":"https:\/\/www.frederic-poitou.com\/blog\/"},{"@type":"ListItem","position":2,"name":"RETRAITES : EN QUOI SERAIT-CE SCANDALEUX D&rsquo;ALIGNER LE PUBLIC SUR LE PRIV\u00c9"}]},{"@type":"WebSite","@id":"https:\/\/www.frederic-poitou.com\/blog\/#website","url":"https:\/\/www.frederic-poitou.com\/blog\/","name":"","description":"","potentialAction":[{"@type":"SearchAction","target":{"@type":"EntryPoint","urlTemplate":"https:\/\/www.frederic-poitou.com\/blog\/?s={search_term_string}"},"query-input":{"@type":"PropertyValueSpecification","valueRequired":true,"valueName":"search_term_string"}}],"inLanguage":"fr-FR"},{"@type":"Person","@id":"https:\/\/www.frederic-poitou.com\/blog\/#\/schema\/person\/e2c2d05e978747818533fdce859a7799","name":"Fr\u00e9d\u00e9ric Poitou","image":{"@type":"ImageObject","inLanguage":"fr-FR","@id":"https:\/\/www.frederic-poitou.com\/blog\/#\/schema\/person\/image\/","url":"https:\/\/secure.gravatar.com\/avatar\/1933bcca279a2feafd35d9e0a080c521e11beb51115fe4cfe02e2586ac13424a?s=96&d=mm&r=g","contentUrl":"https:\/\/secure.gravatar.com\/avatar\/1933bcca279a2feafd35d9e0a080c521e11beb51115fe4cfe02e2586ac13424a?s=96&d=mm&r=g","caption":"Fr\u00e9d\u00e9ric Poitou"},"description":"Fr\u00e9d\u00e9ric Poitou est n\u00e9 \u00e0 Rouen, et y a fait des \u00e9tudes au Conservatoire en musique-\u00e9tudes en section piano. Il s'est ensuite orient\u00e9 vers des \u00e9tudes scientifiques o\u00f9 il a obtenu un dipl\u00f4me d'ing\u00e9nieur, puis un doctorat en Chimie. Il est Expert Judiciaire en France, en Belgique et \u00e0 Luxembourg, et agr\u00e9e par les Institutions Europ\u00e9ennes.","sameAs":["http:\/\/www.frederic-poitou.com","https:\/\/www.linkedin.com\/in\/frederic-poitou-b045a025\/"]}]}},"_links":{"self":[{"href":"http:\/\/www.frederic-poitou.com\/blog\/wp-json\/wp\/v2\/posts\/7607","targetHints":{"allow":["GET"]}}],"collection":[{"href":"http:\/\/www.frederic-poitou.com\/blog\/wp-json\/wp\/v2\/posts"}],"about":[{"href":"http:\/\/www.frederic-poitou.com\/blog\/wp-json\/wp\/v2\/types\/post"}],"author":[{"embeddable":true,"href":"http:\/\/www.frederic-poitou.com\/blog\/wp-json\/wp\/v2\/users\/4"}],"replies":[{"embeddable":true,"href":"http:\/\/www.frederic-poitou.com\/blog\/wp-json\/wp\/v2\/comments?post=7607"}],"version-history":[{"count":2,"href":"http:\/\/www.frederic-poitou.com\/blog\/wp-json\/wp\/v2\/posts\/7607\/revisions"}],"predecessor-version":[{"id":8754,"href":"http:\/\/www.frederic-poitou.com\/blog\/wp-json\/wp\/v2\/posts\/7607\/revisions\/8754"}],"wp:featuredmedia":[{"embeddable":true,"href":"http:\/\/www.frederic-poitou.com\/blog\/wp-json\/wp\/v2\/media\/7613"}],"wp:attachment":[{"href":"http:\/\/www.frederic-poitou.com\/blog\/wp-json\/wp\/v2\/media?parent=7607"}],"wp:term":[{"taxonomy":"category","embeddable":true,"href":"http:\/\/www.frederic-poitou.com\/blog\/wp-json\/wp\/v2\/categories?post=7607"},{"taxonomy":"post_tag","embeddable":true,"href":"http:\/\/www.frederic-poitou.com\/blog\/wp-json\/wp\/v2\/tags?post=7607"}],"curies":[{"name":"wp","href":"https:\/\/api.w.org\/{rel}","templated":true}]}}