{"id":7537,"date":"2023-07-14T23:00:32","date_gmt":"2023-07-14T21:00:32","guid":{"rendered":"http:\/\/www.frederic-poitou.com\/blog\/?p=7537"},"modified":"2026-04-23T15:43:49","modified_gmt":"2026-04-23T13:43:49","slug":"france-inter-en-1984-lemission-qui-debauchait-les-oreilles","status":"publish","type":"post","link":"http:\/\/www.frederic-poitou.com\/blog\/france-inter-en-1984-lemission-qui-debauchait-les-oreilles\/","title":{"rendered":"France Inter EN 1984 : L&rsquo;EMISSION QUI D\u00c9BAUCHAIT LES OREILLES"},"content":{"rendered":"<p>Les offusqu\u00e9s \u00e9taient en rage. Lettres et pressions arrivaient de tous c\u00f4t\u00e9s, associations familiales et ligues de vertus se d\u00e9cha\u00eenaient. Mais d\u2019autres d\u00e9fendaient l\u2019\u00e9mission, comme la f\u00e9ministe Beno\u00eete Groult et surtout l\u2019excellent Jean Garretto, le directeur des programmes.<\/p>\n<p>Heureusement, internet est une source in\u00e9puisable de bibliographie, sonore entre autre &#8230;<\/p>\n<p>https:\/\/la-bas.org\/la-bas-magazine\/les-archives-radiophoniques\/la-coulee-douce-1-oh-calcutta<\/p>\n","protected":false},"excerpt":{"rendered":"<p>Les offusqu\u00e9s \u00e9taient en rage. Lettres et pressions arrivaient de tous c\u00f4t\u00e9s, associations familiales et ligues de vertus se d\u00e9cha\u00eenaient. Mais d\u2019autres d\u00e9fendaient l\u2019\u00e9mission, comme la f\u00e9ministe Beno\u00eete Groult et surtout l\u2019excellent Jean Garretto, le directeur des programmes. Heureusement, internet &hellip; <a href=\"http:\/\/www.frederic-poitou.com\/blog\/france-inter-en-1984-lemission-qui-debauchait-les-oreilles\/\">Lire la suite\u00ad\u00ad<\/a><\/p>\n","protected":false},"author":4,"featured_media":0,"comment_status":"closed","ping_status":"open","sticky":false,"template":"","format":"standard","meta":{"kt_blocks_editor_width":"","_exactmetrics_skip_tracking":false,"_exactmetrics_sitenote_active":false,"_exactmetrics_sitenote_note":"","_exactmetrics_sitenote_category":0,"footnotes":""},"categories":[48,44],"tags":[],"class_list":["post-7537","post","type-post","status-publish","format-standard","hentry","category-accueil","category-culture"],"yoast_head":"<!-- This site is optimized with the Yoast SEO plugin v27.1.1 - https:\/\/yoast.com\/product\/yoast-seo-wordpress\/ -->\n<title>France Inter EN 1984 : L&#039;EMISSION QUI D\u00c9BAUCHAIT LES OREILLES -<\/title>\n<meta name=\"robots\" content=\"index, follow, max-snippet:-1, max-image-preview:large, max-video-preview:-1\" \/>\n<link rel=\"canonical\" href=\"http:\/\/www.frederic-poitou.com\/blog\/france-inter-en-1984-lemission-qui-debauchait-les-oreilles\/\" \/>\n<meta property=\"og:locale\" content=\"fr_FR\" \/>\n<meta property=\"og:type\" content=\"article\" \/>\n<meta property=\"og:title\" content=\"France Inter EN 1984 : L&#039;EMISSION QUI D\u00c9BAUCHAIT LES OREILLES -\" \/>\n<meta property=\"og:description\" content=\"Les offusqu\u00e9s \u00e9taient en rage. Lettres et pressions arrivaient de tous c\u00f4t\u00e9s, associations familiales et ligues de vertus se d\u00e9cha\u00eenaient. Mais d\u2019autres d\u00e9fendaient l\u2019\u00e9mission, comme la f\u00e9ministe Beno\u00eete Groult et surtout l\u2019excellent Jean Garretto, le directeur des programmes. Heureusement, internet &hellip; Lire la suite\u00ad\u00ad\" \/>\n<meta property=\"og:url\" content=\"http:\/\/www.frederic-poitou.com\/blog\/france-inter-en-1984-lemission-qui-debauchait-les-oreilles\/\" \/>\n<meta property=\"article:publisher\" content=\"https:\/\/www.facebook.com\/frederic.poitou\/\" \/>\n<meta property=\"article:published_time\" content=\"2023-07-14T21:00:32+00:00\" \/>\n<meta property=\"article:modified_time\" content=\"2026-04-23T13:43:49+00:00\" \/>\n<meta name=\"author\" content=\"Fr\u00e9d\u00e9ric Poitou\" \/>\n<meta name=\"twitter:card\" content=\"summary_large_image\" \/>\n<meta name=\"twitter:creator\" content=\"@fredericpoitou\" \/>\n<meta name=\"twitter:site\" content=\"@fredericpoitou\" \/>\n<meta name=\"twitter:label1\" content=\"\u00c9crit par\" \/>\n\t<meta name=\"twitter:data1\" content=\"Fr\u00e9d\u00e9ric Poitou\" \/>\n<script type=\"application\/ld+json\" class=\"yoast-schema-graph\">{\"@context\":\"https:\/\/schema.org\",\"@graph\":[{\"@type\":\"Article\",\"@id\":\"http:\/\/www.frederic-poitou.com\/blog\/france-inter-en-1984-lemission-qui-debauchait-les-oreilles\/#article\",\"isPartOf\":{\"@id\":\"http:\/\/www.frederic-poitou.com\/blog\/france-inter-en-1984-lemission-qui-debauchait-les-oreilles\/\"},\"author\":{\"name\":\"Fr\u00e9d\u00e9ric Poitou\",\"@id\":\"http:\/\/www.frederic-poitou.com\/blog\/#\/schema\/person\/e2c2d05e978747818533fdce859a7799\"},\"headline\":\"France Inter EN 1984 : L&rsquo;EMISSION QUI D\u00c9BAUCHAIT LES OREILLES\",\"datePublished\":\"2023-07-14T21:00:32+00:00\",\"dateModified\":\"2026-04-23T13:43:49+00:00\",\"mainEntityOfPage\":{\"@id\":\"http:\/\/www.frederic-poitou.com\/blog\/france-inter-en-1984-lemission-qui-debauchait-les-oreilles\/\"},\"wordCount\":78,\"articleSection\":[\"Accueil\",\"Culture\"],\"inLanguage\":\"fr-FR\"},{\"@type\":\"WebPage\",\"@id\":\"http:\/\/www.frederic-poitou.com\/blog\/france-inter-en-1984-lemission-qui-debauchait-les-oreilles\/\",\"url\":\"http:\/\/www.frederic-poitou.com\/blog\/france-inter-en-1984-lemission-qui-debauchait-les-oreilles\/\",\"name\":\"France Inter EN 1984 : L'EMISSION QUI D\u00c9BAUCHAIT LES OREILLES -\",\"isPartOf\":{\"@id\":\"http:\/\/www.frederic-poitou.com\/blog\/#website\"},\"datePublished\":\"2023-07-14T21:00:32+00:00\",\"dateModified\":\"2026-04-23T13:43:49+00:00\",\"author\":{\"@id\":\"http:\/\/www.frederic-poitou.com\/blog\/#\/schema\/person\/e2c2d05e978747818533fdce859a7799\"},\"breadcrumb\":{\"@id\":\"http:\/\/www.frederic-poitou.com\/blog\/france-inter-en-1984-lemission-qui-debauchait-les-oreilles\/#breadcrumb\"},\"inLanguage\":\"fr-FR\",\"potentialAction\":[{\"@type\":\"ReadAction\",\"target\":[\"http:\/\/www.frederic-poitou.com\/blog\/france-inter-en-1984-lemission-qui-debauchait-les-oreilles\/\"]}]},{\"@type\":\"BreadcrumbList\",\"@id\":\"http:\/\/www.frederic-poitou.com\/blog\/france-inter-en-1984-lemission-qui-debauchait-les-oreilles\/#breadcrumb\",\"itemListElement\":[{\"@type\":\"ListItem\",\"position\":1,\"name\":\"Accueil\",\"item\":\"http:\/\/www.frederic-poitou.com\/blog\/\"},{\"@type\":\"ListItem\",\"position\":2,\"name\":\"France Inter EN 1984 : L&rsquo;EMISSION QUI D\u00c9BAUCHAIT LES OREILLES\"}]},{\"@type\":\"WebSite\",\"@id\":\"http:\/\/www.frederic-poitou.com\/blog\/#website\",\"url\":\"http:\/\/www.frederic-poitou.com\/blog\/\",\"name\":\"\",\"description\":\"\",\"potentialAction\":[{\"@type\":\"SearchAction\",\"target\":{\"@type\":\"EntryPoint\",\"urlTemplate\":\"http:\/\/www.frederic-poitou.com\/blog\/?s={search_term_string}\"},\"query-input\":{\"@type\":\"PropertyValueSpecification\",\"valueRequired\":true,\"valueName\":\"search_term_string\"}}],\"inLanguage\":\"fr-FR\"},{\"@type\":\"Person\",\"@id\":\"http:\/\/www.frederic-poitou.com\/blog\/#\/schema\/person\/e2c2d05e978747818533fdce859a7799\",\"name\":\"Fr\u00e9d\u00e9ric Poitou\",\"image\":{\"@type\":\"ImageObject\",\"inLanguage\":\"fr-FR\",\"@id\":\"http:\/\/www.frederic-poitou.com\/blog\/#\/schema\/person\/image\/\",\"url\":\"https:\/\/secure.gravatar.com\/avatar\/1933bcca279a2feafd35d9e0a080c521e11beb51115fe4cfe02e2586ac13424a?s=96&d=mm&r=g\",\"contentUrl\":\"https:\/\/secure.gravatar.com\/avatar\/1933bcca279a2feafd35d9e0a080c521e11beb51115fe4cfe02e2586ac13424a?s=96&d=mm&r=g\",\"caption\":\"Fr\u00e9d\u00e9ric Poitou\"},\"description\":\"Fr\u00e9d\u00e9ric Poitou est n\u00e9 \u00e0 Rouen, et y a fait des \u00e9tudes au Conservatoire en musique-\u00e9tudes en section piano. Il s'est ensuite orient\u00e9 vers des \u00e9tudes scientifiques o\u00f9 il a obtenu un dipl\u00f4me d'ing\u00e9nieur, puis un doctorat en Chimie. Il est Expert Judiciaire en France, en Belgique et \u00e0 Luxembourg, et agr\u00e9e par les Institutions Europ\u00e9ennes.\",\"sameAs\":[\"http:\/\/www.frederic-poitou.com\",\"https:\/\/www.linkedin.com\/in\/frederic-poitou-b045a025\/\"]}]}<\/script>\n<!-- \/ Yoast SEO plugin. -->","yoast_head_json":{"title":"France Inter EN 1984 : L'EMISSION QUI D\u00c9BAUCHAIT LES OREILLES -","robots":{"index":"index","follow":"follow","max-snippet":"max-snippet:-1","max-image-preview":"max-image-preview:large","max-video-preview":"max-video-preview:-1"},"canonical":"http:\/\/www.frederic-poitou.com\/blog\/france-inter-en-1984-lemission-qui-debauchait-les-oreilles\/","og_locale":"fr_FR","og_type":"article","og_title":"France Inter EN 1984 : L'EMISSION QUI D\u00c9BAUCHAIT LES OREILLES -","og_description":"Les offusqu\u00e9s \u00e9taient en rage. Lettres et pressions arrivaient de tous c\u00f4t\u00e9s, associations familiales et ligues de vertus se d\u00e9cha\u00eenaient. Mais d\u2019autres d\u00e9fendaient l\u2019\u00e9mission, comme la f\u00e9ministe Beno\u00eete Groult et surtout l\u2019excellent Jean Garretto, le directeur des programmes. Heureusement, internet &hellip; Lire la suite\u00ad\u00ad","og_url":"http:\/\/www.frederic-poitou.com\/blog\/france-inter-en-1984-lemission-qui-debauchait-les-oreilles\/","article_publisher":"https:\/\/www.facebook.com\/frederic.poitou\/","article_published_time":"2023-07-14T21:00:32+00:00","article_modified_time":"2026-04-23T13:43:49+00:00","author":"Fr\u00e9d\u00e9ric Poitou","twitter_card":"summary_large_image","twitter_creator":"@fredericpoitou","twitter_site":"@fredericpoitou","twitter_misc":{"\u00c9crit par":"Fr\u00e9d\u00e9ric Poitou"},"schema":{"@context":"https:\/\/schema.org","@graph":[{"@type":"Article","@id":"http:\/\/www.frederic-poitou.com\/blog\/france-inter-en-1984-lemission-qui-debauchait-les-oreilles\/#article","isPartOf":{"@id":"http:\/\/www.frederic-poitou.com\/blog\/france-inter-en-1984-lemission-qui-debauchait-les-oreilles\/"},"author":{"name":"Fr\u00e9d\u00e9ric Poitou","@id":"http:\/\/www.frederic-poitou.com\/blog\/#\/schema\/person\/e2c2d05e978747818533fdce859a7799"},"headline":"France Inter EN 1984 : L&rsquo;EMISSION QUI D\u00c9BAUCHAIT LES OREILLES","datePublished":"2023-07-14T21:00:32+00:00","dateModified":"2026-04-23T13:43:49+00:00","mainEntityOfPage":{"@id":"http:\/\/www.frederic-poitou.com\/blog\/france-inter-en-1984-lemission-qui-debauchait-les-oreilles\/"},"wordCount":78,"articleSection":["Accueil","Culture"],"inLanguage":"fr-FR"},{"@type":"WebPage","@id":"http:\/\/www.frederic-poitou.com\/blog\/france-inter-en-1984-lemission-qui-debauchait-les-oreilles\/","url":"http:\/\/www.frederic-poitou.com\/blog\/france-inter-en-1984-lemission-qui-debauchait-les-oreilles\/","name":"France Inter EN 1984 : L'EMISSION QUI D\u00c9BAUCHAIT LES OREILLES -","isPartOf":{"@id":"http:\/\/www.frederic-poitou.com\/blog\/#website"},"datePublished":"2023-07-14T21:00:32+00:00","dateModified":"2026-04-23T13:43:49+00:00","author":{"@id":"http:\/\/www.frederic-poitou.com\/blog\/#\/schema\/person\/e2c2d05e978747818533fdce859a7799"},"breadcrumb":{"@id":"http:\/\/www.frederic-poitou.com\/blog\/france-inter-en-1984-lemission-qui-debauchait-les-oreilles\/#breadcrumb"},"inLanguage":"fr-FR","potentialAction":[{"@type":"ReadAction","target":["http:\/\/www.frederic-poitou.com\/blog\/france-inter-en-1984-lemission-qui-debauchait-les-oreilles\/"]}]},{"@type":"BreadcrumbList","@id":"http:\/\/www.frederic-poitou.com\/blog\/france-inter-en-1984-lemission-qui-debauchait-les-oreilles\/#breadcrumb","itemListElement":[{"@type":"ListItem","position":1,"name":"Accueil","item":"http:\/\/www.frederic-poitou.com\/blog\/"},{"@type":"ListItem","position":2,"name":"France Inter EN 1984 : L&rsquo;EMISSION QUI D\u00c9BAUCHAIT LES OREILLES"}]},{"@type":"WebSite","@id":"http:\/\/www.frederic-poitou.com\/blog\/#website","url":"http:\/\/www.frederic-poitou.com\/blog\/","name":"","description":"","potentialAction":[{"@type":"SearchAction","target":{"@type":"EntryPoint","urlTemplate":"http:\/\/www.frederic-poitou.com\/blog\/?s={search_term_string}"},"query-input":{"@type":"PropertyValueSpecification","valueRequired":true,"valueName":"search_term_string"}}],"inLanguage":"fr-FR"},{"@type":"Person","@id":"http:\/\/www.frederic-poitou.com\/blog\/#\/schema\/person\/e2c2d05e978747818533fdce859a7799","name":"Fr\u00e9d\u00e9ric Poitou","image":{"@type":"ImageObject","inLanguage":"fr-FR","@id":"http:\/\/www.frederic-poitou.com\/blog\/#\/schema\/person\/image\/","url":"https:\/\/secure.gravatar.com\/avatar\/1933bcca279a2feafd35d9e0a080c521e11beb51115fe4cfe02e2586ac13424a?s=96&d=mm&r=g","contentUrl":"https:\/\/secure.gravatar.com\/avatar\/1933bcca279a2feafd35d9e0a080c521e11beb51115fe4cfe02e2586ac13424a?s=96&d=mm&r=g","caption":"Fr\u00e9d\u00e9ric Poitou"},"description":"Fr\u00e9d\u00e9ric Poitou est n\u00e9 \u00e0 Rouen, et y a fait des \u00e9tudes au Conservatoire en musique-\u00e9tudes en section piano. Il s'est ensuite orient\u00e9 vers des \u00e9tudes scientifiques o\u00f9 il a obtenu un dipl\u00f4me d'ing\u00e9nieur, puis un doctorat en Chimie. Il est Expert Judiciaire en France, en Belgique et \u00e0 Luxembourg, et agr\u00e9e par les Institutions Europ\u00e9ennes.","sameAs":["http:\/\/www.frederic-poitou.com","https:\/\/www.linkedin.com\/in\/frederic-poitou-b045a025\/"]}]}},"_links":{"self":[{"href":"http:\/\/www.frederic-poitou.com\/blog\/wp-json\/wp\/v2\/posts\/7537","targetHints":{"allow":["GET"]}}],"collection":[{"href":"http:\/\/www.frederic-poitou.com\/blog\/wp-json\/wp\/v2\/posts"}],"about":[{"href":"http:\/\/www.frederic-poitou.com\/blog\/wp-json\/wp\/v2\/types\/post"}],"author":[{"embeddable":true,"href":"http:\/\/www.frederic-poitou.com\/blog\/wp-json\/wp\/v2\/users\/4"}],"replies":[{"embeddable":true,"href":"http:\/\/www.frederic-poitou.com\/blog\/wp-json\/wp\/v2\/comments?post=7537"}],"version-history":[{"count":1,"href":"http:\/\/www.frederic-poitou.com\/blog\/wp-json\/wp\/v2\/posts\/7537\/revisions"}],"predecessor-version":[{"id":8765,"href":"http:\/\/www.frederic-poitou.com\/blog\/wp-json\/wp\/v2\/posts\/7537\/revisions\/8765"}],"wp:attachment":[{"href":"http:\/\/www.frederic-poitou.com\/blog\/wp-json\/wp\/v2\/media?parent=7537"}],"wp:term":[{"taxonomy":"category","embeddable":true,"href":"http:\/\/www.frederic-poitou.com\/blog\/wp-json\/wp\/v2\/categories?post=7537"},{"taxonomy":"post_tag","embeddable":true,"href":"http:\/\/www.frederic-poitou.com\/blog\/wp-json\/wp\/v2\/tags?post=7537"}],"curies":[{"name":"wp","href":"https:\/\/api.w.org\/{rel}","templated":true}]}}