{"id":7309,"date":"2023-07-14T14:30:32","date_gmt":"2023-07-14T12:30:32","guid":{"rendered":"http:\/\/www.frederic-poitou.com\/blog\/?p=7309"},"modified":"2026-04-20T21:15:10","modified_gmt":"2026-04-20T19:15:10","slug":"deux-vaches-apprendre-politique-aux-enfants","status":"publish","type":"post","link":"http:\/\/www.frederic-poitou.com\/blog\/deux-vaches-apprendre-politique-aux-enfants\/","title":{"rendered":"LES DEUX VACHES : OU LA POLITIQUE EXPLIQU\u00c9E AUX ENFANTS"},"content":{"rendered":"<p>On est jamais trop soucieux de la bonne \u00e9ducation politique de nos enfants. Ainsi le besoin de leur expliquer de mani\u00e8re objective les diff\u00e9rents, en adjoignant \u00e0 ce dessin que j&rsquo;ai d\u00e9j\u00e0 publi\u00e9 \u00e0 plusieurs reprises, une mise \u00e0 jour concernant le macronisme !<\/p>\n<p>&nbsp;<\/p>\n<p>&nbsp;<\/p>\n<p><span style=\"color: #ff99cc;\"><strong>Communisme\u00a0:<\/strong><\/span> Vous avez <b>deux vaches<\/b>. Vos voisins participent \u00e0 leur entretien alors que vous n&rsquo;avez rien demand\u00e9, vous vous partagez le lait et vous \u00eates cens\u00e9s \u00eatre heureux.<\/p>\n<p>&nbsp;<\/p>\n<p><span style=\"color: #ff99cc;\"><strong>Socialisme marxiste *\u00a0:<\/strong><\/span> Vous avez <b>deux vaches.<\/b> Le gouvernement vous les prend et les met dans une \u00e9table avec les vaches d\u2019autres \u00e9leveurs. Ensemble, vous devez entretenir toutes les vaches, et le gouvernement vous fournit le lait.<\/p>\n<p>&nbsp;<\/p>\n<p><span style=\"color: #ff99cc;\"><strong>Lib\u00e9ralisme :<\/strong><\/span> Vous avez <b>deux vaches<\/b>. Vous achetez toutes les \u00e9tables appartenant \u00e0 l\u2019\u00c9tat gr\u00e2ce \u00e0 des lobbys pay\u00e9s avec du lait.<\/p>\n<p>&nbsp;<\/p>\n<p><span style=\"color: #ff99cc;\"><strong>Capitalisme\u00a0:<\/strong><\/span> Vous avez <b>deux vaches<\/b>. Vous en vendez une, et vous achetez un taureau pour faire des petits et au final vous vendez l&rsquo;\u00e9table par petite part et les acheteurs vous exproprient.<\/p>\n<p>&nbsp;<\/p>\n<p><span style=\"color: #ff99cc;\"><strong>Capitalisme sauvage\u00a0:<\/strong><\/span> Vous avez <b>deux vaches<\/b>. Vous \u00e9quarrissez l\u2019une, vous forcez l\u2019autre \u00e0 produire autant que quatre, et vous licenciez finalement l\u2019ouvrier qui s\u2019en occupait en l\u2019accusant d\u2019avoir laiss\u00e9 la vache mourir d\u2019\u00e9puisement.<\/p>\n<p>&nbsp;<\/p>\n<p><span style=\"color: #ff99cc;\"><strong>D\u00e9mocratie\u00a0:<\/strong><\/span> Vous avez <b>deux vaches<\/b>. Un r\u00e9f\u00e9rendum d\u00e9cide \u00e0 qui appartient le lait, voire les vaches.<\/p>\n<p>&nbsp;<\/p>\n<p><span style=\"color: #ff99cc;\"><strong>Social-d\u00e9mocratie\u00a0:<\/strong><\/span> Vous avez <b>deux vaches<\/b>. Une \u00e9lection d\u00e9signe celui qui d\u00e9cidera \u00e0 qui appartient le lait.<\/p>\n<p>&nbsp;<\/p>\n<p><span style=\"color: #ff99cc;\"><strong>Dictature\u00a0:<\/strong><\/span> Vous avez <b>deux vaches<\/b>. Le gouvernement les prend toutes les deux et vous fait fusiller.<\/p>\n<p>&nbsp;<\/p>\n<p><span style=\"color: #ff99cc;\"><strong>Fascisme\u00a0:<\/strong><\/span> Vous avez <b>deux vaches<\/b>. Le gouvernement les prend toutes les deux, puis vous emploie pour vous en occuper, et vous vend le lait au prix du salaire qu&rsquo;il vous paie.<\/p>\n<p>&nbsp;<\/p>\n<p><span style=\"color: #ff99cc;\"><strong>Anarchisme\u00a0:<\/strong><\/span> Vous avez <b>deux vaches<\/b>. Vous les laissez se traire toutes seules.<\/p>\n<p>&nbsp;<\/p>\n<p><span style=\"color: #ff99cc;\"><strong>\u00c9cologisme\u00a0:<\/strong><\/span> Vous avez <b>deux vache<\/b>s. Vous gardez le lait et le gouvernement vous ach\u00e8te la bouse.<\/p>\n<p>&nbsp;<\/p>\n<p><span style=\"color: #ff99cc;\"><strong>R\u00e8glementation par la Commission Europ\u00e9enne<\/strong><\/span><\/p>\n<p>On vous subventionne la premi\u00e8re ann\u00e9e pour acheter une 3\u00e8me vache. Pour ce faire. On fixe les quotas la seconde ann\u00e9e et vous payez une amende pour surproduction. On vous donne une prime la troisi\u00e8me ann\u00e9e pour abattre la 3\u00e8me vache.<\/p>\n<p>&nbsp;<\/p>\n<p><span style=\"color: #ff99cc;\"><strong>Application de la politique agricole commune en Corse<\/strong><\/span><\/p>\n<p>Vous avez 2 cochons qui courent dans la for\u00eat. Vous d\u00e9clarez 200 vaches et vous touchez les subventions europ\u00e9ennes.<\/p>\n<p>&nbsp;<\/p>\n<p><span style=\"color: #ff99cc;\"><strong>Macronisme<\/strong><\/span><\/p>\n<p>Vous faites un hold-up sur une vieille exploitation laiti\u00e8re qui datait des ann\u00e9es 1900 dont vous prenez le contr\u00f4le capitalistique avec quelques copains. Vous virez toutes les anciennes vaches et vous changez de taureaux pour amener du sang neuf \u00e0 l\u2019\u00e9levage. Puis vous augmentez les taxes sur le lait pour diminuer votre dette d\u2019exploitation afin que l\u2019\u00e9quilibre revienne apr\u00e8s deux exercices.<\/p>\n<p>\u00a92017\u00a0Fr\u00e9d\u00e9ric Poitou<\/p>\n<p>&nbsp;<\/p>\n<p><img loading=\"lazy\" decoding=\"async\" class=\"size-full wp-image-7311 aligncenter\" src=\"http:\/\/www.frederic-poitou.com\/blog\/wp-content\/2017\/11\/vaches.jpeg\" alt=\"\" width=\"641\" height=\"838\" srcset=\"http:\/\/www.frederic-poitou.com\/blog\/wp-content\/2017\/11\/vaches.jpeg 641w, http:\/\/www.frederic-poitou.com\/blog\/wp-content\/2017\/11\/vaches-229x300.jpeg 229w\" sizes=\"auto, (max-width: 641px) 100vw, 641px\" \/><\/p>\n","protected":false},"excerpt":{"rendered":"<p>On est jamais trop soucieux de la bonne \u00e9ducation politique de nos enfants. Ainsi le besoin de leur expliquer de mani\u00e8re objective les diff\u00e9rents, en adjoignant \u00e0 ce dessin que j&rsquo;ai d\u00e9j\u00e0 publi\u00e9 \u00e0 plusieurs reprises, une mise \u00e0 jour &hellip; <a href=\"http:\/\/www.frederic-poitou.com\/blog\/deux-vaches-apprendre-politique-aux-enfants\/\">Lire la suite\u00ad\u00ad<\/a><\/p>\n","protected":false},"author":4,"featured_media":7312,"comment_status":"closed","ping_status":"open","sticky":false,"template":"","format":"standard","meta":{"kt_blocks_editor_width":"","_exactmetrics_skip_tracking":false,"_exactmetrics_sitenote_active":false,"_exactmetrics_sitenote_note":"","_exactmetrics_sitenote_category":0,"footnotes":""},"categories":[55,51,54],"tags":[],"class_list":["post-7309","post","type-post","status-publish","format-standard","has-post-thumbnail","hentry","category-europe","category-politique","category-societe"],"yoast_head":"<!-- This site is optimized with the Yoast SEO plugin v27.1.1 - https:\/\/yoast.com\/product\/yoast-seo-wordpress\/ -->\n<title>LES DEUX VACHES : OU LA POLITIQUE EXPLIQU\u00c9E AUX ENFANTS -<\/title>\n<meta name=\"robots\" content=\"index, follow, max-snippet:-1, max-image-preview:large, max-video-preview:-1\" \/>\n<link rel=\"canonical\" href=\"https:\/\/www.frederic-poitou.com\/blog\/deux-vaches-apprendre-politique-aux-enfants\/\" \/>\n<meta property=\"og:locale\" content=\"fr_FR\" \/>\n<meta property=\"og:type\" content=\"article\" \/>\n<meta property=\"og:title\" content=\"LES DEUX VACHES : OU LA POLITIQUE EXPLIQU\u00c9E AUX ENFANTS -\" \/>\n<meta property=\"og:description\" content=\"On est jamais trop soucieux de la bonne \u00e9ducation politique de nos enfants. Ainsi le besoin de leur expliquer de mani\u00e8re objective les diff\u00e9rents, en adjoignant \u00e0 ce dessin que j&rsquo;ai d\u00e9j\u00e0 publi\u00e9 \u00e0 plusieurs reprises, une mise \u00e0 jour &hellip; Lire la suite\u00ad\u00ad\" \/>\n<meta property=\"og:url\" content=\"https:\/\/www.frederic-poitou.com\/blog\/deux-vaches-apprendre-politique-aux-enfants\/\" \/>\n<meta property=\"article:publisher\" content=\"https:\/\/www.facebook.com\/frederic.poitou\/\" \/>\n<meta property=\"article:published_time\" content=\"2023-07-14T12:30:32+00:00\" \/>\n<meta property=\"article:modified_time\" content=\"2026-04-20T19:15:10+00:00\" \/>\n<meta property=\"og:image\" content=\"https:\/\/www.frederic-poitou.com\/blog\/wp-content\/2017\/11\/LES-2-VACHES_b_logo.jpg\" \/>\n\t<meta property=\"og:image:width\" content=\"2362\" \/>\n\t<meta property=\"og:image:height\" content=\"2362\" \/>\n\t<meta property=\"og:image:type\" content=\"image\/jpeg\" \/>\n<meta name=\"author\" content=\"Fr\u00e9d\u00e9ric Poitou\" \/>\n<meta name=\"twitter:card\" content=\"summary_large_image\" \/>\n<meta name=\"twitter:creator\" content=\"@fredericpoitou\" \/>\n<meta name=\"twitter:site\" content=\"@fredericpoitou\" \/>\n<meta name=\"twitter:label1\" content=\"\u00c9crit par\" \/>\n\t<meta name=\"twitter:data1\" content=\"Fr\u00e9d\u00e9ric Poitou\" \/>\n\t<meta name=\"twitter:label2\" content=\"Dur\u00e9e de lecture estim\u00e9e\" \/>\n\t<meta name=\"twitter:data2\" content=\"2 minutes\" \/>\n<script type=\"application\/ld+json\" class=\"yoast-schema-graph\">{\"@context\":\"https:\/\/schema.org\",\"@graph\":[{\"@type\":\"Article\",\"@id\":\"https:\/\/www.frederic-poitou.com\/blog\/deux-vaches-apprendre-politique-aux-enfants\/#article\",\"isPartOf\":{\"@id\":\"https:\/\/www.frederic-poitou.com\/blog\/deux-vaches-apprendre-politique-aux-enfants\/\"},\"author\":{\"name\":\"Fr\u00e9d\u00e9ric Poitou\",\"@id\":\"http:\/\/www.frederic-poitou.com\/blog\/#\/schema\/person\/e2c2d05e978747818533fdce859a7799\"},\"headline\":\"LES DEUX VACHES : OU LA POLITIQUE EXPLIQU\u00c9E AUX ENFANTS\",\"datePublished\":\"2023-07-14T12:30:32+00:00\",\"dateModified\":\"2026-04-20T19:15:10+00:00\",\"mainEntityOfPage\":{\"@id\":\"https:\/\/www.frederic-poitou.com\/blog\/deux-vaches-apprendre-politique-aux-enfants\/\"},\"wordCount\":497,\"image\":{\"@id\":\"https:\/\/www.frederic-poitou.com\/blog\/deux-vaches-apprendre-politique-aux-enfants\/#primaryimage\"},\"thumbnailUrl\":\"http:\/\/www.frederic-poitou.com\/blog\/wp-content\/2017\/11\/LES-2-VACHES_b_logo.jpg\",\"articleSection\":[\"Europe\",\"Politique\",\"Soci\u00e9t\u00e9\"],\"inLanguage\":\"fr-FR\"},{\"@type\":\"WebPage\",\"@id\":\"https:\/\/www.frederic-poitou.com\/blog\/deux-vaches-apprendre-politique-aux-enfants\/\",\"url\":\"https:\/\/www.frederic-poitou.com\/blog\/deux-vaches-apprendre-politique-aux-enfants\/\",\"name\":\"LES DEUX VACHES : OU LA POLITIQUE EXPLIQU\u00c9E AUX ENFANTS -\",\"isPartOf\":{\"@id\":\"http:\/\/www.frederic-poitou.com\/blog\/#website\"},\"primaryImageOfPage\":{\"@id\":\"https:\/\/www.frederic-poitou.com\/blog\/deux-vaches-apprendre-politique-aux-enfants\/#primaryimage\"},\"image\":{\"@id\":\"https:\/\/www.frederic-poitou.com\/blog\/deux-vaches-apprendre-politique-aux-enfants\/#primaryimage\"},\"thumbnailUrl\":\"http:\/\/www.frederic-poitou.com\/blog\/wp-content\/2017\/11\/LES-2-VACHES_b_logo.jpg\",\"datePublished\":\"2023-07-14T12:30:32+00:00\",\"dateModified\":\"2026-04-20T19:15:10+00:00\",\"author\":{\"@id\":\"http:\/\/www.frederic-poitou.com\/blog\/#\/schema\/person\/e2c2d05e978747818533fdce859a7799\"},\"breadcrumb\":{\"@id\":\"https:\/\/www.frederic-poitou.com\/blog\/deux-vaches-apprendre-politique-aux-enfants\/#breadcrumb\"},\"inLanguage\":\"fr-FR\",\"potentialAction\":[{\"@type\":\"ReadAction\",\"target\":[\"https:\/\/www.frederic-poitou.com\/blog\/deux-vaches-apprendre-politique-aux-enfants\/\"]}]},{\"@type\":\"ImageObject\",\"inLanguage\":\"fr-FR\",\"@id\":\"https:\/\/www.frederic-poitou.com\/blog\/deux-vaches-apprendre-politique-aux-enfants\/#primaryimage\",\"url\":\"http:\/\/www.frederic-poitou.com\/blog\/wp-content\/2017\/11\/LES-2-VACHES_b_logo.jpg\",\"contentUrl\":\"http:\/\/www.frederic-poitou.com\/blog\/wp-content\/2017\/11\/LES-2-VACHES_b_logo.jpg\",\"width\":2362,\"height\":2362},{\"@type\":\"BreadcrumbList\",\"@id\":\"https:\/\/www.frederic-poitou.com\/blog\/deux-vaches-apprendre-politique-aux-enfants\/#breadcrumb\",\"itemListElement\":[{\"@type\":\"ListItem\",\"position\":1,\"name\":\"Accueil\",\"item\":\"http:\/\/www.frederic-poitou.com\/blog\/\"},{\"@type\":\"ListItem\",\"position\":2,\"name\":\"LES DEUX VACHES : OU LA POLITIQUE EXPLIQU\u00c9E AUX ENFANTS\"}]},{\"@type\":\"WebSite\",\"@id\":\"http:\/\/www.frederic-poitou.com\/blog\/#website\",\"url\":\"http:\/\/www.frederic-poitou.com\/blog\/\",\"name\":\"\",\"description\":\"\",\"potentialAction\":[{\"@type\":\"SearchAction\",\"target\":{\"@type\":\"EntryPoint\",\"urlTemplate\":\"http:\/\/www.frederic-poitou.com\/blog\/?s={search_term_string}\"},\"query-input\":{\"@type\":\"PropertyValueSpecification\",\"valueRequired\":true,\"valueName\":\"search_term_string\"}}],\"inLanguage\":\"fr-FR\"},{\"@type\":\"Person\",\"@id\":\"http:\/\/www.frederic-poitou.com\/blog\/#\/schema\/person\/e2c2d05e978747818533fdce859a7799\",\"name\":\"Fr\u00e9d\u00e9ric Poitou\",\"image\":{\"@type\":\"ImageObject\",\"inLanguage\":\"fr-FR\",\"@id\":\"http:\/\/www.frederic-poitou.com\/blog\/#\/schema\/person\/image\/\",\"url\":\"https:\/\/secure.gravatar.com\/avatar\/1933bcca279a2feafd35d9e0a080c521e11beb51115fe4cfe02e2586ac13424a?s=96&d=mm&r=g\",\"contentUrl\":\"https:\/\/secure.gravatar.com\/avatar\/1933bcca279a2feafd35d9e0a080c521e11beb51115fe4cfe02e2586ac13424a?s=96&d=mm&r=g\",\"caption\":\"Fr\u00e9d\u00e9ric Poitou\"},\"description\":\"Fr\u00e9d\u00e9ric Poitou est n\u00e9 \u00e0 Rouen, et y a fait des \u00e9tudes au Conservatoire en musique-\u00e9tudes en section piano. Il s'est ensuite orient\u00e9 vers des \u00e9tudes scientifiques o\u00f9 il a obtenu un dipl\u00f4me d'ing\u00e9nieur, puis un doctorat en Chimie. Il est Expert Judiciaire en France, en Belgique et \u00e0 Luxembourg, et agr\u00e9e par les Institutions Europ\u00e9ennes.\",\"sameAs\":[\"http:\/\/www.frederic-poitou.com\",\"https:\/\/www.linkedin.com\/in\/frederic-poitou-b045a025\/\"]}]}<\/script>\n<!-- \/ Yoast SEO plugin. -->","yoast_head_json":{"title":"LES DEUX VACHES : OU LA POLITIQUE EXPLIQU\u00c9E AUX ENFANTS -","robots":{"index":"index","follow":"follow","max-snippet":"max-snippet:-1","max-image-preview":"max-image-preview:large","max-video-preview":"max-video-preview:-1"},"canonical":"https:\/\/www.frederic-poitou.com\/blog\/deux-vaches-apprendre-politique-aux-enfants\/","og_locale":"fr_FR","og_type":"article","og_title":"LES DEUX VACHES : OU LA POLITIQUE EXPLIQU\u00c9E AUX ENFANTS -","og_description":"On est jamais trop soucieux de la bonne \u00e9ducation politique de nos enfants. Ainsi le besoin de leur expliquer de mani\u00e8re objective les diff\u00e9rents, en adjoignant \u00e0 ce dessin que j&rsquo;ai d\u00e9j\u00e0 publi\u00e9 \u00e0 plusieurs reprises, une mise \u00e0 jour &hellip; Lire la suite\u00ad\u00ad","og_url":"https:\/\/www.frederic-poitou.com\/blog\/deux-vaches-apprendre-politique-aux-enfants\/","article_publisher":"https:\/\/www.facebook.com\/frederic.poitou\/","article_published_time":"2023-07-14T12:30:32+00:00","article_modified_time":"2026-04-20T19:15:10+00:00","og_image":[{"width":2362,"height":2362,"url":"https:\/\/www.frederic-poitou.com\/blog\/wp-content\/2017\/11\/LES-2-VACHES_b_logo.jpg","type":"image\/jpeg"}],"author":"Fr\u00e9d\u00e9ric Poitou","twitter_card":"summary_large_image","twitter_creator":"@fredericpoitou","twitter_site":"@fredericpoitou","twitter_misc":{"\u00c9crit par":"Fr\u00e9d\u00e9ric Poitou","Dur\u00e9e de lecture estim\u00e9e":"2 minutes"},"schema":{"@context":"https:\/\/schema.org","@graph":[{"@type":"Article","@id":"https:\/\/www.frederic-poitou.com\/blog\/deux-vaches-apprendre-politique-aux-enfants\/#article","isPartOf":{"@id":"https:\/\/www.frederic-poitou.com\/blog\/deux-vaches-apprendre-politique-aux-enfants\/"},"author":{"name":"Fr\u00e9d\u00e9ric Poitou","@id":"http:\/\/www.frederic-poitou.com\/blog\/#\/schema\/person\/e2c2d05e978747818533fdce859a7799"},"headline":"LES DEUX VACHES : OU LA POLITIQUE EXPLIQU\u00c9E AUX ENFANTS","datePublished":"2023-07-14T12:30:32+00:00","dateModified":"2026-04-20T19:15:10+00:00","mainEntityOfPage":{"@id":"https:\/\/www.frederic-poitou.com\/blog\/deux-vaches-apprendre-politique-aux-enfants\/"},"wordCount":497,"image":{"@id":"https:\/\/www.frederic-poitou.com\/blog\/deux-vaches-apprendre-politique-aux-enfants\/#primaryimage"},"thumbnailUrl":"http:\/\/www.frederic-poitou.com\/blog\/wp-content\/2017\/11\/LES-2-VACHES_b_logo.jpg","articleSection":["Europe","Politique","Soci\u00e9t\u00e9"],"inLanguage":"fr-FR"},{"@type":"WebPage","@id":"https:\/\/www.frederic-poitou.com\/blog\/deux-vaches-apprendre-politique-aux-enfants\/","url":"https:\/\/www.frederic-poitou.com\/blog\/deux-vaches-apprendre-politique-aux-enfants\/","name":"LES DEUX VACHES : OU LA POLITIQUE EXPLIQU\u00c9E AUX ENFANTS -","isPartOf":{"@id":"http:\/\/www.frederic-poitou.com\/blog\/#website"},"primaryImageOfPage":{"@id":"https:\/\/www.frederic-poitou.com\/blog\/deux-vaches-apprendre-politique-aux-enfants\/#primaryimage"},"image":{"@id":"https:\/\/www.frederic-poitou.com\/blog\/deux-vaches-apprendre-politique-aux-enfants\/#primaryimage"},"thumbnailUrl":"http:\/\/www.frederic-poitou.com\/blog\/wp-content\/2017\/11\/LES-2-VACHES_b_logo.jpg","datePublished":"2023-07-14T12:30:32+00:00","dateModified":"2026-04-20T19:15:10+00:00","author":{"@id":"http:\/\/www.frederic-poitou.com\/blog\/#\/schema\/person\/e2c2d05e978747818533fdce859a7799"},"breadcrumb":{"@id":"https:\/\/www.frederic-poitou.com\/blog\/deux-vaches-apprendre-politique-aux-enfants\/#breadcrumb"},"inLanguage":"fr-FR","potentialAction":[{"@type":"ReadAction","target":["https:\/\/www.frederic-poitou.com\/blog\/deux-vaches-apprendre-politique-aux-enfants\/"]}]},{"@type":"ImageObject","inLanguage":"fr-FR","@id":"https:\/\/www.frederic-poitou.com\/blog\/deux-vaches-apprendre-politique-aux-enfants\/#primaryimage","url":"http:\/\/www.frederic-poitou.com\/blog\/wp-content\/2017\/11\/LES-2-VACHES_b_logo.jpg","contentUrl":"http:\/\/www.frederic-poitou.com\/blog\/wp-content\/2017\/11\/LES-2-VACHES_b_logo.jpg","width":2362,"height":2362},{"@type":"BreadcrumbList","@id":"https:\/\/www.frederic-poitou.com\/blog\/deux-vaches-apprendre-politique-aux-enfants\/#breadcrumb","itemListElement":[{"@type":"ListItem","position":1,"name":"Accueil","item":"http:\/\/www.frederic-poitou.com\/blog\/"},{"@type":"ListItem","position":2,"name":"LES DEUX VACHES : OU LA POLITIQUE EXPLIQU\u00c9E AUX ENFANTS"}]},{"@type":"WebSite","@id":"http:\/\/www.frederic-poitou.com\/blog\/#website","url":"http:\/\/www.frederic-poitou.com\/blog\/","name":"","description":"","potentialAction":[{"@type":"SearchAction","target":{"@type":"EntryPoint","urlTemplate":"http:\/\/www.frederic-poitou.com\/blog\/?s={search_term_string}"},"query-input":{"@type":"PropertyValueSpecification","valueRequired":true,"valueName":"search_term_string"}}],"inLanguage":"fr-FR"},{"@type":"Person","@id":"http:\/\/www.frederic-poitou.com\/blog\/#\/schema\/person\/e2c2d05e978747818533fdce859a7799","name":"Fr\u00e9d\u00e9ric Poitou","image":{"@type":"ImageObject","inLanguage":"fr-FR","@id":"http:\/\/www.frederic-poitou.com\/blog\/#\/schema\/person\/image\/","url":"https:\/\/secure.gravatar.com\/avatar\/1933bcca279a2feafd35d9e0a080c521e11beb51115fe4cfe02e2586ac13424a?s=96&d=mm&r=g","contentUrl":"https:\/\/secure.gravatar.com\/avatar\/1933bcca279a2feafd35d9e0a080c521e11beb51115fe4cfe02e2586ac13424a?s=96&d=mm&r=g","caption":"Fr\u00e9d\u00e9ric Poitou"},"description":"Fr\u00e9d\u00e9ric Poitou est n\u00e9 \u00e0 Rouen, et y a fait des \u00e9tudes au Conservatoire en musique-\u00e9tudes en section piano. Il s'est ensuite orient\u00e9 vers des \u00e9tudes scientifiques o\u00f9 il a obtenu un dipl\u00f4me d'ing\u00e9nieur, puis un doctorat en Chimie. Il est Expert Judiciaire en France, en Belgique et \u00e0 Luxembourg, et agr\u00e9e par les Institutions Europ\u00e9ennes.","sameAs":["http:\/\/www.frederic-poitou.com","https:\/\/www.linkedin.com\/in\/frederic-poitou-b045a025\/"]}]}},"_links":{"self":[{"href":"http:\/\/www.frederic-poitou.com\/blog\/wp-json\/wp\/v2\/posts\/7309","targetHints":{"allow":["GET"]}}],"collection":[{"href":"http:\/\/www.frederic-poitou.com\/blog\/wp-json\/wp\/v2\/posts"}],"about":[{"href":"http:\/\/www.frederic-poitou.com\/blog\/wp-json\/wp\/v2\/types\/post"}],"author":[{"embeddable":true,"href":"http:\/\/www.frederic-poitou.com\/blog\/wp-json\/wp\/v2\/users\/4"}],"replies":[{"embeddable":true,"href":"http:\/\/www.frederic-poitou.com\/blog\/wp-json\/wp\/v2\/comments?post=7309"}],"version-history":[{"count":1,"href":"http:\/\/www.frederic-poitou.com\/blog\/wp-json\/wp\/v2\/posts\/7309\/revisions"}],"predecessor-version":[{"id":9355,"href":"http:\/\/www.frederic-poitou.com\/blog\/wp-json\/wp\/v2\/posts\/7309\/revisions\/9355"}],"wp:featuredmedia":[{"embeddable":true,"href":"http:\/\/www.frederic-poitou.com\/blog\/wp-json\/wp\/v2\/media\/7312"}],"wp:attachment":[{"href":"http:\/\/www.frederic-poitou.com\/blog\/wp-json\/wp\/v2\/media?parent=7309"}],"wp:term":[{"taxonomy":"category","embeddable":true,"href":"http:\/\/www.frederic-poitou.com\/blog\/wp-json\/wp\/v2\/categories?post=7309"},{"taxonomy":"post_tag","embeddable":true,"href":"http:\/\/www.frederic-poitou.com\/blog\/wp-json\/wp\/v2\/tags?post=7309"}],"curies":[{"name":"wp","href":"https:\/\/api.w.org\/{rel}","templated":true}]}}