{"id":7302,"date":"2023-07-14T17:28:32","date_gmt":"2023-07-14T15:28:32","guid":{"rendered":"http:\/\/www.frederic-poitou.com\/blog\/?p=7302"},"modified":"2026-04-21T21:23:05","modified_gmt":"2026-04-21T19:23:05","slug":"fond-de-lair-frais","status":"publish","type":"post","link":"http:\/\/www.frederic-poitou.com\/blog\/fond-de-lair-frais\/","title":{"rendered":"LE FOND DE L&rsquo;AIR EST FRAIS &#8230;"},"content":{"rendered":"<p>D\u00e9voil\u00e9e en marge de la COP23, une carte interactive\u00a0dont l&rsquo;UE est \u00e0 l&rsquo;initiative permet d\u00e9sormais de conna\u00eetre \u00e0 tout moment la qualit\u00e9 de l&rsquo;air \u00e0 travers l&rsquo;Europe, un outil pour tenter de mobiliser contre un \u00ab\u00a0tueur invisible\u00a0\u00bb qui cause plus de morts que les accidents de la route.<\/p>\n<p>C&rsquo;est un sujet que je connais bien pour l&rsquo;avoir trait\u00e9 dans le cadre d&rsquo;un rapport \u00e9tudiant sur pr\u00e9l\u00e8vements la qualit\u00e9 de l&rsquo;air dans la r\u00e9gion de la Communaut\u00e9 du Pays d\u00a0\u00bbAix, et finalement, on ne respire pas trop mal en r\u00e9gion PACA, or Marseille et Istres-Fos.<\/p>\n<p>Je resterai donc dans la campagne aixoise !<\/p>\n<p><img loading=\"lazy\" decoding=\"async\" class=\"size-full wp-image-7304 aligncenter\" src=\"http:\/\/www.frederic-poitou.com\/blog\/wp-content\/2017\/11\/air-paca.jpeg\" alt=\"\" width=\"1182\" height=\"955\" srcset=\"http:\/\/www.frederic-poitou.com\/blog\/wp-content\/2017\/11\/air-paca.jpeg 1182w, http:\/\/www.frederic-poitou.com\/blog\/wp-content\/2017\/11\/air-paca-300x242.jpeg 300w, http:\/\/www.frederic-poitou.com\/blog\/wp-content\/2017\/11\/air-paca-1024x827.jpeg 1024w\" sizes=\"auto, (max-width: 1182px) 100vw, 1182px\" \/><\/p>\n<p><img loading=\"lazy\" decoding=\"async\" class=\"size-full wp-image-7305 aligncenter\" src=\"http:\/\/www.frederic-poitou.com\/blog\/wp-content\/2017\/11\/legende.jpeg\" alt=\"\" width=\"576\" height=\"186\" srcset=\"http:\/\/www.frederic-poitou.com\/blog\/wp-content\/2017\/11\/legende.jpeg 576w, http:\/\/www.frederic-poitou.com\/blog\/wp-content\/2017\/11\/legende-300x97.jpeg 300w\" sizes=\"auto, (max-width: 576px) 100vw, 576px\" \/><\/p>\n<p>&nbsp;<\/p>\n<p>&nbsp;<\/p>\n<p>&nbsp;<\/p>\n<p>&nbsp;<\/p>\n","protected":false},"excerpt":{"rendered":"<p>D\u00e9voil\u00e9e en marge de la COP23, une carte interactive\u00a0dont l&rsquo;UE est \u00e0 l&rsquo;initiative permet d\u00e9sormais de conna\u00eetre \u00e0 tout moment la qualit\u00e9 de l&rsquo;air \u00e0 travers l&rsquo;Europe, un outil pour tenter de mobiliser contre un \u00ab\u00a0tueur invisible\u00a0\u00bb qui cause plus &hellip; <a href=\"http:\/\/www.frederic-poitou.com\/blog\/fond-de-lair-frais\/\">Lire la suite\u00ad\u00ad<\/a><\/p>\n","protected":false},"author":4,"featured_media":7303,"comment_status":"closed","ping_status":"open","sticky":false,"template":"","format":"standard","meta":{"kt_blocks_editor_width":"","_exactmetrics_skip_tracking":false,"_exactmetrics_sitenote_active":false,"_exactmetrics_sitenote_note":"","_exactmetrics_sitenote_category":0,"footnotes":""},"categories":[53,55],"tags":[],"class_list":["post-7302","post","type-post","status-publish","format-standard","has-post-thumbnail","hentry","category-ecologie","category-europe"],"yoast_head":"<!-- This site is optimized with the Yoast SEO plugin v27.1.1 - https:\/\/yoast.com\/product\/yoast-seo-wordpress\/ -->\n<title>LE FOND DE L&#039;AIR EST FRAIS ... -<\/title>\n<meta name=\"robots\" content=\"index, follow, max-snippet:-1, max-image-preview:large, max-video-preview:-1\" \/>\n<link rel=\"canonical\" href=\"https:\/\/www.frederic-poitou.com\/blog\/fond-de-lair-frais\/\" \/>\n<meta property=\"og:locale\" content=\"fr_FR\" \/>\n<meta property=\"og:type\" content=\"article\" \/>\n<meta property=\"og:title\" content=\"LE FOND DE L&#039;AIR EST FRAIS ... -\" \/>\n<meta property=\"og:description\" content=\"D\u00e9voil\u00e9e en marge de la COP23, une carte interactive\u00a0dont l&rsquo;UE est \u00e0 l&rsquo;initiative permet d\u00e9sormais de conna\u00eetre \u00e0 tout moment la qualit\u00e9 de l&rsquo;air \u00e0 travers l&rsquo;Europe, un outil pour tenter de mobiliser contre un \u00ab\u00a0tueur invisible\u00a0\u00bb qui cause plus &hellip; Lire la suite\u00ad\u00ad\" \/>\n<meta property=\"og:url\" content=\"https:\/\/www.frederic-poitou.com\/blog\/fond-de-lair-frais\/\" \/>\n<meta property=\"article:publisher\" content=\"https:\/\/www.facebook.com\/frederic.poitou\/\" \/>\n<meta property=\"article:published_time\" content=\"2023-07-14T15:28:32+00:00\" \/>\n<meta property=\"article:modified_time\" content=\"2026-04-21T19:23:05+00:00\" \/>\n<meta property=\"og:image\" content=\"https:\/\/www.frederic-poitou.com\/blog\/wp-content\/2017\/11\/air.jpeg\" \/>\n\t<meta property=\"og:image:width\" content=\"616\" \/>\n\t<meta property=\"og:image:height\" content=\"614\" \/>\n\t<meta property=\"og:image:type\" content=\"image\/jpeg\" \/>\n<meta name=\"author\" content=\"Fr\u00e9d\u00e9ric Poitou\" \/>\n<meta name=\"twitter:card\" content=\"summary_large_image\" \/>\n<meta name=\"twitter:creator\" content=\"@fredericpoitou\" \/>\n<meta name=\"twitter:site\" content=\"@fredericpoitou\" \/>\n<meta name=\"twitter:label1\" content=\"\u00c9crit par\" \/>\n\t<meta name=\"twitter:data1\" content=\"Fr\u00e9d\u00e9ric Poitou\" \/>\n\t<meta name=\"twitter:label2\" content=\"Dur\u00e9e de lecture estim\u00e9e\" \/>\n\t<meta name=\"twitter:data2\" content=\"1 minute\" \/>\n<script type=\"application\/ld+json\" class=\"yoast-schema-graph\">{\"@context\":\"https:\/\/schema.org\",\"@graph\":[{\"@type\":\"Article\",\"@id\":\"https:\/\/www.frederic-poitou.com\/blog\/fond-de-lair-frais\/#article\",\"isPartOf\":{\"@id\":\"https:\/\/www.frederic-poitou.com\/blog\/fond-de-lair-frais\/\"},\"author\":{\"name\":\"Fr\u00e9d\u00e9ric Poitou\",\"@id\":\"https:\/\/www.frederic-poitou.com\/blog\/#\/schema\/person\/e2c2d05e978747818533fdce859a7799\"},\"headline\":\"LE FOND DE L&rsquo;AIR EST FRAIS &#8230;\",\"datePublished\":\"2023-07-14T15:28:32+00:00\",\"dateModified\":\"2026-04-21T19:23:05+00:00\",\"mainEntityOfPage\":{\"@id\":\"https:\/\/www.frederic-poitou.com\/blog\/fond-de-lair-frais\/\"},\"wordCount\":127,\"image\":{\"@id\":\"https:\/\/www.frederic-poitou.com\/blog\/fond-de-lair-frais\/#primaryimage\"},\"thumbnailUrl\":\"http:\/\/www.frederic-poitou.com\/blog\/wp-content\/2017\/11\/air.jpeg\",\"articleSection\":[\"Ecologie\",\"Europe\"],\"inLanguage\":\"fr-FR\"},{\"@type\":\"WebPage\",\"@id\":\"https:\/\/www.frederic-poitou.com\/blog\/fond-de-lair-frais\/\",\"url\":\"https:\/\/www.frederic-poitou.com\/blog\/fond-de-lair-frais\/\",\"name\":\"LE FOND DE L'AIR EST FRAIS ... -\",\"isPartOf\":{\"@id\":\"https:\/\/www.frederic-poitou.com\/blog\/#website\"},\"primaryImageOfPage\":{\"@id\":\"https:\/\/www.frederic-poitou.com\/blog\/fond-de-lair-frais\/#primaryimage\"},\"image\":{\"@id\":\"https:\/\/www.frederic-poitou.com\/blog\/fond-de-lair-frais\/#primaryimage\"},\"thumbnailUrl\":\"http:\/\/www.frederic-poitou.com\/blog\/wp-content\/2017\/11\/air.jpeg\",\"datePublished\":\"2023-07-14T15:28:32+00:00\",\"dateModified\":\"2026-04-21T19:23:05+00:00\",\"author\":{\"@id\":\"https:\/\/www.frederic-poitou.com\/blog\/#\/schema\/person\/e2c2d05e978747818533fdce859a7799\"},\"breadcrumb\":{\"@id\":\"https:\/\/www.frederic-poitou.com\/blog\/fond-de-lair-frais\/#breadcrumb\"},\"inLanguage\":\"fr-FR\",\"potentialAction\":[{\"@type\":\"ReadAction\",\"target\":[\"https:\/\/www.frederic-poitou.com\/blog\/fond-de-lair-frais\/\"]}]},{\"@type\":\"ImageObject\",\"inLanguage\":\"fr-FR\",\"@id\":\"https:\/\/www.frederic-poitou.com\/blog\/fond-de-lair-frais\/#primaryimage\",\"url\":\"http:\/\/www.frederic-poitou.com\/blog\/wp-content\/2017\/11\/air.jpeg\",\"contentUrl\":\"http:\/\/www.frederic-poitou.com\/blog\/wp-content\/2017\/11\/air.jpeg\",\"width\":616,\"height\":614},{\"@type\":\"BreadcrumbList\",\"@id\":\"https:\/\/www.frederic-poitou.com\/blog\/fond-de-lair-frais\/#breadcrumb\",\"itemListElement\":[{\"@type\":\"ListItem\",\"position\":1,\"name\":\"Accueil\",\"item\":\"https:\/\/www.frederic-poitou.com\/blog\/\"},{\"@type\":\"ListItem\",\"position\":2,\"name\":\"LE FOND DE L&rsquo;AIR EST FRAIS &#8230;\"}]},{\"@type\":\"WebSite\",\"@id\":\"https:\/\/www.frederic-poitou.com\/blog\/#website\",\"url\":\"https:\/\/www.frederic-poitou.com\/blog\/\",\"name\":\"\",\"description\":\"\",\"potentialAction\":[{\"@type\":\"SearchAction\",\"target\":{\"@type\":\"EntryPoint\",\"urlTemplate\":\"https:\/\/www.frederic-poitou.com\/blog\/?s={search_term_string}\"},\"query-input\":{\"@type\":\"PropertyValueSpecification\",\"valueRequired\":true,\"valueName\":\"search_term_string\"}}],\"inLanguage\":\"fr-FR\"},{\"@type\":\"Person\",\"@id\":\"https:\/\/www.frederic-poitou.com\/blog\/#\/schema\/person\/e2c2d05e978747818533fdce859a7799\",\"name\":\"Fr\u00e9d\u00e9ric Poitou\",\"image\":{\"@type\":\"ImageObject\",\"inLanguage\":\"fr-FR\",\"@id\":\"https:\/\/www.frederic-poitou.com\/blog\/#\/schema\/person\/image\/\",\"url\":\"https:\/\/secure.gravatar.com\/avatar\/1933bcca279a2feafd35d9e0a080c521e11beb51115fe4cfe02e2586ac13424a?s=96&d=mm&r=g\",\"contentUrl\":\"https:\/\/secure.gravatar.com\/avatar\/1933bcca279a2feafd35d9e0a080c521e11beb51115fe4cfe02e2586ac13424a?s=96&d=mm&r=g\",\"caption\":\"Fr\u00e9d\u00e9ric Poitou\"},\"description\":\"Fr\u00e9d\u00e9ric Poitou est n\u00e9 \u00e0 Rouen, et y a fait des \u00e9tudes au Conservatoire en musique-\u00e9tudes en section piano. Il s'est ensuite orient\u00e9 vers des \u00e9tudes scientifiques o\u00f9 il a obtenu un dipl\u00f4me d'ing\u00e9nieur, puis un doctorat en Chimie. Il est Expert Judiciaire en France, en Belgique et \u00e0 Luxembourg, et agr\u00e9e par les Institutions Europ\u00e9ennes.\",\"sameAs\":[\"http:\/\/www.frederic-poitou.com\",\"https:\/\/www.linkedin.com\/in\/frederic-poitou-b045a025\/\"]}]}<\/script>\n<!-- \/ Yoast SEO plugin. -->","yoast_head_json":{"title":"LE FOND DE L'AIR EST FRAIS ... -","robots":{"index":"index","follow":"follow","max-snippet":"max-snippet:-1","max-image-preview":"max-image-preview:large","max-video-preview":"max-video-preview:-1"},"canonical":"https:\/\/www.frederic-poitou.com\/blog\/fond-de-lair-frais\/","og_locale":"fr_FR","og_type":"article","og_title":"LE FOND DE L'AIR EST FRAIS ... -","og_description":"D\u00e9voil\u00e9e en marge de la COP23, une carte interactive\u00a0dont l&rsquo;UE est \u00e0 l&rsquo;initiative permet d\u00e9sormais de conna\u00eetre \u00e0 tout moment la qualit\u00e9 de l&rsquo;air \u00e0 travers l&rsquo;Europe, un outil pour tenter de mobiliser contre un \u00ab\u00a0tueur invisible\u00a0\u00bb qui cause plus &hellip; Lire la suite\u00ad\u00ad","og_url":"https:\/\/www.frederic-poitou.com\/blog\/fond-de-lair-frais\/","article_publisher":"https:\/\/www.facebook.com\/frederic.poitou\/","article_published_time":"2023-07-14T15:28:32+00:00","article_modified_time":"2026-04-21T19:23:05+00:00","og_image":[{"width":616,"height":614,"url":"https:\/\/www.frederic-poitou.com\/blog\/wp-content\/2017\/11\/air.jpeg","type":"image\/jpeg"}],"author":"Fr\u00e9d\u00e9ric Poitou","twitter_card":"summary_large_image","twitter_creator":"@fredericpoitou","twitter_site":"@fredericpoitou","twitter_misc":{"\u00c9crit par":"Fr\u00e9d\u00e9ric Poitou","Dur\u00e9e de lecture estim\u00e9e":"1 minute"},"schema":{"@context":"https:\/\/schema.org","@graph":[{"@type":"Article","@id":"https:\/\/www.frederic-poitou.com\/blog\/fond-de-lair-frais\/#article","isPartOf":{"@id":"https:\/\/www.frederic-poitou.com\/blog\/fond-de-lair-frais\/"},"author":{"name":"Fr\u00e9d\u00e9ric Poitou","@id":"https:\/\/www.frederic-poitou.com\/blog\/#\/schema\/person\/e2c2d05e978747818533fdce859a7799"},"headline":"LE FOND DE L&rsquo;AIR EST FRAIS &#8230;","datePublished":"2023-07-14T15:28:32+00:00","dateModified":"2026-04-21T19:23:05+00:00","mainEntityOfPage":{"@id":"https:\/\/www.frederic-poitou.com\/blog\/fond-de-lair-frais\/"},"wordCount":127,"image":{"@id":"https:\/\/www.frederic-poitou.com\/blog\/fond-de-lair-frais\/#primaryimage"},"thumbnailUrl":"http:\/\/www.frederic-poitou.com\/blog\/wp-content\/2017\/11\/air.jpeg","articleSection":["Ecologie","Europe"],"inLanguage":"fr-FR"},{"@type":"WebPage","@id":"https:\/\/www.frederic-poitou.com\/blog\/fond-de-lair-frais\/","url":"https:\/\/www.frederic-poitou.com\/blog\/fond-de-lair-frais\/","name":"LE FOND DE L'AIR EST FRAIS ... -","isPartOf":{"@id":"https:\/\/www.frederic-poitou.com\/blog\/#website"},"primaryImageOfPage":{"@id":"https:\/\/www.frederic-poitou.com\/blog\/fond-de-lair-frais\/#primaryimage"},"image":{"@id":"https:\/\/www.frederic-poitou.com\/blog\/fond-de-lair-frais\/#primaryimage"},"thumbnailUrl":"http:\/\/www.frederic-poitou.com\/blog\/wp-content\/2017\/11\/air.jpeg","datePublished":"2023-07-14T15:28:32+00:00","dateModified":"2026-04-21T19:23:05+00:00","author":{"@id":"https:\/\/www.frederic-poitou.com\/blog\/#\/schema\/person\/e2c2d05e978747818533fdce859a7799"},"breadcrumb":{"@id":"https:\/\/www.frederic-poitou.com\/blog\/fond-de-lair-frais\/#breadcrumb"},"inLanguage":"fr-FR","potentialAction":[{"@type":"ReadAction","target":["https:\/\/www.frederic-poitou.com\/blog\/fond-de-lair-frais\/"]}]},{"@type":"ImageObject","inLanguage":"fr-FR","@id":"https:\/\/www.frederic-poitou.com\/blog\/fond-de-lair-frais\/#primaryimage","url":"http:\/\/www.frederic-poitou.com\/blog\/wp-content\/2017\/11\/air.jpeg","contentUrl":"http:\/\/www.frederic-poitou.com\/blog\/wp-content\/2017\/11\/air.jpeg","width":616,"height":614},{"@type":"BreadcrumbList","@id":"https:\/\/www.frederic-poitou.com\/blog\/fond-de-lair-frais\/#breadcrumb","itemListElement":[{"@type":"ListItem","position":1,"name":"Accueil","item":"https:\/\/www.frederic-poitou.com\/blog\/"},{"@type":"ListItem","position":2,"name":"LE FOND DE L&rsquo;AIR EST FRAIS &#8230;"}]},{"@type":"WebSite","@id":"https:\/\/www.frederic-poitou.com\/blog\/#website","url":"https:\/\/www.frederic-poitou.com\/blog\/","name":"","description":"","potentialAction":[{"@type":"SearchAction","target":{"@type":"EntryPoint","urlTemplate":"https:\/\/www.frederic-poitou.com\/blog\/?s={search_term_string}"},"query-input":{"@type":"PropertyValueSpecification","valueRequired":true,"valueName":"search_term_string"}}],"inLanguage":"fr-FR"},{"@type":"Person","@id":"https:\/\/www.frederic-poitou.com\/blog\/#\/schema\/person\/e2c2d05e978747818533fdce859a7799","name":"Fr\u00e9d\u00e9ric Poitou","image":{"@type":"ImageObject","inLanguage":"fr-FR","@id":"https:\/\/www.frederic-poitou.com\/blog\/#\/schema\/person\/image\/","url":"https:\/\/secure.gravatar.com\/avatar\/1933bcca279a2feafd35d9e0a080c521e11beb51115fe4cfe02e2586ac13424a?s=96&d=mm&r=g","contentUrl":"https:\/\/secure.gravatar.com\/avatar\/1933bcca279a2feafd35d9e0a080c521e11beb51115fe4cfe02e2586ac13424a?s=96&d=mm&r=g","caption":"Fr\u00e9d\u00e9ric Poitou"},"description":"Fr\u00e9d\u00e9ric Poitou est n\u00e9 \u00e0 Rouen, et y a fait des \u00e9tudes au Conservatoire en musique-\u00e9tudes en section piano. Il s'est ensuite orient\u00e9 vers des \u00e9tudes scientifiques o\u00f9 il a obtenu un dipl\u00f4me d'ing\u00e9nieur, puis un doctorat en Chimie. Il est Expert Judiciaire en France, en Belgique et \u00e0 Luxembourg, et agr\u00e9e par les Institutions Europ\u00e9ennes.","sameAs":["http:\/\/www.frederic-poitou.com","https:\/\/www.linkedin.com\/in\/frederic-poitou-b045a025\/"]}]}},"_links":{"self":[{"href":"http:\/\/www.frederic-poitou.com\/blog\/wp-json\/wp\/v2\/posts\/7302","targetHints":{"allow":["GET"]}}],"collection":[{"href":"http:\/\/www.frederic-poitou.com\/blog\/wp-json\/wp\/v2\/posts"}],"about":[{"href":"http:\/\/www.frederic-poitou.com\/blog\/wp-json\/wp\/v2\/types\/post"}],"author":[{"embeddable":true,"href":"http:\/\/www.frederic-poitou.com\/blog\/wp-json\/wp\/v2\/users\/4"}],"replies":[{"embeddable":true,"href":"http:\/\/www.frederic-poitou.com\/blog\/wp-json\/wp\/v2\/comments?post=7302"}],"version-history":[{"count":1,"href":"http:\/\/www.frederic-poitou.com\/blog\/wp-json\/wp\/v2\/posts\/7302\/revisions"}],"predecessor-version":[{"id":10336,"href":"http:\/\/www.frederic-poitou.com\/blog\/wp-json\/wp\/v2\/posts\/7302\/revisions\/10336"}],"wp:featuredmedia":[{"embeddable":true,"href":"http:\/\/www.frederic-poitou.com\/blog\/wp-json\/wp\/v2\/media\/7303"}],"wp:attachment":[{"href":"http:\/\/www.frederic-poitou.com\/blog\/wp-json\/wp\/v2\/media?parent=7302"}],"wp:term":[{"taxonomy":"category","embeddable":true,"href":"http:\/\/www.frederic-poitou.com\/blog\/wp-json\/wp\/v2\/categories?post=7302"},{"taxonomy":"post_tag","embeddable":true,"href":"http:\/\/www.frederic-poitou.com\/blog\/wp-json\/wp\/v2\/tags?post=7302"}],"curies":[{"name":"wp","href":"https:\/\/api.w.org\/{rel}","templated":true}]}}