{"id":7289,"date":"2023-07-14T12:04:32","date_gmt":"2023-07-14T10:04:32","guid":{"rendered":"http:\/\/www.frederic-poitou.com\/blog\/?p=7289"},"modified":"2026-04-18T08:37:38","modified_gmt":"2026-04-18T06:37:38","slug":"11-novembre-armees-dafrique","status":"publish","type":"post","link":"http:\/\/www.frederic-poitou.com\/blog\/11-novembre-armees-dafrique\/","title":{"rendered":"11 NOVEMBRE ET ARM\u00c9ES D&rsquo;AFRIQUE"},"content":{"rendered":"<p>Devant les profanations r\u00e9p\u00e9t\u00e9es des tombes de ces soldats, le racisme, les discriminations, l&rsquo;islamophobie, l&rsquo;antis\u00e9mitisme et les exclusions de toutes sortes qui envahissent notre soci\u00e9t\u00e9 et devant les troubles internationaux, il est crucial de faire appel \u00e0 la m\u00e9moire et au souvenir de l\u2019Histoire de France.<\/p>\n<p>En photo : Les tirailleurs tunisiens, marocains, alg\u00e9riens, s\u00e9n\u00e9galais, les zouaves et l&rsquo;ossuaire de Douaumont.<\/p>\n<p>L&rsquo;Arm\u00e9e d&rsquo;Afrique et l&rsquo;Armistice du 11 novembre 1918 :<br \/>\nLe 11 novembre 2016 marque le 98\u00e8me anniversaire de l&rsquo;armistice de la terrible guerre mondiale qui avait d\u00e9but\u00e9 il y a 102 ans en 1914. Beaucoup de nos concitoyens, particuli\u00e8rement les nouvelles g\u00e9n\u00e9rations, ignorent le r\u00f4le et l\u2019immense sacrifice des soldats africains, lors de la premi\u00e8re guerre mondiale. Ces soldats \u00ab indig\u00e8nes \u00bb en grande majorit\u00e9 musulmans constituaient le fer de lance de l\u2019Arm\u00e9e d\u2019Afrique. C&rsquo;est ainsi, qu&rsquo;\u00e9trangement, vont participer \u00e0 la premi\u00e8re guerre mondiale en Europe des indig\u00e8nes africains \u00e0 qui on avait pourtant vant\u00e9 la \u00ab\u00a0haute sup\u00e9riorit\u00e9 de la race blanche\u00a0\u00bb! Ils seront m\u00eal\u00e9s aux batailles et aux massacres les plus terrifiants entre \u00ab\u00a0blancs\u00a0\u00bb et ils vont d\u00e9couvrir la folie auto destructrice de cette \u00ab\u00a0civilisation avanc\u00e9e\u00a0\u00bb. Leurs r\u00e9giments se verront plusieurs fois d\u00e9cim\u00e9s et \u00e0 chaque fois reconstitu\u00e9s. Cependant, hormis quelques rappels \u00e9parses aucune c\u00e9r\u00e9monie sp\u00e9cifique et r\u00e9guli\u00e8re ne comm\u00e9more leur participation \u00e0 ce conflit de la premi\u00e8re guerre mondiale. Pourtant ces \u00ab\u00a0oubli\u00e9s\u00a0\u00bb de l\u2019Histoire ont contribu\u00e9 \u00e0 marquer le cours des \u00e9v\u00e9nements mondiaux, des hommes auxquels la France et l\u2019Occident doivent beaucoup.<\/p>\n<p>Naissance de l&rsquo;Arm\u00e9e d&rsquo;Afrique :<br \/>\nL&rsquo;Arm\u00e9e d\u2019Afrique est n\u00e9e en Alg\u00e9rie. La plus ancienne unit\u00e9 est celle des Zouaves, viendront ensuite les Spahis, les R\u00e9giments de Tirailleurs, les Goumiers, les Chasseurs d\u2019Afrique sans oublier la L\u00e9gion Etrang\u00e8re cr\u00e9\u00e9e \u00e0 Sidi-Bel-Abb\u00e9s.<\/p>\n<p>Tirailleurs alg\u00e9riens:<br \/>\nLes soldats africains sont engag\u00e9s \u00e0 partir du Second Empire dans de nombreux conflits : &#8211; Campagne de Crim\u00e9e1854-1856; &#8211; Campagne d\u2019Italie 1859; &#8211; Guerre de 1870-1871.<\/p>\n<p>&#8211; Ils participeront en grand nombre aux deux guerres mondiales celle de 1914-1918 et celle de 1939-1945 et serviront encore en Indochine et en Alg\u00e9rie.<\/p>\n<p>Durant ses 130 ann\u00e9es d\u2019existence de 1832 \u00e0 1962, que ce soit sous la Monarchie, le Second Empire ou la R\u00e9publique et m\u00eame quand la France paraissait r\u00e9duite, occup\u00e9e, humili\u00e9e, l\u2019Arm\u00e9e d\u2019Afrique lui est demeur\u00e9e fid\u00e8le. Elle a vaillamment soutenu plusieurs guerres notamment quand la France fut envahie en 1870, 1914 et 1940. A travers victoires et d\u00e9sastres, querelles intestines et changements institutionnels en m\u00e9tropole, l\u2019Arm\u00e9e d\u2019Afrique a toujours \u00e9t\u00e9 l\u2019ossature militaire de la France. L\u2019ensemble de ces guerres a co\u00fbt\u00e9 un million de vies humaines \u00e0 l\u2019Arm\u00e9e d\u2019Afrique*. Pourtant aujourd\u2019hui encore, tout \u00e9colier fran\u00e7ais qui feuillette des manuels scolaires d\u2019histoire n\u2019en trouvera gu\u00e8re qui mentionnent leurs noms.<\/p>\n<p>L&rsquo;Arm\u00e9e d&rsquo;Afrique durant la premi\u00e8re guerre mondiale de 1914\/1918<\/p>\n<p>Il ne s\u2019agit pas ici de refaire l\u2019histoire de ces r\u00e9giments d\u2019Afrique mais de rappeler sommairement leur participation \u00e0 la \u00ab\u00a0der des ders\u00a0\u00bb.<\/p>\n<p>Les soldats africains sont engag\u00e9s d\u00e8s le d\u00e9part en Ao\u00fbt 1914. Pas moins de 32 bataillons sur 40 existants en Afrique du Nord avaient \u00e9t\u00e9 envoy\u00e9s en France.<\/p>\n<p>Les Zouaves, les Tirailleurs, aux costumes color\u00e9s, d\u00e9filent dans Paris au rythme de la \u00ab\u00a0Nouba\u00a0\u00bb pour donner confiance aux Parisiens. Mais rapidement ils sont lanc\u00e9s dans les combats o\u00f9 ils ont largement d\u00e9pass\u00e9 les esp\u00e9rances qu\u2019on avait pu fonder sur eux. Leur h\u00e9ro\u00efsme \u00e9vita un plus grand d\u00e9sastre. Mettant fin \u00e0 la dure retraite de 300km des troupes fran\u00e7aises, ils respect\u00e8rent sans faille l\u2019ordre du g\u00e9n\u00e9ral Joffre avant la bataille de la Marne : \u00ab\u00a0Une troupe, qui ne peut plus avancer devra, co\u00fbte que co\u00fbte, garder le terrain conquis et se faire tuer sur place plut\u00f4t que de reculer.\u00a0\u00bb*.<\/p>\n<p>Sur la Marne, les soldats de l\u2019Arm\u00e9e d\u2019Afrique essuient les premiers coups de feu et ils furent engag\u00e9s dans cette terrible bataille: \u00ab\u00a0En sp\u00e9culant uniquement sur leur bravoure et leur esprit de sacrifice, sans leur accorder le soutien d\u2019un seul groupe d\u2019Artillerie de campagne.\u00a0\u00bb (G\u00e9n\u00e9ral Joffre)*.<\/p>\n<p>Leur discipline, leur bravoure, leur sacrifice contraignent l\u2019arm\u00e9e de Von Kl\u00fcck \u00e0 faire demi-tour et \u00e0 abandonner la prise de Paris alors qu\u2019elle ne se trouvait plus qu\u2019\u00e0 40km de la capitale. C\u2019est la premi\u00e8re retraite de l\u2019arm\u00e9e allemande. La bataille de la Marne est gagn\u00e9e. Les forces de l\u2019Arm\u00e9e d\u2019Afrique ont cruellement souffert des h\u00e9catombes. Le chef allemand Von Kl\u00fcck \u00e9crira dans ses m\u00e9moires: \u00ab\u00a0Que des hommes couch\u00e9s parterre et \u00e0 demi morts de fatigue puissent reprendre le fusil et attaquer au son du clairon, c\u2019est l\u00e0 une chose avec laquelle nous n\u2019avions jamais appris \u00e0 compter, une possibilit\u00e9 dont il n\u2019a jamais \u00e9t\u00e9 question dans nos \u00e9coles de guerres.\u00a0\u00bb*.<\/p>\n<p>Apr\u00e8s la Marne et l\u2019Yser les r\u00e9giments d\u2019Afrique sont de toutes les offensives : Artois mai et juin 1915; Champagne 25 septembre 1915; La Somme 1916; Verdun 24 octobre et 15 d\u00e9cembre 1916, et 20 ao\u00fbt1917; La Malmaison octobre1917; puis en 1918 de toutes les batailles de la campagne de France.<\/p>\n<p>Sur le Chemin des Dames, et \u00e0 Verdun, les actions de l\u2019Arm\u00e9e d\u2019Afrique furent glorieuses.<\/p>\n<p>En 1916 nous assistons \u00e0 la premi\u00e8re d\u00e9faite allemande, le Fort de Douaumont est repris par le R\u00e9giment d\u2019Infanterie Colonial du Maroc, le 4\u00e8me R\u00e9giment de Zouaves, le 4\u00e8me R\u00e9giment Mixtes de Zouaves et Tirailleurs et le 8\u00e8me R\u00e9giment de Tirailleurs Alg\u00e9riens.<\/p>\n<p>Le P\u00e8re Teilhard de Chardin, jeune brancardier au 8\u00e8me R.T.A a jug\u00e9 cette bataille en se demandant: \u00ab\u00a0Je ne sais par quelle esp\u00e8ce de monument le pays \u00e9l\u00e8vera plus tard en souvenir de cette lutte.\u00a0\u00bb*.<\/p>\n<p>Bien que les chiffres ne soient pas tr\u00e8s pr\u00e9cis, sur les 475000 hommes de l\u2019Arm\u00e9e d\u2019Afrique pr\u00e8s de 200000 \u00e9taient des musulmans d\u2019Alg\u00e9rie, 50000 tunisiens, 35000 marocains, 130000 s\u00e9n\u00e9galais, 30000 malgaches, 40000 indochinois et 3000 somalis.<\/p>\n<p>Pour les seules pertes alg\u00e9riennes on parle de 56000 morts, 80000 bless\u00e9s et 9000 mutil\u00e9s*.<\/p>\n<p>Il se peut m\u00eame que le soldat inconnu reposant sous l\u2019Arc de Triomphe soit l\u2019un d\u2019eux.<\/p>\n<p>A la fin de la premi\u00e8re guerre mondiale, \u00e0 laquelle pris part l\u2019\u00e9mir Khaled officier saint-cyrien et petit fils de l\u2019\u00e9mir Abdelkader, les embl\u00e8mes de l\u2019Arm\u00e9e d\u2019Afrique, brillaient d\u2019honneur bien gagn\u00e9s : les 10 palmes, la fourrag\u00e8re double rouge et verte m\u00e9rit\u00e9es par le R\u00e9giment d\u2019Infanterie Coloniale du Maroc en faisait du fameux r\u00e9giment RICM le plus d\u00e9cor\u00e9 de France. Puis sur les 21 r\u00e9giments s\u2019\u00e9tant vus d\u00e9cern\u00e9s 6 citations \u00e0 l\u2019ordre de l\u2019arm\u00e9e, pendant la guerre 14-18, on trouve 9 corps de l\u2019Arm\u00e9e d\u2019Afrique.<\/p>\n<p>Rappeler cette histoire et l&rsquo;enseigner :<br \/>\nMalheureusement, cette histoire, qui appartient \u00e0 la m\u00e9moire collective, reste m\u00e9connue et n\u2019est toujours pas v\u00e9ritablement enseign\u00e9e. Pourtant, la France doit remplir ses obligations \u00e0 l\u2019\u00e9gard de ceux qui l\u2019ont servi avec honneur au prix de leurs vies. Un pays quel qu\u2019il soit est comptable des souffrances et des sacrifices qu\u2019il impose \u00e0 ses citoyens.<\/p>\n<p>La comm\u00e9moration des soldats de l\u2019Arm\u00e9e d\u2019Afrique devrait s\u2019inscrire dans les traditions de la R\u00e9publique car elle rappellera \u00e0 la Nation que la pr\u00e9sence et l\u2019origine des musulmans de France est fort ancienne et qu\u2019ils ont rempli \u00e0 son \u00e9gard les obligations les plus terribles, mais aussi les plus nobles, celles des sacrifices et du sang vers\u00e9 pour sa libert\u00e9.<\/p>\n<p>Il aura fallu attendre 90 ans apr\u00e8s la terrible bataille de 1916 pour que soit inaugur\u00e9 en juin 2006 un monument \u00e0 Verdun en hommage aux soldats musulmans.<\/p>\n<p>Ce n&rsquo;est aussi qu&rsquo;en 2006 qu&rsquo;a \u00e9t\u00e9 officialis\u00e9 une aum\u00f4nerie musulmane. Celle-ci s\u2019inscrivait pourtant dans l\u2019histoire et la tradition militaire fran\u00e7aise car elle \u00e9tait pratiqu\u00e9e par des soldats musulmans instruits en religion m\u00eame s&rsquo;ils n&rsquo;appartenaient \u00e0 la cat\u00e9gorie des aum\u00f4niers et qu&rsquo;ils n&rsquo;avaient pas de signe distinctif religieux.<\/p>\n<p>Ce n&rsquo;est \u00e9galement que 90 ans apr\u00e8s les effroyables h\u00e9catombes de 1917 qu&rsquo;un monument en l\u2019honneur des tirailleurs s\u00e9n\u00e9galais a vu le jour en septembre 2007 sur le site du Chemin des Dames. Ces \u00e9v\u00e9nements majeurs de 2006 et de 2007 ont eu pour m\u00e9rite de rafra\u00eechir la m\u00e9moire collective et de rappeler \u00e0 la Nation le souvenir de la glorieuse Arm\u00e9e d\u2019Afrique.<\/p>\n<p>Le G\u00e9n\u00e9ral De Montsabert a \u00e9crit \u00e0 propos de l\u2019Arm\u00e9e d\u2019Afrique: \u00ab\u00a0C\u2019est une \u0153uvre dont nous serons \u00e9ternellement fiers.\u00a0\u00bb*.<\/p>\n<p>*L\u2019Arm\u00e9e d\u2019Afrique 1830-1962. G\u00e9n\u00e9ral R.Hur\u00e9, Editeur Charles Lavauzelle -Paris 1977.<\/p>\n<p>Merci \u00e0 @Ch\u00e9rif Loun\u00e8s, universitaire, r\u00e9serviste, fils d&rsquo;un ancien combattant de l&rsquo;Arm\u00e9 d&rsquo;Afrique 1939\/45.<\/p>\n","protected":false},"excerpt":{"rendered":"<p>Devant les profanations r\u00e9p\u00e9t\u00e9es des tombes de ces soldats, le racisme, les discriminations, l&rsquo;islamophobie, l&rsquo;antis\u00e9mitisme et les exclusions de toutes sortes qui envahissent notre soci\u00e9t\u00e9 et devant les troubles internationaux, il est crucial de faire appel \u00e0 la m\u00e9moire et &hellip; <a href=\"http:\/\/www.frederic-poitou.com\/blog\/11-novembre-armees-dafrique\/\">Lire la suite\u00ad\u00ad<\/a><\/p>\n","protected":false},"author":4,"featured_media":7290,"comment_status":"closed","ping_status":"open","sticky":false,"template":"","format":"standard","meta":{"kt_blocks_editor_width":"","_exactmetrics_skip_tracking":false,"_exactmetrics_sitenote_active":false,"_exactmetrics_sitenote_note":"","_exactmetrics_sitenote_category":0,"footnotes":""},"categories":[48,54],"tags":[],"class_list":["post-7289","post","type-post","status-publish","format-standard","has-post-thumbnail","hentry","category-accueil","category-societe"],"yoast_head":"<!-- This site is optimized with the Yoast SEO plugin v27.1.1 - https:\/\/yoast.com\/product\/yoast-seo-wordpress\/ -->\n<title>11 NOVEMBRE ET ARM\u00c9ES D&#039;AFRIQUE -<\/title>\n<meta name=\"robots\" content=\"index, follow, max-snippet:-1, max-image-preview:large, max-video-preview:-1\" \/>\n<link rel=\"canonical\" href=\"https:\/\/www.frederic-poitou.com\/blog\/11-novembre-armees-dafrique\/\" \/>\n<meta property=\"og:locale\" content=\"fr_FR\" \/>\n<meta property=\"og:type\" content=\"article\" \/>\n<meta property=\"og:title\" content=\"11 NOVEMBRE ET ARM\u00c9ES D&#039;AFRIQUE -\" \/>\n<meta property=\"og:description\" content=\"Devant les profanations r\u00e9p\u00e9t\u00e9es des tombes de ces soldats, le racisme, les discriminations, l&rsquo;islamophobie, l&rsquo;antis\u00e9mitisme et les exclusions de toutes sortes qui envahissent notre soci\u00e9t\u00e9 et devant les troubles internationaux, il est crucial de faire appel \u00e0 la m\u00e9moire et &hellip; Lire la suite\u00ad\u00ad\" \/>\n<meta property=\"og:url\" content=\"https:\/\/www.frederic-poitou.com\/blog\/11-novembre-armees-dafrique\/\" \/>\n<meta property=\"article:publisher\" content=\"https:\/\/www.facebook.com\/frederic.poitou\/\" \/>\n<meta property=\"article:published_time\" content=\"2023-07-14T10:04:32+00:00\" \/>\n<meta property=\"article:modified_time\" content=\"2026-04-18T06:37:38+00:00\" \/>\n<meta property=\"og:image\" content=\"https:\/\/www.frederic-poitou.com\/blog\/wp-content\/2017\/11\/15000118_1648178755479885_7575323769503740325_o.jpg\" \/>\n\t<meta property=\"og:image:width\" content=\"1372\" \/>\n\t<meta property=\"og:image:height\" content=\"887\" \/>\n\t<meta property=\"og:image:type\" content=\"image\/jpeg\" \/>\n<meta name=\"author\" content=\"Fr\u00e9d\u00e9ric Poitou\" \/>\n<meta name=\"twitter:card\" content=\"summary_large_image\" \/>\n<meta name=\"twitter:creator\" content=\"@fredericpoitou\" \/>\n<meta name=\"twitter:site\" content=\"@fredericpoitou\" \/>\n<meta name=\"twitter:label1\" content=\"\u00c9crit par\" \/>\n\t<meta name=\"twitter:data1\" content=\"Fr\u00e9d\u00e9ric Poitou\" \/>\n\t<meta name=\"twitter:label2\" content=\"Dur\u00e9e de lecture estim\u00e9e\" \/>\n\t<meta name=\"twitter:data2\" content=\"8 minutes\" \/>\n<script type=\"application\/ld+json\" class=\"yoast-schema-graph\">{\"@context\":\"https:\/\/schema.org\",\"@graph\":[{\"@type\":\"Article\",\"@id\":\"https:\/\/www.frederic-poitou.com\/blog\/11-novembre-armees-dafrique\/#article\",\"isPartOf\":{\"@id\":\"https:\/\/www.frederic-poitou.com\/blog\/11-novembre-armees-dafrique\/\"},\"author\":{\"name\":\"Fr\u00e9d\u00e9ric Poitou\",\"@id\":\"https:\/\/www.frederic-poitou.com\/blog\/#\/schema\/person\/e2c2d05e978747818533fdce859a7799\"},\"headline\":\"11 NOVEMBRE ET ARM\u00c9ES D&rsquo;AFRIQUE\",\"datePublished\":\"2023-07-14T10:04:32+00:00\",\"dateModified\":\"2026-04-18T06:37:38+00:00\",\"mainEntityOfPage\":{\"@id\":\"https:\/\/www.frederic-poitou.com\/blog\/11-novembre-armees-dafrique\/\"},\"wordCount\":1564,\"image\":{\"@id\":\"https:\/\/www.frederic-poitou.com\/blog\/11-novembre-armees-dafrique\/#primaryimage\"},\"thumbnailUrl\":\"http:\/\/www.frederic-poitou.com\/blog\/wp-content\/2017\/11\/15000118_1648178755479885_7575323769503740325_o.jpg\",\"articleSection\":[\"Accueil\",\"Soci\u00e9t\u00e9\"],\"inLanguage\":\"fr-FR\"},{\"@type\":\"WebPage\",\"@id\":\"https:\/\/www.frederic-poitou.com\/blog\/11-novembre-armees-dafrique\/\",\"url\":\"https:\/\/www.frederic-poitou.com\/blog\/11-novembre-armees-dafrique\/\",\"name\":\"11 NOVEMBRE ET ARM\u00c9ES D'AFRIQUE -\",\"isPartOf\":{\"@id\":\"https:\/\/www.frederic-poitou.com\/blog\/#website\"},\"primaryImageOfPage\":{\"@id\":\"https:\/\/www.frederic-poitou.com\/blog\/11-novembre-armees-dafrique\/#primaryimage\"},\"image\":{\"@id\":\"https:\/\/www.frederic-poitou.com\/blog\/11-novembre-armees-dafrique\/#primaryimage\"},\"thumbnailUrl\":\"http:\/\/www.frederic-poitou.com\/blog\/wp-content\/2017\/11\/15000118_1648178755479885_7575323769503740325_o.jpg\",\"datePublished\":\"2023-07-14T10:04:32+00:00\",\"dateModified\":\"2026-04-18T06:37:38+00:00\",\"author\":{\"@id\":\"https:\/\/www.frederic-poitou.com\/blog\/#\/schema\/person\/e2c2d05e978747818533fdce859a7799\"},\"breadcrumb\":{\"@id\":\"https:\/\/www.frederic-poitou.com\/blog\/11-novembre-armees-dafrique\/#breadcrumb\"},\"inLanguage\":\"fr-FR\",\"potentialAction\":[{\"@type\":\"ReadAction\",\"target\":[\"https:\/\/www.frederic-poitou.com\/blog\/11-novembre-armees-dafrique\/\"]}]},{\"@type\":\"ImageObject\",\"inLanguage\":\"fr-FR\",\"@id\":\"https:\/\/www.frederic-poitou.com\/blog\/11-novembre-armees-dafrique\/#primaryimage\",\"url\":\"http:\/\/www.frederic-poitou.com\/blog\/wp-content\/2017\/11\/15000118_1648178755479885_7575323769503740325_o.jpg\",\"contentUrl\":\"http:\/\/www.frederic-poitou.com\/blog\/wp-content\/2017\/11\/15000118_1648178755479885_7575323769503740325_o.jpg\",\"width\":1372,\"height\":887},{\"@type\":\"BreadcrumbList\",\"@id\":\"https:\/\/www.frederic-poitou.com\/blog\/11-novembre-armees-dafrique\/#breadcrumb\",\"itemListElement\":[{\"@type\":\"ListItem\",\"position\":1,\"name\":\"Accueil\",\"item\":\"https:\/\/www.frederic-poitou.com\/blog\/\"},{\"@type\":\"ListItem\",\"position\":2,\"name\":\"11 NOVEMBRE ET ARM\u00c9ES D&rsquo;AFRIQUE\"}]},{\"@type\":\"WebSite\",\"@id\":\"https:\/\/www.frederic-poitou.com\/blog\/#website\",\"url\":\"https:\/\/www.frederic-poitou.com\/blog\/\",\"name\":\"\",\"description\":\"\",\"potentialAction\":[{\"@type\":\"SearchAction\",\"target\":{\"@type\":\"EntryPoint\",\"urlTemplate\":\"https:\/\/www.frederic-poitou.com\/blog\/?s={search_term_string}\"},\"query-input\":{\"@type\":\"PropertyValueSpecification\",\"valueRequired\":true,\"valueName\":\"search_term_string\"}}],\"inLanguage\":\"fr-FR\"},{\"@type\":\"Person\",\"@id\":\"https:\/\/www.frederic-poitou.com\/blog\/#\/schema\/person\/e2c2d05e978747818533fdce859a7799\",\"name\":\"Fr\u00e9d\u00e9ric Poitou\",\"image\":{\"@type\":\"ImageObject\",\"inLanguage\":\"fr-FR\",\"@id\":\"https:\/\/www.frederic-poitou.com\/blog\/#\/schema\/person\/image\/\",\"url\":\"https:\/\/secure.gravatar.com\/avatar\/1933bcca279a2feafd35d9e0a080c521e11beb51115fe4cfe02e2586ac13424a?s=96&d=mm&r=g\",\"contentUrl\":\"https:\/\/secure.gravatar.com\/avatar\/1933bcca279a2feafd35d9e0a080c521e11beb51115fe4cfe02e2586ac13424a?s=96&d=mm&r=g\",\"caption\":\"Fr\u00e9d\u00e9ric Poitou\"},\"description\":\"Fr\u00e9d\u00e9ric Poitou est n\u00e9 \u00e0 Rouen, et y a fait des \u00e9tudes au Conservatoire en musique-\u00e9tudes en section piano. Il s'est ensuite orient\u00e9 vers des \u00e9tudes scientifiques o\u00f9 il a obtenu un dipl\u00f4me d'ing\u00e9nieur, puis un doctorat en Chimie. Il est Expert Judiciaire en France, en Belgique et \u00e0 Luxembourg, et agr\u00e9e par les Institutions Europ\u00e9ennes.\",\"sameAs\":[\"http:\/\/www.frederic-poitou.com\",\"https:\/\/www.linkedin.com\/in\/frederic-poitou-b045a025\/\"]}]}<\/script>\n<!-- \/ Yoast SEO plugin. -->","yoast_head_json":{"title":"11 NOVEMBRE ET ARM\u00c9ES D'AFRIQUE -","robots":{"index":"index","follow":"follow","max-snippet":"max-snippet:-1","max-image-preview":"max-image-preview:large","max-video-preview":"max-video-preview:-1"},"canonical":"https:\/\/www.frederic-poitou.com\/blog\/11-novembre-armees-dafrique\/","og_locale":"fr_FR","og_type":"article","og_title":"11 NOVEMBRE ET ARM\u00c9ES D'AFRIQUE -","og_description":"Devant les profanations r\u00e9p\u00e9t\u00e9es des tombes de ces soldats, le racisme, les discriminations, l&rsquo;islamophobie, l&rsquo;antis\u00e9mitisme et les exclusions de toutes sortes qui envahissent notre soci\u00e9t\u00e9 et devant les troubles internationaux, il est crucial de faire appel \u00e0 la m\u00e9moire et &hellip; Lire la suite\u00ad\u00ad","og_url":"https:\/\/www.frederic-poitou.com\/blog\/11-novembre-armees-dafrique\/","article_publisher":"https:\/\/www.facebook.com\/frederic.poitou\/","article_published_time":"2023-07-14T10:04:32+00:00","article_modified_time":"2026-04-18T06:37:38+00:00","og_image":[{"width":1372,"height":887,"url":"https:\/\/www.frederic-poitou.com\/blog\/wp-content\/2017\/11\/15000118_1648178755479885_7575323769503740325_o.jpg","type":"image\/jpeg"}],"author":"Fr\u00e9d\u00e9ric Poitou","twitter_card":"summary_large_image","twitter_creator":"@fredericpoitou","twitter_site":"@fredericpoitou","twitter_misc":{"\u00c9crit par":"Fr\u00e9d\u00e9ric Poitou","Dur\u00e9e de lecture estim\u00e9e":"8 minutes"},"schema":{"@context":"https:\/\/schema.org","@graph":[{"@type":"Article","@id":"https:\/\/www.frederic-poitou.com\/blog\/11-novembre-armees-dafrique\/#article","isPartOf":{"@id":"https:\/\/www.frederic-poitou.com\/blog\/11-novembre-armees-dafrique\/"},"author":{"name":"Fr\u00e9d\u00e9ric Poitou","@id":"https:\/\/www.frederic-poitou.com\/blog\/#\/schema\/person\/e2c2d05e978747818533fdce859a7799"},"headline":"11 NOVEMBRE ET ARM\u00c9ES D&rsquo;AFRIQUE","datePublished":"2023-07-14T10:04:32+00:00","dateModified":"2026-04-18T06:37:38+00:00","mainEntityOfPage":{"@id":"https:\/\/www.frederic-poitou.com\/blog\/11-novembre-armees-dafrique\/"},"wordCount":1564,"image":{"@id":"https:\/\/www.frederic-poitou.com\/blog\/11-novembre-armees-dafrique\/#primaryimage"},"thumbnailUrl":"http:\/\/www.frederic-poitou.com\/blog\/wp-content\/2017\/11\/15000118_1648178755479885_7575323769503740325_o.jpg","articleSection":["Accueil","Soci\u00e9t\u00e9"],"inLanguage":"fr-FR"},{"@type":"WebPage","@id":"https:\/\/www.frederic-poitou.com\/blog\/11-novembre-armees-dafrique\/","url":"https:\/\/www.frederic-poitou.com\/blog\/11-novembre-armees-dafrique\/","name":"11 NOVEMBRE ET ARM\u00c9ES D'AFRIQUE -","isPartOf":{"@id":"https:\/\/www.frederic-poitou.com\/blog\/#website"},"primaryImageOfPage":{"@id":"https:\/\/www.frederic-poitou.com\/blog\/11-novembre-armees-dafrique\/#primaryimage"},"image":{"@id":"https:\/\/www.frederic-poitou.com\/blog\/11-novembre-armees-dafrique\/#primaryimage"},"thumbnailUrl":"http:\/\/www.frederic-poitou.com\/blog\/wp-content\/2017\/11\/15000118_1648178755479885_7575323769503740325_o.jpg","datePublished":"2023-07-14T10:04:32+00:00","dateModified":"2026-04-18T06:37:38+00:00","author":{"@id":"https:\/\/www.frederic-poitou.com\/blog\/#\/schema\/person\/e2c2d05e978747818533fdce859a7799"},"breadcrumb":{"@id":"https:\/\/www.frederic-poitou.com\/blog\/11-novembre-armees-dafrique\/#breadcrumb"},"inLanguage":"fr-FR","potentialAction":[{"@type":"ReadAction","target":["https:\/\/www.frederic-poitou.com\/blog\/11-novembre-armees-dafrique\/"]}]},{"@type":"ImageObject","inLanguage":"fr-FR","@id":"https:\/\/www.frederic-poitou.com\/blog\/11-novembre-armees-dafrique\/#primaryimage","url":"http:\/\/www.frederic-poitou.com\/blog\/wp-content\/2017\/11\/15000118_1648178755479885_7575323769503740325_o.jpg","contentUrl":"http:\/\/www.frederic-poitou.com\/blog\/wp-content\/2017\/11\/15000118_1648178755479885_7575323769503740325_o.jpg","width":1372,"height":887},{"@type":"BreadcrumbList","@id":"https:\/\/www.frederic-poitou.com\/blog\/11-novembre-armees-dafrique\/#breadcrumb","itemListElement":[{"@type":"ListItem","position":1,"name":"Accueil","item":"https:\/\/www.frederic-poitou.com\/blog\/"},{"@type":"ListItem","position":2,"name":"11 NOVEMBRE ET ARM\u00c9ES D&rsquo;AFRIQUE"}]},{"@type":"WebSite","@id":"https:\/\/www.frederic-poitou.com\/blog\/#website","url":"https:\/\/www.frederic-poitou.com\/blog\/","name":"","description":"","potentialAction":[{"@type":"SearchAction","target":{"@type":"EntryPoint","urlTemplate":"https:\/\/www.frederic-poitou.com\/blog\/?s={search_term_string}"},"query-input":{"@type":"PropertyValueSpecification","valueRequired":true,"valueName":"search_term_string"}}],"inLanguage":"fr-FR"},{"@type":"Person","@id":"https:\/\/www.frederic-poitou.com\/blog\/#\/schema\/person\/e2c2d05e978747818533fdce859a7799","name":"Fr\u00e9d\u00e9ric Poitou","image":{"@type":"ImageObject","inLanguage":"fr-FR","@id":"https:\/\/www.frederic-poitou.com\/blog\/#\/schema\/person\/image\/","url":"https:\/\/secure.gravatar.com\/avatar\/1933bcca279a2feafd35d9e0a080c521e11beb51115fe4cfe02e2586ac13424a?s=96&d=mm&r=g","contentUrl":"https:\/\/secure.gravatar.com\/avatar\/1933bcca279a2feafd35d9e0a080c521e11beb51115fe4cfe02e2586ac13424a?s=96&d=mm&r=g","caption":"Fr\u00e9d\u00e9ric Poitou"},"description":"Fr\u00e9d\u00e9ric Poitou est n\u00e9 \u00e0 Rouen, et y a fait des \u00e9tudes au Conservatoire en musique-\u00e9tudes en section piano. Il s'est ensuite orient\u00e9 vers des \u00e9tudes scientifiques o\u00f9 il a obtenu un dipl\u00f4me d'ing\u00e9nieur, puis un doctorat en Chimie. Il est Expert Judiciaire en France, en Belgique et \u00e0 Luxembourg, et agr\u00e9e par les Institutions Europ\u00e9ennes.","sameAs":["http:\/\/www.frederic-poitou.com","https:\/\/www.linkedin.com\/in\/frederic-poitou-b045a025\/"]}]}},"_links":{"self":[{"href":"http:\/\/www.frederic-poitou.com\/blog\/wp-json\/wp\/v2\/posts\/7289","targetHints":{"allow":["GET"]}}],"collection":[{"href":"http:\/\/www.frederic-poitou.com\/blog\/wp-json\/wp\/v2\/posts"}],"about":[{"href":"http:\/\/www.frederic-poitou.com\/blog\/wp-json\/wp\/v2\/types\/post"}],"author":[{"embeddable":true,"href":"http:\/\/www.frederic-poitou.com\/blog\/wp-json\/wp\/v2\/users\/4"}],"replies":[{"embeddable":true,"href":"http:\/\/www.frederic-poitou.com\/blog\/wp-json\/wp\/v2\/comments?post=7289"}],"version-history":[{"count":1,"href":"http:\/\/www.frederic-poitou.com\/blog\/wp-json\/wp\/v2\/posts\/7289\/revisions"}],"predecessor-version":[{"id":10331,"href":"http:\/\/www.frederic-poitou.com\/blog\/wp-json\/wp\/v2\/posts\/7289\/revisions\/10331"}],"wp:featuredmedia":[{"embeddable":true,"href":"http:\/\/www.frederic-poitou.com\/blog\/wp-json\/wp\/v2\/media\/7290"}],"wp:attachment":[{"href":"http:\/\/www.frederic-poitou.com\/blog\/wp-json\/wp\/v2\/media?parent=7289"}],"wp:term":[{"taxonomy":"category","embeddable":true,"href":"http:\/\/www.frederic-poitou.com\/blog\/wp-json\/wp\/v2\/categories?post=7289"},{"taxonomy":"post_tag","embeddable":true,"href":"http:\/\/www.frederic-poitou.com\/blog\/wp-json\/wp\/v2\/tags?post=7289"}],"curies":[{"name":"wp","href":"https:\/\/api.w.org\/{rel}","templated":true}]}}