{"id":7284,"date":"2023-07-14T18:55:32","date_gmt":"2023-07-14T16:55:32","guid":{"rendered":"http:\/\/www.frederic-poitou.com\/blog\/?p=7284"},"modified":"2026-04-22T06:26:36","modified_gmt":"2026-04-22T04:26:36","slug":"7284-2","status":"publish","type":"post","link":"http:\/\/www.frederic-poitou.com\/blog\/7284-2\/","title":{"rendered":"EMMANUEL FABER &#8211; PATRON DU CAC 40"},"content":{"rendered":"<div class=\"\" data-block=\"true\" data-editor=\"5mo6h\" data-offset-key=\"39ggj-0-0\">\n<div class=\"_1mf _1mj\" data-offset-key=\"39ggj-0-0\"><span data-offset-key=\"39ggj-0-0\">Evidemment, il y a ceux qui du fait de leurs souffrances ont compris certaines choses :\u00a0<\/span><em>\u00ab\u00a0d\u00e9sormais, apr\u00e8s toutes ces d\u00e9cennies de croissance, l&rsquo;enjeu de l&rsquo;\u00e9conomie, l&rsquo;enjeu de la globalisation c&rsquo;est la justice sociale\u00a0\u00bb, \u00ab\u00a0sans justice sociale, il n&rsquo;y aura plus d&rsquo;\u00e9conomie\u00a0\u00bb, \u00ab\u00a0on pourra monter des murs de plus en plus hauts, mais rien n&rsquo;arr\u00eatera ceux qui ont besoin de partager avec nous\u00a0\u00bb, \u00ab\u00a0\u00eatre patron et humaniste, c\u2019est possible\u00a0\u00bb, \u00ab\u00a0d\u00e9couvrir la beaut\u00e9 de l&rsquo;alt\u00e9rit\u00e9\u00a0\u00bb, \u00ab\u00a0on peut vivre avec tr\u00e8s peu de choses, et \u00eatre heureux\u00a0\u00bb<\/em>,<\/div>\n<\/div>\n<div class=\"\" data-block=\"true\" data-editor=\"5mo6h\" data-offset-key=\"fa7pq-0-0\">\n<div class=\"_1mf _1mj\" data-offset-key=\"fa7pq-0-0\"><span data-offset-key=\"fa7pq-0-0\">\u00a0<\/span><\/div>\n<\/div>\n<div class=\"\" data-block=\"true\" data-editor=\"5mo6h\" data-offset-key=\"46akl-0-0\">\n<div class=\"_1mf _1mj\" data-offset-key=\"46akl-0-0\"><span data-offset-key=\"46akl-0-0\">Et puis, il y a <\/span><span class=\"_247o\" spellcheck=\"false\" data-offset-key=\"46akl-1-0\"><span data-offset-key=\"46akl-1-0\">Laurent Wauquiez<\/span><\/span><span data-offset-key=\"46akl-2-0\">e &#8230; !<\/span><\/div>\n<\/div>\n<div class=\"\" data-block=\"true\" data-editor=\"5mo6h\" data-offset-key=\"9mk9f-0-0\">\n<div class=\"_1mf _1mj\" data-offset-key=\"9mk9f-0-0\"><span data-offset-key=\"9mk9f-0-0\">\u00a0<\/span><\/div>\n<\/div>\n<div class=\"\" data-block=\"true\" data-editor=\"5mo6h\" data-offset-key=\"77h00-0-0\">\n<div class=\"_1mf _1mj\" data-offset-key=\"77h00-0-0\"><span data-offset-key=\"77h00-0-0\">\u00a0<\/span><\/div>\n<\/div>\n<div class=\"\" data-block=\"true\" data-editor=\"5mo6h\" data-offset-key=\"5k7m3-0-0\">\n<div class=\"_1mf _1mj\" data-offset-key=\"5k7m3-0-0\"><span data-offset-key=\"5k7m3-0-0\">@emmanuelfaber, patron de Danone. Encore un gauchiste, bien sur ! Mais ce gar\u00e7on a dans les yeux, la bont\u00e9 qu&rsquo;il exprime dans les mots.<\/span><\/div>\n<\/div>\n<div class=\"_1mf _1mj\" data-offset-key=\"5k7m3-0-0\">Vu sous cet angle, le lib\u00e9ralisme est bien le mod\u00e8le qui me semble le plus satisfaisant.<\/div>\n<div class=\"_1mf _1mj\" data-offset-key=\"5k7m3-0-0\"><\/div>\n<div class=\"kad-youtube-shortcode videofit\"  ><iframe loading=\"lazy\" width=\"600\" height=\"400\" src=\"\/\/www.youtube.com\/embed\/x4rj4MfNkys?autoplay=0&amp;controls=1&amp;fs=1&amp;modestbranding=0&amp;theme=dark&amp;rel=0&amp;loop=0\" frameborder=\"0\" allowfullscreen=\"true\"><\/iframe><\/div>\n<p>&nbsp;<\/p>\n<div class=\"\" data-block=\"true\" data-editor=\"5mo6h\" data-offset-key=\"empr0-0-0\"><\/div>\n","protected":false},"excerpt":{"rendered":"<p>Evidemment, il y a ceux qui du fait de leurs souffrances ont compris certaines choses :\u00a0\u00ab\u00a0d\u00e9sormais, apr\u00e8s toutes ces d\u00e9cennies de croissance, l&rsquo;enjeu de l&rsquo;\u00e9conomie, l&rsquo;enjeu de la globalisation c&rsquo;est la justice sociale\u00a0\u00bb, \u00ab\u00a0sans justice sociale, il n&rsquo;y aura plus &hellip; <a href=\"http:\/\/www.frederic-poitou.com\/blog\/7284-2\/\">Lire la suite\u00ad\u00ad<\/a><\/p>\n","protected":false},"author":4,"featured_media":7285,"comment_status":"closed","ping_status":"open","sticky":false,"template":"","format":"standard","meta":{"kt_blocks_editor_width":"","_exactmetrics_skip_tracking":false,"_exactmetrics_sitenote_active":false,"_exactmetrics_sitenote_note":"","_exactmetrics_sitenote_category":0,"footnotes":""},"categories":[48,51,54],"tags":[],"class_list":["post-7284","post","type-post","status-publish","format-standard","has-post-thumbnail","hentry","category-accueil","category-politique","category-societe"],"yoast_head":"<!-- This site is optimized with the Yoast SEO plugin v27.1.1 - https:\/\/yoast.com\/product\/yoast-seo-wordpress\/ -->\n<title>EMMANUEL FABER - PATRON DU CAC 40 -<\/title>\n<meta name=\"robots\" content=\"index, follow, max-snippet:-1, max-image-preview:large, max-video-preview:-1\" \/>\n<link rel=\"canonical\" href=\"https:\/\/www.frederic-poitou.com\/blog\/7284-2\/\" \/>\n<meta property=\"og:locale\" content=\"fr_FR\" \/>\n<meta property=\"og:type\" content=\"article\" \/>\n<meta property=\"og:title\" content=\"EMMANUEL FABER - PATRON DU CAC 40 -\" \/>\n<meta property=\"og:description\" content=\"Evidemment, il y a ceux qui du fait de leurs souffrances ont compris certaines choses :\u00a0\u00ab\u00a0d\u00e9sormais, apr\u00e8s toutes ces d\u00e9cennies de croissance, l&rsquo;enjeu de l&rsquo;\u00e9conomie, l&rsquo;enjeu de la globalisation c&rsquo;est la justice sociale\u00a0\u00bb, \u00ab\u00a0sans justice sociale, il n&rsquo;y aura plus &hellip; Lire la suite\u00ad\u00ad\" \/>\n<meta property=\"og:url\" content=\"https:\/\/www.frederic-poitou.com\/blog\/7284-2\/\" \/>\n<meta property=\"article:publisher\" content=\"https:\/\/www.facebook.com\/frederic.poitou\/\" \/>\n<meta property=\"article:published_time\" content=\"2023-07-14T16:55:32+00:00\" \/>\n<meta property=\"article:modified_time\" content=\"2026-04-22T04:26:36+00:00\" \/>\n<meta property=\"og:image\" content=\"https:\/\/www.frederic-poitou.com\/blog\/wp-content\/2017\/10\/Danone-Emmanuel-Faber-au-nom-du-sain-business.jpg\" \/>\n\t<meta property=\"og:image:width\" content=\"1280\" \/>\n\t<meta property=\"og:image:height\" content=\"640\" \/>\n\t<meta property=\"og:image:type\" content=\"image\/jpeg\" \/>\n<meta name=\"author\" content=\"Fr\u00e9d\u00e9ric Poitou\" \/>\n<meta name=\"twitter:card\" content=\"summary_large_image\" \/>\n<meta name=\"twitter:creator\" content=\"@fredericpoitou\" \/>\n<meta name=\"twitter:site\" content=\"@fredericpoitou\" \/>\n<meta name=\"twitter:label1\" content=\"\u00c9crit par\" \/>\n\t<meta name=\"twitter:data1\" content=\"Fr\u00e9d\u00e9ric Poitou\" \/>\n\t<meta name=\"twitter:label2\" content=\"Dur\u00e9e de lecture estim\u00e9e\" \/>\n\t<meta name=\"twitter:data2\" content=\"1 minute\" \/>\n<script type=\"application\/ld+json\" class=\"yoast-schema-graph\">{\"@context\":\"https:\/\/schema.org\",\"@graph\":[{\"@type\":\"Article\",\"@id\":\"https:\/\/www.frederic-poitou.com\/blog\/7284-2\/#article\",\"isPartOf\":{\"@id\":\"https:\/\/www.frederic-poitou.com\/blog\/7284-2\/\"},\"author\":{\"name\":\"Fr\u00e9d\u00e9ric Poitou\",\"@id\":\"https:\/\/www.frederic-poitou.com\/blog\/#\/schema\/person\/e2c2d05e978747818533fdce859a7799\"},\"headline\":\"EMMANUEL FABER &#8211; PATRON DU CAC 40\",\"datePublished\":\"2023-07-14T16:55:32+00:00\",\"dateModified\":\"2026-04-22T04:26:36+00:00\",\"mainEntityOfPage\":{\"@id\":\"https:\/\/www.frederic-poitou.com\/blog\/7284-2\/\"},\"wordCount\":170,\"image\":{\"@id\":\"https:\/\/www.frederic-poitou.com\/blog\/7284-2\/#primaryimage\"},\"thumbnailUrl\":\"http:\/\/www.frederic-poitou.com\/blog\/wp-content\/2017\/10\/Danone-Emmanuel-Faber-au-nom-du-sain-business.jpg\",\"articleSection\":[\"Accueil\",\"Politique\",\"Soci\u00e9t\u00e9\"],\"inLanguage\":\"fr-FR\"},{\"@type\":\"WebPage\",\"@id\":\"https:\/\/www.frederic-poitou.com\/blog\/7284-2\/\",\"url\":\"https:\/\/www.frederic-poitou.com\/blog\/7284-2\/\",\"name\":\"EMMANUEL FABER - PATRON DU CAC 40 -\",\"isPartOf\":{\"@id\":\"https:\/\/www.frederic-poitou.com\/blog\/#website\"},\"primaryImageOfPage\":{\"@id\":\"https:\/\/www.frederic-poitou.com\/blog\/7284-2\/#primaryimage\"},\"image\":{\"@id\":\"https:\/\/www.frederic-poitou.com\/blog\/7284-2\/#primaryimage\"},\"thumbnailUrl\":\"http:\/\/www.frederic-poitou.com\/blog\/wp-content\/2017\/10\/Danone-Emmanuel-Faber-au-nom-du-sain-business.jpg\",\"datePublished\":\"2023-07-14T16:55:32+00:00\",\"dateModified\":\"2026-04-22T04:26:36+00:00\",\"author\":{\"@id\":\"https:\/\/www.frederic-poitou.com\/blog\/#\/schema\/person\/e2c2d05e978747818533fdce859a7799\"},\"breadcrumb\":{\"@id\":\"https:\/\/www.frederic-poitou.com\/blog\/7284-2\/#breadcrumb\"},\"inLanguage\":\"fr-FR\",\"potentialAction\":[{\"@type\":\"ReadAction\",\"target\":[\"https:\/\/www.frederic-poitou.com\/blog\/7284-2\/\"]}]},{\"@type\":\"ImageObject\",\"inLanguage\":\"fr-FR\",\"@id\":\"https:\/\/www.frederic-poitou.com\/blog\/7284-2\/#primaryimage\",\"url\":\"http:\/\/www.frederic-poitou.com\/blog\/wp-content\/2017\/10\/Danone-Emmanuel-Faber-au-nom-du-sain-business.jpg\",\"contentUrl\":\"http:\/\/www.frederic-poitou.com\/blog\/wp-content\/2017\/10\/Danone-Emmanuel-Faber-au-nom-du-sain-business.jpg\",\"width\":1280,\"height\":640,\"caption\":\"French Food group Danone CEO Emmanuel Faber poses prior to attend the presentation of the group's 2016 results in Paris on February 15, 2017. \/ AFP PHOTO \/ ERIC PIERMONT\"},{\"@type\":\"BreadcrumbList\",\"@id\":\"https:\/\/www.frederic-poitou.com\/blog\/7284-2\/#breadcrumb\",\"itemListElement\":[{\"@type\":\"ListItem\",\"position\":1,\"name\":\"Accueil\",\"item\":\"https:\/\/www.frederic-poitou.com\/blog\/\"},{\"@type\":\"ListItem\",\"position\":2,\"name\":\"EMMANUEL FABER &#8211; PATRON DU CAC 40\"}]},{\"@type\":\"WebSite\",\"@id\":\"https:\/\/www.frederic-poitou.com\/blog\/#website\",\"url\":\"https:\/\/www.frederic-poitou.com\/blog\/\",\"name\":\"\",\"description\":\"\",\"potentialAction\":[{\"@type\":\"SearchAction\",\"target\":{\"@type\":\"EntryPoint\",\"urlTemplate\":\"https:\/\/www.frederic-poitou.com\/blog\/?s={search_term_string}\"},\"query-input\":{\"@type\":\"PropertyValueSpecification\",\"valueRequired\":true,\"valueName\":\"search_term_string\"}}],\"inLanguage\":\"fr-FR\"},{\"@type\":\"Person\",\"@id\":\"https:\/\/www.frederic-poitou.com\/blog\/#\/schema\/person\/e2c2d05e978747818533fdce859a7799\",\"name\":\"Fr\u00e9d\u00e9ric Poitou\",\"image\":{\"@type\":\"ImageObject\",\"inLanguage\":\"fr-FR\",\"@id\":\"https:\/\/www.frederic-poitou.com\/blog\/#\/schema\/person\/image\/\",\"url\":\"https:\/\/secure.gravatar.com\/avatar\/1933bcca279a2feafd35d9e0a080c521e11beb51115fe4cfe02e2586ac13424a?s=96&d=mm&r=g\",\"contentUrl\":\"https:\/\/secure.gravatar.com\/avatar\/1933bcca279a2feafd35d9e0a080c521e11beb51115fe4cfe02e2586ac13424a?s=96&d=mm&r=g\",\"caption\":\"Fr\u00e9d\u00e9ric Poitou\"},\"description\":\"Fr\u00e9d\u00e9ric Poitou est n\u00e9 \u00e0 Rouen, et y a fait des \u00e9tudes au Conservatoire en musique-\u00e9tudes en section piano. Il s'est ensuite orient\u00e9 vers des \u00e9tudes scientifiques o\u00f9 il a obtenu un dipl\u00f4me d'ing\u00e9nieur, puis un doctorat en Chimie. Il est Expert Judiciaire en France, en Belgique et \u00e0 Luxembourg, et agr\u00e9e par les Institutions Europ\u00e9ennes.\",\"sameAs\":[\"http:\/\/www.frederic-poitou.com\",\"https:\/\/www.linkedin.com\/in\/frederic-poitou-b045a025\/\"]}]}<\/script>\n<!-- \/ Yoast SEO plugin. -->","yoast_head_json":{"title":"EMMANUEL FABER - PATRON DU CAC 40 -","robots":{"index":"index","follow":"follow","max-snippet":"max-snippet:-1","max-image-preview":"max-image-preview:large","max-video-preview":"max-video-preview:-1"},"canonical":"https:\/\/www.frederic-poitou.com\/blog\/7284-2\/","og_locale":"fr_FR","og_type":"article","og_title":"EMMANUEL FABER - PATRON DU CAC 40 -","og_description":"Evidemment, il y a ceux qui du fait de leurs souffrances ont compris certaines choses :\u00a0\u00ab\u00a0d\u00e9sormais, apr\u00e8s toutes ces d\u00e9cennies de croissance, l&rsquo;enjeu de l&rsquo;\u00e9conomie, l&rsquo;enjeu de la globalisation c&rsquo;est la justice sociale\u00a0\u00bb, \u00ab\u00a0sans justice sociale, il n&rsquo;y aura plus &hellip; Lire la suite\u00ad\u00ad","og_url":"https:\/\/www.frederic-poitou.com\/blog\/7284-2\/","article_publisher":"https:\/\/www.facebook.com\/frederic.poitou\/","article_published_time":"2023-07-14T16:55:32+00:00","article_modified_time":"2026-04-22T04:26:36+00:00","og_image":[{"width":1280,"height":640,"url":"https:\/\/www.frederic-poitou.com\/blog\/wp-content\/2017\/10\/Danone-Emmanuel-Faber-au-nom-du-sain-business.jpg","type":"image\/jpeg"}],"author":"Fr\u00e9d\u00e9ric Poitou","twitter_card":"summary_large_image","twitter_creator":"@fredericpoitou","twitter_site":"@fredericpoitou","twitter_misc":{"\u00c9crit par":"Fr\u00e9d\u00e9ric Poitou","Dur\u00e9e de lecture estim\u00e9e":"1 minute"},"schema":{"@context":"https:\/\/schema.org","@graph":[{"@type":"Article","@id":"https:\/\/www.frederic-poitou.com\/blog\/7284-2\/#article","isPartOf":{"@id":"https:\/\/www.frederic-poitou.com\/blog\/7284-2\/"},"author":{"name":"Fr\u00e9d\u00e9ric Poitou","@id":"https:\/\/www.frederic-poitou.com\/blog\/#\/schema\/person\/e2c2d05e978747818533fdce859a7799"},"headline":"EMMANUEL FABER &#8211; PATRON DU CAC 40","datePublished":"2023-07-14T16:55:32+00:00","dateModified":"2026-04-22T04:26:36+00:00","mainEntityOfPage":{"@id":"https:\/\/www.frederic-poitou.com\/blog\/7284-2\/"},"wordCount":170,"image":{"@id":"https:\/\/www.frederic-poitou.com\/blog\/7284-2\/#primaryimage"},"thumbnailUrl":"http:\/\/www.frederic-poitou.com\/blog\/wp-content\/2017\/10\/Danone-Emmanuel-Faber-au-nom-du-sain-business.jpg","articleSection":["Accueil","Politique","Soci\u00e9t\u00e9"],"inLanguage":"fr-FR"},{"@type":"WebPage","@id":"https:\/\/www.frederic-poitou.com\/blog\/7284-2\/","url":"https:\/\/www.frederic-poitou.com\/blog\/7284-2\/","name":"EMMANUEL FABER - PATRON DU CAC 40 -","isPartOf":{"@id":"https:\/\/www.frederic-poitou.com\/blog\/#website"},"primaryImageOfPage":{"@id":"https:\/\/www.frederic-poitou.com\/blog\/7284-2\/#primaryimage"},"image":{"@id":"https:\/\/www.frederic-poitou.com\/blog\/7284-2\/#primaryimage"},"thumbnailUrl":"http:\/\/www.frederic-poitou.com\/blog\/wp-content\/2017\/10\/Danone-Emmanuel-Faber-au-nom-du-sain-business.jpg","datePublished":"2023-07-14T16:55:32+00:00","dateModified":"2026-04-22T04:26:36+00:00","author":{"@id":"https:\/\/www.frederic-poitou.com\/blog\/#\/schema\/person\/e2c2d05e978747818533fdce859a7799"},"breadcrumb":{"@id":"https:\/\/www.frederic-poitou.com\/blog\/7284-2\/#breadcrumb"},"inLanguage":"fr-FR","potentialAction":[{"@type":"ReadAction","target":["https:\/\/www.frederic-poitou.com\/blog\/7284-2\/"]}]},{"@type":"ImageObject","inLanguage":"fr-FR","@id":"https:\/\/www.frederic-poitou.com\/blog\/7284-2\/#primaryimage","url":"http:\/\/www.frederic-poitou.com\/blog\/wp-content\/2017\/10\/Danone-Emmanuel-Faber-au-nom-du-sain-business.jpg","contentUrl":"http:\/\/www.frederic-poitou.com\/blog\/wp-content\/2017\/10\/Danone-Emmanuel-Faber-au-nom-du-sain-business.jpg","width":1280,"height":640,"caption":"French Food group Danone CEO Emmanuel Faber poses prior to attend the presentation of the group's 2016 results in Paris on February 15, 2017. \/ AFP PHOTO \/ ERIC PIERMONT"},{"@type":"BreadcrumbList","@id":"https:\/\/www.frederic-poitou.com\/blog\/7284-2\/#breadcrumb","itemListElement":[{"@type":"ListItem","position":1,"name":"Accueil","item":"https:\/\/www.frederic-poitou.com\/blog\/"},{"@type":"ListItem","position":2,"name":"EMMANUEL FABER &#8211; PATRON DU CAC 40"}]},{"@type":"WebSite","@id":"https:\/\/www.frederic-poitou.com\/blog\/#website","url":"https:\/\/www.frederic-poitou.com\/blog\/","name":"","description":"","potentialAction":[{"@type":"SearchAction","target":{"@type":"EntryPoint","urlTemplate":"https:\/\/www.frederic-poitou.com\/blog\/?s={search_term_string}"},"query-input":{"@type":"PropertyValueSpecification","valueRequired":true,"valueName":"search_term_string"}}],"inLanguage":"fr-FR"},{"@type":"Person","@id":"https:\/\/www.frederic-poitou.com\/blog\/#\/schema\/person\/e2c2d05e978747818533fdce859a7799","name":"Fr\u00e9d\u00e9ric Poitou","image":{"@type":"ImageObject","inLanguage":"fr-FR","@id":"https:\/\/www.frederic-poitou.com\/blog\/#\/schema\/person\/image\/","url":"https:\/\/secure.gravatar.com\/avatar\/1933bcca279a2feafd35d9e0a080c521e11beb51115fe4cfe02e2586ac13424a?s=96&d=mm&r=g","contentUrl":"https:\/\/secure.gravatar.com\/avatar\/1933bcca279a2feafd35d9e0a080c521e11beb51115fe4cfe02e2586ac13424a?s=96&d=mm&r=g","caption":"Fr\u00e9d\u00e9ric Poitou"},"description":"Fr\u00e9d\u00e9ric Poitou est n\u00e9 \u00e0 Rouen, et y a fait des \u00e9tudes au Conservatoire en musique-\u00e9tudes en section piano. Il s'est ensuite orient\u00e9 vers des \u00e9tudes scientifiques o\u00f9 il a obtenu un dipl\u00f4me d'ing\u00e9nieur, puis un doctorat en Chimie. Il est Expert Judiciaire en France, en Belgique et \u00e0 Luxembourg, et agr\u00e9e par les Institutions Europ\u00e9ennes.","sameAs":["http:\/\/www.frederic-poitou.com","https:\/\/www.linkedin.com\/in\/frederic-poitou-b045a025\/"]}]}},"_links":{"self":[{"href":"http:\/\/www.frederic-poitou.com\/blog\/wp-json\/wp\/v2\/posts\/7284","targetHints":{"allow":["GET"]}}],"collection":[{"href":"http:\/\/www.frederic-poitou.com\/blog\/wp-json\/wp\/v2\/posts"}],"about":[{"href":"http:\/\/www.frederic-poitou.com\/blog\/wp-json\/wp\/v2\/types\/post"}],"author":[{"embeddable":true,"href":"http:\/\/www.frederic-poitou.com\/blog\/wp-json\/wp\/v2\/users\/4"}],"replies":[{"embeddable":true,"href":"http:\/\/www.frederic-poitou.com\/blog\/wp-json\/wp\/v2\/comments?post=7284"}],"version-history":[{"count":1,"href":"http:\/\/www.frederic-poitou.com\/blog\/wp-json\/wp\/v2\/posts\/7284\/revisions"}],"predecessor-version":[{"id":10349,"href":"http:\/\/www.frederic-poitou.com\/blog\/wp-json\/wp\/v2\/posts\/7284\/revisions\/10349"}],"wp:featuredmedia":[{"embeddable":true,"href":"http:\/\/www.frederic-poitou.com\/blog\/wp-json\/wp\/v2\/media\/7285"}],"wp:attachment":[{"href":"http:\/\/www.frederic-poitou.com\/blog\/wp-json\/wp\/v2\/media?parent=7284"}],"wp:term":[{"taxonomy":"category","embeddable":true,"href":"http:\/\/www.frederic-poitou.com\/blog\/wp-json\/wp\/v2\/categories?post=7284"},{"taxonomy":"post_tag","embeddable":true,"href":"http:\/\/www.frederic-poitou.com\/blog\/wp-json\/wp\/v2\/tags?post=7284"}],"curies":[{"name":"wp","href":"https:\/\/api.w.org\/{rel}","templated":true}]}}