{"id":7226,"date":"2023-07-14T10:48:32","date_gmt":"2023-07-14T08:48:32","guid":{"rendered":"http:\/\/www.frederic-poitou.com\/blog\/?p=7226"},"modified":"2026-04-17T18:15:28","modified_gmt":"2026-04-17T16:15:28","slug":"allongez-divan-parlez-moi-de-pere-marine","status":"publish","type":"post","link":"http:\/\/www.frederic-poitou.com\/blog\/allongez-divan-parlez-moi-de-pere-marine\/","title":{"rendered":"ALLONGEZ VOUS SUR MON DIVAN ET PARLEZ MOI DE VOTRE P\u00c8RE, MARINE &#8230;"},"content":{"rendered":"<div class=\"\" data-offset-key=\"dm4sd-0-0\" data-editor=\"6siun\" data-block=\"true\">\n<div class=\"_1mf _1mj\" data-offset-key=\"dm4sd-0-0\"><span data-offset-key=\"dm4sd-0-0\">Marine : Allongez vous sur le divan et parlez moi de votre p\u00e8re &#8230;<\/span><\/div>\n<\/div>\n<div class=\"\" data-offset-key=\"4eu6o-0-0\" data-editor=\"6siun\" data-block=\"true\">\n<div class=\"_1mf _1mj\" data-offset-key=\"4eu6o-0-0\"><span data-offset-key=\"4eu6o-0-0\">\u00a0<\/span><\/div>\n<\/div>\n<div class=\"\" data-offset-key=\"fqh4t-0-0\" data-editor=\"6siun\" data-block=\"true\">\n<div class=\"_1mf _1mj\" data-offset-key=\"fqh4t-0-0\"><span data-offset-key=\"fqh4t-0-0\">Moi j&rsquo;y avais presque cru au renouveau du FN (aucune allusion au \u00ab\u00a0Renouveau Fran\u00e7ais\u00a0\u00bb de Tixier-Vignancour, paix \u00e0 son \u00e2me !).<\/span><\/div>\n<\/div>\n<div class=\"\" data-offset-key=\"eq15p-0-0\" data-editor=\"6siun\" data-block=\"true\">\n<div class=\"_1mf _1mj\" data-offset-key=\"eq15p-0-0\"><span data-offset-key=\"eq15p-0-0\">On \u00e9tait pass\u00e9 du marron au noir, puis du noir au bleu fon\u00e7\u00e9 et on filait calmement vers un polissage, une d\u00e9-diabolisation qui rendait la poissonni\u00e8re aboyeuse presque normale.<\/span><\/div>\n<\/div>\n<div class=\"\" data-offset-key=\"cnl1j-0-0\" data-editor=\"6siun\" data-block=\"true\">\n<div class=\"_1mf _1mj\" data-offset-key=\"cnl1j-0-0\"><span data-offset-key=\"cnl1j-0-0\">5 ann\u00e9es de travail pour cacher les nazillons des factions nationalistes, voire national-socialiste, les FAN, les JNR, 3e voie allant des groupuscules les plus violents, aux r\u00e9seaux latents identitaires, passant par les tr\u00e8s influents r\u00e9seaux catholiques int\u00e9gristes (Civitas, Fraternit\u00e9 Saint Pie X, Agrif, l&rsquo;ADIMAD) la Manif pour tous et m\u00eame Dieudonn\u00e9, sans oublier Nicolas Dupont-Aignan et son r\u00e9cent coming out, ou Philippe De Villiers.<br \/>\n<\/span><\/div>\n<\/div>\n<div class=\"\" data-offset-key=\"dks02-0-0\" data-editor=\"6siun\" data-block=\"true\">\n<div class=\"_1mf _1mj\" data-offset-key=\"dks02-0-0\">\n<p>&nbsp;<\/p>\n<div class=\"_1mf _1mj\" data-offset-key=\"ajpse-0-0\"><img loading=\"lazy\" decoding=\"async\" class=\"alignleft size-full wp-image-7229\" src=\"http:\/\/www.frederic-poitou.com\/blog\/wp-content\/2017\/05\/nazis.jpeg\" alt=\"\" width=\"1439\" height=\"1167\" srcset=\"http:\/\/www.frederic-poitou.com\/blog\/wp-content\/2017\/05\/nazis.jpeg 1439w, http:\/\/www.frederic-poitou.com\/blog\/wp-content\/2017\/05\/nazis-300x243.jpeg 300w, http:\/\/www.frederic-poitou.com\/blog\/wp-content\/2017\/05\/nazis-1024x830.jpeg 1024w\" sizes=\"auto, (max-width: 1439px) 100vw, 1439px\" \/><\/div>\n<\/div>\n<\/div>\n<div class=\"\" data-offset-key=\"fknag-0-0\" data-editor=\"6siun\" data-block=\"true\">\n<div class=\"_1mf _1mj\" data-offset-key=\"fknag-0-0\"><\/div>\n<div class=\"_1mf _1mj\" data-offset-key=\"fknag-0-0\"><span data-offset-key=\"fknag-0-0\">Tout ca mis en pi\u00e8ce \u00e0 l&rsquo;occasion d&rsquo;un d\u00e9bat o\u00f9 le fond de Marine le Pen est remont\u00e9 \u00e0 la surface comme une claque dans la gueule des fran\u00e7ais qui, de toute bonne foi, avaient pens\u00e9 voter pour un parti devenu normal.<\/span><\/div>\n<\/div>\n<div class=\"\" data-offset-key=\"3tus0-0-0\" data-editor=\"6siun\" data-block=\"true\">\n<div class=\"_1mf _1mj\" data-offset-key=\"3tus0-0-0\"><span data-offset-key=\"3tus0-0-0\">\u00a0<\/span><\/div>\n<\/div>\n<div class=\"\" data-offset-key=\"647sh-0-0\" data-editor=\"6siun\" data-block=\"true\">\n<div class=\"_1mf _1mj\" data-offset-key=\"647sh-0-0\"><span data-offset-key=\"647sh-0-0\">C&rsquo;\u00e9tait sans compter sur Freud et Nietzsche qui ont th\u00e9oris\u00e9 la psychanalyse et ses fant\u00f4mes, tuer le p\u00e8re, organiser son propre \u00e9chec, baliser volontairement le mauvais chemin &#8230;<\/span><\/div>\n<\/div>\n<div class=\"\" data-offset-key=\"2iv86-0-0\" data-editor=\"6siun\" data-block=\"true\">\n<div class=\"_1mf _1mj\" data-offset-key=\"2iv86-0-0\"><span data-offset-key=\"2iv86-0-0\">\u00a0<\/span><\/div>\n<\/div>\n<div class=\"\" data-offset-key=\"4l5vi-0-0\" data-editor=\"6siun\" data-block=\"true\">\n<div class=\"_1mf _1mj\" data-offset-key=\"4l5vi-0-0\"><span data-offset-key=\"4l5vi-0-0\">Et la v\u00e9rit\u00e9 est r\u00e9-apparu.<\/span><\/div>\n<\/div>\n<div class=\"\" data-offset-key=\"d32bb-0-0\" data-editor=\"6siun\" data-block=\"true\">\n<div class=\"_1mf _1mj\" data-offset-key=\"d32bb-0-0\"><span data-offset-key=\"d32bb-0-0\">Marine est telle qu&rsquo;en elle-m\u00eame. Fille de son p\u00e8re, hargneuse, agressive, m\u00e9prisante sur la forme, faible, voire fragile et incomp\u00e9tente sur le fond &#8211; en \u00e9conomie, soci\u00e9t\u00e9, Europe, \u00e9cologie et relations internationales en particulier &#8211; au point de retourner contre sa propre personne nombre de militants FN en renvoyant le parti \u00e0 la \u00ab\u00a0rose bleue\u00a0\u00bb \u00e0 ses origines puantes, p\u00e9tinistes, antis\u00e9mites, anti-ma\u00e7onniques, homophobes &#8230;<\/span><\/div>\n<\/div>\n<div class=\"\" data-offset-key=\"6bhb8-0-0\" data-editor=\"6siun\" data-block=\"true\">\n<div class=\"_1mf _1mj\" data-offset-key=\"6bhb8-0-0\"><span data-offset-key=\"6bhb8-0-0\">\u00a0<\/span><\/div>\n<\/div>\n<div class=\"\" data-offset-key=\"3pd2d-0-0\" data-editor=\"6siun\" data-block=\"true\">\n<div class=\"_1mf _1mj\" data-offset-key=\"3pd2d-0-0\"><span data-offset-key=\"3pd2d-0-0\">Le naturel resurgit toujours un jour.<\/span><\/div>\n<\/div>\n<div class=\"\" data-offset-key=\"30pjh-0-0\" data-editor=\"6siun\" data-block=\"true\">\n<div class=\"_1mf _1mj\" data-offset-key=\"30pjh-0-0\"><span data-offset-key=\"30pjh-0-0\">\u00a0<\/span><\/div>\n<\/div>\n<div class=\"\" data-offset-key=\"7pjvk-0-0\" data-editor=\"6siun\" data-block=\"true\">\n<div class=\"_1mf _1mj\" data-offset-key=\"7pjvk-0-0\"><span data-offset-key=\"7pjvk-0-0\">Depuis deux jours, la guerre de succession est donc ouverte. Qui pour virer l&rsquo;h\u00e9riti\u00e8re, et qui pour la remplacer ? <\/span><\/div>\n<\/div>\n<div class=\"\" data-offset-key=\"h3ok-0-0\" data-editor=\"6siun\" data-block=\"true\">\n<div class=\"_1mf _1mj\" data-offset-key=\"h3ok-0-0\"><span data-offset-key=\"h3ok-0-0\">\u00a0<\/span><\/div>\n<\/div>\n<div class=\"\" data-offset-key=\"5dtfn-0-0\" data-editor=\"6siun\" data-block=\"true\">\n<div class=\"_1mf _1mj\" data-offset-key=\"5dtfn-0-0\"><span data-offset-key=\"5dtfn-0-0\">Moi j&rsquo;aime bien Philipeau. Brillant, habile, il est tellement obs\u00e9d\u00e9 par la sortie de l&rsquo;Euro et de l&rsquo;Europe, ce dont les fran\u00e7ais ne veulent finalement pas, qu&rsquo;il pourrait bien contribuer \u00e0 couler un peu plus le navire de Saint-Cloud.<\/span><\/div>\n<\/div>\n<div class=\"\" data-offset-key=\"38c9k-0-0\" data-editor=\"6siun\" data-block=\"true\">\n<div class=\"_1mf _1mj\" data-offset-key=\"38c9k-0-0\"><span data-offset-key=\"38c9k-0-0\">\u00a0<\/span><\/div>\n<\/div>\n<div class=\"\" data-offset-key=\"ajpse-0-0\" data-editor=\"6siun\" data-block=\"true\">\n<div class=\"_1mf _1mj\" data-offset-key=\"ajpse-0-0\"><span data-offset-key=\"ajpse-0-0\">Moi je dis \u00e7a, je dis rien. Mais si je peux aider &#8230;<\/span><\/div>\n<\/div>\n<div class=\"_1mf _1mj\" data-offset-key=\"ajpse-0-0\"><\/div>\n<div class=\"_1mf _1mj\" data-offset-key=\"ajpse-0-0\"><\/div>\n","protected":false},"excerpt":{"rendered":"<p>Marine : Allongez vous sur le divan et parlez moi de votre p\u00e8re &#8230; \u00a0 Moi j&rsquo;y avais presque cru au renouveau du FN (aucune allusion au \u00ab\u00a0Renouveau Fran\u00e7ais\u00a0\u00bb de Tixier-Vignancour, paix \u00e0 son \u00e2me !). On \u00e9tait pass\u00e9 du &hellip; <a href=\"http:\/\/www.frederic-poitou.com\/blog\/allongez-divan-parlez-moi-de-pere-marine\/\">Lire la suite\u00ad\u00ad<\/a><\/p>\n","protected":false},"author":4,"featured_media":7227,"comment_status":"closed","ping_status":"open","sticky":false,"template":"","format":"standard","meta":{"kt_blocks_editor_width":"","_exactmetrics_skip_tracking":false,"_exactmetrics_sitenote_active":false,"_exactmetrics_sitenote_note":"","_exactmetrics_sitenote_category":0,"footnotes":""},"categories":[51],"tags":[],"class_list":["post-7226","post","type-post","status-publish","format-standard","has-post-thumbnail","hentry","category-politique"],"yoast_head":"<!-- This site is optimized with the Yoast SEO plugin v27.1.1 - https:\/\/yoast.com\/product\/yoast-seo-wordpress\/ -->\n<title>ALLONGEZ VOUS SUR MON DIVAN ET PARLEZ MOI DE VOTRE P\u00c8RE, MARINE ... -<\/title>\n<meta name=\"robots\" content=\"index, follow, max-snippet:-1, max-image-preview:large, max-video-preview:-1\" \/>\n<link rel=\"canonical\" href=\"http:\/\/www.frederic-poitou.com\/blog\/allongez-divan-parlez-moi-de-pere-marine\/\" \/>\n<meta property=\"og:locale\" content=\"fr_FR\" \/>\n<meta property=\"og:type\" content=\"article\" \/>\n<meta property=\"og:title\" content=\"ALLONGEZ VOUS SUR MON DIVAN ET PARLEZ MOI DE VOTRE P\u00c8RE, MARINE ... -\" \/>\n<meta property=\"og:description\" content=\"Marine : Allongez vous sur le divan et parlez moi de votre p\u00e8re &#8230; \u00a0 Moi j&rsquo;y avais presque cru au renouveau du FN (aucune allusion au \u00ab\u00a0Renouveau Fran\u00e7ais\u00a0\u00bb de Tixier-Vignancour, paix \u00e0 son \u00e2me !). On \u00e9tait pass\u00e9 du &hellip; Lire la suite\u00ad\u00ad\" \/>\n<meta property=\"og:url\" content=\"http:\/\/www.frederic-poitou.com\/blog\/allongez-divan-parlez-moi-de-pere-marine\/\" \/>\n<meta property=\"article:publisher\" content=\"https:\/\/www.facebook.com\/frederic.poitou\/\" \/>\n<meta property=\"article:published_time\" content=\"2023-07-14T08:48:32+00:00\" \/>\n<meta property=\"article:modified_time\" content=\"2026-04-17T16:15:28+00:00\" \/>\n<meta property=\"og:image\" content=\"http:\/\/www.frederic-poitou.com\/blog\/wp-content\/2017\/05\/papa.jpeg\" \/>\n\t<meta property=\"og:image:width\" content=\"716\" \/>\n\t<meta property=\"og:image:height\" content=\"585\" \/>\n\t<meta property=\"og:image:type\" content=\"image\/jpeg\" \/>\n<meta name=\"author\" content=\"Fr\u00e9d\u00e9ric Poitou\" \/>\n<meta name=\"twitter:card\" content=\"summary_large_image\" \/>\n<meta name=\"twitter:creator\" content=\"@fredericpoitou\" \/>\n<meta name=\"twitter:site\" content=\"@fredericpoitou\" \/>\n<meta name=\"twitter:label1\" content=\"\u00c9crit par\" \/>\n\t<meta name=\"twitter:data1\" content=\"Fr\u00e9d\u00e9ric Poitou\" \/>\n\t<meta name=\"twitter:label2\" content=\"Dur\u00e9e de lecture estim\u00e9e\" \/>\n\t<meta name=\"twitter:data2\" content=\"2 minutes\" \/>\n<script type=\"application\/ld+json\" class=\"yoast-schema-graph\">{\"@context\":\"https:\/\/schema.org\",\"@graph\":[{\"@type\":\"Article\",\"@id\":\"http:\/\/www.frederic-poitou.com\/blog\/allongez-divan-parlez-moi-de-pere-marine\/#article\",\"isPartOf\":{\"@id\":\"http:\/\/www.frederic-poitou.com\/blog\/allongez-divan-parlez-moi-de-pere-marine\/\"},\"author\":{\"name\":\"Fr\u00e9d\u00e9ric Poitou\",\"@id\":\"https:\/\/www.frederic-poitou.com\/blog\/#\/schema\/person\/e2c2d05e978747818533fdce859a7799\"},\"headline\":\"ALLONGEZ VOUS SUR MON DIVAN ET PARLEZ MOI DE VOTRE P\u00c8RE, MARINE &#8230;\",\"datePublished\":\"2023-07-14T08:48:32+00:00\",\"dateModified\":\"2026-04-17T16:15:28+00:00\",\"mainEntityOfPage\":{\"@id\":\"http:\/\/www.frederic-poitou.com\/blog\/allongez-divan-parlez-moi-de-pere-marine\/\"},\"wordCount\":387,\"image\":{\"@id\":\"http:\/\/www.frederic-poitou.com\/blog\/allongez-divan-parlez-moi-de-pere-marine\/#primaryimage\"},\"thumbnailUrl\":\"http:\/\/www.frederic-poitou.com\/blog\/wp-content\/2017\/05\/papa.jpeg\",\"articleSection\":[\"Politique\"],\"inLanguage\":\"fr-FR\"},{\"@type\":\"WebPage\",\"@id\":\"http:\/\/www.frederic-poitou.com\/blog\/allongez-divan-parlez-moi-de-pere-marine\/\",\"url\":\"http:\/\/www.frederic-poitou.com\/blog\/allongez-divan-parlez-moi-de-pere-marine\/\",\"name\":\"ALLONGEZ VOUS SUR MON DIVAN ET PARLEZ MOI DE VOTRE P\u00c8RE, MARINE ... -\",\"isPartOf\":{\"@id\":\"https:\/\/www.frederic-poitou.com\/blog\/#website\"},\"primaryImageOfPage\":{\"@id\":\"http:\/\/www.frederic-poitou.com\/blog\/allongez-divan-parlez-moi-de-pere-marine\/#primaryimage\"},\"image\":{\"@id\":\"http:\/\/www.frederic-poitou.com\/blog\/allongez-divan-parlez-moi-de-pere-marine\/#primaryimage\"},\"thumbnailUrl\":\"http:\/\/www.frederic-poitou.com\/blog\/wp-content\/2017\/05\/papa.jpeg\",\"datePublished\":\"2023-07-14T08:48:32+00:00\",\"dateModified\":\"2026-04-17T16:15:28+00:00\",\"author\":{\"@id\":\"https:\/\/www.frederic-poitou.com\/blog\/#\/schema\/person\/e2c2d05e978747818533fdce859a7799\"},\"breadcrumb\":{\"@id\":\"http:\/\/www.frederic-poitou.com\/blog\/allongez-divan-parlez-moi-de-pere-marine\/#breadcrumb\"},\"inLanguage\":\"fr-FR\",\"potentialAction\":[{\"@type\":\"ReadAction\",\"target\":[\"http:\/\/www.frederic-poitou.com\/blog\/allongez-divan-parlez-moi-de-pere-marine\/\"]}]},{\"@type\":\"ImageObject\",\"inLanguage\":\"fr-FR\",\"@id\":\"http:\/\/www.frederic-poitou.com\/blog\/allongez-divan-parlez-moi-de-pere-marine\/#primaryimage\",\"url\":\"http:\/\/www.frederic-poitou.com\/blog\/wp-content\/2017\/05\/papa.jpeg\",\"contentUrl\":\"http:\/\/www.frederic-poitou.com\/blog\/wp-content\/2017\/05\/papa.jpeg\",\"width\":716,\"height\":585},{\"@type\":\"BreadcrumbList\",\"@id\":\"http:\/\/www.frederic-poitou.com\/blog\/allongez-divan-parlez-moi-de-pere-marine\/#breadcrumb\",\"itemListElement\":[{\"@type\":\"ListItem\",\"position\":1,\"name\":\"Accueil\",\"item\":\"https:\/\/www.frederic-poitou.com\/blog\/\"},{\"@type\":\"ListItem\",\"position\":2,\"name\":\"ALLONGEZ VOUS SUR MON DIVAN ET PARLEZ MOI DE VOTRE P\u00c8RE, MARINE &#8230;\"}]},{\"@type\":\"WebSite\",\"@id\":\"https:\/\/www.frederic-poitou.com\/blog\/#website\",\"url\":\"https:\/\/www.frederic-poitou.com\/blog\/\",\"name\":\"\",\"description\":\"\",\"potentialAction\":[{\"@type\":\"SearchAction\",\"target\":{\"@type\":\"EntryPoint\",\"urlTemplate\":\"https:\/\/www.frederic-poitou.com\/blog\/?s={search_term_string}\"},\"query-input\":{\"@type\":\"PropertyValueSpecification\",\"valueRequired\":true,\"valueName\":\"search_term_string\"}}],\"inLanguage\":\"fr-FR\"},{\"@type\":\"Person\",\"@id\":\"https:\/\/www.frederic-poitou.com\/blog\/#\/schema\/person\/e2c2d05e978747818533fdce859a7799\",\"name\":\"Fr\u00e9d\u00e9ric Poitou\",\"image\":{\"@type\":\"ImageObject\",\"inLanguage\":\"fr-FR\",\"@id\":\"https:\/\/www.frederic-poitou.com\/blog\/#\/schema\/person\/image\/\",\"url\":\"https:\/\/secure.gravatar.com\/avatar\/1933bcca279a2feafd35d9e0a080c521e11beb51115fe4cfe02e2586ac13424a?s=96&d=mm&r=g\",\"contentUrl\":\"https:\/\/secure.gravatar.com\/avatar\/1933bcca279a2feafd35d9e0a080c521e11beb51115fe4cfe02e2586ac13424a?s=96&d=mm&r=g\",\"caption\":\"Fr\u00e9d\u00e9ric Poitou\"},\"description\":\"Fr\u00e9d\u00e9ric Poitou est n\u00e9 \u00e0 Rouen, et y a fait des \u00e9tudes au Conservatoire en musique-\u00e9tudes en section piano. Il s'est ensuite orient\u00e9 vers des \u00e9tudes scientifiques o\u00f9 il a obtenu un dipl\u00f4me d'ing\u00e9nieur, puis un doctorat en Chimie. Il est Expert Judiciaire en France, en Belgique et \u00e0 Luxembourg, et agr\u00e9e par les Institutions Europ\u00e9ennes.\",\"sameAs\":[\"http:\/\/www.frederic-poitou.com\",\"https:\/\/www.linkedin.com\/in\/frederic-poitou-b045a025\/\"]}]}<\/script>\n<!-- \/ Yoast SEO plugin. -->","yoast_head_json":{"title":"ALLONGEZ VOUS SUR MON DIVAN ET PARLEZ MOI DE VOTRE P\u00c8RE, MARINE ... -","robots":{"index":"index","follow":"follow","max-snippet":"max-snippet:-1","max-image-preview":"max-image-preview:large","max-video-preview":"max-video-preview:-1"},"canonical":"http:\/\/www.frederic-poitou.com\/blog\/allongez-divan-parlez-moi-de-pere-marine\/","og_locale":"fr_FR","og_type":"article","og_title":"ALLONGEZ VOUS SUR MON DIVAN ET PARLEZ MOI DE VOTRE P\u00c8RE, MARINE ... -","og_description":"Marine : Allongez vous sur le divan et parlez moi de votre p\u00e8re &#8230; \u00a0 Moi j&rsquo;y avais presque cru au renouveau du FN (aucune allusion au \u00ab\u00a0Renouveau Fran\u00e7ais\u00a0\u00bb de Tixier-Vignancour, paix \u00e0 son \u00e2me !). On \u00e9tait pass\u00e9 du &hellip; Lire la suite\u00ad\u00ad","og_url":"http:\/\/www.frederic-poitou.com\/blog\/allongez-divan-parlez-moi-de-pere-marine\/","article_publisher":"https:\/\/www.facebook.com\/frederic.poitou\/","article_published_time":"2023-07-14T08:48:32+00:00","article_modified_time":"2026-04-17T16:15:28+00:00","og_image":[{"width":716,"height":585,"url":"http:\/\/www.frederic-poitou.com\/blog\/wp-content\/2017\/05\/papa.jpeg","type":"image\/jpeg"}],"author":"Fr\u00e9d\u00e9ric Poitou","twitter_card":"summary_large_image","twitter_creator":"@fredericpoitou","twitter_site":"@fredericpoitou","twitter_misc":{"\u00c9crit par":"Fr\u00e9d\u00e9ric Poitou","Dur\u00e9e de lecture estim\u00e9e":"2 minutes"},"schema":{"@context":"https:\/\/schema.org","@graph":[{"@type":"Article","@id":"http:\/\/www.frederic-poitou.com\/blog\/allongez-divan-parlez-moi-de-pere-marine\/#article","isPartOf":{"@id":"http:\/\/www.frederic-poitou.com\/blog\/allongez-divan-parlez-moi-de-pere-marine\/"},"author":{"name":"Fr\u00e9d\u00e9ric Poitou","@id":"https:\/\/www.frederic-poitou.com\/blog\/#\/schema\/person\/e2c2d05e978747818533fdce859a7799"},"headline":"ALLONGEZ VOUS SUR MON DIVAN ET PARLEZ MOI DE VOTRE P\u00c8RE, MARINE &#8230;","datePublished":"2023-07-14T08:48:32+00:00","dateModified":"2026-04-17T16:15:28+00:00","mainEntityOfPage":{"@id":"http:\/\/www.frederic-poitou.com\/blog\/allongez-divan-parlez-moi-de-pere-marine\/"},"wordCount":387,"image":{"@id":"http:\/\/www.frederic-poitou.com\/blog\/allongez-divan-parlez-moi-de-pere-marine\/#primaryimage"},"thumbnailUrl":"http:\/\/www.frederic-poitou.com\/blog\/wp-content\/2017\/05\/papa.jpeg","articleSection":["Politique"],"inLanguage":"fr-FR"},{"@type":"WebPage","@id":"http:\/\/www.frederic-poitou.com\/blog\/allongez-divan-parlez-moi-de-pere-marine\/","url":"http:\/\/www.frederic-poitou.com\/blog\/allongez-divan-parlez-moi-de-pere-marine\/","name":"ALLONGEZ VOUS SUR MON DIVAN ET PARLEZ MOI DE VOTRE P\u00c8RE, MARINE ... -","isPartOf":{"@id":"https:\/\/www.frederic-poitou.com\/blog\/#website"},"primaryImageOfPage":{"@id":"http:\/\/www.frederic-poitou.com\/blog\/allongez-divan-parlez-moi-de-pere-marine\/#primaryimage"},"image":{"@id":"http:\/\/www.frederic-poitou.com\/blog\/allongez-divan-parlez-moi-de-pere-marine\/#primaryimage"},"thumbnailUrl":"http:\/\/www.frederic-poitou.com\/blog\/wp-content\/2017\/05\/papa.jpeg","datePublished":"2023-07-14T08:48:32+00:00","dateModified":"2026-04-17T16:15:28+00:00","author":{"@id":"https:\/\/www.frederic-poitou.com\/blog\/#\/schema\/person\/e2c2d05e978747818533fdce859a7799"},"breadcrumb":{"@id":"http:\/\/www.frederic-poitou.com\/blog\/allongez-divan-parlez-moi-de-pere-marine\/#breadcrumb"},"inLanguage":"fr-FR","potentialAction":[{"@type":"ReadAction","target":["http:\/\/www.frederic-poitou.com\/blog\/allongez-divan-parlez-moi-de-pere-marine\/"]}]},{"@type":"ImageObject","inLanguage":"fr-FR","@id":"http:\/\/www.frederic-poitou.com\/blog\/allongez-divan-parlez-moi-de-pere-marine\/#primaryimage","url":"http:\/\/www.frederic-poitou.com\/blog\/wp-content\/2017\/05\/papa.jpeg","contentUrl":"http:\/\/www.frederic-poitou.com\/blog\/wp-content\/2017\/05\/papa.jpeg","width":716,"height":585},{"@type":"BreadcrumbList","@id":"http:\/\/www.frederic-poitou.com\/blog\/allongez-divan-parlez-moi-de-pere-marine\/#breadcrumb","itemListElement":[{"@type":"ListItem","position":1,"name":"Accueil","item":"https:\/\/www.frederic-poitou.com\/blog\/"},{"@type":"ListItem","position":2,"name":"ALLONGEZ VOUS SUR MON DIVAN ET PARLEZ MOI DE VOTRE P\u00c8RE, MARINE &#8230;"}]},{"@type":"WebSite","@id":"https:\/\/www.frederic-poitou.com\/blog\/#website","url":"https:\/\/www.frederic-poitou.com\/blog\/","name":"","description":"","potentialAction":[{"@type":"SearchAction","target":{"@type":"EntryPoint","urlTemplate":"https:\/\/www.frederic-poitou.com\/blog\/?s={search_term_string}"},"query-input":{"@type":"PropertyValueSpecification","valueRequired":true,"valueName":"search_term_string"}}],"inLanguage":"fr-FR"},{"@type":"Person","@id":"https:\/\/www.frederic-poitou.com\/blog\/#\/schema\/person\/e2c2d05e978747818533fdce859a7799","name":"Fr\u00e9d\u00e9ric Poitou","image":{"@type":"ImageObject","inLanguage":"fr-FR","@id":"https:\/\/www.frederic-poitou.com\/blog\/#\/schema\/person\/image\/","url":"https:\/\/secure.gravatar.com\/avatar\/1933bcca279a2feafd35d9e0a080c521e11beb51115fe4cfe02e2586ac13424a?s=96&d=mm&r=g","contentUrl":"https:\/\/secure.gravatar.com\/avatar\/1933bcca279a2feafd35d9e0a080c521e11beb51115fe4cfe02e2586ac13424a?s=96&d=mm&r=g","caption":"Fr\u00e9d\u00e9ric Poitou"},"description":"Fr\u00e9d\u00e9ric Poitou est n\u00e9 \u00e0 Rouen, et y a fait des \u00e9tudes au Conservatoire en musique-\u00e9tudes en section piano. Il s'est ensuite orient\u00e9 vers des \u00e9tudes scientifiques o\u00f9 il a obtenu un dipl\u00f4me d'ing\u00e9nieur, puis un doctorat en Chimie. Il est Expert Judiciaire en France, en Belgique et \u00e0 Luxembourg, et agr\u00e9e par les Institutions Europ\u00e9ennes.","sameAs":["http:\/\/www.frederic-poitou.com","https:\/\/www.linkedin.com\/in\/frederic-poitou-b045a025\/"]}]}},"_links":{"self":[{"href":"http:\/\/www.frederic-poitou.com\/blog\/wp-json\/wp\/v2\/posts\/7226","targetHints":{"allow":["GET"]}}],"collection":[{"href":"http:\/\/www.frederic-poitou.com\/blog\/wp-json\/wp\/v2\/posts"}],"about":[{"href":"http:\/\/www.frederic-poitou.com\/blog\/wp-json\/wp\/v2\/types\/post"}],"author":[{"embeddable":true,"href":"http:\/\/www.frederic-poitou.com\/blog\/wp-json\/wp\/v2\/users\/4"}],"replies":[{"embeddable":true,"href":"http:\/\/www.frederic-poitou.com\/blog\/wp-json\/wp\/v2\/comments?post=7226"}],"version-history":[{"count":1,"href":"http:\/\/www.frederic-poitou.com\/blog\/wp-json\/wp\/v2\/posts\/7226\/revisions"}],"predecessor-version":[{"id":10326,"href":"http:\/\/www.frederic-poitou.com\/blog\/wp-json\/wp\/v2\/posts\/7226\/revisions\/10326"}],"wp:featuredmedia":[{"embeddable":true,"href":"http:\/\/www.frederic-poitou.com\/blog\/wp-json\/wp\/v2\/media\/7227"}],"wp:attachment":[{"href":"http:\/\/www.frederic-poitou.com\/blog\/wp-json\/wp\/v2\/media?parent=7226"}],"wp:term":[{"taxonomy":"category","embeddable":true,"href":"http:\/\/www.frederic-poitou.com\/blog\/wp-json\/wp\/v2\/categories?post=7226"},{"taxonomy":"post_tag","embeddable":true,"href":"http:\/\/www.frederic-poitou.com\/blog\/wp-json\/wp\/v2\/tags?post=7226"}],"curies":[{"name":"wp","href":"https:\/\/api.w.org\/{rel}","templated":true}]}}