{"id":7179,"date":"2023-07-14T18:48:32","date_gmt":"2023-07-14T16:48:32","guid":{"rendered":"http:\/\/www.frederic-poitou.com\/blog\/?p=7179"},"modified":"2026-04-22T06:11:06","modified_gmt":"2026-04-22T04:11:06","slug":"quelques-circos-de-plus-copains","status":"publish","type":"post","link":"http:\/\/www.frederic-poitou.com\/blog\/quelques-circos-de-plus-copains\/","title":{"rendered":"POUR QUELQUES CIRCOS DE PLUS POUR LES COPAINS &#8230;"},"content":{"rendered":"<p>&#8230; et un petit maroquin pour moi &#8230;<\/p>\n<p><span data-offset-key=\"7lro-0-0\">Apr\u00e8s avoir l\u00e2ch\u00e9 Fillon &#8211; au grand soulagement des centristes &#8211; Jean-Christophe Lagarde a fini par rentrer dans le rang et refaire all\u00e9geance \u00e0 un programme qui n&rsquo;a rien de social, rien d&rsquo;Europ\u00e9en, et ne comporte pas grand chose d&rsquo;autre qu&rsquo;une taille en r\u00e8gle chez les fonctionnaires pour justifier une diminution de la dette publique si ch\u00e8re aux centristes.<\/span><\/p>\n<p>Au lieu de brader en le vendant l&rsquo;h\u00e9ritage de Borloo, pourquoi Jean-Christophe Lagarde ne s&rsquo;est il pas pr\u00e9sent\u00e9 lui-m\u00eame finalement ?\u00a0Est-ce\u00a0qu&rsquo;il aurait sagement lu que sa cote de popularit\u00e9 dans le <a href=\"http:\/\/www.tns-sofres.com\/dataviz?type=2&amp;code_nom=jclagarde\" target=\"_blank\" rel=\"noopener noreferrer\">barom\u00e8tre TNS<\/a> est pass\u00e9 de 8% en 2015 \u00e0 moins de 5% en 2017 ?<br \/>\nEst-ce pour cette incapacit\u00e9 \u00e0 exister, depuis que Borloo s&rsquo;en est all\u00e9 soigner en Afrique son d\u00e9senchantement \u00a0de la politique nationale qu&rsquo;un par un, les centristes rejoignent Macron ?<\/p>\n<p>Parmi ceux l\u00e0, on ne peut pas taxer Jean-Louis Bourlange d&rsquo;aller \u00e0 la gamelle, puisqu&rsquo;il est retir\u00e9 de tout mandat. Mais son opinion n&rsquo;en est pas moins pertinente, au contraire. Car le Centre n&rsquo;est pas une dimension ti\u00e8de, faite d&rsquo;un m\u00e9lange fade d&rsquo;eau chaude et d&rsquo;eau ti\u00e8de. C&rsquo;est une v\u00e9ritable ligne incarn\u00e9e en son temps par Giscard, sociale, lib\u00e9rale et europ\u00e9enne, en total d\u00e9saccord avec\u00a0les tendances conservatrice, tatch\u00e9rienne de la tendance Fillon, la tentation autoritaire, identitaire, voire nationaliste incarn\u00e9e par l&rsquo;extr\u00eame droite, dont la fange sarkozyste de Les R\u00e9publicains se rapproche dangereusement avec Dupont-Aignan comme ligand. Si le centre est parfois qualifi\u00e9 de girouette, c&rsquo;est plus parce que les deux autres p\u00f4les fluctuent dans leurs propositions pour mieux s&rsquo;adapter aux attentes des \u00e9lecteurs, qu&rsquo;une fluctuation du Centre lui-m\u00eame qui par d\u00e9finition ne bouge pas.<\/p>\n<p>Etre centriste, ne signifie pas \u00eatre incapable de prendre position ou d\u00e9cision. Etre centriste, c\u2019est appliquer les recettes d\u2019un juste \u00e9quilibre entre les deux p\u00f4les qui clivaient la politique depuis plus de deux si\u00e8cles.<\/p>\n<p class=\"mise_en_avant\">Ce clivage n\u2019existe plus depuis que Fran\u00e7ois Hollande parle \u00e0 la droite, Alain Jupp\u00e9 \u00e0 la gauche, Nicolas Sarkozy \u00e0 l\u2019extr\u00eame droite, et Marine Le Pen \u00e0 l\u2019extr\u00eame gauche. Preuve si n\u00e9cessaire que les extr\u00eames se rejoignent en une forme de national-populisme, alors que les tendances mod\u00e9r\u00e9es peuvent converger vers une forme de consensus vers un courant issus des ann\u00e9es 70.<\/p>\n<p class=\"mise_en_avant\"><em>\u00ab\u00a0Apr\u00e8s des ann\u00e9es d\u2019alternances infructueuses et de cohabitations confusantes, les Fran\u00e7ais dans leur majorit\u00e9 ne font de plus de diff\u00e9rences entre la droite et la gauche<\/em>\u201d (Jean-Louis Bourlanges)<\/p>\n<p>Quant \u00e0 l\u2019axe de r\u00e9volution de la pens\u00e9e centriste, l\u2019Europe, c\u2019est bien l\u2019ensemble des gouvernements de gauche molle, incapable de prendre une d\u00e9cision dans un sens ou dans l\u2019autre, qui l\u2019a tu\u00e9e dans l\u2019esprit des eurocitoyens qui, plut\u00f4t que la consid\u00e9rer comme notre chance, la consid\u00e8rent comme responsable de tous nos maux. Tant Fran\u00e7ois Hollande que Nicolas Sarkozy ont fait une erreur en tentant de convaincre les pays du Sud de se rallier \u00e0 leurs panaches blancs. L\u2019axe europ\u00e9en, c\u2019est Paris \u2013 Berlin, pas Paris \u2013 M\u00e9diterran\u00e9e, et dans ce flou entretenu, pour le moment, la France est disqualifi\u00e9e faute d\u2019avoir tenu ses engagements en faisant les r\u00e9formes structurelles \u2013 voire institutionnelles \u2013 n\u00e9cessaires, et en revoyant drastiquement son budget de fonctionnement \u00e0 la baisse.<br \/>\nCes deux derniers points auraient peut \u00eatre suffit \u00e0 ce que les britanniques d\u00e9cident de rester dans l\u2019UE plut\u00f4t que partir dans une aventure tr\u00e8s hasardeuse en votant pour le Brexit, ce qu\u2019ils semblent d\u00e9j\u00e0 regretter. Les deux seuls grands leaders de dimension europ\u00e9enne actuellement ne sont ni fran\u00e7ais, ni allemand, mais belge (Guy Verhofstadt<a id=\"js_uh\" class=\"_2wmb\" href=\"https:\/\/www.facebook.com\/GuyVerhofstadt\/#\" data-tooltip-content=\"Recherchez @@GuyVerhofstadt sur Facebook ou dans Messenger pour trouver facilement cette Page.\" data-hover=\"tooltip\" data-slimstat-clicked=\"false\" data-slimstat-type=\"0\" data-slimstat-tracking=\"true\" data-slimstat-callback=\"true\">@GuyVerhofstad<\/a>) et italien (Mateo\u00a0<a id=\"js_w8\" class=\"_2wmb\" href=\"https:\/\/www.facebook.com\/matteorenziufficiale\/?fref=ts#\" data-tooltip-content=\"Recherchez @@matteorenziufficiale sur Facebook ou dans Messenger pour trouver facilement cette Page.\" data-hover=\"tooltip\" data-slimstat-clicked=\"false\" data-slimstat-type=\"0\" data-slimstat-tracking=\"true\" data-slimstat-callback=\"true\">@matteorenziufficiale)<\/a><br \/>\nLes difficult\u00e9s de l\u2019Europe ne sont pas fondamentalement li\u00e9es \u00e0 des probl\u00e8mes structurels, ou de transfert de comp\u00e9tence, mais \u00e0 l\u2019absence de v\u00e9ritable leader \u2013 ou \u00e0 tout le moins un couple franco-allemand faisant fonction -.<\/p>\n<p>Voici donc le plus beau discours que je n\u2019ai jamais entendu sur le Centrisme. Il \u00e9mane de Jean-Louis Bourlanges, Pr\u00e9sident de la Fondation du Centre, ancien UDF, Gaulliste de gauche. Il a \u00e9t\u00e9 donn\u00e9 \u00e0 l\u2019occasion des Ateliers des Radicaux \u00e0 Lyon, samedi 4 Septembre dernier, \u00e0 l\u2019invitation de Jean-Louis Borloo.<\/p>\n<p>Apr\u00e8s les Illustres radicaux (Cl\u00e9menceau, Gambetta, Daladier, Zay, Edgar Faure, JJSS, Andr\u00e9 Rossinot), les centristes (Schuman, Lecanuet, Poher, Barre, Veil, Mehaignerie), l\u2019avenir se jouerait il avec un Centre de tendance Gaulliste social, \u00e9colo-progressiste, humaniste et la\u00efque pour Les R\u00e9publicains ?<\/p>\n<p>l\u2019UMP de l\u2019\u00e9poque aurait du r\u00e9fl\u00e9chir un peu plus, avant de toiser avec une posture un peu arrogante les radicaux et les Centristes qui avaient contribu\u00e9 \u00e0 fonder notre mouvement.<\/p>\n<p>Cette vid\u00e9o que j\u2019avais post\u00e9e en Septembre 2012, prend toute sa dimension \u00e0 l\u2019approche des primaires :<\/p>\n<p>Apr\u00e8s les pr\u00e9sidentielles, ca n\u2019est pas un parti qui dirigera mais une coalition d\u2019alliance, pour ne pas dire d\u2019Union nationale. Aucun doute que si c&rsquo;est\u00a0Macron qui l&#8217;emporte, il n&rsquo;aura aucune difficult\u00e9 \u00e0 former un gouvernement avec ceux qui &#8211; comme les r\u00e9sistants fran\u00e7ais du 9 Mai 1945 &#8211; l&rsquo;auront opportun\u00e9ment rejoint !<\/p>\n<div class=\"entry-content-asset videofit\"><iframe loading=\"lazy\" title=\"Conception du centrisme en France\" frameborder=\"0\" width=\"500\" height=\"375\" src=\"https:\/\/geo.dailymotion.com\/player.html?video=xerp6o&#038;\" allowfullscreen allow=\"autoplay; fullscreen; picture-in-picture; web-share\"><\/iframe><\/div>\n<p>&nbsp;<\/p>\n<p>&nbsp;<\/p>\n<p>&nbsp;<\/p>\n","protected":false},"excerpt":{"rendered":"<p>&#8230; et un petit maroquin pour moi &#8230; Apr\u00e8s avoir l\u00e2ch\u00e9 Fillon &#8211; au grand soulagement des centristes &#8211; Jean-Christophe Lagarde a fini par rentrer dans le rang et refaire all\u00e9geance \u00e0 un programme qui n&rsquo;a rien de social, rien &hellip; <a href=\"http:\/\/www.frederic-poitou.com\/blog\/quelques-circos-de-plus-copains\/\">Lire la suite\u00ad\u00ad<\/a><\/p>\n","protected":false},"author":4,"featured_media":7184,"comment_status":"closed","ping_status":"open","sticky":false,"template":"","format":"standard","meta":{"kt_blocks_editor_width":"","_exactmetrics_skip_tracking":false,"_exactmetrics_sitenote_active":false,"_exactmetrics_sitenote_note":"","_exactmetrics_sitenote_category":0,"footnotes":""},"categories":[51,54],"tags":[],"class_list":["post-7179","post","type-post","status-publish","format-standard","has-post-thumbnail","hentry","category-politique","category-societe"],"yoast_head":"<!-- This site is optimized with the Yoast SEO plugin v27.1.1 - https:\/\/yoast.com\/product\/yoast-seo-wordpress\/ -->\n<title>POUR QUELQUES CIRCOS DE PLUS POUR LES COPAINS ... -<\/title>\n<meta name=\"robots\" content=\"index, follow, max-snippet:-1, max-image-preview:large, max-video-preview:-1\" \/>\n<link rel=\"canonical\" href=\"https:\/\/www.frederic-poitou.com\/blog\/quelques-circos-de-plus-copains\/\" \/>\n<meta property=\"og:locale\" content=\"fr_FR\" \/>\n<meta property=\"og:type\" content=\"article\" \/>\n<meta property=\"og:title\" content=\"POUR QUELQUES CIRCOS DE PLUS POUR LES COPAINS ... -\" \/>\n<meta property=\"og:description\" content=\"&#8230; et un petit maroquin pour moi &#8230; Apr\u00e8s avoir l\u00e2ch\u00e9 Fillon &#8211; au grand soulagement des centristes &#8211; Jean-Christophe Lagarde a fini par rentrer dans le rang et refaire all\u00e9geance \u00e0 un programme qui n&rsquo;a rien de social, rien &hellip; Lire la suite\u00ad\u00ad\" \/>\n<meta property=\"og:url\" content=\"https:\/\/www.frederic-poitou.com\/blog\/quelques-circos-de-plus-copains\/\" \/>\n<meta property=\"article:publisher\" content=\"https:\/\/www.facebook.com\/frederic.poitou\/\" \/>\n<meta property=\"article:published_time\" content=\"2023-07-14T16:48:32+00:00\" \/>\n<meta property=\"article:modified_time\" content=\"2026-04-22T04:11:06+00:00\" \/>\n<meta property=\"og:image\" content=\"https:\/\/www.frederic-poitou.com\/blog\/wp-content\/2017\/03\/boyurlange.jpeg\" \/>\n\t<meta property=\"og:image:width\" content=\"525\" \/>\n\t<meta property=\"og:image:height\" content=\"518\" \/>\n\t<meta property=\"og:image:type\" content=\"image\/jpeg\" \/>\n<meta name=\"author\" content=\"Fr\u00e9d\u00e9ric Poitou\" \/>\n<meta name=\"twitter:card\" content=\"summary_large_image\" \/>\n<meta name=\"twitter:creator\" content=\"@fredericpoitou\" \/>\n<meta name=\"twitter:site\" content=\"@fredericpoitou\" \/>\n<meta name=\"twitter:label1\" content=\"\u00c9crit par\" \/>\n\t<meta name=\"twitter:data1\" content=\"Fr\u00e9d\u00e9ric Poitou\" \/>\n\t<meta name=\"twitter:label2\" content=\"Dur\u00e9e de lecture estim\u00e9e\" \/>\n\t<meta name=\"twitter:data2\" content=\"4 minutes\" \/>\n<script type=\"application\/ld+json\" class=\"yoast-schema-graph\">{\"@context\":\"https:\/\/schema.org\",\"@graph\":[{\"@type\":\"Article\",\"@id\":\"https:\/\/www.frederic-poitou.com\/blog\/quelques-circos-de-plus-copains\/#article\",\"isPartOf\":{\"@id\":\"https:\/\/www.frederic-poitou.com\/blog\/quelques-circos-de-plus-copains\/\"},\"author\":{\"name\":\"Fr\u00e9d\u00e9ric Poitou\",\"@id\":\"http:\/\/www.frederic-poitou.com\/blog\/#\/schema\/person\/e2c2d05e978747818533fdce859a7799\"},\"headline\":\"POUR QUELQUES CIRCOS DE PLUS POUR LES COPAINS &#8230;\",\"datePublished\":\"2023-07-14T16:48:32+00:00\",\"dateModified\":\"2026-04-22T04:11:06+00:00\",\"mainEntityOfPage\":{\"@id\":\"https:\/\/www.frederic-poitou.com\/blog\/quelques-circos-de-plus-copains\/\"},\"wordCount\":927,\"image\":{\"@id\":\"https:\/\/www.frederic-poitou.com\/blog\/quelques-circos-de-plus-copains\/#primaryimage\"},\"thumbnailUrl\":\"http:\/\/www.frederic-poitou.com\/blog\/wp-content\/2017\/03\/boyurlange.jpeg\",\"articleSection\":[\"Politique\",\"Soci\u00e9t\u00e9\"],\"inLanguage\":\"fr-FR\"},{\"@type\":\"WebPage\",\"@id\":\"https:\/\/www.frederic-poitou.com\/blog\/quelques-circos-de-plus-copains\/\",\"url\":\"https:\/\/www.frederic-poitou.com\/blog\/quelques-circos-de-plus-copains\/\",\"name\":\"POUR QUELQUES CIRCOS DE PLUS POUR LES COPAINS ... -\",\"isPartOf\":{\"@id\":\"http:\/\/www.frederic-poitou.com\/blog\/#website\"},\"primaryImageOfPage\":{\"@id\":\"https:\/\/www.frederic-poitou.com\/blog\/quelques-circos-de-plus-copains\/#primaryimage\"},\"image\":{\"@id\":\"https:\/\/www.frederic-poitou.com\/blog\/quelques-circos-de-plus-copains\/#primaryimage\"},\"thumbnailUrl\":\"http:\/\/www.frederic-poitou.com\/blog\/wp-content\/2017\/03\/boyurlange.jpeg\",\"datePublished\":\"2023-07-14T16:48:32+00:00\",\"dateModified\":\"2026-04-22T04:11:06+00:00\",\"author\":{\"@id\":\"http:\/\/www.frederic-poitou.com\/blog\/#\/schema\/person\/e2c2d05e978747818533fdce859a7799\"},\"breadcrumb\":{\"@id\":\"https:\/\/www.frederic-poitou.com\/blog\/quelques-circos-de-plus-copains\/#breadcrumb\"},\"inLanguage\":\"fr-FR\",\"potentialAction\":[{\"@type\":\"ReadAction\",\"target\":[\"https:\/\/www.frederic-poitou.com\/blog\/quelques-circos-de-plus-copains\/\"]}]},{\"@type\":\"ImageObject\",\"inLanguage\":\"fr-FR\",\"@id\":\"https:\/\/www.frederic-poitou.com\/blog\/quelques-circos-de-plus-copains\/#primaryimage\",\"url\":\"http:\/\/www.frederic-poitou.com\/blog\/wp-content\/2017\/03\/boyurlange.jpeg\",\"contentUrl\":\"http:\/\/www.frederic-poitou.com\/blog\/wp-content\/2017\/03\/boyurlange.jpeg\",\"width\":525,\"height\":518},{\"@type\":\"BreadcrumbList\",\"@id\":\"https:\/\/www.frederic-poitou.com\/blog\/quelques-circos-de-plus-copains\/#breadcrumb\",\"itemListElement\":[{\"@type\":\"ListItem\",\"position\":1,\"name\":\"Accueil\",\"item\":\"http:\/\/www.frederic-poitou.com\/blog\/\"},{\"@type\":\"ListItem\",\"position\":2,\"name\":\"POUR QUELQUES CIRCOS DE PLUS POUR LES COPAINS &#8230;\"}]},{\"@type\":\"WebSite\",\"@id\":\"http:\/\/www.frederic-poitou.com\/blog\/#website\",\"url\":\"http:\/\/www.frederic-poitou.com\/blog\/\",\"name\":\"\",\"description\":\"\",\"potentialAction\":[{\"@type\":\"SearchAction\",\"target\":{\"@type\":\"EntryPoint\",\"urlTemplate\":\"http:\/\/www.frederic-poitou.com\/blog\/?s={search_term_string}\"},\"query-input\":{\"@type\":\"PropertyValueSpecification\",\"valueRequired\":true,\"valueName\":\"search_term_string\"}}],\"inLanguage\":\"fr-FR\"},{\"@type\":\"Person\",\"@id\":\"http:\/\/www.frederic-poitou.com\/blog\/#\/schema\/person\/e2c2d05e978747818533fdce859a7799\",\"name\":\"Fr\u00e9d\u00e9ric Poitou\",\"image\":{\"@type\":\"ImageObject\",\"inLanguage\":\"fr-FR\",\"@id\":\"http:\/\/www.frederic-poitou.com\/blog\/#\/schema\/person\/image\/\",\"url\":\"https:\/\/secure.gravatar.com\/avatar\/1933bcca279a2feafd35d9e0a080c521e11beb51115fe4cfe02e2586ac13424a?s=96&d=mm&r=g\",\"contentUrl\":\"https:\/\/secure.gravatar.com\/avatar\/1933bcca279a2feafd35d9e0a080c521e11beb51115fe4cfe02e2586ac13424a?s=96&d=mm&r=g\",\"caption\":\"Fr\u00e9d\u00e9ric Poitou\"},\"description\":\"Fr\u00e9d\u00e9ric Poitou est n\u00e9 \u00e0 Rouen, et y a fait des \u00e9tudes au Conservatoire en musique-\u00e9tudes en section piano. Il s'est ensuite orient\u00e9 vers des \u00e9tudes scientifiques o\u00f9 il a obtenu un dipl\u00f4me d'ing\u00e9nieur, puis un doctorat en Chimie. Il est Expert Judiciaire en France, en Belgique et \u00e0 Luxembourg, et agr\u00e9e par les Institutions Europ\u00e9ennes.\",\"sameAs\":[\"http:\/\/www.frederic-poitou.com\",\"https:\/\/www.linkedin.com\/in\/frederic-poitou-b045a025\/\"]}]}<\/script>\n<!-- \/ Yoast SEO plugin. -->","yoast_head_json":{"title":"POUR QUELQUES CIRCOS DE PLUS POUR LES COPAINS ... -","robots":{"index":"index","follow":"follow","max-snippet":"max-snippet:-1","max-image-preview":"max-image-preview:large","max-video-preview":"max-video-preview:-1"},"canonical":"https:\/\/www.frederic-poitou.com\/blog\/quelques-circos-de-plus-copains\/","og_locale":"fr_FR","og_type":"article","og_title":"POUR QUELQUES CIRCOS DE PLUS POUR LES COPAINS ... -","og_description":"&#8230; et un petit maroquin pour moi &#8230; Apr\u00e8s avoir l\u00e2ch\u00e9 Fillon &#8211; au grand soulagement des centristes &#8211; Jean-Christophe Lagarde a fini par rentrer dans le rang et refaire all\u00e9geance \u00e0 un programme qui n&rsquo;a rien de social, rien &hellip; Lire la suite\u00ad\u00ad","og_url":"https:\/\/www.frederic-poitou.com\/blog\/quelques-circos-de-plus-copains\/","article_publisher":"https:\/\/www.facebook.com\/frederic.poitou\/","article_published_time":"2023-07-14T16:48:32+00:00","article_modified_time":"2026-04-22T04:11:06+00:00","og_image":[{"width":525,"height":518,"url":"https:\/\/www.frederic-poitou.com\/blog\/wp-content\/2017\/03\/boyurlange.jpeg","type":"image\/jpeg"}],"author":"Fr\u00e9d\u00e9ric Poitou","twitter_card":"summary_large_image","twitter_creator":"@fredericpoitou","twitter_site":"@fredericpoitou","twitter_misc":{"\u00c9crit par":"Fr\u00e9d\u00e9ric Poitou","Dur\u00e9e de lecture estim\u00e9e":"4 minutes"},"schema":{"@context":"https:\/\/schema.org","@graph":[{"@type":"Article","@id":"https:\/\/www.frederic-poitou.com\/blog\/quelques-circos-de-plus-copains\/#article","isPartOf":{"@id":"https:\/\/www.frederic-poitou.com\/blog\/quelques-circos-de-plus-copains\/"},"author":{"name":"Fr\u00e9d\u00e9ric Poitou","@id":"http:\/\/www.frederic-poitou.com\/blog\/#\/schema\/person\/e2c2d05e978747818533fdce859a7799"},"headline":"POUR QUELQUES CIRCOS DE PLUS POUR LES COPAINS &#8230;","datePublished":"2023-07-14T16:48:32+00:00","dateModified":"2026-04-22T04:11:06+00:00","mainEntityOfPage":{"@id":"https:\/\/www.frederic-poitou.com\/blog\/quelques-circos-de-plus-copains\/"},"wordCount":927,"image":{"@id":"https:\/\/www.frederic-poitou.com\/blog\/quelques-circos-de-plus-copains\/#primaryimage"},"thumbnailUrl":"http:\/\/www.frederic-poitou.com\/blog\/wp-content\/2017\/03\/boyurlange.jpeg","articleSection":["Politique","Soci\u00e9t\u00e9"],"inLanguage":"fr-FR"},{"@type":"WebPage","@id":"https:\/\/www.frederic-poitou.com\/blog\/quelques-circos-de-plus-copains\/","url":"https:\/\/www.frederic-poitou.com\/blog\/quelques-circos-de-plus-copains\/","name":"POUR QUELQUES CIRCOS DE PLUS POUR LES COPAINS ... -","isPartOf":{"@id":"http:\/\/www.frederic-poitou.com\/blog\/#website"},"primaryImageOfPage":{"@id":"https:\/\/www.frederic-poitou.com\/blog\/quelques-circos-de-plus-copains\/#primaryimage"},"image":{"@id":"https:\/\/www.frederic-poitou.com\/blog\/quelques-circos-de-plus-copains\/#primaryimage"},"thumbnailUrl":"http:\/\/www.frederic-poitou.com\/blog\/wp-content\/2017\/03\/boyurlange.jpeg","datePublished":"2023-07-14T16:48:32+00:00","dateModified":"2026-04-22T04:11:06+00:00","author":{"@id":"http:\/\/www.frederic-poitou.com\/blog\/#\/schema\/person\/e2c2d05e978747818533fdce859a7799"},"breadcrumb":{"@id":"https:\/\/www.frederic-poitou.com\/blog\/quelques-circos-de-plus-copains\/#breadcrumb"},"inLanguage":"fr-FR","potentialAction":[{"@type":"ReadAction","target":["https:\/\/www.frederic-poitou.com\/blog\/quelques-circos-de-plus-copains\/"]}]},{"@type":"ImageObject","inLanguage":"fr-FR","@id":"https:\/\/www.frederic-poitou.com\/blog\/quelques-circos-de-plus-copains\/#primaryimage","url":"http:\/\/www.frederic-poitou.com\/blog\/wp-content\/2017\/03\/boyurlange.jpeg","contentUrl":"http:\/\/www.frederic-poitou.com\/blog\/wp-content\/2017\/03\/boyurlange.jpeg","width":525,"height":518},{"@type":"BreadcrumbList","@id":"https:\/\/www.frederic-poitou.com\/blog\/quelques-circos-de-plus-copains\/#breadcrumb","itemListElement":[{"@type":"ListItem","position":1,"name":"Accueil","item":"http:\/\/www.frederic-poitou.com\/blog\/"},{"@type":"ListItem","position":2,"name":"POUR QUELQUES CIRCOS DE PLUS POUR LES COPAINS &#8230;"}]},{"@type":"WebSite","@id":"http:\/\/www.frederic-poitou.com\/blog\/#website","url":"http:\/\/www.frederic-poitou.com\/blog\/","name":"","description":"","potentialAction":[{"@type":"SearchAction","target":{"@type":"EntryPoint","urlTemplate":"http:\/\/www.frederic-poitou.com\/blog\/?s={search_term_string}"},"query-input":{"@type":"PropertyValueSpecification","valueRequired":true,"valueName":"search_term_string"}}],"inLanguage":"fr-FR"},{"@type":"Person","@id":"http:\/\/www.frederic-poitou.com\/blog\/#\/schema\/person\/e2c2d05e978747818533fdce859a7799","name":"Fr\u00e9d\u00e9ric Poitou","image":{"@type":"ImageObject","inLanguage":"fr-FR","@id":"http:\/\/www.frederic-poitou.com\/blog\/#\/schema\/person\/image\/","url":"https:\/\/secure.gravatar.com\/avatar\/1933bcca279a2feafd35d9e0a080c521e11beb51115fe4cfe02e2586ac13424a?s=96&d=mm&r=g","contentUrl":"https:\/\/secure.gravatar.com\/avatar\/1933bcca279a2feafd35d9e0a080c521e11beb51115fe4cfe02e2586ac13424a?s=96&d=mm&r=g","caption":"Fr\u00e9d\u00e9ric Poitou"},"description":"Fr\u00e9d\u00e9ric Poitou est n\u00e9 \u00e0 Rouen, et y a fait des \u00e9tudes au Conservatoire en musique-\u00e9tudes en section piano. Il s'est ensuite orient\u00e9 vers des \u00e9tudes scientifiques o\u00f9 il a obtenu un dipl\u00f4me d'ing\u00e9nieur, puis un doctorat en Chimie. Il est Expert Judiciaire en France, en Belgique et \u00e0 Luxembourg, et agr\u00e9e par les Institutions Europ\u00e9ennes.","sameAs":["http:\/\/www.frederic-poitou.com","https:\/\/www.linkedin.com\/in\/frederic-poitou-b045a025\/"]}]}},"_links":{"self":[{"href":"http:\/\/www.frederic-poitou.com\/blog\/wp-json\/wp\/v2\/posts\/7179","targetHints":{"allow":["GET"]}}],"collection":[{"href":"http:\/\/www.frederic-poitou.com\/blog\/wp-json\/wp\/v2\/posts"}],"about":[{"href":"http:\/\/www.frederic-poitou.com\/blog\/wp-json\/wp\/v2\/types\/post"}],"author":[{"embeddable":true,"href":"http:\/\/www.frederic-poitou.com\/blog\/wp-json\/wp\/v2\/users\/4"}],"replies":[{"embeddable":true,"href":"http:\/\/www.frederic-poitou.com\/blog\/wp-json\/wp\/v2\/comments?post=7179"}],"version-history":[{"count":1,"href":"http:\/\/www.frederic-poitou.com\/blog\/wp-json\/wp\/v2\/posts\/7179\/revisions"}],"predecessor-version":[{"id":8780,"href":"http:\/\/www.frederic-poitou.com\/blog\/wp-json\/wp\/v2\/posts\/7179\/revisions\/8780"}],"wp:featuredmedia":[{"embeddable":true,"href":"http:\/\/www.frederic-poitou.com\/blog\/wp-json\/wp\/v2\/media\/7184"}],"wp:attachment":[{"href":"http:\/\/www.frederic-poitou.com\/blog\/wp-json\/wp\/v2\/media?parent=7179"}],"wp:term":[{"taxonomy":"category","embeddable":true,"href":"http:\/\/www.frederic-poitou.com\/blog\/wp-json\/wp\/v2\/categories?post=7179"},{"taxonomy":"post_tag","embeddable":true,"href":"http:\/\/www.frederic-poitou.com\/blog\/wp-json\/wp\/v2\/tags?post=7179"}],"curies":[{"name":"wp","href":"https:\/\/api.w.org\/{rel}","templated":true}]}}