{"id":7167,"date":"2023-07-14T05:45:32","date_gmt":"2023-07-14T03:45:32","guid":{"rendered":"http:\/\/www.frederic-poitou.com\/blog\/?p=7167"},"modified":"2026-04-16T10:26:58","modified_gmt":"2026-04-16T08:26:58","slug":"depute-combien-ca-coute","status":"publish","type":"post","link":"http:\/\/www.frederic-poitou.com\/blog\/depute-combien-ca-coute\/","title":{"rendered":"UN D\u00c9PUT\u00c9, COMBIEN \u00c7A CO\u00dbTE ?"},"content":{"rendered":"<p>Ce qui est choquant n&rsquo;est pas le net mensuel d&rsquo;un d\u00e9put\u00e9, autour de\u00a05500\u00a0\u20ac nets par mois, ce qui est un bon salaire de cadre, sans plus. Rien d&rsquo;anormal.\u00a0Non non, ce qui est choquant, pour ne pas dire amoral ou inacceptable, ce sont tous les frais li\u00e9s, directs, indirects, avantages et facilit\u00e9s consentis \u00e0 divers titres, ce qui porte le co\u00fbt d&rsquo;un d\u00e9put\u00e9 &#8211; tous frais, retraite, indemnit\u00e9s et avantages compris &#8211; autour de 950.000\u20ac\/an, pour un budget global pour la r\u00e9mun\u00e9ration des \u00e9lus de la repr\u00e9sentation nationale autour de 50 millions d&rsquo;\u20ac, un peu moins de 10% du budget global de l&rsquo;Assembl\u00e9e nationale, de l&rsquo;ordre de 596 000\u20ac \/ an (c&rsquo;est \u00e0 dire l&rsquo;\u00e9quivalent du budget du Minist\u00e8re de la jeunesse et des sports !), le tout en dehors de tout contr\u00f4le de la Cour des Comptes, tu penses !<\/p>\n<p>Le revenu des d\u00e9put\u00e9s se divisent en trois : l&rsquo;indemnit\u00e9 de base, l&rsquo;indemnit\u00e9 de logement et l&rsquo;indemnit\u00e9 de fonction.<\/p>\n<ul>\n<li>L&rsquo;indemnit\u00e9 de base est le salaire du d\u00e9put\u00e9, correspondant \u00e0 une moyenne entre le plus bas et le plus haut des salaires des cadres hors-\u00e9chelle donc 5 514,68 \u20ac.<\/li>\n<li>L&rsquo;indemnit\u00e9 de logement est attribu\u00e9s au m\u00eame titre que pour les autres fonctionnaires et sert, en th\u00e9orie, \u00e0 compenser l&rsquo;\u00e9cart du co\u00fbt de la vie entre les diff\u00e9rentes villes de France. Les d\u00e9put\u00e9s travaillant en \u00cele-de-France, ils ont droit au maximum, \u00e0 savoir 3 % de leur indemnit\u00e9 de base, soit 165,44 \u20ac.<\/li>\n<li>L&rsquo;indemnit\u00e9 de fonction, quant \u00e0 elle, se monte \u00e0 25 % de l&rsquo;indemnit\u00e9 de base, soit 1 420,03 \u20ac.<\/li>\n<\/ul>\n<p>Jusque l\u00e0, c&rsquo;est pas mal, mais ca n&rsquo;est pas encore choquant. C&rsquo;est la suite qui est marrante, lorsque l&rsquo;on attaque les moyens mat\u00e9riels :<\/p>\n<p>Cr\u00e9dit pour les collaborateurs :<\/p>\n<ul>\n<li>9504\u20ac brut par mois, \u00e0 discr\u00e9tion totale du d\u00e9put\u00e9, qui peut ne l&rsquo;affecter qu&rsquo;\u00e0 une seule personne. Si la somme n&rsquo;est pas consomm\u00e9e en int\u00e9gralit\u00e9, le surplus sera revers\u00e9 au groupe politique. Lol !<\/li>\n<\/ul>\n<p>Les facilit\u00e9s de circulation<\/p>\n<ul>\n<li>billets de trains et d&rsquo;avion (80 AR en avion vers la circo + 12 AR \u00e0 discr\u00e9tion + 80 AR 1ere classe en TGV, j&rsquo;en passe<\/li>\n<\/ul>\n<p>Moyens de communication<\/p>\n<ul>\n<li>Un bureau au Palais Bourbon<\/li>\n<li>une enveloppe informatique quinqu\u00e9nale<\/li>\n<li>les communications t\u00e9l\u00e9phonique en int\u00e9gralit\u00e9 \u00e0 partir du Palais Bourbon<\/li>\n<\/ul>\n<p>L&rsquo;assurance ch\u00f4mage, tr\u00e8s sp\u00e9cifique, et particuli\u00e8rement avantageuse<\/p>\n<p>une s\u00e9curit\u00e9 de sociale (FSSAN) dont il est difficile d&rsquo;obtenir les chiffres r\u00e9els<\/p>\n<p>une retraite particuli\u00e8rement avantageuse, garantissant une retraite \u00e0 hauteur de 2700\u20ac\/mois<\/p>\n<p>Une r\u00e9serve parlementaire \u00e0 l&rsquo;\u00e9tude de laquelle on trouve des perles (voir\u00a0<a href=\"http:\/\/www2.assemblee-nationale.fr\/reserve_parlementaire\/plf\/2014\" target=\"_blank\" rel=\"noopener noreferrer\">ICI<\/a>)<br \/>\nJ&rsquo;en passe et des meilleurs, et je rejoins Alain Minc qui d\u00e9clare : \u201c<em>Quand payera-t-on enfin d\u00e9cemment le m\u00e9tier politique ?<\/em>\u201d sauf que politique n&rsquo;est pas un m\u00e9tier, mais bon, on est pas \u00e0 une connerie pr\u00e8s !<\/p>\n<div><\/div>\n<p style=\"text-align: left;\">\n<div class=\"entry-content-asset videofit\"><iframe loading=\"lazy\" title=\"Combien co\u00fbtent nos d\u00e9put\u00e9s ?\" frameborder=\"0\" width=\"500\" height=\"281\" src=\"https:\/\/geo.dailymotion.com\/player.html?video=x5e9093&#038;\" allowfullscreen allow=\"autoplay; fullscreen; picture-in-picture; web-share\"><\/iframe><\/div>\n<\/p>\n<p>Sources des infos : Assembl\u00e9e nationale, Mediapart, France TV info, les petites cachotteries de l&rsquo;assembl\u00e9e nationales et Wikipedia<br \/>\nPour le clip : biscuit-studio.com<\/p>\n<p>&nbsp;<\/p>\n<p>&nbsp;<\/p>\n","protected":false},"excerpt":{"rendered":"<p>Ce qui est choquant n&rsquo;est pas le net mensuel d&rsquo;un d\u00e9put\u00e9, autour de\u00a05500\u00a0\u20ac nets par mois, ce qui est un bon salaire de cadre, sans plus. Rien d&rsquo;anormal.\u00a0Non non, ce qui est choquant, pour ne pas dire amoral ou inacceptable, &hellip; <a href=\"http:\/\/www.frederic-poitou.com\/blog\/depute-combien-ca-coute\/\">Lire la suite\u00ad\u00ad<\/a><\/p>\n","protected":false},"author":4,"featured_media":7169,"comment_status":"closed","ping_status":"open","sticky":false,"template":"","format":"standard","meta":{"kt_blocks_editor_width":"","_exactmetrics_skip_tracking":false,"_exactmetrics_sitenote_active":false,"_exactmetrics_sitenote_note":"","_exactmetrics_sitenote_category":0,"footnotes":""},"categories":[51,54],"tags":[],"class_list":["post-7167","post","type-post","status-publish","format-standard","has-post-thumbnail","hentry","category-politique","category-societe"],"yoast_head":"<!-- This site is optimized with the Yoast SEO plugin v27.1.1 - https:\/\/yoast.com\/product\/yoast-seo-wordpress\/ -->\n<title>UN D\u00c9PUT\u00c9, COMBIEN \u00c7A CO\u00dbTE ? -<\/title>\n<meta name=\"robots\" content=\"index, follow, max-snippet:-1, max-image-preview:large, max-video-preview:-1\" \/>\n<link rel=\"canonical\" href=\"http:\/\/www.frederic-poitou.com\/blog\/depute-combien-ca-coute\/\" \/>\n<meta property=\"og:locale\" content=\"fr_FR\" \/>\n<meta property=\"og:type\" content=\"article\" \/>\n<meta property=\"og:title\" content=\"UN D\u00c9PUT\u00c9, COMBIEN \u00c7A CO\u00dbTE ? -\" \/>\n<meta property=\"og:description\" content=\"Ce qui est choquant n&rsquo;est pas le net mensuel d&rsquo;un d\u00e9put\u00e9, autour de\u00a05500\u00a0\u20ac nets par mois, ce qui est un bon salaire de cadre, sans plus. Rien d&rsquo;anormal.\u00a0Non non, ce qui est choquant, pour ne pas dire amoral ou inacceptable, &hellip; Lire la suite\u00ad\u00ad\" \/>\n<meta property=\"og:url\" content=\"http:\/\/www.frederic-poitou.com\/blog\/depute-combien-ca-coute\/\" \/>\n<meta property=\"article:publisher\" content=\"https:\/\/www.facebook.com\/frederic.poitou\/\" \/>\n<meta property=\"article:published_time\" content=\"2023-07-14T03:45:32+00:00\" \/>\n<meta property=\"article:modified_time\" content=\"2026-04-16T08:26:58+00:00\" \/>\n<meta property=\"og:image\" content=\"http:\/\/www.frederic-poitou.com\/blog\/wp-content\/2017\/03\/La-rumeur-sur-l-indemnite-de-chomage-des-deputes_reference.jpg\" \/>\n\t<meta property=\"og:image:width\" content=\"600\" \/>\n\t<meta property=\"og:image:height\" content=\"402\" \/>\n\t<meta property=\"og:image:type\" content=\"image\/jpeg\" \/>\n<meta name=\"author\" content=\"Fr\u00e9d\u00e9ric Poitou\" \/>\n<meta name=\"twitter:card\" content=\"summary_large_image\" \/>\n<meta name=\"twitter:creator\" content=\"@fredericpoitou\" \/>\n<meta name=\"twitter:site\" content=\"@fredericpoitou\" \/>\n<meta name=\"twitter:label1\" content=\"\u00c9crit par\" \/>\n\t<meta name=\"twitter:data1\" content=\"Fr\u00e9d\u00e9ric Poitou\" \/>\n\t<meta name=\"twitter:label2\" content=\"Dur\u00e9e de lecture estim\u00e9e\" \/>\n\t<meta name=\"twitter:data2\" content=\"2 minutes\" \/>\n<script type=\"application\/ld+json\" class=\"yoast-schema-graph\">{\"@context\":\"https:\/\/schema.org\",\"@graph\":[{\"@type\":\"Article\",\"@id\":\"http:\/\/www.frederic-poitou.com\/blog\/depute-combien-ca-coute\/#article\",\"isPartOf\":{\"@id\":\"http:\/\/www.frederic-poitou.com\/blog\/depute-combien-ca-coute\/\"},\"author\":{\"name\":\"Fr\u00e9d\u00e9ric Poitou\",\"@id\":\"http:\/\/www.frederic-poitou.com\/blog\/#\/schema\/person\/e2c2d05e978747818533fdce859a7799\"},\"headline\":\"UN D\u00c9PUT\u00c9, COMBIEN \u00c7A CO\u00dbTE ?\",\"datePublished\":\"2023-07-14T03:45:32+00:00\",\"dateModified\":\"2026-04-16T08:26:58+00:00\",\"mainEntityOfPage\":{\"@id\":\"http:\/\/www.frederic-poitou.com\/blog\/depute-combien-ca-coute\/\"},\"wordCount\":531,\"image\":{\"@id\":\"http:\/\/www.frederic-poitou.com\/blog\/depute-combien-ca-coute\/#primaryimage\"},\"thumbnailUrl\":\"http:\/\/www.frederic-poitou.com\/blog\/wp-content\/2017\/03\/La-rumeur-sur-l-indemnite-de-chomage-des-deputes_reference.jpg\",\"articleSection\":[\"Politique\",\"Soci\u00e9t\u00e9\"],\"inLanguage\":\"fr-FR\"},{\"@type\":\"WebPage\",\"@id\":\"http:\/\/www.frederic-poitou.com\/blog\/depute-combien-ca-coute\/\",\"url\":\"http:\/\/www.frederic-poitou.com\/blog\/depute-combien-ca-coute\/\",\"name\":\"UN D\u00c9PUT\u00c9, COMBIEN \u00c7A CO\u00dbTE ? -\",\"isPartOf\":{\"@id\":\"http:\/\/www.frederic-poitou.com\/blog\/#website\"},\"primaryImageOfPage\":{\"@id\":\"http:\/\/www.frederic-poitou.com\/blog\/depute-combien-ca-coute\/#primaryimage\"},\"image\":{\"@id\":\"http:\/\/www.frederic-poitou.com\/blog\/depute-combien-ca-coute\/#primaryimage\"},\"thumbnailUrl\":\"http:\/\/www.frederic-poitou.com\/blog\/wp-content\/2017\/03\/La-rumeur-sur-l-indemnite-de-chomage-des-deputes_reference.jpg\",\"datePublished\":\"2023-07-14T03:45:32+00:00\",\"dateModified\":\"2026-04-16T08:26:58+00:00\",\"author\":{\"@id\":\"http:\/\/www.frederic-poitou.com\/blog\/#\/schema\/person\/e2c2d05e978747818533fdce859a7799\"},\"breadcrumb\":{\"@id\":\"http:\/\/www.frederic-poitou.com\/blog\/depute-combien-ca-coute\/#breadcrumb\"},\"inLanguage\":\"fr-FR\",\"potentialAction\":[{\"@type\":\"ReadAction\",\"target\":[\"http:\/\/www.frederic-poitou.com\/blog\/depute-combien-ca-coute\/\"]}]},{\"@type\":\"ImageObject\",\"inLanguage\":\"fr-FR\",\"@id\":\"http:\/\/www.frederic-poitou.com\/blog\/depute-combien-ca-coute\/#primaryimage\",\"url\":\"http:\/\/www.frederic-poitou.com\/blog\/wp-content\/2017\/03\/La-rumeur-sur-l-indemnite-de-chomage-des-deputes_reference.jpg\",\"contentUrl\":\"http:\/\/www.frederic-poitou.com\/blog\/wp-content\/2017\/03\/La-rumeur-sur-l-indemnite-de-chomage-des-deputes_reference.jpg\",\"width\":600,\"height\":402},{\"@type\":\"BreadcrumbList\",\"@id\":\"http:\/\/www.frederic-poitou.com\/blog\/depute-combien-ca-coute\/#breadcrumb\",\"itemListElement\":[{\"@type\":\"ListItem\",\"position\":1,\"name\":\"Accueil\",\"item\":\"http:\/\/www.frederic-poitou.com\/blog\/\"},{\"@type\":\"ListItem\",\"position\":2,\"name\":\"UN D\u00c9PUT\u00c9, COMBIEN \u00c7A CO\u00dbTE ?\"}]},{\"@type\":\"WebSite\",\"@id\":\"http:\/\/www.frederic-poitou.com\/blog\/#website\",\"url\":\"http:\/\/www.frederic-poitou.com\/blog\/\",\"name\":\"\",\"description\":\"\",\"potentialAction\":[{\"@type\":\"SearchAction\",\"target\":{\"@type\":\"EntryPoint\",\"urlTemplate\":\"http:\/\/www.frederic-poitou.com\/blog\/?s={search_term_string}\"},\"query-input\":{\"@type\":\"PropertyValueSpecification\",\"valueRequired\":true,\"valueName\":\"search_term_string\"}}],\"inLanguage\":\"fr-FR\"},{\"@type\":\"Person\",\"@id\":\"http:\/\/www.frederic-poitou.com\/blog\/#\/schema\/person\/e2c2d05e978747818533fdce859a7799\",\"name\":\"Fr\u00e9d\u00e9ric Poitou\",\"image\":{\"@type\":\"ImageObject\",\"inLanguage\":\"fr-FR\",\"@id\":\"http:\/\/www.frederic-poitou.com\/blog\/#\/schema\/person\/image\/\",\"url\":\"https:\/\/secure.gravatar.com\/avatar\/1933bcca279a2feafd35d9e0a080c521e11beb51115fe4cfe02e2586ac13424a?s=96&d=mm&r=g\",\"contentUrl\":\"https:\/\/secure.gravatar.com\/avatar\/1933bcca279a2feafd35d9e0a080c521e11beb51115fe4cfe02e2586ac13424a?s=96&d=mm&r=g\",\"caption\":\"Fr\u00e9d\u00e9ric Poitou\"},\"description\":\"Fr\u00e9d\u00e9ric Poitou est n\u00e9 \u00e0 Rouen, et y a fait des \u00e9tudes au Conservatoire en musique-\u00e9tudes en section piano. Il s'est ensuite orient\u00e9 vers des \u00e9tudes scientifiques o\u00f9 il a obtenu un dipl\u00f4me d'ing\u00e9nieur, puis un doctorat en Chimie. Il est Expert Judiciaire en France, en Belgique et \u00e0 Luxembourg, et agr\u00e9e par les Institutions Europ\u00e9ennes.\",\"sameAs\":[\"http:\/\/www.frederic-poitou.com\",\"https:\/\/www.linkedin.com\/in\/frederic-poitou-b045a025\/\"]}]}<\/script>\n<!-- \/ Yoast SEO plugin. -->","yoast_head_json":{"title":"UN D\u00c9PUT\u00c9, COMBIEN \u00c7A CO\u00dbTE ? -","robots":{"index":"index","follow":"follow","max-snippet":"max-snippet:-1","max-image-preview":"max-image-preview:large","max-video-preview":"max-video-preview:-1"},"canonical":"http:\/\/www.frederic-poitou.com\/blog\/depute-combien-ca-coute\/","og_locale":"fr_FR","og_type":"article","og_title":"UN D\u00c9PUT\u00c9, COMBIEN \u00c7A CO\u00dbTE ? -","og_description":"Ce qui est choquant n&rsquo;est pas le net mensuel d&rsquo;un d\u00e9put\u00e9, autour de\u00a05500\u00a0\u20ac nets par mois, ce qui est un bon salaire de cadre, sans plus. Rien d&rsquo;anormal.\u00a0Non non, ce qui est choquant, pour ne pas dire amoral ou inacceptable, &hellip; Lire la suite\u00ad\u00ad","og_url":"http:\/\/www.frederic-poitou.com\/blog\/depute-combien-ca-coute\/","article_publisher":"https:\/\/www.facebook.com\/frederic.poitou\/","article_published_time":"2023-07-14T03:45:32+00:00","article_modified_time":"2026-04-16T08:26:58+00:00","og_image":[{"width":600,"height":402,"url":"http:\/\/www.frederic-poitou.com\/blog\/wp-content\/2017\/03\/La-rumeur-sur-l-indemnite-de-chomage-des-deputes_reference.jpg","type":"image\/jpeg"}],"author":"Fr\u00e9d\u00e9ric Poitou","twitter_card":"summary_large_image","twitter_creator":"@fredericpoitou","twitter_site":"@fredericpoitou","twitter_misc":{"\u00c9crit par":"Fr\u00e9d\u00e9ric Poitou","Dur\u00e9e de lecture estim\u00e9e":"2 minutes"},"schema":{"@context":"https:\/\/schema.org","@graph":[{"@type":"Article","@id":"http:\/\/www.frederic-poitou.com\/blog\/depute-combien-ca-coute\/#article","isPartOf":{"@id":"http:\/\/www.frederic-poitou.com\/blog\/depute-combien-ca-coute\/"},"author":{"name":"Fr\u00e9d\u00e9ric Poitou","@id":"http:\/\/www.frederic-poitou.com\/blog\/#\/schema\/person\/e2c2d05e978747818533fdce859a7799"},"headline":"UN D\u00c9PUT\u00c9, COMBIEN \u00c7A CO\u00dbTE ?","datePublished":"2023-07-14T03:45:32+00:00","dateModified":"2026-04-16T08:26:58+00:00","mainEntityOfPage":{"@id":"http:\/\/www.frederic-poitou.com\/blog\/depute-combien-ca-coute\/"},"wordCount":531,"image":{"@id":"http:\/\/www.frederic-poitou.com\/blog\/depute-combien-ca-coute\/#primaryimage"},"thumbnailUrl":"http:\/\/www.frederic-poitou.com\/blog\/wp-content\/2017\/03\/La-rumeur-sur-l-indemnite-de-chomage-des-deputes_reference.jpg","articleSection":["Politique","Soci\u00e9t\u00e9"],"inLanguage":"fr-FR"},{"@type":"WebPage","@id":"http:\/\/www.frederic-poitou.com\/blog\/depute-combien-ca-coute\/","url":"http:\/\/www.frederic-poitou.com\/blog\/depute-combien-ca-coute\/","name":"UN D\u00c9PUT\u00c9, COMBIEN \u00c7A CO\u00dbTE ? -","isPartOf":{"@id":"http:\/\/www.frederic-poitou.com\/blog\/#website"},"primaryImageOfPage":{"@id":"http:\/\/www.frederic-poitou.com\/blog\/depute-combien-ca-coute\/#primaryimage"},"image":{"@id":"http:\/\/www.frederic-poitou.com\/blog\/depute-combien-ca-coute\/#primaryimage"},"thumbnailUrl":"http:\/\/www.frederic-poitou.com\/blog\/wp-content\/2017\/03\/La-rumeur-sur-l-indemnite-de-chomage-des-deputes_reference.jpg","datePublished":"2023-07-14T03:45:32+00:00","dateModified":"2026-04-16T08:26:58+00:00","author":{"@id":"http:\/\/www.frederic-poitou.com\/blog\/#\/schema\/person\/e2c2d05e978747818533fdce859a7799"},"breadcrumb":{"@id":"http:\/\/www.frederic-poitou.com\/blog\/depute-combien-ca-coute\/#breadcrumb"},"inLanguage":"fr-FR","potentialAction":[{"@type":"ReadAction","target":["http:\/\/www.frederic-poitou.com\/blog\/depute-combien-ca-coute\/"]}]},{"@type":"ImageObject","inLanguage":"fr-FR","@id":"http:\/\/www.frederic-poitou.com\/blog\/depute-combien-ca-coute\/#primaryimage","url":"http:\/\/www.frederic-poitou.com\/blog\/wp-content\/2017\/03\/La-rumeur-sur-l-indemnite-de-chomage-des-deputes_reference.jpg","contentUrl":"http:\/\/www.frederic-poitou.com\/blog\/wp-content\/2017\/03\/La-rumeur-sur-l-indemnite-de-chomage-des-deputes_reference.jpg","width":600,"height":402},{"@type":"BreadcrumbList","@id":"http:\/\/www.frederic-poitou.com\/blog\/depute-combien-ca-coute\/#breadcrumb","itemListElement":[{"@type":"ListItem","position":1,"name":"Accueil","item":"http:\/\/www.frederic-poitou.com\/blog\/"},{"@type":"ListItem","position":2,"name":"UN D\u00c9PUT\u00c9, COMBIEN \u00c7A CO\u00dbTE ?"}]},{"@type":"WebSite","@id":"http:\/\/www.frederic-poitou.com\/blog\/#website","url":"http:\/\/www.frederic-poitou.com\/blog\/","name":"","description":"","potentialAction":[{"@type":"SearchAction","target":{"@type":"EntryPoint","urlTemplate":"http:\/\/www.frederic-poitou.com\/blog\/?s={search_term_string}"},"query-input":{"@type":"PropertyValueSpecification","valueRequired":true,"valueName":"search_term_string"}}],"inLanguage":"fr-FR"},{"@type":"Person","@id":"http:\/\/www.frederic-poitou.com\/blog\/#\/schema\/person\/e2c2d05e978747818533fdce859a7799","name":"Fr\u00e9d\u00e9ric Poitou","image":{"@type":"ImageObject","inLanguage":"fr-FR","@id":"http:\/\/www.frederic-poitou.com\/blog\/#\/schema\/person\/image\/","url":"https:\/\/secure.gravatar.com\/avatar\/1933bcca279a2feafd35d9e0a080c521e11beb51115fe4cfe02e2586ac13424a?s=96&d=mm&r=g","contentUrl":"https:\/\/secure.gravatar.com\/avatar\/1933bcca279a2feafd35d9e0a080c521e11beb51115fe4cfe02e2586ac13424a?s=96&d=mm&r=g","caption":"Fr\u00e9d\u00e9ric Poitou"},"description":"Fr\u00e9d\u00e9ric Poitou est n\u00e9 \u00e0 Rouen, et y a fait des \u00e9tudes au Conservatoire en musique-\u00e9tudes en section piano. Il s'est ensuite orient\u00e9 vers des \u00e9tudes scientifiques o\u00f9 il a obtenu un dipl\u00f4me d'ing\u00e9nieur, puis un doctorat en Chimie. Il est Expert Judiciaire en France, en Belgique et \u00e0 Luxembourg, et agr\u00e9e par les Institutions Europ\u00e9ennes.","sameAs":["http:\/\/www.frederic-poitou.com","https:\/\/www.linkedin.com\/in\/frederic-poitou-b045a025\/"]}]}},"_links":{"self":[{"href":"http:\/\/www.frederic-poitou.com\/blog\/wp-json\/wp\/v2\/posts\/7167","targetHints":{"allow":["GET"]}}],"collection":[{"href":"http:\/\/www.frederic-poitou.com\/blog\/wp-json\/wp\/v2\/posts"}],"about":[{"href":"http:\/\/www.frederic-poitou.com\/blog\/wp-json\/wp\/v2\/types\/post"}],"author":[{"embeddable":true,"href":"http:\/\/www.frederic-poitou.com\/blog\/wp-json\/wp\/v2\/users\/4"}],"replies":[{"embeddable":true,"href":"http:\/\/www.frederic-poitou.com\/blog\/wp-json\/wp\/v2\/comments?post=7167"}],"version-history":[{"count":1,"href":"http:\/\/www.frederic-poitou.com\/blog\/wp-json\/wp\/v2\/posts\/7167\/revisions"}],"predecessor-version":[{"id":8782,"href":"http:\/\/www.frederic-poitou.com\/blog\/wp-json\/wp\/v2\/posts\/7167\/revisions\/8782"}],"wp:featuredmedia":[{"embeddable":true,"href":"http:\/\/www.frederic-poitou.com\/blog\/wp-json\/wp\/v2\/media\/7169"}],"wp:attachment":[{"href":"http:\/\/www.frederic-poitou.com\/blog\/wp-json\/wp\/v2\/media?parent=7167"}],"wp:term":[{"taxonomy":"category","embeddable":true,"href":"http:\/\/www.frederic-poitou.com\/blog\/wp-json\/wp\/v2\/categories?post=7167"},{"taxonomy":"post_tag","embeddable":true,"href":"http:\/\/www.frederic-poitou.com\/blog\/wp-json\/wp\/v2\/tags?post=7167"}],"curies":[{"name":"wp","href":"https:\/\/api.w.org\/{rel}","templated":true}]}}