{"id":7135,"date":"2023-07-14T10:18:32","date_gmt":"2023-07-14T08:18:32","guid":{"rendered":"http:\/\/www.frederic-poitou.com\/blog\/?p=7135"},"modified":"2026-04-17T14:20:13","modified_gmt":"2026-04-17T12:20:13","slug":"de-gauche-de-droite-bien-contraire","status":"publish","type":"post","link":"http:\/\/www.frederic-poitou.com\/blog\/de-gauche-de-droite-bien-contraire\/","title":{"rendered":"NI DE GAUCHE, NI DE DROITE, BIEN AU CONTRAIRE !"},"content":{"rendered":"<div class=\"\" data-block=\"true\" data-editor=\"d6eaa\" data-offset-key=\"cnprt-0-0\">\n<div class=\"_1mf _1mj\" data-offset-key=\"cnprt-0-0\"><span class=\"_5u8u\" spellcheck=\"false\" data-offset-key=\"cnprt-0-0\"><span data-offset-key=\"cnprt-0-0\">Emmanuel Macron<\/span><\/span><span data-offset-key=\"cnprt-1-0\">, ni \u00e0 droite, ni \u00e0 gauche, bien au contraire ?<\/span><\/div>\n<\/div>\n<div class=\"\" data-block=\"true\" data-editor=\"d6eaa\" data-offset-key=\"7b4r5-0-0\">\n<div class=\"_1mf _1mj\" data-offset-key=\"7b4r5-0-0\"><span data-offset-key=\"7b4r5-0-0\">\u00a0<\/span><\/div>\n<\/div>\n<div class=\"\" data-block=\"true\" data-editor=\"d6eaa\" data-offset-key=\"3i6dn-0-0\">\n<div class=\"_1mf _1mj\" data-offset-key=\"3i6dn-0-0\"><span data-offset-key=\"3i6dn-0-0\">Tr\u00e8s amusant cette petite musique qu&rsquo;on entend de M\u00e9lenchon \u00e0 le Pen, et qui taxerait <\/span><span class=\"_5u8u\" spellcheck=\"false\" data-offset-key=\"3i6dn-1-0\"><span data-offset-key=\"3i6dn-1-0\">Emmanuel Macron<\/span><\/span><span data-offset-key=\"3i6dn-2-0\"> d&rsquo;\u00eatre de gauche au seul motif qu&rsquo;il aurait particip\u00e9 \u00e0 un gouvernement socialiste !<\/span><\/div>\n<\/div>\n<div class=\"\" data-block=\"true\" data-editor=\"d6eaa\" data-offset-key=\"42o7r-0-0\">\n<div class=\"_1mf _1mj\" data-offset-key=\"42o7r-0-0\"><span data-offset-key=\"42o7r-0-0\">\u00a0<\/span><\/div>\n<\/div>\n<div class=\"\" data-block=\"true\" data-editor=\"d6eaa\" data-offset-key=\"5ktcu-0-0\">\n<div class=\"_1mf _1mj\" data-offset-key=\"5ktcu-0-0\"><span data-offset-key=\"5ktcu-0-0\">Aussi fine analyse politique, que celle qui consisterait \u00e0 qualifier Martin Hirsh, Fad\u00e9la Amara, Jean Marie Bockel, Fr\u00e9d\u00e9ric Mitterand, Eric Besson et surtout Bernard Kouchner d&rsquo;\u00eatre devenu de droite, pour avoir travaill\u00e9 dans les gouvernements Fillon, sous la pr\u00e9sidence de Nicolas Sarkozy.<\/span><\/div>\n<\/div>\n<div class=\"\" data-block=\"true\" data-editor=\"d6eaa\" data-offset-key=\"6o7o6-0-0\">\n<div class=\"_1mf _1mj\" data-offset-key=\"6o7o6-0-0\"><span data-offset-key=\"6o7o6-0-0\">\u00a0<\/span><\/div>\n<\/div>\n<div class=\"\" data-block=\"true\" data-editor=\"d6eaa\" data-offset-key=\"1a976-0-0\">\n<div class=\"_1mf _1mj\" data-offset-key=\"1a976-0-0\"><span data-offset-key=\"1a976-0-0\">Macron, on le qualifie de droite quand on est \u00e0 gauche, et de gauche quand on est \u00e0 droite. Preuve si n\u00e9cessaire, qu&rsquo;il d\u00e9range tout le monde politique. Mais n&rsquo;est-ce pas justement pour cette raison qu&rsquo;il attire tant pour le moment ?<\/span><\/div>\n<\/div>\n<div class=\"\" data-block=\"true\" data-editor=\"d6eaa\" data-offset-key=\"9eqks-0-0\">\n<div class=\"_1mf _1mj\" data-offset-key=\"9eqks-0-0\"><span data-offset-key=\"9eqks-0-0\">\u00a0<\/span><\/div>\n<\/div>\n<div class=\"\" data-block=\"true\" data-editor=\"d6eaa\" data-offset-key=\"emkr7-0-0\">\n<div class=\"_1mf _1mj\" data-offset-key=\"emkr7-0-0\"><span data-offset-key=\"emkr7-0-0\">Les fran\u00e7ais qui en ont marre des partis, des magouilles, des duplicit\u00e9s, des hypocrisies cherchent peut \u00eatre simplement du neuf, et surtout une m\u00e9thode de travail et de construction d&rsquo;un projet qui n&rsquo;ait pas de compte \u00e0 rendre \u00e0 un parti qui serait &#8211; comme ils le sont d\u00e9sormais tous &#8211; emp\u00eatr\u00e9s dans le poids de \u00ab\u00a0mammouths\u00a0\u00bb ou de baronnies locales.<\/span><\/div>\n<\/div>\n<div class=\"\" data-block=\"true\" data-editor=\"d6eaa\" data-offset-key=\"6m3qu-0-0\">\n<div class=\"_1mf _1mj\" data-offset-key=\"6m3qu-0-0\"><span data-offset-key=\"6m3qu-0-0\">\u00a0<\/span><\/div>\n<\/div>\n<div class=\"\" data-block=\"true\" data-editor=\"d6eaa\" data-offset-key=\"57omm-0-0\">\n<div class=\"_1mf _1mj\" data-offset-key=\"57omm-0-0\"><span data-offset-key=\"57omm-0-0\">Quant \u00e0 son programme, il n&rsquo;en a pas disent certains. Mais si l&rsquo;on prend juste le temps de lire les grandes lignes d\u00e9j\u00e0 publi\u00e9es, elles sont plus lib\u00e9rales que celui de Fran\u00e7ois Fillon !<\/span><\/div>\n<\/div>\n<div class=\"\" data-block=\"true\" data-editor=\"d6eaa\" data-offset-key=\"djron-0-0\">\n<div class=\"_1mf _1mj\" data-offset-key=\"djron-0-0\"><span data-offset-key=\"djron-0-0\">\u00a0<\/span><\/div>\n<\/div>\n<div class=\"\" data-block=\"true\" data-editor=\"d6eaa\" data-offset-key=\"7550h-0-0\">\n<div class=\"_1mf _1mj\" data-offset-key=\"7550h-0-0\"><span data-offset-key=\"7550h-0-0\">Est-ce juste parce que lui a os\u00e9 une vraie affirmation europ\u00e9enne, et pr\u00e9pare un projet de transition \u00e9nerg\u00e9tique digne de ce qu&rsquo;aurait pu pr\u00e9senter Borloo qu&rsquo;il est consid\u00e9r\u00e9 de gauche ?<\/span><\/div>\n<\/div>\n<div class=\"\" data-block=\"true\" data-editor=\"d6eaa\" data-offset-key=\"8pksb-0-0\">\n<div class=\"_1mf _1mj\" data-offset-key=\"8pksb-0-0\"><span data-offset-key=\"8pksb-0-0\">\u00a0<\/span><\/div>\n<\/div>\n<div class=\"\" data-block=\"true\" data-editor=\"d6eaa\" data-offset-key=\"3tn1d-0-0\">\n<div class=\"_1mf _1mj\" data-offset-key=\"3tn1d-0-0\"><span data-offset-key=\"3tn1d-0-0\">Alors, une bulle ? Peut \u00eatre.<\/span><\/div>\n<\/div>\n<div class=\"\" data-block=\"true\" data-editor=\"d6eaa\" data-offset-key=\"3ourt-0-0\">\n<div class=\"_1mf _1mj\" data-offset-key=\"3ourt-0-0\"><span data-offset-key=\"3ourt-0-0\">\u00a0<\/span><\/div>\n<\/div>\n<div class=\"\" data-block=\"true\" data-editor=\"d6eaa\" data-offset-key=\"2022a-0-0\">\n<div class=\"_1mf _1mj\" data-offset-key=\"2022a-0-0\"><span data-offset-key=\"2022a-0-0\">Mais,<\/span><\/div>\n<\/div>\n<div class=\"\" data-block=\"true\" data-editor=\"d6eaa\" data-offset-key=\"dheeo-0-0\">\n<div class=\"_1mf _1mj\" data-offset-key=\"dheeo-0-0\"><span data-offset-key=\"dheeo-0-0\">si j&rsquo;en juge par la mani\u00e8re dont ceux que l&rsquo;on a trop vu sont renvoy\u00e9s \u00e0 leurs ch\u00e8res \u00e9tudes, comme ce fut le cas \u00e0 droite, \u00e0 gauche, et m\u00eame chez les \u00e9colos,<\/span><\/div>\n<\/div>\n<div class=\"\" data-block=\"true\" data-editor=\"d6eaa\" data-offset-key=\"59ij7-0-0\">\n<div class=\"_1mf _1mj\" data-offset-key=\"59ij7-0-0\"><span data-offset-key=\"59ij7-0-0\">si on se souvient du r\u00e9sultat des \u00e9lections am\u00e9ricaines, et de la cons\u00e9quence inattendue de solidarit\u00e9 qu&rsquo;elle a d\u00e9j\u00e0 sur le sentiment europ\u00e9en,<\/span><\/div>\n<\/div>\n<div class=\"\" data-block=\"true\" data-editor=\"d6eaa\" data-offset-key=\"fevv9-0-0\">\n<div class=\"_1mf _1mj\" data-offset-key=\"fevv9-0-0\"><span data-offset-key=\"fevv9-0-0\">si on prend en compte la pitoyable image donn\u00e9e par ma famille politique ces derni\u00e8res semaines, et dont on a pas encore tout vu,<\/span><\/div>\n<\/div>\n<div class=\"\" data-block=\"true\" data-editor=\"d6eaa\" data-offset-key=\"4ivf2-0-0\">\n<div class=\"_1mf _1mj\" data-offset-key=\"4ivf2-0-0\"><span data-offset-key=\"4ivf2-0-0\">\u00a0<\/span><\/div>\n<\/div>\n<div class=\"\" data-block=\"true\" data-editor=\"d6eaa\" data-offset-key=\"b3m4r-0-0\">\n<div class=\"_1mf _1mj\" data-offset-key=\"b3m4r-0-0\"><span data-offset-key=\"b3m4r-0-0\">il y a de quoi s&rsquo;interroger.<\/span><\/div>\n<\/div>\n<div class=\"\" data-block=\"true\" data-editor=\"d6eaa\" data-offset-key=\"r107-0-0\">\n<div class=\"_1mf _1mj\" data-offset-key=\"r107-0-0\"><span data-offset-key=\"r107-0-0\">\u00a0<\/span><\/div>\n<\/div>\n<div class=\"\" data-block=\"true\" data-editor=\"d6eaa\" data-offset-key=\"coli5-0-0\"><\/div>\n<p>&nbsp;<\/p>\n","protected":false},"excerpt":{"rendered":"<p>Emmanuel Macron, ni \u00e0 droite, ni \u00e0 gauche, bien au contraire ? \u00a0 Tr\u00e8s amusant cette petite musique qu&rsquo;on entend de M\u00e9lenchon \u00e0 le Pen, et qui taxerait Emmanuel Macron d&rsquo;\u00eatre de gauche au seul motif qu&rsquo;il aurait particip\u00e9 \u00e0 &hellip; <a href=\"http:\/\/www.frederic-poitou.com\/blog\/de-gauche-de-droite-bien-contraire\/\">Lire la suite\u00ad\u00ad<\/a><\/p>\n","protected":false},"author":4,"featured_media":7136,"comment_status":"closed","ping_status":"open","sticky":false,"template":"","format":"standard","meta":{"kt_blocks_editor_width":"","_exactmetrics_skip_tracking":false,"_exactmetrics_sitenote_active":false,"_exactmetrics_sitenote_note":"","_exactmetrics_sitenote_category":0,"footnotes":""},"categories":[48,51],"tags":[],"class_list":["post-7135","post","type-post","status-publish","format-standard","has-post-thumbnail","hentry","category-accueil","category-politique"],"yoast_head":"<!-- This site is optimized with the Yoast SEO plugin v27.1.1 - https:\/\/yoast.com\/product\/yoast-seo-wordpress\/ -->\n<title>NI DE GAUCHE, NI DE DROITE, BIEN AU CONTRAIRE ! -<\/title>\n<meta name=\"robots\" content=\"index, follow, max-snippet:-1, max-image-preview:large, max-video-preview:-1\" \/>\n<link rel=\"canonical\" href=\"https:\/\/www.frederic-poitou.com\/blog\/de-gauche-de-droite-bien-contraire\/\" \/>\n<meta property=\"og:locale\" content=\"fr_FR\" \/>\n<meta property=\"og:type\" content=\"article\" \/>\n<meta property=\"og:title\" content=\"NI DE GAUCHE, NI DE DROITE, BIEN AU CONTRAIRE ! -\" \/>\n<meta property=\"og:description\" content=\"Emmanuel Macron, ni \u00e0 droite, ni \u00e0 gauche, bien au contraire ? \u00a0 Tr\u00e8s amusant cette petite musique qu&rsquo;on entend de M\u00e9lenchon \u00e0 le Pen, et qui taxerait Emmanuel Macron d&rsquo;\u00eatre de gauche au seul motif qu&rsquo;il aurait particip\u00e9 \u00e0 &hellip; Lire la suite\u00ad\u00ad\" \/>\n<meta property=\"og:url\" content=\"https:\/\/www.frederic-poitou.com\/blog\/de-gauche-de-droite-bien-contraire\/\" \/>\n<meta property=\"article:publisher\" content=\"https:\/\/www.facebook.com\/frederic.poitou\/\" \/>\n<meta property=\"article:published_time\" content=\"2023-07-14T08:18:32+00:00\" \/>\n<meta property=\"article:modified_time\" content=\"2026-04-17T12:20:13+00:00\" \/>\n<meta property=\"og:image\" content=\"https:\/\/www.frederic-poitou.com\/blog\/wp-content\/2017\/02\/macron.jpeg\" \/>\n\t<meta property=\"og:image:width\" content=\"405\" \/>\n\t<meta property=\"og:image:height\" content=\"735\" \/>\n\t<meta property=\"og:image:type\" content=\"image\/jpeg\" \/>\n<meta name=\"author\" content=\"Fr\u00e9d\u00e9ric Poitou\" \/>\n<meta name=\"twitter:card\" content=\"summary_large_image\" \/>\n<meta name=\"twitter:creator\" content=\"@fredericpoitou\" \/>\n<meta name=\"twitter:site\" content=\"@fredericpoitou\" \/>\n<meta name=\"twitter:label1\" content=\"\u00c9crit par\" \/>\n\t<meta name=\"twitter:data1\" content=\"Fr\u00e9d\u00e9ric Poitou\" \/>\n\t<meta name=\"twitter:label2\" content=\"Dur\u00e9e de lecture estim\u00e9e\" \/>\n\t<meta name=\"twitter:data2\" content=\"2 minutes\" \/>\n<script type=\"application\/ld+json\" class=\"yoast-schema-graph\">{\"@context\":\"https:\/\/schema.org\",\"@graph\":[{\"@type\":\"Article\",\"@id\":\"https:\/\/www.frederic-poitou.com\/blog\/de-gauche-de-droite-bien-contraire\/#article\",\"isPartOf\":{\"@id\":\"https:\/\/www.frederic-poitou.com\/blog\/de-gauche-de-droite-bien-contraire\/\"},\"author\":{\"name\":\"Fr\u00e9d\u00e9ric Poitou\",\"@id\":\"https:\/\/www.frederic-poitou.com\/blog\/#\/schema\/person\/e2c2d05e978747818533fdce859a7799\"},\"headline\":\"NI DE GAUCHE, NI DE DROITE, BIEN AU CONTRAIRE !\",\"datePublished\":\"2023-07-14T08:18:32+00:00\",\"dateModified\":\"2026-04-17T12:20:13+00:00\",\"mainEntityOfPage\":{\"@id\":\"https:\/\/www.frederic-poitou.com\/blog\/de-gauche-de-droite-bien-contraire\/\"},\"wordCount\":388,\"image\":{\"@id\":\"https:\/\/www.frederic-poitou.com\/blog\/de-gauche-de-droite-bien-contraire\/#primaryimage\"},\"thumbnailUrl\":\"http:\/\/www.frederic-poitou.com\/blog\/wp-content\/2017\/02\/macron.jpeg\",\"articleSection\":[\"Accueil\",\"Politique\"],\"inLanguage\":\"fr-FR\"},{\"@type\":\"WebPage\",\"@id\":\"https:\/\/www.frederic-poitou.com\/blog\/de-gauche-de-droite-bien-contraire\/\",\"url\":\"https:\/\/www.frederic-poitou.com\/blog\/de-gauche-de-droite-bien-contraire\/\",\"name\":\"NI DE GAUCHE, NI DE DROITE, BIEN AU CONTRAIRE ! -\",\"isPartOf\":{\"@id\":\"https:\/\/www.frederic-poitou.com\/blog\/#website\"},\"primaryImageOfPage\":{\"@id\":\"https:\/\/www.frederic-poitou.com\/blog\/de-gauche-de-droite-bien-contraire\/#primaryimage\"},\"image\":{\"@id\":\"https:\/\/www.frederic-poitou.com\/blog\/de-gauche-de-droite-bien-contraire\/#primaryimage\"},\"thumbnailUrl\":\"http:\/\/www.frederic-poitou.com\/blog\/wp-content\/2017\/02\/macron.jpeg\",\"datePublished\":\"2023-07-14T08:18:32+00:00\",\"dateModified\":\"2026-04-17T12:20:13+00:00\",\"author\":{\"@id\":\"https:\/\/www.frederic-poitou.com\/blog\/#\/schema\/person\/e2c2d05e978747818533fdce859a7799\"},\"breadcrumb\":{\"@id\":\"https:\/\/www.frederic-poitou.com\/blog\/de-gauche-de-droite-bien-contraire\/#breadcrumb\"},\"inLanguage\":\"fr-FR\",\"potentialAction\":[{\"@type\":\"ReadAction\",\"target\":[\"https:\/\/www.frederic-poitou.com\/blog\/de-gauche-de-droite-bien-contraire\/\"]}]},{\"@type\":\"ImageObject\",\"inLanguage\":\"fr-FR\",\"@id\":\"https:\/\/www.frederic-poitou.com\/blog\/de-gauche-de-droite-bien-contraire\/#primaryimage\",\"url\":\"http:\/\/www.frederic-poitou.com\/blog\/wp-content\/2017\/02\/macron.jpeg\",\"contentUrl\":\"http:\/\/www.frederic-poitou.com\/blog\/wp-content\/2017\/02\/macron.jpeg\",\"width\":405,\"height\":735},{\"@type\":\"BreadcrumbList\",\"@id\":\"https:\/\/www.frederic-poitou.com\/blog\/de-gauche-de-droite-bien-contraire\/#breadcrumb\",\"itemListElement\":[{\"@type\":\"ListItem\",\"position\":1,\"name\":\"Accueil\",\"item\":\"https:\/\/www.frederic-poitou.com\/blog\/\"},{\"@type\":\"ListItem\",\"position\":2,\"name\":\"NI DE GAUCHE, NI DE DROITE, BIEN AU CONTRAIRE !\"}]},{\"@type\":\"WebSite\",\"@id\":\"https:\/\/www.frederic-poitou.com\/blog\/#website\",\"url\":\"https:\/\/www.frederic-poitou.com\/blog\/\",\"name\":\"\",\"description\":\"\",\"potentialAction\":[{\"@type\":\"SearchAction\",\"target\":{\"@type\":\"EntryPoint\",\"urlTemplate\":\"https:\/\/www.frederic-poitou.com\/blog\/?s={search_term_string}\"},\"query-input\":{\"@type\":\"PropertyValueSpecification\",\"valueRequired\":true,\"valueName\":\"search_term_string\"}}],\"inLanguage\":\"fr-FR\"},{\"@type\":\"Person\",\"@id\":\"https:\/\/www.frederic-poitou.com\/blog\/#\/schema\/person\/e2c2d05e978747818533fdce859a7799\",\"name\":\"Fr\u00e9d\u00e9ric Poitou\",\"image\":{\"@type\":\"ImageObject\",\"inLanguage\":\"fr-FR\",\"@id\":\"https:\/\/www.frederic-poitou.com\/blog\/#\/schema\/person\/image\/\",\"url\":\"https:\/\/secure.gravatar.com\/avatar\/1933bcca279a2feafd35d9e0a080c521e11beb51115fe4cfe02e2586ac13424a?s=96&d=mm&r=g\",\"contentUrl\":\"https:\/\/secure.gravatar.com\/avatar\/1933bcca279a2feafd35d9e0a080c521e11beb51115fe4cfe02e2586ac13424a?s=96&d=mm&r=g\",\"caption\":\"Fr\u00e9d\u00e9ric Poitou\"},\"description\":\"Fr\u00e9d\u00e9ric Poitou est n\u00e9 \u00e0 Rouen, et y a fait des \u00e9tudes au Conservatoire en musique-\u00e9tudes en section piano. Il s'est ensuite orient\u00e9 vers des \u00e9tudes scientifiques o\u00f9 il a obtenu un dipl\u00f4me d'ing\u00e9nieur, puis un doctorat en Chimie. Il est Expert Judiciaire en France, en Belgique et \u00e0 Luxembourg, et agr\u00e9e par les Institutions Europ\u00e9ennes.\",\"sameAs\":[\"http:\/\/www.frederic-poitou.com\",\"https:\/\/www.linkedin.com\/in\/frederic-poitou-b045a025\/\"]}]}<\/script>\n<!-- \/ Yoast SEO plugin. -->","yoast_head_json":{"title":"NI DE GAUCHE, NI DE DROITE, BIEN AU CONTRAIRE ! -","robots":{"index":"index","follow":"follow","max-snippet":"max-snippet:-1","max-image-preview":"max-image-preview:large","max-video-preview":"max-video-preview:-1"},"canonical":"https:\/\/www.frederic-poitou.com\/blog\/de-gauche-de-droite-bien-contraire\/","og_locale":"fr_FR","og_type":"article","og_title":"NI DE GAUCHE, NI DE DROITE, BIEN AU CONTRAIRE ! -","og_description":"Emmanuel Macron, ni \u00e0 droite, ni \u00e0 gauche, bien au contraire ? \u00a0 Tr\u00e8s amusant cette petite musique qu&rsquo;on entend de M\u00e9lenchon \u00e0 le Pen, et qui taxerait Emmanuel Macron d&rsquo;\u00eatre de gauche au seul motif qu&rsquo;il aurait particip\u00e9 \u00e0 &hellip; Lire la suite\u00ad\u00ad","og_url":"https:\/\/www.frederic-poitou.com\/blog\/de-gauche-de-droite-bien-contraire\/","article_publisher":"https:\/\/www.facebook.com\/frederic.poitou\/","article_published_time":"2023-07-14T08:18:32+00:00","article_modified_time":"2026-04-17T12:20:13+00:00","og_image":[{"width":405,"height":735,"url":"https:\/\/www.frederic-poitou.com\/blog\/wp-content\/2017\/02\/macron.jpeg","type":"image\/jpeg"}],"author":"Fr\u00e9d\u00e9ric Poitou","twitter_card":"summary_large_image","twitter_creator":"@fredericpoitou","twitter_site":"@fredericpoitou","twitter_misc":{"\u00c9crit par":"Fr\u00e9d\u00e9ric Poitou","Dur\u00e9e de lecture estim\u00e9e":"2 minutes"},"schema":{"@context":"https:\/\/schema.org","@graph":[{"@type":"Article","@id":"https:\/\/www.frederic-poitou.com\/blog\/de-gauche-de-droite-bien-contraire\/#article","isPartOf":{"@id":"https:\/\/www.frederic-poitou.com\/blog\/de-gauche-de-droite-bien-contraire\/"},"author":{"name":"Fr\u00e9d\u00e9ric Poitou","@id":"https:\/\/www.frederic-poitou.com\/blog\/#\/schema\/person\/e2c2d05e978747818533fdce859a7799"},"headline":"NI DE GAUCHE, NI DE DROITE, BIEN AU CONTRAIRE !","datePublished":"2023-07-14T08:18:32+00:00","dateModified":"2026-04-17T12:20:13+00:00","mainEntityOfPage":{"@id":"https:\/\/www.frederic-poitou.com\/blog\/de-gauche-de-droite-bien-contraire\/"},"wordCount":388,"image":{"@id":"https:\/\/www.frederic-poitou.com\/blog\/de-gauche-de-droite-bien-contraire\/#primaryimage"},"thumbnailUrl":"http:\/\/www.frederic-poitou.com\/blog\/wp-content\/2017\/02\/macron.jpeg","articleSection":["Accueil","Politique"],"inLanguage":"fr-FR"},{"@type":"WebPage","@id":"https:\/\/www.frederic-poitou.com\/blog\/de-gauche-de-droite-bien-contraire\/","url":"https:\/\/www.frederic-poitou.com\/blog\/de-gauche-de-droite-bien-contraire\/","name":"NI DE GAUCHE, NI DE DROITE, BIEN AU CONTRAIRE ! -","isPartOf":{"@id":"https:\/\/www.frederic-poitou.com\/blog\/#website"},"primaryImageOfPage":{"@id":"https:\/\/www.frederic-poitou.com\/blog\/de-gauche-de-droite-bien-contraire\/#primaryimage"},"image":{"@id":"https:\/\/www.frederic-poitou.com\/blog\/de-gauche-de-droite-bien-contraire\/#primaryimage"},"thumbnailUrl":"http:\/\/www.frederic-poitou.com\/blog\/wp-content\/2017\/02\/macron.jpeg","datePublished":"2023-07-14T08:18:32+00:00","dateModified":"2026-04-17T12:20:13+00:00","author":{"@id":"https:\/\/www.frederic-poitou.com\/blog\/#\/schema\/person\/e2c2d05e978747818533fdce859a7799"},"breadcrumb":{"@id":"https:\/\/www.frederic-poitou.com\/blog\/de-gauche-de-droite-bien-contraire\/#breadcrumb"},"inLanguage":"fr-FR","potentialAction":[{"@type":"ReadAction","target":["https:\/\/www.frederic-poitou.com\/blog\/de-gauche-de-droite-bien-contraire\/"]}]},{"@type":"ImageObject","inLanguage":"fr-FR","@id":"https:\/\/www.frederic-poitou.com\/blog\/de-gauche-de-droite-bien-contraire\/#primaryimage","url":"http:\/\/www.frederic-poitou.com\/blog\/wp-content\/2017\/02\/macron.jpeg","contentUrl":"http:\/\/www.frederic-poitou.com\/blog\/wp-content\/2017\/02\/macron.jpeg","width":405,"height":735},{"@type":"BreadcrumbList","@id":"https:\/\/www.frederic-poitou.com\/blog\/de-gauche-de-droite-bien-contraire\/#breadcrumb","itemListElement":[{"@type":"ListItem","position":1,"name":"Accueil","item":"https:\/\/www.frederic-poitou.com\/blog\/"},{"@type":"ListItem","position":2,"name":"NI DE GAUCHE, NI DE DROITE, BIEN AU CONTRAIRE !"}]},{"@type":"WebSite","@id":"https:\/\/www.frederic-poitou.com\/blog\/#website","url":"https:\/\/www.frederic-poitou.com\/blog\/","name":"","description":"","potentialAction":[{"@type":"SearchAction","target":{"@type":"EntryPoint","urlTemplate":"https:\/\/www.frederic-poitou.com\/blog\/?s={search_term_string}"},"query-input":{"@type":"PropertyValueSpecification","valueRequired":true,"valueName":"search_term_string"}}],"inLanguage":"fr-FR"},{"@type":"Person","@id":"https:\/\/www.frederic-poitou.com\/blog\/#\/schema\/person\/e2c2d05e978747818533fdce859a7799","name":"Fr\u00e9d\u00e9ric Poitou","image":{"@type":"ImageObject","inLanguage":"fr-FR","@id":"https:\/\/www.frederic-poitou.com\/blog\/#\/schema\/person\/image\/","url":"https:\/\/secure.gravatar.com\/avatar\/1933bcca279a2feafd35d9e0a080c521e11beb51115fe4cfe02e2586ac13424a?s=96&d=mm&r=g","contentUrl":"https:\/\/secure.gravatar.com\/avatar\/1933bcca279a2feafd35d9e0a080c521e11beb51115fe4cfe02e2586ac13424a?s=96&d=mm&r=g","caption":"Fr\u00e9d\u00e9ric Poitou"},"description":"Fr\u00e9d\u00e9ric Poitou est n\u00e9 \u00e0 Rouen, et y a fait des \u00e9tudes au Conservatoire en musique-\u00e9tudes en section piano. Il s'est ensuite orient\u00e9 vers des \u00e9tudes scientifiques o\u00f9 il a obtenu un dipl\u00f4me d'ing\u00e9nieur, puis un doctorat en Chimie. Il est Expert Judiciaire en France, en Belgique et \u00e0 Luxembourg, et agr\u00e9e par les Institutions Europ\u00e9ennes.","sameAs":["http:\/\/www.frederic-poitou.com","https:\/\/www.linkedin.com\/in\/frederic-poitou-b045a025\/"]}]}},"_links":{"self":[{"href":"http:\/\/www.frederic-poitou.com\/blog\/wp-json\/wp\/v2\/posts\/7135","targetHints":{"allow":["GET"]}}],"collection":[{"href":"http:\/\/www.frederic-poitou.com\/blog\/wp-json\/wp\/v2\/posts"}],"about":[{"href":"http:\/\/www.frederic-poitou.com\/blog\/wp-json\/wp\/v2\/types\/post"}],"author":[{"embeddable":true,"href":"http:\/\/www.frederic-poitou.com\/blog\/wp-json\/wp\/v2\/users\/4"}],"replies":[{"embeddable":true,"href":"http:\/\/www.frederic-poitou.com\/blog\/wp-json\/wp\/v2\/comments?post=7135"}],"version-history":[{"count":1,"href":"http:\/\/www.frederic-poitou.com\/blog\/wp-json\/wp\/v2\/posts\/7135\/revisions"}],"predecessor-version":[{"id":10321,"href":"http:\/\/www.frederic-poitou.com\/blog\/wp-json\/wp\/v2\/posts\/7135\/revisions\/10321"}],"wp:featuredmedia":[{"embeddable":true,"href":"http:\/\/www.frederic-poitou.com\/blog\/wp-json\/wp\/v2\/media\/7136"}],"wp:attachment":[{"href":"http:\/\/www.frederic-poitou.com\/blog\/wp-json\/wp\/v2\/media?parent=7135"}],"wp:term":[{"taxonomy":"category","embeddable":true,"href":"http:\/\/www.frederic-poitou.com\/blog\/wp-json\/wp\/v2\/categories?post=7135"},{"taxonomy":"post_tag","embeddable":true,"href":"http:\/\/www.frederic-poitou.com\/blog\/wp-json\/wp\/v2\/tags?post=7135"}],"curies":[{"name":"wp","href":"https:\/\/api.w.org\/{rel}","templated":true}]}}