{"id":6940,"date":"2023-07-14T10:11:32","date_gmt":"2023-07-14T08:11:32","guid":{"rendered":"http:\/\/www.frederic-poitou.com\/blog\/?p=6940"},"modified":"2026-04-17T13:16:59","modified_gmt":"2026-04-17T11:16:59","slug":"gauche-contre-droite","status":"publish","type":"post","link":"http:\/\/www.frederic-poitou.com\/blog\/gauche-contre-droite\/","title":{"rendered":"GAUCHE CONTRE DROITE ?"},"content":{"rendered":"<p>Pourquoi toujours monter les fran\u00e7ais les uns contre les autres ?<\/p>\n<p>La technique est bien connue : Monopoliser les m\u00e9dias pour attirer l\u2019attention, quitte \u00e0 dire tout et n\u2019importe quoi en mentant sciemment.<\/p>\n<p>Cet \u00e9t\u00e9, ce fut le Burkini, puis le r\u00e9chauffement climatique, puis nos anc\u00eatres les gaulois, jusqu\u2019\u00e0 l\u2019\u00e9pisode du reportage Envoy\u00e9 Sp\u00e9cial \u00e0 la suite duquel est venue une autre s\u00e9quence \u00e0 l&rsquo;occasion de laquelle on m\u00e9lange alors \u00abcomptes de campagne\u00bb et \u00abaffaire Bygmalion\u00bb, deux affaires diff\u00e9rentes dont l\u2019une vaut une mise en examen pour financement ill\u00e9gal de campagne \u00e9lectorale, le d\u00e9passement n\u2019\u00e9tant qu\u2019un des \u00e9l\u00e9ments constitutifs. Le Fact Checking &#8211; m\u00eame \u00e0 la radio &#8211; est impitoyable.<\/p>\n<p>Ce ressort \u00e9tant d\u00e9finitivement \u00e9puis\u00e9, les autres ayant fait pschitt, il fallait bien balancer une ni\u00e8me b\u00eatise pour tenter d\u2019influencer une primaire pour l\u2019instant mal engag\u00e9e en focusant les m\u00e9dias.\u00a0Ca sera donc le kidnapping de la primaire par les \u00e9lecteurs de gauches que l\u2019on annonce nombreux \u00e0 vouloir venir m\u00ealer leurs votes \u00e0 ceux de la droite et du centre.\u00a0<em>\u00ab\u00a0si on est \u00e9lu avec des voix de gauche, c\u2019est qu\u2019on s\u2019appr\u00eate \u00e0 gouverner avec la gauche\u00a0\u00bb <\/em>Waow !<\/p>\n<p>Mais sauf erreur de ma part, il me revient que 7 ministres de gauche &#8211; et quelle gauche ! &#8211; avaient \u00e9t\u00e9 captur\u00e9s en 2007 comme des prises de guerre par Nicolas Sarkozy dans ce gouvernement auquel moi aussi je croyais, pensant qu\u2019on avait enfin d\u00e9pass\u00e9 les clivages infond\u00e9s de la 4e r\u00e9publique.<\/p>\n<p>Ainsi Eric Besson, Fr\u00e9d\u00e9ric Mitterand (excusez du peu !), Jean-Pierre Jouyet (lol !), le formidable Martin Hirsch qui s\u2019est depuis sagement retir\u00e9 du milieu pour se consacrer \u00e0 sa premi\u00e8re passion, la solidarit\u00e9 et l\u2019action sociale en tant que DG de l\u2019APHP, ce mastodonte \u00e0 r\u00e9organiser, Fad\u00e9la Amara, et Jean-Marie Bockel (revenu aujourd\u2019hui au bercail de l\u2019UDI, via la gauche moderne membre du Parti Radical).<\/p>\n<p>Comme l\u2019\u00e9crit Mael de Calan, les m\u00eames qui crient au loup se f\u00e9licitaient de l\u2019appui du MoDem en 2015 &#8211; mais aussi du PS, notamment en PACA &#8211; pour remporter des \u00e9lections r\u00e9gionales plut\u00f4t mal embarqu\u00e9es au premier tour. Certains cadres de Les R\u00e9publicains ont parfois la m\u00e9moire courte &#8230;<\/p>\n<p>Alors oui, j\u2019ai fait deux campagnes pour Nicolas Sarkozy, et je ne les regrette pas, car pour la premi\u00e8re, si ca n\u2019avait pas \u00e9t\u00e9 lui, ca aurait \u00e9t\u00e9 S\u00e9gol\u00e8ne Royal et l\u00e0 je l\u2019aurais regrett\u00e9.<br \/>\nJ\u2019y ai cru comme tout le monde. Il \u00e9tait celui qui par son dynamisme, sa jeunesse, son \u00e9nergie et son volontarisme \u00e9tait capable de tous nous entra\u00eener dans une spirale vertueuse, g\u00e9n\u00e9ratrice d\u2019un \u00e9lan nouveau pour la maison commune, la France. Espoir finalement vite bafou\u00e9 par les premi\u00e8res heures au Fouquet\u2019s, les Rolex et Ray-Ban de mauvais go\u00fbt, puis les vacances sur le Yacht de Bollor\u00e9, puis plus tard, les mots malheureux de karcher, casse toi pauvre con, jusqu\u2019aux relations sulfureuses avec certains dictateurs du proche Orient, et la mascarade de la venue de Kadhafi \u00e0 Paris. La messe \u00e9tait dite, baissez le ban !<\/p>\n<p>la seconde, il a juste \u00e9t\u00e9 battu par plus fort que lui : Fran\u00e7ois Hollande. Et encore n&rsquo;\u00e9tait-ce pas\u00a0Dominique Strauss-Kahn &#8230;<\/p>\n<p>&nbsp;<\/p>\n<p>Il serait donc plus honteux que des fran\u00e7ais de sensibilit\u00e9 de gauche s\u2019invitent \u00e0 voter aux primaires si ils sont d\u00e9\u00e7us de la gauche, que les inviter \u00e0 \u00eatre ministre de son gouvernement.<\/p>\n<p>Si la participation aux primaires de la droite et du centre devraient \u00eatre \u00e0\u00a080% constitu\u00e9e d\u2019\u00e9lecteurs de notre sensibilit\u00e9, les \u00e9tudes confirment que 10% devraient \u00eatre des d\u00e9\u00e7us de la gauche, et 10% des \u00e9lecteurs du FN.<\/p>\n<p>La France a toujours \u00e9t\u00e9 \u00e0 droite, une droite centriste de type orl\u00e9aniste, mod\u00e9r\u00e9e h\u00e9riti\u00e8re de Condorcet, Tocqueville, mais aussi Barre, Giscard, Lecanuet, Schuman, Simone Veil, jusqu\u2019\u00e0 Jacques Delors et m\u00eame Michel Rocard bien que ces deux derniers fussent socialistes.<\/p>\n<p>Ces \u00e9lecteurs mod\u00e9r\u00e9s, mais de droite se sont port\u00e9s pour partie (13% selon les \u00e9tudes) sur Fran\u00e7ois Hollande en 2012 par rejet de Nicolas Sarkozy. Quoi de plus normal de leur tendre la main pour revenir s\u2019associer dans un projet commun auquel ils aspirent encore ?<\/p>\n<p>Les 10% d\u2019\u00e9lecteurs qui viennent du FN envisagent de voter aux primaires, pour un calcul b\u00eatement math\u00e9matique, afin de choisir celui de nos candidats qu\u2019ils esp\u00e8rent battre le plus facilement et qu\u2019il est facile d\u2019identifier. L\u2019\u00e9lectorat du FN est cristallis\u00e9, fid\u00e8le et loyal, avec des revendications incompatibles avec un projet d\u00e9mocrate, social et europ\u00e9en, il n&rsquo;est pas difficile d&rsquo;identifier leur choix, m\u00eame si il est opportuniste.<\/p>\n<p>Jupp\u00e9 ne s\u2019y risquera pas. Ca n\u2019est pas dans sa conception de l\u2019apaisement et de la coh\u00e9sion nationale dont notre pays \u00e0 besoin. Suspecter Alain Jupp\u00e9 de pr\u00e9parer une politique de gauche (il propose la retraite \u00e0 65 ans, 30 Md\u20ac de baisses d\u2019imp\u00f4ts, 10\u00a0000 nouvelles places de prison et le recrutement de milliers de policiers et gendarmes) n\u2019a pas de sens. On d\u00e9rive, on s\u2019abaisse, on patauge. Nicolas Sarkozy s\u2019appr\u00eaterait alors \u00e0 faire une politique d\u2019extr\u00eame droite puisqu\u2019il est soutenu par des militants du FN\u00a0et de plus en plus\u00a0<a href=\"http:\/\/www.20minutes.fr\/nice\/1935479-20161003-nice-ex-fn-gael-nofri-rejoint-majorite-municipale-appelle-voter-sarkozy\" target=\"_blank\" rel=\"noopener\">d&rsquo;\u00e9lus<\/a> ?<\/p>\n<p>Alors, quand on parle de \u00ab\u00a0<em>hordes d\u2019\u00e9lecteurs de gauche<\/em>\u00a0\u00bb avec une s\u00e9mantique toute proche de celle utilis\u00e9e par Marine le Pen pour qualifier les migrants Syriens, c\u2019est juste oublier qu&rsquo;en France, ce sont moins de 20% d\u2019\u00e9lecteurs \u00abmobiles\u00bb dont les votes sont labiles, qui font les \u00e9lections, et que ces \u00e9lecteurs se situent entre le centre gauche et le centre droit. Ne les insultons pas, ce sont juste nos cousins sociaux-d\u00e9mocrates, \u00e0 nous socio-lib\u00e9raux !<br \/>\nSi nous ne parvenons pas \u00e0 les convaincre de revenir voter \u00e0 droite, nous perdrons les \u00e9lections pr\u00e9sidentielles de 2017 pour les m\u00eames raisons que nous avons perdu celles de 2012. Pour le moins pire en envoyant de nouveau un socialiste incomp\u00e9tent \u00e0 l\u2019Elys\u00e9e, pour le plus pr\u00e9occupant, en envoyant tr\u00e8s d\u00e9mocratiquement un leader d\u2019extr\u00eame droite comme l&rsquo;Autriche s&rsquo;appr\u00eate \u00e0 le faire.<\/p>\n<p>Vivement donc que le MoDem et l\u2019UDI annoncent leurs soutiens afin d&rsquo;\u00e9claircir le d\u00e9bat. Mais vivement surtout que soient donn\u00e9es la consigne \u00e0 leurs adh\u00e9rents d\u2019aller voter afin d\u2019\u00e9claircir le d\u00e9bat ! La France a besoin d\u2019un Pr\u00e9sident qui rassemble, au del\u00e0 des clivages actuels en d\u00e9pla\u00e7ant les d\u00e9ceptions pour les transformer en \u00e9nergie.<\/p>\n<p>&nbsp;<\/p>\n<p>Alors, dans mon comit\u00e9 de soutien \u00e0 la candidature d\u2019Alain Jupp\u00e9 j\u2019ai plusieurs membres de sensibilit\u00e9 de gauche. C\u2019est tr\u00e8s bien ainsi et j\u2019en suis fier. Ils se sont courageusement engag\u00e9 comme moi derri\u00e8re un homme d\u2019envergure, que les \u00e9v\u00e8nements de sa vie ont fait grandir, r\u00e9fl\u00e9chir, et construire un projet qui leur ressemble, qui nous ressemble. Et en Janvier 2015, alors que tout le monde pr\u00e9f\u00e9rait jouer ses investitures plut\u00f4t que ses convictions, il fallait oser !<\/p>\n<p>Ci-dessous en cliquant sur le graphique mis \u00e0 jour en permanence, l&rsquo;ensemble des sondages sur le sujet.<\/p>\n<div><a href=\"http:\/\/www.lefigaro.fr\/elections\/presidentielles\/primaires-droite\/2016\/09\/29\/35004-20160929ARTFIG00286-primaire-a-droite-tous-les-sondages-en-un-clic.php\" target=\"_blank\" rel=\"noopener\"><img loading=\"lazy\" decoding=\"async\" class=\"size-full wp-image-6942 aligncenter\" src=\"http:\/\/www.frederic-poitou.com\/blog\/wp-content\/2016\/10\/sondage.jpeg\" alt=\"sondage\" width=\"624\" height=\"623\" srcset=\"http:\/\/www.frederic-poitou.com\/blog\/wp-content\/2016\/10\/sondage.jpeg 624w, http:\/\/www.frederic-poitou.com\/blog\/wp-content\/2016\/10\/sondage-150x150.jpeg 150w, http:\/\/www.frederic-poitou.com\/blog\/wp-content\/2016\/10\/sondage-300x300.jpeg 300w, http:\/\/www.frederic-poitou.com\/blog\/wp-content\/2016\/10\/sondage-552x552.jpeg 552w, http:\/\/www.frederic-poitou.com\/blog\/wp-content\/2016\/10\/sondage-276x276.jpeg 276w, http:\/\/www.frederic-poitou.com\/blog\/wp-content\/2016\/10\/sondage-532x532.jpeg 532w, http:\/\/www.frederic-poitou.com\/blog\/wp-content\/2016\/10\/sondage-266x266.jpeg 266w, http:\/\/www.frederic-poitou.com\/blog\/wp-content\/2016\/10\/sondage-540x540.jpeg 540w, http:\/\/www.frederic-poitou.com\/blog\/wp-content\/2016\/10\/sondage-270x270.jpeg 270w\" sizes=\"auto, (max-width: 624px) 100vw, 624px\" \/><\/a><\/div>\n","protected":false},"excerpt":{"rendered":"<p>Pourquoi toujours monter les fran\u00e7ais les uns contre les autres ? La technique est bien connue : Monopoliser les m\u00e9dias pour attirer l\u2019attention, quitte \u00e0 dire tout et n\u2019importe quoi en mentant sciemment. Cet \u00e9t\u00e9, ce fut le Burkini, puis &hellip; <a href=\"http:\/\/www.frederic-poitou.com\/blog\/gauche-contre-droite\/\">Lire la suite\u00ad\u00ad<\/a><\/p>\n","protected":false},"author":4,"featured_media":6942,"comment_status":"closed","ping_status":"open","sticky":false,"template":"","format":"standard","meta":{"kt_blocks_editor_width":"","_exactmetrics_skip_tracking":false,"_exactmetrics_sitenote_active":false,"_exactmetrics_sitenote_note":"","_exactmetrics_sitenote_category":0,"footnotes":""},"categories":[51],"tags":[],"class_list":["post-6940","post","type-post","status-publish","format-standard","has-post-thumbnail","hentry","category-politique"],"yoast_head":"<!-- This site is optimized with the Yoast SEO plugin v27.1.1 - https:\/\/yoast.com\/product\/yoast-seo-wordpress\/ -->\n<title>GAUCHE CONTRE DROITE ? -<\/title>\n<meta name=\"robots\" content=\"index, follow, max-snippet:-1, max-image-preview:large, max-video-preview:-1\" \/>\n<link rel=\"canonical\" href=\"http:\/\/www.frederic-poitou.com\/blog\/gauche-contre-droite\/\" \/>\n<meta property=\"og:locale\" content=\"fr_FR\" \/>\n<meta property=\"og:type\" content=\"article\" \/>\n<meta property=\"og:title\" content=\"GAUCHE CONTRE DROITE ? -\" \/>\n<meta property=\"og:description\" content=\"Pourquoi toujours monter les fran\u00e7ais les uns contre les autres ? La technique est bien connue : Monopoliser les m\u00e9dias pour attirer l\u2019attention, quitte \u00e0 dire tout et n\u2019importe quoi en mentant sciemment. Cet \u00e9t\u00e9, ce fut le Burkini, puis &hellip; Lire la suite\u00ad\u00ad\" \/>\n<meta property=\"og:url\" content=\"http:\/\/www.frederic-poitou.com\/blog\/gauche-contre-droite\/\" \/>\n<meta property=\"article:publisher\" content=\"https:\/\/www.facebook.com\/frederic.poitou\/\" \/>\n<meta property=\"article:published_time\" content=\"2023-07-14T08:11:32+00:00\" \/>\n<meta property=\"article:modified_time\" content=\"2026-04-17T11:16:59+00:00\" \/>\n<meta property=\"og:image\" content=\"http:\/\/www.frederic-poitou.com\/blog\/wp-content\/2016\/10\/sondage.jpeg\" \/>\n\t<meta property=\"og:image:width\" content=\"624\" \/>\n\t<meta property=\"og:image:height\" content=\"623\" \/>\n\t<meta property=\"og:image:type\" content=\"image\/jpeg\" \/>\n<meta name=\"author\" content=\"Fr\u00e9d\u00e9ric Poitou\" \/>\n<meta name=\"twitter:card\" content=\"summary_large_image\" \/>\n<meta name=\"twitter:creator\" content=\"@fredericpoitou\" \/>\n<meta name=\"twitter:site\" content=\"@fredericpoitou\" \/>\n<meta name=\"twitter:label1\" content=\"\u00c9crit par\" \/>\n\t<meta name=\"twitter:data1\" content=\"Fr\u00e9d\u00e9ric Poitou\" \/>\n\t<meta name=\"twitter:label2\" content=\"Dur\u00e9e de lecture estim\u00e9e\" \/>\n\t<meta name=\"twitter:data2\" content=\"6 minutes\" \/>\n<script type=\"application\/ld+json\" class=\"yoast-schema-graph\">{\"@context\":\"https:\/\/schema.org\",\"@graph\":[{\"@type\":\"Article\",\"@id\":\"http:\/\/www.frederic-poitou.com\/blog\/gauche-contre-droite\/#article\",\"isPartOf\":{\"@id\":\"http:\/\/www.frederic-poitou.com\/blog\/gauche-contre-droite\/\"},\"author\":{\"name\":\"Fr\u00e9d\u00e9ric Poitou\",\"@id\":\"http:\/\/www.frederic-poitou.com\/blog\/#\/schema\/person\/e2c2d05e978747818533fdce859a7799\"},\"headline\":\"GAUCHE CONTRE DROITE ?\",\"datePublished\":\"2023-07-14T08:11:32+00:00\",\"dateModified\":\"2026-04-17T11:16:59+00:00\",\"mainEntityOfPage\":{\"@id\":\"http:\/\/www.frederic-poitou.com\/blog\/gauche-contre-droite\/\"},\"wordCount\":1239,\"image\":{\"@id\":\"http:\/\/www.frederic-poitou.com\/blog\/gauche-contre-droite\/#primaryimage\"},\"thumbnailUrl\":\"http:\/\/www.frederic-poitou.com\/blog\/wp-content\/2016\/10\/sondage.jpeg\",\"articleSection\":[\"Politique\"],\"inLanguage\":\"fr-FR\"},{\"@type\":\"WebPage\",\"@id\":\"http:\/\/www.frederic-poitou.com\/blog\/gauche-contre-droite\/\",\"url\":\"http:\/\/www.frederic-poitou.com\/blog\/gauche-contre-droite\/\",\"name\":\"GAUCHE CONTRE DROITE ? -\",\"isPartOf\":{\"@id\":\"http:\/\/www.frederic-poitou.com\/blog\/#website\"},\"primaryImageOfPage\":{\"@id\":\"http:\/\/www.frederic-poitou.com\/blog\/gauche-contre-droite\/#primaryimage\"},\"image\":{\"@id\":\"http:\/\/www.frederic-poitou.com\/blog\/gauche-contre-droite\/#primaryimage\"},\"thumbnailUrl\":\"http:\/\/www.frederic-poitou.com\/blog\/wp-content\/2016\/10\/sondage.jpeg\",\"datePublished\":\"2023-07-14T08:11:32+00:00\",\"dateModified\":\"2026-04-17T11:16:59+00:00\",\"author\":{\"@id\":\"http:\/\/www.frederic-poitou.com\/blog\/#\/schema\/person\/e2c2d05e978747818533fdce859a7799\"},\"breadcrumb\":{\"@id\":\"http:\/\/www.frederic-poitou.com\/blog\/gauche-contre-droite\/#breadcrumb\"},\"inLanguage\":\"fr-FR\",\"potentialAction\":[{\"@type\":\"ReadAction\",\"target\":[\"http:\/\/www.frederic-poitou.com\/blog\/gauche-contre-droite\/\"]}]},{\"@type\":\"ImageObject\",\"inLanguage\":\"fr-FR\",\"@id\":\"http:\/\/www.frederic-poitou.com\/blog\/gauche-contre-droite\/#primaryimage\",\"url\":\"http:\/\/www.frederic-poitou.com\/blog\/wp-content\/2016\/10\/sondage.jpeg\",\"contentUrl\":\"http:\/\/www.frederic-poitou.com\/blog\/wp-content\/2016\/10\/sondage.jpeg\",\"width\":624,\"height\":623},{\"@type\":\"BreadcrumbList\",\"@id\":\"http:\/\/www.frederic-poitou.com\/blog\/gauche-contre-droite\/#breadcrumb\",\"itemListElement\":[{\"@type\":\"ListItem\",\"position\":1,\"name\":\"Accueil\",\"item\":\"http:\/\/www.frederic-poitou.com\/blog\/\"},{\"@type\":\"ListItem\",\"position\":2,\"name\":\"GAUCHE CONTRE DROITE ?\"}]},{\"@type\":\"WebSite\",\"@id\":\"http:\/\/www.frederic-poitou.com\/blog\/#website\",\"url\":\"http:\/\/www.frederic-poitou.com\/blog\/\",\"name\":\"\",\"description\":\"\",\"potentialAction\":[{\"@type\":\"SearchAction\",\"target\":{\"@type\":\"EntryPoint\",\"urlTemplate\":\"http:\/\/www.frederic-poitou.com\/blog\/?s={search_term_string}\"},\"query-input\":{\"@type\":\"PropertyValueSpecification\",\"valueRequired\":true,\"valueName\":\"search_term_string\"}}],\"inLanguage\":\"fr-FR\"},{\"@type\":\"Person\",\"@id\":\"http:\/\/www.frederic-poitou.com\/blog\/#\/schema\/person\/e2c2d05e978747818533fdce859a7799\",\"name\":\"Fr\u00e9d\u00e9ric Poitou\",\"image\":{\"@type\":\"ImageObject\",\"inLanguage\":\"fr-FR\",\"@id\":\"http:\/\/www.frederic-poitou.com\/blog\/#\/schema\/person\/image\/\",\"url\":\"https:\/\/secure.gravatar.com\/avatar\/1933bcca279a2feafd35d9e0a080c521e11beb51115fe4cfe02e2586ac13424a?s=96&d=mm&r=g\",\"contentUrl\":\"https:\/\/secure.gravatar.com\/avatar\/1933bcca279a2feafd35d9e0a080c521e11beb51115fe4cfe02e2586ac13424a?s=96&d=mm&r=g\",\"caption\":\"Fr\u00e9d\u00e9ric Poitou\"},\"description\":\"Fr\u00e9d\u00e9ric Poitou est n\u00e9 \u00e0 Rouen, et y a fait des \u00e9tudes au Conservatoire en musique-\u00e9tudes en section piano. Il s'est ensuite orient\u00e9 vers des \u00e9tudes scientifiques o\u00f9 il a obtenu un dipl\u00f4me d'ing\u00e9nieur, puis un doctorat en Chimie. Il est Expert Judiciaire en France, en Belgique et \u00e0 Luxembourg, et agr\u00e9e par les Institutions Europ\u00e9ennes.\",\"sameAs\":[\"http:\/\/www.frederic-poitou.com\",\"https:\/\/www.linkedin.com\/in\/frederic-poitou-b045a025\/\"]}]}<\/script>\n<!-- \/ Yoast SEO plugin. -->","yoast_head_json":{"title":"GAUCHE CONTRE DROITE ? -","robots":{"index":"index","follow":"follow","max-snippet":"max-snippet:-1","max-image-preview":"max-image-preview:large","max-video-preview":"max-video-preview:-1"},"canonical":"http:\/\/www.frederic-poitou.com\/blog\/gauche-contre-droite\/","og_locale":"fr_FR","og_type":"article","og_title":"GAUCHE CONTRE DROITE ? -","og_description":"Pourquoi toujours monter les fran\u00e7ais les uns contre les autres ? La technique est bien connue : Monopoliser les m\u00e9dias pour attirer l\u2019attention, quitte \u00e0 dire tout et n\u2019importe quoi en mentant sciemment. Cet \u00e9t\u00e9, ce fut le Burkini, puis &hellip; Lire la suite\u00ad\u00ad","og_url":"http:\/\/www.frederic-poitou.com\/blog\/gauche-contre-droite\/","article_publisher":"https:\/\/www.facebook.com\/frederic.poitou\/","article_published_time":"2023-07-14T08:11:32+00:00","article_modified_time":"2026-04-17T11:16:59+00:00","og_image":[{"width":624,"height":623,"url":"http:\/\/www.frederic-poitou.com\/blog\/wp-content\/2016\/10\/sondage.jpeg","type":"image\/jpeg"}],"author":"Fr\u00e9d\u00e9ric Poitou","twitter_card":"summary_large_image","twitter_creator":"@fredericpoitou","twitter_site":"@fredericpoitou","twitter_misc":{"\u00c9crit par":"Fr\u00e9d\u00e9ric Poitou","Dur\u00e9e de lecture estim\u00e9e":"6 minutes"},"schema":{"@context":"https:\/\/schema.org","@graph":[{"@type":"Article","@id":"http:\/\/www.frederic-poitou.com\/blog\/gauche-contre-droite\/#article","isPartOf":{"@id":"http:\/\/www.frederic-poitou.com\/blog\/gauche-contre-droite\/"},"author":{"name":"Fr\u00e9d\u00e9ric Poitou","@id":"http:\/\/www.frederic-poitou.com\/blog\/#\/schema\/person\/e2c2d05e978747818533fdce859a7799"},"headline":"GAUCHE CONTRE DROITE ?","datePublished":"2023-07-14T08:11:32+00:00","dateModified":"2026-04-17T11:16:59+00:00","mainEntityOfPage":{"@id":"http:\/\/www.frederic-poitou.com\/blog\/gauche-contre-droite\/"},"wordCount":1239,"image":{"@id":"http:\/\/www.frederic-poitou.com\/blog\/gauche-contre-droite\/#primaryimage"},"thumbnailUrl":"http:\/\/www.frederic-poitou.com\/blog\/wp-content\/2016\/10\/sondage.jpeg","articleSection":["Politique"],"inLanguage":"fr-FR"},{"@type":"WebPage","@id":"http:\/\/www.frederic-poitou.com\/blog\/gauche-contre-droite\/","url":"http:\/\/www.frederic-poitou.com\/blog\/gauche-contre-droite\/","name":"GAUCHE CONTRE DROITE ? -","isPartOf":{"@id":"http:\/\/www.frederic-poitou.com\/blog\/#website"},"primaryImageOfPage":{"@id":"http:\/\/www.frederic-poitou.com\/blog\/gauche-contre-droite\/#primaryimage"},"image":{"@id":"http:\/\/www.frederic-poitou.com\/blog\/gauche-contre-droite\/#primaryimage"},"thumbnailUrl":"http:\/\/www.frederic-poitou.com\/blog\/wp-content\/2016\/10\/sondage.jpeg","datePublished":"2023-07-14T08:11:32+00:00","dateModified":"2026-04-17T11:16:59+00:00","author":{"@id":"http:\/\/www.frederic-poitou.com\/blog\/#\/schema\/person\/e2c2d05e978747818533fdce859a7799"},"breadcrumb":{"@id":"http:\/\/www.frederic-poitou.com\/blog\/gauche-contre-droite\/#breadcrumb"},"inLanguage":"fr-FR","potentialAction":[{"@type":"ReadAction","target":["http:\/\/www.frederic-poitou.com\/blog\/gauche-contre-droite\/"]}]},{"@type":"ImageObject","inLanguage":"fr-FR","@id":"http:\/\/www.frederic-poitou.com\/blog\/gauche-contre-droite\/#primaryimage","url":"http:\/\/www.frederic-poitou.com\/blog\/wp-content\/2016\/10\/sondage.jpeg","contentUrl":"http:\/\/www.frederic-poitou.com\/blog\/wp-content\/2016\/10\/sondage.jpeg","width":624,"height":623},{"@type":"BreadcrumbList","@id":"http:\/\/www.frederic-poitou.com\/blog\/gauche-contre-droite\/#breadcrumb","itemListElement":[{"@type":"ListItem","position":1,"name":"Accueil","item":"http:\/\/www.frederic-poitou.com\/blog\/"},{"@type":"ListItem","position":2,"name":"GAUCHE CONTRE DROITE ?"}]},{"@type":"WebSite","@id":"http:\/\/www.frederic-poitou.com\/blog\/#website","url":"http:\/\/www.frederic-poitou.com\/blog\/","name":"","description":"","potentialAction":[{"@type":"SearchAction","target":{"@type":"EntryPoint","urlTemplate":"http:\/\/www.frederic-poitou.com\/blog\/?s={search_term_string}"},"query-input":{"@type":"PropertyValueSpecification","valueRequired":true,"valueName":"search_term_string"}}],"inLanguage":"fr-FR"},{"@type":"Person","@id":"http:\/\/www.frederic-poitou.com\/blog\/#\/schema\/person\/e2c2d05e978747818533fdce859a7799","name":"Fr\u00e9d\u00e9ric Poitou","image":{"@type":"ImageObject","inLanguage":"fr-FR","@id":"http:\/\/www.frederic-poitou.com\/blog\/#\/schema\/person\/image\/","url":"https:\/\/secure.gravatar.com\/avatar\/1933bcca279a2feafd35d9e0a080c521e11beb51115fe4cfe02e2586ac13424a?s=96&d=mm&r=g","contentUrl":"https:\/\/secure.gravatar.com\/avatar\/1933bcca279a2feafd35d9e0a080c521e11beb51115fe4cfe02e2586ac13424a?s=96&d=mm&r=g","caption":"Fr\u00e9d\u00e9ric Poitou"},"description":"Fr\u00e9d\u00e9ric Poitou est n\u00e9 \u00e0 Rouen, et y a fait des \u00e9tudes au Conservatoire en musique-\u00e9tudes en section piano. Il s'est ensuite orient\u00e9 vers des \u00e9tudes scientifiques o\u00f9 il a obtenu un dipl\u00f4me d'ing\u00e9nieur, puis un doctorat en Chimie. Il est Expert Judiciaire en France, en Belgique et \u00e0 Luxembourg, et agr\u00e9e par les Institutions Europ\u00e9ennes.","sameAs":["http:\/\/www.frederic-poitou.com","https:\/\/www.linkedin.com\/in\/frederic-poitou-b045a025\/"]}]}},"_links":{"self":[{"href":"http:\/\/www.frederic-poitou.com\/blog\/wp-json\/wp\/v2\/posts\/6940","targetHints":{"allow":["GET"]}}],"collection":[{"href":"http:\/\/www.frederic-poitou.com\/blog\/wp-json\/wp\/v2\/posts"}],"about":[{"href":"http:\/\/www.frederic-poitou.com\/blog\/wp-json\/wp\/v2\/types\/post"}],"author":[{"embeddable":true,"href":"http:\/\/www.frederic-poitou.com\/blog\/wp-json\/wp\/v2\/users\/4"}],"replies":[{"embeddable":true,"href":"http:\/\/www.frederic-poitou.com\/blog\/wp-json\/wp\/v2\/comments?post=6940"}],"version-history":[{"count":1,"href":"http:\/\/www.frederic-poitou.com\/blog\/wp-json\/wp\/v2\/posts\/6940\/revisions"}],"predecessor-version":[{"id":10316,"href":"http:\/\/www.frederic-poitou.com\/blog\/wp-json\/wp\/v2\/posts\/6940\/revisions\/10316"}],"wp:featuredmedia":[{"embeddable":true,"href":"http:\/\/www.frederic-poitou.com\/blog\/wp-json\/wp\/v2\/media\/6942"}],"wp:attachment":[{"href":"http:\/\/www.frederic-poitou.com\/blog\/wp-json\/wp\/v2\/media?parent=6940"}],"wp:term":[{"taxonomy":"category","embeddable":true,"href":"http:\/\/www.frederic-poitou.com\/blog\/wp-json\/wp\/v2\/categories?post=6940"},{"taxonomy":"post_tag","embeddable":true,"href":"http:\/\/www.frederic-poitou.com\/blog\/wp-json\/wp\/v2\/tags?post=6940"}],"curies":[{"name":"wp","href":"https:\/\/api.w.org\/{rel}","templated":true}]}}