{"id":6936,"date":"2023-07-14T05:54:32","date_gmt":"2023-07-14T03:54:32","guid":{"rendered":"http:\/\/www.frederic-poitou.com\/blog\/?p=6936"},"modified":"2026-04-16T10:46:31","modified_gmt":"2026-04-16T08:46:31","slug":"populistes-verhofstadt-barnier","status":"publish","type":"post","link":"http:\/\/www.frederic-poitou.com\/blog\/populistes-verhofstadt-barnier\/","title":{"rendered":"LES POPULISTES, VERHOFSTADT ET BARNIER &#8230;"},"content":{"rendered":"<p>La peste brune rampante europhobe et populiste, dont le discours identitaire et souverainiste n&rsquo;a aucun sens &#8211; aucun &#8211; \u00e0 l&rsquo;heure des flux de r\u00e9seaux, d&rsquo;id\u00e9es, de population, de capitaux rendus possibles par le d\u00e9veloppement des outils de communication, internet en t\u00eate.<br \/>\nQu&rsquo;elle drape son discours haineux avec des slogans doucereux comme le fait Marine le Pen, plus nationaliste avec l&rsquo;UKIP en Grande-Bretagne, au Danemark avec le PPD, ou carr\u00e9ment nazillon avec l&rsquo;axe neerlando-autrichien de Geert Wilders et Heinz-Christian Strache, r\u00e9cemment rejoint par Viktor Orban, elle r\u00e9pand son fiel de destruction de l&rsquo;espace commun au rythme impos\u00e9 par Daesh via les coups de boutoir que repr\u00e9sentent les flux de migrants que nous n&rsquo;avons pas le courage de juguler.<\/p>\n<p>Alors, ils ne seront pas trop de deux, apposition de la fougue passionn\u00e9e et f\u00e9d\u00e9raliste du francophile Guy Verhofstadt pour le Parlement Europ\u00e9en et de la raison calme et d\u00e9termin\u00e9e du fran\u00e7ais Michel Barnier pour la Commission &#8211; le chouchou de Bruxelles, un vrai Gaulliste, donc europ\u00e9en &#8211; consid\u00e9r\u00e9 \u00e0 l&rsquo;\u00e9poque de la monnaie unique comme \u00ab\u00a0homme le plus dangereux d&rsquo;Europe\u00a0\u00bb pour contrer David Davis, d\u00e9sign\u00e9 par la Grande-Bretagne pour mener les n\u00e9gociations.<\/p>\n<p>Et si l&rsquo;Ecosse, voir l&rsquo;Irlande du Nord venait faire s\u00e9cession pour aider les deux premiers \u00e0 contenir les vell\u00e9it\u00e9s du troisi\u00e8me ?<\/p>\n<p>Comme le disait Barnier \u00ab<em>Nous n&rsquo;avons pas d&rsquo;autre option que d&rsquo;\u00eatre patriotes et europ\u00e9ens. C&rsquo;est le seul moyen de d\u00e9fendre notre mod\u00e8le de soci\u00e9t\u00e9 face \u00e0 des Etats qui sont presque tous des continents\u00bb. <\/em>Comme le d\u00e9clare souvent Verhostadt<em> \u00ab\u00a0l&rsquo;Europe sera f\u00e9d\u00e9rale ou ne sera pas. Le choix est aussi simple que \u00e7a<\/em>\u00ab\u00a0. Je pense humblement comme lui.<\/p>\n<p>Et si l&rsquo;Ecosse, voir l&rsquo;Irlande du Nord qui l&rsquo;ont d\u00e9j\u00e0 compris faisaient s\u00e9cession de la perfide Albion pour aider nos deux n\u00e9gociateurs \u00e0 contenir les r\u00e9sultats d&rsquo;un vote pour le Brexit, obtenu sur base d&rsquo;un \u00e9cran de mensonges ? D\u00e9j\u00e0 62% des britanniques (sondage Eudoxa confort\u00e9 par une p\u00e9tition de 3 millions de citoyens de sa gracieuse majest\u00e9) qui avaient mal \u00e9valu\u00e9 les cons\u00e9quences de leur vote demandent un nouveau r\u00e9f\u00e9rendum.<\/p>\n<p>@guyVerhostadt, @michelbarnier, @europe, #guyVerhostadt, #michelbarnier, #europe,<\/p>\n","protected":false},"excerpt":{"rendered":"<p>La peste brune rampante europhobe et populiste, dont le discours identitaire et souverainiste n&rsquo;a aucun sens &#8211; aucun &#8211; \u00e0 l&rsquo;heure des flux de r\u00e9seaux, d&rsquo;id\u00e9es, de population, de capitaux rendus possibles par le d\u00e9veloppement des outils de communication, internet &hellip; <a href=\"http:\/\/www.frederic-poitou.com\/blog\/populistes-verhofstadt-barnier\/\">Lire la suite\u00ad\u00ad<\/a><\/p>\n","protected":false},"author":4,"featured_media":6937,"comment_status":"closed","ping_status":"open","sticky":false,"template":"","format":"standard","meta":{"kt_blocks_editor_width":"","_exactmetrics_skip_tracking":false,"_exactmetrics_sitenote_active":false,"_exactmetrics_sitenote_note":"","_exactmetrics_sitenote_category":0,"footnotes":""},"categories":[51],"tags":[],"class_list":["post-6936","post","type-post","status-publish","format-standard","has-post-thumbnail","hentry","category-politique"],"yoast_head":"<!-- This site is optimized with the Yoast SEO plugin v27.1.1 - https:\/\/yoast.com\/product\/yoast-seo-wordpress\/ -->\n<title>LES POPULISTES, VERHOFSTADT ET BARNIER ... -<\/title>\n<meta name=\"robots\" content=\"index, follow, max-snippet:-1, max-image-preview:large, max-video-preview:-1\" \/>\n<link rel=\"canonical\" href=\"http:\/\/www.frederic-poitou.com\/blog\/populistes-verhofstadt-barnier\/\" \/>\n<meta property=\"og:locale\" content=\"fr_FR\" \/>\n<meta property=\"og:type\" content=\"article\" \/>\n<meta property=\"og:title\" content=\"LES POPULISTES, VERHOFSTADT ET BARNIER ... -\" \/>\n<meta property=\"og:description\" content=\"La peste brune rampante europhobe et populiste, dont le discours identitaire et souverainiste n&rsquo;a aucun sens &#8211; aucun &#8211; \u00e0 l&rsquo;heure des flux de r\u00e9seaux, d&rsquo;id\u00e9es, de population, de capitaux rendus possibles par le d\u00e9veloppement des outils de communication, internet &hellip; Lire la suite\u00ad\u00ad\" \/>\n<meta property=\"og:url\" content=\"http:\/\/www.frederic-poitou.com\/blog\/populistes-verhofstadt-barnier\/\" \/>\n<meta property=\"article:publisher\" content=\"https:\/\/www.facebook.com\/frederic.poitou\/\" \/>\n<meta property=\"article:published_time\" content=\"2023-07-14T03:54:32+00:00\" \/>\n<meta property=\"article:modified_time\" content=\"2026-04-16T08:46:31+00:00\" \/>\n<meta property=\"og:image\" content=\"http:\/\/www.frederic-poitou.com\/blog\/wp-content\/2016\/10\/affaires-publiques-lobbying-22.jpg\" \/>\n\t<meta property=\"og:image:width\" content=\"2048\" \/>\n\t<meta property=\"og:image:height\" content=\"1366\" \/>\n\t<meta property=\"og:image:type\" content=\"image\/jpeg\" \/>\n<meta name=\"author\" content=\"Fr\u00e9d\u00e9ric Poitou\" \/>\n<meta name=\"twitter:card\" content=\"summary_large_image\" \/>\n<meta name=\"twitter:creator\" content=\"@fredericpoitou\" \/>\n<meta name=\"twitter:site\" content=\"@fredericpoitou\" \/>\n<meta name=\"twitter:label1\" content=\"\u00c9crit par\" \/>\n\t<meta name=\"twitter:data1\" content=\"Fr\u00e9d\u00e9ric Poitou\" \/>\n\t<meta name=\"twitter:label2\" content=\"Dur\u00e9e de lecture estim\u00e9e\" \/>\n\t<meta name=\"twitter:data2\" content=\"2 minutes\" \/>\n<script type=\"application\/ld+json\" class=\"yoast-schema-graph\">{\"@context\":\"https:\/\/schema.org\",\"@graph\":[{\"@type\":\"Article\",\"@id\":\"http:\/\/www.frederic-poitou.com\/blog\/populistes-verhofstadt-barnier\/#article\",\"isPartOf\":{\"@id\":\"http:\/\/www.frederic-poitou.com\/blog\/populistes-verhofstadt-barnier\/\"},\"author\":{\"name\":\"Fr\u00e9d\u00e9ric Poitou\",\"@id\":\"http:\/\/www.frederic-poitou.com\/blog\/#\/schema\/person\/e2c2d05e978747818533fdce859a7799\"},\"headline\":\"LES POPULISTES, VERHOFSTADT ET BARNIER &#8230;\",\"datePublished\":\"2023-07-14T03:54:32+00:00\",\"dateModified\":\"2026-04-16T08:46:31+00:00\",\"mainEntityOfPage\":{\"@id\":\"http:\/\/www.frederic-poitou.com\/blog\/populistes-verhofstadt-barnier\/\"},\"wordCount\":405,\"image\":{\"@id\":\"http:\/\/www.frederic-poitou.com\/blog\/populistes-verhofstadt-barnier\/#primaryimage\"},\"thumbnailUrl\":\"http:\/\/www.frederic-poitou.com\/blog\/wp-content\/2016\/10\/affaires-publiques-lobbying-22.jpg\",\"articleSection\":[\"Politique\"],\"inLanguage\":\"fr-FR\"},{\"@type\":\"WebPage\",\"@id\":\"http:\/\/www.frederic-poitou.com\/blog\/populistes-verhofstadt-barnier\/\",\"url\":\"http:\/\/www.frederic-poitou.com\/blog\/populistes-verhofstadt-barnier\/\",\"name\":\"LES POPULISTES, VERHOFSTADT ET BARNIER ... -\",\"isPartOf\":{\"@id\":\"http:\/\/www.frederic-poitou.com\/blog\/#website\"},\"primaryImageOfPage\":{\"@id\":\"http:\/\/www.frederic-poitou.com\/blog\/populistes-verhofstadt-barnier\/#primaryimage\"},\"image\":{\"@id\":\"http:\/\/www.frederic-poitou.com\/blog\/populistes-verhofstadt-barnier\/#primaryimage\"},\"thumbnailUrl\":\"http:\/\/www.frederic-poitou.com\/blog\/wp-content\/2016\/10\/affaires-publiques-lobbying-22.jpg\",\"datePublished\":\"2023-07-14T03:54:32+00:00\",\"dateModified\":\"2026-04-16T08:46:31+00:00\",\"author\":{\"@id\":\"http:\/\/www.frederic-poitou.com\/blog\/#\/schema\/person\/e2c2d05e978747818533fdce859a7799\"},\"breadcrumb\":{\"@id\":\"http:\/\/www.frederic-poitou.com\/blog\/populistes-verhofstadt-barnier\/#breadcrumb\"},\"inLanguage\":\"fr-FR\",\"potentialAction\":[{\"@type\":\"ReadAction\",\"target\":[\"http:\/\/www.frederic-poitou.com\/blog\/populistes-verhofstadt-barnier\/\"]}]},{\"@type\":\"ImageObject\",\"inLanguage\":\"fr-FR\",\"@id\":\"http:\/\/www.frederic-poitou.com\/blog\/populistes-verhofstadt-barnier\/#primaryimage\",\"url\":\"http:\/\/www.frederic-poitou.com\/blog\/wp-content\/2016\/10\/affaires-publiques-lobbying-22.jpg\",\"contentUrl\":\"http:\/\/www.frederic-poitou.com\/blog\/wp-content\/2016\/10\/affaires-publiques-lobbying-22.jpg\",\"width\":2048,\"height\":1366},{\"@type\":\"BreadcrumbList\",\"@id\":\"http:\/\/www.frederic-poitou.com\/blog\/populistes-verhofstadt-barnier\/#breadcrumb\",\"itemListElement\":[{\"@type\":\"ListItem\",\"position\":1,\"name\":\"Accueil\",\"item\":\"http:\/\/www.frederic-poitou.com\/blog\/\"},{\"@type\":\"ListItem\",\"position\":2,\"name\":\"LES POPULISTES, VERHOFSTADT ET BARNIER &#8230;\"}]},{\"@type\":\"WebSite\",\"@id\":\"http:\/\/www.frederic-poitou.com\/blog\/#website\",\"url\":\"http:\/\/www.frederic-poitou.com\/blog\/\",\"name\":\"\",\"description\":\"\",\"potentialAction\":[{\"@type\":\"SearchAction\",\"target\":{\"@type\":\"EntryPoint\",\"urlTemplate\":\"http:\/\/www.frederic-poitou.com\/blog\/?s={search_term_string}\"},\"query-input\":{\"@type\":\"PropertyValueSpecification\",\"valueRequired\":true,\"valueName\":\"search_term_string\"}}],\"inLanguage\":\"fr-FR\"},{\"@type\":\"Person\",\"@id\":\"http:\/\/www.frederic-poitou.com\/blog\/#\/schema\/person\/e2c2d05e978747818533fdce859a7799\",\"name\":\"Fr\u00e9d\u00e9ric Poitou\",\"image\":{\"@type\":\"ImageObject\",\"inLanguage\":\"fr-FR\",\"@id\":\"http:\/\/www.frederic-poitou.com\/blog\/#\/schema\/person\/image\/\",\"url\":\"https:\/\/secure.gravatar.com\/avatar\/1933bcca279a2feafd35d9e0a080c521e11beb51115fe4cfe02e2586ac13424a?s=96&d=mm&r=g\",\"contentUrl\":\"https:\/\/secure.gravatar.com\/avatar\/1933bcca279a2feafd35d9e0a080c521e11beb51115fe4cfe02e2586ac13424a?s=96&d=mm&r=g\",\"caption\":\"Fr\u00e9d\u00e9ric Poitou\"},\"description\":\"Fr\u00e9d\u00e9ric Poitou est n\u00e9 \u00e0 Rouen, et y a fait des \u00e9tudes au Conservatoire en musique-\u00e9tudes en section piano. Il s'est ensuite orient\u00e9 vers des \u00e9tudes scientifiques o\u00f9 il a obtenu un dipl\u00f4me d'ing\u00e9nieur, puis un doctorat en Chimie. Il est Expert Judiciaire en France, en Belgique et \u00e0 Luxembourg, et agr\u00e9e par les Institutions Europ\u00e9ennes.\",\"sameAs\":[\"http:\/\/www.frederic-poitou.com\",\"https:\/\/www.linkedin.com\/in\/frederic-poitou-b045a025\/\"]}]}<\/script>\n<!-- \/ Yoast SEO plugin. -->","yoast_head_json":{"title":"LES POPULISTES, VERHOFSTADT ET BARNIER ... -","robots":{"index":"index","follow":"follow","max-snippet":"max-snippet:-1","max-image-preview":"max-image-preview:large","max-video-preview":"max-video-preview:-1"},"canonical":"http:\/\/www.frederic-poitou.com\/blog\/populistes-verhofstadt-barnier\/","og_locale":"fr_FR","og_type":"article","og_title":"LES POPULISTES, VERHOFSTADT ET BARNIER ... -","og_description":"La peste brune rampante europhobe et populiste, dont le discours identitaire et souverainiste n&rsquo;a aucun sens &#8211; aucun &#8211; \u00e0 l&rsquo;heure des flux de r\u00e9seaux, d&rsquo;id\u00e9es, de population, de capitaux rendus possibles par le d\u00e9veloppement des outils de communication, internet &hellip; Lire la suite\u00ad\u00ad","og_url":"http:\/\/www.frederic-poitou.com\/blog\/populistes-verhofstadt-barnier\/","article_publisher":"https:\/\/www.facebook.com\/frederic.poitou\/","article_published_time":"2023-07-14T03:54:32+00:00","article_modified_time":"2026-04-16T08:46:31+00:00","og_image":[{"width":2048,"height":1366,"url":"http:\/\/www.frederic-poitou.com\/blog\/wp-content\/2016\/10\/affaires-publiques-lobbying-22.jpg","type":"image\/jpeg"}],"author":"Fr\u00e9d\u00e9ric Poitou","twitter_card":"summary_large_image","twitter_creator":"@fredericpoitou","twitter_site":"@fredericpoitou","twitter_misc":{"\u00c9crit par":"Fr\u00e9d\u00e9ric Poitou","Dur\u00e9e de lecture estim\u00e9e":"2 minutes"},"schema":{"@context":"https:\/\/schema.org","@graph":[{"@type":"Article","@id":"http:\/\/www.frederic-poitou.com\/blog\/populistes-verhofstadt-barnier\/#article","isPartOf":{"@id":"http:\/\/www.frederic-poitou.com\/blog\/populistes-verhofstadt-barnier\/"},"author":{"name":"Fr\u00e9d\u00e9ric Poitou","@id":"http:\/\/www.frederic-poitou.com\/blog\/#\/schema\/person\/e2c2d05e978747818533fdce859a7799"},"headline":"LES POPULISTES, VERHOFSTADT ET BARNIER &#8230;","datePublished":"2023-07-14T03:54:32+00:00","dateModified":"2026-04-16T08:46:31+00:00","mainEntityOfPage":{"@id":"http:\/\/www.frederic-poitou.com\/blog\/populistes-verhofstadt-barnier\/"},"wordCount":405,"image":{"@id":"http:\/\/www.frederic-poitou.com\/blog\/populistes-verhofstadt-barnier\/#primaryimage"},"thumbnailUrl":"http:\/\/www.frederic-poitou.com\/blog\/wp-content\/2016\/10\/affaires-publiques-lobbying-22.jpg","articleSection":["Politique"],"inLanguage":"fr-FR"},{"@type":"WebPage","@id":"http:\/\/www.frederic-poitou.com\/blog\/populistes-verhofstadt-barnier\/","url":"http:\/\/www.frederic-poitou.com\/blog\/populistes-verhofstadt-barnier\/","name":"LES POPULISTES, VERHOFSTADT ET BARNIER ... -","isPartOf":{"@id":"http:\/\/www.frederic-poitou.com\/blog\/#website"},"primaryImageOfPage":{"@id":"http:\/\/www.frederic-poitou.com\/blog\/populistes-verhofstadt-barnier\/#primaryimage"},"image":{"@id":"http:\/\/www.frederic-poitou.com\/blog\/populistes-verhofstadt-barnier\/#primaryimage"},"thumbnailUrl":"http:\/\/www.frederic-poitou.com\/blog\/wp-content\/2016\/10\/affaires-publiques-lobbying-22.jpg","datePublished":"2023-07-14T03:54:32+00:00","dateModified":"2026-04-16T08:46:31+00:00","author":{"@id":"http:\/\/www.frederic-poitou.com\/blog\/#\/schema\/person\/e2c2d05e978747818533fdce859a7799"},"breadcrumb":{"@id":"http:\/\/www.frederic-poitou.com\/blog\/populistes-verhofstadt-barnier\/#breadcrumb"},"inLanguage":"fr-FR","potentialAction":[{"@type":"ReadAction","target":["http:\/\/www.frederic-poitou.com\/blog\/populistes-verhofstadt-barnier\/"]}]},{"@type":"ImageObject","inLanguage":"fr-FR","@id":"http:\/\/www.frederic-poitou.com\/blog\/populistes-verhofstadt-barnier\/#primaryimage","url":"http:\/\/www.frederic-poitou.com\/blog\/wp-content\/2016\/10\/affaires-publiques-lobbying-22.jpg","contentUrl":"http:\/\/www.frederic-poitou.com\/blog\/wp-content\/2016\/10\/affaires-publiques-lobbying-22.jpg","width":2048,"height":1366},{"@type":"BreadcrumbList","@id":"http:\/\/www.frederic-poitou.com\/blog\/populistes-verhofstadt-barnier\/#breadcrumb","itemListElement":[{"@type":"ListItem","position":1,"name":"Accueil","item":"http:\/\/www.frederic-poitou.com\/blog\/"},{"@type":"ListItem","position":2,"name":"LES POPULISTES, VERHOFSTADT ET BARNIER &#8230;"}]},{"@type":"WebSite","@id":"http:\/\/www.frederic-poitou.com\/blog\/#website","url":"http:\/\/www.frederic-poitou.com\/blog\/","name":"","description":"","potentialAction":[{"@type":"SearchAction","target":{"@type":"EntryPoint","urlTemplate":"http:\/\/www.frederic-poitou.com\/blog\/?s={search_term_string}"},"query-input":{"@type":"PropertyValueSpecification","valueRequired":true,"valueName":"search_term_string"}}],"inLanguage":"fr-FR"},{"@type":"Person","@id":"http:\/\/www.frederic-poitou.com\/blog\/#\/schema\/person\/e2c2d05e978747818533fdce859a7799","name":"Fr\u00e9d\u00e9ric Poitou","image":{"@type":"ImageObject","inLanguage":"fr-FR","@id":"http:\/\/www.frederic-poitou.com\/blog\/#\/schema\/person\/image\/","url":"https:\/\/secure.gravatar.com\/avatar\/1933bcca279a2feafd35d9e0a080c521e11beb51115fe4cfe02e2586ac13424a?s=96&d=mm&r=g","contentUrl":"https:\/\/secure.gravatar.com\/avatar\/1933bcca279a2feafd35d9e0a080c521e11beb51115fe4cfe02e2586ac13424a?s=96&d=mm&r=g","caption":"Fr\u00e9d\u00e9ric Poitou"},"description":"Fr\u00e9d\u00e9ric Poitou est n\u00e9 \u00e0 Rouen, et y a fait des \u00e9tudes au Conservatoire en musique-\u00e9tudes en section piano. Il s'est ensuite orient\u00e9 vers des \u00e9tudes scientifiques o\u00f9 il a obtenu un dipl\u00f4me d'ing\u00e9nieur, puis un doctorat en Chimie. Il est Expert Judiciaire en France, en Belgique et \u00e0 Luxembourg, et agr\u00e9e par les Institutions Europ\u00e9ennes.","sameAs":["http:\/\/www.frederic-poitou.com","https:\/\/www.linkedin.com\/in\/frederic-poitou-b045a025\/"]}]}},"_links":{"self":[{"href":"http:\/\/www.frederic-poitou.com\/blog\/wp-json\/wp\/v2\/posts\/6936","targetHints":{"allow":["GET"]}}],"collection":[{"href":"http:\/\/www.frederic-poitou.com\/blog\/wp-json\/wp\/v2\/posts"}],"about":[{"href":"http:\/\/www.frederic-poitou.com\/blog\/wp-json\/wp\/v2\/types\/post"}],"author":[{"embeddable":true,"href":"http:\/\/www.frederic-poitou.com\/blog\/wp-json\/wp\/v2\/users\/4"}],"replies":[{"embeddable":true,"href":"http:\/\/www.frederic-poitou.com\/blog\/wp-json\/wp\/v2\/comments?post=6936"}],"version-history":[{"count":1,"href":"http:\/\/www.frederic-poitou.com\/blog\/wp-json\/wp\/v2\/posts\/6936\/revisions"}],"predecessor-version":[{"id":10318,"href":"http:\/\/www.frederic-poitou.com\/blog\/wp-json\/wp\/v2\/posts\/6936\/revisions\/10318"}],"wp:featuredmedia":[{"embeddable":true,"href":"http:\/\/www.frederic-poitou.com\/blog\/wp-json\/wp\/v2\/media\/6937"}],"wp:attachment":[{"href":"http:\/\/www.frederic-poitou.com\/blog\/wp-json\/wp\/v2\/media?parent=6936"}],"wp:term":[{"taxonomy":"category","embeddable":true,"href":"http:\/\/www.frederic-poitou.com\/blog\/wp-json\/wp\/v2\/categories?post=6936"},{"taxonomy":"post_tag","embeddable":true,"href":"http:\/\/www.frederic-poitou.com\/blog\/wp-json\/wp\/v2\/tags?post=6936"}],"curies":[{"name":"wp","href":"https:\/\/api.w.org\/{rel}","templated":true}]}}